{"id":69550,"date":"2025-11-08T10:59:45","date_gmt":"2025-11-08T16:59:45","guid":{"rendered":"https:\/\/www.bbmnoticias.com\/labravaradiofm\/2025\/11\/08\/vecinas-y-vecinos-de-san-martin-mexicapam-se-suman-al-tequio-vecinal-para-fortalecer-su-entorno\/"},"modified":"2025-11-08T11:00:15","modified_gmt":"2025-11-08T17:00:15","slug":"vecinas-y-vecinos-de-san-martin-mexicapam-se-suman-al-tequio-vecinal-para-fortalecer-su-entorno","status":"publish","type":"post","link":"https:\/\/www.bbmnoticias.com\/labravaradiofm\/2025\/11\/08\/vecinas-y-vecinos-de-san-martin-mexicapam-se-suman-al-tequio-vecinal-para-fortalecer-su-entorno\/","title":{"rendered":"Vecinas y vecinos de San Mart\u00edn Mexic\u00e1pam se suman al Tequio Vecinal para fortalecer su entorno"},"content":{"rendered":"<div style=\"margin-top: 0px; margin-bottom: 0px;\" class=\"sharethis-inline-share-buttons\" ><\/div>\n<p>Oaxaca de Ju\u00e1rez, Oax.-Con energ\u00eda y trabajo colectivo, vecinas y vecinos de San Mart\u00edn Mexic\u00e1pam participaron en una nueva jornada de Tequios Vecinales, impulsada por el gobierno de Ray Chagoya a trav\u00e9s de la Secretar\u00eda de Bienestar y Tequios Vecinales.<\/p>\n\n\n\n<p>Desde temprana hora, habitantes de la colonia Jardines se reunieron en la Cerrada de Lirios para realizar acciones de limpieza, mejoramiento y mantenimiento de espacios comunes, reafirmando el esp\u00edritu solidario que caracteriza a la capital.<\/p>\n\n\n\n<p>Estas jornadas promueven la participaci\u00f3n ciudadana como base de la transformaci\u00f3n social, fomentando el cuidado del entorno y la corresponsabilidad entre gobierno y ciudadan\u00eda.<\/p>\n\n\n\n<p>Bajo la consigna \u201cQue siga la energ\u00eda\u201d, los Tequios Vecinales contin\u00faan consolid\u00e1ndose como un eje prioritario del municipio, fortaleciendo el tejido social y demostrando que la transformaci\u00f3n de Oaxaca se construye desde cada colonia y agencia.<\/p>\n","protected":false},"excerpt":{"rendered":"<p>Oaxaca de Ju\u00e1rez, Oax.-Con energ\u00eda y trabajo colectivo, vecinas y vecinos de San Mart\u00edn Mexic\u00e1pam participaron en una nueva jornada de Tequios Vecinales, impulsada por el gobierno de Ray Chagoya a trav\u00e9s de la Secretar\u00eda de Bienestar y Tequios Vecinales. Desde temprana hora, habitantes de la colonia Jardines se reunieron en la Cerrada de Lirios [&hellip;]<\/p>\n","protected":false},"author":2,"featured_media":69552,"comment_status":"closed","ping_status":"","sticky":false,"template":"","format":"standard","meta":{"footnotes":""},"categories":[2],"tags":[],"class_list":{"0":"post-69550","1":"post","2":"type-post","3":"status-publish","4":"format-standard","5":"has-post-thumbnail","7":"category-oaxaca"},"yoast_head":"<!-- This site is optimized with the Yoast SEO plugin v27.4 - https:\/\/yoast.com\/product\/yoast-seo-wordpress\/ -->\n<title>Vecinas y vecinos de San Mart\u00edn Mexic\u00e1pam se suman al Tequio Vecinal para fortalecer su entorno - LA BRAVA RADIO<\/title>\n<meta name=\"robots\" content=\"index, follow, max-snippet:-1, max-image-preview:large, max-video-preview:-1\" \/>\n<link rel=\"canonical\" href=\"https:\/\/www.bbmnoticias.com\/vecinas-y-vecinos-de-san-martin-mexicapam-se-suman-al-tequio-vecinal-para-fortalecer-su-entorno\/\" \/>\n<meta property=\"og:locale\" content=\"es_MX\" \/>\n<meta property=\"og:type\" content=\"article\" \/>\n<meta property=\"og:title\" content=\"Vecinas y vecinos de San Mart\u00edn Mexic\u00e1pam se suman al Tequio Vecinal para fortalecer su entorno - LA BRAVA RADIO\" \/>\n<meta property=\"og:description\" content=\"Oaxaca de Ju\u00e1rez, Oax.-Con energ\u00eda y trabajo colectivo, vecinas y vecinos de San Mart\u00edn Mexic\u00e1pam participaron en una nueva jornada de Tequios Vecinales, impulsada por el gobierno de Ray Chagoya a trav\u00e9s de la Secretar\u00eda de Bienestar y Tequios Vecinales. Desde temprana hora, habitantes de la colonia Jardines se reunieron en la Cerrada de Lirios [&hellip;]\" \/>\n<meta property=\"og:url\" content=\"https:\/\/www.bbmnoticias.com\/vecinas-y-vecinos-de-san-martin-mexicapam-se-suman-al-tequio-vecinal-para-fortalecer-su-entorno\/\" \/>\n<meta property=\"og:site_name\" content=\"LA BRAVA RADIO\" \/>\n<meta property=\"article:published_time\" content=\"2025-11-08T16:59:45+00:00\" \/>\n<meta property=\"article:modified_time\" content=\"2025-11-08T17:00:15+00:00\" \/>\n<meta property=\"og:image\" content=\"https:\/\/www.bbmnoticias.com\/labravaradiofm\/wp-content\/uploads\/sites\/5\/2025\/11\/vecinos_san_martin.jpg\" \/>\n\t<meta property=\"og:image:width\" content=\"800\" \/>\n\t<meta property=\"og:image:height\" content=\"533\" \/>\n\t<meta property=\"og:image:type\" content=\"image\/jpeg\" \/>\n<meta name=\"author\" content=\"Staff\" \/>\n<meta name=\"twitter:card\" content=\"summary_large_image\" \/>\n<meta name=\"twitter:label1\" content=\"Escrito por\" \/>\n\t<meta name=\"twitter:data1\" content=\"Staff\" \/>\n\t<meta name=\"twitter:label2\" content=\"Tiempo de lectura\" \/>\n\t<meta name=\"twitter:data2\" content=\"1 minuto\" \/>\n<script type=\"application\/ld+json\" class=\"yoast-schema-graph\">{\"@context\":\"https:\\\/\\\/schema.org\",\"@graph\":[{\"@type\":\"Article\",\"@id\":\"https:\\\/\\\/www.bbmnoticias.com\\\/vecinas-y-vecinos-de-san-martin-mexicapam-se-suman-al-tequio-vecinal-para-fortalecer-su-entorno\\\/#article\",\"isPartOf\":{\"@id\":\"https:\\\/\\\/www.bbmnoticias.com\\\/labravaradiofm\\\/2025\\\/11\\\/08\\\/vecinas-y-vecinos-de-san-martin-mexicapam-se-suman-al-tequio-vecinal-para-fortalecer-su-entorno\\\/\"},\"author\":{\"name\":\"Staff\",\"@id\":\"https:\\\/\\\/www.bbmnoticias.com\\\/labravaradiofm\\\/#\\\/schema\\\/person\\\/34b139c617a70ea5bef5678bffe4dd7b\"},\"headline\":\"Vecinas y vecinos de San Mart\u00edn Mexic\u00e1pam se suman al Tequio Vecinal para fortalecer su entorno\",\"datePublished\":\"2025-11-08T16:59:45+00:00\",\"dateModified\":\"2025-11-08T17:00:15+00:00\",\"mainEntityOfPage\":{\"@id\":\"https:\\\/\\\/www.bbmnoticias.com\\\/labravaradiofm\\\/2025\\\/11\\\/08\\\/vecinas-y-vecinos-de-san-martin-mexicapam-se-suman-al-tequio-vecinal-para-fortalecer-su-entorno\\\/\"},\"wordCount\":168,\"image\":{\"@id\":\"https:\\\/\\\/www.bbmnoticias.com\\\/vecinas-y-vecinos-de-san-martin-mexicapam-se-suman-al-tequio-vecinal-para-fortalecer-su-entorno\\\/#primaryimage\"},\"thumbnailUrl\":\"https:\\\/\\\/www.bbmnoticias.com\\\/labravaradiofm\\\/wp-content\\\/uploads\\\/sites\\\/5\\\/2025\\\/11\\\/vecinos_san_martin.jpg\",\"articleSection\":[\"LOCAL\"],\"inLanguage\":\"es\"},{\"@type\":\"WebPage\",\"@id\":\"https:\\\/\\\/www.bbmnoticias.com\\\/labravaradiofm\\\/2025\\\/11\\\/08\\\/vecinas-y-vecinos-de-san-martin-mexicapam-se-suman-al-tequio-vecinal-para-fortalecer-su-entorno\\\/\",\"url\":\"https:\\\/\\\/www.bbmnoticias.com\\\/vecinas-y-vecinos-de-san-martin-mexicapam-se-suman-al-tequio-vecinal-para-fortalecer-su-entorno\\\/\",\"name\":\"Vecinas y vecinos de San Mart\u00edn Mexic\u00e1pam se suman al Tequio Vecinal para fortalecer su entorno - LA BRAVA RADIO\",\"isPartOf\":{\"@id\":\"https:\\\/\\\/www.bbmnoticias.com\\\/labravaradiofm\\\/#website\"},\"primaryImageOfPage\":{\"@id\":\"https:\\\/\\\/www.bbmnoticias.com\\\/vecinas-y-vecinos-de-san-martin-mexicapam-se-suman-al-tequio-vecinal-para-fortalecer-su-entorno\\\/#primaryimage\"},\"image\":{\"@id\":\"https:\\\/\\\/www.bbmnoticias.com\\\/vecinas-y-vecinos-de-san-martin-mexicapam-se-suman-al-tequio-vecinal-para-fortalecer-su-entorno\\\/#primaryimage\"},\"thumbnailUrl\":\"https:\\\/\\\/www.bbmnoticias.com\\\/labravaradiofm\\\/wp-content\\\/uploads\\\/sites\\\/5\\\/2025\\\/11\\\/vecinos_san_martin.jpg\",\"datePublished\":\"2025-11-08T16:59:45+00:00\",\"dateModified\":\"2025-11-08T17:00:15+00:00\",\"author\":{\"@id\":\"https:\\\/\\\/www.bbmnoticias.com\\\/labravaradiofm\\\/#\\\/schema\\\/person\\\/34b139c617a70ea5bef5678bffe4dd7b\"},\"breadcrumb\":{\"@id\":\"https:\\\/\\\/www.bbmnoticias.com\\\/vecinas-y-vecinos-de-san-martin-mexicapam-se-suman-al-tequio-vecinal-para-fortalecer-su-entorno\\\/#breadcrumb\"},\"inLanguage\":\"es\",\"potentialAction\":[{\"@type\":\"ReadAction\",\"target\":[\"https:\\\/\\\/www.bbmnoticias.com\\\/vecinas-y-vecinos-de-san-martin-mexicapam-se-suman-al-tequio-vecinal-para-fortalecer-su-entorno\\\/\"]}]},{\"@type\":\"ImageObject\",\"inLanguage\":\"es\",\"@id\":\"https:\\\/\\\/www.bbmnoticias.com\\\/vecinas-y-vecinos-de-san-martin-mexicapam-se-suman-al-tequio-vecinal-para-fortalecer-su-entorno\\\/#primaryimage\",\"url\":\"https:\\\/\\\/www.bbmnoticias.com\\\/labravaradiofm\\\/wp-content\\\/uploads\\\/sites\\\/5\\\/2025\\\/11\\\/vecinos_san_martin.jpg\",\"contentUrl\":\"https:\\\/\\\/www.bbmnoticias.com\\\/labravaradiofm\\\/wp-content\\\/uploads\\\/sites\\\/5\\\/2025\\\/11\\\/vecinos_san_martin.jpg\",\"width\":800,\"height\":533},{\"@type\":\"BreadcrumbList\",\"@id\":\"https:\\\/\\\/www.bbmnoticias.com\\\/vecinas-y-vecinos-de-san-martin-mexicapam-se-suman-al-tequio-vecinal-para-fortalecer-su-entorno\\\/#breadcrumb\",\"itemListElement\":[{\"@type\":\"ListItem\",\"position\":1,\"name\":\"Inicio\",\"item\":\"https:\\\/\\\/www.bbmnoticias.com\\\/labravaradiofm\\\/\"},{\"@type\":\"ListItem\",\"position\":2,\"name\":\"Vecinas y vecinos de San Mart\u00edn Mexic\u00e1pam se suman al Tequio Vecinal para fortalecer su entorno\"}]},{\"@type\":\"WebSite\",\"@id\":\"https:\\\/\\\/www.bbmnoticias.com\\\/labravaradiofm\\\/#website\",\"url\":\"https:\\\/\\\/www.bbmnoticias.com\\\/labravaradiofm\\\/\",\"name\":\"LA BRAVA RADIO\",\"description\":\"Empresa productora de medios, Radiodifusi\u00f3n, Noticias, tendencias y todo lo que necesitas saber de la pol\u00edtica mexicana e internacional; entretenimiento, espect\u00e1culos, salud y mucho m\u00e1s.\",\"potentialAction\":[{\"@type\":\"SearchAction\",\"target\":{\"@type\":\"EntryPoint\",\"urlTemplate\":\"https:\\\/\\\/www.bbmnoticias.com\\\/labravaradiofm\\\/?s={search_term_string}\"},\"query-input\":{\"@type\":\"PropertyValueSpecification\",\"valueRequired\":true,\"valueName\":\"search_term_string\"}}],\"inLanguage\":\"es\"},{\"@type\":\"Person\",\"@id\":\"https:\\\/\\\/www.bbmnoticias.com\\\/labravaradiofm\\\/#\\\/schema\\\/person\\\/34b139c617a70ea5bef5678bffe4dd7b\",\"name\":\"Staff\",\"image\":{\"@type\":\"ImageObject\",\"inLanguage\":\"es\",\"@id\":\"https:\\\/\\\/secure.gravatar.com\\\/avatar\\\/fdd21ad66fd8b98c407f9dee5b5e588cfe7f0d8579ec20fa6527cd59bab7f0f0?s=96&d=mm&r=g\",\"url\":\"https:\\\/\\\/secure.gravatar.com\\\/avatar\\\/fdd21ad66fd8b98c407f9dee5b5e588cfe7f0d8579ec20fa6527cd59bab7f0f0?s=96&d=mm&r=g\",\"contentUrl\":\"https:\\\/\\\/secure.gravatar.com\\\/avatar\\\/fdd21ad66fd8b98c407f9dee5b5e588cfe7f0d8579ec20fa6527cd59bab7f0f0?s=96&d=mm&r=g\",\"caption\":\"Staff\"},\"url\":\"https:\\\/\\\/www.bbmnoticias.com\\\/labravaradiofm\\\/author\\\/redaccion\\\/\"}]}<\/script>\n<!-- \/ Yoast SEO plugin. -->","yoast_head_json":{"title":"Vecinas y vecinos de San Mart\u00edn Mexic\u00e1pam se suman al Tequio Vecinal para fortalecer su entorno - LA BRAVA RADIO","robots":{"index":"index","follow":"follow","max-snippet":"max-snippet:-1","max-image-preview":"max-image-preview:large","max-video-preview":"max-video-preview:-1"},"canonical":"https:\/\/www.bbmnoticias.com\/vecinas-y-vecinos-de-san-martin-mexicapam-se-suman-al-tequio-vecinal-para-fortalecer-su-entorno\/","og_locale":"es_MX","og_type":"article","og_title":"Vecinas y vecinos de San Mart\u00edn Mexic\u00e1pam se suman al Tequio Vecinal para fortalecer su entorno - LA BRAVA RADIO","og_description":"Oaxaca de Ju\u00e1rez, Oax.-Con energ\u00eda y trabajo colectivo, vecinas y vecinos de San Mart\u00edn Mexic\u00e1pam participaron en una nueva jornada de Tequios Vecinales, impulsada por el gobierno de Ray Chagoya a trav\u00e9s de la Secretar\u00eda de Bienestar y Tequios Vecinales. Desde temprana hora, habitantes de la colonia Jardines se reunieron en la Cerrada de Lirios [&hellip;]","og_url":"https:\/\/www.bbmnoticias.com\/vecinas-y-vecinos-de-san-martin-mexicapam-se-suman-al-tequio-vecinal-para-fortalecer-su-entorno\/","og_site_name":"LA BRAVA RADIO","article_published_time":"2025-11-08T16:59:45+00:00","article_modified_time":"2025-11-08T17:00:15+00:00","og_image":[{"width":800,"height":533,"url":"https:\/\/www.bbmnoticias.com\/labravaradiofm\/wp-content\/uploads\/sites\/5\/2025\/11\/vecinos_san_martin.jpg","type":"image\/jpeg"}],"author":"Staff","twitter_card":"summary_large_image","twitter_misc":{"Escrito por":"Staff","Tiempo de lectura":"1 minuto"},"schema":{"@context":"https:\/\/schema.org","@graph":[{"@type":"Article","@id":"https:\/\/www.bbmnoticias.com\/vecinas-y-vecinos-de-san-martin-mexicapam-se-suman-al-tequio-vecinal-para-fortalecer-su-entorno\/#article","isPartOf":{"@id":"https:\/\/www.bbmnoticias.com\/labravaradiofm\/2025\/11\/08\/vecinas-y-vecinos-de-san-martin-mexicapam-se-suman-al-tequio-vecinal-para-fortalecer-su-entorno\/"},"author":{"name":"Staff","@id":"https:\/\/www.bbmnoticias.com\/labravaradiofm\/#\/schema\/person\/34b139c617a70ea5bef5678bffe4dd7b"},"headline":"Vecinas y vecinos de San Mart\u00edn Mexic\u00e1pam se suman al Tequio Vecinal para fortalecer su entorno","datePublished":"2025-11-08T16:59:45+00:00","dateModified":"2025-11-08T17:00:15+00:00","mainEntityOfPage":{"@id":"https:\/\/www.bbmnoticias.com\/labravaradiofm\/2025\/11\/08\/vecinas-y-vecinos-de-san-martin-mexicapam-se-suman-al-tequio-vecinal-para-fortalecer-su-entorno\/"},"wordCount":168,"image":{"@id":"https:\/\/www.bbmnoticias.com\/vecinas-y-vecinos-de-san-martin-mexicapam-se-suman-al-tequio-vecinal-para-fortalecer-su-entorno\/#primaryimage"},"thumbnailUrl":"https:\/\/www.bbmnoticias.com\/labravaradiofm\/wp-content\/uploads\/sites\/5\/2025\/11\/vecinos_san_martin.jpg","articleSection":["LOCAL"],"inLanguage":"es"},{"@type":"WebPage","@id":"https:\/\/www.bbmnoticias.com\/labravaradiofm\/2025\/11\/08\/vecinas-y-vecinos-de-san-martin-mexicapam-se-suman-al-tequio-vecinal-para-fortalecer-su-entorno\/","url":"https:\/\/www.bbmnoticias.com\/vecinas-y-vecinos-de-san-martin-mexicapam-se-suman-al-tequio-vecinal-para-fortalecer-su-entorno\/","name":"Vecinas y vecinos de San Mart\u00edn Mexic\u00e1pam se suman al Tequio Vecinal para fortalecer su entorno - LA BRAVA RADIO","isPartOf":{"@id":"https:\/\/www.bbmnoticias.com\/labravaradiofm\/#website"},"primaryImageOfPage":{"@id":"https:\/\/www.bbmnoticias.com\/vecinas-y-vecinos-de-san-martin-mexicapam-se-suman-al-tequio-vecinal-para-fortalecer-su-entorno\/#primaryimage"},"image":{"@id":"https:\/\/www.bbmnoticias.com\/vecinas-y-vecinos-de-san-martin-mexicapam-se-suman-al-tequio-vecinal-para-fortalecer-su-entorno\/#primaryimage"},"thumbnailUrl":"https:\/\/www.bbmnoticias.com\/labravaradiofm\/wp-content\/uploads\/sites\/5\/2025\/11\/vecinos_san_martin.jpg","datePublished":"2025-11-08T16:59:45+00:00","dateModified":"2025-11-08T17:00:15+00:00","author":{"@id":"https:\/\/www.bbmnoticias.com\/labravaradiofm\/#\/schema\/person\/34b139c617a70ea5bef5678bffe4dd7b"},"breadcrumb":{"@id":"https:\/\/www.bbmnoticias.com\/vecinas-y-vecinos-de-san-martin-mexicapam-se-suman-al-tequio-vecinal-para-fortalecer-su-entorno\/#breadcrumb"},"inLanguage":"es","potentialAction":[{"@type":"ReadAction","target":["https:\/\/www.bbmnoticias.com\/vecinas-y-vecinos-de-san-martin-mexicapam-se-suman-al-tequio-vecinal-para-fortalecer-su-entorno\/"]}]},{"@type":"ImageObject","inLanguage":"es","@id":"https:\/\/www.bbmnoticias.com\/vecinas-y-vecinos-de-san-martin-mexicapam-se-suman-al-tequio-vecinal-para-fortalecer-su-entorno\/#primaryimage","url":"https:\/\/www.bbmnoticias.com\/labravaradiofm\/wp-content\/uploads\/sites\/5\/2025\/11\/vecinos_san_martin.jpg","contentUrl":"https:\/\/www.bbmnoticias.com\/labravaradiofm\/wp-content\/uploads\/sites\/5\/2025\/11\/vecinos_san_martin.jpg","width":800,"height":533},{"@type":"BreadcrumbList","@id":"https:\/\/www.bbmnoticias.com\/vecinas-y-vecinos-de-san-martin-mexicapam-se-suman-al-tequio-vecinal-para-fortalecer-su-entorno\/#breadcrumb","itemListElement":[{"@type":"ListItem","position":1,"name":"Inicio","item":"https:\/\/www.bbmnoticias.com\/labravaradiofm\/"},{"@type":"ListItem","position":2,"name":"Vecinas y vecinos de San Mart\u00edn Mexic\u00e1pam se suman al Tequio Vecinal para fortalecer su entorno"}]},{"@type":"WebSite","@id":"https:\/\/www.bbmnoticias.com\/labravaradiofm\/#website","url":"https:\/\/www.bbmnoticias.com\/labravaradiofm\/","name":"LA BRAVA RADIO","description":"Empresa productora de medios, Radiodifusi\u00f3n, Noticias, tendencias y todo lo que necesitas saber de la pol\u00edtica mexicana e internacional; entretenimiento, espect\u00e1culos, salud y mucho m\u00e1s.","potentialAction":[{"@type":"SearchAction","target":{"@type":"EntryPoint","urlTemplate":"https:\/\/www.bbmnoticias.com\/labravaradiofm\/?s={search_term_string}"},"query-input":{"@type":"PropertyValueSpecification","valueRequired":true,"valueName":"search_term_string"}}],"inLanguage":"es"},{"@type":"Person","@id":"https:\/\/www.bbmnoticias.com\/labravaradiofm\/#\/schema\/person\/34b139c617a70ea5bef5678bffe4dd7b","name":"Staff","image":{"@type":"ImageObject","inLanguage":"es","@id":"https:\/\/secure.gravatar.com\/avatar\/fdd21ad66fd8b98c407f9dee5b5e588cfe7f0d8579ec20fa6527cd59bab7f0f0?s=96&d=mm&r=g","url":"https:\/\/secure.gravatar.com\/avatar\/fdd21ad66fd8b98c407f9dee5b5e588cfe7f0d8579ec20fa6527cd59bab7f0f0?s=96&d=mm&r=g","contentUrl":"https:\/\/secure.gravatar.com\/avatar\/fdd21ad66fd8b98c407f9dee5b5e588cfe7f0d8579ec20fa6527cd59bab7f0f0?s=96&d=mm&r=g","caption":"Staff"},"url":"https:\/\/www.bbmnoticias.com\/labravaradiofm\/author\/redaccion\/"}]}},"_links":{"self":[{"href":"https:\/\/www.bbmnoticias.com\/labravaradiofm\/wp-json\/wp\/v2\/posts\/69550","targetHints":{"allow":["GET"]}}],"collection":[{"href":"https:\/\/www.bbmnoticias.com\/labravaradiofm\/wp-json\/wp\/v2\/posts"}],"about":[{"href":"https:\/\/www.bbmnoticias.com\/labravaradiofm\/wp-json\/wp\/v2\/types\/post"}],"author":[{"embeddable":true,"href":"https:\/\/www.bbmnoticias.com\/labravaradiofm\/wp-json\/wp\/v2\/users\/2"}],"replies":[{"embeddable":true,"href":"https:\/\/www.bbmnoticias.com\/labravaradiofm\/wp-json\/wp\/v2\/comments?post=69550"}],"version-history":[{"count":0,"href":"https:\/\/www.bbmnoticias.com\/labravaradiofm\/wp-json\/wp\/v2\/posts\/69550\/revisions"}],"wp:featuredmedia":[{"embeddable":true,"href":"https:\/\/www.bbmnoticias.com\/labravaradiofm\/wp-json\/wp\/v2\/media\/69552"}],"wp:attachment":[{"href":"https:\/\/www.bbmnoticias.com\/labravaradiofm\/wp-json\/wp\/v2\/media?parent=69550"}],"wp:term":[{"taxonomy":"category","embeddable":true,"href":"https:\/\/www.bbmnoticias.com\/labravaradiofm\/wp-json\/wp\/v2\/categories?post=69550"},{"taxonomy":"post_tag","embeddable":true,"href":"https:\/\/www.bbmnoticias.com\/labravaradiofm\/wp-json\/wp\/v2\/tags?post=69550"}],"curies":[{"name":"wp","href":"https:\/\/api.w.org\/{rel}","templated":true}]}}