{"id":69538,"date":"2025-11-07T19:27:18","date_gmt":"2025-11-08T01:27:18","guid":{"rendered":"https:\/\/www.bbmnoticias.com\/labravaradiofm\/2025\/11\/07\/arranca-sso-jornada-de-evaluaciones-para-cirugia-de-labio-y-paladar-hendido-en-oaxaca\/"},"modified":"2025-11-07T19:27:22","modified_gmt":"2025-11-08T01:27:22","slug":"arranca-sso-jornada-de-evaluaciones-para-cirugia-de-labio-y-paladar-hendido-en-oaxaca","status":"publish","type":"post","link":"https:\/\/www.bbmnoticias.com\/labravaradiofm\/2025\/11\/07\/arranca-sso-jornada-de-evaluaciones-para-cirugia-de-labio-y-paladar-hendido-en-oaxaca\/","title":{"rendered":"Arranca SSO Jornada de Evaluaciones para Cirug\u00eda de Labio y Paladar Hendido en Oaxaca"},"content":{"rendered":"<div style=\"margin-top: 0px; margin-bottom: 0px;\" class=\"sharethis-inline-share-buttons\" ><\/div>\n<p>Oaxaca de Ju\u00e1rez, Oax.- La Jornada de Evaluaciones para Cirug\u00eda de Labio y Paladar Hendido (LPH), encabezada por el titular de Servicios de Salud de Oaxaca (SSO), Efr\u00e9n Emmanuel Jarqu\u00edn Gonz\u00e1lez; logr\u00f3 atender a 34 pacientes de escasos recursos, quienes ser\u00e1n valorados para acceder a cirug\u00edas reconstructivas y atenci\u00f3n integral.<\/p>\n\n\n\n<p>\u201cEsta jornada representa mucho m\u00e1s que una intervenci\u00f3n m\u00e9dica, es un acto de amor, de compromiso social y de justicia para quienes han sido invisibilizados por las barreras econ\u00f3micas y de acceso a la salud\u201d \u00b8expres\u00f3 en la ceremonia inaugural.<\/p>\n\n\n\n<p>Destac\u00f3 que la salud no es un privilegio, sino un derecho, y que estas acciones reafirman la visi\u00f3n del Gobierno del Estado de llevar atenci\u00f3n m\u00e9dica especializada a las poblaciones m\u00e1s vulnerables. \u201cCada ni\u00f1a y cada ni\u00f1o merece no solo una cirug\u00eda, sino una oportunidad real de transformar su vida y la de su familia\u201d, subray\u00f3.<\/p>\n\n\n\n<p>De esta manera reconoci\u00f3 la colaboraci\u00f3n con la Facultad de Odontolog\u00eda de la Universidad Aut\u00f3noma \u201cBenito Ju\u00e1rez\u201d de Oaxaca (UABJO), la Universidad Regional del Sureste (URSE), el Sistema Estatal para el Desarrollo Integral de la Familia (DIF) Oaxaca y el equipo de m\u00e9dicos altruistas; en esta estrategia que une ciencia, vocaci\u00f3n y compromiso por la salud de la ni\u00f1ez oaxaque\u00f1a.<\/p>\n","protected":false},"excerpt":{"rendered":"<p>Oaxaca de Ju\u00e1rez, Oax.- La Jornada de Evaluaciones para Cirug\u00eda de Labio y Paladar Hendido (LPH), encabezada por el titular de Servicios de Salud de Oaxaca (SSO), Efr\u00e9n Emmanuel Jarqu\u00edn Gonz\u00e1lez; logr\u00f3 atender a 34 pacientes de escasos recursos, quienes ser\u00e1n valorados para acceder a cirug\u00edas reconstructivas y atenci\u00f3n integral. \u201cEsta jornada representa mucho m\u00e1s [&hellip;]<\/p>\n","protected":false},"author":2,"featured_media":69540,"comment_status":"closed","ping_status":"","sticky":false,"template":"","format":"standard","meta":{"footnotes":""},"categories":[2],"tags":[],"class_list":{"0":"post-69538","1":"post","2":"type-post","3":"status-publish","4":"format-standard","5":"has-post-thumbnail","7":"category-oaxaca"},"yoast_head":"<!-- This site is optimized with the Yoast SEO plugin v27.4 - https:\/\/yoast.com\/product\/yoast-seo-wordpress\/ -->\n<title>Arranca SSO Jornada de Evaluaciones para Cirug\u00eda de Labio y Paladar Hendido en Oaxaca - LA BRAVA RADIO<\/title>\n<meta name=\"robots\" content=\"index, follow, max-snippet:-1, max-image-preview:large, max-video-preview:-1\" \/>\n<link rel=\"canonical\" href=\"https:\/\/www.bbmnoticias.com\/arranca-sso-jornada-de-evaluaciones-para-cirugia-de-labio-y-paladar-hendido-en-oaxaca\/\" \/>\n<meta property=\"og:locale\" content=\"es_MX\" \/>\n<meta property=\"og:type\" content=\"article\" \/>\n<meta property=\"og:title\" content=\"Arranca SSO Jornada de Evaluaciones para Cirug\u00eda de Labio y Paladar Hendido en Oaxaca - LA BRAVA RADIO\" \/>\n<meta property=\"og:description\" content=\"Oaxaca de Ju\u00e1rez, Oax.- La Jornada de Evaluaciones para Cirug\u00eda de Labio y Paladar Hendido (LPH), encabezada por el titular de Servicios de Salud de Oaxaca (SSO), Efr\u00e9n Emmanuel Jarqu\u00edn Gonz\u00e1lez; logr\u00f3 atender a 34 pacientes de escasos recursos, quienes ser\u00e1n valorados para acceder a cirug\u00edas reconstructivas y atenci\u00f3n integral. \u201cEsta jornada representa mucho m\u00e1s [&hellip;]\" \/>\n<meta property=\"og:url\" content=\"https:\/\/www.bbmnoticias.com\/arranca-sso-jornada-de-evaluaciones-para-cirugia-de-labio-y-paladar-hendido-en-oaxaca\/\" \/>\n<meta property=\"og:site_name\" content=\"LA BRAVA RADIO\" \/>\n<meta property=\"article:published_time\" content=\"2025-11-08T01:27:18+00:00\" \/>\n<meta property=\"article:modified_time\" content=\"2025-11-08T01:27:22+00:00\" \/>\n<meta property=\"og:image\" content=\"https:\/\/www.bbmnoticias.com\/labravaradiofm\/wp-content\/uploads\/sites\/5\/2025\/11\/SSO-2.jpeg\" \/>\n\t<meta property=\"og:image:width\" content=\"1280\" \/>\n\t<meta property=\"og:image:height\" content=\"720\" \/>\n\t<meta property=\"og:image:type\" content=\"image\/jpeg\" \/>\n<meta name=\"author\" content=\"Staff\" \/>\n<meta name=\"twitter:card\" content=\"summary_large_image\" \/>\n<meta name=\"twitter:label1\" content=\"Escrito por\" \/>\n\t<meta name=\"twitter:data1\" content=\"Staff\" \/>\n\t<meta name=\"twitter:label2\" content=\"Tiempo de lectura\" \/>\n\t<meta name=\"twitter:data2\" content=\"1 minuto\" \/>\n<script type=\"application\/ld+json\" class=\"yoast-schema-graph\">{\"@context\":\"https:\\\/\\\/schema.org\",\"@graph\":[{\"@type\":\"Article\",\"@id\":\"https:\\\/\\\/www.bbmnoticias.com\\\/arranca-sso-jornada-de-evaluaciones-para-cirugia-de-labio-y-paladar-hendido-en-oaxaca\\\/#article\",\"isPartOf\":{\"@id\":\"https:\\\/\\\/www.bbmnoticias.com\\\/labravaradiofm\\\/2025\\\/11\\\/07\\\/arranca-sso-jornada-de-evaluaciones-para-cirugia-de-labio-y-paladar-hendido-en-oaxaca\\\/\"},\"author\":{\"name\":\"Staff\",\"@id\":\"https:\\\/\\\/www.bbmnoticias.com\\\/labravaradiofm\\\/#\\\/schema\\\/person\\\/34b139c617a70ea5bef5678bffe4dd7b\"},\"headline\":\"Arranca SSO Jornada de Evaluaciones para Cirug\u00eda de Labio y Paladar Hendido en Oaxaca\",\"datePublished\":\"2025-11-08T01:27:18+00:00\",\"dateModified\":\"2025-11-08T01:27:22+00:00\",\"mainEntityOfPage\":{\"@id\":\"https:\\\/\\\/www.bbmnoticias.com\\\/labravaradiofm\\\/2025\\\/11\\\/07\\\/arranca-sso-jornada-de-evaluaciones-para-cirugia-de-labio-y-paladar-hendido-en-oaxaca\\\/\"},\"wordCount\":248,\"image\":{\"@id\":\"https:\\\/\\\/www.bbmnoticias.com\\\/arranca-sso-jornada-de-evaluaciones-para-cirugia-de-labio-y-paladar-hendido-en-oaxaca\\\/#primaryimage\"},\"thumbnailUrl\":\"https:\\\/\\\/www.bbmnoticias.com\\\/labravaradiofm\\\/wp-content\\\/uploads\\\/sites\\\/5\\\/2025\\\/11\\\/SSO-2.jpeg\",\"articleSection\":[\"LOCAL\"],\"inLanguage\":\"es\"},{\"@type\":\"WebPage\",\"@id\":\"https:\\\/\\\/www.bbmnoticias.com\\\/labravaradiofm\\\/2025\\\/11\\\/07\\\/arranca-sso-jornada-de-evaluaciones-para-cirugia-de-labio-y-paladar-hendido-en-oaxaca\\\/\",\"url\":\"https:\\\/\\\/www.bbmnoticias.com\\\/arranca-sso-jornada-de-evaluaciones-para-cirugia-de-labio-y-paladar-hendido-en-oaxaca\\\/\",\"name\":\"Arranca SSO Jornada de Evaluaciones para Cirug\u00eda de Labio y Paladar Hendido en Oaxaca - LA BRAVA RADIO\",\"isPartOf\":{\"@id\":\"https:\\\/\\\/www.bbmnoticias.com\\\/labravaradiofm\\\/#website\"},\"primaryImageOfPage\":{\"@id\":\"https:\\\/\\\/www.bbmnoticias.com\\\/arranca-sso-jornada-de-evaluaciones-para-cirugia-de-labio-y-paladar-hendido-en-oaxaca\\\/#primaryimage\"},\"image\":{\"@id\":\"https:\\\/\\\/www.bbmnoticias.com\\\/arranca-sso-jornada-de-evaluaciones-para-cirugia-de-labio-y-paladar-hendido-en-oaxaca\\\/#primaryimage\"},\"thumbnailUrl\":\"https:\\\/\\\/www.bbmnoticias.com\\\/labravaradiofm\\\/wp-content\\\/uploads\\\/sites\\\/5\\\/2025\\\/11\\\/SSO-2.jpeg\",\"datePublished\":\"2025-11-08T01:27:18+00:00\",\"dateModified\":\"2025-11-08T01:27:22+00:00\",\"author\":{\"@id\":\"https:\\\/\\\/www.bbmnoticias.com\\\/labravaradiofm\\\/#\\\/schema\\\/person\\\/34b139c617a70ea5bef5678bffe4dd7b\"},\"breadcrumb\":{\"@id\":\"https:\\\/\\\/www.bbmnoticias.com\\\/arranca-sso-jornada-de-evaluaciones-para-cirugia-de-labio-y-paladar-hendido-en-oaxaca\\\/#breadcrumb\"},\"inLanguage\":\"es\",\"potentialAction\":[{\"@type\":\"ReadAction\",\"target\":[\"https:\\\/\\\/www.bbmnoticias.com\\\/arranca-sso-jornada-de-evaluaciones-para-cirugia-de-labio-y-paladar-hendido-en-oaxaca\\\/\"]}]},{\"@type\":\"ImageObject\",\"inLanguage\":\"es\",\"@id\":\"https:\\\/\\\/www.bbmnoticias.com\\\/arranca-sso-jornada-de-evaluaciones-para-cirugia-de-labio-y-paladar-hendido-en-oaxaca\\\/#primaryimage\",\"url\":\"https:\\\/\\\/www.bbmnoticias.com\\\/labravaradiofm\\\/wp-content\\\/uploads\\\/sites\\\/5\\\/2025\\\/11\\\/SSO-2.jpeg\",\"contentUrl\":\"https:\\\/\\\/www.bbmnoticias.com\\\/labravaradiofm\\\/wp-content\\\/uploads\\\/sites\\\/5\\\/2025\\\/11\\\/SSO-2.jpeg\",\"width\":1280,\"height\":720},{\"@type\":\"BreadcrumbList\",\"@id\":\"https:\\\/\\\/www.bbmnoticias.com\\\/arranca-sso-jornada-de-evaluaciones-para-cirugia-de-labio-y-paladar-hendido-en-oaxaca\\\/#breadcrumb\",\"itemListElement\":[{\"@type\":\"ListItem\",\"position\":1,\"name\":\"Inicio\",\"item\":\"https:\\\/\\\/www.bbmnoticias.com\\\/labravaradiofm\\\/\"},{\"@type\":\"ListItem\",\"position\":2,\"name\":\"Arranca SSO Jornada de Evaluaciones para Cirug\u00eda de Labio y Paladar Hendido en Oaxaca\"}]},{\"@type\":\"WebSite\",\"@id\":\"https:\\\/\\\/www.bbmnoticias.com\\\/labravaradiofm\\\/#website\",\"url\":\"https:\\\/\\\/www.bbmnoticias.com\\\/labravaradiofm\\\/\",\"name\":\"LA BRAVA RADIO\",\"description\":\"Empresa productora de medios, Radiodifusi\u00f3n, Noticias, tendencias y todo lo que necesitas saber de la pol\u00edtica mexicana e internacional; entretenimiento, espect\u00e1culos, salud y mucho m\u00e1s.\",\"potentialAction\":[{\"@type\":\"SearchAction\",\"target\":{\"@type\":\"EntryPoint\",\"urlTemplate\":\"https:\\\/\\\/www.bbmnoticias.com\\\/labravaradiofm\\\/?s={search_term_string}\"},\"query-input\":{\"@type\":\"PropertyValueSpecification\",\"valueRequired\":true,\"valueName\":\"search_term_string\"}}],\"inLanguage\":\"es\"},{\"@type\":\"Person\",\"@id\":\"https:\\\/\\\/www.bbmnoticias.com\\\/labravaradiofm\\\/#\\\/schema\\\/person\\\/34b139c617a70ea5bef5678bffe4dd7b\",\"name\":\"Staff\",\"image\":{\"@type\":\"ImageObject\",\"inLanguage\":\"es\",\"@id\":\"https:\\\/\\\/secure.gravatar.com\\\/avatar\\\/fdd21ad66fd8b98c407f9dee5b5e588cfe7f0d8579ec20fa6527cd59bab7f0f0?s=96&d=mm&r=g\",\"url\":\"https:\\\/\\\/secure.gravatar.com\\\/avatar\\\/fdd21ad66fd8b98c407f9dee5b5e588cfe7f0d8579ec20fa6527cd59bab7f0f0?s=96&d=mm&r=g\",\"contentUrl\":\"https:\\\/\\\/secure.gravatar.com\\\/avatar\\\/fdd21ad66fd8b98c407f9dee5b5e588cfe7f0d8579ec20fa6527cd59bab7f0f0?s=96&d=mm&r=g\",\"caption\":\"Staff\"},\"url\":\"https:\\\/\\\/www.bbmnoticias.com\\\/labravaradiofm\\\/author\\\/redaccion\\\/\"}]}<\/script>\n<!-- \/ Yoast SEO plugin. -->","yoast_head_json":{"title":"Arranca SSO Jornada de Evaluaciones para Cirug\u00eda de Labio y Paladar Hendido en Oaxaca - LA BRAVA RADIO","robots":{"index":"index","follow":"follow","max-snippet":"max-snippet:-1","max-image-preview":"max-image-preview:large","max-video-preview":"max-video-preview:-1"},"canonical":"https:\/\/www.bbmnoticias.com\/arranca-sso-jornada-de-evaluaciones-para-cirugia-de-labio-y-paladar-hendido-en-oaxaca\/","og_locale":"es_MX","og_type":"article","og_title":"Arranca SSO Jornada de Evaluaciones para Cirug\u00eda de Labio y Paladar Hendido en Oaxaca - LA BRAVA RADIO","og_description":"Oaxaca de Ju\u00e1rez, Oax.- La Jornada de Evaluaciones para Cirug\u00eda de Labio y Paladar Hendido (LPH), encabezada por el titular de Servicios de Salud de Oaxaca (SSO), Efr\u00e9n Emmanuel Jarqu\u00edn Gonz\u00e1lez; logr\u00f3 atender a 34 pacientes de escasos recursos, quienes ser\u00e1n valorados para acceder a cirug\u00edas reconstructivas y atenci\u00f3n integral. \u201cEsta jornada representa mucho m\u00e1s [&hellip;]","og_url":"https:\/\/www.bbmnoticias.com\/arranca-sso-jornada-de-evaluaciones-para-cirugia-de-labio-y-paladar-hendido-en-oaxaca\/","og_site_name":"LA BRAVA RADIO","article_published_time":"2025-11-08T01:27:18+00:00","article_modified_time":"2025-11-08T01:27:22+00:00","og_image":[{"width":1280,"height":720,"url":"https:\/\/www.bbmnoticias.com\/labravaradiofm\/wp-content\/uploads\/sites\/5\/2025\/11\/SSO-2.jpeg","type":"image\/jpeg"}],"author":"Staff","twitter_card":"summary_large_image","twitter_misc":{"Escrito por":"Staff","Tiempo de lectura":"1 minuto"},"schema":{"@context":"https:\/\/schema.org","@graph":[{"@type":"Article","@id":"https:\/\/www.bbmnoticias.com\/arranca-sso-jornada-de-evaluaciones-para-cirugia-de-labio-y-paladar-hendido-en-oaxaca\/#article","isPartOf":{"@id":"https:\/\/www.bbmnoticias.com\/labravaradiofm\/2025\/11\/07\/arranca-sso-jornada-de-evaluaciones-para-cirugia-de-labio-y-paladar-hendido-en-oaxaca\/"},"author":{"name":"Staff","@id":"https:\/\/www.bbmnoticias.com\/labravaradiofm\/#\/schema\/person\/34b139c617a70ea5bef5678bffe4dd7b"},"headline":"Arranca SSO Jornada de Evaluaciones para Cirug\u00eda de Labio y Paladar Hendido en Oaxaca","datePublished":"2025-11-08T01:27:18+00:00","dateModified":"2025-11-08T01:27:22+00:00","mainEntityOfPage":{"@id":"https:\/\/www.bbmnoticias.com\/labravaradiofm\/2025\/11\/07\/arranca-sso-jornada-de-evaluaciones-para-cirugia-de-labio-y-paladar-hendido-en-oaxaca\/"},"wordCount":248,"image":{"@id":"https:\/\/www.bbmnoticias.com\/arranca-sso-jornada-de-evaluaciones-para-cirugia-de-labio-y-paladar-hendido-en-oaxaca\/#primaryimage"},"thumbnailUrl":"https:\/\/www.bbmnoticias.com\/labravaradiofm\/wp-content\/uploads\/sites\/5\/2025\/11\/SSO-2.jpeg","articleSection":["LOCAL"],"inLanguage":"es"},{"@type":"WebPage","@id":"https:\/\/www.bbmnoticias.com\/labravaradiofm\/2025\/11\/07\/arranca-sso-jornada-de-evaluaciones-para-cirugia-de-labio-y-paladar-hendido-en-oaxaca\/","url":"https:\/\/www.bbmnoticias.com\/arranca-sso-jornada-de-evaluaciones-para-cirugia-de-labio-y-paladar-hendido-en-oaxaca\/","name":"Arranca SSO Jornada de Evaluaciones para Cirug\u00eda de Labio y Paladar Hendido en Oaxaca - LA BRAVA RADIO","isPartOf":{"@id":"https:\/\/www.bbmnoticias.com\/labravaradiofm\/#website"},"primaryImageOfPage":{"@id":"https:\/\/www.bbmnoticias.com\/arranca-sso-jornada-de-evaluaciones-para-cirugia-de-labio-y-paladar-hendido-en-oaxaca\/#primaryimage"},"image":{"@id":"https:\/\/www.bbmnoticias.com\/arranca-sso-jornada-de-evaluaciones-para-cirugia-de-labio-y-paladar-hendido-en-oaxaca\/#primaryimage"},"thumbnailUrl":"https:\/\/www.bbmnoticias.com\/labravaradiofm\/wp-content\/uploads\/sites\/5\/2025\/11\/SSO-2.jpeg","datePublished":"2025-11-08T01:27:18+00:00","dateModified":"2025-11-08T01:27:22+00:00","author":{"@id":"https:\/\/www.bbmnoticias.com\/labravaradiofm\/#\/schema\/person\/34b139c617a70ea5bef5678bffe4dd7b"},"breadcrumb":{"@id":"https:\/\/www.bbmnoticias.com\/arranca-sso-jornada-de-evaluaciones-para-cirugia-de-labio-y-paladar-hendido-en-oaxaca\/#breadcrumb"},"inLanguage":"es","potentialAction":[{"@type":"ReadAction","target":["https:\/\/www.bbmnoticias.com\/arranca-sso-jornada-de-evaluaciones-para-cirugia-de-labio-y-paladar-hendido-en-oaxaca\/"]}]},{"@type":"ImageObject","inLanguage":"es","@id":"https:\/\/www.bbmnoticias.com\/arranca-sso-jornada-de-evaluaciones-para-cirugia-de-labio-y-paladar-hendido-en-oaxaca\/#primaryimage","url":"https:\/\/www.bbmnoticias.com\/labravaradiofm\/wp-content\/uploads\/sites\/5\/2025\/11\/SSO-2.jpeg","contentUrl":"https:\/\/www.bbmnoticias.com\/labravaradiofm\/wp-content\/uploads\/sites\/5\/2025\/11\/SSO-2.jpeg","width":1280,"height":720},{"@type":"BreadcrumbList","@id":"https:\/\/www.bbmnoticias.com\/arranca-sso-jornada-de-evaluaciones-para-cirugia-de-labio-y-paladar-hendido-en-oaxaca\/#breadcrumb","itemListElement":[{"@type":"ListItem","position":1,"name":"Inicio","item":"https:\/\/www.bbmnoticias.com\/labravaradiofm\/"},{"@type":"ListItem","position":2,"name":"Arranca SSO Jornada de Evaluaciones para Cirug\u00eda de Labio y Paladar Hendido en Oaxaca"}]},{"@type":"WebSite","@id":"https:\/\/www.bbmnoticias.com\/labravaradiofm\/#website","url":"https:\/\/www.bbmnoticias.com\/labravaradiofm\/","name":"LA BRAVA RADIO","description":"Empresa productora de medios, Radiodifusi\u00f3n, Noticias, tendencias y todo lo que necesitas saber de la pol\u00edtica mexicana e internacional; entretenimiento, espect\u00e1culos, salud y mucho m\u00e1s.","potentialAction":[{"@type":"SearchAction","target":{"@type":"EntryPoint","urlTemplate":"https:\/\/www.bbmnoticias.com\/labravaradiofm\/?s={search_term_string}"},"query-input":{"@type":"PropertyValueSpecification","valueRequired":true,"valueName":"search_term_string"}}],"inLanguage":"es"},{"@type":"Person","@id":"https:\/\/www.bbmnoticias.com\/labravaradiofm\/#\/schema\/person\/34b139c617a70ea5bef5678bffe4dd7b","name":"Staff","image":{"@type":"ImageObject","inLanguage":"es","@id":"https:\/\/secure.gravatar.com\/avatar\/fdd21ad66fd8b98c407f9dee5b5e588cfe7f0d8579ec20fa6527cd59bab7f0f0?s=96&d=mm&r=g","url":"https:\/\/secure.gravatar.com\/avatar\/fdd21ad66fd8b98c407f9dee5b5e588cfe7f0d8579ec20fa6527cd59bab7f0f0?s=96&d=mm&r=g","contentUrl":"https:\/\/secure.gravatar.com\/avatar\/fdd21ad66fd8b98c407f9dee5b5e588cfe7f0d8579ec20fa6527cd59bab7f0f0?s=96&d=mm&r=g","caption":"Staff"},"url":"https:\/\/www.bbmnoticias.com\/labravaradiofm\/author\/redaccion\/"}]}},"_links":{"self":[{"href":"https:\/\/www.bbmnoticias.com\/labravaradiofm\/wp-json\/wp\/v2\/posts\/69538","targetHints":{"allow":["GET"]}}],"collection":[{"href":"https:\/\/www.bbmnoticias.com\/labravaradiofm\/wp-json\/wp\/v2\/posts"}],"about":[{"href":"https:\/\/www.bbmnoticias.com\/labravaradiofm\/wp-json\/wp\/v2\/types\/post"}],"author":[{"embeddable":true,"href":"https:\/\/www.bbmnoticias.com\/labravaradiofm\/wp-json\/wp\/v2\/users\/2"}],"replies":[{"embeddable":true,"href":"https:\/\/www.bbmnoticias.com\/labravaradiofm\/wp-json\/wp\/v2\/comments?post=69538"}],"version-history":[{"count":0,"href":"https:\/\/www.bbmnoticias.com\/labravaradiofm\/wp-json\/wp\/v2\/posts\/69538\/revisions"}],"wp:featuredmedia":[{"embeddable":true,"href":"https:\/\/www.bbmnoticias.com\/labravaradiofm\/wp-json\/wp\/v2\/media\/69540"}],"wp:attachment":[{"href":"https:\/\/www.bbmnoticias.com\/labravaradiofm\/wp-json\/wp\/v2\/media?parent=69538"}],"wp:term":[{"taxonomy":"category","embeddable":true,"href":"https:\/\/www.bbmnoticias.com\/labravaradiofm\/wp-json\/wp\/v2\/categories?post=69538"},{"taxonomy":"post_tag","embeddable":true,"href":"https:\/\/www.bbmnoticias.com\/labravaradiofm\/wp-json\/wp\/v2\/tags?post=69538"}],"curies":[{"name":"wp","href":"https:\/\/api.w.org\/{rel}","templated":true}]}}