{"id":69529,"date":"2025-11-07T19:17:07","date_gmt":"2025-11-08T01:17:07","guid":{"rendered":"https:\/\/www.bbmnoticias.com\/labravaradiofm\/2025\/11\/07\/mejora-primavera-oaxaquena-caminos-de-san-pedro-martir-yucuxaco\/"},"modified":"2025-11-07T19:17:10","modified_gmt":"2025-11-08T01:17:10","slug":"mejora-primavera-oaxaquena-caminos-de-san-pedro-martir-yucuxaco","status":"publish","type":"post","link":"https:\/\/www.bbmnoticias.com\/labravaradiofm\/2025\/11\/07\/mejora-primavera-oaxaquena-caminos-de-san-pedro-martir-yucuxaco\/","title":{"rendered":"Mejora Primavera Oaxaque\u00f1a caminos de San Pedro M\u00e1rtir Yucuxaco"},"content":{"rendered":"<div style=\"margin-top: 0px; margin-bottom: 0px;\" class=\"sharethis-inline-share-buttons\" ><\/div>\n<p><strong>San Pedro M\u00e1rtir Yucuxaco, Oax.<\/strong>&#8211; En un compromiso por mejorar la movilidad en la Mixteca, el Gobernador Salom\u00f3n Jara Cruz anunci\u00f3 el reencarpetamiento del camino de 1.5 kil\u00f3metros que conecta a la comunidad de Yucudaa con el municipio de San Pedro M\u00e1rtir Yucuxaco.<\/p>\n\n\n\n<p>\u201cLo vamos a hacer porque nos lo pidi\u00f3 la autoridad municipal, pero sobre todo, porque es una necesidad de todas y todos ustedes\u201d, expres\u00f3 el Mandatario estatal durante su encuentro con la poblaci\u00f3n, como parte de la estrategia Trabajo que Transforma tu Municipio.<\/p>\n\n\n\n<p>De esta manera, Jara Cruz se\u00f1al\u00f3 junto a la Presidenta Honoraria del Sistema para el Desarrollo Integral de la Familia (DIF) Oaxaca, Irma Bola\u00f1os Quijano; que esta obra se suma a la atenci\u00f3n del camino de 9.8 kil\u00f3metros que ya se realiza con tequio en la agencia Ca\u00f1ada Mar\u00eda.<\/p>\n\n\n\n<p>Asimismo, dio a conocer que como parte del &#8220;Plan General L\u00e1zaro C\u00e1rdenas&#8221;, que impulsa el Gobierno de M\u00e9xico, se intervendr\u00e1 el camino de Yucudaa a El Carrizal.<\/p>\n\n\n\n<p>\u201cVamos a seguir recorriendo todos los pueblos y comunidades, porque es lo m\u00e1s importante; hay que sacar a Oaxaca adelante\u201d, dijo.&nbsp;<\/p>\n\n\n\n<p>En este marco el Gobernador oaxaque\u00f1o tambi\u00e9n entreg\u00f3 y anunci\u00f3 diversos apoyos:<\/p>\n\n\n\n<p>\u00b7&nbsp;&nbsp;&nbsp;&nbsp;&nbsp;&nbsp;&nbsp;&nbsp; A trav\u00e9s del Sistema DIF Oaxaca, otorg\u00f3 a las y los habitantes cobijas, lentes para vista cansada y dotaciones alimentarias, as\u00ed como kits para infancias<\/p>\n\n\n\n<p>\u00b7&nbsp;&nbsp;&nbsp;&nbsp;&nbsp;&nbsp;&nbsp;&nbsp; Con la Tarjeta Margarita Maza se apoyar\u00e1n a 20 jefas de familia en condiciones de extrema pobreza<\/p>\n\n\n\n<p>\u00b7&nbsp;&nbsp;&nbsp;&nbsp;&nbsp;&nbsp;&nbsp;&nbsp; Se contemplan cr\u00e9ditos del programa Mujer Primavera a 10 emprendedoras<\/p>\n\n\n\n<p>\u00b7&nbsp;&nbsp;&nbsp;&nbsp;&nbsp;&nbsp;&nbsp;&nbsp; A trav\u00e9s de la Secretar\u00eda de Bienestar, Tequio e Inclusi\u00f3n (Sebienti) se han realizado jornadas de salud Ve\u2019e Tata<\/p>\n\n\n\n<p>\u00b7&nbsp;&nbsp;&nbsp;&nbsp;&nbsp;&nbsp;&nbsp;&nbsp; El Instituto de Educaci\u00f3n P\u00fablica de Oaxaca (IEEPO) entregar\u00e1 computadoras, impresoras y proyectores a ocho escuelas de educaci\u00f3n b\u00e1sica<\/p>\n\n\n\n<p>\u00b7&nbsp;&nbsp;&nbsp;&nbsp;&nbsp;&nbsp;&nbsp;&nbsp; Se destinar\u00e1n recursos econ\u00f3micos mediante&nbsp; el Instituto Oaxaque\u00f1o Constructor de Infraestructura Educativa (Iocied) para la edificaci\u00f3n de bardas perimetrales en cuatro primarias; la reparaci\u00f3n de la cancha de basquetbol en la Primaria Ricardo Flores Mag\u00f3n; comenzar con el techado en la Telesecundaria de la cabecera municipal y un comedor escolar.<\/p>\n\n\n\n<p>\u00b7&nbsp;&nbsp;&nbsp;&nbsp;&nbsp;&nbsp;&nbsp;&nbsp; Se financiar\u00e1 la rehabilitaci\u00f3n de la Casa de Salud en la agencia Ca\u00f1ada Mar\u00eda<\/p>\n","protected":false},"excerpt":{"rendered":"<p>San Pedro M\u00e1rtir Yucuxaco, Oax.&#8211; En un compromiso por mejorar la movilidad en la Mixteca, el Gobernador Salom\u00f3n Jara Cruz anunci\u00f3 el reencarpetamiento del camino de 1.5 kil\u00f3metros que conecta a la comunidad de Yucudaa con el municipio de San Pedro M\u00e1rtir Yucuxaco. \u201cLo vamos a hacer porque nos lo pidi\u00f3 la autoridad municipal, pero [&hellip;]<\/p>\n","protected":false},"author":2,"featured_media":69531,"comment_status":"closed","ping_status":"","sticky":false,"template":"","format":"standard","meta":{"footnotes":""},"categories":[2],"tags":[],"class_list":{"0":"post-69529","1":"post","2":"type-post","3":"status-publish","4":"format-standard","5":"has-post-thumbnail","7":"category-oaxaca"},"yoast_head":"<!-- This site is optimized with the Yoast SEO plugin v27.4 - https:\/\/yoast.com\/product\/yoast-seo-wordpress\/ -->\n<title>Mejora Primavera Oaxaque\u00f1a caminos de San Pedro M\u00e1rtir Yucuxaco - LA BRAVA RADIO<\/title>\n<meta name=\"robots\" content=\"index, follow, max-snippet:-1, max-image-preview:large, max-video-preview:-1\" \/>\n<link rel=\"canonical\" href=\"https:\/\/www.bbmnoticias.com\/mejora-primavera-oaxaquena-caminos-de-san-pedro-martir-yucuxaco\/\" \/>\n<meta property=\"og:locale\" content=\"es_MX\" \/>\n<meta property=\"og:type\" content=\"article\" \/>\n<meta property=\"og:title\" content=\"Mejora Primavera Oaxaque\u00f1a caminos de San Pedro M\u00e1rtir Yucuxaco - LA BRAVA RADIO\" \/>\n<meta property=\"og:description\" content=\"San Pedro M\u00e1rtir Yucuxaco, Oax.&#8211; En un compromiso por mejorar la movilidad en la Mixteca, el Gobernador Salom\u00f3n Jara Cruz anunci\u00f3 el reencarpetamiento del camino de 1.5 kil\u00f3metros que conecta a la comunidad de Yucudaa con el municipio de San Pedro M\u00e1rtir Yucuxaco. \u201cLo vamos a hacer porque nos lo pidi\u00f3 la autoridad municipal, pero [&hellip;]\" \/>\n<meta property=\"og:url\" content=\"https:\/\/www.bbmnoticias.com\/mejora-primavera-oaxaquena-caminos-de-san-pedro-martir-yucuxaco\/\" \/>\n<meta property=\"og:site_name\" content=\"LA BRAVA RADIO\" \/>\n<meta property=\"article:published_time\" content=\"2025-11-08T01:17:07+00:00\" \/>\n<meta property=\"article:modified_time\" content=\"2025-11-08T01:17:10+00:00\" \/>\n<meta property=\"og:image\" content=\"https:\/\/www.bbmnoticias.com\/labravaradiofm\/wp-content\/uploads\/sites\/5\/2025\/11\/Mejora-Primavera-Oaxaquena-conectividad-carretera-de-San-Pedro-Martir-Yucuxaco-3.jpeg\" \/>\n\t<meta property=\"og:image:width\" content=\"1280\" \/>\n\t<meta property=\"og:image:height\" content=\"853\" \/>\n\t<meta property=\"og:image:type\" content=\"image\/jpeg\" \/>\n<meta name=\"author\" content=\"Staff\" \/>\n<meta name=\"twitter:card\" content=\"summary_large_image\" \/>\n<meta name=\"twitter:label1\" content=\"Escrito por\" \/>\n\t<meta name=\"twitter:data1\" content=\"Staff\" \/>\n\t<meta name=\"twitter:label2\" content=\"Tiempo de lectura\" \/>\n\t<meta name=\"twitter:data2\" content=\"2 minutos\" \/>\n<script type=\"application\/ld+json\" class=\"yoast-schema-graph\">{\"@context\":\"https:\\\/\\\/schema.org\",\"@graph\":[{\"@type\":\"Article\",\"@id\":\"https:\\\/\\\/www.bbmnoticias.com\\\/mejora-primavera-oaxaquena-caminos-de-san-pedro-martir-yucuxaco\\\/#article\",\"isPartOf\":{\"@id\":\"https:\\\/\\\/www.bbmnoticias.com\\\/labravaradiofm\\\/2025\\\/11\\\/07\\\/mejora-primavera-oaxaquena-caminos-de-san-pedro-martir-yucuxaco\\\/\"},\"author\":{\"name\":\"Staff\",\"@id\":\"https:\\\/\\\/www.bbmnoticias.com\\\/labravaradiofm\\\/#\\\/schema\\\/person\\\/34b139c617a70ea5bef5678bffe4dd7b\"},\"headline\":\"Mejora Primavera Oaxaque\u00f1a caminos de San Pedro M\u00e1rtir Yucuxaco\",\"datePublished\":\"2025-11-08T01:17:07+00:00\",\"dateModified\":\"2025-11-08T01:17:10+00:00\",\"mainEntityOfPage\":{\"@id\":\"https:\\\/\\\/www.bbmnoticias.com\\\/labravaradiofm\\\/2025\\\/11\\\/07\\\/mejora-primavera-oaxaquena-caminos-de-san-pedro-martir-yucuxaco\\\/\"},\"wordCount\":452,\"image\":{\"@id\":\"https:\\\/\\\/www.bbmnoticias.com\\\/mejora-primavera-oaxaquena-caminos-de-san-pedro-martir-yucuxaco\\\/#primaryimage\"},\"thumbnailUrl\":\"https:\\\/\\\/www.bbmnoticias.com\\\/labravaradiofm\\\/wp-content\\\/uploads\\\/sites\\\/5\\\/2025\\\/11\\\/Mejora-Primavera-Oaxaquena-conectividad-carretera-de-San-Pedro-Martir-Yucuxaco-3.jpeg\",\"articleSection\":[\"LOCAL\"],\"inLanguage\":\"es\"},{\"@type\":\"WebPage\",\"@id\":\"https:\\\/\\\/www.bbmnoticias.com\\\/labravaradiofm\\\/2025\\\/11\\\/07\\\/mejora-primavera-oaxaquena-caminos-de-san-pedro-martir-yucuxaco\\\/\",\"url\":\"https:\\\/\\\/www.bbmnoticias.com\\\/mejora-primavera-oaxaquena-caminos-de-san-pedro-martir-yucuxaco\\\/\",\"name\":\"Mejora Primavera Oaxaque\u00f1a caminos de San Pedro M\u00e1rtir Yucuxaco - LA BRAVA RADIO\",\"isPartOf\":{\"@id\":\"https:\\\/\\\/www.bbmnoticias.com\\\/labravaradiofm\\\/#website\"},\"primaryImageOfPage\":{\"@id\":\"https:\\\/\\\/www.bbmnoticias.com\\\/mejora-primavera-oaxaquena-caminos-de-san-pedro-martir-yucuxaco\\\/#primaryimage\"},\"image\":{\"@id\":\"https:\\\/\\\/www.bbmnoticias.com\\\/mejora-primavera-oaxaquena-caminos-de-san-pedro-martir-yucuxaco\\\/#primaryimage\"},\"thumbnailUrl\":\"https:\\\/\\\/www.bbmnoticias.com\\\/labravaradiofm\\\/wp-content\\\/uploads\\\/sites\\\/5\\\/2025\\\/11\\\/Mejora-Primavera-Oaxaquena-conectividad-carretera-de-San-Pedro-Martir-Yucuxaco-3.jpeg\",\"datePublished\":\"2025-11-08T01:17:07+00:00\",\"dateModified\":\"2025-11-08T01:17:10+00:00\",\"author\":{\"@id\":\"https:\\\/\\\/www.bbmnoticias.com\\\/labravaradiofm\\\/#\\\/schema\\\/person\\\/34b139c617a70ea5bef5678bffe4dd7b\"},\"breadcrumb\":{\"@id\":\"https:\\\/\\\/www.bbmnoticias.com\\\/mejora-primavera-oaxaquena-caminos-de-san-pedro-martir-yucuxaco\\\/#breadcrumb\"},\"inLanguage\":\"es\",\"potentialAction\":[{\"@type\":\"ReadAction\",\"target\":[\"https:\\\/\\\/www.bbmnoticias.com\\\/mejora-primavera-oaxaquena-caminos-de-san-pedro-martir-yucuxaco\\\/\"]}]},{\"@type\":\"ImageObject\",\"inLanguage\":\"es\",\"@id\":\"https:\\\/\\\/www.bbmnoticias.com\\\/mejora-primavera-oaxaquena-caminos-de-san-pedro-martir-yucuxaco\\\/#primaryimage\",\"url\":\"https:\\\/\\\/www.bbmnoticias.com\\\/labravaradiofm\\\/wp-content\\\/uploads\\\/sites\\\/5\\\/2025\\\/11\\\/Mejora-Primavera-Oaxaquena-conectividad-carretera-de-San-Pedro-Martir-Yucuxaco-3.jpeg\",\"contentUrl\":\"https:\\\/\\\/www.bbmnoticias.com\\\/labravaradiofm\\\/wp-content\\\/uploads\\\/sites\\\/5\\\/2025\\\/11\\\/Mejora-Primavera-Oaxaquena-conectividad-carretera-de-San-Pedro-Martir-Yucuxaco-3.jpeg\",\"width\":1280,\"height\":853},{\"@type\":\"BreadcrumbList\",\"@id\":\"https:\\\/\\\/www.bbmnoticias.com\\\/mejora-primavera-oaxaquena-caminos-de-san-pedro-martir-yucuxaco\\\/#breadcrumb\",\"itemListElement\":[{\"@type\":\"ListItem\",\"position\":1,\"name\":\"Inicio\",\"item\":\"https:\\\/\\\/www.bbmnoticias.com\\\/labravaradiofm\\\/\"},{\"@type\":\"ListItem\",\"position\":2,\"name\":\"Mejora Primavera Oaxaque\u00f1a caminos de San Pedro M\u00e1rtir Yucuxaco\"}]},{\"@type\":\"WebSite\",\"@id\":\"https:\\\/\\\/www.bbmnoticias.com\\\/labravaradiofm\\\/#website\",\"url\":\"https:\\\/\\\/www.bbmnoticias.com\\\/labravaradiofm\\\/\",\"name\":\"LA BRAVA RADIO\",\"description\":\"Empresa productora de medios, Radiodifusi\u00f3n, Noticias, tendencias y todo lo que necesitas saber de la pol\u00edtica mexicana e internacional; entretenimiento, espect\u00e1culos, salud y mucho m\u00e1s.\",\"potentialAction\":[{\"@type\":\"SearchAction\",\"target\":{\"@type\":\"EntryPoint\",\"urlTemplate\":\"https:\\\/\\\/www.bbmnoticias.com\\\/labravaradiofm\\\/?s={search_term_string}\"},\"query-input\":{\"@type\":\"PropertyValueSpecification\",\"valueRequired\":true,\"valueName\":\"search_term_string\"}}],\"inLanguage\":\"es\"},{\"@type\":\"Person\",\"@id\":\"https:\\\/\\\/www.bbmnoticias.com\\\/labravaradiofm\\\/#\\\/schema\\\/person\\\/34b139c617a70ea5bef5678bffe4dd7b\",\"name\":\"Staff\",\"image\":{\"@type\":\"ImageObject\",\"inLanguage\":\"es\",\"@id\":\"https:\\\/\\\/secure.gravatar.com\\\/avatar\\\/fdd21ad66fd8b98c407f9dee5b5e588cfe7f0d8579ec20fa6527cd59bab7f0f0?s=96&d=mm&r=g\",\"url\":\"https:\\\/\\\/secure.gravatar.com\\\/avatar\\\/fdd21ad66fd8b98c407f9dee5b5e588cfe7f0d8579ec20fa6527cd59bab7f0f0?s=96&d=mm&r=g\",\"contentUrl\":\"https:\\\/\\\/secure.gravatar.com\\\/avatar\\\/fdd21ad66fd8b98c407f9dee5b5e588cfe7f0d8579ec20fa6527cd59bab7f0f0?s=96&d=mm&r=g\",\"caption\":\"Staff\"},\"url\":\"https:\\\/\\\/www.bbmnoticias.com\\\/labravaradiofm\\\/author\\\/redaccion\\\/\"}]}<\/script>\n<!-- \/ Yoast SEO plugin. -->","yoast_head_json":{"title":"Mejora Primavera Oaxaque\u00f1a caminos de San Pedro M\u00e1rtir Yucuxaco - LA BRAVA RADIO","robots":{"index":"index","follow":"follow","max-snippet":"max-snippet:-1","max-image-preview":"max-image-preview:large","max-video-preview":"max-video-preview:-1"},"canonical":"https:\/\/www.bbmnoticias.com\/mejora-primavera-oaxaquena-caminos-de-san-pedro-martir-yucuxaco\/","og_locale":"es_MX","og_type":"article","og_title":"Mejora Primavera Oaxaque\u00f1a caminos de San Pedro M\u00e1rtir Yucuxaco - LA BRAVA RADIO","og_description":"San Pedro M\u00e1rtir Yucuxaco, Oax.&#8211; En un compromiso por mejorar la movilidad en la Mixteca, el Gobernador Salom\u00f3n Jara Cruz anunci\u00f3 el reencarpetamiento del camino de 1.5 kil\u00f3metros que conecta a la comunidad de Yucudaa con el municipio de San Pedro M\u00e1rtir Yucuxaco. \u201cLo vamos a hacer porque nos lo pidi\u00f3 la autoridad municipal, pero [&hellip;]","og_url":"https:\/\/www.bbmnoticias.com\/mejora-primavera-oaxaquena-caminos-de-san-pedro-martir-yucuxaco\/","og_site_name":"LA BRAVA RADIO","article_published_time":"2025-11-08T01:17:07+00:00","article_modified_time":"2025-11-08T01:17:10+00:00","og_image":[{"width":1280,"height":853,"url":"https:\/\/www.bbmnoticias.com\/labravaradiofm\/wp-content\/uploads\/sites\/5\/2025\/11\/Mejora-Primavera-Oaxaquena-conectividad-carretera-de-San-Pedro-Martir-Yucuxaco-3.jpeg","type":"image\/jpeg"}],"author":"Staff","twitter_card":"summary_large_image","twitter_misc":{"Escrito por":"Staff","Tiempo de lectura":"2 minutos"},"schema":{"@context":"https:\/\/schema.org","@graph":[{"@type":"Article","@id":"https:\/\/www.bbmnoticias.com\/mejora-primavera-oaxaquena-caminos-de-san-pedro-martir-yucuxaco\/#article","isPartOf":{"@id":"https:\/\/www.bbmnoticias.com\/labravaradiofm\/2025\/11\/07\/mejora-primavera-oaxaquena-caminos-de-san-pedro-martir-yucuxaco\/"},"author":{"name":"Staff","@id":"https:\/\/www.bbmnoticias.com\/labravaradiofm\/#\/schema\/person\/34b139c617a70ea5bef5678bffe4dd7b"},"headline":"Mejora Primavera Oaxaque\u00f1a caminos de San Pedro M\u00e1rtir Yucuxaco","datePublished":"2025-11-08T01:17:07+00:00","dateModified":"2025-11-08T01:17:10+00:00","mainEntityOfPage":{"@id":"https:\/\/www.bbmnoticias.com\/labravaradiofm\/2025\/11\/07\/mejora-primavera-oaxaquena-caminos-de-san-pedro-martir-yucuxaco\/"},"wordCount":452,"image":{"@id":"https:\/\/www.bbmnoticias.com\/mejora-primavera-oaxaquena-caminos-de-san-pedro-martir-yucuxaco\/#primaryimage"},"thumbnailUrl":"https:\/\/www.bbmnoticias.com\/labravaradiofm\/wp-content\/uploads\/sites\/5\/2025\/11\/Mejora-Primavera-Oaxaquena-conectividad-carretera-de-San-Pedro-Martir-Yucuxaco-3.jpeg","articleSection":["LOCAL"],"inLanguage":"es"},{"@type":"WebPage","@id":"https:\/\/www.bbmnoticias.com\/labravaradiofm\/2025\/11\/07\/mejora-primavera-oaxaquena-caminos-de-san-pedro-martir-yucuxaco\/","url":"https:\/\/www.bbmnoticias.com\/mejora-primavera-oaxaquena-caminos-de-san-pedro-martir-yucuxaco\/","name":"Mejora Primavera Oaxaque\u00f1a caminos de San Pedro M\u00e1rtir Yucuxaco - LA BRAVA RADIO","isPartOf":{"@id":"https:\/\/www.bbmnoticias.com\/labravaradiofm\/#website"},"primaryImageOfPage":{"@id":"https:\/\/www.bbmnoticias.com\/mejora-primavera-oaxaquena-caminos-de-san-pedro-martir-yucuxaco\/#primaryimage"},"image":{"@id":"https:\/\/www.bbmnoticias.com\/mejora-primavera-oaxaquena-caminos-de-san-pedro-martir-yucuxaco\/#primaryimage"},"thumbnailUrl":"https:\/\/www.bbmnoticias.com\/labravaradiofm\/wp-content\/uploads\/sites\/5\/2025\/11\/Mejora-Primavera-Oaxaquena-conectividad-carretera-de-San-Pedro-Martir-Yucuxaco-3.jpeg","datePublished":"2025-11-08T01:17:07+00:00","dateModified":"2025-11-08T01:17:10+00:00","author":{"@id":"https:\/\/www.bbmnoticias.com\/labravaradiofm\/#\/schema\/person\/34b139c617a70ea5bef5678bffe4dd7b"},"breadcrumb":{"@id":"https:\/\/www.bbmnoticias.com\/mejora-primavera-oaxaquena-caminos-de-san-pedro-martir-yucuxaco\/#breadcrumb"},"inLanguage":"es","potentialAction":[{"@type":"ReadAction","target":["https:\/\/www.bbmnoticias.com\/mejora-primavera-oaxaquena-caminos-de-san-pedro-martir-yucuxaco\/"]}]},{"@type":"ImageObject","inLanguage":"es","@id":"https:\/\/www.bbmnoticias.com\/mejora-primavera-oaxaquena-caminos-de-san-pedro-martir-yucuxaco\/#primaryimage","url":"https:\/\/www.bbmnoticias.com\/labravaradiofm\/wp-content\/uploads\/sites\/5\/2025\/11\/Mejora-Primavera-Oaxaquena-conectividad-carretera-de-San-Pedro-Martir-Yucuxaco-3.jpeg","contentUrl":"https:\/\/www.bbmnoticias.com\/labravaradiofm\/wp-content\/uploads\/sites\/5\/2025\/11\/Mejora-Primavera-Oaxaquena-conectividad-carretera-de-San-Pedro-Martir-Yucuxaco-3.jpeg","width":1280,"height":853},{"@type":"BreadcrumbList","@id":"https:\/\/www.bbmnoticias.com\/mejora-primavera-oaxaquena-caminos-de-san-pedro-martir-yucuxaco\/#breadcrumb","itemListElement":[{"@type":"ListItem","position":1,"name":"Inicio","item":"https:\/\/www.bbmnoticias.com\/labravaradiofm\/"},{"@type":"ListItem","position":2,"name":"Mejora Primavera Oaxaque\u00f1a caminos de San Pedro M\u00e1rtir Yucuxaco"}]},{"@type":"WebSite","@id":"https:\/\/www.bbmnoticias.com\/labravaradiofm\/#website","url":"https:\/\/www.bbmnoticias.com\/labravaradiofm\/","name":"LA BRAVA RADIO","description":"Empresa productora de medios, Radiodifusi\u00f3n, Noticias, tendencias y todo lo que necesitas saber de la pol\u00edtica mexicana e internacional; entretenimiento, espect\u00e1culos, salud y mucho m\u00e1s.","potentialAction":[{"@type":"SearchAction","target":{"@type":"EntryPoint","urlTemplate":"https:\/\/www.bbmnoticias.com\/labravaradiofm\/?s={search_term_string}"},"query-input":{"@type":"PropertyValueSpecification","valueRequired":true,"valueName":"search_term_string"}}],"inLanguage":"es"},{"@type":"Person","@id":"https:\/\/www.bbmnoticias.com\/labravaradiofm\/#\/schema\/person\/34b139c617a70ea5bef5678bffe4dd7b","name":"Staff","image":{"@type":"ImageObject","inLanguage":"es","@id":"https:\/\/secure.gravatar.com\/avatar\/fdd21ad66fd8b98c407f9dee5b5e588cfe7f0d8579ec20fa6527cd59bab7f0f0?s=96&d=mm&r=g","url":"https:\/\/secure.gravatar.com\/avatar\/fdd21ad66fd8b98c407f9dee5b5e588cfe7f0d8579ec20fa6527cd59bab7f0f0?s=96&d=mm&r=g","contentUrl":"https:\/\/secure.gravatar.com\/avatar\/fdd21ad66fd8b98c407f9dee5b5e588cfe7f0d8579ec20fa6527cd59bab7f0f0?s=96&d=mm&r=g","caption":"Staff"},"url":"https:\/\/www.bbmnoticias.com\/labravaradiofm\/author\/redaccion\/"}]}},"_links":{"self":[{"href":"https:\/\/www.bbmnoticias.com\/labravaradiofm\/wp-json\/wp\/v2\/posts\/69529","targetHints":{"allow":["GET"]}}],"collection":[{"href":"https:\/\/www.bbmnoticias.com\/labravaradiofm\/wp-json\/wp\/v2\/posts"}],"about":[{"href":"https:\/\/www.bbmnoticias.com\/labravaradiofm\/wp-json\/wp\/v2\/types\/post"}],"author":[{"embeddable":true,"href":"https:\/\/www.bbmnoticias.com\/labravaradiofm\/wp-json\/wp\/v2\/users\/2"}],"replies":[{"embeddable":true,"href":"https:\/\/www.bbmnoticias.com\/labravaradiofm\/wp-json\/wp\/v2\/comments?post=69529"}],"version-history":[{"count":0,"href":"https:\/\/www.bbmnoticias.com\/labravaradiofm\/wp-json\/wp\/v2\/posts\/69529\/revisions"}],"wp:featuredmedia":[{"embeddable":true,"href":"https:\/\/www.bbmnoticias.com\/labravaradiofm\/wp-json\/wp\/v2\/media\/69531"}],"wp:attachment":[{"href":"https:\/\/www.bbmnoticias.com\/labravaradiofm\/wp-json\/wp\/v2\/media?parent=69529"}],"wp:term":[{"taxonomy":"category","embeddable":true,"href":"https:\/\/www.bbmnoticias.com\/labravaradiofm\/wp-json\/wp\/v2\/categories?post=69529"},{"taxonomy":"post_tag","embeddable":true,"href":"https:\/\/www.bbmnoticias.com\/labravaradiofm\/wp-json\/wp\/v2\/tags?post=69529"}],"curies":[{"name":"wp","href":"https:\/\/api.w.org\/{rel}","templated":true}]}}