{"id":69521,"date":"2025-11-07T17:43:53","date_gmt":"2025-11-07T23:43:53","guid":{"rendered":"https:\/\/www.bbmnoticias.com\/labravaradiofm\/2025\/11\/07\/celebra-sso-xxvii-aniversario-de-hno-con-congreso-de-cardiologia-pediatrica\/"},"modified":"2025-11-07T17:44:21","modified_gmt":"2025-11-07T23:44:21","slug":"celebra-sso-xxvii-aniversario-de-hno-con-congreso-de-cardiologia-pediatrica","status":"publish","type":"post","link":"https:\/\/www.bbmnoticias.com\/labravaradiofm\/2025\/11\/07\/celebra-sso-xxvii-aniversario-de-hno-con-congreso-de-cardiologia-pediatrica\/","title":{"rendered":"Celebra SSO XXVII Aniversario de HNO con Congreso de Cardiolog\u00eda Pedi\u00e1trica"},"content":{"rendered":"<div style=\"margin-top: 0px; margin-bottom: 0px;\" class=\"sharethis-inline-share-buttons\" ><\/div>\n<p><strong>Oaxaca de Ju\u00e1rez, Oax.-<\/strong> Con el Congreso de \u201cCardiolog\u00eda Pedi\u00e1trica\u201d, autoridades del sector salud conmemoraron el XXVII Aniversario del Hospital de la Ni\u00f1ez Oaxaque\u00f1a (HNO) Doctor Guillermo Z\u00e1rate Mijangos, que es un referente de la atenci\u00f3n a la salud especializada y formaci\u00f3n de recursos humanos.<\/p>\n\n\n\n<p>Esta capacitaci\u00f3n, con una duraci\u00f3n de tres d\u00edas, busca afianzar los conocimientos de las y los participantes en el abordaje de las cardiopat\u00edas cong\u00e9nitas y adquiridas, con \u00e9nfasis en el diagn\u00f3stico y tratamiento oportuno.<\/p>\n\n\n\n<p>Ante jefes de \u00e1reas y reconocidos expertos en cardiolog\u00eda pedi\u00e1trica, el director general del nosocomio ubicado en San Bartolo Coyotepec, Ricardo R\u00edos L\u00f3pez record\u00f3 que este centro fue inaugurado el 28 de octubre de 1998 e inici\u00f3 funciones el 15 de noviembre de ese mismo a\u00f1o, desde entonces, brinda atenci\u00f3n especializada a la poblaci\u00f3n infantil y adolescente.<\/p>\n\n\n\n<p>Destac\u00f3 que el nosocomio empez\u00f3 \u00fanicamente con el servicio de urgencias y 2 meses despu\u00e9s con el de hospitalizaci\u00f3n, para acreditarse una d\u00e9cada despu\u00e9s en la atenci\u00f3n de ni\u00f1as, ni\u00f1os y adolescentes con c\u00e1ncer, siendo a la actualidad el \u00fanico en Oaxaca en dar la atenci\u00f3n a los pacientes sin derechohabiencia.<\/p>\n\n\n\n<p>El Hospital cuenta con 60 camas censables, 60 camas no censables o de tr\u00e1nsito, tres quir\u00f3fanos funcionales con \u00e1rea de recuperaci\u00f3n, 25 consultorios, 17 especialidades cl\u00ednicas, nueve especialidades quir\u00fargicas y siete servicios de apoyo.<\/p>\n","protected":false},"excerpt":{"rendered":"<p>Oaxaca de Ju\u00e1rez, Oax.- Con el Congreso de \u201cCardiolog\u00eda Pedi\u00e1trica\u201d, autoridades del sector salud conmemoraron el XXVII Aniversario del Hospital de la Ni\u00f1ez Oaxaque\u00f1a (HNO) Doctor Guillermo Z\u00e1rate Mijangos, que es un referente de la atenci\u00f3n a la salud especializada y formaci\u00f3n de recursos humanos. Esta capacitaci\u00f3n, con una duraci\u00f3n de tres d\u00edas, busca afianzar [&hellip;]<\/p>\n","protected":false},"author":2,"featured_media":69523,"comment_status":"closed","ping_status":"","sticky":false,"template":"","format":"standard","meta":{"footnotes":""},"categories":[2],"tags":[],"class_list":{"0":"post-69521","1":"post","2":"type-post","3":"status-publish","4":"format-standard","5":"has-post-thumbnail","7":"category-oaxaca"},"yoast_head":"<!-- This site is optimized with the Yoast SEO plugin v27.4 - https:\/\/yoast.com\/product\/yoast-seo-wordpress\/ -->\n<title>Celebra SSO XXVII Aniversario de HNO con Congreso de Cardiolog\u00eda Pedi\u00e1trica - LA BRAVA RADIO<\/title>\n<meta name=\"robots\" content=\"index, follow, max-snippet:-1, max-image-preview:large, max-video-preview:-1\" \/>\n<link rel=\"canonical\" href=\"https:\/\/www.bbmnoticias.com\/celebra-sso-xxvii-aniversario-de-hno-con-congreso-de-cardiologia-pediatrica\/\" \/>\n<meta property=\"og:locale\" content=\"es_MX\" \/>\n<meta property=\"og:type\" content=\"article\" \/>\n<meta property=\"og:title\" content=\"Celebra SSO XXVII Aniversario de HNO con Congreso de Cardiolog\u00eda Pedi\u00e1trica - LA BRAVA RADIO\" \/>\n<meta property=\"og:description\" content=\"Oaxaca de Ju\u00e1rez, Oax.- Con el Congreso de \u201cCardiolog\u00eda Pedi\u00e1trica\u201d, autoridades del sector salud conmemoraron el XXVII Aniversario del Hospital de la Ni\u00f1ez Oaxaque\u00f1a (HNO) Doctor Guillermo Z\u00e1rate Mijangos, que es un referente de la atenci\u00f3n a la salud especializada y formaci\u00f3n de recursos humanos. Esta capacitaci\u00f3n, con una duraci\u00f3n de tres d\u00edas, busca afianzar [&hellip;]\" \/>\n<meta property=\"og:url\" content=\"https:\/\/www.bbmnoticias.com\/celebra-sso-xxvii-aniversario-de-hno-con-congreso-de-cardiologia-pediatrica\/\" \/>\n<meta property=\"og:site_name\" content=\"LA BRAVA RADIO\" \/>\n<meta property=\"article:published_time\" content=\"2025-11-07T23:43:53+00:00\" \/>\n<meta property=\"article:modified_time\" content=\"2025-11-07T23:44:21+00:00\" \/>\n<meta property=\"og:image\" content=\"https:\/\/www.bbmnoticias.com\/labravaradiofm\/wp-content\/uploads\/sites\/5\/2025\/11\/SSO-1.jpeg\" \/>\n\t<meta property=\"og:image:width\" content=\"1280\" \/>\n\t<meta property=\"og:image:height\" content=\"720\" \/>\n\t<meta property=\"og:image:type\" content=\"image\/jpeg\" \/>\n<meta name=\"author\" content=\"Staff\" \/>\n<meta name=\"twitter:card\" content=\"summary_large_image\" \/>\n<meta name=\"twitter:label1\" content=\"Escrito por\" \/>\n\t<meta name=\"twitter:data1\" content=\"Staff\" \/>\n\t<meta name=\"twitter:label2\" content=\"Tiempo de lectura\" \/>\n\t<meta name=\"twitter:data2\" content=\"1 minuto\" \/>\n<script type=\"application\/ld+json\" class=\"yoast-schema-graph\">{\"@context\":\"https:\\\/\\\/schema.org\",\"@graph\":[{\"@type\":\"Article\",\"@id\":\"https:\\\/\\\/www.bbmnoticias.com\\\/celebra-sso-xxvii-aniversario-de-hno-con-congreso-de-cardiologia-pediatrica\\\/#article\",\"isPartOf\":{\"@id\":\"https:\\\/\\\/www.bbmnoticias.com\\\/labravaradiofm\\\/2025\\\/11\\\/07\\\/celebra-sso-xxvii-aniversario-de-hno-con-congreso-de-cardiologia-pediatrica\\\/\"},\"author\":{\"name\":\"Staff\",\"@id\":\"https:\\\/\\\/www.bbmnoticias.com\\\/labravaradiofm\\\/#\\\/schema\\\/person\\\/34b139c617a70ea5bef5678bffe4dd7b\"},\"headline\":\"Celebra SSO XXVII Aniversario de HNO con Congreso de Cardiolog\u00eda Pedi\u00e1trica\",\"datePublished\":\"2025-11-07T23:43:53+00:00\",\"dateModified\":\"2025-11-07T23:44:21+00:00\",\"mainEntityOfPage\":{\"@id\":\"https:\\\/\\\/www.bbmnoticias.com\\\/labravaradiofm\\\/2025\\\/11\\\/07\\\/celebra-sso-xxvii-aniversario-de-hno-con-congreso-de-cardiologia-pediatrica\\\/\"},\"wordCount\":262,\"image\":{\"@id\":\"https:\\\/\\\/www.bbmnoticias.com\\\/celebra-sso-xxvii-aniversario-de-hno-con-congreso-de-cardiologia-pediatrica\\\/#primaryimage\"},\"thumbnailUrl\":\"https:\\\/\\\/www.bbmnoticias.com\\\/labravaradiofm\\\/wp-content\\\/uploads\\\/sites\\\/5\\\/2025\\\/11\\\/SSO-1.jpeg\",\"articleSection\":[\"LOCAL\"],\"inLanguage\":\"es\"},{\"@type\":\"WebPage\",\"@id\":\"https:\\\/\\\/www.bbmnoticias.com\\\/labravaradiofm\\\/2025\\\/11\\\/07\\\/celebra-sso-xxvii-aniversario-de-hno-con-congreso-de-cardiologia-pediatrica\\\/\",\"url\":\"https:\\\/\\\/www.bbmnoticias.com\\\/celebra-sso-xxvii-aniversario-de-hno-con-congreso-de-cardiologia-pediatrica\\\/\",\"name\":\"Celebra SSO XXVII Aniversario de HNO con Congreso de Cardiolog\u00eda Pedi\u00e1trica - LA BRAVA RADIO\",\"isPartOf\":{\"@id\":\"https:\\\/\\\/www.bbmnoticias.com\\\/labravaradiofm\\\/#website\"},\"primaryImageOfPage\":{\"@id\":\"https:\\\/\\\/www.bbmnoticias.com\\\/celebra-sso-xxvii-aniversario-de-hno-con-congreso-de-cardiologia-pediatrica\\\/#primaryimage\"},\"image\":{\"@id\":\"https:\\\/\\\/www.bbmnoticias.com\\\/celebra-sso-xxvii-aniversario-de-hno-con-congreso-de-cardiologia-pediatrica\\\/#primaryimage\"},\"thumbnailUrl\":\"https:\\\/\\\/www.bbmnoticias.com\\\/labravaradiofm\\\/wp-content\\\/uploads\\\/sites\\\/5\\\/2025\\\/11\\\/SSO-1.jpeg\",\"datePublished\":\"2025-11-07T23:43:53+00:00\",\"dateModified\":\"2025-11-07T23:44:21+00:00\",\"author\":{\"@id\":\"https:\\\/\\\/www.bbmnoticias.com\\\/labravaradiofm\\\/#\\\/schema\\\/person\\\/34b139c617a70ea5bef5678bffe4dd7b\"},\"breadcrumb\":{\"@id\":\"https:\\\/\\\/www.bbmnoticias.com\\\/celebra-sso-xxvii-aniversario-de-hno-con-congreso-de-cardiologia-pediatrica\\\/#breadcrumb\"},\"inLanguage\":\"es\",\"potentialAction\":[{\"@type\":\"ReadAction\",\"target\":[\"https:\\\/\\\/www.bbmnoticias.com\\\/celebra-sso-xxvii-aniversario-de-hno-con-congreso-de-cardiologia-pediatrica\\\/\"]}]},{\"@type\":\"ImageObject\",\"inLanguage\":\"es\",\"@id\":\"https:\\\/\\\/www.bbmnoticias.com\\\/celebra-sso-xxvii-aniversario-de-hno-con-congreso-de-cardiologia-pediatrica\\\/#primaryimage\",\"url\":\"https:\\\/\\\/www.bbmnoticias.com\\\/labravaradiofm\\\/wp-content\\\/uploads\\\/sites\\\/5\\\/2025\\\/11\\\/SSO-1.jpeg\",\"contentUrl\":\"https:\\\/\\\/www.bbmnoticias.com\\\/labravaradiofm\\\/wp-content\\\/uploads\\\/sites\\\/5\\\/2025\\\/11\\\/SSO-1.jpeg\",\"width\":1280,\"height\":720},{\"@type\":\"BreadcrumbList\",\"@id\":\"https:\\\/\\\/www.bbmnoticias.com\\\/celebra-sso-xxvii-aniversario-de-hno-con-congreso-de-cardiologia-pediatrica\\\/#breadcrumb\",\"itemListElement\":[{\"@type\":\"ListItem\",\"position\":1,\"name\":\"Inicio\",\"item\":\"https:\\\/\\\/www.bbmnoticias.com\\\/labravaradiofm\\\/\"},{\"@type\":\"ListItem\",\"position\":2,\"name\":\"Celebra SSO XXVII Aniversario de HNO con Congreso de Cardiolog\u00eda Pedi\u00e1trica\"}]},{\"@type\":\"WebSite\",\"@id\":\"https:\\\/\\\/www.bbmnoticias.com\\\/labravaradiofm\\\/#website\",\"url\":\"https:\\\/\\\/www.bbmnoticias.com\\\/labravaradiofm\\\/\",\"name\":\"LA BRAVA RADIO\",\"description\":\"Empresa productora de medios, Radiodifusi\u00f3n, Noticias, tendencias y todo lo que necesitas saber de la pol\u00edtica mexicana e internacional; entretenimiento, espect\u00e1culos, salud y mucho m\u00e1s.\",\"potentialAction\":[{\"@type\":\"SearchAction\",\"target\":{\"@type\":\"EntryPoint\",\"urlTemplate\":\"https:\\\/\\\/www.bbmnoticias.com\\\/labravaradiofm\\\/?s={search_term_string}\"},\"query-input\":{\"@type\":\"PropertyValueSpecification\",\"valueRequired\":true,\"valueName\":\"search_term_string\"}}],\"inLanguage\":\"es\"},{\"@type\":\"Person\",\"@id\":\"https:\\\/\\\/www.bbmnoticias.com\\\/labravaradiofm\\\/#\\\/schema\\\/person\\\/34b139c617a70ea5bef5678bffe4dd7b\",\"name\":\"Staff\",\"image\":{\"@type\":\"ImageObject\",\"inLanguage\":\"es\",\"@id\":\"https:\\\/\\\/secure.gravatar.com\\\/avatar\\\/fdd21ad66fd8b98c407f9dee5b5e588cfe7f0d8579ec20fa6527cd59bab7f0f0?s=96&d=mm&r=g\",\"url\":\"https:\\\/\\\/secure.gravatar.com\\\/avatar\\\/fdd21ad66fd8b98c407f9dee5b5e588cfe7f0d8579ec20fa6527cd59bab7f0f0?s=96&d=mm&r=g\",\"contentUrl\":\"https:\\\/\\\/secure.gravatar.com\\\/avatar\\\/fdd21ad66fd8b98c407f9dee5b5e588cfe7f0d8579ec20fa6527cd59bab7f0f0?s=96&d=mm&r=g\",\"caption\":\"Staff\"},\"url\":\"https:\\\/\\\/www.bbmnoticias.com\\\/labravaradiofm\\\/author\\\/redaccion\\\/\"}]}<\/script>\n<!-- \/ Yoast SEO plugin. -->","yoast_head_json":{"title":"Celebra SSO XXVII Aniversario de HNO con Congreso de Cardiolog\u00eda Pedi\u00e1trica - LA BRAVA RADIO","robots":{"index":"index","follow":"follow","max-snippet":"max-snippet:-1","max-image-preview":"max-image-preview:large","max-video-preview":"max-video-preview:-1"},"canonical":"https:\/\/www.bbmnoticias.com\/celebra-sso-xxvii-aniversario-de-hno-con-congreso-de-cardiologia-pediatrica\/","og_locale":"es_MX","og_type":"article","og_title":"Celebra SSO XXVII Aniversario de HNO con Congreso de Cardiolog\u00eda Pedi\u00e1trica - LA BRAVA RADIO","og_description":"Oaxaca de Ju\u00e1rez, Oax.- Con el Congreso de \u201cCardiolog\u00eda Pedi\u00e1trica\u201d, autoridades del sector salud conmemoraron el XXVII Aniversario del Hospital de la Ni\u00f1ez Oaxaque\u00f1a (HNO) Doctor Guillermo Z\u00e1rate Mijangos, que es un referente de la atenci\u00f3n a la salud especializada y formaci\u00f3n de recursos humanos. Esta capacitaci\u00f3n, con una duraci\u00f3n de tres d\u00edas, busca afianzar [&hellip;]","og_url":"https:\/\/www.bbmnoticias.com\/celebra-sso-xxvii-aniversario-de-hno-con-congreso-de-cardiologia-pediatrica\/","og_site_name":"LA BRAVA RADIO","article_published_time":"2025-11-07T23:43:53+00:00","article_modified_time":"2025-11-07T23:44:21+00:00","og_image":[{"width":1280,"height":720,"url":"https:\/\/www.bbmnoticias.com\/labravaradiofm\/wp-content\/uploads\/sites\/5\/2025\/11\/SSO-1.jpeg","type":"image\/jpeg"}],"author":"Staff","twitter_card":"summary_large_image","twitter_misc":{"Escrito por":"Staff","Tiempo de lectura":"1 minuto"},"schema":{"@context":"https:\/\/schema.org","@graph":[{"@type":"Article","@id":"https:\/\/www.bbmnoticias.com\/celebra-sso-xxvii-aniversario-de-hno-con-congreso-de-cardiologia-pediatrica\/#article","isPartOf":{"@id":"https:\/\/www.bbmnoticias.com\/labravaradiofm\/2025\/11\/07\/celebra-sso-xxvii-aniversario-de-hno-con-congreso-de-cardiologia-pediatrica\/"},"author":{"name":"Staff","@id":"https:\/\/www.bbmnoticias.com\/labravaradiofm\/#\/schema\/person\/34b139c617a70ea5bef5678bffe4dd7b"},"headline":"Celebra SSO XXVII Aniversario de HNO con Congreso de Cardiolog\u00eda Pedi\u00e1trica","datePublished":"2025-11-07T23:43:53+00:00","dateModified":"2025-11-07T23:44:21+00:00","mainEntityOfPage":{"@id":"https:\/\/www.bbmnoticias.com\/labravaradiofm\/2025\/11\/07\/celebra-sso-xxvii-aniversario-de-hno-con-congreso-de-cardiologia-pediatrica\/"},"wordCount":262,"image":{"@id":"https:\/\/www.bbmnoticias.com\/celebra-sso-xxvii-aniversario-de-hno-con-congreso-de-cardiologia-pediatrica\/#primaryimage"},"thumbnailUrl":"https:\/\/www.bbmnoticias.com\/labravaradiofm\/wp-content\/uploads\/sites\/5\/2025\/11\/SSO-1.jpeg","articleSection":["LOCAL"],"inLanguage":"es"},{"@type":"WebPage","@id":"https:\/\/www.bbmnoticias.com\/labravaradiofm\/2025\/11\/07\/celebra-sso-xxvii-aniversario-de-hno-con-congreso-de-cardiologia-pediatrica\/","url":"https:\/\/www.bbmnoticias.com\/celebra-sso-xxvii-aniversario-de-hno-con-congreso-de-cardiologia-pediatrica\/","name":"Celebra SSO XXVII Aniversario de HNO con Congreso de Cardiolog\u00eda Pedi\u00e1trica - LA BRAVA RADIO","isPartOf":{"@id":"https:\/\/www.bbmnoticias.com\/labravaradiofm\/#website"},"primaryImageOfPage":{"@id":"https:\/\/www.bbmnoticias.com\/celebra-sso-xxvii-aniversario-de-hno-con-congreso-de-cardiologia-pediatrica\/#primaryimage"},"image":{"@id":"https:\/\/www.bbmnoticias.com\/celebra-sso-xxvii-aniversario-de-hno-con-congreso-de-cardiologia-pediatrica\/#primaryimage"},"thumbnailUrl":"https:\/\/www.bbmnoticias.com\/labravaradiofm\/wp-content\/uploads\/sites\/5\/2025\/11\/SSO-1.jpeg","datePublished":"2025-11-07T23:43:53+00:00","dateModified":"2025-11-07T23:44:21+00:00","author":{"@id":"https:\/\/www.bbmnoticias.com\/labravaradiofm\/#\/schema\/person\/34b139c617a70ea5bef5678bffe4dd7b"},"breadcrumb":{"@id":"https:\/\/www.bbmnoticias.com\/celebra-sso-xxvii-aniversario-de-hno-con-congreso-de-cardiologia-pediatrica\/#breadcrumb"},"inLanguage":"es","potentialAction":[{"@type":"ReadAction","target":["https:\/\/www.bbmnoticias.com\/celebra-sso-xxvii-aniversario-de-hno-con-congreso-de-cardiologia-pediatrica\/"]}]},{"@type":"ImageObject","inLanguage":"es","@id":"https:\/\/www.bbmnoticias.com\/celebra-sso-xxvii-aniversario-de-hno-con-congreso-de-cardiologia-pediatrica\/#primaryimage","url":"https:\/\/www.bbmnoticias.com\/labravaradiofm\/wp-content\/uploads\/sites\/5\/2025\/11\/SSO-1.jpeg","contentUrl":"https:\/\/www.bbmnoticias.com\/labravaradiofm\/wp-content\/uploads\/sites\/5\/2025\/11\/SSO-1.jpeg","width":1280,"height":720},{"@type":"BreadcrumbList","@id":"https:\/\/www.bbmnoticias.com\/celebra-sso-xxvii-aniversario-de-hno-con-congreso-de-cardiologia-pediatrica\/#breadcrumb","itemListElement":[{"@type":"ListItem","position":1,"name":"Inicio","item":"https:\/\/www.bbmnoticias.com\/labravaradiofm\/"},{"@type":"ListItem","position":2,"name":"Celebra SSO XXVII Aniversario de HNO con Congreso de Cardiolog\u00eda Pedi\u00e1trica"}]},{"@type":"WebSite","@id":"https:\/\/www.bbmnoticias.com\/labravaradiofm\/#website","url":"https:\/\/www.bbmnoticias.com\/labravaradiofm\/","name":"LA BRAVA RADIO","description":"Empresa productora de medios, Radiodifusi\u00f3n, Noticias, tendencias y todo lo que necesitas saber de la pol\u00edtica mexicana e internacional; entretenimiento, espect\u00e1culos, salud y mucho m\u00e1s.","potentialAction":[{"@type":"SearchAction","target":{"@type":"EntryPoint","urlTemplate":"https:\/\/www.bbmnoticias.com\/labravaradiofm\/?s={search_term_string}"},"query-input":{"@type":"PropertyValueSpecification","valueRequired":true,"valueName":"search_term_string"}}],"inLanguage":"es"},{"@type":"Person","@id":"https:\/\/www.bbmnoticias.com\/labravaradiofm\/#\/schema\/person\/34b139c617a70ea5bef5678bffe4dd7b","name":"Staff","image":{"@type":"ImageObject","inLanguage":"es","@id":"https:\/\/secure.gravatar.com\/avatar\/fdd21ad66fd8b98c407f9dee5b5e588cfe7f0d8579ec20fa6527cd59bab7f0f0?s=96&d=mm&r=g","url":"https:\/\/secure.gravatar.com\/avatar\/fdd21ad66fd8b98c407f9dee5b5e588cfe7f0d8579ec20fa6527cd59bab7f0f0?s=96&d=mm&r=g","contentUrl":"https:\/\/secure.gravatar.com\/avatar\/fdd21ad66fd8b98c407f9dee5b5e588cfe7f0d8579ec20fa6527cd59bab7f0f0?s=96&d=mm&r=g","caption":"Staff"},"url":"https:\/\/www.bbmnoticias.com\/labravaradiofm\/author\/redaccion\/"}]}},"_links":{"self":[{"href":"https:\/\/www.bbmnoticias.com\/labravaradiofm\/wp-json\/wp\/v2\/posts\/69521","targetHints":{"allow":["GET"]}}],"collection":[{"href":"https:\/\/www.bbmnoticias.com\/labravaradiofm\/wp-json\/wp\/v2\/posts"}],"about":[{"href":"https:\/\/www.bbmnoticias.com\/labravaradiofm\/wp-json\/wp\/v2\/types\/post"}],"author":[{"embeddable":true,"href":"https:\/\/www.bbmnoticias.com\/labravaradiofm\/wp-json\/wp\/v2\/users\/2"}],"replies":[{"embeddable":true,"href":"https:\/\/www.bbmnoticias.com\/labravaradiofm\/wp-json\/wp\/v2\/comments?post=69521"}],"version-history":[{"count":0,"href":"https:\/\/www.bbmnoticias.com\/labravaradiofm\/wp-json\/wp\/v2\/posts\/69521\/revisions"}],"wp:featuredmedia":[{"embeddable":true,"href":"https:\/\/www.bbmnoticias.com\/labravaradiofm\/wp-json\/wp\/v2\/media\/69523"}],"wp:attachment":[{"href":"https:\/\/www.bbmnoticias.com\/labravaradiofm\/wp-json\/wp\/v2\/media?parent=69521"}],"wp:term":[{"taxonomy":"category","embeddable":true,"href":"https:\/\/www.bbmnoticias.com\/labravaradiofm\/wp-json\/wp\/v2\/categories?post=69521"},{"taxonomy":"post_tag","embeddable":true,"href":"https:\/\/www.bbmnoticias.com\/labravaradiofm\/wp-json\/wp\/v2\/tags?post=69521"}],"curies":[{"name":"wp","href":"https:\/\/api.w.org\/{rel}","templated":true}]}}