{"id":69500,"date":"2025-11-07T15:05:47","date_gmt":"2025-11-07T21:05:47","guid":{"rendered":"https:\/\/www.bbmnoticias.com\/labravaradiofm\/2025\/11\/07\/claudia-sheinbaum-y-emmanuel-macron-acuerdan-cooperacion-y-exhibicion-de-codice-azcatitlan\/"},"modified":"2025-11-07T15:05:50","modified_gmt":"2025-11-07T21:05:50","slug":"claudia-sheinbaum-y-emmanuel-macron-acuerdan-cooperacion-y-exhibicion-de-codice-azcatitlan","status":"publish","type":"post","link":"https:\/\/www.bbmnoticias.com\/labravaradiofm\/2025\/11\/07\/claudia-sheinbaum-y-emmanuel-macron-acuerdan-cooperacion-y-exhibicion-de-codice-azcatitlan\/","title":{"rendered":"Claudia Sheinbaum y Emmanuel Macron acuerdan cooperaci\u00f3n y exhibici\u00f3n de C\u00f3dice Azcatitl\u00e1n"},"content":{"rendered":"<div style=\"margin-top: 0px; margin-bottom: 0px;\" class=\"sharethis-inline-share-buttons\" ><\/div>\n<p>Tras su <strong>reuni\u00f3n<\/strong> privada con la mandataria Claudia Sheinbaum, el presidente de <strong>Francia<\/strong>,&nbsp;Emmanuel Macron&nbsp;reiter\u00f3 su apoyo al pueblo mexicano, a quien calific\u00f3 como un socio estrat\u00e9gico de <strong>Francia<\/strong>.<\/p>\n\n\n\n<p>&#8220;Me siento feliz de estar realizando esta oficial visita de un presidente franc\u00e9s, que no se realiza desde 2014. Y m\u00e1s de 60 a\u00f1os despu\u00e9s de la visita del general&nbsp;Charles de Gaulle&nbsp;en M\u00e9xico. M\u00e9xico y Francia est\u00e1n unidos por un mismo esp\u00edritu de las luces, y tenemos en com\u00fan los valores de libertad, emancipaci\u00f3n y dignidad&#8221;, afirm\u00f3 Emmanuel Macron desde territorio mexicano.<\/p>\n\n\n\n<p>Tambi\u00e9n confirm\u00f3 su colaboraci\u00f3n para combatir el <strong>cambio clim\u00e1tico<\/strong>, un fen\u00f3meno que calific\u00f3 como &#8220;innegable&#8221; y cada vez m\u00e1s grave, ante los efectos devastadores que han ocasionado en los recientes a\u00f1os.&nbsp;<\/p>\n\n\n\n<p>Agreg\u00f3\u00a0que hay una voluntad mexicana para recibir el <strong>C\u00f3dice de Azcatitl\u00e1n<\/strong>\u00a0y mencion\u00f3\u00a0que durante la\u00a0<strong>alianza<\/strong> se sostendr\u00e1 un intercambio de piezas <strong>arqueol\u00f3gicas<\/strong> entre las instituciones <strong>culturales<\/strong>, bajo los valores de transparencia, para exhibirlos entre los\u00a0museos de ambos <strong>pa\u00edses<\/strong>.Temas a tratar en reuni\u00f3n presidencial<\/p>\n\n\n\n<p><strong>Claudia Sheinbaum<\/strong> recibi\u00f3 al\u00a0presidente de Francia, \u00a0<strong>Emmanuel Macron<\/strong>, con quien abord\u00f3\u00a0el recibimiento de un c\u00f3dice de una canci\u00f3n europea, as\u00ed como del acuerdo <strong>comercial<\/strong> que se renovar\u00e1 en 2026 con la <strong>Uni\u00f3n Europea<\/strong> (UE).<\/p>\n\n\n\n<p>En la Puerta de Honor de la sede del Ejecutivo, la presidenta <strong>Claudia Sheinbaum Pardo<\/strong> lo recibi\u00f3.\u00a0Tras la recepci\u00f3n, ambos gabinetes se van a reunir y posteriormente tendr\u00e1n un encuentro con empresarios.\u00a0A las 12:30 est\u00e1 prevista una conferencia de prensa conjunta en el Sal\u00f3n Tesorer\u00eda de Palacio Nacional.<\/p>\n\n\n\n<p>&#8220;Va a haber una reuni\u00f3n privada despu\u00e9s una reuni\u00f3n de los gabinetes luego una reuni\u00f3n con empresarios y luego daremos una conferencia de prensa Ese es el la agenda del d\u00eda de hoy con el presidente Macron&#8221;, dijo Sheinbaum en la Ma\u00f1anera previa al encuentro.<\/p>\n\n\n\n<h2 class=\"wp-block-heading\">Reciben a Emmanuel Macron para reuni\u00f3n presidencial<\/h2>\n\n\n\n<p>Durante el recibimiento del <strong>mandatario<\/strong>, se mantuvieron presentes los titulares de&nbsp;<strong>Relaciones Exteriores<\/strong>, Juan Ram\u00f3n de la Fuente; Marcelo Ebrard, de Econom\u00eda, Joel Omar V\u00e1zquez Herrera, Instituto&nbsp;Nacional de Antropolog\u00eda e Historia (INAH);&nbsp;Edgar Amador Zamora, de Hacienda, as\u00ed como&nbsp;Blanca Jim\u00e9nez, la embajadora de M\u00e9xico en <strong>Francia<\/strong>.<\/p>\n\n\n\n<p>El acuerdo <strong>comercial<\/strong> entre M\u00e9xico y la <strong>UE<\/strong> se rige\u00a0por el Acuerdo de Asociaci\u00f3n Econ\u00f3mica, Coordinaci\u00f3n Pol\u00edtica y Cooperaci\u00f3n, tambi\u00e9n conocido como Acuerdo Global, aborda el di\u00e1logo <strong>pol\u00edtica<\/strong>, las <strong>relaciones<\/strong> cooperaci\u00f3n y la bilateralidad, el cual entr\u00f3 en <strong>vigor<\/strong> en el 2000.<\/p>\n\n\n\n<p>Informaci\u00f3n en desarrollo&#8230;<\/p>\n","protected":false},"excerpt":{"rendered":"<p>Tras su reuni\u00f3n privada con la mandataria Claudia Sheinbaum, el presidente de Francia,&nbsp;Emmanuel Macron&nbsp;reiter\u00f3 su apoyo al pueblo mexicano, a quien calific\u00f3 como un socio estrat\u00e9gico de Francia. &#8220;Me siento feliz de estar realizando esta oficial visita de un presidente franc\u00e9s, que no se realiza desde 2014. Y m\u00e1s de 60 a\u00f1os despu\u00e9s de la [&hellip;]<\/p>\n","protected":false},"author":15,"featured_media":69502,"comment_status":"closed","ping_status":"","sticky":false,"template":"","format":"standard","meta":{"footnotes":""},"categories":[2,19],"tags":[],"class_list":{"0":"post-69500","1":"post","2":"type-post","3":"status-publish","4":"format-standard","5":"has-post-thumbnail","7":"category-oaxaca","8":"category-nacional"},"yoast_head":"<!-- This site is optimized with the Yoast SEO plugin v27.4 - https:\/\/yoast.com\/product\/yoast-seo-wordpress\/ -->\n<title>Claudia Sheinbaum y Emmanuel Macron acuerdan cooperaci\u00f3n y exhibici\u00f3n de C\u00f3dice Azcatitl\u00e1n - LA BRAVA RADIO<\/title>\n<meta name=\"robots\" content=\"index, follow, max-snippet:-1, max-image-preview:large, max-video-preview:-1\" \/>\n<link rel=\"canonical\" href=\"https:\/\/www.bbmnoticias.com\/claudia-sheinbaum-y-emmanuel-macron-acuerdan-cooperacion-y-exhibicion-de-codice-azcatitlan\/\" \/>\n<meta property=\"og:locale\" content=\"es_MX\" \/>\n<meta property=\"og:type\" content=\"article\" \/>\n<meta property=\"og:title\" content=\"Claudia Sheinbaum y Emmanuel Macron acuerdan cooperaci\u00f3n y exhibici\u00f3n de C\u00f3dice Azcatitl\u00e1n - LA BRAVA RADIO\" \/>\n<meta property=\"og:description\" content=\"Tras su reuni\u00f3n privada con la mandataria Claudia Sheinbaum, el presidente de Francia,&nbsp;Emmanuel Macron&nbsp;reiter\u00f3 su apoyo al pueblo mexicano, a quien calific\u00f3 como un socio estrat\u00e9gico de Francia. &#8220;Me siento feliz de estar realizando esta oficial visita de un presidente franc\u00e9s, que no se realiza desde 2014. Y m\u00e1s de 60 a\u00f1os despu\u00e9s de la [&hellip;]\" \/>\n<meta property=\"og:url\" content=\"https:\/\/www.bbmnoticias.com\/claudia-sheinbaum-y-emmanuel-macron-acuerdan-cooperacion-y-exhibicion-de-codice-azcatitlan\/\" \/>\n<meta property=\"og:site_name\" content=\"LA BRAVA RADIO\" \/>\n<meta property=\"article:published_time\" content=\"2025-11-07T21:05:47+00:00\" \/>\n<meta property=\"article:modified_time\" content=\"2025-11-07T21:05:50+00:00\" \/>\n<meta property=\"og:image\" content=\"https:\/\/www.bbmnoticias.com\/labravaradiofm\/wp-content\/uploads\/sites\/5\/2025\/11\/f768x1-1206558_1206685_5050.jpg\" \/>\n\t<meta property=\"og:image:width\" content=\"768\" \/>\n\t<meta property=\"og:image:height\" content=\"435\" \/>\n\t<meta property=\"og:image:type\" content=\"image\/jpeg\" \/>\n<meta name=\"author\" content=\"El Heraldo\" \/>\n<meta name=\"twitter:card\" content=\"summary_large_image\" \/>\n<meta name=\"twitter:label1\" content=\"Escrito por\" \/>\n\t<meta name=\"twitter:data1\" content=\"El Heraldo\" \/>\n\t<meta name=\"twitter:label2\" content=\"Tiempo de lectura\" \/>\n\t<meta name=\"twitter:data2\" content=\"2 minutos\" \/>\n<script type=\"application\/ld+json\" class=\"yoast-schema-graph\">{\"@context\":\"https:\\\/\\\/schema.org\",\"@graph\":[{\"@type\":\"Article\",\"@id\":\"https:\\\/\\\/www.bbmnoticias.com\\\/claudia-sheinbaum-y-emmanuel-macron-acuerdan-cooperacion-y-exhibicion-de-codice-azcatitlan\\\/#article\",\"isPartOf\":{\"@id\":\"https:\\\/\\\/www.bbmnoticias.com\\\/labravaradiofm\\\/2025\\\/11\\\/07\\\/claudia-sheinbaum-y-emmanuel-macron-acuerdan-cooperacion-y-exhibicion-de-codice-azcatitlan\\\/\"},\"author\":{\"name\":\"El Heraldo\",\"@id\":\"https:\\\/\\\/www.bbmnoticias.com\\\/labravaradiofm\\\/#\\\/schema\\\/person\\\/1d485366d29083d2d818c24013f8cbc0\"},\"headline\":\"Claudia Sheinbaum y Emmanuel Macron acuerdan cooperaci\u00f3n y exhibici\u00f3n de C\u00f3dice Azcatitl\u00e1n\",\"datePublished\":\"2025-11-07T21:05:47+00:00\",\"dateModified\":\"2025-11-07T21:05:50+00:00\",\"mainEntityOfPage\":{\"@id\":\"https:\\\/\\\/www.bbmnoticias.com\\\/labravaradiofm\\\/2025\\\/11\\\/07\\\/claudia-sheinbaum-y-emmanuel-macron-acuerdan-cooperacion-y-exhibicion-de-codice-azcatitlan\\\/\"},\"wordCount\":479,\"image\":{\"@id\":\"https:\\\/\\\/www.bbmnoticias.com\\\/claudia-sheinbaum-y-emmanuel-macron-acuerdan-cooperacion-y-exhibicion-de-codice-azcatitlan\\\/#primaryimage\"},\"thumbnailUrl\":\"https:\\\/\\\/www.bbmnoticias.com\\\/labravaradiofm\\\/wp-content\\\/uploads\\\/sites\\\/5\\\/2025\\\/11\\\/f768x1-1206558_1206685_5050.jpg\",\"articleSection\":[\"LOCAL\",\"NACIONAL\"],\"inLanguage\":\"es\"},{\"@type\":\"WebPage\",\"@id\":\"https:\\\/\\\/www.bbmnoticias.com\\\/labravaradiofm\\\/2025\\\/11\\\/07\\\/claudia-sheinbaum-y-emmanuel-macron-acuerdan-cooperacion-y-exhibicion-de-codice-azcatitlan\\\/\",\"url\":\"https:\\\/\\\/www.bbmnoticias.com\\\/claudia-sheinbaum-y-emmanuel-macron-acuerdan-cooperacion-y-exhibicion-de-codice-azcatitlan\\\/\",\"name\":\"Claudia Sheinbaum y Emmanuel Macron acuerdan cooperaci\u00f3n y exhibici\u00f3n de C\u00f3dice Azcatitl\u00e1n - LA BRAVA RADIO\",\"isPartOf\":{\"@id\":\"https:\\\/\\\/www.bbmnoticias.com\\\/labravaradiofm\\\/#website\"},\"primaryImageOfPage\":{\"@id\":\"https:\\\/\\\/www.bbmnoticias.com\\\/claudia-sheinbaum-y-emmanuel-macron-acuerdan-cooperacion-y-exhibicion-de-codice-azcatitlan\\\/#primaryimage\"},\"image\":{\"@id\":\"https:\\\/\\\/www.bbmnoticias.com\\\/claudia-sheinbaum-y-emmanuel-macron-acuerdan-cooperacion-y-exhibicion-de-codice-azcatitlan\\\/#primaryimage\"},\"thumbnailUrl\":\"https:\\\/\\\/www.bbmnoticias.com\\\/labravaradiofm\\\/wp-content\\\/uploads\\\/sites\\\/5\\\/2025\\\/11\\\/f768x1-1206558_1206685_5050.jpg\",\"datePublished\":\"2025-11-07T21:05:47+00:00\",\"dateModified\":\"2025-11-07T21:05:50+00:00\",\"author\":{\"@id\":\"https:\\\/\\\/www.bbmnoticias.com\\\/labravaradiofm\\\/#\\\/schema\\\/person\\\/1d485366d29083d2d818c24013f8cbc0\"},\"breadcrumb\":{\"@id\":\"https:\\\/\\\/www.bbmnoticias.com\\\/claudia-sheinbaum-y-emmanuel-macron-acuerdan-cooperacion-y-exhibicion-de-codice-azcatitlan\\\/#breadcrumb\"},\"inLanguage\":\"es\",\"potentialAction\":[{\"@type\":\"ReadAction\",\"target\":[\"https:\\\/\\\/www.bbmnoticias.com\\\/claudia-sheinbaum-y-emmanuel-macron-acuerdan-cooperacion-y-exhibicion-de-codice-azcatitlan\\\/\"]}]},{\"@type\":\"ImageObject\",\"inLanguage\":\"es\",\"@id\":\"https:\\\/\\\/www.bbmnoticias.com\\\/claudia-sheinbaum-y-emmanuel-macron-acuerdan-cooperacion-y-exhibicion-de-codice-azcatitlan\\\/#primaryimage\",\"url\":\"https:\\\/\\\/www.bbmnoticias.com\\\/labravaradiofm\\\/wp-content\\\/uploads\\\/sites\\\/5\\\/2025\\\/11\\\/f768x1-1206558_1206685_5050.jpg\",\"contentUrl\":\"https:\\\/\\\/www.bbmnoticias.com\\\/labravaradiofm\\\/wp-content\\\/uploads\\\/sites\\\/5\\\/2025\\\/11\\\/f768x1-1206558_1206685_5050.jpg\",\"width\":768,\"height\":435},{\"@type\":\"BreadcrumbList\",\"@id\":\"https:\\\/\\\/www.bbmnoticias.com\\\/claudia-sheinbaum-y-emmanuel-macron-acuerdan-cooperacion-y-exhibicion-de-codice-azcatitlan\\\/#breadcrumb\",\"itemListElement\":[{\"@type\":\"ListItem\",\"position\":1,\"name\":\"Inicio\",\"item\":\"https:\\\/\\\/www.bbmnoticias.com\\\/labravaradiofm\\\/\"},{\"@type\":\"ListItem\",\"position\":2,\"name\":\"Claudia Sheinbaum y Emmanuel Macron acuerdan cooperaci\u00f3n y exhibici\u00f3n de C\u00f3dice Azcatitl\u00e1n\"}]},{\"@type\":\"WebSite\",\"@id\":\"https:\\\/\\\/www.bbmnoticias.com\\\/labravaradiofm\\\/#website\",\"url\":\"https:\\\/\\\/www.bbmnoticias.com\\\/labravaradiofm\\\/\",\"name\":\"LA BRAVA RADIO\",\"description\":\"Empresa productora de medios, Radiodifusi\u00f3n, Noticias, tendencias y todo lo que necesitas saber de la pol\u00edtica mexicana e internacional; entretenimiento, espect\u00e1culos, salud y mucho m\u00e1s.\",\"potentialAction\":[{\"@type\":\"SearchAction\",\"target\":{\"@type\":\"EntryPoint\",\"urlTemplate\":\"https:\\\/\\\/www.bbmnoticias.com\\\/labravaradiofm\\\/?s={search_term_string}\"},\"query-input\":{\"@type\":\"PropertyValueSpecification\",\"valueRequired\":true,\"valueName\":\"search_term_string\"}}],\"inLanguage\":\"es\"},{\"@type\":\"Person\",\"@id\":\"https:\\\/\\\/www.bbmnoticias.com\\\/labravaradiofm\\\/#\\\/schema\\\/person\\\/1d485366d29083d2d818c24013f8cbc0\",\"name\":\"El Heraldo\",\"image\":{\"@type\":\"ImageObject\",\"inLanguage\":\"es\",\"@id\":\"https:\\\/\\\/secure.gravatar.com\\\/avatar\\\/463017be041288b5a196814ef7242bd62699b857f306e4b5b61b533e8a87f404?s=96&d=mm&r=g\",\"url\":\"https:\\\/\\\/secure.gravatar.com\\\/avatar\\\/463017be041288b5a196814ef7242bd62699b857f306e4b5b61b533e8a87f404?s=96&d=mm&r=g\",\"contentUrl\":\"https:\\\/\\\/secure.gravatar.com\\\/avatar\\\/463017be041288b5a196814ef7242bd62699b857f306e4b5b61b533e8a87f404?s=96&d=mm&r=g\",\"caption\":\"El Heraldo\"},\"url\":\"https:\\\/\\\/www.bbmnoticias.com\\\/labravaradiofm\\\/author\\\/heraldo\\\/\"}]}<\/script>\n<!-- \/ Yoast SEO plugin. -->","yoast_head_json":{"title":"Claudia Sheinbaum y Emmanuel Macron acuerdan cooperaci\u00f3n y exhibici\u00f3n de C\u00f3dice Azcatitl\u00e1n - LA BRAVA RADIO","robots":{"index":"index","follow":"follow","max-snippet":"max-snippet:-1","max-image-preview":"max-image-preview:large","max-video-preview":"max-video-preview:-1"},"canonical":"https:\/\/www.bbmnoticias.com\/claudia-sheinbaum-y-emmanuel-macron-acuerdan-cooperacion-y-exhibicion-de-codice-azcatitlan\/","og_locale":"es_MX","og_type":"article","og_title":"Claudia Sheinbaum y Emmanuel Macron acuerdan cooperaci\u00f3n y exhibici\u00f3n de C\u00f3dice Azcatitl\u00e1n - LA BRAVA RADIO","og_description":"Tras su reuni\u00f3n privada con la mandataria Claudia Sheinbaum, el presidente de Francia,&nbsp;Emmanuel Macron&nbsp;reiter\u00f3 su apoyo al pueblo mexicano, a quien calific\u00f3 como un socio estrat\u00e9gico de Francia. &#8220;Me siento feliz de estar realizando esta oficial visita de un presidente franc\u00e9s, que no se realiza desde 2014. Y m\u00e1s de 60 a\u00f1os despu\u00e9s de la [&hellip;]","og_url":"https:\/\/www.bbmnoticias.com\/claudia-sheinbaum-y-emmanuel-macron-acuerdan-cooperacion-y-exhibicion-de-codice-azcatitlan\/","og_site_name":"LA BRAVA RADIO","article_published_time":"2025-11-07T21:05:47+00:00","article_modified_time":"2025-11-07T21:05:50+00:00","og_image":[{"width":768,"height":435,"url":"https:\/\/www.bbmnoticias.com\/labravaradiofm\/wp-content\/uploads\/sites\/5\/2025\/11\/f768x1-1206558_1206685_5050.jpg","type":"image\/jpeg"}],"author":"El Heraldo","twitter_card":"summary_large_image","twitter_misc":{"Escrito por":"El Heraldo","Tiempo de lectura":"2 minutos"},"schema":{"@context":"https:\/\/schema.org","@graph":[{"@type":"Article","@id":"https:\/\/www.bbmnoticias.com\/claudia-sheinbaum-y-emmanuel-macron-acuerdan-cooperacion-y-exhibicion-de-codice-azcatitlan\/#article","isPartOf":{"@id":"https:\/\/www.bbmnoticias.com\/labravaradiofm\/2025\/11\/07\/claudia-sheinbaum-y-emmanuel-macron-acuerdan-cooperacion-y-exhibicion-de-codice-azcatitlan\/"},"author":{"name":"El Heraldo","@id":"https:\/\/www.bbmnoticias.com\/labravaradiofm\/#\/schema\/person\/1d485366d29083d2d818c24013f8cbc0"},"headline":"Claudia Sheinbaum y Emmanuel Macron acuerdan cooperaci\u00f3n y exhibici\u00f3n de C\u00f3dice Azcatitl\u00e1n","datePublished":"2025-11-07T21:05:47+00:00","dateModified":"2025-11-07T21:05:50+00:00","mainEntityOfPage":{"@id":"https:\/\/www.bbmnoticias.com\/labravaradiofm\/2025\/11\/07\/claudia-sheinbaum-y-emmanuel-macron-acuerdan-cooperacion-y-exhibicion-de-codice-azcatitlan\/"},"wordCount":479,"image":{"@id":"https:\/\/www.bbmnoticias.com\/claudia-sheinbaum-y-emmanuel-macron-acuerdan-cooperacion-y-exhibicion-de-codice-azcatitlan\/#primaryimage"},"thumbnailUrl":"https:\/\/www.bbmnoticias.com\/labravaradiofm\/wp-content\/uploads\/sites\/5\/2025\/11\/f768x1-1206558_1206685_5050.jpg","articleSection":["LOCAL","NACIONAL"],"inLanguage":"es"},{"@type":"WebPage","@id":"https:\/\/www.bbmnoticias.com\/labravaradiofm\/2025\/11\/07\/claudia-sheinbaum-y-emmanuel-macron-acuerdan-cooperacion-y-exhibicion-de-codice-azcatitlan\/","url":"https:\/\/www.bbmnoticias.com\/claudia-sheinbaum-y-emmanuel-macron-acuerdan-cooperacion-y-exhibicion-de-codice-azcatitlan\/","name":"Claudia Sheinbaum y Emmanuel Macron acuerdan cooperaci\u00f3n y exhibici\u00f3n de C\u00f3dice Azcatitl\u00e1n - LA BRAVA RADIO","isPartOf":{"@id":"https:\/\/www.bbmnoticias.com\/labravaradiofm\/#website"},"primaryImageOfPage":{"@id":"https:\/\/www.bbmnoticias.com\/claudia-sheinbaum-y-emmanuel-macron-acuerdan-cooperacion-y-exhibicion-de-codice-azcatitlan\/#primaryimage"},"image":{"@id":"https:\/\/www.bbmnoticias.com\/claudia-sheinbaum-y-emmanuel-macron-acuerdan-cooperacion-y-exhibicion-de-codice-azcatitlan\/#primaryimage"},"thumbnailUrl":"https:\/\/www.bbmnoticias.com\/labravaradiofm\/wp-content\/uploads\/sites\/5\/2025\/11\/f768x1-1206558_1206685_5050.jpg","datePublished":"2025-11-07T21:05:47+00:00","dateModified":"2025-11-07T21:05:50+00:00","author":{"@id":"https:\/\/www.bbmnoticias.com\/labravaradiofm\/#\/schema\/person\/1d485366d29083d2d818c24013f8cbc0"},"breadcrumb":{"@id":"https:\/\/www.bbmnoticias.com\/claudia-sheinbaum-y-emmanuel-macron-acuerdan-cooperacion-y-exhibicion-de-codice-azcatitlan\/#breadcrumb"},"inLanguage":"es","potentialAction":[{"@type":"ReadAction","target":["https:\/\/www.bbmnoticias.com\/claudia-sheinbaum-y-emmanuel-macron-acuerdan-cooperacion-y-exhibicion-de-codice-azcatitlan\/"]}]},{"@type":"ImageObject","inLanguage":"es","@id":"https:\/\/www.bbmnoticias.com\/claudia-sheinbaum-y-emmanuel-macron-acuerdan-cooperacion-y-exhibicion-de-codice-azcatitlan\/#primaryimage","url":"https:\/\/www.bbmnoticias.com\/labravaradiofm\/wp-content\/uploads\/sites\/5\/2025\/11\/f768x1-1206558_1206685_5050.jpg","contentUrl":"https:\/\/www.bbmnoticias.com\/labravaradiofm\/wp-content\/uploads\/sites\/5\/2025\/11\/f768x1-1206558_1206685_5050.jpg","width":768,"height":435},{"@type":"BreadcrumbList","@id":"https:\/\/www.bbmnoticias.com\/claudia-sheinbaum-y-emmanuel-macron-acuerdan-cooperacion-y-exhibicion-de-codice-azcatitlan\/#breadcrumb","itemListElement":[{"@type":"ListItem","position":1,"name":"Inicio","item":"https:\/\/www.bbmnoticias.com\/labravaradiofm\/"},{"@type":"ListItem","position":2,"name":"Claudia Sheinbaum y Emmanuel Macron acuerdan cooperaci\u00f3n y exhibici\u00f3n de C\u00f3dice Azcatitl\u00e1n"}]},{"@type":"WebSite","@id":"https:\/\/www.bbmnoticias.com\/labravaradiofm\/#website","url":"https:\/\/www.bbmnoticias.com\/labravaradiofm\/","name":"LA BRAVA RADIO","description":"Empresa productora de medios, Radiodifusi\u00f3n, Noticias, tendencias y todo lo que necesitas saber de la pol\u00edtica mexicana e internacional; entretenimiento, espect\u00e1culos, salud y mucho m\u00e1s.","potentialAction":[{"@type":"SearchAction","target":{"@type":"EntryPoint","urlTemplate":"https:\/\/www.bbmnoticias.com\/labravaradiofm\/?s={search_term_string}"},"query-input":{"@type":"PropertyValueSpecification","valueRequired":true,"valueName":"search_term_string"}}],"inLanguage":"es"},{"@type":"Person","@id":"https:\/\/www.bbmnoticias.com\/labravaradiofm\/#\/schema\/person\/1d485366d29083d2d818c24013f8cbc0","name":"El Heraldo","image":{"@type":"ImageObject","inLanguage":"es","@id":"https:\/\/secure.gravatar.com\/avatar\/463017be041288b5a196814ef7242bd62699b857f306e4b5b61b533e8a87f404?s=96&d=mm&r=g","url":"https:\/\/secure.gravatar.com\/avatar\/463017be041288b5a196814ef7242bd62699b857f306e4b5b61b533e8a87f404?s=96&d=mm&r=g","contentUrl":"https:\/\/secure.gravatar.com\/avatar\/463017be041288b5a196814ef7242bd62699b857f306e4b5b61b533e8a87f404?s=96&d=mm&r=g","caption":"El Heraldo"},"url":"https:\/\/www.bbmnoticias.com\/labravaradiofm\/author\/heraldo\/"}]}},"_links":{"self":[{"href":"https:\/\/www.bbmnoticias.com\/labravaradiofm\/wp-json\/wp\/v2\/posts\/69500","targetHints":{"allow":["GET"]}}],"collection":[{"href":"https:\/\/www.bbmnoticias.com\/labravaradiofm\/wp-json\/wp\/v2\/posts"}],"about":[{"href":"https:\/\/www.bbmnoticias.com\/labravaradiofm\/wp-json\/wp\/v2\/types\/post"}],"author":[{"embeddable":true,"href":"https:\/\/www.bbmnoticias.com\/labravaradiofm\/wp-json\/wp\/v2\/users\/15"}],"replies":[{"embeddable":true,"href":"https:\/\/www.bbmnoticias.com\/labravaradiofm\/wp-json\/wp\/v2\/comments?post=69500"}],"version-history":[{"count":0,"href":"https:\/\/www.bbmnoticias.com\/labravaradiofm\/wp-json\/wp\/v2\/posts\/69500\/revisions"}],"wp:featuredmedia":[{"embeddable":true,"href":"https:\/\/www.bbmnoticias.com\/labravaradiofm\/wp-json\/wp\/v2\/media\/69502"}],"wp:attachment":[{"href":"https:\/\/www.bbmnoticias.com\/labravaradiofm\/wp-json\/wp\/v2\/media?parent=69500"}],"wp:term":[{"taxonomy":"category","embeddable":true,"href":"https:\/\/www.bbmnoticias.com\/labravaradiofm\/wp-json\/wp\/v2\/categories?post=69500"},{"taxonomy":"post_tag","embeddable":true,"href":"https:\/\/www.bbmnoticias.com\/labravaradiofm\/wp-json\/wp\/v2\/tags?post=69500"}],"curies":[{"name":"wp","href":"https:\/\/api.w.org\/{rel}","templated":true}]}}