{"id":69494,"date":"2025-11-07T14:31:13","date_gmt":"2025-11-07T20:31:13","guid":{"rendered":"https:\/\/www.bbmnoticias.com\/labravaradiofm\/2025\/11\/07\/detienen-ael-taz-probable-responsable-por-homicidio-y-abandono-del-cuerpo-de-la-victima-en-calles-de-la-colonia-jardin\/"},"modified":"2025-11-07T14:31:16","modified_gmt":"2025-11-07T20:31:16","slug":"detienen-ael-taz-probable-responsable-por-homicidio-y-abandono-del-cuerpo-de-la-victima-en-calles-de-la-colonia-jardin","status":"publish","type":"post","link":"https:\/\/www.bbmnoticias.com\/labravaradiofm\/2025\/11\/07\/detienen-ael-taz-probable-responsable-por-homicidio-y-abandono-del-cuerpo-de-la-victima-en-calles-de-la-colonia-jardin\/","title":{"rendered":"Detienen a\u201cEl Taz\u201d, probable responsable por homicidio y abandono del cuerpo de la v\u00edctima en calles de la Colonia Jard\u00edn"},"content":{"rendered":"<div style=\"margin-top: 0px; margin-bottom: 0px;\" class=\"sharethis-inline-share-buttons\" ><\/div>\n<p><strong>Oaxaca de Ju\u00e1rez, Oax.- <\/strong>La Fiscal\u00eda General del Estado de Oaxaca (FGEO) ejecut\u00f3 la detenci\u00f3n legal de N.G.A.C., alias \u201cEl Taz\u201d, por el delito de Homicidio Calificado, en agravio de S.N.O., alias \u201cChaparrito, Chapis o Choki\u201d, cuyo cuerpo fue localizado en calles de la Colonia Jard\u00edn de la capital.<\/p>\n\n\n\n<p>Los trabajos de inteligencia criminal que realiza la Fiscal\u00eda de Oaxaca, a trav\u00e9s de la Fiscal\u00eda Especializada para la Atenci\u00f3n a Delitos de Alto Impacto, permiti\u00f3 establecer las l\u00edneas de investigaci\u00f3n que condujeron a la identificaci\u00f3n de N.G.A.C., alias \u201cEl Taz\u201d, se\u00f1alado como el principal responsable de esta agresi\u00f3n.<\/p>\n\n\n\n<p>Derivado de este trabajo ministerial, se obtuvo una orden de aprehensi\u00f3n que hizo posible la detenci\u00f3n legal del imputado, adem\u00e1s que se solicit\u00f3 la vinculaci\u00f3n a proceso por el delito de homicidio calificado.<\/p>\n\n\n\n<p>De acuerdo con las indagatorias, los hechos ocurrieron en un domicilio en la colonia Jard\u00edn, de la ciudad de Oaxaca de Ju\u00e1rez donde la v\u00edctima, una persona del sexo masculino identificado como S.N.O., alias \u201cChaparrito, Chapis o Choki\u201d, tuvo problemas interpersonales con los agresores con quienes habr\u00eda sostenido una discusi\u00f3n que deriv\u00f3 en un ataque en el que lo golpearon para luego envolver el cuerpo con diferentes materiales.<\/p>\n\n\n\n<p>Posteriormente, los responsables tomaron el cuerpo de la v\u00edctima y lo trasladaron a un par de cuadras de distancia del domicilio donde lo ten\u00edan para despu\u00e9s abandonarlo en la calle de Colorines, en la Colonia Jard\u00edn, sitio en el que lo localizaron el 14 de octubre de 2025.<\/p>\n\n\n\n<p>La Fiscal\u00eda de Oaxaca emplea t\u00e9cnicas de investigaci\u00f3n ministerial para fortalecer los trabajos que permiten la detenci\u00f3n de los responsables para que las v\u00edctimas directas e indirectas tengan pleno acceso a los mecanismos de justicia integral.<\/p>\n","protected":false},"excerpt":{"rendered":"<p>Oaxaca de Ju\u00e1rez, Oax.- La Fiscal\u00eda General del Estado de Oaxaca (FGEO) ejecut\u00f3 la detenci\u00f3n legal de N.G.A.C., alias \u201cEl Taz\u201d, por el delito de Homicidio Calificado, en agravio de S.N.O., alias \u201cChaparrito, Chapis o Choki\u201d, cuyo cuerpo fue localizado en calles de la Colonia Jard\u00edn de la capital. Los trabajos de inteligencia criminal que [&hellip;]<\/p>\n","protected":false},"author":2,"featured_media":69496,"comment_status":"closed","ping_status":"","sticky":false,"template":"","format":"standard","meta":{"footnotes":""},"categories":[2],"tags":[],"class_list":{"0":"post-69494","1":"post","2":"type-post","3":"status-publish","4":"format-standard","5":"has-post-thumbnail","7":"category-oaxaca"},"yoast_head":"<!-- This site is optimized with the Yoast SEO plugin v27.4 - https:\/\/yoast.com\/product\/yoast-seo-wordpress\/ -->\n<title>Detienen a\u201cEl Taz\u201d, probable responsable por homicidio y abandono del cuerpo de la v\u00edctima en calles de la Colonia Jard\u00edn - LA BRAVA RADIO<\/title>\n<meta name=\"robots\" content=\"index, follow, max-snippet:-1, max-image-preview:large, max-video-preview:-1\" \/>\n<link rel=\"canonical\" href=\"https:\/\/www.bbmnoticias.com\/detienen-ael-taz-probable-responsable-por-homicidio-y-abandono-del-cuerpo-de-la-victima-en-calles-de-la-colonia-jardin\/\" \/>\n<meta property=\"og:locale\" content=\"es_MX\" \/>\n<meta property=\"og:type\" content=\"article\" \/>\n<meta property=\"og:title\" content=\"Detienen a\u201cEl Taz\u201d, probable responsable por homicidio y abandono del cuerpo de la v\u00edctima en calles de la Colonia Jard\u00edn - LA BRAVA RADIO\" \/>\n<meta property=\"og:description\" content=\"Oaxaca de Ju\u00e1rez, Oax.- La Fiscal\u00eda General del Estado de Oaxaca (FGEO) ejecut\u00f3 la detenci\u00f3n legal de N.G.A.C., alias \u201cEl Taz\u201d, por el delito de Homicidio Calificado, en agravio de S.N.O., alias \u201cChaparrito, Chapis o Choki\u201d, cuyo cuerpo fue localizado en calles de la Colonia Jard\u00edn de la capital. Los trabajos de inteligencia criminal que [&hellip;]\" \/>\n<meta property=\"og:url\" content=\"https:\/\/www.bbmnoticias.com\/detienen-ael-taz-probable-responsable-por-homicidio-y-abandono-del-cuerpo-de-la-victima-en-calles-de-la-colonia-jardin\/\" \/>\n<meta property=\"og:site_name\" content=\"LA BRAVA RADIO\" \/>\n<meta property=\"article:published_time\" content=\"2025-11-07T20:31:13+00:00\" \/>\n<meta property=\"article:modified_time\" content=\"2025-11-07T20:31:16+00:00\" \/>\n<meta property=\"og:image\" content=\"https:\/\/www.bbmnoticias.com\/labravaradiofm\/wp-content\/uploads\/sites\/5\/2025\/11\/Diseno-sin-titulo-1.jpg\" \/>\n\t<meta property=\"og:image:width\" content=\"1063\" \/>\n\t<meta property=\"og:image:height\" content=\"765\" \/>\n\t<meta property=\"og:image:type\" content=\"image\/jpeg\" \/>\n<meta name=\"author\" content=\"Staff\" \/>\n<meta name=\"twitter:card\" content=\"summary_large_image\" \/>\n<meta name=\"twitter:label1\" content=\"Escrito por\" \/>\n\t<meta name=\"twitter:data1\" content=\"Staff\" \/>\n\t<meta name=\"twitter:label2\" content=\"Tiempo de lectura\" \/>\n\t<meta name=\"twitter:data2\" content=\"2 minutos\" \/>\n<script type=\"application\/ld+json\" class=\"yoast-schema-graph\">{\"@context\":\"https:\\\/\\\/schema.org\",\"@graph\":[{\"@type\":\"Article\",\"@id\":\"https:\\\/\\\/www.bbmnoticias.com\\\/detienen-ael-taz-probable-responsable-por-homicidio-y-abandono-del-cuerpo-de-la-victima-en-calles-de-la-colonia-jardin\\\/#article\",\"isPartOf\":{\"@id\":\"https:\\\/\\\/www.bbmnoticias.com\\\/labravaradiofm\\\/2025\\\/11\\\/07\\\/detienen-ael-taz-probable-responsable-por-homicidio-y-abandono-del-cuerpo-de-la-victima-en-calles-de-la-colonia-jardin\\\/\"},\"author\":{\"name\":\"Staff\",\"@id\":\"https:\\\/\\\/www.bbmnoticias.com\\\/labravaradiofm\\\/#\\\/schema\\\/person\\\/34b139c617a70ea5bef5678bffe4dd7b\"},\"headline\":\"Detienen a\u201cEl Taz\u201d, probable responsable por homicidio y abandono del cuerpo de la v\u00edctima en calles de la Colonia Jard\u00edn\",\"datePublished\":\"2025-11-07T20:31:13+00:00\",\"dateModified\":\"2025-11-07T20:31:16+00:00\",\"mainEntityOfPage\":{\"@id\":\"https:\\\/\\\/www.bbmnoticias.com\\\/labravaradiofm\\\/2025\\\/11\\\/07\\\/detienen-ael-taz-probable-responsable-por-homicidio-y-abandono-del-cuerpo-de-la-victima-en-calles-de-la-colonia-jardin\\\/\"},\"wordCount\":346,\"image\":{\"@id\":\"https:\\\/\\\/www.bbmnoticias.com\\\/detienen-ael-taz-probable-responsable-por-homicidio-y-abandono-del-cuerpo-de-la-victima-en-calles-de-la-colonia-jardin\\\/#primaryimage\"},\"thumbnailUrl\":\"https:\\\/\\\/www.bbmnoticias.com\\\/labravaradiofm\\\/wp-content\\\/uploads\\\/sites\\\/5\\\/2025\\\/11\\\/Diseno-sin-titulo-1.jpg\",\"articleSection\":[\"LOCAL\"],\"inLanguage\":\"es\"},{\"@type\":\"WebPage\",\"@id\":\"https:\\\/\\\/www.bbmnoticias.com\\\/labravaradiofm\\\/2025\\\/11\\\/07\\\/detienen-ael-taz-probable-responsable-por-homicidio-y-abandono-del-cuerpo-de-la-victima-en-calles-de-la-colonia-jardin\\\/\",\"url\":\"https:\\\/\\\/www.bbmnoticias.com\\\/detienen-ael-taz-probable-responsable-por-homicidio-y-abandono-del-cuerpo-de-la-victima-en-calles-de-la-colonia-jardin\\\/\",\"name\":\"Detienen a\u201cEl Taz\u201d, probable responsable por homicidio y abandono del cuerpo de la v\u00edctima en calles de la Colonia Jard\u00edn - LA BRAVA RADIO\",\"isPartOf\":{\"@id\":\"https:\\\/\\\/www.bbmnoticias.com\\\/labravaradiofm\\\/#website\"},\"primaryImageOfPage\":{\"@id\":\"https:\\\/\\\/www.bbmnoticias.com\\\/detienen-ael-taz-probable-responsable-por-homicidio-y-abandono-del-cuerpo-de-la-victima-en-calles-de-la-colonia-jardin\\\/#primaryimage\"},\"image\":{\"@id\":\"https:\\\/\\\/www.bbmnoticias.com\\\/detienen-ael-taz-probable-responsable-por-homicidio-y-abandono-del-cuerpo-de-la-victima-en-calles-de-la-colonia-jardin\\\/#primaryimage\"},\"thumbnailUrl\":\"https:\\\/\\\/www.bbmnoticias.com\\\/labravaradiofm\\\/wp-content\\\/uploads\\\/sites\\\/5\\\/2025\\\/11\\\/Diseno-sin-titulo-1.jpg\",\"datePublished\":\"2025-11-07T20:31:13+00:00\",\"dateModified\":\"2025-11-07T20:31:16+00:00\",\"author\":{\"@id\":\"https:\\\/\\\/www.bbmnoticias.com\\\/labravaradiofm\\\/#\\\/schema\\\/person\\\/34b139c617a70ea5bef5678bffe4dd7b\"},\"breadcrumb\":{\"@id\":\"https:\\\/\\\/www.bbmnoticias.com\\\/detienen-ael-taz-probable-responsable-por-homicidio-y-abandono-del-cuerpo-de-la-victima-en-calles-de-la-colonia-jardin\\\/#breadcrumb\"},\"inLanguage\":\"es\",\"potentialAction\":[{\"@type\":\"ReadAction\",\"target\":[\"https:\\\/\\\/www.bbmnoticias.com\\\/detienen-ael-taz-probable-responsable-por-homicidio-y-abandono-del-cuerpo-de-la-victima-en-calles-de-la-colonia-jardin\\\/\"]}]},{\"@type\":\"ImageObject\",\"inLanguage\":\"es\",\"@id\":\"https:\\\/\\\/www.bbmnoticias.com\\\/detienen-ael-taz-probable-responsable-por-homicidio-y-abandono-del-cuerpo-de-la-victima-en-calles-de-la-colonia-jardin\\\/#primaryimage\",\"url\":\"https:\\\/\\\/www.bbmnoticias.com\\\/labravaradiofm\\\/wp-content\\\/uploads\\\/sites\\\/5\\\/2025\\\/11\\\/Diseno-sin-titulo-1.jpg\",\"contentUrl\":\"https:\\\/\\\/www.bbmnoticias.com\\\/labravaradiofm\\\/wp-content\\\/uploads\\\/sites\\\/5\\\/2025\\\/11\\\/Diseno-sin-titulo-1.jpg\",\"width\":1063,\"height\":765},{\"@type\":\"BreadcrumbList\",\"@id\":\"https:\\\/\\\/www.bbmnoticias.com\\\/detienen-ael-taz-probable-responsable-por-homicidio-y-abandono-del-cuerpo-de-la-victima-en-calles-de-la-colonia-jardin\\\/#breadcrumb\",\"itemListElement\":[{\"@type\":\"ListItem\",\"position\":1,\"name\":\"Inicio\",\"item\":\"https:\\\/\\\/www.bbmnoticias.com\\\/labravaradiofm\\\/\"},{\"@type\":\"ListItem\",\"position\":2,\"name\":\"Detienen a\u201cEl Taz\u201d, probable responsable por homicidio y abandono del cuerpo de la v\u00edctima en calles de la Colonia Jard\u00edn\"}]},{\"@type\":\"WebSite\",\"@id\":\"https:\\\/\\\/www.bbmnoticias.com\\\/labravaradiofm\\\/#website\",\"url\":\"https:\\\/\\\/www.bbmnoticias.com\\\/labravaradiofm\\\/\",\"name\":\"LA BRAVA RADIO\",\"description\":\"Empresa productora de medios, Radiodifusi\u00f3n, Noticias, tendencias y todo lo que necesitas saber de la pol\u00edtica mexicana e internacional; entretenimiento, espect\u00e1culos, salud y mucho m\u00e1s.\",\"potentialAction\":[{\"@type\":\"SearchAction\",\"target\":{\"@type\":\"EntryPoint\",\"urlTemplate\":\"https:\\\/\\\/www.bbmnoticias.com\\\/labravaradiofm\\\/?s={search_term_string}\"},\"query-input\":{\"@type\":\"PropertyValueSpecification\",\"valueRequired\":true,\"valueName\":\"search_term_string\"}}],\"inLanguage\":\"es\"},{\"@type\":\"Person\",\"@id\":\"https:\\\/\\\/www.bbmnoticias.com\\\/labravaradiofm\\\/#\\\/schema\\\/person\\\/34b139c617a70ea5bef5678bffe4dd7b\",\"name\":\"Staff\",\"image\":{\"@type\":\"ImageObject\",\"inLanguage\":\"es\",\"@id\":\"https:\\\/\\\/secure.gravatar.com\\\/avatar\\\/fdd21ad66fd8b98c407f9dee5b5e588cfe7f0d8579ec20fa6527cd59bab7f0f0?s=96&d=mm&r=g\",\"url\":\"https:\\\/\\\/secure.gravatar.com\\\/avatar\\\/fdd21ad66fd8b98c407f9dee5b5e588cfe7f0d8579ec20fa6527cd59bab7f0f0?s=96&d=mm&r=g\",\"contentUrl\":\"https:\\\/\\\/secure.gravatar.com\\\/avatar\\\/fdd21ad66fd8b98c407f9dee5b5e588cfe7f0d8579ec20fa6527cd59bab7f0f0?s=96&d=mm&r=g\",\"caption\":\"Staff\"},\"url\":\"https:\\\/\\\/www.bbmnoticias.com\\\/labravaradiofm\\\/author\\\/redaccion\\\/\"}]}<\/script>\n<!-- \/ Yoast SEO plugin. -->","yoast_head_json":{"title":"Detienen a\u201cEl Taz\u201d, probable responsable por homicidio y abandono del cuerpo de la v\u00edctima en calles de la Colonia Jard\u00edn - LA BRAVA RADIO","robots":{"index":"index","follow":"follow","max-snippet":"max-snippet:-1","max-image-preview":"max-image-preview:large","max-video-preview":"max-video-preview:-1"},"canonical":"https:\/\/www.bbmnoticias.com\/detienen-ael-taz-probable-responsable-por-homicidio-y-abandono-del-cuerpo-de-la-victima-en-calles-de-la-colonia-jardin\/","og_locale":"es_MX","og_type":"article","og_title":"Detienen a\u201cEl Taz\u201d, probable responsable por homicidio y abandono del cuerpo de la v\u00edctima en calles de la Colonia Jard\u00edn - LA BRAVA RADIO","og_description":"Oaxaca de Ju\u00e1rez, Oax.- La Fiscal\u00eda General del Estado de Oaxaca (FGEO) ejecut\u00f3 la detenci\u00f3n legal de N.G.A.C., alias \u201cEl Taz\u201d, por el delito de Homicidio Calificado, en agravio de S.N.O., alias \u201cChaparrito, Chapis o Choki\u201d, cuyo cuerpo fue localizado en calles de la Colonia Jard\u00edn de la capital. Los trabajos de inteligencia criminal que [&hellip;]","og_url":"https:\/\/www.bbmnoticias.com\/detienen-ael-taz-probable-responsable-por-homicidio-y-abandono-del-cuerpo-de-la-victima-en-calles-de-la-colonia-jardin\/","og_site_name":"LA BRAVA RADIO","article_published_time":"2025-11-07T20:31:13+00:00","article_modified_time":"2025-11-07T20:31:16+00:00","og_image":[{"width":1063,"height":765,"url":"https:\/\/www.bbmnoticias.com\/labravaradiofm\/wp-content\/uploads\/sites\/5\/2025\/11\/Diseno-sin-titulo-1.jpg","type":"image\/jpeg"}],"author":"Staff","twitter_card":"summary_large_image","twitter_misc":{"Escrito por":"Staff","Tiempo de lectura":"2 minutos"},"schema":{"@context":"https:\/\/schema.org","@graph":[{"@type":"Article","@id":"https:\/\/www.bbmnoticias.com\/detienen-ael-taz-probable-responsable-por-homicidio-y-abandono-del-cuerpo-de-la-victima-en-calles-de-la-colonia-jardin\/#article","isPartOf":{"@id":"https:\/\/www.bbmnoticias.com\/labravaradiofm\/2025\/11\/07\/detienen-ael-taz-probable-responsable-por-homicidio-y-abandono-del-cuerpo-de-la-victima-en-calles-de-la-colonia-jardin\/"},"author":{"name":"Staff","@id":"https:\/\/www.bbmnoticias.com\/labravaradiofm\/#\/schema\/person\/34b139c617a70ea5bef5678bffe4dd7b"},"headline":"Detienen a\u201cEl Taz\u201d, probable responsable por homicidio y abandono del cuerpo de la v\u00edctima en calles de la Colonia Jard\u00edn","datePublished":"2025-11-07T20:31:13+00:00","dateModified":"2025-11-07T20:31:16+00:00","mainEntityOfPage":{"@id":"https:\/\/www.bbmnoticias.com\/labravaradiofm\/2025\/11\/07\/detienen-ael-taz-probable-responsable-por-homicidio-y-abandono-del-cuerpo-de-la-victima-en-calles-de-la-colonia-jardin\/"},"wordCount":346,"image":{"@id":"https:\/\/www.bbmnoticias.com\/detienen-ael-taz-probable-responsable-por-homicidio-y-abandono-del-cuerpo-de-la-victima-en-calles-de-la-colonia-jardin\/#primaryimage"},"thumbnailUrl":"https:\/\/www.bbmnoticias.com\/labravaradiofm\/wp-content\/uploads\/sites\/5\/2025\/11\/Diseno-sin-titulo-1.jpg","articleSection":["LOCAL"],"inLanguage":"es"},{"@type":"WebPage","@id":"https:\/\/www.bbmnoticias.com\/labravaradiofm\/2025\/11\/07\/detienen-ael-taz-probable-responsable-por-homicidio-y-abandono-del-cuerpo-de-la-victima-en-calles-de-la-colonia-jardin\/","url":"https:\/\/www.bbmnoticias.com\/detienen-ael-taz-probable-responsable-por-homicidio-y-abandono-del-cuerpo-de-la-victima-en-calles-de-la-colonia-jardin\/","name":"Detienen a\u201cEl Taz\u201d, probable responsable por homicidio y abandono del cuerpo de la v\u00edctima en calles de la Colonia Jard\u00edn - LA BRAVA RADIO","isPartOf":{"@id":"https:\/\/www.bbmnoticias.com\/labravaradiofm\/#website"},"primaryImageOfPage":{"@id":"https:\/\/www.bbmnoticias.com\/detienen-ael-taz-probable-responsable-por-homicidio-y-abandono-del-cuerpo-de-la-victima-en-calles-de-la-colonia-jardin\/#primaryimage"},"image":{"@id":"https:\/\/www.bbmnoticias.com\/detienen-ael-taz-probable-responsable-por-homicidio-y-abandono-del-cuerpo-de-la-victima-en-calles-de-la-colonia-jardin\/#primaryimage"},"thumbnailUrl":"https:\/\/www.bbmnoticias.com\/labravaradiofm\/wp-content\/uploads\/sites\/5\/2025\/11\/Diseno-sin-titulo-1.jpg","datePublished":"2025-11-07T20:31:13+00:00","dateModified":"2025-11-07T20:31:16+00:00","author":{"@id":"https:\/\/www.bbmnoticias.com\/labravaradiofm\/#\/schema\/person\/34b139c617a70ea5bef5678bffe4dd7b"},"breadcrumb":{"@id":"https:\/\/www.bbmnoticias.com\/detienen-ael-taz-probable-responsable-por-homicidio-y-abandono-del-cuerpo-de-la-victima-en-calles-de-la-colonia-jardin\/#breadcrumb"},"inLanguage":"es","potentialAction":[{"@type":"ReadAction","target":["https:\/\/www.bbmnoticias.com\/detienen-ael-taz-probable-responsable-por-homicidio-y-abandono-del-cuerpo-de-la-victima-en-calles-de-la-colonia-jardin\/"]}]},{"@type":"ImageObject","inLanguage":"es","@id":"https:\/\/www.bbmnoticias.com\/detienen-ael-taz-probable-responsable-por-homicidio-y-abandono-del-cuerpo-de-la-victima-en-calles-de-la-colonia-jardin\/#primaryimage","url":"https:\/\/www.bbmnoticias.com\/labravaradiofm\/wp-content\/uploads\/sites\/5\/2025\/11\/Diseno-sin-titulo-1.jpg","contentUrl":"https:\/\/www.bbmnoticias.com\/labravaradiofm\/wp-content\/uploads\/sites\/5\/2025\/11\/Diseno-sin-titulo-1.jpg","width":1063,"height":765},{"@type":"BreadcrumbList","@id":"https:\/\/www.bbmnoticias.com\/detienen-ael-taz-probable-responsable-por-homicidio-y-abandono-del-cuerpo-de-la-victima-en-calles-de-la-colonia-jardin\/#breadcrumb","itemListElement":[{"@type":"ListItem","position":1,"name":"Inicio","item":"https:\/\/www.bbmnoticias.com\/labravaradiofm\/"},{"@type":"ListItem","position":2,"name":"Detienen a\u201cEl Taz\u201d, probable responsable por homicidio y abandono del cuerpo de la v\u00edctima en calles de la Colonia Jard\u00edn"}]},{"@type":"WebSite","@id":"https:\/\/www.bbmnoticias.com\/labravaradiofm\/#website","url":"https:\/\/www.bbmnoticias.com\/labravaradiofm\/","name":"LA BRAVA RADIO","description":"Empresa productora de medios, Radiodifusi\u00f3n, Noticias, tendencias y todo lo que necesitas saber de la pol\u00edtica mexicana e internacional; entretenimiento, espect\u00e1culos, salud y mucho m\u00e1s.","potentialAction":[{"@type":"SearchAction","target":{"@type":"EntryPoint","urlTemplate":"https:\/\/www.bbmnoticias.com\/labravaradiofm\/?s={search_term_string}"},"query-input":{"@type":"PropertyValueSpecification","valueRequired":true,"valueName":"search_term_string"}}],"inLanguage":"es"},{"@type":"Person","@id":"https:\/\/www.bbmnoticias.com\/labravaradiofm\/#\/schema\/person\/34b139c617a70ea5bef5678bffe4dd7b","name":"Staff","image":{"@type":"ImageObject","inLanguage":"es","@id":"https:\/\/secure.gravatar.com\/avatar\/fdd21ad66fd8b98c407f9dee5b5e588cfe7f0d8579ec20fa6527cd59bab7f0f0?s=96&d=mm&r=g","url":"https:\/\/secure.gravatar.com\/avatar\/fdd21ad66fd8b98c407f9dee5b5e588cfe7f0d8579ec20fa6527cd59bab7f0f0?s=96&d=mm&r=g","contentUrl":"https:\/\/secure.gravatar.com\/avatar\/fdd21ad66fd8b98c407f9dee5b5e588cfe7f0d8579ec20fa6527cd59bab7f0f0?s=96&d=mm&r=g","caption":"Staff"},"url":"https:\/\/www.bbmnoticias.com\/labravaradiofm\/author\/redaccion\/"}]}},"_links":{"self":[{"href":"https:\/\/www.bbmnoticias.com\/labravaradiofm\/wp-json\/wp\/v2\/posts\/69494","targetHints":{"allow":["GET"]}}],"collection":[{"href":"https:\/\/www.bbmnoticias.com\/labravaradiofm\/wp-json\/wp\/v2\/posts"}],"about":[{"href":"https:\/\/www.bbmnoticias.com\/labravaradiofm\/wp-json\/wp\/v2\/types\/post"}],"author":[{"embeddable":true,"href":"https:\/\/www.bbmnoticias.com\/labravaradiofm\/wp-json\/wp\/v2\/users\/2"}],"replies":[{"embeddable":true,"href":"https:\/\/www.bbmnoticias.com\/labravaradiofm\/wp-json\/wp\/v2\/comments?post=69494"}],"version-history":[{"count":0,"href":"https:\/\/www.bbmnoticias.com\/labravaradiofm\/wp-json\/wp\/v2\/posts\/69494\/revisions"}],"wp:featuredmedia":[{"embeddable":true,"href":"https:\/\/www.bbmnoticias.com\/labravaradiofm\/wp-json\/wp\/v2\/media\/69496"}],"wp:attachment":[{"href":"https:\/\/www.bbmnoticias.com\/labravaradiofm\/wp-json\/wp\/v2\/media?parent=69494"}],"wp:term":[{"taxonomy":"category","embeddable":true,"href":"https:\/\/www.bbmnoticias.com\/labravaradiofm\/wp-json\/wp\/v2\/categories?post=69494"},{"taxonomy":"post_tag","embeddable":true,"href":"https:\/\/www.bbmnoticias.com\/labravaradiofm\/wp-json\/wp\/v2\/tags?post=69494"}],"curies":[{"name":"wp","href":"https:\/\/api.w.org\/{rel}","templated":true}]}}