{"id":69491,"date":"2025-11-07T14:28:47","date_gmt":"2025-11-07T20:28:47","guid":{"rendered":"https:\/\/www.bbmnoticias.com\/labravaradiofm\/2025\/11\/07\/impulsa-salomon-jara-bienestar-de-grupos-prioritarios-en-santa-maria-nduayaco\/"},"modified":"2025-11-07T14:29:07","modified_gmt":"2025-11-07T20:29:07","slug":"impulsa-salomon-jara-bienestar-de-grupos-prioritarios-en-santa-maria-nduayaco","status":"publish","type":"post","link":"https:\/\/www.bbmnoticias.com\/labravaradiofm\/2025\/11\/07\/impulsa-salomon-jara-bienestar-de-grupos-prioritarios-en-santa-maria-nduayaco\/","title":{"rendered":"Impulsa Salom\u00f3n Jara bienestar de grupos prioritarios en Santa Mar\u00eda Nduayaco"},"content":{"rendered":"<div style=\"margin-top: 0px; margin-bottom: 0px;\" class=\"sharethis-inline-share-buttons\" ><\/div>\n<p>\u00b7&nbsp;&nbsp;&nbsp;&nbsp;&nbsp;&nbsp;&nbsp;&nbsp; <em>El Gobernador de Oaxaca entreg\u00f3 apoyos alimentarios a familias y a las infancias, adem\u00e1s, aparatos funcionales y auxiliares<\/em><\/p>\n\n\n\n<p><strong>Santa Mar\u00eda Nduayaco, Oax.- <\/strong>La atenci\u00f3n de los grupos prioritarios en la Primavera Oaxaque\u00f1a son una realidad y, como muestra de ello, el Gobernador Salom\u00f3n Jara Cruz dot\u00f3 de apoyos alimentarios y para su movilidad, en el municipio de Santa Mar\u00eda Nduayaco.<\/p>\n\n\n\n<p>\u201cEstamos aqu\u00ed con ustedes para ayudarlos, siempre van a tener el apoyo del Gobierno que estamos representando. El gobernante tiene la obligaci\u00f3n de ir a los municipios, por eso estamos aqu\u00ed con ustedes\u201d, destac\u00f3.<\/p>\n\n\n\n<p>En la asamblea celebrada como parte de la estrategia Trabajo que Transforma tu Municipio, el Mandatario estatal entreg\u00f3 150 dotaciones alimentarias de emergencia a igual n\u00famero de familias, 200 kits de alimentaci\u00f3n para la ni\u00f1ez y 200 cobijas a habitantes de esta localidad ubicada en la regi\u00f3n Mixteca.<\/p>\n\n\n\n<p>A trav\u00e9s del Sistema para el Desarrollo Integral de la Familia (DIF) Oaxaca, tambi\u00e9n se otorgaron aparatos funcionales y auxiliares auditivos.<\/p>\n\n\n\n<p>Otras acciones anunciadas por la Primavera Oaxaque\u00f1a son:<\/p>\n\n\n\n<p>\u00b7&nbsp;&nbsp;&nbsp;&nbsp;&nbsp;&nbsp;&nbsp;&nbsp; Mediante el Instituto Estatal de Educaci\u00f3n P\u00fablica de Oaxaca (IEEPO), tres escuelas de nivel b\u00e1sico recibir\u00e1n: computadoras, pizarrones, proyectores y lotes de mobiliario. De manera adicional, el Preescolar Amado Nervo contar\u00e1 con un carrusel.<\/p>\n\n\n\n<p>\u00b7&nbsp;&nbsp;&nbsp;&nbsp;&nbsp;&nbsp;&nbsp;&nbsp; Se brindar\u00e1n apoyos econ\u00f3micos para que las escuelas primarias Le\u00f3n D\u00edaz C\u00e1rdenas y Justo Sierra inicien con la construcci\u00f3n de sus respectivos techados; as\u00ed como, una barda en el jard\u00edn de ni\u00f1os Amado Nervo.<\/p>\n\n\n\n<p>\u00b7&nbsp;&nbsp;&nbsp;&nbsp;&nbsp;&nbsp;&nbsp;&nbsp; La escuela Primaria Jos\u00e9 Vasconcelos del Consejo Nacional de Fomento Educativo (Conafe) tambi\u00e9n tendr\u00e1 un respaldo financiero para mejorar su infraestructura.<\/p>\n\n\n\n<p>\u00b7&nbsp;&nbsp;&nbsp;&nbsp;&nbsp;&nbsp;&nbsp;&nbsp; En esta demarcaci\u00f3n, siete jefas de familia son beneficiadas con la Tarjeta Margarita Maza, que les otorga 2 mil pesos de forma bimestral.<\/p>\n","protected":false},"excerpt":{"rendered":"<p>\u00b7&nbsp;&nbsp;&nbsp;&nbsp;&nbsp;&nbsp;&nbsp;&nbsp; El Gobernador de Oaxaca entreg\u00f3 apoyos alimentarios a familias y a las infancias, adem\u00e1s, aparatos funcionales y auxiliares Santa Mar\u00eda Nduayaco, Oax.- La atenci\u00f3n de los grupos prioritarios en la Primavera Oaxaque\u00f1a son una realidad y, como muestra de ello, el Gobernador Salom\u00f3n Jara Cruz dot\u00f3 de apoyos alimentarios y para su movilidad, en [&hellip;]<\/p>\n","protected":false},"author":2,"featured_media":69493,"comment_status":"closed","ping_status":"","sticky":false,"template":"","format":"standard","meta":{"footnotes":""},"categories":[2],"tags":[],"class_list":{"0":"post-69491","1":"post","2":"type-post","3":"status-publish","4":"format-standard","5":"has-post-thumbnail","7":"category-oaxaca"},"yoast_head":"<!-- This site is optimized with the Yoast SEO plugin v27.4 - https:\/\/yoast.com\/product\/yoast-seo-wordpress\/ -->\n<title>Impulsa Salom\u00f3n Jara bienestar de grupos prioritarios en Santa Mar\u00eda Nduayaco - LA BRAVA RADIO<\/title>\n<meta name=\"robots\" content=\"index, follow, max-snippet:-1, max-image-preview:large, max-video-preview:-1\" \/>\n<link rel=\"canonical\" href=\"https:\/\/www.bbmnoticias.com\/impulsa-salomon-jara-bienestar-de-grupos-prioritarios-en-santa-maria-nduayaco\/\" \/>\n<meta property=\"og:locale\" content=\"es_MX\" \/>\n<meta property=\"og:type\" content=\"article\" \/>\n<meta property=\"og:title\" content=\"Impulsa Salom\u00f3n Jara bienestar de grupos prioritarios en Santa Mar\u00eda Nduayaco - LA BRAVA RADIO\" \/>\n<meta property=\"og:description\" content=\"\u00b7&nbsp;&nbsp;&nbsp;&nbsp;&nbsp;&nbsp;&nbsp;&nbsp; El Gobernador de Oaxaca entreg\u00f3 apoyos alimentarios a familias y a las infancias, adem\u00e1s, aparatos funcionales y auxiliares Santa Mar\u00eda Nduayaco, Oax.- La atenci\u00f3n de los grupos prioritarios en la Primavera Oaxaque\u00f1a son una realidad y, como muestra de ello, el Gobernador Salom\u00f3n Jara Cruz dot\u00f3 de apoyos alimentarios y para su movilidad, en [&hellip;]\" \/>\n<meta property=\"og:url\" content=\"https:\/\/www.bbmnoticias.com\/impulsa-salomon-jara-bienestar-de-grupos-prioritarios-en-santa-maria-nduayaco\/\" \/>\n<meta property=\"og:site_name\" content=\"LA BRAVA RADIO\" \/>\n<meta property=\"article:published_time\" content=\"2025-11-07T20:28:47+00:00\" \/>\n<meta property=\"article:modified_time\" content=\"2025-11-07T20:29:07+00:00\" \/>\n<meta property=\"og:image\" content=\"https:\/\/www.bbmnoticias.com\/labravaradiofm\/wp-content\/uploads\/sites\/5\/2025\/11\/thumbnail_Impulsa-Salomon-Jara-bienestar-de-grupos-prioritarios-en-Santa-Maria-Nduayaco-1.jpg\" \/>\n\t<meta property=\"og:image:width\" content=\"800\" \/>\n\t<meta property=\"og:image:height\" content=\"533\" \/>\n\t<meta property=\"og:image:type\" content=\"image\/jpeg\" \/>\n<meta name=\"author\" content=\"Staff\" \/>\n<meta name=\"twitter:card\" content=\"summary_large_image\" \/>\n<meta name=\"twitter:label1\" content=\"Escrito por\" \/>\n\t<meta name=\"twitter:data1\" content=\"Staff\" \/>\n\t<meta name=\"twitter:label2\" content=\"Tiempo de lectura\" \/>\n\t<meta name=\"twitter:data2\" content=\"2 minutos\" \/>\n<script type=\"application\/ld+json\" class=\"yoast-schema-graph\">{\"@context\":\"https:\\\/\\\/schema.org\",\"@graph\":[{\"@type\":\"Article\",\"@id\":\"https:\\\/\\\/www.bbmnoticias.com\\\/impulsa-salomon-jara-bienestar-de-grupos-prioritarios-en-santa-maria-nduayaco\\\/#article\",\"isPartOf\":{\"@id\":\"https:\\\/\\\/www.bbmnoticias.com\\\/labravaradiofm\\\/2025\\\/11\\\/07\\\/impulsa-salomon-jara-bienestar-de-grupos-prioritarios-en-santa-maria-nduayaco\\\/\"},\"author\":{\"name\":\"Staff\",\"@id\":\"https:\\\/\\\/www.bbmnoticias.com\\\/labravaradiofm\\\/#\\\/schema\\\/person\\\/34b139c617a70ea5bef5678bffe4dd7b\"},\"headline\":\"Impulsa Salom\u00f3n Jara bienestar de grupos prioritarios en Santa Mar\u00eda Nduayaco\",\"datePublished\":\"2025-11-07T20:28:47+00:00\",\"dateModified\":\"2025-11-07T20:29:07+00:00\",\"mainEntityOfPage\":{\"@id\":\"https:\\\/\\\/www.bbmnoticias.com\\\/labravaradiofm\\\/2025\\\/11\\\/07\\\/impulsa-salomon-jara-bienestar-de-grupos-prioritarios-en-santa-maria-nduayaco\\\/\"},\"wordCount\":361,\"image\":{\"@id\":\"https:\\\/\\\/www.bbmnoticias.com\\\/impulsa-salomon-jara-bienestar-de-grupos-prioritarios-en-santa-maria-nduayaco\\\/#primaryimage\"},\"thumbnailUrl\":\"https:\\\/\\\/www.bbmnoticias.com\\\/labravaradiofm\\\/wp-content\\\/uploads\\\/sites\\\/5\\\/2025\\\/11\\\/thumbnail_Impulsa-Salomon-Jara-bienestar-de-grupos-prioritarios-en-Santa-Maria-Nduayaco-1.jpg\",\"articleSection\":[\"LOCAL\"],\"inLanguage\":\"es\"},{\"@type\":\"WebPage\",\"@id\":\"https:\\\/\\\/www.bbmnoticias.com\\\/labravaradiofm\\\/2025\\\/11\\\/07\\\/impulsa-salomon-jara-bienestar-de-grupos-prioritarios-en-santa-maria-nduayaco\\\/\",\"url\":\"https:\\\/\\\/www.bbmnoticias.com\\\/impulsa-salomon-jara-bienestar-de-grupos-prioritarios-en-santa-maria-nduayaco\\\/\",\"name\":\"Impulsa Salom\u00f3n Jara bienestar de grupos prioritarios en Santa Mar\u00eda Nduayaco - LA BRAVA RADIO\",\"isPartOf\":{\"@id\":\"https:\\\/\\\/www.bbmnoticias.com\\\/labravaradiofm\\\/#website\"},\"primaryImageOfPage\":{\"@id\":\"https:\\\/\\\/www.bbmnoticias.com\\\/impulsa-salomon-jara-bienestar-de-grupos-prioritarios-en-santa-maria-nduayaco\\\/#primaryimage\"},\"image\":{\"@id\":\"https:\\\/\\\/www.bbmnoticias.com\\\/impulsa-salomon-jara-bienestar-de-grupos-prioritarios-en-santa-maria-nduayaco\\\/#primaryimage\"},\"thumbnailUrl\":\"https:\\\/\\\/www.bbmnoticias.com\\\/labravaradiofm\\\/wp-content\\\/uploads\\\/sites\\\/5\\\/2025\\\/11\\\/thumbnail_Impulsa-Salomon-Jara-bienestar-de-grupos-prioritarios-en-Santa-Maria-Nduayaco-1.jpg\",\"datePublished\":\"2025-11-07T20:28:47+00:00\",\"dateModified\":\"2025-11-07T20:29:07+00:00\",\"author\":{\"@id\":\"https:\\\/\\\/www.bbmnoticias.com\\\/labravaradiofm\\\/#\\\/schema\\\/person\\\/34b139c617a70ea5bef5678bffe4dd7b\"},\"breadcrumb\":{\"@id\":\"https:\\\/\\\/www.bbmnoticias.com\\\/impulsa-salomon-jara-bienestar-de-grupos-prioritarios-en-santa-maria-nduayaco\\\/#breadcrumb\"},\"inLanguage\":\"es\",\"potentialAction\":[{\"@type\":\"ReadAction\",\"target\":[\"https:\\\/\\\/www.bbmnoticias.com\\\/impulsa-salomon-jara-bienestar-de-grupos-prioritarios-en-santa-maria-nduayaco\\\/\"]}]},{\"@type\":\"ImageObject\",\"inLanguage\":\"es\",\"@id\":\"https:\\\/\\\/www.bbmnoticias.com\\\/impulsa-salomon-jara-bienestar-de-grupos-prioritarios-en-santa-maria-nduayaco\\\/#primaryimage\",\"url\":\"https:\\\/\\\/www.bbmnoticias.com\\\/labravaradiofm\\\/wp-content\\\/uploads\\\/sites\\\/5\\\/2025\\\/11\\\/thumbnail_Impulsa-Salomon-Jara-bienestar-de-grupos-prioritarios-en-Santa-Maria-Nduayaco-1.jpg\",\"contentUrl\":\"https:\\\/\\\/www.bbmnoticias.com\\\/labravaradiofm\\\/wp-content\\\/uploads\\\/sites\\\/5\\\/2025\\\/11\\\/thumbnail_Impulsa-Salomon-Jara-bienestar-de-grupos-prioritarios-en-Santa-Maria-Nduayaco-1.jpg\",\"width\":800,\"height\":533},{\"@type\":\"BreadcrumbList\",\"@id\":\"https:\\\/\\\/www.bbmnoticias.com\\\/impulsa-salomon-jara-bienestar-de-grupos-prioritarios-en-santa-maria-nduayaco\\\/#breadcrumb\",\"itemListElement\":[{\"@type\":\"ListItem\",\"position\":1,\"name\":\"Inicio\",\"item\":\"https:\\\/\\\/www.bbmnoticias.com\\\/labravaradiofm\\\/\"},{\"@type\":\"ListItem\",\"position\":2,\"name\":\"Impulsa Salom\u00f3n Jara bienestar de grupos prioritarios en Santa Mar\u00eda Nduayaco\"}]},{\"@type\":\"WebSite\",\"@id\":\"https:\\\/\\\/www.bbmnoticias.com\\\/labravaradiofm\\\/#website\",\"url\":\"https:\\\/\\\/www.bbmnoticias.com\\\/labravaradiofm\\\/\",\"name\":\"LA BRAVA RADIO\",\"description\":\"Empresa productora de medios, Radiodifusi\u00f3n, Noticias, tendencias y todo lo que necesitas saber de la pol\u00edtica mexicana e internacional; entretenimiento, espect\u00e1culos, salud y mucho m\u00e1s.\",\"potentialAction\":[{\"@type\":\"SearchAction\",\"target\":{\"@type\":\"EntryPoint\",\"urlTemplate\":\"https:\\\/\\\/www.bbmnoticias.com\\\/labravaradiofm\\\/?s={search_term_string}\"},\"query-input\":{\"@type\":\"PropertyValueSpecification\",\"valueRequired\":true,\"valueName\":\"search_term_string\"}}],\"inLanguage\":\"es\"},{\"@type\":\"Person\",\"@id\":\"https:\\\/\\\/www.bbmnoticias.com\\\/labravaradiofm\\\/#\\\/schema\\\/person\\\/34b139c617a70ea5bef5678bffe4dd7b\",\"name\":\"Staff\",\"image\":{\"@type\":\"ImageObject\",\"inLanguage\":\"es\",\"@id\":\"https:\\\/\\\/secure.gravatar.com\\\/avatar\\\/fdd21ad66fd8b98c407f9dee5b5e588cfe7f0d8579ec20fa6527cd59bab7f0f0?s=96&d=mm&r=g\",\"url\":\"https:\\\/\\\/secure.gravatar.com\\\/avatar\\\/fdd21ad66fd8b98c407f9dee5b5e588cfe7f0d8579ec20fa6527cd59bab7f0f0?s=96&d=mm&r=g\",\"contentUrl\":\"https:\\\/\\\/secure.gravatar.com\\\/avatar\\\/fdd21ad66fd8b98c407f9dee5b5e588cfe7f0d8579ec20fa6527cd59bab7f0f0?s=96&d=mm&r=g\",\"caption\":\"Staff\"},\"url\":\"https:\\\/\\\/www.bbmnoticias.com\\\/labravaradiofm\\\/author\\\/redaccion\\\/\"}]}<\/script>\n<!-- \/ Yoast SEO plugin. -->","yoast_head_json":{"title":"Impulsa Salom\u00f3n Jara bienestar de grupos prioritarios en Santa Mar\u00eda Nduayaco - LA BRAVA RADIO","robots":{"index":"index","follow":"follow","max-snippet":"max-snippet:-1","max-image-preview":"max-image-preview:large","max-video-preview":"max-video-preview:-1"},"canonical":"https:\/\/www.bbmnoticias.com\/impulsa-salomon-jara-bienestar-de-grupos-prioritarios-en-santa-maria-nduayaco\/","og_locale":"es_MX","og_type":"article","og_title":"Impulsa Salom\u00f3n Jara bienestar de grupos prioritarios en Santa Mar\u00eda Nduayaco - LA BRAVA RADIO","og_description":"\u00b7&nbsp;&nbsp;&nbsp;&nbsp;&nbsp;&nbsp;&nbsp;&nbsp; El Gobernador de Oaxaca entreg\u00f3 apoyos alimentarios a familias y a las infancias, adem\u00e1s, aparatos funcionales y auxiliares Santa Mar\u00eda Nduayaco, Oax.- La atenci\u00f3n de los grupos prioritarios en la Primavera Oaxaque\u00f1a son una realidad y, como muestra de ello, el Gobernador Salom\u00f3n Jara Cruz dot\u00f3 de apoyos alimentarios y para su movilidad, en [&hellip;]","og_url":"https:\/\/www.bbmnoticias.com\/impulsa-salomon-jara-bienestar-de-grupos-prioritarios-en-santa-maria-nduayaco\/","og_site_name":"LA BRAVA RADIO","article_published_time":"2025-11-07T20:28:47+00:00","article_modified_time":"2025-11-07T20:29:07+00:00","og_image":[{"width":800,"height":533,"url":"https:\/\/www.bbmnoticias.com\/labravaradiofm\/wp-content\/uploads\/sites\/5\/2025\/11\/thumbnail_Impulsa-Salomon-Jara-bienestar-de-grupos-prioritarios-en-Santa-Maria-Nduayaco-1.jpg","type":"image\/jpeg"}],"author":"Staff","twitter_card":"summary_large_image","twitter_misc":{"Escrito por":"Staff","Tiempo de lectura":"2 minutos"},"schema":{"@context":"https:\/\/schema.org","@graph":[{"@type":"Article","@id":"https:\/\/www.bbmnoticias.com\/impulsa-salomon-jara-bienestar-de-grupos-prioritarios-en-santa-maria-nduayaco\/#article","isPartOf":{"@id":"https:\/\/www.bbmnoticias.com\/labravaradiofm\/2025\/11\/07\/impulsa-salomon-jara-bienestar-de-grupos-prioritarios-en-santa-maria-nduayaco\/"},"author":{"name":"Staff","@id":"https:\/\/www.bbmnoticias.com\/labravaradiofm\/#\/schema\/person\/34b139c617a70ea5bef5678bffe4dd7b"},"headline":"Impulsa Salom\u00f3n Jara bienestar de grupos prioritarios en Santa Mar\u00eda Nduayaco","datePublished":"2025-11-07T20:28:47+00:00","dateModified":"2025-11-07T20:29:07+00:00","mainEntityOfPage":{"@id":"https:\/\/www.bbmnoticias.com\/labravaradiofm\/2025\/11\/07\/impulsa-salomon-jara-bienestar-de-grupos-prioritarios-en-santa-maria-nduayaco\/"},"wordCount":361,"image":{"@id":"https:\/\/www.bbmnoticias.com\/impulsa-salomon-jara-bienestar-de-grupos-prioritarios-en-santa-maria-nduayaco\/#primaryimage"},"thumbnailUrl":"https:\/\/www.bbmnoticias.com\/labravaradiofm\/wp-content\/uploads\/sites\/5\/2025\/11\/thumbnail_Impulsa-Salomon-Jara-bienestar-de-grupos-prioritarios-en-Santa-Maria-Nduayaco-1.jpg","articleSection":["LOCAL"],"inLanguage":"es"},{"@type":"WebPage","@id":"https:\/\/www.bbmnoticias.com\/labravaradiofm\/2025\/11\/07\/impulsa-salomon-jara-bienestar-de-grupos-prioritarios-en-santa-maria-nduayaco\/","url":"https:\/\/www.bbmnoticias.com\/impulsa-salomon-jara-bienestar-de-grupos-prioritarios-en-santa-maria-nduayaco\/","name":"Impulsa Salom\u00f3n Jara bienestar de grupos prioritarios en Santa Mar\u00eda Nduayaco - LA BRAVA RADIO","isPartOf":{"@id":"https:\/\/www.bbmnoticias.com\/labravaradiofm\/#website"},"primaryImageOfPage":{"@id":"https:\/\/www.bbmnoticias.com\/impulsa-salomon-jara-bienestar-de-grupos-prioritarios-en-santa-maria-nduayaco\/#primaryimage"},"image":{"@id":"https:\/\/www.bbmnoticias.com\/impulsa-salomon-jara-bienestar-de-grupos-prioritarios-en-santa-maria-nduayaco\/#primaryimage"},"thumbnailUrl":"https:\/\/www.bbmnoticias.com\/labravaradiofm\/wp-content\/uploads\/sites\/5\/2025\/11\/thumbnail_Impulsa-Salomon-Jara-bienestar-de-grupos-prioritarios-en-Santa-Maria-Nduayaco-1.jpg","datePublished":"2025-11-07T20:28:47+00:00","dateModified":"2025-11-07T20:29:07+00:00","author":{"@id":"https:\/\/www.bbmnoticias.com\/labravaradiofm\/#\/schema\/person\/34b139c617a70ea5bef5678bffe4dd7b"},"breadcrumb":{"@id":"https:\/\/www.bbmnoticias.com\/impulsa-salomon-jara-bienestar-de-grupos-prioritarios-en-santa-maria-nduayaco\/#breadcrumb"},"inLanguage":"es","potentialAction":[{"@type":"ReadAction","target":["https:\/\/www.bbmnoticias.com\/impulsa-salomon-jara-bienestar-de-grupos-prioritarios-en-santa-maria-nduayaco\/"]}]},{"@type":"ImageObject","inLanguage":"es","@id":"https:\/\/www.bbmnoticias.com\/impulsa-salomon-jara-bienestar-de-grupos-prioritarios-en-santa-maria-nduayaco\/#primaryimage","url":"https:\/\/www.bbmnoticias.com\/labravaradiofm\/wp-content\/uploads\/sites\/5\/2025\/11\/thumbnail_Impulsa-Salomon-Jara-bienestar-de-grupos-prioritarios-en-Santa-Maria-Nduayaco-1.jpg","contentUrl":"https:\/\/www.bbmnoticias.com\/labravaradiofm\/wp-content\/uploads\/sites\/5\/2025\/11\/thumbnail_Impulsa-Salomon-Jara-bienestar-de-grupos-prioritarios-en-Santa-Maria-Nduayaco-1.jpg","width":800,"height":533},{"@type":"BreadcrumbList","@id":"https:\/\/www.bbmnoticias.com\/impulsa-salomon-jara-bienestar-de-grupos-prioritarios-en-santa-maria-nduayaco\/#breadcrumb","itemListElement":[{"@type":"ListItem","position":1,"name":"Inicio","item":"https:\/\/www.bbmnoticias.com\/labravaradiofm\/"},{"@type":"ListItem","position":2,"name":"Impulsa Salom\u00f3n Jara bienestar de grupos prioritarios en Santa Mar\u00eda Nduayaco"}]},{"@type":"WebSite","@id":"https:\/\/www.bbmnoticias.com\/labravaradiofm\/#website","url":"https:\/\/www.bbmnoticias.com\/labravaradiofm\/","name":"LA BRAVA RADIO","description":"Empresa productora de medios, Radiodifusi\u00f3n, Noticias, tendencias y todo lo que necesitas saber de la pol\u00edtica mexicana e internacional; entretenimiento, espect\u00e1culos, salud y mucho m\u00e1s.","potentialAction":[{"@type":"SearchAction","target":{"@type":"EntryPoint","urlTemplate":"https:\/\/www.bbmnoticias.com\/labravaradiofm\/?s={search_term_string}"},"query-input":{"@type":"PropertyValueSpecification","valueRequired":true,"valueName":"search_term_string"}}],"inLanguage":"es"},{"@type":"Person","@id":"https:\/\/www.bbmnoticias.com\/labravaradiofm\/#\/schema\/person\/34b139c617a70ea5bef5678bffe4dd7b","name":"Staff","image":{"@type":"ImageObject","inLanguage":"es","@id":"https:\/\/secure.gravatar.com\/avatar\/fdd21ad66fd8b98c407f9dee5b5e588cfe7f0d8579ec20fa6527cd59bab7f0f0?s=96&d=mm&r=g","url":"https:\/\/secure.gravatar.com\/avatar\/fdd21ad66fd8b98c407f9dee5b5e588cfe7f0d8579ec20fa6527cd59bab7f0f0?s=96&d=mm&r=g","contentUrl":"https:\/\/secure.gravatar.com\/avatar\/fdd21ad66fd8b98c407f9dee5b5e588cfe7f0d8579ec20fa6527cd59bab7f0f0?s=96&d=mm&r=g","caption":"Staff"},"url":"https:\/\/www.bbmnoticias.com\/labravaradiofm\/author\/redaccion\/"}]}},"_links":{"self":[{"href":"https:\/\/www.bbmnoticias.com\/labravaradiofm\/wp-json\/wp\/v2\/posts\/69491","targetHints":{"allow":["GET"]}}],"collection":[{"href":"https:\/\/www.bbmnoticias.com\/labravaradiofm\/wp-json\/wp\/v2\/posts"}],"about":[{"href":"https:\/\/www.bbmnoticias.com\/labravaradiofm\/wp-json\/wp\/v2\/types\/post"}],"author":[{"embeddable":true,"href":"https:\/\/www.bbmnoticias.com\/labravaradiofm\/wp-json\/wp\/v2\/users\/2"}],"replies":[{"embeddable":true,"href":"https:\/\/www.bbmnoticias.com\/labravaradiofm\/wp-json\/wp\/v2\/comments?post=69491"}],"version-history":[{"count":0,"href":"https:\/\/www.bbmnoticias.com\/labravaradiofm\/wp-json\/wp\/v2\/posts\/69491\/revisions"}],"wp:featuredmedia":[{"embeddable":true,"href":"https:\/\/www.bbmnoticias.com\/labravaradiofm\/wp-json\/wp\/v2\/media\/69493"}],"wp:attachment":[{"href":"https:\/\/www.bbmnoticias.com\/labravaradiofm\/wp-json\/wp\/v2\/media?parent=69491"}],"wp:term":[{"taxonomy":"category","embeddable":true,"href":"https:\/\/www.bbmnoticias.com\/labravaradiofm\/wp-json\/wp\/v2\/categories?post=69491"},{"taxonomy":"post_tag","embeddable":true,"href":"https:\/\/www.bbmnoticias.com\/labravaradiofm\/wp-json\/wp\/v2\/tags?post=69491"}],"curies":[{"name":"wp","href":"https:\/\/api.w.org\/{rel}","templated":true}]}}