{"id":69485,"date":"2025-11-07T13:04:23","date_gmt":"2025-11-07T19:04:23","guid":{"rendered":"https:\/\/www.bbmnoticias.com\/labravaradiofm\/2025\/11\/07\/pronostican-ambiente-frio-al-amanecer-en-zonas-altas-de-la-mixteca-sierra-de-juarez-y-sierra-sur\/"},"modified":"2025-11-07T13:04:28","modified_gmt":"2025-11-07T19:04:28","slug":"pronostican-ambiente-frio-al-amanecer-en-zonas-altas-de-la-mixteca-sierra-de-juarez-y-sierra-sur","status":"publish","type":"post","link":"https:\/\/www.bbmnoticias.com\/labravaradiofm\/2025\/11\/07\/pronostican-ambiente-frio-al-amanecer-en-zonas-altas-de-la-mixteca-sierra-de-juarez-y-sierra-sur\/","title":{"rendered":"Pronostican ambiente fr\u00edo al amanecer en zonas altas de la Mixteca, Sierra de Ju\u00e1rez y Sierra Sur"},"content":{"rendered":"<div style=\"margin-top: 0px; margin-bottom: 0px;\" class=\"sharethis-inline-share-buttons\" ><\/div>\n<p><strong>Oaxaca de Ju\u00e1rez, Oax.-<\/strong> La Coordinaci\u00f3n Estatal de Protecci\u00f3n Civil y Gesti\u00f3n de Riesgos (CEPCyGR) informa que, este viernes, las condiciones atmosf\u00e9ricas ser\u00e1n estables con cielo despejado por la ma\u00f1ana y algunas nubes por la tarde, as\u00ed como ambiente fr\u00edo al amanecer en zonas altas de la Mixteca, Sierra de Ju\u00e1rez y Sierra Sur.<\/p>\n\n\n\n<p>Tambi\u00e9n se espera el desarrollo de neblina en zonas de la Sierra de Flores Mag\u00f3n y baja probabilidad de lluvias.<\/p>\n\n\n\n<p>De acuerdo con el pron\u00f3stico del tiempo emitido por la Comisi\u00f3n Nacional del Agua (Conagua), los vientos del norte se mantendr\u00e1n con velocidades ligeras a moderadas, lo que har\u00e1 que la sensaci\u00f3n t\u00e9rmica se perciba baja al amanecer en los Valles Centrales.<\/p>\n\n\n\n<p>Por otro lado, se mantiene en vigilancia un nuevo frente fr\u00edo que se desplazar\u00e1 r\u00e1pidamente a lo largo de la vertiente del Golfo de M\u00e9xico, durante el s\u00e1bado y domingo.<\/p>\n\n\n\n<p>Las temperaturas para este d\u00eda son las siguientes:<\/p>\n\n\n\n<p>\u2022 Valles Centrales, m\u00ednima de 12 y m\u00e1xima de 28 grados.<\/p>\n\n\n\n<p>\u2022 Istmo de Tehuantepec, m\u00ednima de 22 y m\u00e1xima de 33 grados.<\/p>\n\n\n\n<p>\u2022 Cuenca del Papaloapan, m\u00ednima de 17 y m\u00e1xima de 31 grados.<\/p>\n\n\n\n<p>\u2022 Costa, m\u00ednima de 23 y m\u00e1xima de 33 grados.<\/p>\n\n\n\n<p>\u2022 Mixteca, m\u00ednima de 11 y m\u00e1xima de 27 grados.<\/p>\n\n\n\n<p>\u2022 Sierra de Flores Mag\u00f3n, m\u00ednima de 13 y m\u00e1xima de 31 grados.<\/p>\n\n\n\n<p>\u2022 Sierra de Ju\u00e1rez, m\u00ednima de 9 y m\u00e1xima de 23 grados.<\/p>\n\n\n\n<p>\u2022 Sierra Sur, m\u00ednima de 11 y m\u00e1xima de 26 grados.<\/p>\n\n\n\n<p>Se exhorta a la poblaci\u00f3n atender las recomendaciones de Protecci\u00f3n Civil y Capitan\u00edas de Puerto, as\u00ed como a mantenerse informada de las condiciones meteorol\u00f3gicas a trav\u00e9s de los medios y redes sociales oficiales: Facebook @CEPCYGRGobOax y en X @CEPCyGR_GobOax.<\/p>\n","protected":false},"excerpt":{"rendered":"<p>Oaxaca de Ju\u00e1rez, Oax.- La Coordinaci\u00f3n Estatal de Protecci\u00f3n Civil y Gesti\u00f3n de Riesgos (CEPCyGR) informa que, este viernes, las condiciones atmosf\u00e9ricas ser\u00e1n estables con cielo despejado por la ma\u00f1ana y algunas nubes por la tarde, as\u00ed como ambiente fr\u00edo al amanecer en zonas altas de la Mixteca, Sierra de Ju\u00e1rez y Sierra Sur. Tambi\u00e9n [&hellip;]<\/p>\n","protected":false},"author":2,"featured_media":69487,"comment_status":"closed","ping_status":"","sticky":false,"template":"","format":"standard","meta":{"footnotes":""},"categories":[2],"tags":[],"class_list":{"0":"post-69485","1":"post","2":"type-post","3":"status-publish","4":"format-standard","5":"has-post-thumbnail","7":"category-oaxaca"},"yoast_head":"<!-- This site is optimized with the Yoast SEO plugin v27.4 - https:\/\/yoast.com\/product\/yoast-seo-wordpress\/ -->\n<title>Pronostican ambiente fr\u00edo al amanecer en zonas altas de la Mixteca, Sierra de Ju\u00e1rez y Sierra Sur - LA BRAVA RADIO<\/title>\n<meta name=\"robots\" content=\"index, follow, max-snippet:-1, max-image-preview:large, max-video-preview:-1\" \/>\n<link rel=\"canonical\" href=\"https:\/\/www.bbmnoticias.com\/pronostican-ambiente-frio-al-amanecer-en-zonas-altas-de-la-mixteca-sierra-de-juarez-y-sierra-sur\/\" \/>\n<meta property=\"og:locale\" content=\"es_MX\" \/>\n<meta property=\"og:type\" content=\"article\" \/>\n<meta property=\"og:title\" content=\"Pronostican ambiente fr\u00edo al amanecer en zonas altas de la Mixteca, Sierra de Ju\u00e1rez y Sierra Sur - LA BRAVA RADIO\" \/>\n<meta property=\"og:description\" content=\"Oaxaca de Ju\u00e1rez, Oax.- La Coordinaci\u00f3n Estatal de Protecci\u00f3n Civil y Gesti\u00f3n de Riesgos (CEPCyGR) informa que, este viernes, las condiciones atmosf\u00e9ricas ser\u00e1n estables con cielo despejado por la ma\u00f1ana y algunas nubes por la tarde, as\u00ed como ambiente fr\u00edo al amanecer en zonas altas de la Mixteca, Sierra de Ju\u00e1rez y Sierra Sur. Tambi\u00e9n [&hellip;]\" \/>\n<meta property=\"og:url\" content=\"https:\/\/www.bbmnoticias.com\/pronostican-ambiente-frio-al-amanecer-en-zonas-altas-de-la-mixteca-sierra-de-juarez-y-sierra-sur\/\" \/>\n<meta property=\"og:site_name\" content=\"LA BRAVA RADIO\" \/>\n<meta property=\"article:published_time\" content=\"2025-11-07T19:04:23+00:00\" \/>\n<meta property=\"article:modified_time\" content=\"2025-11-07T19:04:28+00:00\" \/>\n<meta property=\"og:image\" content=\"https:\/\/www.bbmnoticias.com\/labravaradiofm\/wp-content\/uploads\/sites\/5\/2025\/11\/clima_oaxaca-4.jpg\" \/>\n\t<meta property=\"og:image:width\" content=\"800\" \/>\n\t<meta property=\"og:image:height\" content=\"461\" \/>\n\t<meta property=\"og:image:type\" content=\"image\/jpeg\" \/>\n<meta name=\"author\" content=\"Staff\" \/>\n<meta name=\"twitter:card\" content=\"summary_large_image\" \/>\n<meta name=\"twitter:label1\" content=\"Escrito por\" \/>\n\t<meta name=\"twitter:data1\" content=\"Staff\" \/>\n\t<meta name=\"twitter:label2\" content=\"Tiempo de lectura\" \/>\n\t<meta name=\"twitter:data2\" content=\"2 minutos\" \/>\n<script type=\"application\/ld+json\" class=\"yoast-schema-graph\">{\"@context\":\"https:\\\/\\\/schema.org\",\"@graph\":[{\"@type\":\"Article\",\"@id\":\"https:\\\/\\\/www.bbmnoticias.com\\\/pronostican-ambiente-frio-al-amanecer-en-zonas-altas-de-la-mixteca-sierra-de-juarez-y-sierra-sur\\\/#article\",\"isPartOf\":{\"@id\":\"https:\\\/\\\/www.bbmnoticias.com\\\/labravaradiofm\\\/2025\\\/11\\\/07\\\/pronostican-ambiente-frio-al-amanecer-en-zonas-altas-de-la-mixteca-sierra-de-juarez-y-sierra-sur\\\/\"},\"author\":{\"name\":\"Staff\",\"@id\":\"https:\\\/\\\/www.bbmnoticias.com\\\/labravaradiofm\\\/#\\\/schema\\\/person\\\/34b139c617a70ea5bef5678bffe4dd7b\"},\"headline\":\"Pronostican ambiente fr\u00edo al amanecer en zonas altas de la Mixteca, Sierra de Ju\u00e1rez y Sierra Sur\",\"datePublished\":\"2025-11-07T19:04:23+00:00\",\"dateModified\":\"2025-11-07T19:04:28+00:00\",\"mainEntityOfPage\":{\"@id\":\"https:\\\/\\\/www.bbmnoticias.com\\\/labravaradiofm\\\/2025\\\/11\\\/07\\\/pronostican-ambiente-frio-al-amanecer-en-zonas-altas-de-la-mixteca-sierra-de-juarez-y-sierra-sur\\\/\"},\"wordCount\":325,\"image\":{\"@id\":\"https:\\\/\\\/www.bbmnoticias.com\\\/pronostican-ambiente-frio-al-amanecer-en-zonas-altas-de-la-mixteca-sierra-de-juarez-y-sierra-sur\\\/#primaryimage\"},\"thumbnailUrl\":\"https:\\\/\\\/www.bbmnoticias.com\\\/labravaradiofm\\\/wp-content\\\/uploads\\\/sites\\\/5\\\/2025\\\/11\\\/clima_oaxaca-4.jpg\",\"articleSection\":[\"LOCAL\"],\"inLanguage\":\"es\"},{\"@type\":\"WebPage\",\"@id\":\"https:\\\/\\\/www.bbmnoticias.com\\\/labravaradiofm\\\/2025\\\/11\\\/07\\\/pronostican-ambiente-frio-al-amanecer-en-zonas-altas-de-la-mixteca-sierra-de-juarez-y-sierra-sur\\\/\",\"url\":\"https:\\\/\\\/www.bbmnoticias.com\\\/pronostican-ambiente-frio-al-amanecer-en-zonas-altas-de-la-mixteca-sierra-de-juarez-y-sierra-sur\\\/\",\"name\":\"Pronostican ambiente fr\u00edo al amanecer en zonas altas de la Mixteca, Sierra de Ju\u00e1rez y Sierra Sur - LA BRAVA RADIO\",\"isPartOf\":{\"@id\":\"https:\\\/\\\/www.bbmnoticias.com\\\/labravaradiofm\\\/#website\"},\"primaryImageOfPage\":{\"@id\":\"https:\\\/\\\/www.bbmnoticias.com\\\/pronostican-ambiente-frio-al-amanecer-en-zonas-altas-de-la-mixteca-sierra-de-juarez-y-sierra-sur\\\/#primaryimage\"},\"image\":{\"@id\":\"https:\\\/\\\/www.bbmnoticias.com\\\/pronostican-ambiente-frio-al-amanecer-en-zonas-altas-de-la-mixteca-sierra-de-juarez-y-sierra-sur\\\/#primaryimage\"},\"thumbnailUrl\":\"https:\\\/\\\/www.bbmnoticias.com\\\/labravaradiofm\\\/wp-content\\\/uploads\\\/sites\\\/5\\\/2025\\\/11\\\/clima_oaxaca-4.jpg\",\"datePublished\":\"2025-11-07T19:04:23+00:00\",\"dateModified\":\"2025-11-07T19:04:28+00:00\",\"author\":{\"@id\":\"https:\\\/\\\/www.bbmnoticias.com\\\/labravaradiofm\\\/#\\\/schema\\\/person\\\/34b139c617a70ea5bef5678bffe4dd7b\"},\"breadcrumb\":{\"@id\":\"https:\\\/\\\/www.bbmnoticias.com\\\/pronostican-ambiente-frio-al-amanecer-en-zonas-altas-de-la-mixteca-sierra-de-juarez-y-sierra-sur\\\/#breadcrumb\"},\"inLanguage\":\"es\",\"potentialAction\":[{\"@type\":\"ReadAction\",\"target\":[\"https:\\\/\\\/www.bbmnoticias.com\\\/pronostican-ambiente-frio-al-amanecer-en-zonas-altas-de-la-mixteca-sierra-de-juarez-y-sierra-sur\\\/\"]}]},{\"@type\":\"ImageObject\",\"inLanguage\":\"es\",\"@id\":\"https:\\\/\\\/www.bbmnoticias.com\\\/pronostican-ambiente-frio-al-amanecer-en-zonas-altas-de-la-mixteca-sierra-de-juarez-y-sierra-sur\\\/#primaryimage\",\"url\":\"https:\\\/\\\/www.bbmnoticias.com\\\/labravaradiofm\\\/wp-content\\\/uploads\\\/sites\\\/5\\\/2025\\\/11\\\/clima_oaxaca-4.jpg\",\"contentUrl\":\"https:\\\/\\\/www.bbmnoticias.com\\\/labravaradiofm\\\/wp-content\\\/uploads\\\/sites\\\/5\\\/2025\\\/11\\\/clima_oaxaca-4.jpg\",\"width\":800,\"height\":461},{\"@type\":\"BreadcrumbList\",\"@id\":\"https:\\\/\\\/www.bbmnoticias.com\\\/pronostican-ambiente-frio-al-amanecer-en-zonas-altas-de-la-mixteca-sierra-de-juarez-y-sierra-sur\\\/#breadcrumb\",\"itemListElement\":[{\"@type\":\"ListItem\",\"position\":1,\"name\":\"Inicio\",\"item\":\"https:\\\/\\\/www.bbmnoticias.com\\\/labravaradiofm\\\/\"},{\"@type\":\"ListItem\",\"position\":2,\"name\":\"Pronostican ambiente fr\u00edo al amanecer en zonas altas de la Mixteca, Sierra de Ju\u00e1rez y Sierra Sur\"}]},{\"@type\":\"WebSite\",\"@id\":\"https:\\\/\\\/www.bbmnoticias.com\\\/labravaradiofm\\\/#website\",\"url\":\"https:\\\/\\\/www.bbmnoticias.com\\\/labravaradiofm\\\/\",\"name\":\"LA BRAVA RADIO\",\"description\":\"Empresa productora de medios, Radiodifusi\u00f3n, Noticias, tendencias y todo lo que necesitas saber de la pol\u00edtica mexicana e internacional; entretenimiento, espect\u00e1culos, salud y mucho m\u00e1s.\",\"potentialAction\":[{\"@type\":\"SearchAction\",\"target\":{\"@type\":\"EntryPoint\",\"urlTemplate\":\"https:\\\/\\\/www.bbmnoticias.com\\\/labravaradiofm\\\/?s={search_term_string}\"},\"query-input\":{\"@type\":\"PropertyValueSpecification\",\"valueRequired\":true,\"valueName\":\"search_term_string\"}}],\"inLanguage\":\"es\"},{\"@type\":\"Person\",\"@id\":\"https:\\\/\\\/www.bbmnoticias.com\\\/labravaradiofm\\\/#\\\/schema\\\/person\\\/34b139c617a70ea5bef5678bffe4dd7b\",\"name\":\"Staff\",\"image\":{\"@type\":\"ImageObject\",\"inLanguage\":\"es\",\"@id\":\"https:\\\/\\\/secure.gravatar.com\\\/avatar\\\/fdd21ad66fd8b98c407f9dee5b5e588cfe7f0d8579ec20fa6527cd59bab7f0f0?s=96&d=mm&r=g\",\"url\":\"https:\\\/\\\/secure.gravatar.com\\\/avatar\\\/fdd21ad66fd8b98c407f9dee5b5e588cfe7f0d8579ec20fa6527cd59bab7f0f0?s=96&d=mm&r=g\",\"contentUrl\":\"https:\\\/\\\/secure.gravatar.com\\\/avatar\\\/fdd21ad66fd8b98c407f9dee5b5e588cfe7f0d8579ec20fa6527cd59bab7f0f0?s=96&d=mm&r=g\",\"caption\":\"Staff\"},\"url\":\"https:\\\/\\\/www.bbmnoticias.com\\\/labravaradiofm\\\/author\\\/redaccion\\\/\"}]}<\/script>\n<!-- \/ Yoast SEO plugin. -->","yoast_head_json":{"title":"Pronostican ambiente fr\u00edo al amanecer en zonas altas de la Mixteca, Sierra de Ju\u00e1rez y Sierra Sur - LA BRAVA RADIO","robots":{"index":"index","follow":"follow","max-snippet":"max-snippet:-1","max-image-preview":"max-image-preview:large","max-video-preview":"max-video-preview:-1"},"canonical":"https:\/\/www.bbmnoticias.com\/pronostican-ambiente-frio-al-amanecer-en-zonas-altas-de-la-mixteca-sierra-de-juarez-y-sierra-sur\/","og_locale":"es_MX","og_type":"article","og_title":"Pronostican ambiente fr\u00edo al amanecer en zonas altas de la Mixteca, Sierra de Ju\u00e1rez y Sierra Sur - LA BRAVA RADIO","og_description":"Oaxaca de Ju\u00e1rez, Oax.- La Coordinaci\u00f3n Estatal de Protecci\u00f3n Civil y Gesti\u00f3n de Riesgos (CEPCyGR) informa que, este viernes, las condiciones atmosf\u00e9ricas ser\u00e1n estables con cielo despejado por la ma\u00f1ana y algunas nubes por la tarde, as\u00ed como ambiente fr\u00edo al amanecer en zonas altas de la Mixteca, Sierra de Ju\u00e1rez y Sierra Sur. Tambi\u00e9n [&hellip;]","og_url":"https:\/\/www.bbmnoticias.com\/pronostican-ambiente-frio-al-amanecer-en-zonas-altas-de-la-mixteca-sierra-de-juarez-y-sierra-sur\/","og_site_name":"LA BRAVA RADIO","article_published_time":"2025-11-07T19:04:23+00:00","article_modified_time":"2025-11-07T19:04:28+00:00","og_image":[{"width":800,"height":461,"url":"https:\/\/www.bbmnoticias.com\/labravaradiofm\/wp-content\/uploads\/sites\/5\/2025\/11\/clima_oaxaca-4.jpg","type":"image\/jpeg"}],"author":"Staff","twitter_card":"summary_large_image","twitter_misc":{"Escrito por":"Staff","Tiempo de lectura":"2 minutos"},"schema":{"@context":"https:\/\/schema.org","@graph":[{"@type":"Article","@id":"https:\/\/www.bbmnoticias.com\/pronostican-ambiente-frio-al-amanecer-en-zonas-altas-de-la-mixteca-sierra-de-juarez-y-sierra-sur\/#article","isPartOf":{"@id":"https:\/\/www.bbmnoticias.com\/labravaradiofm\/2025\/11\/07\/pronostican-ambiente-frio-al-amanecer-en-zonas-altas-de-la-mixteca-sierra-de-juarez-y-sierra-sur\/"},"author":{"name":"Staff","@id":"https:\/\/www.bbmnoticias.com\/labravaradiofm\/#\/schema\/person\/34b139c617a70ea5bef5678bffe4dd7b"},"headline":"Pronostican ambiente fr\u00edo al amanecer en zonas altas de la Mixteca, Sierra de Ju\u00e1rez y Sierra Sur","datePublished":"2025-11-07T19:04:23+00:00","dateModified":"2025-11-07T19:04:28+00:00","mainEntityOfPage":{"@id":"https:\/\/www.bbmnoticias.com\/labravaradiofm\/2025\/11\/07\/pronostican-ambiente-frio-al-amanecer-en-zonas-altas-de-la-mixteca-sierra-de-juarez-y-sierra-sur\/"},"wordCount":325,"image":{"@id":"https:\/\/www.bbmnoticias.com\/pronostican-ambiente-frio-al-amanecer-en-zonas-altas-de-la-mixteca-sierra-de-juarez-y-sierra-sur\/#primaryimage"},"thumbnailUrl":"https:\/\/www.bbmnoticias.com\/labravaradiofm\/wp-content\/uploads\/sites\/5\/2025\/11\/clima_oaxaca-4.jpg","articleSection":["LOCAL"],"inLanguage":"es"},{"@type":"WebPage","@id":"https:\/\/www.bbmnoticias.com\/labravaradiofm\/2025\/11\/07\/pronostican-ambiente-frio-al-amanecer-en-zonas-altas-de-la-mixteca-sierra-de-juarez-y-sierra-sur\/","url":"https:\/\/www.bbmnoticias.com\/pronostican-ambiente-frio-al-amanecer-en-zonas-altas-de-la-mixteca-sierra-de-juarez-y-sierra-sur\/","name":"Pronostican ambiente fr\u00edo al amanecer en zonas altas de la Mixteca, Sierra de Ju\u00e1rez y Sierra Sur - LA BRAVA RADIO","isPartOf":{"@id":"https:\/\/www.bbmnoticias.com\/labravaradiofm\/#website"},"primaryImageOfPage":{"@id":"https:\/\/www.bbmnoticias.com\/pronostican-ambiente-frio-al-amanecer-en-zonas-altas-de-la-mixteca-sierra-de-juarez-y-sierra-sur\/#primaryimage"},"image":{"@id":"https:\/\/www.bbmnoticias.com\/pronostican-ambiente-frio-al-amanecer-en-zonas-altas-de-la-mixteca-sierra-de-juarez-y-sierra-sur\/#primaryimage"},"thumbnailUrl":"https:\/\/www.bbmnoticias.com\/labravaradiofm\/wp-content\/uploads\/sites\/5\/2025\/11\/clima_oaxaca-4.jpg","datePublished":"2025-11-07T19:04:23+00:00","dateModified":"2025-11-07T19:04:28+00:00","author":{"@id":"https:\/\/www.bbmnoticias.com\/labravaradiofm\/#\/schema\/person\/34b139c617a70ea5bef5678bffe4dd7b"},"breadcrumb":{"@id":"https:\/\/www.bbmnoticias.com\/pronostican-ambiente-frio-al-amanecer-en-zonas-altas-de-la-mixteca-sierra-de-juarez-y-sierra-sur\/#breadcrumb"},"inLanguage":"es","potentialAction":[{"@type":"ReadAction","target":["https:\/\/www.bbmnoticias.com\/pronostican-ambiente-frio-al-amanecer-en-zonas-altas-de-la-mixteca-sierra-de-juarez-y-sierra-sur\/"]}]},{"@type":"ImageObject","inLanguage":"es","@id":"https:\/\/www.bbmnoticias.com\/pronostican-ambiente-frio-al-amanecer-en-zonas-altas-de-la-mixteca-sierra-de-juarez-y-sierra-sur\/#primaryimage","url":"https:\/\/www.bbmnoticias.com\/labravaradiofm\/wp-content\/uploads\/sites\/5\/2025\/11\/clima_oaxaca-4.jpg","contentUrl":"https:\/\/www.bbmnoticias.com\/labravaradiofm\/wp-content\/uploads\/sites\/5\/2025\/11\/clima_oaxaca-4.jpg","width":800,"height":461},{"@type":"BreadcrumbList","@id":"https:\/\/www.bbmnoticias.com\/pronostican-ambiente-frio-al-amanecer-en-zonas-altas-de-la-mixteca-sierra-de-juarez-y-sierra-sur\/#breadcrumb","itemListElement":[{"@type":"ListItem","position":1,"name":"Inicio","item":"https:\/\/www.bbmnoticias.com\/labravaradiofm\/"},{"@type":"ListItem","position":2,"name":"Pronostican ambiente fr\u00edo al amanecer en zonas altas de la Mixteca, Sierra de Ju\u00e1rez y Sierra Sur"}]},{"@type":"WebSite","@id":"https:\/\/www.bbmnoticias.com\/labravaradiofm\/#website","url":"https:\/\/www.bbmnoticias.com\/labravaradiofm\/","name":"LA BRAVA RADIO","description":"Empresa productora de medios, Radiodifusi\u00f3n, Noticias, tendencias y todo lo que necesitas saber de la pol\u00edtica mexicana e internacional; entretenimiento, espect\u00e1culos, salud y mucho m\u00e1s.","potentialAction":[{"@type":"SearchAction","target":{"@type":"EntryPoint","urlTemplate":"https:\/\/www.bbmnoticias.com\/labravaradiofm\/?s={search_term_string}"},"query-input":{"@type":"PropertyValueSpecification","valueRequired":true,"valueName":"search_term_string"}}],"inLanguage":"es"},{"@type":"Person","@id":"https:\/\/www.bbmnoticias.com\/labravaradiofm\/#\/schema\/person\/34b139c617a70ea5bef5678bffe4dd7b","name":"Staff","image":{"@type":"ImageObject","inLanguage":"es","@id":"https:\/\/secure.gravatar.com\/avatar\/fdd21ad66fd8b98c407f9dee5b5e588cfe7f0d8579ec20fa6527cd59bab7f0f0?s=96&d=mm&r=g","url":"https:\/\/secure.gravatar.com\/avatar\/fdd21ad66fd8b98c407f9dee5b5e588cfe7f0d8579ec20fa6527cd59bab7f0f0?s=96&d=mm&r=g","contentUrl":"https:\/\/secure.gravatar.com\/avatar\/fdd21ad66fd8b98c407f9dee5b5e588cfe7f0d8579ec20fa6527cd59bab7f0f0?s=96&d=mm&r=g","caption":"Staff"},"url":"https:\/\/www.bbmnoticias.com\/labravaradiofm\/author\/redaccion\/"}]}},"_links":{"self":[{"href":"https:\/\/www.bbmnoticias.com\/labravaradiofm\/wp-json\/wp\/v2\/posts\/69485","targetHints":{"allow":["GET"]}}],"collection":[{"href":"https:\/\/www.bbmnoticias.com\/labravaradiofm\/wp-json\/wp\/v2\/posts"}],"about":[{"href":"https:\/\/www.bbmnoticias.com\/labravaradiofm\/wp-json\/wp\/v2\/types\/post"}],"author":[{"embeddable":true,"href":"https:\/\/www.bbmnoticias.com\/labravaradiofm\/wp-json\/wp\/v2\/users\/2"}],"replies":[{"embeddable":true,"href":"https:\/\/www.bbmnoticias.com\/labravaradiofm\/wp-json\/wp\/v2\/comments?post=69485"}],"version-history":[{"count":0,"href":"https:\/\/www.bbmnoticias.com\/labravaradiofm\/wp-json\/wp\/v2\/posts\/69485\/revisions"}],"wp:featuredmedia":[{"embeddable":true,"href":"https:\/\/www.bbmnoticias.com\/labravaradiofm\/wp-json\/wp\/v2\/media\/69487"}],"wp:attachment":[{"href":"https:\/\/www.bbmnoticias.com\/labravaradiofm\/wp-json\/wp\/v2\/media?parent=69485"}],"wp:term":[{"taxonomy":"category","embeddable":true,"href":"https:\/\/www.bbmnoticias.com\/labravaradiofm\/wp-json\/wp\/v2\/categories?post=69485"},{"taxonomy":"post_tag","embeddable":true,"href":"https:\/\/www.bbmnoticias.com\/labravaradiofm\/wp-json\/wp\/v2\/tags?post=69485"}],"curies":[{"name":"wp","href":"https:\/\/api.w.org\/{rel}","templated":true}]}}