{"id":69473,"date":"2025-11-07T11:04:21","date_gmt":"2025-11-07T17:04:21","guid":{"rendered":"https:\/\/www.bbmnoticias.com\/labravaradiofm\/2025\/11\/07\/tecnologico-nacional-de-mexico-dara-cursos-gratis-de-inteligencia-artificial-para-estos-jovenes-a-partir-de-enero\/"},"modified":"2025-11-07T11:04:25","modified_gmt":"2025-11-07T17:04:25","slug":"tecnologico-nacional-de-mexico-dara-cursos-gratis-de-inteligencia-artificial-para-estos-jovenes-a-partir-de-enero","status":"publish","type":"post","link":"https:\/\/www.bbmnoticias.com\/labravaradiofm\/2025\/11\/07\/tecnologico-nacional-de-mexico-dara-cursos-gratis-de-inteligencia-artificial-para-estos-jovenes-a-partir-de-enero\/","title":{"rendered":"Tecnol\u00f3gico Nacional de M\u00e9xico dar\u00e1 cursos gratis de Inteligencia Artificial para estos j\u00f3venes a partir de enero"},"content":{"rendered":"<div style=\"margin-top: 0px; margin-bottom: 0px;\" class=\"sharethis-inline-share-buttons\" ><\/div>\n<p>La presidenta <strong>Claudia Sheinbaum<\/strong> inform\u00f3 que a trav\u00e9s del <strong>Tecnol\u00f3gico Nacional de M\u00e9xico<\/strong>, se dar\u00e1n cursos de formaci\u00f3n en <strong>inteligencia artificial<\/strong>, programaci\u00f3n y conocimientos tecnol\u00f3gicos y digitales, a 10 mil j\u00f3venes. En la conferencia de prensa, la mandataria federal se\u00f1al\u00f3 que por la capacidad de la instituci\u00f3n solamente se podr\u00e1n recibir a 10,000 <strong>j\u00f3venes<\/strong> de manera presencial a partir de <strong>enero<\/strong> de 2026. Detall\u00f3 \u00a0que estos cursos tambi\u00e9n se ofrecer\u00e1n en l\u00ednea a trav\u00e9s de la plataforma <strong>gratuita<\/strong> \u00a0Saberes.Mx.\u00a0<\/p>\n\n\n\n<p>\u201cInicia en enero para 10 mil <strong>j\u00f3venes<\/strong> que van a tener las <strong>clases<\/strong> presenciales, tambi\u00e9n van a ser certificados por las instituciones p\u00fablicas, es decir, el Tecnol\u00f3gico Nacional de M\u00e9xico (&#8230;) todos los cursos van a quedar inscritos en esta plataforma que anunciamos d\u00edas antes que se llama saberes.mx, van a tener todos esos cursos en las cuales se va a poder inscribir manera gratuita, y ya si se quieren certificar por el TecNM , por el Polit\u00e9cnico Nacional, por otras <strong>universidades<\/strong> entonces tienen que pasar una serie de ex\u00e1menes asociados a estos cursos\u201d, explic\u00f3.<\/p>\n\n\n\n<h2 class=\"wp-block-heading\">Centro P\u00fablico de Formaci\u00f3n en IA permitir\u00e1 impulsar\u00e1 oportunidades laborales<\/h2>\n\n\n\n<p><strong>Claudia Sheinbaum<\/strong> se\u00f1al\u00f3 que el Centro P\u00fablico de Formaci\u00f3n en <strong>Inteligencia Artificial<\/strong> permitir\u00e1 que las y los <strong>j\u00f3venes<\/strong> mexicanos encuentren un <strong>trabajo<\/strong> bien remunerado y tambi\u00e9n acceder a certificaciones y a certificaciones. Dijo que el Centro P\u00fablico de Formaci\u00f3n en Inteligencia Artificial es el proyecto m\u00e1s grande de <strong>Am\u00e9rica Latina<\/strong>, p\u00fablico y <strong>gratuito<\/strong>, que permitir\u00e1 la certificaci\u00f3n de j\u00f3venes.<\/p>\n\n\n\n<blockquote class=\"wp-block-quote is-layout-flow wp-block-quote-is-layout-flow\">\n<p>\u201cEst\u00e1 vinculado con la posibilidad de tener un empleo bien remunerado de estas empresas que lo est\u00e1n solicitando, pero en realidad lo vemos como centro p\u00fablico, porque todas y todos van a poder tener acceso a aquellos que les interese van a poder tener acceso a trav\u00e9s de saberes.mx al curso y en su caso si as\u00ed les desean a trav\u00e9s de las propias instituciones de educaci\u00f3n superior.<\/p>\n<\/blockquote>\n\n\n\n<figure class=\"wp-block-image\"><img decoding=\"async\" src=\"https:\/\/heraldodemexico.com.mx\/u\/fotografias\/m\/2025\/11\/7\/f768x1-1206545_1206672_5050.jpeg\" alt=\"\"\/><figcaption class=\"wp-element-caption\"><br>FOTO: Agencia Transformadora Digital X<\/figcaption><\/figure>\n\n\n\n<p>&#8220;Es un proyecto muy amplio, es quiz\u00e1 el m\u00e1s grande por lo m\u00e1s grande de <strong>Am\u00e9rica latina<\/strong>, porque es p\u00fablico y es <strong>gratuito<\/strong>, y adem\u00e1s tiene la opci\u00f3n de certificarse a trav\u00e9s de estas m\u00faltiples empresas que se dedican hoy a la Inteligencia Artificial y otros formas de programaci\u00f3n\u201d, indic\u00f3.<\/p>\n\n\n\n<h2 class=\"wp-block-heading\">Estos son los cursos gratuitos que ofrecer\u00e1n&nbsp;<\/h2>\n\n\n\n<p>-Inteligencia artificial<\/p>\n\n\n\n<p>-An\u00e1lisis de datos<\/p>\n\n\n\n<p>-Nube<\/p>\n\n\n\n<p>-Java<\/p>\n\n\n\n<p>-Ciberseguridad<\/p>\n","protected":false},"excerpt":{"rendered":"<p>La presidenta Claudia Sheinbaum inform\u00f3 que a trav\u00e9s del Tecnol\u00f3gico Nacional de M\u00e9xico, se dar\u00e1n cursos de formaci\u00f3n en inteligencia artificial, programaci\u00f3n y conocimientos tecnol\u00f3gicos y digitales, a 10 mil j\u00f3venes. En la conferencia de prensa, la mandataria federal se\u00f1al\u00f3 que por la capacidad de la instituci\u00f3n solamente se podr\u00e1n recibir a 10,000 j\u00f3venes de [&hellip;]<\/p>\n","protected":false},"author":2,"featured_media":69475,"comment_status":"closed","ping_status":"","sticky":false,"template":"","format":"standard","meta":{"footnotes":""},"categories":[2,19],"tags":[],"class_list":{"0":"post-69473","1":"post","2":"type-post","3":"status-publish","4":"format-standard","5":"has-post-thumbnail","7":"category-oaxaca","8":"category-nacional"},"yoast_head":"<!-- This site is optimized with the Yoast SEO plugin v27.4 - https:\/\/yoast.com\/product\/yoast-seo-wordpress\/ -->\n<title>Tecnol\u00f3gico Nacional de M\u00e9xico dar\u00e1 cursos gratis de Inteligencia Artificial para estos j\u00f3venes a partir de enero - LA BRAVA RADIO<\/title>\n<meta name=\"robots\" content=\"index, follow, max-snippet:-1, max-image-preview:large, max-video-preview:-1\" \/>\n<link rel=\"canonical\" href=\"https:\/\/www.bbmnoticias.com\/tecnologico-nacional-de-mexico-dara-cursos-gratis-de-inteligencia-artificial-para-estos-jovenes-a-partir-de-enero\/\" \/>\n<meta property=\"og:locale\" content=\"es_MX\" \/>\n<meta property=\"og:type\" content=\"article\" \/>\n<meta property=\"og:title\" content=\"Tecnol\u00f3gico Nacional de M\u00e9xico dar\u00e1 cursos gratis de Inteligencia Artificial para estos j\u00f3venes a partir de enero - LA BRAVA RADIO\" \/>\n<meta property=\"og:description\" content=\"La presidenta Claudia Sheinbaum inform\u00f3 que a trav\u00e9s del Tecnol\u00f3gico Nacional de M\u00e9xico, se dar\u00e1n cursos de formaci\u00f3n en inteligencia artificial, programaci\u00f3n y conocimientos tecnol\u00f3gicos y digitales, a 10 mil j\u00f3venes. En la conferencia de prensa, la mandataria federal se\u00f1al\u00f3 que por la capacidad de la instituci\u00f3n solamente se podr\u00e1n recibir a 10,000 j\u00f3venes de [&hellip;]\" \/>\n<meta property=\"og:url\" content=\"https:\/\/www.bbmnoticias.com\/tecnologico-nacional-de-mexico-dara-cursos-gratis-de-inteligencia-artificial-para-estos-jovenes-a-partir-de-enero\/\" \/>\n<meta property=\"og:site_name\" content=\"LA BRAVA RADIO\" \/>\n<meta property=\"article:published_time\" content=\"2025-11-07T17:04:21+00:00\" \/>\n<meta property=\"article:modified_time\" content=\"2025-11-07T17:04:25+00:00\" \/>\n<meta property=\"og:image\" content=\"https:\/\/www.bbmnoticias.com\/labravaradiofm\/wp-content\/uploads\/sites\/5\/2025\/11\/carreras_digitales.jpg\" \/>\n\t<meta property=\"og:image:width\" content=\"848\" \/>\n\t<meta property=\"og:image:height\" content=\"477\" \/>\n\t<meta property=\"og:image:type\" content=\"image\/jpeg\" \/>\n<meta name=\"author\" content=\"Staff\" \/>\n<meta name=\"twitter:card\" content=\"summary_large_image\" \/>\n<meta name=\"twitter:label1\" content=\"Escrito por\" \/>\n\t<meta name=\"twitter:data1\" content=\"Staff\" \/>\n\t<meta name=\"twitter:label2\" content=\"Tiempo de lectura\" \/>\n\t<meta name=\"twitter:data2\" content=\"2 minutos\" \/>\n<script type=\"application\/ld+json\" class=\"yoast-schema-graph\">{\"@context\":\"https:\\\/\\\/schema.org\",\"@graph\":[{\"@type\":\"Article\",\"@id\":\"https:\\\/\\\/www.bbmnoticias.com\\\/tecnologico-nacional-de-mexico-dara-cursos-gratis-de-inteligencia-artificial-para-estos-jovenes-a-partir-de-enero\\\/#article\",\"isPartOf\":{\"@id\":\"https:\\\/\\\/www.bbmnoticias.com\\\/labravaradiofm\\\/2025\\\/11\\\/07\\\/tecnologico-nacional-de-mexico-dara-cursos-gratis-de-inteligencia-artificial-para-estos-jovenes-a-partir-de-enero\\\/\"},\"author\":{\"name\":\"Staff\",\"@id\":\"https:\\\/\\\/www.bbmnoticias.com\\\/labravaradiofm\\\/#\\\/schema\\\/person\\\/34b139c617a70ea5bef5678bffe4dd7b\"},\"headline\":\"Tecnol\u00f3gico Nacional de M\u00e9xico dar\u00e1 cursos gratis de Inteligencia Artificial para estos j\u00f3venes a partir de enero\",\"datePublished\":\"2025-11-07T17:04:21+00:00\",\"dateModified\":\"2025-11-07T17:04:25+00:00\",\"mainEntityOfPage\":{\"@id\":\"https:\\\/\\\/www.bbmnoticias.com\\\/labravaradiofm\\\/2025\\\/11\\\/07\\\/tecnologico-nacional-de-mexico-dara-cursos-gratis-de-inteligencia-artificial-para-estos-jovenes-a-partir-de-enero\\\/\"},\"wordCount\":453,\"image\":{\"@id\":\"https:\\\/\\\/www.bbmnoticias.com\\\/tecnologico-nacional-de-mexico-dara-cursos-gratis-de-inteligencia-artificial-para-estos-jovenes-a-partir-de-enero\\\/#primaryimage\"},\"thumbnailUrl\":\"https:\\\/\\\/www.bbmnoticias.com\\\/labravaradiofm\\\/wp-content\\\/uploads\\\/sites\\\/5\\\/2025\\\/11\\\/carreras_digitales.jpg\",\"articleSection\":[\"LOCAL\",\"NACIONAL\"],\"inLanguage\":\"es\"},{\"@type\":\"WebPage\",\"@id\":\"https:\\\/\\\/www.bbmnoticias.com\\\/labravaradiofm\\\/2025\\\/11\\\/07\\\/tecnologico-nacional-de-mexico-dara-cursos-gratis-de-inteligencia-artificial-para-estos-jovenes-a-partir-de-enero\\\/\",\"url\":\"https:\\\/\\\/www.bbmnoticias.com\\\/tecnologico-nacional-de-mexico-dara-cursos-gratis-de-inteligencia-artificial-para-estos-jovenes-a-partir-de-enero\\\/\",\"name\":\"Tecnol\u00f3gico Nacional de M\u00e9xico dar\u00e1 cursos gratis de Inteligencia Artificial para estos j\u00f3venes a partir de enero - LA BRAVA RADIO\",\"isPartOf\":{\"@id\":\"https:\\\/\\\/www.bbmnoticias.com\\\/labravaradiofm\\\/#website\"},\"primaryImageOfPage\":{\"@id\":\"https:\\\/\\\/www.bbmnoticias.com\\\/tecnologico-nacional-de-mexico-dara-cursos-gratis-de-inteligencia-artificial-para-estos-jovenes-a-partir-de-enero\\\/#primaryimage\"},\"image\":{\"@id\":\"https:\\\/\\\/www.bbmnoticias.com\\\/tecnologico-nacional-de-mexico-dara-cursos-gratis-de-inteligencia-artificial-para-estos-jovenes-a-partir-de-enero\\\/#primaryimage\"},\"thumbnailUrl\":\"https:\\\/\\\/www.bbmnoticias.com\\\/labravaradiofm\\\/wp-content\\\/uploads\\\/sites\\\/5\\\/2025\\\/11\\\/carreras_digitales.jpg\",\"datePublished\":\"2025-11-07T17:04:21+00:00\",\"dateModified\":\"2025-11-07T17:04:25+00:00\",\"author\":{\"@id\":\"https:\\\/\\\/www.bbmnoticias.com\\\/labravaradiofm\\\/#\\\/schema\\\/person\\\/34b139c617a70ea5bef5678bffe4dd7b\"},\"breadcrumb\":{\"@id\":\"https:\\\/\\\/www.bbmnoticias.com\\\/tecnologico-nacional-de-mexico-dara-cursos-gratis-de-inteligencia-artificial-para-estos-jovenes-a-partir-de-enero\\\/#breadcrumb\"},\"inLanguage\":\"es\",\"potentialAction\":[{\"@type\":\"ReadAction\",\"target\":[\"https:\\\/\\\/www.bbmnoticias.com\\\/tecnologico-nacional-de-mexico-dara-cursos-gratis-de-inteligencia-artificial-para-estos-jovenes-a-partir-de-enero\\\/\"]}]},{\"@type\":\"ImageObject\",\"inLanguage\":\"es\",\"@id\":\"https:\\\/\\\/www.bbmnoticias.com\\\/tecnologico-nacional-de-mexico-dara-cursos-gratis-de-inteligencia-artificial-para-estos-jovenes-a-partir-de-enero\\\/#primaryimage\",\"url\":\"https:\\\/\\\/www.bbmnoticias.com\\\/labravaradiofm\\\/wp-content\\\/uploads\\\/sites\\\/5\\\/2025\\\/11\\\/carreras_digitales.jpg\",\"contentUrl\":\"https:\\\/\\\/www.bbmnoticias.com\\\/labravaradiofm\\\/wp-content\\\/uploads\\\/sites\\\/5\\\/2025\\\/11\\\/carreras_digitales.jpg\",\"width\":848,\"height\":477},{\"@type\":\"BreadcrumbList\",\"@id\":\"https:\\\/\\\/www.bbmnoticias.com\\\/tecnologico-nacional-de-mexico-dara-cursos-gratis-de-inteligencia-artificial-para-estos-jovenes-a-partir-de-enero\\\/#breadcrumb\",\"itemListElement\":[{\"@type\":\"ListItem\",\"position\":1,\"name\":\"Inicio\",\"item\":\"https:\\\/\\\/www.bbmnoticias.com\\\/labravaradiofm\\\/\"},{\"@type\":\"ListItem\",\"position\":2,\"name\":\"Tecnol\u00f3gico Nacional de M\u00e9xico dar\u00e1 cursos gratis de Inteligencia Artificial para estos j\u00f3venes a partir de enero\"}]},{\"@type\":\"WebSite\",\"@id\":\"https:\\\/\\\/www.bbmnoticias.com\\\/labravaradiofm\\\/#website\",\"url\":\"https:\\\/\\\/www.bbmnoticias.com\\\/labravaradiofm\\\/\",\"name\":\"LA BRAVA RADIO\",\"description\":\"Empresa productora de medios, Radiodifusi\u00f3n, Noticias, tendencias y todo lo que necesitas saber de la pol\u00edtica mexicana e internacional; entretenimiento, espect\u00e1culos, salud y mucho m\u00e1s.\",\"potentialAction\":[{\"@type\":\"SearchAction\",\"target\":{\"@type\":\"EntryPoint\",\"urlTemplate\":\"https:\\\/\\\/www.bbmnoticias.com\\\/labravaradiofm\\\/?s={search_term_string}\"},\"query-input\":{\"@type\":\"PropertyValueSpecification\",\"valueRequired\":true,\"valueName\":\"search_term_string\"}}],\"inLanguage\":\"es\"},{\"@type\":\"Person\",\"@id\":\"https:\\\/\\\/www.bbmnoticias.com\\\/labravaradiofm\\\/#\\\/schema\\\/person\\\/34b139c617a70ea5bef5678bffe4dd7b\",\"name\":\"Staff\",\"image\":{\"@type\":\"ImageObject\",\"inLanguage\":\"es\",\"@id\":\"https:\\\/\\\/secure.gravatar.com\\\/avatar\\\/fdd21ad66fd8b98c407f9dee5b5e588cfe7f0d8579ec20fa6527cd59bab7f0f0?s=96&d=mm&r=g\",\"url\":\"https:\\\/\\\/secure.gravatar.com\\\/avatar\\\/fdd21ad66fd8b98c407f9dee5b5e588cfe7f0d8579ec20fa6527cd59bab7f0f0?s=96&d=mm&r=g\",\"contentUrl\":\"https:\\\/\\\/secure.gravatar.com\\\/avatar\\\/fdd21ad66fd8b98c407f9dee5b5e588cfe7f0d8579ec20fa6527cd59bab7f0f0?s=96&d=mm&r=g\",\"caption\":\"Staff\"},\"url\":\"https:\\\/\\\/www.bbmnoticias.com\\\/labravaradiofm\\\/author\\\/redaccion\\\/\"}]}<\/script>\n<!-- \/ Yoast SEO plugin. -->","yoast_head_json":{"title":"Tecnol\u00f3gico Nacional de M\u00e9xico dar\u00e1 cursos gratis de Inteligencia Artificial para estos j\u00f3venes a partir de enero - LA BRAVA RADIO","robots":{"index":"index","follow":"follow","max-snippet":"max-snippet:-1","max-image-preview":"max-image-preview:large","max-video-preview":"max-video-preview:-1"},"canonical":"https:\/\/www.bbmnoticias.com\/tecnologico-nacional-de-mexico-dara-cursos-gratis-de-inteligencia-artificial-para-estos-jovenes-a-partir-de-enero\/","og_locale":"es_MX","og_type":"article","og_title":"Tecnol\u00f3gico Nacional de M\u00e9xico dar\u00e1 cursos gratis de Inteligencia Artificial para estos j\u00f3venes a partir de enero - LA BRAVA RADIO","og_description":"La presidenta Claudia Sheinbaum inform\u00f3 que a trav\u00e9s del Tecnol\u00f3gico Nacional de M\u00e9xico, se dar\u00e1n cursos de formaci\u00f3n en inteligencia artificial, programaci\u00f3n y conocimientos tecnol\u00f3gicos y digitales, a 10 mil j\u00f3venes. En la conferencia de prensa, la mandataria federal se\u00f1al\u00f3 que por la capacidad de la instituci\u00f3n solamente se podr\u00e1n recibir a 10,000 j\u00f3venes de [&hellip;]","og_url":"https:\/\/www.bbmnoticias.com\/tecnologico-nacional-de-mexico-dara-cursos-gratis-de-inteligencia-artificial-para-estos-jovenes-a-partir-de-enero\/","og_site_name":"LA BRAVA RADIO","article_published_time":"2025-11-07T17:04:21+00:00","article_modified_time":"2025-11-07T17:04:25+00:00","og_image":[{"width":848,"height":477,"url":"https:\/\/www.bbmnoticias.com\/labravaradiofm\/wp-content\/uploads\/sites\/5\/2025\/11\/carreras_digitales.jpg","type":"image\/jpeg"}],"author":"Staff","twitter_card":"summary_large_image","twitter_misc":{"Escrito por":"Staff","Tiempo de lectura":"2 minutos"},"schema":{"@context":"https:\/\/schema.org","@graph":[{"@type":"Article","@id":"https:\/\/www.bbmnoticias.com\/tecnologico-nacional-de-mexico-dara-cursos-gratis-de-inteligencia-artificial-para-estos-jovenes-a-partir-de-enero\/#article","isPartOf":{"@id":"https:\/\/www.bbmnoticias.com\/labravaradiofm\/2025\/11\/07\/tecnologico-nacional-de-mexico-dara-cursos-gratis-de-inteligencia-artificial-para-estos-jovenes-a-partir-de-enero\/"},"author":{"name":"Staff","@id":"https:\/\/www.bbmnoticias.com\/labravaradiofm\/#\/schema\/person\/34b139c617a70ea5bef5678bffe4dd7b"},"headline":"Tecnol\u00f3gico Nacional de M\u00e9xico dar\u00e1 cursos gratis de Inteligencia Artificial para estos j\u00f3venes a partir de enero","datePublished":"2025-11-07T17:04:21+00:00","dateModified":"2025-11-07T17:04:25+00:00","mainEntityOfPage":{"@id":"https:\/\/www.bbmnoticias.com\/labravaradiofm\/2025\/11\/07\/tecnologico-nacional-de-mexico-dara-cursos-gratis-de-inteligencia-artificial-para-estos-jovenes-a-partir-de-enero\/"},"wordCount":453,"image":{"@id":"https:\/\/www.bbmnoticias.com\/tecnologico-nacional-de-mexico-dara-cursos-gratis-de-inteligencia-artificial-para-estos-jovenes-a-partir-de-enero\/#primaryimage"},"thumbnailUrl":"https:\/\/www.bbmnoticias.com\/labravaradiofm\/wp-content\/uploads\/sites\/5\/2025\/11\/carreras_digitales.jpg","articleSection":["LOCAL","NACIONAL"],"inLanguage":"es"},{"@type":"WebPage","@id":"https:\/\/www.bbmnoticias.com\/labravaradiofm\/2025\/11\/07\/tecnologico-nacional-de-mexico-dara-cursos-gratis-de-inteligencia-artificial-para-estos-jovenes-a-partir-de-enero\/","url":"https:\/\/www.bbmnoticias.com\/tecnologico-nacional-de-mexico-dara-cursos-gratis-de-inteligencia-artificial-para-estos-jovenes-a-partir-de-enero\/","name":"Tecnol\u00f3gico Nacional de M\u00e9xico dar\u00e1 cursos gratis de Inteligencia Artificial para estos j\u00f3venes a partir de enero - LA BRAVA RADIO","isPartOf":{"@id":"https:\/\/www.bbmnoticias.com\/labravaradiofm\/#website"},"primaryImageOfPage":{"@id":"https:\/\/www.bbmnoticias.com\/tecnologico-nacional-de-mexico-dara-cursos-gratis-de-inteligencia-artificial-para-estos-jovenes-a-partir-de-enero\/#primaryimage"},"image":{"@id":"https:\/\/www.bbmnoticias.com\/tecnologico-nacional-de-mexico-dara-cursos-gratis-de-inteligencia-artificial-para-estos-jovenes-a-partir-de-enero\/#primaryimage"},"thumbnailUrl":"https:\/\/www.bbmnoticias.com\/labravaradiofm\/wp-content\/uploads\/sites\/5\/2025\/11\/carreras_digitales.jpg","datePublished":"2025-11-07T17:04:21+00:00","dateModified":"2025-11-07T17:04:25+00:00","author":{"@id":"https:\/\/www.bbmnoticias.com\/labravaradiofm\/#\/schema\/person\/34b139c617a70ea5bef5678bffe4dd7b"},"breadcrumb":{"@id":"https:\/\/www.bbmnoticias.com\/tecnologico-nacional-de-mexico-dara-cursos-gratis-de-inteligencia-artificial-para-estos-jovenes-a-partir-de-enero\/#breadcrumb"},"inLanguage":"es","potentialAction":[{"@type":"ReadAction","target":["https:\/\/www.bbmnoticias.com\/tecnologico-nacional-de-mexico-dara-cursos-gratis-de-inteligencia-artificial-para-estos-jovenes-a-partir-de-enero\/"]}]},{"@type":"ImageObject","inLanguage":"es","@id":"https:\/\/www.bbmnoticias.com\/tecnologico-nacional-de-mexico-dara-cursos-gratis-de-inteligencia-artificial-para-estos-jovenes-a-partir-de-enero\/#primaryimage","url":"https:\/\/www.bbmnoticias.com\/labravaradiofm\/wp-content\/uploads\/sites\/5\/2025\/11\/carreras_digitales.jpg","contentUrl":"https:\/\/www.bbmnoticias.com\/labravaradiofm\/wp-content\/uploads\/sites\/5\/2025\/11\/carreras_digitales.jpg","width":848,"height":477},{"@type":"BreadcrumbList","@id":"https:\/\/www.bbmnoticias.com\/tecnologico-nacional-de-mexico-dara-cursos-gratis-de-inteligencia-artificial-para-estos-jovenes-a-partir-de-enero\/#breadcrumb","itemListElement":[{"@type":"ListItem","position":1,"name":"Inicio","item":"https:\/\/www.bbmnoticias.com\/labravaradiofm\/"},{"@type":"ListItem","position":2,"name":"Tecnol\u00f3gico Nacional de M\u00e9xico dar\u00e1 cursos gratis de Inteligencia Artificial para estos j\u00f3venes a partir de enero"}]},{"@type":"WebSite","@id":"https:\/\/www.bbmnoticias.com\/labravaradiofm\/#website","url":"https:\/\/www.bbmnoticias.com\/labravaradiofm\/","name":"LA BRAVA RADIO","description":"Empresa productora de medios, Radiodifusi\u00f3n, Noticias, tendencias y todo lo que necesitas saber de la pol\u00edtica mexicana e internacional; entretenimiento, espect\u00e1culos, salud y mucho m\u00e1s.","potentialAction":[{"@type":"SearchAction","target":{"@type":"EntryPoint","urlTemplate":"https:\/\/www.bbmnoticias.com\/labravaradiofm\/?s={search_term_string}"},"query-input":{"@type":"PropertyValueSpecification","valueRequired":true,"valueName":"search_term_string"}}],"inLanguage":"es"},{"@type":"Person","@id":"https:\/\/www.bbmnoticias.com\/labravaradiofm\/#\/schema\/person\/34b139c617a70ea5bef5678bffe4dd7b","name":"Staff","image":{"@type":"ImageObject","inLanguage":"es","@id":"https:\/\/secure.gravatar.com\/avatar\/fdd21ad66fd8b98c407f9dee5b5e588cfe7f0d8579ec20fa6527cd59bab7f0f0?s=96&d=mm&r=g","url":"https:\/\/secure.gravatar.com\/avatar\/fdd21ad66fd8b98c407f9dee5b5e588cfe7f0d8579ec20fa6527cd59bab7f0f0?s=96&d=mm&r=g","contentUrl":"https:\/\/secure.gravatar.com\/avatar\/fdd21ad66fd8b98c407f9dee5b5e588cfe7f0d8579ec20fa6527cd59bab7f0f0?s=96&d=mm&r=g","caption":"Staff"},"url":"https:\/\/www.bbmnoticias.com\/labravaradiofm\/author\/redaccion\/"}]}},"_links":{"self":[{"href":"https:\/\/www.bbmnoticias.com\/labravaradiofm\/wp-json\/wp\/v2\/posts\/69473","targetHints":{"allow":["GET"]}}],"collection":[{"href":"https:\/\/www.bbmnoticias.com\/labravaradiofm\/wp-json\/wp\/v2\/posts"}],"about":[{"href":"https:\/\/www.bbmnoticias.com\/labravaradiofm\/wp-json\/wp\/v2\/types\/post"}],"author":[{"embeddable":true,"href":"https:\/\/www.bbmnoticias.com\/labravaradiofm\/wp-json\/wp\/v2\/users\/2"}],"replies":[{"embeddable":true,"href":"https:\/\/www.bbmnoticias.com\/labravaradiofm\/wp-json\/wp\/v2\/comments?post=69473"}],"version-history":[{"count":0,"href":"https:\/\/www.bbmnoticias.com\/labravaradiofm\/wp-json\/wp\/v2\/posts\/69473\/revisions"}],"wp:featuredmedia":[{"embeddable":true,"href":"https:\/\/www.bbmnoticias.com\/labravaradiofm\/wp-json\/wp\/v2\/media\/69475"}],"wp:attachment":[{"href":"https:\/\/www.bbmnoticias.com\/labravaradiofm\/wp-json\/wp\/v2\/media?parent=69473"}],"wp:term":[{"taxonomy":"category","embeddable":true,"href":"https:\/\/www.bbmnoticias.com\/labravaradiofm\/wp-json\/wp\/v2\/categories?post=69473"},{"taxonomy":"post_tag","embeddable":true,"href":"https:\/\/www.bbmnoticias.com\/labravaradiofm\/wp-json\/wp\/v2\/tags?post=69473"}],"curies":[{"name":"wp","href":"https:\/\/api.w.org\/{rel}","templated":true}]}}