{"id":6947,"date":"2021-12-10T10:48:02","date_gmt":"2021-12-10T16:48:02","guid":{"rendered":"https:\/\/www.bbmnoticias.com\/labravaradiofm\/?p=6947"},"modified":"2021-12-10T10:48:03","modified_gmt":"2021-12-10T16:48:03","slug":"frente-frio-13-provocara-bajas-temperaturas","status":"publish","type":"post","link":"https:\/\/www.bbmnoticias.com\/labravaradiofm\/2021\/12\/10\/frente-frio-13-provocara-bajas-temperaturas\/","title":{"rendered":"Frente fr\u00edo 13 provocar\u00e1 bajas temperaturas"},"content":{"rendered":"<div style=\"margin-top: 0px; margin-bottom: 0px;\" class=\"sharethis-inline-share-buttons\" ><\/div>\n<p><em>Ciudad de M\u00e9xico.<\/em> El pron\u00f3stico para este viernes, del Servicio Meteorol\u00f3gico Nacional (SMN), indica que el Frente Fr\u00edo N\u00famero 13 provocar\u00e1 ambiente fr\u00edo, posible ca\u00edda de aguanieve en zonas serranas, intervalos de chubascos y vientos en algunos puntos del pa\u00eds.<\/p>\n\n\n\n<p>El SMN detall\u00f3 que habr\u00e1 vientos con rachas de 80 a 100 kil\u00f3metros por hora (km\/h) y tolvaneras en Chihuahua y Durango; de 70 a 80 km\/h y tolvaneras en Coahuila; de 60 a 70 km\/h en Nuevo Le\u00f3n y Sonora; de 50 a 60 km\/h en Baja California, las costas de Jalisco, Nayarit y Sinaloa, as\u00ed como en el Golfo de California, y viento de componente sur con rachas de 60 a 70 km\/h en la costa norte de Tamaulipas.<\/p>\n\n\n\n<p>Durante la ma\u00f1ana se prev\u00e9n temperaturas m\u00ednimas de -10 a -5 grados Celsius en zonas monta\u00f1osas de Baja California, Chihuahua y Durango; de -5 a 0 grados en sierras del Estado de M\u00e9xico, Oaxaca, Sonora, Tlaxcala y Zacatecas, y de 0 a 5 grados en regiones altas de Aguascalientes, Baja California Sur, Ciudad de M\u00e9xico, Guanajuato, Hidalgo, Jalisco, Michoac\u00e1n, Puebla y Veracruz.<\/p>\n\n\n\n<p>Adem\u00e1s, se pronostica posible ca\u00edda de aguanieve en sierras de Baja California, Chihuahua y Sonora, as\u00ed como heladas en Aguascalientes, Baja California, Baja California Sur, Chihuahua, Durango, Estado de M\u00e9xico, Guanajuato, Hidalgo, Jalisco, Puebla, San Luis Potos\u00ed, Sonora, Tlaxcala, Veracruz y Zacatecas.<\/p>\n\n\n\n<p>Se esperan intervalos de chubascos (de 5 a 25 mil\u00edmetros [mm]) en Chiapas, Chihuahua y Sonora, lluvias aisladas (de 0.1 a 5 mm) en Baja California, Baja California Sur, Campeche, Oaxaca, Quintana Roo, Sinaloa y Yucat\u00e1n.<\/p>\n\n\n\n<p>El Frente Fr\u00edo N\u00famero 13 provocar\u00e1 tales condiciones al desplazarse r\u00e1pidamente sobre el noroeste y norte de M\u00e9xico, en interacci\u00f3n con el ingreso de humedad generado por la corriente en chorro subtropical y gradualmente con una l\u00ednea seca sobre Coahuila, as\u00ed como por un canal de baja presi\u00f3n sobre la Sonda de Campeche, en combinaci\u00f3n con la entrada de humedad del Mar Caribe.<\/p>\n\n\n\n<p>En el resto de la Rep\u00fablica Mexicana, un sistema anticicl\u00f3nico en niveles medios de la atm\u00f3sfera mantendr\u00e1 cielo despejado y ambiente de c\u00e1lido a caluroso, con temperaturas m\u00e1ximas de 35 a 40 grados en Chiapas, Coahuila, Guerrero, Michoac\u00e1n, Nuevo Le\u00f3n, Oaxaca y Tamaulipas, y de 30 a 35 grados en Campeche, Colima, Hidalgo, Jalisco, Morelos, Nayarit, el suroeste de Puebla, Quintana Roo, San Luis Potos\u00ed, Sinaloa, Tabasco, Veracruz y Yucat\u00e1n.<\/p>\n","protected":false},"excerpt":{"rendered":"<p>Ciudad de M\u00e9xico. El pron\u00f3stico para este viernes, del Servicio Meteorol\u00f3gico Nacional (SMN), indica que el Frente Fr\u00edo N\u00famero 13 provocar\u00e1 ambiente fr\u00edo, posible ca\u00edda de aguanieve en zonas serranas, intervalos de chubascos y vientos en algunos puntos del pa\u00eds. El SMN detall\u00f3 que habr\u00e1 vientos con rachas de 80 a 100 kil\u00f3metros por hora [&hellip;]<\/p>\n","protected":false},"author":2,"featured_media":6948,"comment_status":"closed","ping_status":"closed","sticky":false,"template":"","format":"standard","meta":{"footnotes":""},"categories":[2],"tags":[],"class_list":{"0":"post-6947","1":"post","2":"type-post","3":"status-publish","4":"format-standard","5":"has-post-thumbnail","7":"category-oaxaca"},"yoast_head":"<!-- This site is optimized with the Yoast SEO plugin v27.4 - https:\/\/yoast.com\/product\/yoast-seo-wordpress\/ -->\n<title>Frente fr\u00edo 13 provocar\u00e1 bajas temperaturas - LA BRAVA RADIO<\/title>\n<meta name=\"robots\" content=\"index, follow, max-snippet:-1, max-image-preview:large, max-video-preview:-1\" \/>\n<link rel=\"canonical\" href=\"https:\/\/www.bbmnoticias.com\/labravaradiofm\/2021\/12\/10\/frente-frio-13-provocara-bajas-temperaturas\/\" \/>\n<meta property=\"og:locale\" content=\"es_MX\" \/>\n<meta property=\"og:type\" content=\"article\" \/>\n<meta property=\"og:title\" content=\"Frente fr\u00edo 13 provocar\u00e1 bajas temperaturas - LA BRAVA RADIO\" \/>\n<meta property=\"og:description\" content=\"Ciudad de M\u00e9xico. El pron\u00f3stico para este viernes, del Servicio Meteorol\u00f3gico Nacional (SMN), indica que el Frente Fr\u00edo N\u00famero 13 provocar\u00e1 ambiente fr\u00edo, posible ca\u00edda de aguanieve en zonas serranas, intervalos de chubascos y vientos en algunos puntos del pa\u00eds. El SMN detall\u00f3 que habr\u00e1 vientos con rachas de 80 a 100 kil\u00f3metros por hora [&hellip;]\" \/>\n<meta property=\"og:url\" content=\"https:\/\/www.bbmnoticias.com\/labravaradiofm\/2021\/12\/10\/frente-frio-13-provocara-bajas-temperaturas\/\" \/>\n<meta property=\"og:site_name\" content=\"LA BRAVA RADIO\" \/>\n<meta property=\"article:published_time\" content=\"2021-12-10T16:48:02+00:00\" \/>\n<meta property=\"article:modified_time\" content=\"2021-12-10T16:48:03+00:00\" \/>\n<meta property=\"og:image\" content=\"https:\/\/www.bbmnoticias.com\/labravaradiofm\/wp-content\/uploads\/sites\/5\/2021\/12\/frente-frio.jpg\" \/>\n\t<meta property=\"og:image:width\" content=\"800\" \/>\n\t<meta property=\"og:image:height\" content=\"507\" \/>\n\t<meta property=\"og:image:type\" content=\"image\/jpeg\" \/>\n<meta name=\"author\" content=\"Staff\" \/>\n<meta name=\"twitter:card\" content=\"summary_large_image\" \/>\n<meta name=\"twitter:label1\" content=\"Escrito por\" \/>\n\t<meta name=\"twitter:data1\" content=\"Staff\" \/>\n\t<meta name=\"twitter:label2\" content=\"Tiempo de lectura\" \/>\n\t<meta name=\"twitter:data2\" content=\"2 minutos\" \/>\n<script type=\"application\/ld+json\" class=\"yoast-schema-graph\">{\"@context\":\"https:\\\/\\\/schema.org\",\"@graph\":[{\"@type\":\"Article\",\"@id\":\"https:\\\/\\\/www.bbmnoticias.com\\\/labravaradiofm\\\/2021\\\/12\\\/10\\\/frente-frio-13-provocara-bajas-temperaturas\\\/#article\",\"isPartOf\":{\"@id\":\"https:\\\/\\\/www.bbmnoticias.com\\\/labravaradiofm\\\/2021\\\/12\\\/10\\\/frente-frio-13-provocara-bajas-temperaturas\\\/\"},\"author\":{\"name\":\"Staff\",\"@id\":\"https:\\\/\\\/www.bbmnoticias.com\\\/labravaradiofm\\\/#\\\/schema\\\/person\\\/68a9e9036ef3c5b55aeb2b71dc8bab45\"},\"headline\":\"Frente fr\u00edo 13 provocar\u00e1 bajas temperaturas\",\"datePublished\":\"2021-12-10T16:48:02+00:00\",\"dateModified\":\"2021-12-10T16:48:03+00:00\",\"mainEntityOfPage\":{\"@id\":\"https:\\\/\\\/www.bbmnoticias.com\\\/labravaradiofm\\\/2021\\\/12\\\/10\\\/frente-frio-13-provocara-bajas-temperaturas\\\/\"},\"wordCount\":420,\"image\":{\"@id\":\"https:\\\/\\\/www.bbmnoticias.com\\\/labravaradiofm\\\/2021\\\/12\\\/10\\\/frente-frio-13-provocara-bajas-temperaturas\\\/#primaryimage\"},\"thumbnailUrl\":\"https:\\\/\\\/www.bbmnoticias.com\\\/labravaradiofm\\\/wp-content\\\/uploads\\\/sites\\\/5\\\/2021\\\/12\\\/frente-frio.jpg\",\"articleSection\":[\"LOCAL\"],\"inLanguage\":\"es\"},{\"@type\":\"WebPage\",\"@id\":\"https:\\\/\\\/www.bbmnoticias.com\\\/labravaradiofm\\\/2021\\\/12\\\/10\\\/frente-frio-13-provocara-bajas-temperaturas\\\/\",\"url\":\"https:\\\/\\\/www.bbmnoticias.com\\\/labravaradiofm\\\/2021\\\/12\\\/10\\\/frente-frio-13-provocara-bajas-temperaturas\\\/\",\"name\":\"Frente fr\u00edo 13 provocar\u00e1 bajas temperaturas - LA BRAVA RADIO\",\"isPartOf\":{\"@id\":\"https:\\\/\\\/www.bbmnoticias.com\\\/labravaradiofm\\\/#website\"},\"primaryImageOfPage\":{\"@id\":\"https:\\\/\\\/www.bbmnoticias.com\\\/labravaradiofm\\\/2021\\\/12\\\/10\\\/frente-frio-13-provocara-bajas-temperaturas\\\/#primaryimage\"},\"image\":{\"@id\":\"https:\\\/\\\/www.bbmnoticias.com\\\/labravaradiofm\\\/2021\\\/12\\\/10\\\/frente-frio-13-provocara-bajas-temperaturas\\\/#primaryimage\"},\"thumbnailUrl\":\"https:\\\/\\\/www.bbmnoticias.com\\\/labravaradiofm\\\/wp-content\\\/uploads\\\/sites\\\/5\\\/2021\\\/12\\\/frente-frio.jpg\",\"datePublished\":\"2021-12-10T16:48:02+00:00\",\"dateModified\":\"2021-12-10T16:48:03+00:00\",\"author\":{\"@id\":\"https:\\\/\\\/www.bbmnoticias.com\\\/labravaradiofm\\\/#\\\/schema\\\/person\\\/68a9e9036ef3c5b55aeb2b71dc8bab45\"},\"breadcrumb\":{\"@id\":\"https:\\\/\\\/www.bbmnoticias.com\\\/labravaradiofm\\\/2021\\\/12\\\/10\\\/frente-frio-13-provocara-bajas-temperaturas\\\/#breadcrumb\"},\"inLanguage\":\"es\",\"potentialAction\":[{\"@type\":\"ReadAction\",\"target\":[\"https:\\\/\\\/www.bbmnoticias.com\\\/labravaradiofm\\\/2021\\\/12\\\/10\\\/frente-frio-13-provocara-bajas-temperaturas\\\/\"]}]},{\"@type\":\"ImageObject\",\"inLanguage\":\"es\",\"@id\":\"https:\\\/\\\/www.bbmnoticias.com\\\/labravaradiofm\\\/2021\\\/12\\\/10\\\/frente-frio-13-provocara-bajas-temperaturas\\\/#primaryimage\",\"url\":\"https:\\\/\\\/www.bbmnoticias.com\\\/labravaradiofm\\\/wp-content\\\/uploads\\\/sites\\\/5\\\/2021\\\/12\\\/frente-frio.jpg\",\"contentUrl\":\"https:\\\/\\\/www.bbmnoticias.com\\\/labravaradiofm\\\/wp-content\\\/uploads\\\/sites\\\/5\\\/2021\\\/12\\\/frente-frio.jpg\",\"width\":800,\"height\":507},{\"@type\":\"BreadcrumbList\",\"@id\":\"https:\\\/\\\/www.bbmnoticias.com\\\/labravaradiofm\\\/2021\\\/12\\\/10\\\/frente-frio-13-provocara-bajas-temperaturas\\\/#breadcrumb\",\"itemListElement\":[{\"@type\":\"ListItem\",\"position\":1,\"name\":\"Inicio\",\"item\":\"https:\\\/\\\/www.bbmnoticias.com\\\/labravaradiofm\\\/\"},{\"@type\":\"ListItem\",\"position\":2,\"name\":\"Frente fr\u00edo 13 provocar\u00e1 bajas temperaturas\"}]},{\"@type\":\"WebSite\",\"@id\":\"https:\\\/\\\/www.bbmnoticias.com\\\/labravaradiofm\\\/#website\",\"url\":\"https:\\\/\\\/www.bbmnoticias.com\\\/labravaradiofm\\\/\",\"name\":\"LA BRAVA RADIO\",\"description\":\"Empresa productora de medios, Radiodifusi\u00f3n, Noticias, tendencias y todo lo que necesitas saber de la pol\u00edtica mexicana e internacional; entretenimiento, espect\u00e1culos, salud y mucho m\u00e1s.\",\"potentialAction\":[{\"@type\":\"SearchAction\",\"target\":{\"@type\":\"EntryPoint\",\"urlTemplate\":\"https:\\\/\\\/www.bbmnoticias.com\\\/labravaradiofm\\\/?s={search_term_string}\"},\"query-input\":{\"@type\":\"PropertyValueSpecification\",\"valueRequired\":true,\"valueName\":\"search_term_string\"}}],\"inLanguage\":\"es\"},{\"@type\":\"Person\",\"@id\":\"https:\\\/\\\/www.bbmnoticias.com\\\/labravaradiofm\\\/#\\\/schema\\\/person\\\/68a9e9036ef3c5b55aeb2b71dc8bab45\",\"name\":\"Staff\",\"image\":{\"@type\":\"ImageObject\",\"inLanguage\":\"es\",\"@id\":\"https:\\\/\\\/secure.gravatar.com\\\/avatar\\\/fdd21ad66fd8b98c407f9dee5b5e588cfe7f0d8579ec20fa6527cd59bab7f0f0?s=96&d=mm&r=g\",\"url\":\"https:\\\/\\\/secure.gravatar.com\\\/avatar\\\/fdd21ad66fd8b98c407f9dee5b5e588cfe7f0d8579ec20fa6527cd59bab7f0f0?s=96&d=mm&r=g\",\"contentUrl\":\"https:\\\/\\\/secure.gravatar.com\\\/avatar\\\/fdd21ad66fd8b98c407f9dee5b5e588cfe7f0d8579ec20fa6527cd59bab7f0f0?s=96&d=mm&r=g\",\"caption\":\"Staff\"},\"url\":\"https:\\\/\\\/www.bbmnoticias.com\\\/labravaradiofm\\\/author\\\/redaccion\\\/\"}]}<\/script>\n<!-- \/ Yoast SEO plugin. -->","yoast_head_json":{"title":"Frente fr\u00edo 13 provocar\u00e1 bajas temperaturas - LA BRAVA RADIO","robots":{"index":"index","follow":"follow","max-snippet":"max-snippet:-1","max-image-preview":"max-image-preview:large","max-video-preview":"max-video-preview:-1"},"canonical":"https:\/\/www.bbmnoticias.com\/labravaradiofm\/2021\/12\/10\/frente-frio-13-provocara-bajas-temperaturas\/","og_locale":"es_MX","og_type":"article","og_title":"Frente fr\u00edo 13 provocar\u00e1 bajas temperaturas - LA BRAVA RADIO","og_description":"Ciudad de M\u00e9xico. El pron\u00f3stico para este viernes, del Servicio Meteorol\u00f3gico Nacional (SMN), indica que el Frente Fr\u00edo N\u00famero 13 provocar\u00e1 ambiente fr\u00edo, posible ca\u00edda de aguanieve en zonas serranas, intervalos de chubascos y vientos en algunos puntos del pa\u00eds. El SMN detall\u00f3 que habr\u00e1 vientos con rachas de 80 a 100 kil\u00f3metros por hora [&hellip;]","og_url":"https:\/\/www.bbmnoticias.com\/labravaradiofm\/2021\/12\/10\/frente-frio-13-provocara-bajas-temperaturas\/","og_site_name":"LA BRAVA RADIO","article_published_time":"2021-12-10T16:48:02+00:00","article_modified_time":"2021-12-10T16:48:03+00:00","og_image":[{"width":800,"height":507,"url":"https:\/\/www.bbmnoticias.com\/labravaradiofm\/wp-content\/uploads\/sites\/5\/2021\/12\/frente-frio.jpg","type":"image\/jpeg"}],"author":"Staff","twitter_card":"summary_large_image","twitter_misc":{"Escrito por":"Staff","Tiempo de lectura":"2 minutos"},"schema":{"@context":"https:\/\/schema.org","@graph":[{"@type":"Article","@id":"https:\/\/www.bbmnoticias.com\/labravaradiofm\/2021\/12\/10\/frente-frio-13-provocara-bajas-temperaturas\/#article","isPartOf":{"@id":"https:\/\/www.bbmnoticias.com\/labravaradiofm\/2021\/12\/10\/frente-frio-13-provocara-bajas-temperaturas\/"},"author":{"name":"Staff","@id":"https:\/\/www.bbmnoticias.com\/labravaradiofm\/#\/schema\/person\/68a9e9036ef3c5b55aeb2b71dc8bab45"},"headline":"Frente fr\u00edo 13 provocar\u00e1 bajas temperaturas","datePublished":"2021-12-10T16:48:02+00:00","dateModified":"2021-12-10T16:48:03+00:00","mainEntityOfPage":{"@id":"https:\/\/www.bbmnoticias.com\/labravaradiofm\/2021\/12\/10\/frente-frio-13-provocara-bajas-temperaturas\/"},"wordCount":420,"image":{"@id":"https:\/\/www.bbmnoticias.com\/labravaradiofm\/2021\/12\/10\/frente-frio-13-provocara-bajas-temperaturas\/#primaryimage"},"thumbnailUrl":"https:\/\/www.bbmnoticias.com\/labravaradiofm\/wp-content\/uploads\/sites\/5\/2021\/12\/frente-frio.jpg","articleSection":["LOCAL"],"inLanguage":"es"},{"@type":"WebPage","@id":"https:\/\/www.bbmnoticias.com\/labravaradiofm\/2021\/12\/10\/frente-frio-13-provocara-bajas-temperaturas\/","url":"https:\/\/www.bbmnoticias.com\/labravaradiofm\/2021\/12\/10\/frente-frio-13-provocara-bajas-temperaturas\/","name":"Frente fr\u00edo 13 provocar\u00e1 bajas temperaturas - LA BRAVA RADIO","isPartOf":{"@id":"https:\/\/www.bbmnoticias.com\/labravaradiofm\/#website"},"primaryImageOfPage":{"@id":"https:\/\/www.bbmnoticias.com\/labravaradiofm\/2021\/12\/10\/frente-frio-13-provocara-bajas-temperaturas\/#primaryimage"},"image":{"@id":"https:\/\/www.bbmnoticias.com\/labravaradiofm\/2021\/12\/10\/frente-frio-13-provocara-bajas-temperaturas\/#primaryimage"},"thumbnailUrl":"https:\/\/www.bbmnoticias.com\/labravaradiofm\/wp-content\/uploads\/sites\/5\/2021\/12\/frente-frio.jpg","datePublished":"2021-12-10T16:48:02+00:00","dateModified":"2021-12-10T16:48:03+00:00","author":{"@id":"https:\/\/www.bbmnoticias.com\/labravaradiofm\/#\/schema\/person\/68a9e9036ef3c5b55aeb2b71dc8bab45"},"breadcrumb":{"@id":"https:\/\/www.bbmnoticias.com\/labravaradiofm\/2021\/12\/10\/frente-frio-13-provocara-bajas-temperaturas\/#breadcrumb"},"inLanguage":"es","potentialAction":[{"@type":"ReadAction","target":["https:\/\/www.bbmnoticias.com\/labravaradiofm\/2021\/12\/10\/frente-frio-13-provocara-bajas-temperaturas\/"]}]},{"@type":"ImageObject","inLanguage":"es","@id":"https:\/\/www.bbmnoticias.com\/labravaradiofm\/2021\/12\/10\/frente-frio-13-provocara-bajas-temperaturas\/#primaryimage","url":"https:\/\/www.bbmnoticias.com\/labravaradiofm\/wp-content\/uploads\/sites\/5\/2021\/12\/frente-frio.jpg","contentUrl":"https:\/\/www.bbmnoticias.com\/labravaradiofm\/wp-content\/uploads\/sites\/5\/2021\/12\/frente-frio.jpg","width":800,"height":507},{"@type":"BreadcrumbList","@id":"https:\/\/www.bbmnoticias.com\/labravaradiofm\/2021\/12\/10\/frente-frio-13-provocara-bajas-temperaturas\/#breadcrumb","itemListElement":[{"@type":"ListItem","position":1,"name":"Inicio","item":"https:\/\/www.bbmnoticias.com\/labravaradiofm\/"},{"@type":"ListItem","position":2,"name":"Frente fr\u00edo 13 provocar\u00e1 bajas temperaturas"}]},{"@type":"WebSite","@id":"https:\/\/www.bbmnoticias.com\/labravaradiofm\/#website","url":"https:\/\/www.bbmnoticias.com\/labravaradiofm\/","name":"LA BRAVA RADIO","description":"Empresa productora de medios, Radiodifusi\u00f3n, Noticias, tendencias y todo lo que necesitas saber de la pol\u00edtica mexicana e internacional; entretenimiento, espect\u00e1culos, salud y mucho m\u00e1s.","potentialAction":[{"@type":"SearchAction","target":{"@type":"EntryPoint","urlTemplate":"https:\/\/www.bbmnoticias.com\/labravaradiofm\/?s={search_term_string}"},"query-input":{"@type":"PropertyValueSpecification","valueRequired":true,"valueName":"search_term_string"}}],"inLanguage":"es"},{"@type":"Person","@id":"https:\/\/www.bbmnoticias.com\/labravaradiofm\/#\/schema\/person\/68a9e9036ef3c5b55aeb2b71dc8bab45","name":"Staff","image":{"@type":"ImageObject","inLanguage":"es","@id":"https:\/\/secure.gravatar.com\/avatar\/fdd21ad66fd8b98c407f9dee5b5e588cfe7f0d8579ec20fa6527cd59bab7f0f0?s=96&d=mm&r=g","url":"https:\/\/secure.gravatar.com\/avatar\/fdd21ad66fd8b98c407f9dee5b5e588cfe7f0d8579ec20fa6527cd59bab7f0f0?s=96&d=mm&r=g","contentUrl":"https:\/\/secure.gravatar.com\/avatar\/fdd21ad66fd8b98c407f9dee5b5e588cfe7f0d8579ec20fa6527cd59bab7f0f0?s=96&d=mm&r=g","caption":"Staff"},"url":"https:\/\/www.bbmnoticias.com\/labravaradiofm\/author\/redaccion\/"}]}},"_links":{"self":[{"href":"https:\/\/www.bbmnoticias.com\/labravaradiofm\/wp-json\/wp\/v2\/posts\/6947","targetHints":{"allow":["GET"]}}],"collection":[{"href":"https:\/\/www.bbmnoticias.com\/labravaradiofm\/wp-json\/wp\/v2\/posts"}],"about":[{"href":"https:\/\/www.bbmnoticias.com\/labravaradiofm\/wp-json\/wp\/v2\/types\/post"}],"author":[{"embeddable":true,"href":"https:\/\/www.bbmnoticias.com\/labravaradiofm\/wp-json\/wp\/v2\/users\/2"}],"replies":[{"embeddable":true,"href":"https:\/\/www.bbmnoticias.com\/labravaradiofm\/wp-json\/wp\/v2\/comments?post=6947"}],"version-history":[{"count":0,"href":"https:\/\/www.bbmnoticias.com\/labravaradiofm\/wp-json\/wp\/v2\/posts\/6947\/revisions"}],"wp:featuredmedia":[{"embeddable":true,"href":"https:\/\/www.bbmnoticias.com\/labravaradiofm\/wp-json\/wp\/v2\/media\/6948"}],"wp:attachment":[{"href":"https:\/\/www.bbmnoticias.com\/labravaradiofm\/wp-json\/wp\/v2\/media?parent=6947"}],"wp:term":[{"taxonomy":"category","embeddable":true,"href":"https:\/\/www.bbmnoticias.com\/labravaradiofm\/wp-json\/wp\/v2\/categories?post=6947"},{"taxonomy":"post_tag","embeddable":true,"href":"https:\/\/www.bbmnoticias.com\/labravaradiofm\/wp-json\/wp\/v2\/tags?post=6947"}],"curies":[{"name":"wp","href":"https:\/\/api.w.org\/{rel}","templated":true}]}}