{"id":69455,"date":"2025-11-06T19:01:11","date_gmt":"2025-11-07T01:01:11","guid":{"rendered":"https:\/\/www.bbmnoticias.com\/labravaradiofm\/2025\/11\/06\/mexico-rechaza-declaracion-de-persona-non-grata-a-la-presidenta-claudia-sheinbaum\/"},"modified":"2025-11-06T19:01:32","modified_gmt":"2025-11-07T01:01:32","slug":"mexico-rechaza-declaracion-de-persona-non-grata-a-la-presidenta-claudia-sheinbaum","status":"publish","type":"post","link":"https:\/\/www.bbmnoticias.com\/labravaradiofm\/2025\/11\/06\/mexico-rechaza-declaracion-de-persona-non-grata-a-la-presidenta-claudia-sheinbaum\/","title":{"rendered":"M\u00e9xico rechaza declaraci\u00f3n de persona non grata a la Presidenta Claudia Sheinbaum"},"content":{"rendered":"<div style=\"margin-top: 0px; margin-bottom: 0px;\" class=\"sharethis-inline-share-buttons\" ><\/div>\n<p>El Gobierno de M\u00e9xico rechaz\u00f3 que el <strong>Congreso de Per\u00fa<\/strong> declar\u00f3 persona non grata a la presidenta Claudia Sheinbaum Pardo ya que se basaron en \u201cplanteamientos falsos\u201d.<\/p>\n\n\n\n<p>La <strong>Secretar\u00eda de Relaciones Exteriores<\/strong> enfatiz\u00f3 que M\u00e9xico no ha intervenido en los asuntos internos de Per\u00fa y defendi\u00f3 sus decisi\u00f3n de otorgar asilo pol\u00edtico en su Embajada en Lima a la ex primera ministra peruana Betssy Betzabet Ch\u00e1vez Chino.<\/p>\n\n\n\n<p>En un mensaje en su cuenta de \u201cX\u201d, enfatiz\u00f3 que la <strong>ONU <\/strong>ha declarado que el asilo pol\u00edtico es un acto pac\u00edfico y humanitario por lo que no debe ser considerado inamistoso por ning\u00fan otro Estado.<\/p>\n\n\n\n<blockquote class=\"wp-block-quote is-layout-flow wp-block-quote-is-layout-flow\">\n<p>\u201cEl Gobierno de M\u00e9xico rechaza la declaraci\u00f3n de persona non grata contra la presidenta de los Estados Unidos Mexicanos, Dra. Claudia Sheinbaum Pardo, aprobada por el Congreso de Per\u00fa en esta fecha, al estar motivada por planteamientos falsos\u201d, se lee en el mensaje.<\/p>\n<\/blockquote>\n\n\n\n<blockquote class=\"wp-block-quote is-layout-flow wp-block-quote-is-layout-flow\">\n<p>\u201cM\u00e9xico no ha intervenido en modo alguno en los asuntos internos del Per\u00fa, fiel a sus principios normativos de pol\u00edtica exterior y a su s\u00f3lida tradici\u00f3n diplom\u00e1tica. M\u00e9xico reitera que la concesi\u00f3n de asilo pol\u00edtico a la ciudadana Betssy Betzabet Ch\u00e1vez Chino se decidi\u00f3 en estricto apego al derecho internacional aplicable en la materia, el cual resulta vinculante tanto para M\u00e9xico como para Per\u00fa\u201d, indic\u00f3.<\/p>\n<\/blockquote>\n\n\n\n<p>Este jueves, el <strong>Congreso de Per\u00fa <\/strong>aprob\u00f3 la moci\u00f3n con 63 votos a favor, 33 en contra y dos abstenciones en la que se declara persona non grata a la presidenta de M\u00e9xico al argumentar que intervino en los asuntos internos de Per\u00fa, lo que era una ofensa al sistema democr\u00e1tico nacional.<\/p>\n\n\n\n<p>El 3 de noviembre, <strong>Hugo de Zela<\/strong>, ministro de Relaciones Exteriores de Per\u00fa, anunci\u00f3 el rompimiento de las relaciones diplom\u00e1ticas luego de que M\u00e9xico asil\u00f3 a Betssy Ch\u00e1vez.<\/p>\n\n\n\n<p>Un d\u00eda despu\u00e9s, la presidenta <strong>Claudia Sheinbaum Pardo dijo<\/strong> que la medida \u201cest\u00e1 fuera de toda proporci\u00f3n\u201d.<\/p>\n\n\n\n<p>Sin embargo, dijo que se manten\u00eda la relaci\u00f3n comercial, as\u00ed como los servicios consulares de la embajada de M\u00e9xico en Per\u00fa. La representaci\u00f3n diplom\u00e1tica mexicana se encuentra cerrada.<\/p>\n","protected":false},"excerpt":{"rendered":"<p>El Gobierno de M\u00e9xico rechaz\u00f3 que el Congreso de Per\u00fa declar\u00f3 persona non grata a la presidenta Claudia Sheinbaum Pardo ya que se basaron en \u201cplanteamientos falsos\u201d. La Secretar\u00eda de Relaciones Exteriores enfatiz\u00f3 que M\u00e9xico no ha intervenido en los asuntos internos de Per\u00fa y defendi\u00f3 sus decisi\u00f3n de otorgar asilo pol\u00edtico en su Embajada [&hellip;]<\/p>\n","protected":false},"author":2,"featured_media":69457,"comment_status":"closed","ping_status":"","sticky":false,"template":"","format":"standard","meta":{"footnotes":""},"categories":[2,19],"tags":[],"class_list":{"0":"post-69455","1":"post","2":"type-post","3":"status-publish","4":"format-standard","5":"has-post-thumbnail","7":"category-oaxaca","8":"category-nacional"},"yoast_head":"<!-- This site is optimized with the Yoast SEO plugin v27.4 - https:\/\/yoast.com\/product\/yoast-seo-wordpress\/ -->\n<title>M\u00e9xico rechaza declaraci\u00f3n de persona non grata a la Presidenta Claudia Sheinbaum - LA BRAVA RADIO<\/title>\n<meta name=\"robots\" content=\"index, follow, max-snippet:-1, max-image-preview:large, max-video-preview:-1\" \/>\n<link rel=\"canonical\" href=\"https:\/\/www.bbmnoticias.com\/mexico-rechaza-declaracion-de-persona-non-grata-a-la-presidenta-claudia-sheinbaum\/\" \/>\n<meta property=\"og:locale\" content=\"es_MX\" \/>\n<meta property=\"og:type\" content=\"article\" \/>\n<meta property=\"og:title\" content=\"M\u00e9xico rechaza declaraci\u00f3n de persona non grata a la Presidenta Claudia Sheinbaum - LA BRAVA RADIO\" \/>\n<meta property=\"og:description\" content=\"El Gobierno de M\u00e9xico rechaz\u00f3 que el Congreso de Per\u00fa declar\u00f3 persona non grata a la presidenta Claudia Sheinbaum Pardo ya que se basaron en \u201cplanteamientos falsos\u201d. La Secretar\u00eda de Relaciones Exteriores enfatiz\u00f3 que M\u00e9xico no ha intervenido en los asuntos internos de Per\u00fa y defendi\u00f3 sus decisi\u00f3n de otorgar asilo pol\u00edtico en su Embajada [&hellip;]\" \/>\n<meta property=\"og:url\" content=\"https:\/\/www.bbmnoticias.com\/mexico-rechaza-declaracion-de-persona-non-grata-a-la-presidenta-claudia-sheinbaum\/\" \/>\n<meta property=\"og:site_name\" content=\"LA BRAVA RADIO\" \/>\n<meta property=\"article:published_time\" content=\"2025-11-07T01:01:11+00:00\" \/>\n<meta property=\"article:modified_time\" content=\"2025-11-07T01:01:32+00:00\" \/>\n<meta property=\"og:image\" content=\"https:\/\/www.bbmnoticias.com\/labravaradiofm\/wp-content\/uploads\/sites\/5\/2025\/11\/claudia_sheinbaum-2.jpg\" \/>\n\t<meta property=\"og:image:width\" content=\"848\" \/>\n\t<meta property=\"og:image:height\" content=\"477\" \/>\n\t<meta property=\"og:image:type\" content=\"image\/jpeg\" \/>\n<meta name=\"author\" content=\"Staff\" \/>\n<meta name=\"twitter:card\" content=\"summary_large_image\" \/>\n<meta name=\"twitter:label1\" content=\"Escrito por\" \/>\n\t<meta name=\"twitter:data1\" content=\"Staff\" \/>\n\t<meta name=\"twitter:label2\" content=\"Tiempo de lectura\" \/>\n\t<meta name=\"twitter:data2\" content=\"2 minutos\" \/>\n<script type=\"application\/ld+json\" class=\"yoast-schema-graph\">{\"@context\":\"https:\\\/\\\/schema.org\",\"@graph\":[{\"@type\":\"Article\",\"@id\":\"https:\\\/\\\/www.bbmnoticias.com\\\/mexico-rechaza-declaracion-de-persona-non-grata-a-la-presidenta-claudia-sheinbaum\\\/#article\",\"isPartOf\":{\"@id\":\"https:\\\/\\\/www.bbmnoticias.com\\\/labravaradiofm\\\/2025\\\/11\\\/06\\\/mexico-rechaza-declaracion-de-persona-non-grata-a-la-presidenta-claudia-sheinbaum\\\/\"},\"author\":{\"name\":\"Staff\",\"@id\":\"https:\\\/\\\/www.bbmnoticias.com\\\/labravaradiofm\\\/#\\\/schema\\\/person\\\/34b139c617a70ea5bef5678bffe4dd7b\"},\"headline\":\"M\u00e9xico rechaza declaraci\u00f3n de persona non grata a la Presidenta Claudia Sheinbaum\",\"datePublished\":\"2025-11-07T01:01:11+00:00\",\"dateModified\":\"2025-11-07T01:01:32+00:00\",\"mainEntityOfPage\":{\"@id\":\"https:\\\/\\\/www.bbmnoticias.com\\\/labravaradiofm\\\/2025\\\/11\\\/06\\\/mexico-rechaza-declaracion-de-persona-non-grata-a-la-presidenta-claudia-sheinbaum\\\/\"},\"wordCount\":382,\"image\":{\"@id\":\"https:\\\/\\\/www.bbmnoticias.com\\\/mexico-rechaza-declaracion-de-persona-non-grata-a-la-presidenta-claudia-sheinbaum\\\/#primaryimage\"},\"thumbnailUrl\":\"https:\\\/\\\/www.bbmnoticias.com\\\/labravaradiofm\\\/wp-content\\\/uploads\\\/sites\\\/5\\\/2025\\\/11\\\/claudia_sheinbaum-2.jpg\",\"articleSection\":[\"LOCAL\",\"NACIONAL\"],\"inLanguage\":\"es\"},{\"@type\":\"WebPage\",\"@id\":\"https:\\\/\\\/www.bbmnoticias.com\\\/labravaradiofm\\\/2025\\\/11\\\/06\\\/mexico-rechaza-declaracion-de-persona-non-grata-a-la-presidenta-claudia-sheinbaum\\\/\",\"url\":\"https:\\\/\\\/www.bbmnoticias.com\\\/mexico-rechaza-declaracion-de-persona-non-grata-a-la-presidenta-claudia-sheinbaum\\\/\",\"name\":\"M\u00e9xico rechaza declaraci\u00f3n de persona non grata a la Presidenta Claudia Sheinbaum - LA BRAVA RADIO\",\"isPartOf\":{\"@id\":\"https:\\\/\\\/www.bbmnoticias.com\\\/labravaradiofm\\\/#website\"},\"primaryImageOfPage\":{\"@id\":\"https:\\\/\\\/www.bbmnoticias.com\\\/mexico-rechaza-declaracion-de-persona-non-grata-a-la-presidenta-claudia-sheinbaum\\\/#primaryimage\"},\"image\":{\"@id\":\"https:\\\/\\\/www.bbmnoticias.com\\\/mexico-rechaza-declaracion-de-persona-non-grata-a-la-presidenta-claudia-sheinbaum\\\/#primaryimage\"},\"thumbnailUrl\":\"https:\\\/\\\/www.bbmnoticias.com\\\/labravaradiofm\\\/wp-content\\\/uploads\\\/sites\\\/5\\\/2025\\\/11\\\/claudia_sheinbaum-2.jpg\",\"datePublished\":\"2025-11-07T01:01:11+00:00\",\"dateModified\":\"2025-11-07T01:01:32+00:00\",\"author\":{\"@id\":\"https:\\\/\\\/www.bbmnoticias.com\\\/labravaradiofm\\\/#\\\/schema\\\/person\\\/34b139c617a70ea5bef5678bffe4dd7b\"},\"breadcrumb\":{\"@id\":\"https:\\\/\\\/www.bbmnoticias.com\\\/mexico-rechaza-declaracion-de-persona-non-grata-a-la-presidenta-claudia-sheinbaum\\\/#breadcrumb\"},\"inLanguage\":\"es\",\"potentialAction\":[{\"@type\":\"ReadAction\",\"target\":[\"https:\\\/\\\/www.bbmnoticias.com\\\/mexico-rechaza-declaracion-de-persona-non-grata-a-la-presidenta-claudia-sheinbaum\\\/\"]}]},{\"@type\":\"ImageObject\",\"inLanguage\":\"es\",\"@id\":\"https:\\\/\\\/www.bbmnoticias.com\\\/mexico-rechaza-declaracion-de-persona-non-grata-a-la-presidenta-claudia-sheinbaum\\\/#primaryimage\",\"url\":\"https:\\\/\\\/www.bbmnoticias.com\\\/labravaradiofm\\\/wp-content\\\/uploads\\\/sites\\\/5\\\/2025\\\/11\\\/claudia_sheinbaum-2.jpg\",\"contentUrl\":\"https:\\\/\\\/www.bbmnoticias.com\\\/labravaradiofm\\\/wp-content\\\/uploads\\\/sites\\\/5\\\/2025\\\/11\\\/claudia_sheinbaum-2.jpg\",\"width\":848,\"height\":477},{\"@type\":\"BreadcrumbList\",\"@id\":\"https:\\\/\\\/www.bbmnoticias.com\\\/mexico-rechaza-declaracion-de-persona-non-grata-a-la-presidenta-claudia-sheinbaum\\\/#breadcrumb\",\"itemListElement\":[{\"@type\":\"ListItem\",\"position\":1,\"name\":\"Inicio\",\"item\":\"https:\\\/\\\/www.bbmnoticias.com\\\/labravaradiofm\\\/\"},{\"@type\":\"ListItem\",\"position\":2,\"name\":\"M\u00e9xico rechaza declaraci\u00f3n de persona non grata a la Presidenta Claudia Sheinbaum\"}]},{\"@type\":\"WebSite\",\"@id\":\"https:\\\/\\\/www.bbmnoticias.com\\\/labravaradiofm\\\/#website\",\"url\":\"https:\\\/\\\/www.bbmnoticias.com\\\/labravaradiofm\\\/\",\"name\":\"LA BRAVA RADIO\",\"description\":\"Empresa productora de medios, Radiodifusi\u00f3n, Noticias, tendencias y todo lo que necesitas saber de la pol\u00edtica mexicana e internacional; entretenimiento, espect\u00e1culos, salud y mucho m\u00e1s.\",\"potentialAction\":[{\"@type\":\"SearchAction\",\"target\":{\"@type\":\"EntryPoint\",\"urlTemplate\":\"https:\\\/\\\/www.bbmnoticias.com\\\/labravaradiofm\\\/?s={search_term_string}\"},\"query-input\":{\"@type\":\"PropertyValueSpecification\",\"valueRequired\":true,\"valueName\":\"search_term_string\"}}],\"inLanguage\":\"es\"},{\"@type\":\"Person\",\"@id\":\"https:\\\/\\\/www.bbmnoticias.com\\\/labravaradiofm\\\/#\\\/schema\\\/person\\\/34b139c617a70ea5bef5678bffe4dd7b\",\"name\":\"Staff\",\"image\":{\"@type\":\"ImageObject\",\"inLanguage\":\"es\",\"@id\":\"https:\\\/\\\/secure.gravatar.com\\\/avatar\\\/fdd21ad66fd8b98c407f9dee5b5e588cfe7f0d8579ec20fa6527cd59bab7f0f0?s=96&d=mm&r=g\",\"url\":\"https:\\\/\\\/secure.gravatar.com\\\/avatar\\\/fdd21ad66fd8b98c407f9dee5b5e588cfe7f0d8579ec20fa6527cd59bab7f0f0?s=96&d=mm&r=g\",\"contentUrl\":\"https:\\\/\\\/secure.gravatar.com\\\/avatar\\\/fdd21ad66fd8b98c407f9dee5b5e588cfe7f0d8579ec20fa6527cd59bab7f0f0?s=96&d=mm&r=g\",\"caption\":\"Staff\"},\"url\":\"https:\\\/\\\/www.bbmnoticias.com\\\/labravaradiofm\\\/author\\\/redaccion\\\/\"}]}<\/script>\n<!-- \/ Yoast SEO plugin. -->","yoast_head_json":{"title":"M\u00e9xico rechaza declaraci\u00f3n de persona non grata a la Presidenta Claudia Sheinbaum - LA BRAVA RADIO","robots":{"index":"index","follow":"follow","max-snippet":"max-snippet:-1","max-image-preview":"max-image-preview:large","max-video-preview":"max-video-preview:-1"},"canonical":"https:\/\/www.bbmnoticias.com\/mexico-rechaza-declaracion-de-persona-non-grata-a-la-presidenta-claudia-sheinbaum\/","og_locale":"es_MX","og_type":"article","og_title":"M\u00e9xico rechaza declaraci\u00f3n de persona non grata a la Presidenta Claudia Sheinbaum - LA BRAVA RADIO","og_description":"El Gobierno de M\u00e9xico rechaz\u00f3 que el Congreso de Per\u00fa declar\u00f3 persona non grata a la presidenta Claudia Sheinbaum Pardo ya que se basaron en \u201cplanteamientos falsos\u201d. La Secretar\u00eda de Relaciones Exteriores enfatiz\u00f3 que M\u00e9xico no ha intervenido en los asuntos internos de Per\u00fa y defendi\u00f3 sus decisi\u00f3n de otorgar asilo pol\u00edtico en su Embajada [&hellip;]","og_url":"https:\/\/www.bbmnoticias.com\/mexico-rechaza-declaracion-de-persona-non-grata-a-la-presidenta-claudia-sheinbaum\/","og_site_name":"LA BRAVA RADIO","article_published_time":"2025-11-07T01:01:11+00:00","article_modified_time":"2025-11-07T01:01:32+00:00","og_image":[{"width":848,"height":477,"url":"https:\/\/www.bbmnoticias.com\/labravaradiofm\/wp-content\/uploads\/sites\/5\/2025\/11\/claudia_sheinbaum-2.jpg","type":"image\/jpeg"}],"author":"Staff","twitter_card":"summary_large_image","twitter_misc":{"Escrito por":"Staff","Tiempo de lectura":"2 minutos"},"schema":{"@context":"https:\/\/schema.org","@graph":[{"@type":"Article","@id":"https:\/\/www.bbmnoticias.com\/mexico-rechaza-declaracion-de-persona-non-grata-a-la-presidenta-claudia-sheinbaum\/#article","isPartOf":{"@id":"https:\/\/www.bbmnoticias.com\/labravaradiofm\/2025\/11\/06\/mexico-rechaza-declaracion-de-persona-non-grata-a-la-presidenta-claudia-sheinbaum\/"},"author":{"name":"Staff","@id":"https:\/\/www.bbmnoticias.com\/labravaradiofm\/#\/schema\/person\/34b139c617a70ea5bef5678bffe4dd7b"},"headline":"M\u00e9xico rechaza declaraci\u00f3n de persona non grata a la Presidenta Claudia Sheinbaum","datePublished":"2025-11-07T01:01:11+00:00","dateModified":"2025-11-07T01:01:32+00:00","mainEntityOfPage":{"@id":"https:\/\/www.bbmnoticias.com\/labravaradiofm\/2025\/11\/06\/mexico-rechaza-declaracion-de-persona-non-grata-a-la-presidenta-claudia-sheinbaum\/"},"wordCount":382,"image":{"@id":"https:\/\/www.bbmnoticias.com\/mexico-rechaza-declaracion-de-persona-non-grata-a-la-presidenta-claudia-sheinbaum\/#primaryimage"},"thumbnailUrl":"https:\/\/www.bbmnoticias.com\/labravaradiofm\/wp-content\/uploads\/sites\/5\/2025\/11\/claudia_sheinbaum-2.jpg","articleSection":["LOCAL","NACIONAL"],"inLanguage":"es"},{"@type":"WebPage","@id":"https:\/\/www.bbmnoticias.com\/labravaradiofm\/2025\/11\/06\/mexico-rechaza-declaracion-de-persona-non-grata-a-la-presidenta-claudia-sheinbaum\/","url":"https:\/\/www.bbmnoticias.com\/mexico-rechaza-declaracion-de-persona-non-grata-a-la-presidenta-claudia-sheinbaum\/","name":"M\u00e9xico rechaza declaraci\u00f3n de persona non grata a la Presidenta Claudia Sheinbaum - LA BRAVA RADIO","isPartOf":{"@id":"https:\/\/www.bbmnoticias.com\/labravaradiofm\/#website"},"primaryImageOfPage":{"@id":"https:\/\/www.bbmnoticias.com\/mexico-rechaza-declaracion-de-persona-non-grata-a-la-presidenta-claudia-sheinbaum\/#primaryimage"},"image":{"@id":"https:\/\/www.bbmnoticias.com\/mexico-rechaza-declaracion-de-persona-non-grata-a-la-presidenta-claudia-sheinbaum\/#primaryimage"},"thumbnailUrl":"https:\/\/www.bbmnoticias.com\/labravaradiofm\/wp-content\/uploads\/sites\/5\/2025\/11\/claudia_sheinbaum-2.jpg","datePublished":"2025-11-07T01:01:11+00:00","dateModified":"2025-11-07T01:01:32+00:00","author":{"@id":"https:\/\/www.bbmnoticias.com\/labravaradiofm\/#\/schema\/person\/34b139c617a70ea5bef5678bffe4dd7b"},"breadcrumb":{"@id":"https:\/\/www.bbmnoticias.com\/mexico-rechaza-declaracion-de-persona-non-grata-a-la-presidenta-claudia-sheinbaum\/#breadcrumb"},"inLanguage":"es","potentialAction":[{"@type":"ReadAction","target":["https:\/\/www.bbmnoticias.com\/mexico-rechaza-declaracion-de-persona-non-grata-a-la-presidenta-claudia-sheinbaum\/"]}]},{"@type":"ImageObject","inLanguage":"es","@id":"https:\/\/www.bbmnoticias.com\/mexico-rechaza-declaracion-de-persona-non-grata-a-la-presidenta-claudia-sheinbaum\/#primaryimage","url":"https:\/\/www.bbmnoticias.com\/labravaradiofm\/wp-content\/uploads\/sites\/5\/2025\/11\/claudia_sheinbaum-2.jpg","contentUrl":"https:\/\/www.bbmnoticias.com\/labravaradiofm\/wp-content\/uploads\/sites\/5\/2025\/11\/claudia_sheinbaum-2.jpg","width":848,"height":477},{"@type":"BreadcrumbList","@id":"https:\/\/www.bbmnoticias.com\/mexico-rechaza-declaracion-de-persona-non-grata-a-la-presidenta-claudia-sheinbaum\/#breadcrumb","itemListElement":[{"@type":"ListItem","position":1,"name":"Inicio","item":"https:\/\/www.bbmnoticias.com\/labravaradiofm\/"},{"@type":"ListItem","position":2,"name":"M\u00e9xico rechaza declaraci\u00f3n de persona non grata a la Presidenta Claudia Sheinbaum"}]},{"@type":"WebSite","@id":"https:\/\/www.bbmnoticias.com\/labravaradiofm\/#website","url":"https:\/\/www.bbmnoticias.com\/labravaradiofm\/","name":"LA BRAVA RADIO","description":"Empresa productora de medios, Radiodifusi\u00f3n, Noticias, tendencias y todo lo que necesitas saber de la pol\u00edtica mexicana e internacional; entretenimiento, espect\u00e1culos, salud y mucho m\u00e1s.","potentialAction":[{"@type":"SearchAction","target":{"@type":"EntryPoint","urlTemplate":"https:\/\/www.bbmnoticias.com\/labravaradiofm\/?s={search_term_string}"},"query-input":{"@type":"PropertyValueSpecification","valueRequired":true,"valueName":"search_term_string"}}],"inLanguage":"es"},{"@type":"Person","@id":"https:\/\/www.bbmnoticias.com\/labravaradiofm\/#\/schema\/person\/34b139c617a70ea5bef5678bffe4dd7b","name":"Staff","image":{"@type":"ImageObject","inLanguage":"es","@id":"https:\/\/secure.gravatar.com\/avatar\/fdd21ad66fd8b98c407f9dee5b5e588cfe7f0d8579ec20fa6527cd59bab7f0f0?s=96&d=mm&r=g","url":"https:\/\/secure.gravatar.com\/avatar\/fdd21ad66fd8b98c407f9dee5b5e588cfe7f0d8579ec20fa6527cd59bab7f0f0?s=96&d=mm&r=g","contentUrl":"https:\/\/secure.gravatar.com\/avatar\/fdd21ad66fd8b98c407f9dee5b5e588cfe7f0d8579ec20fa6527cd59bab7f0f0?s=96&d=mm&r=g","caption":"Staff"},"url":"https:\/\/www.bbmnoticias.com\/labravaradiofm\/author\/redaccion\/"}]}},"_links":{"self":[{"href":"https:\/\/www.bbmnoticias.com\/labravaradiofm\/wp-json\/wp\/v2\/posts\/69455","targetHints":{"allow":["GET"]}}],"collection":[{"href":"https:\/\/www.bbmnoticias.com\/labravaradiofm\/wp-json\/wp\/v2\/posts"}],"about":[{"href":"https:\/\/www.bbmnoticias.com\/labravaradiofm\/wp-json\/wp\/v2\/types\/post"}],"author":[{"embeddable":true,"href":"https:\/\/www.bbmnoticias.com\/labravaradiofm\/wp-json\/wp\/v2\/users\/2"}],"replies":[{"embeddable":true,"href":"https:\/\/www.bbmnoticias.com\/labravaradiofm\/wp-json\/wp\/v2\/comments?post=69455"}],"version-history":[{"count":0,"href":"https:\/\/www.bbmnoticias.com\/labravaradiofm\/wp-json\/wp\/v2\/posts\/69455\/revisions"}],"wp:featuredmedia":[{"embeddable":true,"href":"https:\/\/www.bbmnoticias.com\/labravaradiofm\/wp-json\/wp\/v2\/media\/69457"}],"wp:attachment":[{"href":"https:\/\/www.bbmnoticias.com\/labravaradiofm\/wp-json\/wp\/v2\/media?parent=69455"}],"wp:term":[{"taxonomy":"category","embeddable":true,"href":"https:\/\/www.bbmnoticias.com\/labravaradiofm\/wp-json\/wp\/v2\/categories?post=69455"},{"taxonomy":"post_tag","embeddable":true,"href":"https:\/\/www.bbmnoticias.com\/labravaradiofm\/wp-json\/wp\/v2\/tags?post=69455"}],"curies":[{"name":"wp","href":"https:\/\/api.w.org\/{rel}","templated":true}]}}