{"id":6941,"date":"2021-12-10T09:19:38","date_gmt":"2021-12-10T15:19:38","guid":{"rendered":"https:\/\/www.bbmnoticias.com\/labravaradiofm\/?p=6941"},"modified":"2021-12-10T09:19:40","modified_gmt":"2021-12-10T15:19:40","slug":"muere-carmen-salinas-a-los-82-anos-de-edad-tras-permanecer-un-mes-en-coma","status":"publish","type":"post","link":"https:\/\/www.bbmnoticias.com\/labravaradiofm\/2021\/12\/10\/muere-carmen-salinas-a-los-82-anos-de-edad-tras-permanecer-un-mes-en-coma\/","title":{"rendered":"Muere Carmen Salinas a los 82 a\u00f1os de edad tras permanecer un mes en coma"},"content":{"rendered":"<div style=\"margin-top: 0px; margin-bottom: 0px;\" class=\"sharethis-inline-share-buttons\" ><\/div>\n<p><strong>La actriz Carmen Salinas muri\u00f3 <\/strong>a los<strong> 82 a\u00f1os de edad la noche de este 9 de diciembre<\/strong>, luego de permanecer casi<strong> un mes en estado de coma.<\/strong><\/p>\n\n\n\n<p>En su cuenta de Twitter, el productor <strong>Juan Osorio inform\u00f3 la muerte de<\/strong> <strong>Carmen Salinas<\/strong>con un emotivo mensaje, mismo en el que asegur\u00f3 que la primera actriz ya estaba \u201ccon Dios.\u201d<\/p>\n\n\n\n<figure class=\"wp-block-embed is-type-rich is-provider-twitter wp-block-embed-twitter\"><div class=\"wp-block-embed__wrapper\">\n<blockquote class=\"twitter-tweet\" data-width=\"550\" data-dnt=\"true\"><p lang=\"es\" dir=\"ltr\">Esta noche ser\u00e1 recordada con una gran tristeza, \u2066Carmelita Salinas, ya est\u00e1 con Dios. Dej\u00e1ndonos su gran legado. QEPD \u271d\ufe0f <a href=\"https:\/\/t.co\/5mTp0Jk29g\">pic.twitter.com\/5mTp0Jk29g<\/a><\/p>&mdash; juan osorio ortiz (@osoriojua) <a href=\"https:\/\/twitter.com\/osoriojua\/status\/1469177386637963267?ref_src=twsrc%5Etfw\">December 10, 2021<\/a><\/blockquote><script async src=\"https:\/\/platform.twitter.com\/widgets.js\" charset=\"utf-8\"><\/script>\n<\/div><\/figure>\n\n\n\n<h2 class=\"wp-block-heading\">\u00bfDe qu\u00e9 muri\u00f3 Carmen Salinas?<\/h2>\n\n\n\n<p><strong>La muerte de Carmen Salinas<\/strong>llega luego de semanas de haber permanecido hospitalizada por una <strong>hemorragia cerebral<\/strong> que la llev\u00f3 <strong>al coma<\/strong>.<\/p>\n\n\n\n<p><strong>Carmen Salinas<\/strong> fue <strong>hospitalizada<\/strong> tras desmayarse en su casa la noche del 10 de noviembre. La actriz sufri\u00f3 complicaciones en su <strong>presi\u00f3n arterial.<\/strong><\/p>\n\n\n\n<p>A partir de entonces, su familia brind\u00f3 informes constantes sobre su estado de salud, con algunos momentos en donde parecer\u00eda cercana una recuperaci\u00f3n.<\/p>\n\n\n\n<h2 class=\"wp-block-heading\">Confirman en Instagram la muerte de Carmen Salinas<\/h2>\n\n\n\n<p>Minutos despu\u00e9s del tuit de Juan Osorio, la cuenta oficial de<strong> Carmen Salinas en Instagram<\/strong> confirm\u00f3 su <strong>muerte con un emotivo mensaje<\/strong>:<\/p>\n\n\n\n<blockquote class=\"instagram-media\" data-instgrm-captioned data-instgrm-permalink=\"https:\/\/www.instagram.com\/p\/CXSorQQOftE\/?utm_source=ig_embed&amp;utm_campaign=loading\" data-instgrm-version=\"14\" style=\" background:#FFF; border:0; border-radius:3px; box-shadow:0 0 1px 0 rgba(0,0,0,0.5),0 1px 10px 0 rgba(0,0,0,0.15); margin: 1px; max-width:540px; min-width:326px; padding:0; width:99.375%; width:-webkit-calc(100% - 2px); width:calc(100% - 2px);\"><div style=\"padding:16px;\"> <a href=\"https:\/\/www.instagram.com\/p\/CXSorQQOftE\/?utm_source=ig_embed&amp;utm_campaign=loading\" style=\" background:#FFFFFF; line-height:0; padding:0 0; text-align:center; text-decoration:none; width:100%;\" target=\"_blank\" rel=\"noopener\"> <div style=\" display: flex; flex-direction: row; align-items: center;\"> <div style=\"background-color: #F4F4F4; border-radius: 50%; flex-grow: 0; height: 40px; margin-right: 14px; width: 40px;\"><\/div> <div style=\"display: flex; flex-direction: column; flex-grow: 1; justify-content: center;\"> <div style=\" background-color: #F4F4F4; border-radius: 4px; flex-grow: 0; height: 14px; margin-bottom: 6px; width: 100px;\"><\/div> <div style=\" background-color: #F4F4F4; border-radius: 4px; flex-grow: 0; height: 14px; width: 60px;\"><\/div><\/div><\/div><div style=\"padding: 19% 0;\"><\/div> <div style=\"display:block; height:50px; margin:0 auto 12px; width:50px;\"><svg width=\"50px\" height=\"50px\" viewBox=\"0 0 60 60\" version=\"1.1\" xmlns=\"https:\/\/www.w3.org\/2000\/svg\" xmlns:xlink=\"https:\/\/www.w3.org\/1999\/xlink\"><g stroke=\"none\" stroke-width=\"1\" fill=\"none\" fill-rule=\"evenodd\"><g transform=\"translate(-511.000000, -20.000000)\" fill=\"#000000\"><g><path d=\"M556.869,30.41 C554.814,30.41 553.148,32.076 553.148,34.131 C553.148,36.186 554.814,37.852 556.869,37.852 C558.924,37.852 560.59,36.186 560.59,34.131 C560.59,32.076 558.924,30.41 556.869,30.41 M541,60.657 C535.114,60.657 530.342,55.887 530.342,50 C530.342,44.114 535.114,39.342 541,39.342 C546.887,39.342 551.658,44.114 551.658,50 C551.658,55.887 546.887,60.657 541,60.657 M541,33.886 C532.1,33.886 524.886,41.1 524.886,50 C524.886,58.899 532.1,66.113 541,66.113 C549.9,66.113 557.115,58.899 557.115,50 C557.115,41.1 549.9,33.886 541,33.886 M565.378,62.101 C565.244,65.022 564.756,66.606 564.346,67.663 C563.803,69.06 563.154,70.057 562.106,71.106 C561.058,72.155 560.06,72.803 558.662,73.347 C557.607,73.757 556.021,74.244 553.102,74.378 C549.944,74.521 548.997,74.552 541,74.552 C533.003,74.552 532.056,74.521 528.898,74.378 C525.979,74.244 524.393,73.757 523.338,73.347 C521.94,72.803 520.942,72.155 519.894,71.106 C518.846,70.057 518.197,69.06 517.654,67.663 C517.244,66.606 516.755,65.022 516.623,62.101 C516.479,58.943 516.448,57.996 516.448,50 C516.448,42.003 516.479,41.056 516.623,37.899 C516.755,34.978 517.244,33.391 517.654,32.338 C518.197,30.938 518.846,29.942 519.894,28.894 C520.942,27.846 521.94,27.196 523.338,26.654 C524.393,26.244 525.979,25.756 528.898,25.623 C532.057,25.479 533.004,25.448 541,25.448 C548.997,25.448 549.943,25.479 553.102,25.623 C556.021,25.756 557.607,26.244 558.662,26.654 C560.06,27.196 561.058,27.846 562.106,28.894 C563.154,29.942 563.803,30.938 564.346,32.338 C564.756,33.391 565.244,34.978 565.378,37.899 C565.522,41.056 565.552,42.003 565.552,50 C565.552,57.996 565.522,58.943 565.378,62.101 M570.82,37.631 C570.674,34.438 570.167,32.258 569.425,30.349 C568.659,28.377 567.633,26.702 565.965,25.035 C564.297,23.368 562.623,22.342 560.652,21.575 C558.743,20.834 556.562,20.326 553.369,20.18 C550.169,20.033 549.148,20 541,20 C532.853,20 531.831,20.033 528.631,20.18 C525.438,20.326 523.257,20.834 521.349,21.575 C519.376,22.342 517.703,23.368 516.035,25.035 C514.368,26.702 513.342,28.377 512.574,30.349 C511.834,32.258 511.326,34.438 511.181,37.631 C511.035,40.831 511,41.851 511,50 C511,58.147 511.035,59.17 511.181,62.369 C511.326,65.562 511.834,67.743 512.574,69.651 C513.342,71.625 514.368,73.296 516.035,74.965 C517.703,76.634 519.376,77.658 521.349,78.425 C523.257,79.167 525.438,79.673 528.631,79.82 C531.831,79.965 532.853,80.001 541,80.001 C549.148,80.001 550.169,79.965 553.369,79.82 C556.562,79.673 558.743,79.167 560.652,78.425 C562.623,77.658 564.297,76.634 565.965,74.965 C567.633,73.296 568.659,71.625 569.425,69.651 C570.167,67.743 570.674,65.562 570.82,62.369 C570.966,59.17 571,58.147 571,50 C571,41.851 570.966,40.831 570.82,37.631\"><\/path><\/g><\/g><\/g><\/svg><\/div><div style=\"padding-top: 8px;\"> <div style=\" color:#3897f0; font-family:Arial,sans-serif; font-size:14px; font-style:normal; font-weight:550; line-height:18px;\">Ver esta publicaci\u00f3n en Instagram<\/div><\/div><div style=\"padding: 12.5% 0;\"><\/div> <div style=\"display: flex; flex-direction: row; margin-bottom: 14px; align-items: center;\"><div> <div style=\"background-color: #F4F4F4; border-radius: 50%; height: 12.5px; width: 12.5px; transform: translateX(0px) translateY(7px);\"><\/div> <div style=\"background-color: #F4F4F4; height: 12.5px; transform: rotate(-45deg) translateX(3px) translateY(1px); width: 12.5px; flex-grow: 0; margin-right: 14px; margin-left: 2px;\"><\/div> <div style=\"background-color: #F4F4F4; border-radius: 50%; height: 12.5px; width: 12.5px; transform: translateX(9px) translateY(-18px);\"><\/div><\/div><div style=\"margin-left: 8px;\"> <div style=\" background-color: #F4F4F4; border-radius: 50%; flex-grow: 0; height: 20px; width: 20px;\"><\/div> <div style=\" width: 0; height: 0; border-top: 2px solid transparent; border-left: 6px solid #f4f4f4; border-bottom: 2px solid transparent; transform: translateX(16px) translateY(-4px) rotate(30deg)\"><\/div><\/div><div style=\"margin-left: auto;\"> <div style=\" width: 0px; border-top: 8px solid #F4F4F4; border-right: 8px solid transparent; transform: translateY(16px);\"><\/div> <div style=\" background-color: #F4F4F4; flex-grow: 0; height: 12px; width: 16px; transform: translateY(-4px);\"><\/div> <div style=\" width: 0; height: 0; border-top: 8px solid #F4F4F4; border-left: 8px solid transparent; transform: translateY(-4px) translateX(8px);\"><\/div><\/div><\/div> <div style=\"display: flex; flex-direction: column; flex-grow: 1; justify-content: center; margin-bottom: 24px;\"> <div style=\" background-color: #F4F4F4; border-radius: 4px; flex-grow: 0; height: 14px; margin-bottom: 6px; width: 224px;\"><\/div> <div style=\" background-color: #F4F4F4; border-radius: 4px; flex-grow: 0; height: 14px; width: 144px;\"><\/div><\/div><\/a><p style=\" color:#c9c8cd; font-family:Arial,sans-serif; font-size:14px; line-height:17px; margin-bottom:0; margin-top:8px; overflow:hidden; padding:8px 0 7px; text-align:center; text-overflow:ellipsis; white-space:nowrap;\"><a href=\"https:\/\/www.instagram.com\/p\/CXSorQQOftE\/?utm_source=ig_embed&amp;utm_campaign=loading\" style=\" color:#c9c8cd; font-family:Arial,sans-serif; font-size:14px; font-style:normal; font-weight:normal; line-height:17px; text-decoration:none;\" target=\"_blank\" rel=\"noopener\">Una publicaci\u00f3n compartida por Carmen Salinas (@carmensalinas_56)<\/a><\/p><\/div><\/blockquote> <script async src=\"\/\/www.instagram.com\/embed.js\"><\/script>\n\n\n\n<p><strong>Carmen Salinas Lozano<\/strong>, naci\u00f3 el 5 de octubre de 1933 en Torre\u00f3n, Coahuila.<\/p>\n\n\n\n<p>Carmen Salinas debut\u00f3 en el cine de \u00f3pera en 1953, haciendo imitaciones. Ese mismo a\u00f1o se inici\u00f3 en la televisi\u00f3n por el Canal 4 en un programa de corte familiar.<\/p>\n\n\n\n<p>\u201c<strong>Carmelita Salinas<\/strong>\u201d entr\u00f3 en el mundo de las telenovelas en 1964, con \u201cLa Vecindad\u201d del productor Ernesto Alonso.<\/p>\n\n\n\n<p>En 1969, Carmen Salinas particip\u00f3 en la pel\u00edcula \u2018La vida in\u00fatil de Pito P\u00e9rez\u2019, dirigida por Roberto Gavald\u00f3n. Algunas de sus cintas m\u00e1s reconocidas son:\u2018Noches de cabaret\u2019 (1978) y \u2018Bellas de noche\u2019 (1975), donde adquiri\u00f3 el sobrenombre de \u201cLa Corcholata\u201d.<\/p>\n\n\n\n<p>En 1993 se retir\u00f3 de los escenarios al enterarse que su<strong> hijo Pedro Plascencia Salinas <\/strong>estaba enfermo de c\u00e1ncer.<\/p>\n\n\n\n<h2 class=\"wp-block-heading\">\u00bfDe qu\u00e9 muri\u00f3 Pedro Plascencia Salinas, el hijo de Carmen Salinas?<\/h2>\n\n\n\n<p><strong>Pedro Plascencia Salinas<\/strong>, <strong>hijo de Carmen Salinas<\/strong> y el m\u00fasico Pedro Plasencia Ram\u00edrez<strong>, muri\u00f3 de c\u00e1ncer <\/strong>el 19 de abril de 1994 a los 37 a\u00f1os de edad, lo que represent\u00f3 un golpe irreparable para la actriz y toda su familia.<\/p>\n\n\n\n<p>Tras <strong>la muerte de su hijo<\/strong>, Carmen Salinas regres\u00f3 a los escenarios y en 1997 debut\u00f3 como productora de la obra \u201cAventura\u201d.<\/p>\n\n\n\n<p>Con Carmen Salinas como productora, \u201cAventurera\u201d alcanz\u00f3 un \u00e9xito rotundo y se mantuvo en cartelera por m\u00e1s de 10 a\u00f1os, con protagonistas comoNiurka, Edith Gonz\u00e1lez y Maribel Guardia, entre otras.<\/p>\n\n\n\n<p>En Hollywood, Carmen Salinas tuvo un papel destacado en la pel\u00edcula Particip\u00f3 \u2018Hombre en llamas\u2019, junto a Denzel Washington y bajo la direcci\u00f3n de Tony Scott.<\/p>\n\n\n\n<p>Carmen Salinas Tambi\u00e9n tuvo su propio talk show con \u201cHasta en las mejores familias\u201d.<\/p>\n\n\n\n<p>En cuanto a su vida sentimental, <strong>Carmen Salinas se cas\u00f3 con el compositor y m\u00fasico Pedro Plascencia Ram\u00edrez,<\/strong> con quien tuvo dos hijos, <strong>Pedro Ernesto y Eugenia.<\/strong><\/p>\n\n\n\n<h2 class=\"wp-block-heading\">Carmen Salinas fue sometida a una traqueotom\u00eda y gastrostom\u00eda<\/h2>\n\n\n\n<p><strong>Carmen Salinas<\/strong> fue sometida a una <strong>traqueotom\u00eda <\/strong>y<strong> gastrostom\u00eda<\/strong>el 22 de noviembre debido a problemas en su estado de salud.<\/p>\n\n\n\n<p><strong>La familia de Carmen Salinas<\/strong> inform\u00f3 que dichos procedimientos formaron parte de su tratamiento.<\/p>\n\n\n\n<p>Apenas el 6 de diciembre, la familia de Carmen Salinas inform\u00f3 que una tomograf\u00eda revel\u00f3 que la primera actriz ya no presentaba la <strong>hemorragia cerebral<\/strong> que la puso <strong>en coma<\/strong>.<\/p>\n","protected":false},"excerpt":{"rendered":"<p>La actriz Carmen Salinas muri\u00f3 a los 82 a\u00f1os de edad la noche de este 9 de diciembre, luego de permanecer casi un mes en estado de coma. En su cuenta de Twitter, el productor Juan Osorio inform\u00f3 la muerte de Carmen Salinascon un emotivo mensaje, mismo en el que asegur\u00f3 que la primera actriz [&hellip;]<\/p>\n","protected":false},"author":12,"featured_media":6942,"comment_status":"closed","ping_status":"closed","sticky":false,"template":"","format":"standard","meta":{"footnotes":""},"categories":[1],"tags":[],"class_list":{"0":"post-6941","1":"post","2":"type-post","3":"status-publish","4":"format-standard","5":"has-post-thumbnail","7":"category-sin-categoria"},"yoast_head":"<!-- This site is optimized with the Yoast SEO plugin v27.4 - https:\/\/yoast.com\/product\/yoast-seo-wordpress\/ -->\n<title>Muere Carmen Salinas a los 82 a\u00f1os de edad tras permanecer un mes en coma - LA BRAVA RADIO<\/title>\n<meta name=\"robots\" content=\"index, follow, max-snippet:-1, max-image-preview:large, max-video-preview:-1\" \/>\n<link rel=\"canonical\" href=\"https:\/\/www.bbmnoticias.com\/labravaradiofm\/2021\/12\/10\/muere-carmen-salinas-a-los-82-anos-de-edad-tras-permanecer-un-mes-en-coma\/\" \/>\n<meta property=\"og:locale\" content=\"es_MX\" \/>\n<meta property=\"og:type\" content=\"article\" \/>\n<meta property=\"og:title\" content=\"Muere Carmen Salinas a los 82 a\u00f1os de edad tras permanecer un mes en coma - LA BRAVA RADIO\" \/>\n<meta property=\"og:description\" content=\"La actriz Carmen Salinas muri\u00f3 a los 82 a\u00f1os de edad la noche de este 9 de diciembre, luego de permanecer casi un mes en estado de coma. En su cuenta de Twitter, el productor Juan Osorio inform\u00f3 la muerte de Carmen Salinascon un emotivo mensaje, mismo en el que asegur\u00f3 que la primera actriz [&hellip;]\" \/>\n<meta property=\"og:url\" content=\"https:\/\/www.bbmnoticias.com\/labravaradiofm\/2021\/12\/10\/muere-carmen-salinas-a-los-82-anos-de-edad-tras-permanecer-un-mes-en-coma\/\" \/>\n<meta property=\"og:site_name\" content=\"LA BRAVA RADIO\" \/>\n<meta property=\"article:published_time\" content=\"2021-12-10T15:19:38+00:00\" \/>\n<meta property=\"article:modified_time\" content=\"2021-12-10T15:19:40+00:00\" \/>\n<meta property=\"og:image\" content=\"https:\/\/www.bbmnoticias.com\/labravaradiofm\/wp-content\/uploads\/sites\/5\/2021\/12\/carmen-salinas.jpg\" \/>\n\t<meta property=\"og:image:width\" content=\"640\" \/>\n\t<meta property=\"og:image:height\" content=\"360\" \/>\n\t<meta property=\"og:image:type\" content=\"image\/jpeg\" \/>\n<meta name=\"author\" content=\"SDPnoticias\" \/>\n<meta name=\"twitter:card\" content=\"summary_large_image\" \/>\n<meta name=\"twitter:label1\" content=\"Escrito por\" \/>\n\t<meta name=\"twitter:data1\" content=\"SDPnoticias\" \/>\n\t<meta name=\"twitter:label2\" content=\"Tiempo de lectura\" \/>\n\t<meta name=\"twitter:data2\" content=\"3 minutos\" \/>\n<script type=\"application\/ld+json\" class=\"yoast-schema-graph\">{\"@context\":\"https:\\\/\\\/schema.org\",\"@graph\":[{\"@type\":\"Article\",\"@id\":\"https:\\\/\\\/www.bbmnoticias.com\\\/labravaradiofm\\\/2021\\\/12\\\/10\\\/muere-carmen-salinas-a-los-82-anos-de-edad-tras-permanecer-un-mes-en-coma\\\/#article\",\"isPartOf\":{\"@id\":\"https:\\\/\\\/www.bbmnoticias.com\\\/labravaradiofm\\\/2021\\\/12\\\/10\\\/muere-carmen-salinas-a-los-82-anos-de-edad-tras-permanecer-un-mes-en-coma\\\/\"},\"author\":{\"name\":\"SDPnoticias\",\"@id\":\"https:\\\/\\\/www.bbmnoticias.com\\\/labravaradiofm\\\/#\\\/schema\\\/person\\\/baf240d77a345f5fbc3dc146f9161af9\"},\"headline\":\"Muere Carmen Salinas a los 82 a\u00f1os de edad tras permanecer un mes en coma\",\"datePublished\":\"2021-12-10T15:19:38+00:00\",\"dateModified\":\"2021-12-10T15:19:40+00:00\",\"mainEntityOfPage\":{\"@id\":\"https:\\\/\\\/www.bbmnoticias.com\\\/labravaradiofm\\\/2021\\\/12\\\/10\\\/muere-carmen-salinas-a-los-82-anos-de-edad-tras-permanecer-un-mes-en-coma\\\/\"},\"wordCount\":572,\"image\":{\"@id\":\"https:\\\/\\\/www.bbmnoticias.com\\\/labravaradiofm\\\/2021\\\/12\\\/10\\\/muere-carmen-salinas-a-los-82-anos-de-edad-tras-permanecer-un-mes-en-coma\\\/#primaryimage\"},\"thumbnailUrl\":\"https:\\\/\\\/www.bbmnoticias.com\\\/labravaradiofm\\\/wp-content\\\/uploads\\\/sites\\\/5\\\/2021\\\/12\\\/carmen-salinas.jpg\",\"inLanguage\":\"es\"},{\"@type\":\"WebPage\",\"@id\":\"https:\\\/\\\/www.bbmnoticias.com\\\/labravaradiofm\\\/2021\\\/12\\\/10\\\/muere-carmen-salinas-a-los-82-anos-de-edad-tras-permanecer-un-mes-en-coma\\\/\",\"url\":\"https:\\\/\\\/www.bbmnoticias.com\\\/labravaradiofm\\\/2021\\\/12\\\/10\\\/muere-carmen-salinas-a-los-82-anos-de-edad-tras-permanecer-un-mes-en-coma\\\/\",\"name\":\"Muere Carmen Salinas a los 82 a\u00f1os de edad tras permanecer un mes en coma - LA BRAVA RADIO\",\"isPartOf\":{\"@id\":\"https:\\\/\\\/www.bbmnoticias.com\\\/labravaradiofm\\\/#website\"},\"primaryImageOfPage\":{\"@id\":\"https:\\\/\\\/www.bbmnoticias.com\\\/labravaradiofm\\\/2021\\\/12\\\/10\\\/muere-carmen-salinas-a-los-82-anos-de-edad-tras-permanecer-un-mes-en-coma\\\/#primaryimage\"},\"image\":{\"@id\":\"https:\\\/\\\/www.bbmnoticias.com\\\/labravaradiofm\\\/2021\\\/12\\\/10\\\/muere-carmen-salinas-a-los-82-anos-de-edad-tras-permanecer-un-mes-en-coma\\\/#primaryimage\"},\"thumbnailUrl\":\"https:\\\/\\\/www.bbmnoticias.com\\\/labravaradiofm\\\/wp-content\\\/uploads\\\/sites\\\/5\\\/2021\\\/12\\\/carmen-salinas.jpg\",\"datePublished\":\"2021-12-10T15:19:38+00:00\",\"dateModified\":\"2021-12-10T15:19:40+00:00\",\"author\":{\"@id\":\"https:\\\/\\\/www.bbmnoticias.com\\\/labravaradiofm\\\/#\\\/schema\\\/person\\\/baf240d77a345f5fbc3dc146f9161af9\"},\"breadcrumb\":{\"@id\":\"https:\\\/\\\/www.bbmnoticias.com\\\/labravaradiofm\\\/2021\\\/12\\\/10\\\/muere-carmen-salinas-a-los-82-anos-de-edad-tras-permanecer-un-mes-en-coma\\\/#breadcrumb\"},\"inLanguage\":\"es\",\"potentialAction\":[{\"@type\":\"ReadAction\",\"target\":[\"https:\\\/\\\/www.bbmnoticias.com\\\/labravaradiofm\\\/2021\\\/12\\\/10\\\/muere-carmen-salinas-a-los-82-anos-de-edad-tras-permanecer-un-mes-en-coma\\\/\"]}]},{\"@type\":\"ImageObject\",\"inLanguage\":\"es\",\"@id\":\"https:\\\/\\\/www.bbmnoticias.com\\\/labravaradiofm\\\/2021\\\/12\\\/10\\\/muere-carmen-salinas-a-los-82-anos-de-edad-tras-permanecer-un-mes-en-coma\\\/#primaryimage\",\"url\":\"https:\\\/\\\/www.bbmnoticias.com\\\/labravaradiofm\\\/wp-content\\\/uploads\\\/sites\\\/5\\\/2021\\\/12\\\/carmen-salinas.jpg\",\"contentUrl\":\"https:\\\/\\\/www.bbmnoticias.com\\\/labravaradiofm\\\/wp-content\\\/uploads\\\/sites\\\/5\\\/2021\\\/12\\\/carmen-salinas.jpg\",\"width\":640,\"height\":360},{\"@type\":\"BreadcrumbList\",\"@id\":\"https:\\\/\\\/www.bbmnoticias.com\\\/labravaradiofm\\\/2021\\\/12\\\/10\\\/muere-carmen-salinas-a-los-82-anos-de-edad-tras-permanecer-un-mes-en-coma\\\/#breadcrumb\",\"itemListElement\":[{\"@type\":\"ListItem\",\"position\":1,\"name\":\"Inicio\",\"item\":\"https:\\\/\\\/www.bbmnoticias.com\\\/labravaradiofm\\\/\"},{\"@type\":\"ListItem\",\"position\":2,\"name\":\"Muere Carmen Salinas a los 82 a\u00f1os de edad tras permanecer un mes en coma\"}]},{\"@type\":\"WebSite\",\"@id\":\"https:\\\/\\\/www.bbmnoticias.com\\\/labravaradiofm\\\/#website\",\"url\":\"https:\\\/\\\/www.bbmnoticias.com\\\/labravaradiofm\\\/\",\"name\":\"LA BRAVA RADIO\",\"description\":\"Empresa productora de medios, Radiodifusi\u00f3n, Noticias, tendencias y todo lo que necesitas saber de la pol\u00edtica mexicana e internacional; entretenimiento, espect\u00e1culos, salud y mucho m\u00e1s.\",\"potentialAction\":[{\"@type\":\"SearchAction\",\"target\":{\"@type\":\"EntryPoint\",\"urlTemplate\":\"https:\\\/\\\/www.bbmnoticias.com\\\/labravaradiofm\\\/?s={search_term_string}\"},\"query-input\":{\"@type\":\"PropertyValueSpecification\",\"valueRequired\":true,\"valueName\":\"search_term_string\"}}],\"inLanguage\":\"es\"},{\"@type\":\"Person\",\"@id\":\"https:\\\/\\\/www.bbmnoticias.com\\\/labravaradiofm\\\/#\\\/schema\\\/person\\\/baf240d77a345f5fbc3dc146f9161af9\",\"name\":\"SDPnoticias\",\"image\":{\"@type\":\"ImageObject\",\"inLanguage\":\"es\",\"@id\":\"https:\\\/\\\/secure.gravatar.com\\\/avatar\\\/015ede9175a06d999d8b2b09e108b48c9e008e4ee44a647956086b51bbce326c?s=96&d=mm&r=g\",\"url\":\"https:\\\/\\\/secure.gravatar.com\\\/avatar\\\/015ede9175a06d999d8b2b09e108b48c9e008e4ee44a647956086b51bbce326c?s=96&d=mm&r=g\",\"contentUrl\":\"https:\\\/\\\/secure.gravatar.com\\\/avatar\\\/015ede9175a06d999d8b2b09e108b48c9e008e4ee44a647956086b51bbce326c?s=96&d=mm&r=g\",\"caption\":\"SDPnoticias\"},\"url\":\"https:\\\/\\\/www.bbmnoticias.com\\\/labravaradiofm\\\/author\\\/sdpnoticias\\\/\"}]}<\/script>\n<!-- \/ Yoast SEO plugin. -->","yoast_head_json":{"title":"Muere Carmen Salinas a los 82 a\u00f1os de edad tras permanecer un mes en coma - LA BRAVA RADIO","robots":{"index":"index","follow":"follow","max-snippet":"max-snippet:-1","max-image-preview":"max-image-preview:large","max-video-preview":"max-video-preview:-1"},"canonical":"https:\/\/www.bbmnoticias.com\/labravaradiofm\/2021\/12\/10\/muere-carmen-salinas-a-los-82-anos-de-edad-tras-permanecer-un-mes-en-coma\/","og_locale":"es_MX","og_type":"article","og_title":"Muere Carmen Salinas a los 82 a\u00f1os de edad tras permanecer un mes en coma - LA BRAVA RADIO","og_description":"La actriz Carmen Salinas muri\u00f3 a los 82 a\u00f1os de edad la noche de este 9 de diciembre, luego de permanecer casi un mes en estado de coma. En su cuenta de Twitter, el productor Juan Osorio inform\u00f3 la muerte de Carmen Salinascon un emotivo mensaje, mismo en el que asegur\u00f3 que la primera actriz [&hellip;]","og_url":"https:\/\/www.bbmnoticias.com\/labravaradiofm\/2021\/12\/10\/muere-carmen-salinas-a-los-82-anos-de-edad-tras-permanecer-un-mes-en-coma\/","og_site_name":"LA BRAVA RADIO","article_published_time":"2021-12-10T15:19:38+00:00","article_modified_time":"2021-12-10T15:19:40+00:00","og_image":[{"width":640,"height":360,"url":"https:\/\/www.bbmnoticias.com\/labravaradiofm\/wp-content\/uploads\/sites\/5\/2021\/12\/carmen-salinas.jpg","type":"image\/jpeg"}],"author":"SDPnoticias","twitter_card":"summary_large_image","twitter_misc":{"Escrito por":"SDPnoticias","Tiempo de lectura":"3 minutos"},"schema":{"@context":"https:\/\/schema.org","@graph":[{"@type":"Article","@id":"https:\/\/www.bbmnoticias.com\/labravaradiofm\/2021\/12\/10\/muere-carmen-salinas-a-los-82-anos-de-edad-tras-permanecer-un-mes-en-coma\/#article","isPartOf":{"@id":"https:\/\/www.bbmnoticias.com\/labravaradiofm\/2021\/12\/10\/muere-carmen-salinas-a-los-82-anos-de-edad-tras-permanecer-un-mes-en-coma\/"},"author":{"name":"SDPnoticias","@id":"https:\/\/www.bbmnoticias.com\/labravaradiofm\/#\/schema\/person\/baf240d77a345f5fbc3dc146f9161af9"},"headline":"Muere Carmen Salinas a los 82 a\u00f1os de edad tras permanecer un mes en coma","datePublished":"2021-12-10T15:19:38+00:00","dateModified":"2021-12-10T15:19:40+00:00","mainEntityOfPage":{"@id":"https:\/\/www.bbmnoticias.com\/labravaradiofm\/2021\/12\/10\/muere-carmen-salinas-a-los-82-anos-de-edad-tras-permanecer-un-mes-en-coma\/"},"wordCount":572,"image":{"@id":"https:\/\/www.bbmnoticias.com\/labravaradiofm\/2021\/12\/10\/muere-carmen-salinas-a-los-82-anos-de-edad-tras-permanecer-un-mes-en-coma\/#primaryimage"},"thumbnailUrl":"https:\/\/www.bbmnoticias.com\/labravaradiofm\/wp-content\/uploads\/sites\/5\/2021\/12\/carmen-salinas.jpg","inLanguage":"es"},{"@type":"WebPage","@id":"https:\/\/www.bbmnoticias.com\/labravaradiofm\/2021\/12\/10\/muere-carmen-salinas-a-los-82-anos-de-edad-tras-permanecer-un-mes-en-coma\/","url":"https:\/\/www.bbmnoticias.com\/labravaradiofm\/2021\/12\/10\/muere-carmen-salinas-a-los-82-anos-de-edad-tras-permanecer-un-mes-en-coma\/","name":"Muere Carmen Salinas a los 82 a\u00f1os de edad tras permanecer un mes en coma - LA BRAVA RADIO","isPartOf":{"@id":"https:\/\/www.bbmnoticias.com\/labravaradiofm\/#website"},"primaryImageOfPage":{"@id":"https:\/\/www.bbmnoticias.com\/labravaradiofm\/2021\/12\/10\/muere-carmen-salinas-a-los-82-anos-de-edad-tras-permanecer-un-mes-en-coma\/#primaryimage"},"image":{"@id":"https:\/\/www.bbmnoticias.com\/labravaradiofm\/2021\/12\/10\/muere-carmen-salinas-a-los-82-anos-de-edad-tras-permanecer-un-mes-en-coma\/#primaryimage"},"thumbnailUrl":"https:\/\/www.bbmnoticias.com\/labravaradiofm\/wp-content\/uploads\/sites\/5\/2021\/12\/carmen-salinas.jpg","datePublished":"2021-12-10T15:19:38+00:00","dateModified":"2021-12-10T15:19:40+00:00","author":{"@id":"https:\/\/www.bbmnoticias.com\/labravaradiofm\/#\/schema\/person\/baf240d77a345f5fbc3dc146f9161af9"},"breadcrumb":{"@id":"https:\/\/www.bbmnoticias.com\/labravaradiofm\/2021\/12\/10\/muere-carmen-salinas-a-los-82-anos-de-edad-tras-permanecer-un-mes-en-coma\/#breadcrumb"},"inLanguage":"es","potentialAction":[{"@type":"ReadAction","target":["https:\/\/www.bbmnoticias.com\/labravaradiofm\/2021\/12\/10\/muere-carmen-salinas-a-los-82-anos-de-edad-tras-permanecer-un-mes-en-coma\/"]}]},{"@type":"ImageObject","inLanguage":"es","@id":"https:\/\/www.bbmnoticias.com\/labravaradiofm\/2021\/12\/10\/muere-carmen-salinas-a-los-82-anos-de-edad-tras-permanecer-un-mes-en-coma\/#primaryimage","url":"https:\/\/www.bbmnoticias.com\/labravaradiofm\/wp-content\/uploads\/sites\/5\/2021\/12\/carmen-salinas.jpg","contentUrl":"https:\/\/www.bbmnoticias.com\/labravaradiofm\/wp-content\/uploads\/sites\/5\/2021\/12\/carmen-salinas.jpg","width":640,"height":360},{"@type":"BreadcrumbList","@id":"https:\/\/www.bbmnoticias.com\/labravaradiofm\/2021\/12\/10\/muere-carmen-salinas-a-los-82-anos-de-edad-tras-permanecer-un-mes-en-coma\/#breadcrumb","itemListElement":[{"@type":"ListItem","position":1,"name":"Inicio","item":"https:\/\/www.bbmnoticias.com\/labravaradiofm\/"},{"@type":"ListItem","position":2,"name":"Muere Carmen Salinas a los 82 a\u00f1os de edad tras permanecer un mes en coma"}]},{"@type":"WebSite","@id":"https:\/\/www.bbmnoticias.com\/labravaradiofm\/#website","url":"https:\/\/www.bbmnoticias.com\/labravaradiofm\/","name":"LA BRAVA RADIO","description":"Empresa productora de medios, Radiodifusi\u00f3n, Noticias, tendencias y todo lo que necesitas saber de la pol\u00edtica mexicana e internacional; entretenimiento, espect\u00e1culos, salud y mucho m\u00e1s.","potentialAction":[{"@type":"SearchAction","target":{"@type":"EntryPoint","urlTemplate":"https:\/\/www.bbmnoticias.com\/labravaradiofm\/?s={search_term_string}"},"query-input":{"@type":"PropertyValueSpecification","valueRequired":true,"valueName":"search_term_string"}}],"inLanguage":"es"},{"@type":"Person","@id":"https:\/\/www.bbmnoticias.com\/labravaradiofm\/#\/schema\/person\/baf240d77a345f5fbc3dc146f9161af9","name":"SDPnoticias","image":{"@type":"ImageObject","inLanguage":"es","@id":"https:\/\/secure.gravatar.com\/avatar\/015ede9175a06d999d8b2b09e108b48c9e008e4ee44a647956086b51bbce326c?s=96&d=mm&r=g","url":"https:\/\/secure.gravatar.com\/avatar\/015ede9175a06d999d8b2b09e108b48c9e008e4ee44a647956086b51bbce326c?s=96&d=mm&r=g","contentUrl":"https:\/\/secure.gravatar.com\/avatar\/015ede9175a06d999d8b2b09e108b48c9e008e4ee44a647956086b51bbce326c?s=96&d=mm&r=g","caption":"SDPnoticias"},"url":"https:\/\/www.bbmnoticias.com\/labravaradiofm\/author\/sdpnoticias\/"}]}},"_links":{"self":[{"href":"https:\/\/www.bbmnoticias.com\/labravaradiofm\/wp-json\/wp\/v2\/posts\/6941","targetHints":{"allow":["GET"]}}],"collection":[{"href":"https:\/\/www.bbmnoticias.com\/labravaradiofm\/wp-json\/wp\/v2\/posts"}],"about":[{"href":"https:\/\/www.bbmnoticias.com\/labravaradiofm\/wp-json\/wp\/v2\/types\/post"}],"author":[{"embeddable":true,"href":"https:\/\/www.bbmnoticias.com\/labravaradiofm\/wp-json\/wp\/v2\/users\/12"}],"replies":[{"embeddable":true,"href":"https:\/\/www.bbmnoticias.com\/labravaradiofm\/wp-json\/wp\/v2\/comments?post=6941"}],"version-history":[{"count":0,"href":"https:\/\/www.bbmnoticias.com\/labravaradiofm\/wp-json\/wp\/v2\/posts\/6941\/revisions"}],"wp:featuredmedia":[{"embeddable":true,"href":"https:\/\/www.bbmnoticias.com\/labravaradiofm\/wp-json\/wp\/v2\/media\/6942"}],"wp:attachment":[{"href":"https:\/\/www.bbmnoticias.com\/labravaradiofm\/wp-json\/wp\/v2\/media?parent=6941"}],"wp:term":[{"taxonomy":"category","embeddable":true,"href":"https:\/\/www.bbmnoticias.com\/labravaradiofm\/wp-json\/wp\/v2\/categories?post=6941"},{"taxonomy":"post_tag","embeddable":true,"href":"https:\/\/www.bbmnoticias.com\/labravaradiofm\/wp-json\/wp\/v2\/tags?post=6941"}],"curies":[{"name":"wp","href":"https:\/\/api.w.org\/{rel}","templated":true}]}}