{"id":69261,"date":"2025-11-04T15:33:51","date_gmt":"2025-11-04T21:33:51","guid":{"rendered":"https:\/\/www.bbmnoticias.com\/labravaradiofm\/2025\/11\/04\/policia-municipal-detienen-a-una-persona-por-el-presunto-delito-de-danos\/"},"modified":"2025-11-04T15:33:58","modified_gmt":"2025-11-04T21:33:58","slug":"policia-municipal-detienen-a-una-persona-por-el-presunto-delito-de-danos","status":"publish","type":"post","link":"https:\/\/www.bbmnoticias.com\/labravaradiofm\/2025\/11\/04\/policia-municipal-detienen-a-una-persona-por-el-presunto-delito-de-danos\/","title":{"rendered":"Polic\u00eda Municipal detienen a una persona por el presunto delito de da\u00f1os"},"content":{"rendered":"<div style=\"margin-top: 0px; margin-bottom: 0px;\" class=\"sharethis-inline-share-buttons\" ><\/div>\n<p>Oaxaca de Ju\u00e1rez, Oax.- En un hotel del centro de la ciudad, polic\u00edas de Oaxaca de Ju\u00e1rez efectuaron la detenci\u00f3n de una persona al ser se\u00f1alada como presunta responsable del delito de da\u00f1os.<\/p>\n\n\n\n<p>El martes a las 04:55 horas, el C-4 alert\u00f3 al personal de la Secretar\u00eda de Seguridad Vecinal para brindar un auxilio en un hotel ubicado en la calle Miguel Cabrera esquina Aldama.<\/p>\n\n\n\n<p>Una vez en el lugar, fueron abordados por la recepcionista, quien les autoriz\u00f3 el ingreso y se\u00f1al\u00f3 a un sujeto que se hallaba en las escaleras que conducen a la segunda planta.<\/p>\n\n\n\n<p>La empleada dijo que momentos antes, el sujeto ingres\u00f3 de manera violenta, por lo cual da\u00f1\u00f3 el pasador de la puerta principal, indicando que era seguido por algunas personas, por lo cual decidi\u00f3 ingresar para ocultarse.<\/p>\n\n\n\n<p>Sin embargo, no acept\u00f3 cubrir el da\u00f1o, por lo cual pidi\u00f3 ayuda policial y solicit\u00f3 la detenci\u00f3n de quien dijo llamarse \u00d3scar A. Z., de 44 a\u00f1os, quien fue consignado a la Fiscal\u00eda General del Estado como presunto responsable del delito de da\u00f1os.<\/p>\n","protected":false},"excerpt":{"rendered":"<p>Oaxaca de Ju\u00e1rez, Oax.- En un hotel del centro de la ciudad, polic\u00edas de Oaxaca de Ju\u00e1rez efectuaron la detenci\u00f3n de una persona al ser se\u00f1alada como presunta responsable del delito de da\u00f1os. El martes a las 04:55 horas, el C-4 alert\u00f3 al personal de la Secretar\u00eda de Seguridad Vecinal para brindar un auxilio en [&hellip;]<\/p>\n","protected":false},"author":2,"featured_media":69263,"comment_status":"closed","ping_status":"","sticky":false,"template":"","format":"standard","meta":{"footnotes":""},"categories":[2,20],"tags":[],"class_list":{"0":"post-69261","1":"post","2":"type-post","3":"status-publish","4":"format-standard","5":"has-post-thumbnail","7":"category-oaxaca","8":"category-policiaca"},"yoast_head":"<!-- This site is optimized with the Yoast SEO plugin v27.4 - https:\/\/yoast.com\/product\/yoast-seo-wordpress\/ -->\n<title>Polic\u00eda Municipal detienen a una persona por el presunto delito de da\u00f1os - LA BRAVA RADIO<\/title>\n<meta name=\"robots\" content=\"index, follow, max-snippet:-1, max-image-preview:large, max-video-preview:-1\" \/>\n<link rel=\"canonical\" href=\"https:\/\/www.bbmnoticias.com\/policia-municipal-detienen-a-una-persona-por-el-presunto-delito-de-danos\/\" \/>\n<meta property=\"og:locale\" content=\"es_MX\" \/>\n<meta property=\"og:type\" content=\"article\" \/>\n<meta property=\"og:title\" content=\"Polic\u00eda Municipal detienen a una persona por el presunto delito de da\u00f1os - LA BRAVA RADIO\" \/>\n<meta property=\"og:description\" content=\"Oaxaca de Ju\u00e1rez, Oax.- En un hotel del centro de la ciudad, polic\u00edas de Oaxaca de Ju\u00e1rez efectuaron la detenci\u00f3n de una persona al ser se\u00f1alada como presunta responsable del delito de da\u00f1os. El martes a las 04:55 horas, el C-4 alert\u00f3 al personal de la Secretar\u00eda de Seguridad Vecinal para brindar un auxilio en [&hellip;]\" \/>\n<meta property=\"og:url\" content=\"https:\/\/www.bbmnoticias.com\/policia-municipal-detienen-a-una-persona-por-el-presunto-delito-de-danos\/\" \/>\n<meta property=\"og:site_name\" content=\"LA BRAVA RADIO\" \/>\n<meta property=\"article:published_time\" content=\"2025-11-04T21:33:51+00:00\" \/>\n<meta property=\"article:modified_time\" content=\"2025-11-04T21:33:58+00:00\" \/>\n<meta property=\"og:image\" content=\"https:\/\/www.bbmnoticias.com\/labravaradiofm\/wp-content\/uploads\/sites\/5\/2025\/11\/presunto_agresor.jpg\" \/>\n\t<meta property=\"og:image:width\" content=\"800\" \/>\n\t<meta property=\"og:image:height\" content=\"450\" \/>\n\t<meta property=\"og:image:type\" content=\"image\/jpeg\" \/>\n<meta name=\"author\" content=\"Staff\" \/>\n<meta name=\"twitter:card\" content=\"summary_large_image\" \/>\n<meta name=\"twitter:label1\" content=\"Escrito por\" \/>\n\t<meta name=\"twitter:data1\" content=\"Staff\" \/>\n\t<meta name=\"twitter:label2\" content=\"Tiempo de lectura\" \/>\n\t<meta name=\"twitter:data2\" content=\"1 minuto\" \/>\n<script type=\"application\/ld+json\" class=\"yoast-schema-graph\">{\"@context\":\"https:\\\/\\\/schema.org\",\"@graph\":[{\"@type\":\"Article\",\"@id\":\"https:\\\/\\\/www.bbmnoticias.com\\\/policia-municipal-detienen-a-una-persona-por-el-presunto-delito-de-danos\\\/#article\",\"isPartOf\":{\"@id\":\"https:\\\/\\\/www.bbmnoticias.com\\\/labravaradiofm\\\/2025\\\/11\\\/04\\\/policia-municipal-detienen-a-una-persona-por-el-presunto-delito-de-danos\\\/\"},\"author\":{\"name\":\"Staff\",\"@id\":\"https:\\\/\\\/www.bbmnoticias.com\\\/labravaradiofm\\\/#\\\/schema\\\/person\\\/34b139c617a70ea5bef5678bffe4dd7b\"},\"headline\":\"Polic\u00eda Municipal detienen a una persona por el presunto delito de da\u00f1os\",\"datePublished\":\"2025-11-04T21:33:51+00:00\",\"dateModified\":\"2025-11-04T21:33:58+00:00\",\"mainEntityOfPage\":{\"@id\":\"https:\\\/\\\/www.bbmnoticias.com\\\/labravaradiofm\\\/2025\\\/11\\\/04\\\/policia-municipal-detienen-a-una-persona-por-el-presunto-delito-de-danos\\\/\"},\"wordCount\":202,\"image\":{\"@id\":\"https:\\\/\\\/www.bbmnoticias.com\\\/policia-municipal-detienen-a-una-persona-por-el-presunto-delito-de-danos\\\/#primaryimage\"},\"thumbnailUrl\":\"https:\\\/\\\/www.bbmnoticias.com\\\/labravaradiofm\\\/wp-content\\\/uploads\\\/sites\\\/5\\\/2025\\\/11\\\/presunto_agresor.jpg\",\"articleSection\":[\"LOCAL\",\"POLICIACA\"],\"inLanguage\":\"es\"},{\"@type\":\"WebPage\",\"@id\":\"https:\\\/\\\/www.bbmnoticias.com\\\/labravaradiofm\\\/2025\\\/11\\\/04\\\/policia-municipal-detienen-a-una-persona-por-el-presunto-delito-de-danos\\\/\",\"url\":\"https:\\\/\\\/www.bbmnoticias.com\\\/policia-municipal-detienen-a-una-persona-por-el-presunto-delito-de-danos\\\/\",\"name\":\"Polic\u00eda Municipal detienen a una persona por el presunto delito de da\u00f1os - LA BRAVA RADIO\",\"isPartOf\":{\"@id\":\"https:\\\/\\\/www.bbmnoticias.com\\\/labravaradiofm\\\/#website\"},\"primaryImageOfPage\":{\"@id\":\"https:\\\/\\\/www.bbmnoticias.com\\\/policia-municipal-detienen-a-una-persona-por-el-presunto-delito-de-danos\\\/#primaryimage\"},\"image\":{\"@id\":\"https:\\\/\\\/www.bbmnoticias.com\\\/policia-municipal-detienen-a-una-persona-por-el-presunto-delito-de-danos\\\/#primaryimage\"},\"thumbnailUrl\":\"https:\\\/\\\/www.bbmnoticias.com\\\/labravaradiofm\\\/wp-content\\\/uploads\\\/sites\\\/5\\\/2025\\\/11\\\/presunto_agresor.jpg\",\"datePublished\":\"2025-11-04T21:33:51+00:00\",\"dateModified\":\"2025-11-04T21:33:58+00:00\",\"author\":{\"@id\":\"https:\\\/\\\/www.bbmnoticias.com\\\/labravaradiofm\\\/#\\\/schema\\\/person\\\/34b139c617a70ea5bef5678bffe4dd7b\"},\"breadcrumb\":{\"@id\":\"https:\\\/\\\/www.bbmnoticias.com\\\/policia-municipal-detienen-a-una-persona-por-el-presunto-delito-de-danos\\\/#breadcrumb\"},\"inLanguage\":\"es\",\"potentialAction\":[{\"@type\":\"ReadAction\",\"target\":[\"https:\\\/\\\/www.bbmnoticias.com\\\/policia-municipal-detienen-a-una-persona-por-el-presunto-delito-de-danos\\\/\"]}]},{\"@type\":\"ImageObject\",\"inLanguage\":\"es\",\"@id\":\"https:\\\/\\\/www.bbmnoticias.com\\\/policia-municipal-detienen-a-una-persona-por-el-presunto-delito-de-danos\\\/#primaryimage\",\"url\":\"https:\\\/\\\/www.bbmnoticias.com\\\/labravaradiofm\\\/wp-content\\\/uploads\\\/sites\\\/5\\\/2025\\\/11\\\/presunto_agresor.jpg\",\"contentUrl\":\"https:\\\/\\\/www.bbmnoticias.com\\\/labravaradiofm\\\/wp-content\\\/uploads\\\/sites\\\/5\\\/2025\\\/11\\\/presunto_agresor.jpg\",\"width\":800,\"height\":450},{\"@type\":\"BreadcrumbList\",\"@id\":\"https:\\\/\\\/www.bbmnoticias.com\\\/policia-municipal-detienen-a-una-persona-por-el-presunto-delito-de-danos\\\/#breadcrumb\",\"itemListElement\":[{\"@type\":\"ListItem\",\"position\":1,\"name\":\"Inicio\",\"item\":\"https:\\\/\\\/www.bbmnoticias.com\\\/labravaradiofm\\\/\"},{\"@type\":\"ListItem\",\"position\":2,\"name\":\"Polic\u00eda Municipal detienen a una persona por el presunto delito de da\u00f1os\"}]},{\"@type\":\"WebSite\",\"@id\":\"https:\\\/\\\/www.bbmnoticias.com\\\/labravaradiofm\\\/#website\",\"url\":\"https:\\\/\\\/www.bbmnoticias.com\\\/labravaradiofm\\\/\",\"name\":\"LA BRAVA RADIO\",\"description\":\"Empresa productora de medios, Radiodifusi\u00f3n, Noticias, tendencias y todo lo que necesitas saber de la pol\u00edtica mexicana e internacional; entretenimiento, espect\u00e1culos, salud y mucho m\u00e1s.\",\"potentialAction\":[{\"@type\":\"SearchAction\",\"target\":{\"@type\":\"EntryPoint\",\"urlTemplate\":\"https:\\\/\\\/www.bbmnoticias.com\\\/labravaradiofm\\\/?s={search_term_string}\"},\"query-input\":{\"@type\":\"PropertyValueSpecification\",\"valueRequired\":true,\"valueName\":\"search_term_string\"}}],\"inLanguage\":\"es\"},{\"@type\":\"Person\",\"@id\":\"https:\\\/\\\/www.bbmnoticias.com\\\/labravaradiofm\\\/#\\\/schema\\\/person\\\/34b139c617a70ea5bef5678bffe4dd7b\",\"name\":\"Staff\",\"image\":{\"@type\":\"ImageObject\",\"inLanguage\":\"es\",\"@id\":\"https:\\\/\\\/secure.gravatar.com\\\/avatar\\\/fdd21ad66fd8b98c407f9dee5b5e588cfe7f0d8579ec20fa6527cd59bab7f0f0?s=96&d=mm&r=g\",\"url\":\"https:\\\/\\\/secure.gravatar.com\\\/avatar\\\/fdd21ad66fd8b98c407f9dee5b5e588cfe7f0d8579ec20fa6527cd59bab7f0f0?s=96&d=mm&r=g\",\"contentUrl\":\"https:\\\/\\\/secure.gravatar.com\\\/avatar\\\/fdd21ad66fd8b98c407f9dee5b5e588cfe7f0d8579ec20fa6527cd59bab7f0f0?s=96&d=mm&r=g\",\"caption\":\"Staff\"},\"url\":\"https:\\\/\\\/www.bbmnoticias.com\\\/labravaradiofm\\\/author\\\/redaccion\\\/\"}]}<\/script>\n<!-- \/ Yoast SEO plugin. -->","yoast_head_json":{"title":"Polic\u00eda Municipal detienen a una persona por el presunto delito de da\u00f1os - LA BRAVA RADIO","robots":{"index":"index","follow":"follow","max-snippet":"max-snippet:-1","max-image-preview":"max-image-preview:large","max-video-preview":"max-video-preview:-1"},"canonical":"https:\/\/www.bbmnoticias.com\/policia-municipal-detienen-a-una-persona-por-el-presunto-delito-de-danos\/","og_locale":"es_MX","og_type":"article","og_title":"Polic\u00eda Municipal detienen a una persona por el presunto delito de da\u00f1os - LA BRAVA RADIO","og_description":"Oaxaca de Ju\u00e1rez, Oax.- En un hotel del centro de la ciudad, polic\u00edas de Oaxaca de Ju\u00e1rez efectuaron la detenci\u00f3n de una persona al ser se\u00f1alada como presunta responsable del delito de da\u00f1os. El martes a las 04:55 horas, el C-4 alert\u00f3 al personal de la Secretar\u00eda de Seguridad Vecinal para brindar un auxilio en [&hellip;]","og_url":"https:\/\/www.bbmnoticias.com\/policia-municipal-detienen-a-una-persona-por-el-presunto-delito-de-danos\/","og_site_name":"LA BRAVA RADIO","article_published_time":"2025-11-04T21:33:51+00:00","article_modified_time":"2025-11-04T21:33:58+00:00","og_image":[{"width":800,"height":450,"url":"https:\/\/www.bbmnoticias.com\/labravaradiofm\/wp-content\/uploads\/sites\/5\/2025\/11\/presunto_agresor.jpg","type":"image\/jpeg"}],"author":"Staff","twitter_card":"summary_large_image","twitter_misc":{"Escrito por":"Staff","Tiempo de lectura":"1 minuto"},"schema":{"@context":"https:\/\/schema.org","@graph":[{"@type":"Article","@id":"https:\/\/www.bbmnoticias.com\/policia-municipal-detienen-a-una-persona-por-el-presunto-delito-de-danos\/#article","isPartOf":{"@id":"https:\/\/www.bbmnoticias.com\/labravaradiofm\/2025\/11\/04\/policia-municipal-detienen-a-una-persona-por-el-presunto-delito-de-danos\/"},"author":{"name":"Staff","@id":"https:\/\/www.bbmnoticias.com\/labravaradiofm\/#\/schema\/person\/34b139c617a70ea5bef5678bffe4dd7b"},"headline":"Polic\u00eda Municipal detienen a una persona por el presunto delito de da\u00f1os","datePublished":"2025-11-04T21:33:51+00:00","dateModified":"2025-11-04T21:33:58+00:00","mainEntityOfPage":{"@id":"https:\/\/www.bbmnoticias.com\/labravaradiofm\/2025\/11\/04\/policia-municipal-detienen-a-una-persona-por-el-presunto-delito-de-danos\/"},"wordCount":202,"image":{"@id":"https:\/\/www.bbmnoticias.com\/policia-municipal-detienen-a-una-persona-por-el-presunto-delito-de-danos\/#primaryimage"},"thumbnailUrl":"https:\/\/www.bbmnoticias.com\/labravaradiofm\/wp-content\/uploads\/sites\/5\/2025\/11\/presunto_agresor.jpg","articleSection":["LOCAL","POLICIACA"],"inLanguage":"es"},{"@type":"WebPage","@id":"https:\/\/www.bbmnoticias.com\/labravaradiofm\/2025\/11\/04\/policia-municipal-detienen-a-una-persona-por-el-presunto-delito-de-danos\/","url":"https:\/\/www.bbmnoticias.com\/policia-municipal-detienen-a-una-persona-por-el-presunto-delito-de-danos\/","name":"Polic\u00eda Municipal detienen a una persona por el presunto delito de da\u00f1os - LA BRAVA RADIO","isPartOf":{"@id":"https:\/\/www.bbmnoticias.com\/labravaradiofm\/#website"},"primaryImageOfPage":{"@id":"https:\/\/www.bbmnoticias.com\/policia-municipal-detienen-a-una-persona-por-el-presunto-delito-de-danos\/#primaryimage"},"image":{"@id":"https:\/\/www.bbmnoticias.com\/policia-municipal-detienen-a-una-persona-por-el-presunto-delito-de-danos\/#primaryimage"},"thumbnailUrl":"https:\/\/www.bbmnoticias.com\/labravaradiofm\/wp-content\/uploads\/sites\/5\/2025\/11\/presunto_agresor.jpg","datePublished":"2025-11-04T21:33:51+00:00","dateModified":"2025-11-04T21:33:58+00:00","author":{"@id":"https:\/\/www.bbmnoticias.com\/labravaradiofm\/#\/schema\/person\/34b139c617a70ea5bef5678bffe4dd7b"},"breadcrumb":{"@id":"https:\/\/www.bbmnoticias.com\/policia-municipal-detienen-a-una-persona-por-el-presunto-delito-de-danos\/#breadcrumb"},"inLanguage":"es","potentialAction":[{"@type":"ReadAction","target":["https:\/\/www.bbmnoticias.com\/policia-municipal-detienen-a-una-persona-por-el-presunto-delito-de-danos\/"]}]},{"@type":"ImageObject","inLanguage":"es","@id":"https:\/\/www.bbmnoticias.com\/policia-municipal-detienen-a-una-persona-por-el-presunto-delito-de-danos\/#primaryimage","url":"https:\/\/www.bbmnoticias.com\/labravaradiofm\/wp-content\/uploads\/sites\/5\/2025\/11\/presunto_agresor.jpg","contentUrl":"https:\/\/www.bbmnoticias.com\/labravaradiofm\/wp-content\/uploads\/sites\/5\/2025\/11\/presunto_agresor.jpg","width":800,"height":450},{"@type":"BreadcrumbList","@id":"https:\/\/www.bbmnoticias.com\/policia-municipal-detienen-a-una-persona-por-el-presunto-delito-de-danos\/#breadcrumb","itemListElement":[{"@type":"ListItem","position":1,"name":"Inicio","item":"https:\/\/www.bbmnoticias.com\/labravaradiofm\/"},{"@type":"ListItem","position":2,"name":"Polic\u00eda Municipal detienen a una persona por el presunto delito de da\u00f1os"}]},{"@type":"WebSite","@id":"https:\/\/www.bbmnoticias.com\/labravaradiofm\/#website","url":"https:\/\/www.bbmnoticias.com\/labravaradiofm\/","name":"LA BRAVA RADIO","description":"Empresa productora de medios, Radiodifusi\u00f3n, Noticias, tendencias y todo lo que necesitas saber de la pol\u00edtica mexicana e internacional; entretenimiento, espect\u00e1culos, salud y mucho m\u00e1s.","potentialAction":[{"@type":"SearchAction","target":{"@type":"EntryPoint","urlTemplate":"https:\/\/www.bbmnoticias.com\/labravaradiofm\/?s={search_term_string}"},"query-input":{"@type":"PropertyValueSpecification","valueRequired":true,"valueName":"search_term_string"}}],"inLanguage":"es"},{"@type":"Person","@id":"https:\/\/www.bbmnoticias.com\/labravaradiofm\/#\/schema\/person\/34b139c617a70ea5bef5678bffe4dd7b","name":"Staff","image":{"@type":"ImageObject","inLanguage":"es","@id":"https:\/\/secure.gravatar.com\/avatar\/fdd21ad66fd8b98c407f9dee5b5e588cfe7f0d8579ec20fa6527cd59bab7f0f0?s=96&d=mm&r=g","url":"https:\/\/secure.gravatar.com\/avatar\/fdd21ad66fd8b98c407f9dee5b5e588cfe7f0d8579ec20fa6527cd59bab7f0f0?s=96&d=mm&r=g","contentUrl":"https:\/\/secure.gravatar.com\/avatar\/fdd21ad66fd8b98c407f9dee5b5e588cfe7f0d8579ec20fa6527cd59bab7f0f0?s=96&d=mm&r=g","caption":"Staff"},"url":"https:\/\/www.bbmnoticias.com\/labravaradiofm\/author\/redaccion\/"}]}},"_links":{"self":[{"href":"https:\/\/www.bbmnoticias.com\/labravaradiofm\/wp-json\/wp\/v2\/posts\/69261","targetHints":{"allow":["GET"]}}],"collection":[{"href":"https:\/\/www.bbmnoticias.com\/labravaradiofm\/wp-json\/wp\/v2\/posts"}],"about":[{"href":"https:\/\/www.bbmnoticias.com\/labravaradiofm\/wp-json\/wp\/v2\/types\/post"}],"author":[{"embeddable":true,"href":"https:\/\/www.bbmnoticias.com\/labravaradiofm\/wp-json\/wp\/v2\/users\/2"}],"replies":[{"embeddable":true,"href":"https:\/\/www.bbmnoticias.com\/labravaradiofm\/wp-json\/wp\/v2\/comments?post=69261"}],"version-history":[{"count":0,"href":"https:\/\/www.bbmnoticias.com\/labravaradiofm\/wp-json\/wp\/v2\/posts\/69261\/revisions"}],"wp:featuredmedia":[{"embeddable":true,"href":"https:\/\/www.bbmnoticias.com\/labravaradiofm\/wp-json\/wp\/v2\/media\/69263"}],"wp:attachment":[{"href":"https:\/\/www.bbmnoticias.com\/labravaradiofm\/wp-json\/wp\/v2\/media?parent=69261"}],"wp:term":[{"taxonomy":"category","embeddable":true,"href":"https:\/\/www.bbmnoticias.com\/labravaradiofm\/wp-json\/wp\/v2\/categories?post=69261"},{"taxonomy":"post_tag","embeddable":true,"href":"https:\/\/www.bbmnoticias.com\/labravaradiofm\/wp-json\/wp\/v2\/tags?post=69261"}],"curies":[{"name":"wp","href":"https:\/\/api.w.org\/{rel}","templated":true}]}}