{"id":6926,"date":"2021-12-09T19:14:20","date_gmt":"2021-12-10T01:14:20","guid":{"rendered":"https:\/\/www.bbmnoticias.com\/labravaradiofm\/?p=6926"},"modified":"2021-12-09T19:16:36","modified_gmt":"2021-12-10T01:16:36","slug":"contribuir-al-desarrollo-integral-de-nuestras-ninas-ninos-y-adolescentes-es-un-compromiso-vital-del-dif-oaxaca-que-estamos-cumpliendo-desde-el-primer-dia-de-esta-administracion-imm","status":"publish","type":"post","link":"https:\/\/www.bbmnoticias.com\/labravaradiofm\/2021\/12\/09\/contribuir-al-desarrollo-integral-de-nuestras-ninas-ninos-y-adolescentes-es-un-compromiso-vital-del-dif-oaxaca-que-estamos-cumpliendo-desde-el-primer-dia-de-esta-administracion-imm\/","title":{"rendered":"Contribuir al desarrollo integral de nuestras ni\u00f1as, ni\u00f1os y adolescentes, es un compromiso vital del DIF Oaxaca, que estamos cumpliendo desde el primer d\u00eda de esta administraci\u00f3n: IMM"},"content":{"rendered":"<div style=\"margin-top: 0px; margin-bottom: 0px;\" class=\"sharethis-inline-share-buttons\" ><\/div>\n<p>La administraci\u00f3n que encabeza el gobernador del Estado, Alejandro Murat Hinojosa, mantiene su compromiso primordial de proteger y salvaguardar la integridad y desarrollo de los sectores m\u00e1s vulnerables, principalmente, de las ni\u00f1as, ni\u00f1os y adolescentes de las ocho regiones de la entidad, a trav\u00e9s de acciones y programas que dan cumplimiento a uno de los ejes m\u00e1s importantes, el \u201cEje I: Oaxaca Incluyente con Desarrollo Social\u201d, del Plan Estatal de Desarrollo 2016 \u2013 2022.<\/p>\n\n\n\n<p>En este sentido, y encabezados por la presidenta honoraria del Sistema para el Desarrollo Integral de la Familia (DIF) Oaxaca, Mtra. Ivette Mor\u00e1n de Murat, en compa\u00f1\u00eda del director general de dicha instituci\u00f3n, Christian Holm Rodr\u00edguez visit\u00f3 el&nbsp;&nbsp;Albergue Infantil \u201cJosefino A.C.\u201d, instituci\u00f3n que da servicios asistenciales a ni\u00f1as, ni\u00f1os y adolescentes, en situaci\u00f3n de vulnerabilidad en nuestro estado, desde el a\u00f1o 1993.<\/p>\n\n\n\n<p>\u201cEstoy aqu\u00ed en el albergue \u201cJosefino\u201d, en esta gran instituci\u00f3n que lleva trabajando muchos a\u00f1os en favor de la ni\u00f1ez de nuestro Estado. Agradezco a las madres que est\u00e1n aqu\u00ed con nosotros, en algunas de nuestras visitas anteriores hicimos el compromiso de poderles traer unos juegos nuevos, que estamos inaugurando el d\u00eda de hoy. Tambi\u00e9n estamos entregando juguetes, porque se portan muy bien estos ni\u00f1os y ni\u00f1as. Y tambi\u00e9n les trajimos por parte de Genomma Lab, un apoyo de shampoos, de medicamentos, que tan noblemente nos don\u00f3 esta empresa al DIF Estatal. De igual forma, el Sistema DIF tambi\u00e9n colabor\u00f3 con cubrebocas, porque hay que seguir cuid\u00e1ndonos antes esta pandemia\u201d, se\u00f1al\u00f3 Mor\u00e1n de Murat.<\/p>\n\n\n\n<p>Por su parte, Christian Holm, celebr\u00f3 la entrega de juegos infantiles, kits de higiene personal, cubrebocas, material desinfectante y medicamentos. \u201cEn el DIF Oaxaca continuamos trabajando d\u00eda con d\u00eda, nos hemos adaptado a la nueva normalidad y hemos emigrado al uso eficiente de las plataformas digitales para dar atenci\u00f3n inmediata a las solicitudes de las y los oaxaque\u00f1os; Somos un DIF comprometido, un DIF que trabaja en favor de quien m\u00e1s nos necesita, muestra de ello, la entrega de estos apoyos\u201d, asent\u00f3.<\/p>\n\n\n\n<p>Cabe destacar que la presidenta honoraria del Sistema DIF Oaxaca, Ivette Mor\u00e1n, se mostr\u00f3 feliz de poder colaborar con el fortalecimiento de este albergue, ya que, gracias a ellos, parte de la ni\u00f1ez oaxaque\u00f1a, puede recibir atenci\u00f3n en materia de albergue, salud, alimentaci\u00f3n, educaci\u00f3n y encarg\u00e1ndose de su formaci\u00f3n en general, de forma incluyente y solidaria, para poder contar con las herramientas necesarias y as\u00ed, poder desenvolverse en nuestra sociedad de forma \u00edntegra.<\/p>\n\n\n\n<p>Con estas acciones, promovemos una mejor calidad de vida en beneficio de las y los oaxaque\u00f1os. Oaxaca sigue creciendo.<\/p>\n","protected":false},"excerpt":{"rendered":"<p>La administraci\u00f3n que encabeza el gobernador del Estado, Alejandro Murat Hinojosa, mantiene su compromiso primordial de proteger y salvaguardar la integridad y desarrollo de los sectores m\u00e1s vulnerables, principalmente, de las ni\u00f1as, ni\u00f1os y adolescentes de las ocho regiones de la entidad, a trav\u00e9s de acciones y programas que dan cumplimiento a uno de los [&hellip;]<\/p>\n","protected":false},"author":2,"featured_media":6927,"comment_status":"closed","ping_status":"closed","sticky":false,"template":"","format":"standard","meta":{"footnotes":""},"categories":[2],"tags":[],"class_list":{"0":"post-6926","1":"post","2":"type-post","3":"status-publish","4":"format-standard","5":"has-post-thumbnail","7":"category-oaxaca"},"yoast_head":"<!-- This site is optimized with the Yoast SEO plugin v27.4 - https:\/\/yoast.com\/product\/yoast-seo-wordpress\/ -->\n<title>Contribuir al desarrollo integral de nuestras ni\u00f1as, ni\u00f1os y adolescentes, es un compromiso vital del DIF Oaxaca, que estamos cumpliendo desde el primer d\u00eda de esta administraci\u00f3n: IMM - LA BRAVA RADIO<\/title>\n<meta name=\"robots\" content=\"index, follow, max-snippet:-1, max-image-preview:large, max-video-preview:-1\" \/>\n<link rel=\"canonical\" href=\"https:\/\/www.bbmnoticias.com\/labravaradiofm\/2021\/12\/09\/contribuir-al-desarrollo-integral-de-nuestras-ninas-ninos-y-adolescentes-es-un-compromiso-vital-del-dif-oaxaca-que-estamos-cumpliendo-desde-el-primer-dia-de-esta-administracion-imm\/\" \/>\n<meta property=\"og:locale\" content=\"es_MX\" \/>\n<meta property=\"og:type\" content=\"article\" \/>\n<meta property=\"og:title\" content=\"Contribuir al desarrollo integral de nuestras ni\u00f1as, ni\u00f1os y adolescentes, es un compromiso vital del DIF Oaxaca, que estamos cumpliendo desde el primer d\u00eda de esta administraci\u00f3n: IMM - LA BRAVA RADIO\" \/>\n<meta property=\"og:description\" content=\"La administraci\u00f3n que encabeza el gobernador del Estado, Alejandro Murat Hinojosa, mantiene su compromiso primordial de proteger y salvaguardar la integridad y desarrollo de los sectores m\u00e1s vulnerables, principalmente, de las ni\u00f1as, ni\u00f1os y adolescentes de las ocho regiones de la entidad, a trav\u00e9s de acciones y programas que dan cumplimiento a uno de los [&hellip;]\" \/>\n<meta property=\"og:url\" content=\"https:\/\/www.bbmnoticias.com\/labravaradiofm\/2021\/12\/09\/contribuir-al-desarrollo-integral-de-nuestras-ninas-ninos-y-adolescentes-es-un-compromiso-vital-del-dif-oaxaca-que-estamos-cumpliendo-desde-el-primer-dia-de-esta-administracion-imm\/\" \/>\n<meta property=\"og:site_name\" content=\"LA BRAVA RADIO\" \/>\n<meta property=\"article:published_time\" content=\"2021-12-10T01:14:20+00:00\" \/>\n<meta property=\"article:modified_time\" content=\"2021-12-10T01:16:36+00:00\" \/>\n<meta property=\"og:image\" content=\"https:\/\/www.bbmnoticias.com\/labravaradiofm\/wp-content\/uploads\/sites\/5\/2021\/12\/l09122021-7.jpeg\" \/>\n\t<meta property=\"og:image:width\" content=\"1024\" \/>\n\t<meta property=\"og:image:height\" content=\"682\" \/>\n\t<meta property=\"og:image:type\" content=\"image\/jpeg\" \/>\n<meta name=\"author\" content=\"Staff\" \/>\n<meta name=\"twitter:card\" content=\"summary_large_image\" \/>\n<meta name=\"twitter:label1\" content=\"Escrito por\" \/>\n\t<meta name=\"twitter:data1\" content=\"Staff\" \/>\n\t<meta name=\"twitter:label2\" content=\"Tiempo de lectura\" \/>\n\t<meta name=\"twitter:data2\" content=\"2 minutos\" \/>\n<script type=\"application\/ld+json\" class=\"yoast-schema-graph\">{\"@context\":\"https:\\\/\\\/schema.org\",\"@graph\":[{\"@type\":\"Article\",\"@id\":\"https:\\\/\\\/www.bbmnoticias.com\\\/labravaradiofm\\\/2021\\\/12\\\/09\\\/contribuir-al-desarrollo-integral-de-nuestras-ninas-ninos-y-adolescentes-es-un-compromiso-vital-del-dif-oaxaca-que-estamos-cumpliendo-desde-el-primer-dia-de-esta-administracion-imm\\\/#article\",\"isPartOf\":{\"@id\":\"https:\\\/\\\/www.bbmnoticias.com\\\/labravaradiofm\\\/2021\\\/12\\\/09\\\/contribuir-al-desarrollo-integral-de-nuestras-ninas-ninos-y-adolescentes-es-un-compromiso-vital-del-dif-oaxaca-que-estamos-cumpliendo-desde-el-primer-dia-de-esta-administracion-imm\\\/\"},\"author\":{\"name\":\"Staff\",\"@id\":\"https:\\\/\\\/www.bbmnoticias.com\\\/labravaradiofm\\\/#\\\/schema\\\/person\\\/68a9e9036ef3c5b55aeb2b71dc8bab45\"},\"headline\":\"Contribuir al desarrollo integral de nuestras ni\u00f1as, ni\u00f1os y adolescentes, es un compromiso vital del DIF Oaxaca, que estamos cumpliendo desde el primer d\u00eda de esta administraci\u00f3n: IMM\",\"datePublished\":\"2021-12-10T01:14:20+00:00\",\"dateModified\":\"2021-12-10T01:16:36+00:00\",\"mainEntityOfPage\":{\"@id\":\"https:\\\/\\\/www.bbmnoticias.com\\\/labravaradiofm\\\/2021\\\/12\\\/09\\\/contribuir-al-desarrollo-integral-de-nuestras-ninas-ninos-y-adolescentes-es-un-compromiso-vital-del-dif-oaxaca-que-estamos-cumpliendo-desde-el-primer-dia-de-esta-administracion-imm\\\/\"},\"wordCount\":498,\"image\":{\"@id\":\"https:\\\/\\\/www.bbmnoticias.com\\\/labravaradiofm\\\/2021\\\/12\\\/09\\\/contribuir-al-desarrollo-integral-de-nuestras-ninas-ninos-y-adolescentes-es-un-compromiso-vital-del-dif-oaxaca-que-estamos-cumpliendo-desde-el-primer-dia-de-esta-administracion-imm\\\/#primaryimage\"},\"thumbnailUrl\":\"https:\\\/\\\/www.bbmnoticias.com\\\/labravaradiofm\\\/wp-content\\\/uploads\\\/sites\\\/5\\\/2021\\\/12\\\/l09122021-7.jpeg\",\"articleSection\":[\"LOCAL\"],\"inLanguage\":\"es\"},{\"@type\":\"WebPage\",\"@id\":\"https:\\\/\\\/www.bbmnoticias.com\\\/labravaradiofm\\\/2021\\\/12\\\/09\\\/contribuir-al-desarrollo-integral-de-nuestras-ninas-ninos-y-adolescentes-es-un-compromiso-vital-del-dif-oaxaca-que-estamos-cumpliendo-desde-el-primer-dia-de-esta-administracion-imm\\\/\",\"url\":\"https:\\\/\\\/www.bbmnoticias.com\\\/labravaradiofm\\\/2021\\\/12\\\/09\\\/contribuir-al-desarrollo-integral-de-nuestras-ninas-ninos-y-adolescentes-es-un-compromiso-vital-del-dif-oaxaca-que-estamos-cumpliendo-desde-el-primer-dia-de-esta-administracion-imm\\\/\",\"name\":\"Contribuir al desarrollo integral de nuestras ni\u00f1as, ni\u00f1os y adolescentes, es un compromiso vital del DIF Oaxaca, que estamos cumpliendo desde el primer d\u00eda de esta administraci\u00f3n: IMM - LA BRAVA RADIO\",\"isPartOf\":{\"@id\":\"https:\\\/\\\/www.bbmnoticias.com\\\/labravaradiofm\\\/#website\"},\"primaryImageOfPage\":{\"@id\":\"https:\\\/\\\/www.bbmnoticias.com\\\/labravaradiofm\\\/2021\\\/12\\\/09\\\/contribuir-al-desarrollo-integral-de-nuestras-ninas-ninos-y-adolescentes-es-un-compromiso-vital-del-dif-oaxaca-que-estamos-cumpliendo-desde-el-primer-dia-de-esta-administracion-imm\\\/#primaryimage\"},\"image\":{\"@id\":\"https:\\\/\\\/www.bbmnoticias.com\\\/labravaradiofm\\\/2021\\\/12\\\/09\\\/contribuir-al-desarrollo-integral-de-nuestras-ninas-ninos-y-adolescentes-es-un-compromiso-vital-del-dif-oaxaca-que-estamos-cumpliendo-desde-el-primer-dia-de-esta-administracion-imm\\\/#primaryimage\"},\"thumbnailUrl\":\"https:\\\/\\\/www.bbmnoticias.com\\\/labravaradiofm\\\/wp-content\\\/uploads\\\/sites\\\/5\\\/2021\\\/12\\\/l09122021-7.jpeg\",\"datePublished\":\"2021-12-10T01:14:20+00:00\",\"dateModified\":\"2021-12-10T01:16:36+00:00\",\"author\":{\"@id\":\"https:\\\/\\\/www.bbmnoticias.com\\\/labravaradiofm\\\/#\\\/schema\\\/person\\\/68a9e9036ef3c5b55aeb2b71dc8bab45\"},\"breadcrumb\":{\"@id\":\"https:\\\/\\\/www.bbmnoticias.com\\\/labravaradiofm\\\/2021\\\/12\\\/09\\\/contribuir-al-desarrollo-integral-de-nuestras-ninas-ninos-y-adolescentes-es-un-compromiso-vital-del-dif-oaxaca-que-estamos-cumpliendo-desde-el-primer-dia-de-esta-administracion-imm\\\/#breadcrumb\"},\"inLanguage\":\"es\",\"potentialAction\":[{\"@type\":\"ReadAction\",\"target\":[\"https:\\\/\\\/www.bbmnoticias.com\\\/labravaradiofm\\\/2021\\\/12\\\/09\\\/contribuir-al-desarrollo-integral-de-nuestras-ninas-ninos-y-adolescentes-es-un-compromiso-vital-del-dif-oaxaca-que-estamos-cumpliendo-desde-el-primer-dia-de-esta-administracion-imm\\\/\"]}]},{\"@type\":\"ImageObject\",\"inLanguage\":\"es\",\"@id\":\"https:\\\/\\\/www.bbmnoticias.com\\\/labravaradiofm\\\/2021\\\/12\\\/09\\\/contribuir-al-desarrollo-integral-de-nuestras-ninas-ninos-y-adolescentes-es-un-compromiso-vital-del-dif-oaxaca-que-estamos-cumpliendo-desde-el-primer-dia-de-esta-administracion-imm\\\/#primaryimage\",\"url\":\"https:\\\/\\\/www.bbmnoticias.com\\\/labravaradiofm\\\/wp-content\\\/uploads\\\/sites\\\/5\\\/2021\\\/12\\\/l09122021-7.jpeg\",\"contentUrl\":\"https:\\\/\\\/www.bbmnoticias.com\\\/labravaradiofm\\\/wp-content\\\/uploads\\\/sites\\\/5\\\/2021\\\/12\\\/l09122021-7.jpeg\",\"width\":1024,\"height\":682},{\"@type\":\"BreadcrumbList\",\"@id\":\"https:\\\/\\\/www.bbmnoticias.com\\\/labravaradiofm\\\/2021\\\/12\\\/09\\\/contribuir-al-desarrollo-integral-de-nuestras-ninas-ninos-y-adolescentes-es-un-compromiso-vital-del-dif-oaxaca-que-estamos-cumpliendo-desde-el-primer-dia-de-esta-administracion-imm\\\/#breadcrumb\",\"itemListElement\":[{\"@type\":\"ListItem\",\"position\":1,\"name\":\"Inicio\",\"item\":\"https:\\\/\\\/www.bbmnoticias.com\\\/labravaradiofm\\\/\"},{\"@type\":\"ListItem\",\"position\":2,\"name\":\"Contribuir al desarrollo integral de nuestras ni\u00f1as, ni\u00f1os y adolescentes, es un compromiso vital del DIF Oaxaca, que estamos cumpliendo desde el primer d\u00eda de esta administraci\u00f3n: IMM\"}]},{\"@type\":\"WebSite\",\"@id\":\"https:\\\/\\\/www.bbmnoticias.com\\\/labravaradiofm\\\/#website\",\"url\":\"https:\\\/\\\/www.bbmnoticias.com\\\/labravaradiofm\\\/\",\"name\":\"LA BRAVA RADIO\",\"description\":\"Empresa productora de medios, Radiodifusi\u00f3n, Noticias, tendencias y todo lo que necesitas saber de la pol\u00edtica mexicana e internacional; entretenimiento, espect\u00e1culos, salud y mucho m\u00e1s.\",\"potentialAction\":[{\"@type\":\"SearchAction\",\"target\":{\"@type\":\"EntryPoint\",\"urlTemplate\":\"https:\\\/\\\/www.bbmnoticias.com\\\/labravaradiofm\\\/?s={search_term_string}\"},\"query-input\":{\"@type\":\"PropertyValueSpecification\",\"valueRequired\":true,\"valueName\":\"search_term_string\"}}],\"inLanguage\":\"es\"},{\"@type\":\"Person\",\"@id\":\"https:\\\/\\\/www.bbmnoticias.com\\\/labravaradiofm\\\/#\\\/schema\\\/person\\\/68a9e9036ef3c5b55aeb2b71dc8bab45\",\"name\":\"Staff\",\"image\":{\"@type\":\"ImageObject\",\"inLanguage\":\"es\",\"@id\":\"https:\\\/\\\/secure.gravatar.com\\\/avatar\\\/fdd21ad66fd8b98c407f9dee5b5e588cfe7f0d8579ec20fa6527cd59bab7f0f0?s=96&d=mm&r=g\",\"url\":\"https:\\\/\\\/secure.gravatar.com\\\/avatar\\\/fdd21ad66fd8b98c407f9dee5b5e588cfe7f0d8579ec20fa6527cd59bab7f0f0?s=96&d=mm&r=g\",\"contentUrl\":\"https:\\\/\\\/secure.gravatar.com\\\/avatar\\\/fdd21ad66fd8b98c407f9dee5b5e588cfe7f0d8579ec20fa6527cd59bab7f0f0?s=96&d=mm&r=g\",\"caption\":\"Staff\"},\"url\":\"https:\\\/\\\/www.bbmnoticias.com\\\/labravaradiofm\\\/author\\\/redaccion\\\/\"}]}<\/script>\n<!-- \/ Yoast SEO plugin. -->","yoast_head_json":{"title":"Contribuir al desarrollo integral de nuestras ni\u00f1as, ni\u00f1os y adolescentes, es un compromiso vital del DIF Oaxaca, que estamos cumpliendo desde el primer d\u00eda de esta administraci\u00f3n: IMM - LA BRAVA RADIO","robots":{"index":"index","follow":"follow","max-snippet":"max-snippet:-1","max-image-preview":"max-image-preview:large","max-video-preview":"max-video-preview:-1"},"canonical":"https:\/\/www.bbmnoticias.com\/labravaradiofm\/2021\/12\/09\/contribuir-al-desarrollo-integral-de-nuestras-ninas-ninos-y-adolescentes-es-un-compromiso-vital-del-dif-oaxaca-que-estamos-cumpliendo-desde-el-primer-dia-de-esta-administracion-imm\/","og_locale":"es_MX","og_type":"article","og_title":"Contribuir al desarrollo integral de nuestras ni\u00f1as, ni\u00f1os y adolescentes, es un compromiso vital del DIF Oaxaca, que estamos cumpliendo desde el primer d\u00eda de esta administraci\u00f3n: IMM - LA BRAVA RADIO","og_description":"La administraci\u00f3n que encabeza el gobernador del Estado, Alejandro Murat Hinojosa, mantiene su compromiso primordial de proteger y salvaguardar la integridad y desarrollo de los sectores m\u00e1s vulnerables, principalmente, de las ni\u00f1as, ni\u00f1os y adolescentes de las ocho regiones de la entidad, a trav\u00e9s de acciones y programas que dan cumplimiento a uno de los [&hellip;]","og_url":"https:\/\/www.bbmnoticias.com\/labravaradiofm\/2021\/12\/09\/contribuir-al-desarrollo-integral-de-nuestras-ninas-ninos-y-adolescentes-es-un-compromiso-vital-del-dif-oaxaca-que-estamos-cumpliendo-desde-el-primer-dia-de-esta-administracion-imm\/","og_site_name":"LA BRAVA RADIO","article_published_time":"2021-12-10T01:14:20+00:00","article_modified_time":"2021-12-10T01:16:36+00:00","og_image":[{"width":1024,"height":682,"url":"https:\/\/www.bbmnoticias.com\/labravaradiofm\/wp-content\/uploads\/sites\/5\/2021\/12\/l09122021-7.jpeg","type":"image\/jpeg"}],"author":"Staff","twitter_card":"summary_large_image","twitter_misc":{"Escrito por":"Staff","Tiempo de lectura":"2 minutos"},"schema":{"@context":"https:\/\/schema.org","@graph":[{"@type":"Article","@id":"https:\/\/www.bbmnoticias.com\/labravaradiofm\/2021\/12\/09\/contribuir-al-desarrollo-integral-de-nuestras-ninas-ninos-y-adolescentes-es-un-compromiso-vital-del-dif-oaxaca-que-estamos-cumpliendo-desde-el-primer-dia-de-esta-administracion-imm\/#article","isPartOf":{"@id":"https:\/\/www.bbmnoticias.com\/labravaradiofm\/2021\/12\/09\/contribuir-al-desarrollo-integral-de-nuestras-ninas-ninos-y-adolescentes-es-un-compromiso-vital-del-dif-oaxaca-que-estamos-cumpliendo-desde-el-primer-dia-de-esta-administracion-imm\/"},"author":{"name":"Staff","@id":"https:\/\/www.bbmnoticias.com\/labravaradiofm\/#\/schema\/person\/68a9e9036ef3c5b55aeb2b71dc8bab45"},"headline":"Contribuir al desarrollo integral de nuestras ni\u00f1as, ni\u00f1os y adolescentes, es un compromiso vital del DIF Oaxaca, que estamos cumpliendo desde el primer d\u00eda de esta administraci\u00f3n: IMM","datePublished":"2021-12-10T01:14:20+00:00","dateModified":"2021-12-10T01:16:36+00:00","mainEntityOfPage":{"@id":"https:\/\/www.bbmnoticias.com\/labravaradiofm\/2021\/12\/09\/contribuir-al-desarrollo-integral-de-nuestras-ninas-ninos-y-adolescentes-es-un-compromiso-vital-del-dif-oaxaca-que-estamos-cumpliendo-desde-el-primer-dia-de-esta-administracion-imm\/"},"wordCount":498,"image":{"@id":"https:\/\/www.bbmnoticias.com\/labravaradiofm\/2021\/12\/09\/contribuir-al-desarrollo-integral-de-nuestras-ninas-ninos-y-adolescentes-es-un-compromiso-vital-del-dif-oaxaca-que-estamos-cumpliendo-desde-el-primer-dia-de-esta-administracion-imm\/#primaryimage"},"thumbnailUrl":"https:\/\/www.bbmnoticias.com\/labravaradiofm\/wp-content\/uploads\/sites\/5\/2021\/12\/l09122021-7.jpeg","articleSection":["LOCAL"],"inLanguage":"es"},{"@type":"WebPage","@id":"https:\/\/www.bbmnoticias.com\/labravaradiofm\/2021\/12\/09\/contribuir-al-desarrollo-integral-de-nuestras-ninas-ninos-y-adolescentes-es-un-compromiso-vital-del-dif-oaxaca-que-estamos-cumpliendo-desde-el-primer-dia-de-esta-administracion-imm\/","url":"https:\/\/www.bbmnoticias.com\/labravaradiofm\/2021\/12\/09\/contribuir-al-desarrollo-integral-de-nuestras-ninas-ninos-y-adolescentes-es-un-compromiso-vital-del-dif-oaxaca-que-estamos-cumpliendo-desde-el-primer-dia-de-esta-administracion-imm\/","name":"Contribuir al desarrollo integral de nuestras ni\u00f1as, ni\u00f1os y adolescentes, es un compromiso vital del DIF Oaxaca, que estamos cumpliendo desde el primer d\u00eda de esta administraci\u00f3n: IMM - LA BRAVA RADIO","isPartOf":{"@id":"https:\/\/www.bbmnoticias.com\/labravaradiofm\/#website"},"primaryImageOfPage":{"@id":"https:\/\/www.bbmnoticias.com\/labravaradiofm\/2021\/12\/09\/contribuir-al-desarrollo-integral-de-nuestras-ninas-ninos-y-adolescentes-es-un-compromiso-vital-del-dif-oaxaca-que-estamos-cumpliendo-desde-el-primer-dia-de-esta-administracion-imm\/#primaryimage"},"image":{"@id":"https:\/\/www.bbmnoticias.com\/labravaradiofm\/2021\/12\/09\/contribuir-al-desarrollo-integral-de-nuestras-ninas-ninos-y-adolescentes-es-un-compromiso-vital-del-dif-oaxaca-que-estamos-cumpliendo-desde-el-primer-dia-de-esta-administracion-imm\/#primaryimage"},"thumbnailUrl":"https:\/\/www.bbmnoticias.com\/labravaradiofm\/wp-content\/uploads\/sites\/5\/2021\/12\/l09122021-7.jpeg","datePublished":"2021-12-10T01:14:20+00:00","dateModified":"2021-12-10T01:16:36+00:00","author":{"@id":"https:\/\/www.bbmnoticias.com\/labravaradiofm\/#\/schema\/person\/68a9e9036ef3c5b55aeb2b71dc8bab45"},"breadcrumb":{"@id":"https:\/\/www.bbmnoticias.com\/labravaradiofm\/2021\/12\/09\/contribuir-al-desarrollo-integral-de-nuestras-ninas-ninos-y-adolescentes-es-un-compromiso-vital-del-dif-oaxaca-que-estamos-cumpliendo-desde-el-primer-dia-de-esta-administracion-imm\/#breadcrumb"},"inLanguage":"es","potentialAction":[{"@type":"ReadAction","target":["https:\/\/www.bbmnoticias.com\/labravaradiofm\/2021\/12\/09\/contribuir-al-desarrollo-integral-de-nuestras-ninas-ninos-y-adolescentes-es-un-compromiso-vital-del-dif-oaxaca-que-estamos-cumpliendo-desde-el-primer-dia-de-esta-administracion-imm\/"]}]},{"@type":"ImageObject","inLanguage":"es","@id":"https:\/\/www.bbmnoticias.com\/labravaradiofm\/2021\/12\/09\/contribuir-al-desarrollo-integral-de-nuestras-ninas-ninos-y-adolescentes-es-un-compromiso-vital-del-dif-oaxaca-que-estamos-cumpliendo-desde-el-primer-dia-de-esta-administracion-imm\/#primaryimage","url":"https:\/\/www.bbmnoticias.com\/labravaradiofm\/wp-content\/uploads\/sites\/5\/2021\/12\/l09122021-7.jpeg","contentUrl":"https:\/\/www.bbmnoticias.com\/labravaradiofm\/wp-content\/uploads\/sites\/5\/2021\/12\/l09122021-7.jpeg","width":1024,"height":682},{"@type":"BreadcrumbList","@id":"https:\/\/www.bbmnoticias.com\/labravaradiofm\/2021\/12\/09\/contribuir-al-desarrollo-integral-de-nuestras-ninas-ninos-y-adolescentes-es-un-compromiso-vital-del-dif-oaxaca-que-estamos-cumpliendo-desde-el-primer-dia-de-esta-administracion-imm\/#breadcrumb","itemListElement":[{"@type":"ListItem","position":1,"name":"Inicio","item":"https:\/\/www.bbmnoticias.com\/labravaradiofm\/"},{"@type":"ListItem","position":2,"name":"Contribuir al desarrollo integral de nuestras ni\u00f1as, ni\u00f1os y adolescentes, es un compromiso vital del DIF Oaxaca, que estamos cumpliendo desde el primer d\u00eda de esta administraci\u00f3n: IMM"}]},{"@type":"WebSite","@id":"https:\/\/www.bbmnoticias.com\/labravaradiofm\/#website","url":"https:\/\/www.bbmnoticias.com\/labravaradiofm\/","name":"LA BRAVA RADIO","description":"Empresa productora de medios, Radiodifusi\u00f3n, Noticias, tendencias y todo lo que necesitas saber de la pol\u00edtica mexicana e internacional; entretenimiento, espect\u00e1culos, salud y mucho m\u00e1s.","potentialAction":[{"@type":"SearchAction","target":{"@type":"EntryPoint","urlTemplate":"https:\/\/www.bbmnoticias.com\/labravaradiofm\/?s={search_term_string}"},"query-input":{"@type":"PropertyValueSpecification","valueRequired":true,"valueName":"search_term_string"}}],"inLanguage":"es"},{"@type":"Person","@id":"https:\/\/www.bbmnoticias.com\/labravaradiofm\/#\/schema\/person\/68a9e9036ef3c5b55aeb2b71dc8bab45","name":"Staff","image":{"@type":"ImageObject","inLanguage":"es","@id":"https:\/\/secure.gravatar.com\/avatar\/fdd21ad66fd8b98c407f9dee5b5e588cfe7f0d8579ec20fa6527cd59bab7f0f0?s=96&d=mm&r=g","url":"https:\/\/secure.gravatar.com\/avatar\/fdd21ad66fd8b98c407f9dee5b5e588cfe7f0d8579ec20fa6527cd59bab7f0f0?s=96&d=mm&r=g","contentUrl":"https:\/\/secure.gravatar.com\/avatar\/fdd21ad66fd8b98c407f9dee5b5e588cfe7f0d8579ec20fa6527cd59bab7f0f0?s=96&d=mm&r=g","caption":"Staff"},"url":"https:\/\/www.bbmnoticias.com\/labravaradiofm\/author\/redaccion\/"}]}},"_links":{"self":[{"href":"https:\/\/www.bbmnoticias.com\/labravaradiofm\/wp-json\/wp\/v2\/posts\/6926","targetHints":{"allow":["GET"]}}],"collection":[{"href":"https:\/\/www.bbmnoticias.com\/labravaradiofm\/wp-json\/wp\/v2\/posts"}],"about":[{"href":"https:\/\/www.bbmnoticias.com\/labravaradiofm\/wp-json\/wp\/v2\/types\/post"}],"author":[{"embeddable":true,"href":"https:\/\/www.bbmnoticias.com\/labravaradiofm\/wp-json\/wp\/v2\/users\/2"}],"replies":[{"embeddable":true,"href":"https:\/\/www.bbmnoticias.com\/labravaradiofm\/wp-json\/wp\/v2\/comments?post=6926"}],"version-history":[{"count":0,"href":"https:\/\/www.bbmnoticias.com\/labravaradiofm\/wp-json\/wp\/v2\/posts\/6926\/revisions"}],"wp:featuredmedia":[{"embeddable":true,"href":"https:\/\/www.bbmnoticias.com\/labravaradiofm\/wp-json\/wp\/v2\/media\/6927"}],"wp:attachment":[{"href":"https:\/\/www.bbmnoticias.com\/labravaradiofm\/wp-json\/wp\/v2\/media?parent=6926"}],"wp:term":[{"taxonomy":"category","embeddable":true,"href":"https:\/\/www.bbmnoticias.com\/labravaradiofm\/wp-json\/wp\/v2\/categories?post=6926"},{"taxonomy":"post_tag","embeddable":true,"href":"https:\/\/www.bbmnoticias.com\/labravaradiofm\/wp-json\/wp\/v2\/tags?post=6926"}],"curies":[{"name":"wp","href":"https:\/\/api.w.org\/{rel}","templated":true}]}}