{"id":69253,"date":"2025-11-04T13:41:21","date_gmt":"2025-11-04T19:41:21","guid":{"rendered":"https:\/\/www.bbmnoticias.com\/labravaradiofm\/2025\/11\/04\/economia-mexicana-mejorara-en-el-corto-plazo-segun-indicadores-ciclicos\/"},"modified":"2025-11-04T13:41:21","modified_gmt":"2025-11-04T19:41:21","slug":"economia-mexicana-mejorara-en-el-corto-plazo-segun-indicadores-ciclicos","status":"publish","type":"post","link":"https:\/\/www.bbmnoticias.com\/labravaradiofm\/2025\/11\/04\/economia-mexicana-mejorara-en-el-corto-plazo-segun-indicadores-ciclicos\/","title":{"rendered":"Econom\u00eda mexicana mejorar\u00e1 en el corto plazo, seg\u00fan indicadores c\u00edclicos"},"content":{"rendered":"<div style=\"margin-top: 0px; margin-bottom: 0px;\" class=\"sharethis-inline-share-buttons\" ><\/div>\n<p><em>Ciudad de M\u00e9xico. <\/em>Pese a que la econom\u00eda mexicana cay\u00f3 en un bache que detuvo su expansi\u00f3n en el tercer trimestre de 2025, es probable que hacia los primeros meses de 2026 presente una mejor\u00eda, sugiere el Sistema de Indicadores Compuestos: coincidente y adelantado, que calcula el Instituto Nacional de Estad\u00edstica y Geograf\u00eda (Inegi).<\/p>\n\n\n\n<p>El Inegi precis\u00f3 que el indicador adelantado, el cual sugiere el comportamiento de la econom\u00eda en el corto plazo, se posicion\u00f3 en 100.5 puntos en septiembre por arriba de su tendencia de largo plazo, y present\u00f3 una variaci\u00f3n positiva de 0.20 puntos, con relaci\u00f3n a agosto, su sexto avance consecutivo.<\/p>\n\n\n\n<p>Por su parte, el indicador coincidente, que refleja el comportamiento de la econom\u00eda en curso, se ubic\u00f3 en 99.4 puntos en agosto, siguiendo en la cifra m\u00e1s baja desde 2022, y registr\u00f3 una disminuci\u00f3n de 0.10 enteros, con respecto a julio.<\/p>\n\n\n\n<p>El indicador coincidente cae continuamente desde septiembre de 2023, se\u00f1alando la desaceleraci\u00f3n de la econom\u00eda nacional; sin embargo, el indicador adelantado dej\u00f3 de caer en marzo de 2025 y regres\u00f3 a su tendencia en junio, lo que es una se\u00f1al de optimismo sobre la econom\u00eda de M\u00e9xico, prev\u00e9n dichos indicadores.<\/p>\n","protected":false},"excerpt":{"rendered":"<p>Ciudad de M\u00e9xico. Pese a que la econom\u00eda mexicana cay\u00f3 en un bache que detuvo su expansi\u00f3n en el tercer trimestre de 2025, es probable que hacia los primeros meses de 2026 presente una mejor\u00eda, sugiere el Sistema de Indicadores Compuestos: coincidente y adelantado, que calcula el Instituto Nacional de Estad\u00edstica y Geograf\u00eda (Inegi). El [&hellip;]<\/p>\n","protected":false},"author":2,"featured_media":0,"comment_status":"","ping_status":"","sticky":false,"template":"","format":"standard","meta":{"footnotes":""},"categories":[2],"tags":[],"class_list":{"0":"post-69253","1":"post","2":"type-post","3":"status-publish","4":"format-standard","6":"category-oaxaca"},"yoast_head":"<!-- This site is optimized with the Yoast SEO plugin v27.4 - https:\/\/yoast.com\/product\/yoast-seo-wordpress\/ -->\n<title>Econom\u00eda mexicana mejorar\u00e1 en el corto plazo, seg\u00fan indicadores c\u00edclicos - LA BRAVA RADIO<\/title>\n<meta name=\"robots\" content=\"index, follow, max-snippet:-1, max-image-preview:large, max-video-preview:-1\" \/>\n<link rel=\"canonical\" href=\"https:\/\/www.bbmnoticias.com\/economia-mexicana-mejorara-en-el-corto-plazo-segun-indicadores-ciclicos\/\" \/>\n<meta property=\"og:locale\" content=\"es_MX\" \/>\n<meta property=\"og:type\" content=\"article\" \/>\n<meta property=\"og:title\" content=\"Econom\u00eda mexicana mejorar\u00e1 en el corto plazo, seg\u00fan indicadores c\u00edclicos - LA BRAVA RADIO\" \/>\n<meta property=\"og:description\" content=\"Ciudad de M\u00e9xico. Pese a que la econom\u00eda mexicana cay\u00f3 en un bache que detuvo su expansi\u00f3n en el tercer trimestre de 2025, es probable que hacia los primeros meses de 2026 presente una mejor\u00eda, sugiere el Sistema de Indicadores Compuestos: coincidente y adelantado, que calcula el Instituto Nacional de Estad\u00edstica y Geograf\u00eda (Inegi). El [&hellip;]\" \/>\n<meta property=\"og:url\" content=\"https:\/\/www.bbmnoticias.com\/economia-mexicana-mejorara-en-el-corto-plazo-segun-indicadores-ciclicos\/\" \/>\n<meta property=\"og:site_name\" content=\"LA BRAVA RADIO\" \/>\n<meta property=\"article:published_time\" content=\"2025-11-04T19:41:21+00:00\" \/>\n<meta name=\"author\" content=\"Staff\" \/>\n<meta name=\"twitter:card\" content=\"summary_large_image\" \/>\n<meta name=\"twitter:label1\" content=\"Escrito por\" \/>\n\t<meta name=\"twitter:data1\" content=\"Staff\" \/>\n\t<meta name=\"twitter:label2\" content=\"Tiempo de lectura\" \/>\n\t<meta name=\"twitter:data2\" content=\"1 minuto\" \/>\n<script type=\"application\/ld+json\" class=\"yoast-schema-graph\">{\"@context\":\"https:\\\/\\\/schema.org\",\"@graph\":[{\"@type\":\"Article\",\"@id\":\"https:\\\/\\\/www.bbmnoticias.com\\\/economia-mexicana-mejorara-en-el-corto-plazo-segun-indicadores-ciclicos\\\/#article\",\"isPartOf\":{\"@id\":\"https:\\\/\\\/www.bbmnoticias.com\\\/labravaradiofm\\\/2025\\\/11\\\/04\\\/economia-mexicana-mejorara-en-el-corto-plazo-segun-indicadores-ciclicos\\\/\"},\"author\":{\"name\":\"Staff\",\"@id\":\"https:\\\/\\\/www.bbmnoticias.com\\\/labravaradiofm\\\/#\\\/schema\\\/person\\\/34b139c617a70ea5bef5678bffe4dd7b\"},\"headline\":\"Econom\u00eda mexicana mejorar\u00e1 en el corto plazo, seg\u00fan indicadores c\u00edclicos\",\"datePublished\":\"2025-11-04T19:41:21+00:00\",\"mainEntityOfPage\":{\"@id\":\"https:\\\/\\\/www.bbmnoticias.com\\\/labravaradiofm\\\/2025\\\/11\\\/04\\\/economia-mexicana-mejorara-en-el-corto-plazo-segun-indicadores-ciclicos\\\/\"},\"wordCount\":218,\"articleSection\":[\"LOCAL\"],\"inLanguage\":\"es\"},{\"@type\":\"WebPage\",\"@id\":\"https:\\\/\\\/www.bbmnoticias.com\\\/labravaradiofm\\\/2025\\\/11\\\/04\\\/economia-mexicana-mejorara-en-el-corto-plazo-segun-indicadores-ciclicos\\\/\",\"url\":\"https:\\\/\\\/www.bbmnoticias.com\\\/economia-mexicana-mejorara-en-el-corto-plazo-segun-indicadores-ciclicos\\\/\",\"name\":\"Econom\u00eda mexicana mejorar\u00e1 en el corto plazo, seg\u00fan indicadores c\u00edclicos - LA BRAVA RADIO\",\"isPartOf\":{\"@id\":\"https:\\\/\\\/www.bbmnoticias.com\\\/labravaradiofm\\\/#website\"},\"datePublished\":\"2025-11-04T19:41:21+00:00\",\"author\":{\"@id\":\"https:\\\/\\\/www.bbmnoticias.com\\\/labravaradiofm\\\/#\\\/schema\\\/person\\\/34b139c617a70ea5bef5678bffe4dd7b\"},\"breadcrumb\":{\"@id\":\"https:\\\/\\\/www.bbmnoticias.com\\\/economia-mexicana-mejorara-en-el-corto-plazo-segun-indicadores-ciclicos\\\/#breadcrumb\"},\"inLanguage\":\"es\",\"potentialAction\":[{\"@type\":\"ReadAction\",\"target\":[\"https:\\\/\\\/www.bbmnoticias.com\\\/economia-mexicana-mejorara-en-el-corto-plazo-segun-indicadores-ciclicos\\\/\"]}]},{\"@type\":\"BreadcrumbList\",\"@id\":\"https:\\\/\\\/www.bbmnoticias.com\\\/economia-mexicana-mejorara-en-el-corto-plazo-segun-indicadores-ciclicos\\\/#breadcrumb\",\"itemListElement\":[{\"@type\":\"ListItem\",\"position\":1,\"name\":\"Inicio\",\"item\":\"https:\\\/\\\/www.bbmnoticias.com\\\/labravaradiofm\\\/\"},{\"@type\":\"ListItem\",\"position\":2,\"name\":\"Econom\u00eda mexicana mejorar\u00e1 en el corto plazo, seg\u00fan indicadores c\u00edclicos\"}]},{\"@type\":\"WebSite\",\"@id\":\"https:\\\/\\\/www.bbmnoticias.com\\\/labravaradiofm\\\/#website\",\"url\":\"https:\\\/\\\/www.bbmnoticias.com\\\/labravaradiofm\\\/\",\"name\":\"LA BRAVA RADIO\",\"description\":\"Empresa productora de medios, Radiodifusi\u00f3n, Noticias, tendencias y todo lo que necesitas saber de la pol\u00edtica mexicana e internacional; entretenimiento, espect\u00e1culos, salud y mucho m\u00e1s.\",\"potentialAction\":[{\"@type\":\"SearchAction\",\"target\":{\"@type\":\"EntryPoint\",\"urlTemplate\":\"https:\\\/\\\/www.bbmnoticias.com\\\/labravaradiofm\\\/?s={search_term_string}\"},\"query-input\":{\"@type\":\"PropertyValueSpecification\",\"valueRequired\":true,\"valueName\":\"search_term_string\"}}],\"inLanguage\":\"es\"},{\"@type\":\"Person\",\"@id\":\"https:\\\/\\\/www.bbmnoticias.com\\\/labravaradiofm\\\/#\\\/schema\\\/person\\\/34b139c617a70ea5bef5678bffe4dd7b\",\"name\":\"Staff\",\"image\":{\"@type\":\"ImageObject\",\"inLanguage\":\"es\",\"@id\":\"https:\\\/\\\/secure.gravatar.com\\\/avatar\\\/fdd21ad66fd8b98c407f9dee5b5e588cfe7f0d8579ec20fa6527cd59bab7f0f0?s=96&d=mm&r=g\",\"url\":\"https:\\\/\\\/secure.gravatar.com\\\/avatar\\\/fdd21ad66fd8b98c407f9dee5b5e588cfe7f0d8579ec20fa6527cd59bab7f0f0?s=96&d=mm&r=g\",\"contentUrl\":\"https:\\\/\\\/secure.gravatar.com\\\/avatar\\\/fdd21ad66fd8b98c407f9dee5b5e588cfe7f0d8579ec20fa6527cd59bab7f0f0?s=96&d=mm&r=g\",\"caption\":\"Staff\"},\"url\":\"https:\\\/\\\/www.bbmnoticias.com\\\/labravaradiofm\\\/author\\\/redaccion\\\/\"}]}<\/script>\n<!-- \/ Yoast SEO plugin. -->","yoast_head_json":{"title":"Econom\u00eda mexicana mejorar\u00e1 en el corto plazo, seg\u00fan indicadores c\u00edclicos - LA BRAVA RADIO","robots":{"index":"index","follow":"follow","max-snippet":"max-snippet:-1","max-image-preview":"max-image-preview:large","max-video-preview":"max-video-preview:-1"},"canonical":"https:\/\/www.bbmnoticias.com\/economia-mexicana-mejorara-en-el-corto-plazo-segun-indicadores-ciclicos\/","og_locale":"es_MX","og_type":"article","og_title":"Econom\u00eda mexicana mejorar\u00e1 en el corto plazo, seg\u00fan indicadores c\u00edclicos - LA BRAVA RADIO","og_description":"Ciudad de M\u00e9xico. Pese a que la econom\u00eda mexicana cay\u00f3 en un bache que detuvo su expansi\u00f3n en el tercer trimestre de 2025, es probable que hacia los primeros meses de 2026 presente una mejor\u00eda, sugiere el Sistema de Indicadores Compuestos: coincidente y adelantado, que calcula el Instituto Nacional de Estad\u00edstica y Geograf\u00eda (Inegi). El [&hellip;]","og_url":"https:\/\/www.bbmnoticias.com\/economia-mexicana-mejorara-en-el-corto-plazo-segun-indicadores-ciclicos\/","og_site_name":"LA BRAVA RADIO","article_published_time":"2025-11-04T19:41:21+00:00","author":"Staff","twitter_card":"summary_large_image","twitter_misc":{"Escrito por":"Staff","Tiempo de lectura":"1 minuto"},"schema":{"@context":"https:\/\/schema.org","@graph":[{"@type":"Article","@id":"https:\/\/www.bbmnoticias.com\/economia-mexicana-mejorara-en-el-corto-plazo-segun-indicadores-ciclicos\/#article","isPartOf":{"@id":"https:\/\/www.bbmnoticias.com\/labravaradiofm\/2025\/11\/04\/economia-mexicana-mejorara-en-el-corto-plazo-segun-indicadores-ciclicos\/"},"author":{"name":"Staff","@id":"https:\/\/www.bbmnoticias.com\/labravaradiofm\/#\/schema\/person\/34b139c617a70ea5bef5678bffe4dd7b"},"headline":"Econom\u00eda mexicana mejorar\u00e1 en el corto plazo, seg\u00fan indicadores c\u00edclicos","datePublished":"2025-11-04T19:41:21+00:00","mainEntityOfPage":{"@id":"https:\/\/www.bbmnoticias.com\/labravaradiofm\/2025\/11\/04\/economia-mexicana-mejorara-en-el-corto-plazo-segun-indicadores-ciclicos\/"},"wordCount":218,"articleSection":["LOCAL"],"inLanguage":"es"},{"@type":"WebPage","@id":"https:\/\/www.bbmnoticias.com\/labravaradiofm\/2025\/11\/04\/economia-mexicana-mejorara-en-el-corto-plazo-segun-indicadores-ciclicos\/","url":"https:\/\/www.bbmnoticias.com\/economia-mexicana-mejorara-en-el-corto-plazo-segun-indicadores-ciclicos\/","name":"Econom\u00eda mexicana mejorar\u00e1 en el corto plazo, seg\u00fan indicadores c\u00edclicos - LA BRAVA RADIO","isPartOf":{"@id":"https:\/\/www.bbmnoticias.com\/labravaradiofm\/#website"},"datePublished":"2025-11-04T19:41:21+00:00","author":{"@id":"https:\/\/www.bbmnoticias.com\/labravaradiofm\/#\/schema\/person\/34b139c617a70ea5bef5678bffe4dd7b"},"breadcrumb":{"@id":"https:\/\/www.bbmnoticias.com\/economia-mexicana-mejorara-en-el-corto-plazo-segun-indicadores-ciclicos\/#breadcrumb"},"inLanguage":"es","potentialAction":[{"@type":"ReadAction","target":["https:\/\/www.bbmnoticias.com\/economia-mexicana-mejorara-en-el-corto-plazo-segun-indicadores-ciclicos\/"]}]},{"@type":"BreadcrumbList","@id":"https:\/\/www.bbmnoticias.com\/economia-mexicana-mejorara-en-el-corto-plazo-segun-indicadores-ciclicos\/#breadcrumb","itemListElement":[{"@type":"ListItem","position":1,"name":"Inicio","item":"https:\/\/www.bbmnoticias.com\/labravaradiofm\/"},{"@type":"ListItem","position":2,"name":"Econom\u00eda mexicana mejorar\u00e1 en el corto plazo, seg\u00fan indicadores c\u00edclicos"}]},{"@type":"WebSite","@id":"https:\/\/www.bbmnoticias.com\/labravaradiofm\/#website","url":"https:\/\/www.bbmnoticias.com\/labravaradiofm\/","name":"LA BRAVA RADIO","description":"Empresa productora de medios, Radiodifusi\u00f3n, Noticias, tendencias y todo lo que necesitas saber de la pol\u00edtica mexicana e internacional; entretenimiento, espect\u00e1culos, salud y mucho m\u00e1s.","potentialAction":[{"@type":"SearchAction","target":{"@type":"EntryPoint","urlTemplate":"https:\/\/www.bbmnoticias.com\/labravaradiofm\/?s={search_term_string}"},"query-input":{"@type":"PropertyValueSpecification","valueRequired":true,"valueName":"search_term_string"}}],"inLanguage":"es"},{"@type":"Person","@id":"https:\/\/www.bbmnoticias.com\/labravaradiofm\/#\/schema\/person\/34b139c617a70ea5bef5678bffe4dd7b","name":"Staff","image":{"@type":"ImageObject","inLanguage":"es","@id":"https:\/\/secure.gravatar.com\/avatar\/fdd21ad66fd8b98c407f9dee5b5e588cfe7f0d8579ec20fa6527cd59bab7f0f0?s=96&d=mm&r=g","url":"https:\/\/secure.gravatar.com\/avatar\/fdd21ad66fd8b98c407f9dee5b5e588cfe7f0d8579ec20fa6527cd59bab7f0f0?s=96&d=mm&r=g","contentUrl":"https:\/\/secure.gravatar.com\/avatar\/fdd21ad66fd8b98c407f9dee5b5e588cfe7f0d8579ec20fa6527cd59bab7f0f0?s=96&d=mm&r=g","caption":"Staff"},"url":"https:\/\/www.bbmnoticias.com\/labravaradiofm\/author\/redaccion\/"}]}},"_links":{"self":[{"href":"https:\/\/www.bbmnoticias.com\/labravaradiofm\/wp-json\/wp\/v2\/posts\/69253","targetHints":{"allow":["GET"]}}],"collection":[{"href":"https:\/\/www.bbmnoticias.com\/labravaradiofm\/wp-json\/wp\/v2\/posts"}],"about":[{"href":"https:\/\/www.bbmnoticias.com\/labravaradiofm\/wp-json\/wp\/v2\/types\/post"}],"author":[{"embeddable":true,"href":"https:\/\/www.bbmnoticias.com\/labravaradiofm\/wp-json\/wp\/v2\/users\/2"}],"replies":[{"embeddable":true,"href":"https:\/\/www.bbmnoticias.com\/labravaradiofm\/wp-json\/wp\/v2\/comments?post=69253"}],"version-history":[{"count":0,"href":"https:\/\/www.bbmnoticias.com\/labravaradiofm\/wp-json\/wp\/v2\/posts\/69253\/revisions"}],"wp:attachment":[{"href":"https:\/\/www.bbmnoticias.com\/labravaradiofm\/wp-json\/wp\/v2\/media?parent=69253"}],"wp:term":[{"taxonomy":"category","embeddable":true,"href":"https:\/\/www.bbmnoticias.com\/labravaradiofm\/wp-json\/wp\/v2\/categories?post=69253"},{"taxonomy":"post_tag","embeddable":true,"href":"https:\/\/www.bbmnoticias.com\/labravaradiofm\/wp-json\/wp\/v2\/tags?post=69253"}],"curies":[{"name":"wp","href":"https:\/\/api.w.org\/{rel}","templated":true}]}}