{"id":6923,"date":"2021-12-09T19:08:43","date_gmt":"2021-12-10T01:08:43","guid":{"rendered":"https:\/\/www.bbmnoticias.com\/labravaradiofm\/?p=6923"},"modified":"2021-12-09T19:08:45","modified_gmt":"2021-12-10T01:08:45","slug":"capacita-sso-a-personal-del-sector-salud-sobre-paludismo","status":"publish","type":"post","link":"https:\/\/www.bbmnoticias.com\/labravaradiofm\/2021\/12\/09\/capacita-sso-a-personal-del-sector-salud-sobre-paludismo\/","title":{"rendered":"Capacita SSO a personal del Sector Salud sobre paludismo"},"content":{"rendered":"<div style=\"margin-top: 0px; margin-bottom: 0px;\" class=\"sharethis-inline-share-buttons\" ><\/div>\n<ul class=\"wp-block-list\"><li>Recientemente se confirm\u00f3 un caso importado de paludismo en Oaxaca<\/li><li>Los SSO refuerzan la vigilancia epidemiol\u00f3gica y monitoreo de casos<\/li><\/ul>\n\n\n\n<p>Con el objetivo de fortalecer e intensificar las acciones en la atenci\u00f3n de enfermedades transmitidas por vector, los Servicios de Salud de Oaxaca (SSO) a trav\u00e9s de la Unidad de Epidemiolog\u00eda realizaron la &#8220;Capacitaci\u00f3n integral sobre paludismo&#8221;, dirigido al personal del Sector Salud y de las seis Jurisdicciones Sanitarias de la entidad.<\/p>\n\n\n\n<p>Durante su mensaje inaugural v\u00eda plataforma virtual, el Secretario de Salud, Juan Carlos M\u00e1rquez Heine, destac\u00f3 el trabajo y compromiso del personal de la Jurisdicci\u00f3n Sanitaria n\u00famero cuatro Costa, y del \u00e1rea de vigilancia epidemiol\u00f3gica, ya que en la semana n\u00famero 48 del presente a\u00f1o, fue confirmado por el Laboratorio Estatal de Salud P\u00fablica de Oaxaca (LESPO), un caso importado de paludismo.<\/p>\n\n\n\n<p>A\u00f1adi\u00f3, que en esta jornada acad\u00e9mica en la que participaron 103 trabajadoras y trabajadores, se abordaron los temas: aspectos cl\u00ednicos, vigilancia epidemiol\u00f3gica, promoci\u00f3n de la salud, as\u00ed como la atenci\u00f3n y control de vectores, con la finalidad de fortalecer los conocimientos del personal de salud en esta materia.<\/p>\n\n\n\n<p>Durante su intervenci\u00f3n, el Director de Prevenci\u00f3n y Promoci\u00f3n de la Salud, Jorge Concha Su\u00e1rez dijo que en Oaxaca el \u00faltimo caso de paludismo que se registr\u00f3 fue en el 2013, hace ocho a\u00f1os en la localidad de Arroyo Arena en la regi\u00f3n costa, cerca de San Pedro Pochutla.<\/p>\n\n\n\n<p>En este sentido dijo que el vector est\u00e1 presente no solo en regiones tropicales como la Costa, Istmo y Cuenca del Papaloapan, por lo que es fundamental intensificar las acciones del combate al mosquito transmisor con la finalidad de identificar la patolog\u00eda oportunamente y con ello evitar que haya segundas o terceras generaciones de casos en el estado que pongan en riesgo a la poblaci\u00f3n.<\/p>\n\n\n\n<p>Esta capacitaci\u00f3n cont\u00f3 con la participaci\u00f3n del Jefe del Laboratorio de Paludismo del Instituto de Diagn\u00f3stico y Referencia Epidemiol\u00f3gicos (InDRE), Juan Manuel Serna Vel\u00e1zquez, quien imparti\u00f3 el tema: \u201cAlgoritmos de laboratorio y metodolog\u00eda para la toma de muestras\u201d; as\u00ed como el Responsable de la Estrategia del Departamento de Promoci\u00f3n de la Salud, Luis Enrique Ru\u00edz Hern\u00e1ndez quien expuso: \u201cAcciones anticipatorias de promoci\u00f3n de la salud para Paludismo\u201d.<\/p>\n\n\n\n<p>Adem\u00e1s del infect\u00f3logo del Hospital General \u201cDr. Aurelio Valdivieso\u201d, Yuri Rold\u00e1n Arag\u00f3n, quien abord\u00f3 el tema: \u201cCuadro cl\u00ednico por <em>Plasmodium<\/em> (paludismo)\u201d; la Responsable Estatal de Enfermedades Transmitidas por Vector (ETV), Flavia Teresa Morales Aguilar con \u201cProcedimientos estandarizados de las ETV\u201d y del Supervisor T\u00e9cnico del departamento de ETV, Jes\u00fas Ortiz P\u00e9rez quien imparti\u00f3 el tema: \u201cAcciones de Paludismo\u201d.<\/p>\n\n\n\n<p>Tambi\u00e9n estuvieron presentes por parte de los SSO, personal de las unidades de epidemiolog\u00eda, salud p\u00fablica y medicina preventiva.<\/p>\n\n\n\n<p>Dentro de las instituciones participantes del Sector Salud de Oaxaca destacaron: el Instituto Mexicano del Seguro Social (IMSS), Petr\u00f3leos Mexicanos (Pemex), Instituto de Seguridad y Servicios Sociales de los Trabajadores del Estado (ISSSTE) y Sistema DIF-Oaxaca.<\/p>\n","protected":false},"excerpt":{"rendered":"<p>Recientemente se confirm\u00f3 un caso importado de paludismo en Oaxaca Los SSO refuerzan la vigilancia epidemiol\u00f3gica y monitoreo de casos Con el objetivo de fortalecer e intensificar las acciones en la atenci\u00f3n de enfermedades transmitidas por vector, los Servicios de Salud de Oaxaca (SSO) a trav\u00e9s de la Unidad de Epidemiolog\u00eda realizaron la &#8220;Capacitaci\u00f3n integral [&hellip;]<\/p>\n","protected":false},"author":2,"featured_media":6924,"comment_status":"closed","ping_status":"closed","sticky":false,"template":"","format":"standard","meta":{"footnotes":""},"categories":[2],"tags":[],"class_list":{"0":"post-6923","1":"post","2":"type-post","3":"status-publish","4":"format-standard","5":"has-post-thumbnail","7":"category-oaxaca"},"yoast_head":"<!-- This site is optimized with the Yoast SEO plugin v27.4 - https:\/\/yoast.com\/product\/yoast-seo-wordpress\/ -->\n<title>Capacita SSO a personal del Sector Salud sobre paludismo - LA BRAVA RADIO<\/title>\n<meta name=\"robots\" content=\"index, follow, max-snippet:-1, max-image-preview:large, max-video-preview:-1\" \/>\n<link rel=\"canonical\" href=\"https:\/\/www.bbmnoticias.com\/labravaradiofm\/2021\/12\/09\/capacita-sso-a-personal-del-sector-salud-sobre-paludismo\/\" \/>\n<meta property=\"og:locale\" content=\"es_MX\" \/>\n<meta property=\"og:type\" content=\"article\" \/>\n<meta property=\"og:title\" content=\"Capacita SSO a personal del Sector Salud sobre paludismo - LA BRAVA RADIO\" \/>\n<meta property=\"og:description\" content=\"Recientemente se confirm\u00f3 un caso importado de paludismo en Oaxaca Los SSO refuerzan la vigilancia epidemiol\u00f3gica y monitoreo de casos Con el objetivo de fortalecer e intensificar las acciones en la atenci\u00f3n de enfermedades transmitidas por vector, los Servicios de Salud de Oaxaca (SSO) a trav\u00e9s de la Unidad de Epidemiolog\u00eda realizaron la &#8220;Capacitaci\u00f3n integral [&hellip;]\" \/>\n<meta property=\"og:url\" content=\"https:\/\/www.bbmnoticias.com\/labravaradiofm\/2021\/12\/09\/capacita-sso-a-personal-del-sector-salud-sobre-paludismo\/\" \/>\n<meta property=\"og:site_name\" content=\"LA BRAVA RADIO\" \/>\n<meta property=\"article:published_time\" content=\"2021-12-10T01:08:43+00:00\" \/>\n<meta property=\"article:modified_time\" content=\"2021-12-10T01:08:45+00:00\" \/>\n<meta property=\"og:image\" content=\"https:\/\/www.bbmnoticias.com\/labravaradiofm\/wp-content\/uploads\/sites\/5\/2021\/12\/l09122021-6.jpg\" \/>\n\t<meta property=\"og:image:width\" content=\"668\" \/>\n\t<meta property=\"og:image:height\" content=\"389\" \/>\n\t<meta property=\"og:image:type\" content=\"image\/jpeg\" \/>\n<meta name=\"author\" content=\"Staff\" \/>\n<meta name=\"twitter:card\" content=\"summary_large_image\" \/>\n<meta name=\"twitter:label1\" content=\"Escrito por\" \/>\n\t<meta name=\"twitter:data1\" content=\"Staff\" \/>\n\t<meta name=\"twitter:label2\" content=\"Tiempo de lectura\" \/>\n\t<meta name=\"twitter:data2\" content=\"3 minutos\" \/>\n<script type=\"application\/ld+json\" class=\"yoast-schema-graph\">{\"@context\":\"https:\\\/\\\/schema.org\",\"@graph\":[{\"@type\":\"Article\",\"@id\":\"https:\\\/\\\/www.bbmnoticias.com\\\/labravaradiofm\\\/2021\\\/12\\\/09\\\/capacita-sso-a-personal-del-sector-salud-sobre-paludismo\\\/#article\",\"isPartOf\":{\"@id\":\"https:\\\/\\\/www.bbmnoticias.com\\\/labravaradiofm\\\/2021\\\/12\\\/09\\\/capacita-sso-a-personal-del-sector-salud-sobre-paludismo\\\/\"},\"author\":{\"name\":\"Staff\",\"@id\":\"https:\\\/\\\/www.bbmnoticias.com\\\/labravaradiofm\\\/#\\\/schema\\\/person\\\/68a9e9036ef3c5b55aeb2b71dc8bab45\"},\"headline\":\"Capacita SSO a personal del Sector Salud sobre paludismo\",\"datePublished\":\"2021-12-10T01:08:43+00:00\",\"dateModified\":\"2021-12-10T01:08:45+00:00\",\"mainEntityOfPage\":{\"@id\":\"https:\\\/\\\/www.bbmnoticias.com\\\/labravaradiofm\\\/2021\\\/12\\\/09\\\/capacita-sso-a-personal-del-sector-salud-sobre-paludismo\\\/\"},\"wordCount\":531,\"image\":{\"@id\":\"https:\\\/\\\/www.bbmnoticias.com\\\/labravaradiofm\\\/2021\\\/12\\\/09\\\/capacita-sso-a-personal-del-sector-salud-sobre-paludismo\\\/#primaryimage\"},\"thumbnailUrl\":\"https:\\\/\\\/www.bbmnoticias.com\\\/labravaradiofm\\\/wp-content\\\/uploads\\\/sites\\\/5\\\/2021\\\/12\\\/l09122021-6.jpg\",\"articleSection\":[\"LOCAL\"],\"inLanguage\":\"es\"},{\"@type\":\"WebPage\",\"@id\":\"https:\\\/\\\/www.bbmnoticias.com\\\/labravaradiofm\\\/2021\\\/12\\\/09\\\/capacita-sso-a-personal-del-sector-salud-sobre-paludismo\\\/\",\"url\":\"https:\\\/\\\/www.bbmnoticias.com\\\/labravaradiofm\\\/2021\\\/12\\\/09\\\/capacita-sso-a-personal-del-sector-salud-sobre-paludismo\\\/\",\"name\":\"Capacita SSO a personal del Sector Salud sobre paludismo - LA BRAVA RADIO\",\"isPartOf\":{\"@id\":\"https:\\\/\\\/www.bbmnoticias.com\\\/labravaradiofm\\\/#website\"},\"primaryImageOfPage\":{\"@id\":\"https:\\\/\\\/www.bbmnoticias.com\\\/labravaradiofm\\\/2021\\\/12\\\/09\\\/capacita-sso-a-personal-del-sector-salud-sobre-paludismo\\\/#primaryimage\"},\"image\":{\"@id\":\"https:\\\/\\\/www.bbmnoticias.com\\\/labravaradiofm\\\/2021\\\/12\\\/09\\\/capacita-sso-a-personal-del-sector-salud-sobre-paludismo\\\/#primaryimage\"},\"thumbnailUrl\":\"https:\\\/\\\/www.bbmnoticias.com\\\/labravaradiofm\\\/wp-content\\\/uploads\\\/sites\\\/5\\\/2021\\\/12\\\/l09122021-6.jpg\",\"datePublished\":\"2021-12-10T01:08:43+00:00\",\"dateModified\":\"2021-12-10T01:08:45+00:00\",\"author\":{\"@id\":\"https:\\\/\\\/www.bbmnoticias.com\\\/labravaradiofm\\\/#\\\/schema\\\/person\\\/68a9e9036ef3c5b55aeb2b71dc8bab45\"},\"breadcrumb\":{\"@id\":\"https:\\\/\\\/www.bbmnoticias.com\\\/labravaradiofm\\\/2021\\\/12\\\/09\\\/capacita-sso-a-personal-del-sector-salud-sobre-paludismo\\\/#breadcrumb\"},\"inLanguage\":\"es\",\"potentialAction\":[{\"@type\":\"ReadAction\",\"target\":[\"https:\\\/\\\/www.bbmnoticias.com\\\/labravaradiofm\\\/2021\\\/12\\\/09\\\/capacita-sso-a-personal-del-sector-salud-sobre-paludismo\\\/\"]}]},{\"@type\":\"ImageObject\",\"inLanguage\":\"es\",\"@id\":\"https:\\\/\\\/www.bbmnoticias.com\\\/labravaradiofm\\\/2021\\\/12\\\/09\\\/capacita-sso-a-personal-del-sector-salud-sobre-paludismo\\\/#primaryimage\",\"url\":\"https:\\\/\\\/www.bbmnoticias.com\\\/labravaradiofm\\\/wp-content\\\/uploads\\\/sites\\\/5\\\/2021\\\/12\\\/l09122021-6.jpg\",\"contentUrl\":\"https:\\\/\\\/www.bbmnoticias.com\\\/labravaradiofm\\\/wp-content\\\/uploads\\\/sites\\\/5\\\/2021\\\/12\\\/l09122021-6.jpg\",\"width\":668,\"height\":389},{\"@type\":\"BreadcrumbList\",\"@id\":\"https:\\\/\\\/www.bbmnoticias.com\\\/labravaradiofm\\\/2021\\\/12\\\/09\\\/capacita-sso-a-personal-del-sector-salud-sobre-paludismo\\\/#breadcrumb\",\"itemListElement\":[{\"@type\":\"ListItem\",\"position\":1,\"name\":\"Inicio\",\"item\":\"https:\\\/\\\/www.bbmnoticias.com\\\/labravaradiofm\\\/\"},{\"@type\":\"ListItem\",\"position\":2,\"name\":\"Capacita SSO a personal del Sector Salud sobre paludismo\"}]},{\"@type\":\"WebSite\",\"@id\":\"https:\\\/\\\/www.bbmnoticias.com\\\/labravaradiofm\\\/#website\",\"url\":\"https:\\\/\\\/www.bbmnoticias.com\\\/labravaradiofm\\\/\",\"name\":\"LA BRAVA RADIO\",\"description\":\"Empresa productora de medios, Radiodifusi\u00f3n, Noticias, tendencias y todo lo que necesitas saber de la pol\u00edtica mexicana e internacional; entretenimiento, espect\u00e1culos, salud y mucho m\u00e1s.\",\"potentialAction\":[{\"@type\":\"SearchAction\",\"target\":{\"@type\":\"EntryPoint\",\"urlTemplate\":\"https:\\\/\\\/www.bbmnoticias.com\\\/labravaradiofm\\\/?s={search_term_string}\"},\"query-input\":{\"@type\":\"PropertyValueSpecification\",\"valueRequired\":true,\"valueName\":\"search_term_string\"}}],\"inLanguage\":\"es\"},{\"@type\":\"Person\",\"@id\":\"https:\\\/\\\/www.bbmnoticias.com\\\/labravaradiofm\\\/#\\\/schema\\\/person\\\/68a9e9036ef3c5b55aeb2b71dc8bab45\",\"name\":\"Staff\",\"image\":{\"@type\":\"ImageObject\",\"inLanguage\":\"es\",\"@id\":\"https:\\\/\\\/secure.gravatar.com\\\/avatar\\\/fdd21ad66fd8b98c407f9dee5b5e588cfe7f0d8579ec20fa6527cd59bab7f0f0?s=96&d=mm&r=g\",\"url\":\"https:\\\/\\\/secure.gravatar.com\\\/avatar\\\/fdd21ad66fd8b98c407f9dee5b5e588cfe7f0d8579ec20fa6527cd59bab7f0f0?s=96&d=mm&r=g\",\"contentUrl\":\"https:\\\/\\\/secure.gravatar.com\\\/avatar\\\/fdd21ad66fd8b98c407f9dee5b5e588cfe7f0d8579ec20fa6527cd59bab7f0f0?s=96&d=mm&r=g\",\"caption\":\"Staff\"},\"url\":\"https:\\\/\\\/www.bbmnoticias.com\\\/labravaradiofm\\\/author\\\/redaccion\\\/\"}]}<\/script>\n<!-- \/ Yoast SEO plugin. -->","yoast_head_json":{"title":"Capacita SSO a personal del Sector Salud sobre paludismo - LA BRAVA RADIO","robots":{"index":"index","follow":"follow","max-snippet":"max-snippet:-1","max-image-preview":"max-image-preview:large","max-video-preview":"max-video-preview:-1"},"canonical":"https:\/\/www.bbmnoticias.com\/labravaradiofm\/2021\/12\/09\/capacita-sso-a-personal-del-sector-salud-sobre-paludismo\/","og_locale":"es_MX","og_type":"article","og_title":"Capacita SSO a personal del Sector Salud sobre paludismo - LA BRAVA RADIO","og_description":"Recientemente se confirm\u00f3 un caso importado de paludismo en Oaxaca Los SSO refuerzan la vigilancia epidemiol\u00f3gica y monitoreo de casos Con el objetivo de fortalecer e intensificar las acciones en la atenci\u00f3n de enfermedades transmitidas por vector, los Servicios de Salud de Oaxaca (SSO) a trav\u00e9s de la Unidad de Epidemiolog\u00eda realizaron la &#8220;Capacitaci\u00f3n integral [&hellip;]","og_url":"https:\/\/www.bbmnoticias.com\/labravaradiofm\/2021\/12\/09\/capacita-sso-a-personal-del-sector-salud-sobre-paludismo\/","og_site_name":"LA BRAVA RADIO","article_published_time":"2021-12-10T01:08:43+00:00","article_modified_time":"2021-12-10T01:08:45+00:00","og_image":[{"width":668,"height":389,"url":"https:\/\/www.bbmnoticias.com\/labravaradiofm\/wp-content\/uploads\/sites\/5\/2021\/12\/l09122021-6.jpg","type":"image\/jpeg"}],"author":"Staff","twitter_card":"summary_large_image","twitter_misc":{"Escrito por":"Staff","Tiempo de lectura":"3 minutos"},"schema":{"@context":"https:\/\/schema.org","@graph":[{"@type":"Article","@id":"https:\/\/www.bbmnoticias.com\/labravaradiofm\/2021\/12\/09\/capacita-sso-a-personal-del-sector-salud-sobre-paludismo\/#article","isPartOf":{"@id":"https:\/\/www.bbmnoticias.com\/labravaradiofm\/2021\/12\/09\/capacita-sso-a-personal-del-sector-salud-sobre-paludismo\/"},"author":{"name":"Staff","@id":"https:\/\/www.bbmnoticias.com\/labravaradiofm\/#\/schema\/person\/68a9e9036ef3c5b55aeb2b71dc8bab45"},"headline":"Capacita SSO a personal del Sector Salud sobre paludismo","datePublished":"2021-12-10T01:08:43+00:00","dateModified":"2021-12-10T01:08:45+00:00","mainEntityOfPage":{"@id":"https:\/\/www.bbmnoticias.com\/labravaradiofm\/2021\/12\/09\/capacita-sso-a-personal-del-sector-salud-sobre-paludismo\/"},"wordCount":531,"image":{"@id":"https:\/\/www.bbmnoticias.com\/labravaradiofm\/2021\/12\/09\/capacita-sso-a-personal-del-sector-salud-sobre-paludismo\/#primaryimage"},"thumbnailUrl":"https:\/\/www.bbmnoticias.com\/labravaradiofm\/wp-content\/uploads\/sites\/5\/2021\/12\/l09122021-6.jpg","articleSection":["LOCAL"],"inLanguage":"es"},{"@type":"WebPage","@id":"https:\/\/www.bbmnoticias.com\/labravaradiofm\/2021\/12\/09\/capacita-sso-a-personal-del-sector-salud-sobre-paludismo\/","url":"https:\/\/www.bbmnoticias.com\/labravaradiofm\/2021\/12\/09\/capacita-sso-a-personal-del-sector-salud-sobre-paludismo\/","name":"Capacita SSO a personal del Sector Salud sobre paludismo - LA BRAVA RADIO","isPartOf":{"@id":"https:\/\/www.bbmnoticias.com\/labravaradiofm\/#website"},"primaryImageOfPage":{"@id":"https:\/\/www.bbmnoticias.com\/labravaradiofm\/2021\/12\/09\/capacita-sso-a-personal-del-sector-salud-sobre-paludismo\/#primaryimage"},"image":{"@id":"https:\/\/www.bbmnoticias.com\/labravaradiofm\/2021\/12\/09\/capacita-sso-a-personal-del-sector-salud-sobre-paludismo\/#primaryimage"},"thumbnailUrl":"https:\/\/www.bbmnoticias.com\/labravaradiofm\/wp-content\/uploads\/sites\/5\/2021\/12\/l09122021-6.jpg","datePublished":"2021-12-10T01:08:43+00:00","dateModified":"2021-12-10T01:08:45+00:00","author":{"@id":"https:\/\/www.bbmnoticias.com\/labravaradiofm\/#\/schema\/person\/68a9e9036ef3c5b55aeb2b71dc8bab45"},"breadcrumb":{"@id":"https:\/\/www.bbmnoticias.com\/labravaradiofm\/2021\/12\/09\/capacita-sso-a-personal-del-sector-salud-sobre-paludismo\/#breadcrumb"},"inLanguage":"es","potentialAction":[{"@type":"ReadAction","target":["https:\/\/www.bbmnoticias.com\/labravaradiofm\/2021\/12\/09\/capacita-sso-a-personal-del-sector-salud-sobre-paludismo\/"]}]},{"@type":"ImageObject","inLanguage":"es","@id":"https:\/\/www.bbmnoticias.com\/labravaradiofm\/2021\/12\/09\/capacita-sso-a-personal-del-sector-salud-sobre-paludismo\/#primaryimage","url":"https:\/\/www.bbmnoticias.com\/labravaradiofm\/wp-content\/uploads\/sites\/5\/2021\/12\/l09122021-6.jpg","contentUrl":"https:\/\/www.bbmnoticias.com\/labravaradiofm\/wp-content\/uploads\/sites\/5\/2021\/12\/l09122021-6.jpg","width":668,"height":389},{"@type":"BreadcrumbList","@id":"https:\/\/www.bbmnoticias.com\/labravaradiofm\/2021\/12\/09\/capacita-sso-a-personal-del-sector-salud-sobre-paludismo\/#breadcrumb","itemListElement":[{"@type":"ListItem","position":1,"name":"Inicio","item":"https:\/\/www.bbmnoticias.com\/labravaradiofm\/"},{"@type":"ListItem","position":2,"name":"Capacita SSO a personal del Sector Salud sobre paludismo"}]},{"@type":"WebSite","@id":"https:\/\/www.bbmnoticias.com\/labravaradiofm\/#website","url":"https:\/\/www.bbmnoticias.com\/labravaradiofm\/","name":"LA BRAVA RADIO","description":"Empresa productora de medios, Radiodifusi\u00f3n, Noticias, tendencias y todo lo que necesitas saber de la pol\u00edtica mexicana e internacional; entretenimiento, espect\u00e1culos, salud y mucho m\u00e1s.","potentialAction":[{"@type":"SearchAction","target":{"@type":"EntryPoint","urlTemplate":"https:\/\/www.bbmnoticias.com\/labravaradiofm\/?s={search_term_string}"},"query-input":{"@type":"PropertyValueSpecification","valueRequired":true,"valueName":"search_term_string"}}],"inLanguage":"es"},{"@type":"Person","@id":"https:\/\/www.bbmnoticias.com\/labravaradiofm\/#\/schema\/person\/68a9e9036ef3c5b55aeb2b71dc8bab45","name":"Staff","image":{"@type":"ImageObject","inLanguage":"es","@id":"https:\/\/secure.gravatar.com\/avatar\/fdd21ad66fd8b98c407f9dee5b5e588cfe7f0d8579ec20fa6527cd59bab7f0f0?s=96&d=mm&r=g","url":"https:\/\/secure.gravatar.com\/avatar\/fdd21ad66fd8b98c407f9dee5b5e588cfe7f0d8579ec20fa6527cd59bab7f0f0?s=96&d=mm&r=g","contentUrl":"https:\/\/secure.gravatar.com\/avatar\/fdd21ad66fd8b98c407f9dee5b5e588cfe7f0d8579ec20fa6527cd59bab7f0f0?s=96&d=mm&r=g","caption":"Staff"},"url":"https:\/\/www.bbmnoticias.com\/labravaradiofm\/author\/redaccion\/"}]}},"_links":{"self":[{"href":"https:\/\/www.bbmnoticias.com\/labravaradiofm\/wp-json\/wp\/v2\/posts\/6923","targetHints":{"allow":["GET"]}}],"collection":[{"href":"https:\/\/www.bbmnoticias.com\/labravaradiofm\/wp-json\/wp\/v2\/posts"}],"about":[{"href":"https:\/\/www.bbmnoticias.com\/labravaradiofm\/wp-json\/wp\/v2\/types\/post"}],"author":[{"embeddable":true,"href":"https:\/\/www.bbmnoticias.com\/labravaradiofm\/wp-json\/wp\/v2\/users\/2"}],"replies":[{"embeddable":true,"href":"https:\/\/www.bbmnoticias.com\/labravaradiofm\/wp-json\/wp\/v2\/comments?post=6923"}],"version-history":[{"count":0,"href":"https:\/\/www.bbmnoticias.com\/labravaradiofm\/wp-json\/wp\/v2\/posts\/6923\/revisions"}],"wp:featuredmedia":[{"embeddable":true,"href":"https:\/\/www.bbmnoticias.com\/labravaradiofm\/wp-json\/wp\/v2\/media\/6924"}],"wp:attachment":[{"href":"https:\/\/www.bbmnoticias.com\/labravaradiofm\/wp-json\/wp\/v2\/media?parent=6923"}],"wp:term":[{"taxonomy":"category","embeddable":true,"href":"https:\/\/www.bbmnoticias.com\/labravaradiofm\/wp-json\/wp\/v2\/categories?post=6923"},{"taxonomy":"post_tag","embeddable":true,"href":"https:\/\/www.bbmnoticias.com\/labravaradiofm\/wp-json\/wp\/v2\/tags?post=6923"}],"curies":[{"name":"wp","href":"https:\/\/api.w.org\/{rel}","templated":true}]}}