{"id":6920,"date":"2021-12-09T19:01:53","date_gmt":"2021-12-10T01:01:53","guid":{"rendered":"https:\/\/www.bbmnoticias.com\/labravaradiofm\/?p=6920"},"modified":"2021-12-09T19:01:55","modified_gmt":"2021-12-10T01:01:55","slug":"fortalece-sso-capacitacion-a-las-y-los-directores-de-hospitales-para-brindar-un-mejor-servicio","status":"publish","type":"post","link":"https:\/\/www.bbmnoticias.com\/labravaradiofm\/2021\/12\/09\/fortalece-sso-capacitacion-a-las-y-los-directores-de-hospitales-para-brindar-un-mejor-servicio\/","title":{"rendered":"Fortalece SSO capacitaci\u00f3n a las y los directores de hospitales para brindar un mejor servicio"},"content":{"rendered":"<div style=\"margin-top: 0px; margin-bottom: 0px;\" class=\"sharethis-inline-share-buttons\" ><\/div>\n<ul class=\"wp-block-list\"><li>El curso fue dirigido a 34 titulares de Unidades M\u00e9dicas<\/li><li>El secretario de salud convoc\u00f3 a las y los directores a ejecutar acciones con liderazgo y trabajar en equipo<\/li><\/ul>\n\n\n\n<p>Con el objetivo de incrementar la capacidad resolutiva de la red m\u00e9dica en la entidad, as\u00ed como hacer uso eficiente de los recursos y mejorar la calidad en los servicios, el secretario de salud, Juan Carlos M\u00e1rquez Heine, inaugur\u00f3 este d\u00eda el curso \u201cIntroducci\u00f3n a las competencias gerenciales\u201d.<\/p>\n\n\n\n<p>Con la participaci\u00f3n de directoras y directores de 14 Hospitales Generales, 19 B\u00e1sicos Comunitarios, Hospital Psiqui\u00e1trico \u201cCruz del sur\u201d y del Centro de Oncolog\u00eda y Radioterapia de Oaxaca (CORO), el titular de los Servicios de Salud de Oaxaca (SSO), al hacer la declaratoria inaugural, convoc\u00f3 a los presentes ejecutar acciones con liderazgo efectivo y trabajar en equipo con el personal sanitario.<\/p>\n\n\n\n<p>Precis\u00f3 que esta capacitaci\u00f3n presencial-del 9 y 10 de diciembre-, es parte de las acciones para impulsar una nueva orientaci\u00f3n para fortalecer las Unidades M\u00e9dicas, conformadas por equipos de alto desempe\u00f1o, con conocimiento y habilidades en Gesti\u00f3n Hospitalaria y Direcci\u00f3n, a fin de garantizar a las familias oaxaque\u00f1as un Sistema de Salud fuerte, productivo y con la capacidad para satisfacer las demandas y necesidades.<\/p>\n\n\n\n<p>Destac\u00f3 que las acciones y decisiones que se tomen al interior de cada unidad hospitalaria deben reflejarse en beneficio a la poblaci\u00f3n, por ello, los exhort\u00f3 a aprovechar al m\u00e1ximo esta oportunidad de capacitaci\u00f3n, \u201cpero sobre todo seamos parte del cambio organizacional, desarrollemos las competencias necesarias y pong\u00e1moslas en pr\u00e1ctica en nuestro d\u00eda a d\u00eda\u201d, agreg\u00f3.<\/p>\n\n\n\n<p>El titular de los SSO, reconoci\u00f3 el gran reto que ha tenido en los dos \u00faltimos a\u00f1os la dependencia, un gran ejemplo ha sido la pandemia por COVID-19, de ah\u00ed que actualmente se requiere, -dijo- de un nuevo tipo de liderazgo efectivo, que inspire con el ejemplo a crecer y alcanzar las metas institucionales.<\/p>\n\n\n\n<p>\u201cEstoy convencido que el resultado de la implementaci\u00f3n de esta estrategia ser\u00e1 una contribuci\u00f3n muy importante para la prestaci\u00f3n de servicios m\u00e9dicos para las oaxaque\u00f1as y los oaxaque\u00f1os\u201d, puntualiz\u00f3.<\/p>\n\n\n\n<p>Asimismo, ante la presencia de los titulares de la red m\u00e9dica y \u00e1reas de los SSO, agradeci\u00f3 la colaboraci\u00f3n del \u00d3rgano Garante de Acceso a la Informaci\u00f3n P\u00fablica, Transparencia, Protecci\u00f3n de Datos Personales y Buen Gobierno del Estado de Oaxaca (OGAIPO), al Instituto Mexicano del Seguro Social (IMSS) y a la Defensor\u00eda de los Derechos Humanos del Pueblo de Oaxaca (DDHPO), quienes ser\u00e1n ponentes en dicha capacitaci\u00f3n.<\/p>\n\n\n\n<p>Cabe destacar que la actividad cont\u00f3 con la presencia del Subdirector de Innovaci\u00f3n y Calidad de los SSO, H\u00e9ctor Matus Santiago, las directoras de Atenci\u00f3n M\u00e9dica, Fabiola V\u00e1zquez Celaya, as\u00ed como de Ense\u00f1anza y Calidad, Aminta Santos Vargas, principalmente.<\/p>\n\n\n\n<p>Dentro de los temas impartidos durante el primer d\u00eda de capacitaci\u00f3n fueron: Condiciones generales del trabajo, Ley de Servidores P\u00fablicos, transparencia y rendici\u00f3n de cuentas, perspectiva de g\u00e9nero, derechos humanos, poblaciones vulnerables, introducci\u00f3n al Modelo de Gesti\u00f3n de la Calidad en los SS0, los cuales fueron impartidos por especialistas de diversas instituciones.<\/p>\n","protected":false},"excerpt":{"rendered":"<p>El curso fue dirigido a 34 titulares de Unidades M\u00e9dicas El secretario de salud convoc\u00f3 a las y los directores a ejecutar acciones con liderazgo y trabajar en equipo Con el objetivo de incrementar la capacidad resolutiva de la red m\u00e9dica en la entidad, as\u00ed como hacer uso eficiente de los recursos y mejorar la [&hellip;]<\/p>\n","protected":false},"author":2,"featured_media":6921,"comment_status":"closed","ping_status":"closed","sticky":false,"template":"","format":"standard","meta":{"footnotes":""},"categories":[2],"tags":[],"class_list":{"0":"post-6920","1":"post","2":"type-post","3":"status-publish","4":"format-standard","5":"has-post-thumbnail","7":"category-oaxaca"},"yoast_head":"<!-- This site is optimized with the Yoast SEO plugin v27.4 - https:\/\/yoast.com\/product\/yoast-seo-wordpress\/ -->\n<title>Fortalece SSO capacitaci\u00f3n a las y los directores de hospitales para brindar un mejor servicio - LA BRAVA RADIO<\/title>\n<meta name=\"robots\" content=\"index, follow, max-snippet:-1, max-image-preview:large, max-video-preview:-1\" \/>\n<link rel=\"canonical\" href=\"https:\/\/www.bbmnoticias.com\/labravaradiofm\/2021\/12\/09\/fortalece-sso-capacitacion-a-las-y-los-directores-de-hospitales-para-brindar-un-mejor-servicio\/\" \/>\n<meta property=\"og:locale\" content=\"es_MX\" \/>\n<meta property=\"og:type\" content=\"article\" \/>\n<meta property=\"og:title\" content=\"Fortalece SSO capacitaci\u00f3n a las y los directores de hospitales para brindar un mejor servicio - LA BRAVA RADIO\" \/>\n<meta property=\"og:description\" content=\"El curso fue dirigido a 34 titulares de Unidades M\u00e9dicas El secretario de salud convoc\u00f3 a las y los directores a ejecutar acciones con liderazgo y trabajar en equipo Con el objetivo de incrementar la capacidad resolutiva de la red m\u00e9dica en la entidad, as\u00ed como hacer uso eficiente de los recursos y mejorar la [&hellip;]\" \/>\n<meta property=\"og:url\" content=\"https:\/\/www.bbmnoticias.com\/labravaradiofm\/2021\/12\/09\/fortalece-sso-capacitacion-a-las-y-los-directores-de-hospitales-para-brindar-un-mejor-servicio\/\" \/>\n<meta property=\"og:site_name\" content=\"LA BRAVA RADIO\" \/>\n<meta property=\"article:published_time\" content=\"2021-12-10T01:01:53+00:00\" \/>\n<meta property=\"article:modified_time\" content=\"2021-12-10T01:01:55+00:00\" \/>\n<meta property=\"og:image\" content=\"https:\/\/www.bbmnoticias.com\/labravaradiofm\/wp-content\/uploads\/sites\/5\/2021\/12\/l09122021-5.jpg\" \/>\n\t<meta property=\"og:image:width\" content=\"900\" \/>\n\t<meta property=\"og:image:height\" content=\"404\" \/>\n\t<meta property=\"og:image:type\" content=\"image\/jpeg\" \/>\n<meta name=\"author\" content=\"Staff\" \/>\n<meta name=\"twitter:card\" content=\"summary_large_image\" \/>\n<meta name=\"twitter:label1\" content=\"Escrito por\" \/>\n\t<meta name=\"twitter:data1\" content=\"Staff\" \/>\n\t<meta name=\"twitter:label2\" content=\"Tiempo de lectura\" \/>\n\t<meta name=\"twitter:data2\" content=\"3 minutos\" \/>\n<script type=\"application\/ld+json\" class=\"yoast-schema-graph\">{\"@context\":\"https:\\\/\\\/schema.org\",\"@graph\":[{\"@type\":\"Article\",\"@id\":\"https:\\\/\\\/www.bbmnoticias.com\\\/labravaradiofm\\\/2021\\\/12\\\/09\\\/fortalece-sso-capacitacion-a-las-y-los-directores-de-hospitales-para-brindar-un-mejor-servicio\\\/#article\",\"isPartOf\":{\"@id\":\"https:\\\/\\\/www.bbmnoticias.com\\\/labravaradiofm\\\/2021\\\/12\\\/09\\\/fortalece-sso-capacitacion-a-las-y-los-directores-de-hospitales-para-brindar-un-mejor-servicio\\\/\"},\"author\":{\"name\":\"Staff\",\"@id\":\"https:\\\/\\\/www.bbmnoticias.com\\\/labravaradiofm\\\/#\\\/schema\\\/person\\\/68a9e9036ef3c5b55aeb2b71dc8bab45\"},\"headline\":\"Fortalece SSO capacitaci\u00f3n a las y los directores de hospitales para brindar un mejor servicio\",\"datePublished\":\"2021-12-10T01:01:53+00:00\",\"dateModified\":\"2021-12-10T01:01:55+00:00\",\"mainEntityOfPage\":{\"@id\":\"https:\\\/\\\/www.bbmnoticias.com\\\/labravaradiofm\\\/2021\\\/12\\\/09\\\/fortalece-sso-capacitacion-a-las-y-los-directores-de-hospitales-para-brindar-un-mejor-servicio\\\/\"},\"wordCount\":561,\"image\":{\"@id\":\"https:\\\/\\\/www.bbmnoticias.com\\\/labravaradiofm\\\/2021\\\/12\\\/09\\\/fortalece-sso-capacitacion-a-las-y-los-directores-de-hospitales-para-brindar-un-mejor-servicio\\\/#primaryimage\"},\"thumbnailUrl\":\"https:\\\/\\\/www.bbmnoticias.com\\\/labravaradiofm\\\/wp-content\\\/uploads\\\/sites\\\/5\\\/2021\\\/12\\\/l09122021-5.jpg\",\"articleSection\":[\"LOCAL\"],\"inLanguage\":\"es\"},{\"@type\":\"WebPage\",\"@id\":\"https:\\\/\\\/www.bbmnoticias.com\\\/labravaradiofm\\\/2021\\\/12\\\/09\\\/fortalece-sso-capacitacion-a-las-y-los-directores-de-hospitales-para-brindar-un-mejor-servicio\\\/\",\"url\":\"https:\\\/\\\/www.bbmnoticias.com\\\/labravaradiofm\\\/2021\\\/12\\\/09\\\/fortalece-sso-capacitacion-a-las-y-los-directores-de-hospitales-para-brindar-un-mejor-servicio\\\/\",\"name\":\"Fortalece SSO capacitaci\u00f3n a las y los directores de hospitales para brindar un mejor servicio - LA BRAVA RADIO\",\"isPartOf\":{\"@id\":\"https:\\\/\\\/www.bbmnoticias.com\\\/labravaradiofm\\\/#website\"},\"primaryImageOfPage\":{\"@id\":\"https:\\\/\\\/www.bbmnoticias.com\\\/labravaradiofm\\\/2021\\\/12\\\/09\\\/fortalece-sso-capacitacion-a-las-y-los-directores-de-hospitales-para-brindar-un-mejor-servicio\\\/#primaryimage\"},\"image\":{\"@id\":\"https:\\\/\\\/www.bbmnoticias.com\\\/labravaradiofm\\\/2021\\\/12\\\/09\\\/fortalece-sso-capacitacion-a-las-y-los-directores-de-hospitales-para-brindar-un-mejor-servicio\\\/#primaryimage\"},\"thumbnailUrl\":\"https:\\\/\\\/www.bbmnoticias.com\\\/labravaradiofm\\\/wp-content\\\/uploads\\\/sites\\\/5\\\/2021\\\/12\\\/l09122021-5.jpg\",\"datePublished\":\"2021-12-10T01:01:53+00:00\",\"dateModified\":\"2021-12-10T01:01:55+00:00\",\"author\":{\"@id\":\"https:\\\/\\\/www.bbmnoticias.com\\\/labravaradiofm\\\/#\\\/schema\\\/person\\\/68a9e9036ef3c5b55aeb2b71dc8bab45\"},\"breadcrumb\":{\"@id\":\"https:\\\/\\\/www.bbmnoticias.com\\\/labravaradiofm\\\/2021\\\/12\\\/09\\\/fortalece-sso-capacitacion-a-las-y-los-directores-de-hospitales-para-brindar-un-mejor-servicio\\\/#breadcrumb\"},\"inLanguage\":\"es\",\"potentialAction\":[{\"@type\":\"ReadAction\",\"target\":[\"https:\\\/\\\/www.bbmnoticias.com\\\/labravaradiofm\\\/2021\\\/12\\\/09\\\/fortalece-sso-capacitacion-a-las-y-los-directores-de-hospitales-para-brindar-un-mejor-servicio\\\/\"]}]},{\"@type\":\"ImageObject\",\"inLanguage\":\"es\",\"@id\":\"https:\\\/\\\/www.bbmnoticias.com\\\/labravaradiofm\\\/2021\\\/12\\\/09\\\/fortalece-sso-capacitacion-a-las-y-los-directores-de-hospitales-para-brindar-un-mejor-servicio\\\/#primaryimage\",\"url\":\"https:\\\/\\\/www.bbmnoticias.com\\\/labravaradiofm\\\/wp-content\\\/uploads\\\/sites\\\/5\\\/2021\\\/12\\\/l09122021-5.jpg\",\"contentUrl\":\"https:\\\/\\\/www.bbmnoticias.com\\\/labravaradiofm\\\/wp-content\\\/uploads\\\/sites\\\/5\\\/2021\\\/12\\\/l09122021-5.jpg\",\"width\":900,\"height\":404},{\"@type\":\"BreadcrumbList\",\"@id\":\"https:\\\/\\\/www.bbmnoticias.com\\\/labravaradiofm\\\/2021\\\/12\\\/09\\\/fortalece-sso-capacitacion-a-las-y-los-directores-de-hospitales-para-brindar-un-mejor-servicio\\\/#breadcrumb\",\"itemListElement\":[{\"@type\":\"ListItem\",\"position\":1,\"name\":\"Inicio\",\"item\":\"https:\\\/\\\/www.bbmnoticias.com\\\/labravaradiofm\\\/\"},{\"@type\":\"ListItem\",\"position\":2,\"name\":\"Fortalece SSO capacitaci\u00f3n a las y los directores de hospitales para brindar un mejor servicio\"}]},{\"@type\":\"WebSite\",\"@id\":\"https:\\\/\\\/www.bbmnoticias.com\\\/labravaradiofm\\\/#website\",\"url\":\"https:\\\/\\\/www.bbmnoticias.com\\\/labravaradiofm\\\/\",\"name\":\"LA BRAVA RADIO\",\"description\":\"Empresa productora de medios, Radiodifusi\u00f3n, Noticias, tendencias y todo lo que necesitas saber de la pol\u00edtica mexicana e internacional; entretenimiento, espect\u00e1culos, salud y mucho m\u00e1s.\",\"potentialAction\":[{\"@type\":\"SearchAction\",\"target\":{\"@type\":\"EntryPoint\",\"urlTemplate\":\"https:\\\/\\\/www.bbmnoticias.com\\\/labravaradiofm\\\/?s={search_term_string}\"},\"query-input\":{\"@type\":\"PropertyValueSpecification\",\"valueRequired\":true,\"valueName\":\"search_term_string\"}}],\"inLanguage\":\"es\"},{\"@type\":\"Person\",\"@id\":\"https:\\\/\\\/www.bbmnoticias.com\\\/labravaradiofm\\\/#\\\/schema\\\/person\\\/68a9e9036ef3c5b55aeb2b71dc8bab45\",\"name\":\"Staff\",\"image\":{\"@type\":\"ImageObject\",\"inLanguage\":\"es\",\"@id\":\"https:\\\/\\\/secure.gravatar.com\\\/avatar\\\/fdd21ad66fd8b98c407f9dee5b5e588cfe7f0d8579ec20fa6527cd59bab7f0f0?s=96&d=mm&r=g\",\"url\":\"https:\\\/\\\/secure.gravatar.com\\\/avatar\\\/fdd21ad66fd8b98c407f9dee5b5e588cfe7f0d8579ec20fa6527cd59bab7f0f0?s=96&d=mm&r=g\",\"contentUrl\":\"https:\\\/\\\/secure.gravatar.com\\\/avatar\\\/fdd21ad66fd8b98c407f9dee5b5e588cfe7f0d8579ec20fa6527cd59bab7f0f0?s=96&d=mm&r=g\",\"caption\":\"Staff\"},\"url\":\"https:\\\/\\\/www.bbmnoticias.com\\\/labravaradiofm\\\/author\\\/redaccion\\\/\"}]}<\/script>\n<!-- \/ Yoast SEO plugin. -->","yoast_head_json":{"title":"Fortalece SSO capacitaci\u00f3n a las y los directores de hospitales para brindar un mejor servicio - LA BRAVA RADIO","robots":{"index":"index","follow":"follow","max-snippet":"max-snippet:-1","max-image-preview":"max-image-preview:large","max-video-preview":"max-video-preview:-1"},"canonical":"https:\/\/www.bbmnoticias.com\/labravaradiofm\/2021\/12\/09\/fortalece-sso-capacitacion-a-las-y-los-directores-de-hospitales-para-brindar-un-mejor-servicio\/","og_locale":"es_MX","og_type":"article","og_title":"Fortalece SSO capacitaci\u00f3n a las y los directores de hospitales para brindar un mejor servicio - LA BRAVA RADIO","og_description":"El curso fue dirigido a 34 titulares de Unidades M\u00e9dicas El secretario de salud convoc\u00f3 a las y los directores a ejecutar acciones con liderazgo y trabajar en equipo Con el objetivo de incrementar la capacidad resolutiva de la red m\u00e9dica en la entidad, as\u00ed como hacer uso eficiente de los recursos y mejorar la [&hellip;]","og_url":"https:\/\/www.bbmnoticias.com\/labravaradiofm\/2021\/12\/09\/fortalece-sso-capacitacion-a-las-y-los-directores-de-hospitales-para-brindar-un-mejor-servicio\/","og_site_name":"LA BRAVA RADIO","article_published_time":"2021-12-10T01:01:53+00:00","article_modified_time":"2021-12-10T01:01:55+00:00","og_image":[{"width":900,"height":404,"url":"https:\/\/www.bbmnoticias.com\/labravaradiofm\/wp-content\/uploads\/sites\/5\/2021\/12\/l09122021-5.jpg","type":"image\/jpeg"}],"author":"Staff","twitter_card":"summary_large_image","twitter_misc":{"Escrito por":"Staff","Tiempo de lectura":"3 minutos"},"schema":{"@context":"https:\/\/schema.org","@graph":[{"@type":"Article","@id":"https:\/\/www.bbmnoticias.com\/labravaradiofm\/2021\/12\/09\/fortalece-sso-capacitacion-a-las-y-los-directores-de-hospitales-para-brindar-un-mejor-servicio\/#article","isPartOf":{"@id":"https:\/\/www.bbmnoticias.com\/labravaradiofm\/2021\/12\/09\/fortalece-sso-capacitacion-a-las-y-los-directores-de-hospitales-para-brindar-un-mejor-servicio\/"},"author":{"name":"Staff","@id":"https:\/\/www.bbmnoticias.com\/labravaradiofm\/#\/schema\/person\/68a9e9036ef3c5b55aeb2b71dc8bab45"},"headline":"Fortalece SSO capacitaci\u00f3n a las y los directores de hospitales para brindar un mejor servicio","datePublished":"2021-12-10T01:01:53+00:00","dateModified":"2021-12-10T01:01:55+00:00","mainEntityOfPage":{"@id":"https:\/\/www.bbmnoticias.com\/labravaradiofm\/2021\/12\/09\/fortalece-sso-capacitacion-a-las-y-los-directores-de-hospitales-para-brindar-un-mejor-servicio\/"},"wordCount":561,"image":{"@id":"https:\/\/www.bbmnoticias.com\/labravaradiofm\/2021\/12\/09\/fortalece-sso-capacitacion-a-las-y-los-directores-de-hospitales-para-brindar-un-mejor-servicio\/#primaryimage"},"thumbnailUrl":"https:\/\/www.bbmnoticias.com\/labravaradiofm\/wp-content\/uploads\/sites\/5\/2021\/12\/l09122021-5.jpg","articleSection":["LOCAL"],"inLanguage":"es"},{"@type":"WebPage","@id":"https:\/\/www.bbmnoticias.com\/labravaradiofm\/2021\/12\/09\/fortalece-sso-capacitacion-a-las-y-los-directores-de-hospitales-para-brindar-un-mejor-servicio\/","url":"https:\/\/www.bbmnoticias.com\/labravaradiofm\/2021\/12\/09\/fortalece-sso-capacitacion-a-las-y-los-directores-de-hospitales-para-brindar-un-mejor-servicio\/","name":"Fortalece SSO capacitaci\u00f3n a las y los directores de hospitales para brindar un mejor servicio - LA BRAVA RADIO","isPartOf":{"@id":"https:\/\/www.bbmnoticias.com\/labravaradiofm\/#website"},"primaryImageOfPage":{"@id":"https:\/\/www.bbmnoticias.com\/labravaradiofm\/2021\/12\/09\/fortalece-sso-capacitacion-a-las-y-los-directores-de-hospitales-para-brindar-un-mejor-servicio\/#primaryimage"},"image":{"@id":"https:\/\/www.bbmnoticias.com\/labravaradiofm\/2021\/12\/09\/fortalece-sso-capacitacion-a-las-y-los-directores-de-hospitales-para-brindar-un-mejor-servicio\/#primaryimage"},"thumbnailUrl":"https:\/\/www.bbmnoticias.com\/labravaradiofm\/wp-content\/uploads\/sites\/5\/2021\/12\/l09122021-5.jpg","datePublished":"2021-12-10T01:01:53+00:00","dateModified":"2021-12-10T01:01:55+00:00","author":{"@id":"https:\/\/www.bbmnoticias.com\/labravaradiofm\/#\/schema\/person\/68a9e9036ef3c5b55aeb2b71dc8bab45"},"breadcrumb":{"@id":"https:\/\/www.bbmnoticias.com\/labravaradiofm\/2021\/12\/09\/fortalece-sso-capacitacion-a-las-y-los-directores-de-hospitales-para-brindar-un-mejor-servicio\/#breadcrumb"},"inLanguage":"es","potentialAction":[{"@type":"ReadAction","target":["https:\/\/www.bbmnoticias.com\/labravaradiofm\/2021\/12\/09\/fortalece-sso-capacitacion-a-las-y-los-directores-de-hospitales-para-brindar-un-mejor-servicio\/"]}]},{"@type":"ImageObject","inLanguage":"es","@id":"https:\/\/www.bbmnoticias.com\/labravaradiofm\/2021\/12\/09\/fortalece-sso-capacitacion-a-las-y-los-directores-de-hospitales-para-brindar-un-mejor-servicio\/#primaryimage","url":"https:\/\/www.bbmnoticias.com\/labravaradiofm\/wp-content\/uploads\/sites\/5\/2021\/12\/l09122021-5.jpg","contentUrl":"https:\/\/www.bbmnoticias.com\/labravaradiofm\/wp-content\/uploads\/sites\/5\/2021\/12\/l09122021-5.jpg","width":900,"height":404},{"@type":"BreadcrumbList","@id":"https:\/\/www.bbmnoticias.com\/labravaradiofm\/2021\/12\/09\/fortalece-sso-capacitacion-a-las-y-los-directores-de-hospitales-para-brindar-un-mejor-servicio\/#breadcrumb","itemListElement":[{"@type":"ListItem","position":1,"name":"Inicio","item":"https:\/\/www.bbmnoticias.com\/labravaradiofm\/"},{"@type":"ListItem","position":2,"name":"Fortalece SSO capacitaci\u00f3n a las y los directores de hospitales para brindar un mejor servicio"}]},{"@type":"WebSite","@id":"https:\/\/www.bbmnoticias.com\/labravaradiofm\/#website","url":"https:\/\/www.bbmnoticias.com\/labravaradiofm\/","name":"LA BRAVA RADIO","description":"Empresa productora de medios, Radiodifusi\u00f3n, Noticias, tendencias y todo lo que necesitas saber de la pol\u00edtica mexicana e internacional; entretenimiento, espect\u00e1culos, salud y mucho m\u00e1s.","potentialAction":[{"@type":"SearchAction","target":{"@type":"EntryPoint","urlTemplate":"https:\/\/www.bbmnoticias.com\/labravaradiofm\/?s={search_term_string}"},"query-input":{"@type":"PropertyValueSpecification","valueRequired":true,"valueName":"search_term_string"}}],"inLanguage":"es"},{"@type":"Person","@id":"https:\/\/www.bbmnoticias.com\/labravaradiofm\/#\/schema\/person\/68a9e9036ef3c5b55aeb2b71dc8bab45","name":"Staff","image":{"@type":"ImageObject","inLanguage":"es","@id":"https:\/\/secure.gravatar.com\/avatar\/fdd21ad66fd8b98c407f9dee5b5e588cfe7f0d8579ec20fa6527cd59bab7f0f0?s=96&d=mm&r=g","url":"https:\/\/secure.gravatar.com\/avatar\/fdd21ad66fd8b98c407f9dee5b5e588cfe7f0d8579ec20fa6527cd59bab7f0f0?s=96&d=mm&r=g","contentUrl":"https:\/\/secure.gravatar.com\/avatar\/fdd21ad66fd8b98c407f9dee5b5e588cfe7f0d8579ec20fa6527cd59bab7f0f0?s=96&d=mm&r=g","caption":"Staff"},"url":"https:\/\/www.bbmnoticias.com\/labravaradiofm\/author\/redaccion\/"}]}},"_links":{"self":[{"href":"https:\/\/www.bbmnoticias.com\/labravaradiofm\/wp-json\/wp\/v2\/posts\/6920","targetHints":{"allow":["GET"]}}],"collection":[{"href":"https:\/\/www.bbmnoticias.com\/labravaradiofm\/wp-json\/wp\/v2\/posts"}],"about":[{"href":"https:\/\/www.bbmnoticias.com\/labravaradiofm\/wp-json\/wp\/v2\/types\/post"}],"author":[{"embeddable":true,"href":"https:\/\/www.bbmnoticias.com\/labravaradiofm\/wp-json\/wp\/v2\/users\/2"}],"replies":[{"embeddable":true,"href":"https:\/\/www.bbmnoticias.com\/labravaradiofm\/wp-json\/wp\/v2\/comments?post=6920"}],"version-history":[{"count":0,"href":"https:\/\/www.bbmnoticias.com\/labravaradiofm\/wp-json\/wp\/v2\/posts\/6920\/revisions"}],"wp:featuredmedia":[{"embeddable":true,"href":"https:\/\/www.bbmnoticias.com\/labravaradiofm\/wp-json\/wp\/v2\/media\/6921"}],"wp:attachment":[{"href":"https:\/\/www.bbmnoticias.com\/labravaradiofm\/wp-json\/wp\/v2\/media?parent=6920"}],"wp:term":[{"taxonomy":"category","embeddable":true,"href":"https:\/\/www.bbmnoticias.com\/labravaradiofm\/wp-json\/wp\/v2\/categories?post=6920"},{"taxonomy":"post_tag","embeddable":true,"href":"https:\/\/www.bbmnoticias.com\/labravaradiofm\/wp-json\/wp\/v2\/tags?post=6920"}],"curies":[{"name":"wp","href":"https:\/\/api.w.org\/{rel}","templated":true}]}}