{"id":6915,"date":"2021-12-09T17:54:59","date_gmt":"2021-12-09T23:54:59","guid":{"rendered":"https:\/\/www.bbmnoticias.com\/labravaradiofm\/?p=6915"},"modified":"2021-12-09T17:56:51","modified_gmt":"2021-12-09T23:56:51","slug":"disponible-la-edicion-siete-de-la-revista-electronica-didactic-del-ieepo","status":"publish","type":"post","link":"https:\/\/www.bbmnoticias.com\/labravaradiofm\/2021\/12\/09\/disponible-la-edicion-siete-de-la-revista-electronica-didactic-del-ieepo\/","title":{"rendered":"Disponible la edici\u00f3n siete de la Revista electr\u00f3nica DidacTIC del IEEPO"},"content":{"rendered":"<div style=\"margin-top: 0px; margin-bottom: 0px;\" class=\"sharethis-inline-share-buttons\" ><\/div>\n<p>Oaxaca de Ju\u00e1rez, Oax.- Con diferentes contenidos sobre el fomento a la lectura, las tabletas digitalizadoras y pizarras virtuales online, la educaci\u00f3n h\u00edbrida, programaci\u00f3n en el desarrollo cognitivo de ni\u00f1as y ni\u00f1os, as\u00ed como la elaboraci\u00f3n de videos en la escuela, se encuentra disponible, en su edici\u00f3n siete, la Revista Oaxaque\u00f1a de Tecnolog\u00eda Educativa DidacTIC, editada por el Instituto Estatal de Educaci\u00f3n P\u00fablica de Oaxaca (IEEPO).<\/p>\n\n\n\n<p>A trav\u00e9s de esta publicaci\u00f3n electr\u00f3nica cuatrimestral, el Instituto difunde pr\u00e1cticas y experiencias exitosas e innovadoras con la incorporaci\u00f3n de las Tecnolog\u00edas de la Informaci\u00f3n y la Comunicaci\u00f3n (TIC), que comparten especialistas, maestros y maestras de escuelas de educaci\u00f3n b\u00e1sica del estado.<\/p>\n\n\n\n<p>Como parte de los art\u00edculos, se encuentra el taller de Fomento a la lectura con Aline de la Macorra, master de Literatura Infantil por la Universidad Aut\u00f3noma de Barcelona y en Rehabilitation Counseling por la Universidad del Estado de Oregon; fundadora del colectivo cultural Colorines Educaci\u00f3n, actividad que tuvo como objetivo desarrollar estrategias de promoci\u00f3n de la lectura en el alumnado de educaci\u00f3n b\u00e1sica, a trav\u00e9s de medios digitales.<\/p>\n\n\n\n<p>Tambi\u00e9n, est\u00e1n las colaboraciones del maestro de matem\u00e1ticas y consultor en materia inform\u00e1tica, Arturo Fajardo N\u00fa\u00f1ez, con \u00bfQu\u00e9 podr\u00edamos entender por educaci\u00f3n h\u00edbrida? y del profesor y estudiante de la licenciatura en biolog\u00eda en la Escuela Normal Superior Federal de Oaxaca (ENSFO), Uriel S\u00e1nchez Ruiz, con el tema Realidad aumentada con el cubo Merge.<\/p>\n\n\n\n<p>El ingeniero en Sistemas, Alberto Zacar\u00edas Jos\u00e9 escribe sobre La programaci\u00f3n en el desarrollo cognitivo de ni\u00f1as y ni\u00f1os y el especialista Luis Antonio Malpica Guti\u00e9rrez, coautor del libro Oaxaca nuestro patrimonio natural y cultural, comparte un texto acerca de La elaboraci\u00f3n de videos en la escuela, una forma audaz de ense\u00f1ar.<\/p>\n\n\n\n<p>Para consulta y descarga de la Revista Oaxaque\u00f1a de Tecnolog\u00eda Educativa DidacTIC, que tambi\u00e9n es una opci\u00f3n de sano entretenimiento, se puede acceder desde la p\u00e1gina institucional del IEEPO https:\/\/www.oaxaca.gob.mx\/ieepo\/ o directamente en el enlace https:\/\/www.oaxaca.gob.mx\/ieepo\/didactic-revista-oaxaquena-de-tecnologia-educativa\/, donde tambi\u00e9n se encuentran las anteriores ediciones.<\/p>\n","protected":false},"excerpt":{"rendered":"<p>Oaxaca de Ju\u00e1rez, Oax.- Con diferentes contenidos sobre el fomento a la lectura, las tabletas digitalizadoras y pizarras virtuales online, la educaci\u00f3n h\u00edbrida, programaci\u00f3n en el desarrollo cognitivo de ni\u00f1as y ni\u00f1os, as\u00ed como la elaboraci\u00f3n de videos en la escuela, se encuentra disponible, en su edici\u00f3n siete, la Revista Oaxaque\u00f1a de Tecnolog\u00eda Educativa DidacTIC, [&hellip;]<\/p>\n","protected":false},"author":2,"featured_media":6916,"comment_status":"closed","ping_status":"closed","sticky":false,"template":"","format":"standard","meta":{"footnotes":""},"categories":[2],"tags":[],"class_list":{"0":"post-6915","1":"post","2":"type-post","3":"status-publish","4":"format-standard","5":"has-post-thumbnail","7":"category-oaxaca"},"yoast_head":"<!-- This site is optimized with the Yoast SEO plugin v27.4 - https:\/\/yoast.com\/product\/yoast-seo-wordpress\/ -->\n<title>Disponible la edici\u00f3n siete de la Revista electr\u00f3nica DidacTIC del IEEPO - LA BRAVA RADIO<\/title>\n<meta name=\"robots\" content=\"index, follow, max-snippet:-1, max-image-preview:large, max-video-preview:-1\" \/>\n<link rel=\"canonical\" href=\"https:\/\/www.bbmnoticias.com\/labravaradiofm\/2021\/12\/09\/disponible-la-edicion-siete-de-la-revista-electronica-didactic-del-ieepo\/\" \/>\n<meta property=\"og:locale\" content=\"es_MX\" \/>\n<meta property=\"og:type\" content=\"article\" \/>\n<meta property=\"og:title\" content=\"Disponible la edici\u00f3n siete de la Revista electr\u00f3nica DidacTIC del IEEPO - LA BRAVA RADIO\" \/>\n<meta property=\"og:description\" content=\"Oaxaca de Ju\u00e1rez, Oax.- Con diferentes contenidos sobre el fomento a la lectura, las tabletas digitalizadoras y pizarras virtuales online, la educaci\u00f3n h\u00edbrida, programaci\u00f3n en el desarrollo cognitivo de ni\u00f1as y ni\u00f1os, as\u00ed como la elaboraci\u00f3n de videos en la escuela, se encuentra disponible, en su edici\u00f3n siete, la Revista Oaxaque\u00f1a de Tecnolog\u00eda Educativa DidacTIC, [&hellip;]\" \/>\n<meta property=\"og:url\" content=\"https:\/\/www.bbmnoticias.com\/labravaradiofm\/2021\/12\/09\/disponible-la-edicion-siete-de-la-revista-electronica-didactic-del-ieepo\/\" \/>\n<meta property=\"og:site_name\" content=\"LA BRAVA RADIO\" \/>\n<meta property=\"article:published_time\" content=\"2021-12-09T23:54:59+00:00\" \/>\n<meta property=\"article:modified_time\" content=\"2021-12-09T23:56:51+00:00\" \/>\n<meta property=\"og:image\" content=\"https:\/\/www.bbmnoticias.com\/labravaradiofm\/wp-content\/uploads\/sites\/5\/2021\/12\/IEEPO.jpg\" \/>\n\t<meta property=\"og:image:width\" content=\"1275\" \/>\n\t<meta property=\"og:image:height\" content=\"1650\" \/>\n\t<meta property=\"og:image:type\" content=\"image\/jpeg\" \/>\n<meta name=\"author\" content=\"Staff\" \/>\n<meta name=\"twitter:card\" content=\"summary_large_image\" \/>\n<meta name=\"twitter:label1\" content=\"Escrito por\" \/>\n\t<meta name=\"twitter:data1\" content=\"Staff\" \/>\n\t<meta name=\"twitter:label2\" content=\"Tiempo de lectura\" \/>\n\t<meta name=\"twitter:data2\" content=\"2 minutos\" \/>\n<script type=\"application\/ld+json\" class=\"yoast-schema-graph\">{\"@context\":\"https:\\\/\\\/schema.org\",\"@graph\":[{\"@type\":\"Article\",\"@id\":\"https:\\\/\\\/www.bbmnoticias.com\\\/labravaradiofm\\\/2021\\\/12\\\/09\\\/disponible-la-edicion-siete-de-la-revista-electronica-didactic-del-ieepo\\\/#article\",\"isPartOf\":{\"@id\":\"https:\\\/\\\/www.bbmnoticias.com\\\/labravaradiofm\\\/2021\\\/12\\\/09\\\/disponible-la-edicion-siete-de-la-revista-electronica-didactic-del-ieepo\\\/\"},\"author\":{\"name\":\"Staff\",\"@id\":\"https:\\\/\\\/www.bbmnoticias.com\\\/labravaradiofm\\\/#\\\/schema\\\/person\\\/68a9e9036ef3c5b55aeb2b71dc8bab45\"},\"headline\":\"Disponible la edici\u00f3n siete de la Revista electr\u00f3nica DidacTIC del IEEPO\",\"datePublished\":\"2021-12-09T23:54:59+00:00\",\"dateModified\":\"2021-12-09T23:56:51+00:00\",\"mainEntityOfPage\":{\"@id\":\"https:\\\/\\\/www.bbmnoticias.com\\\/labravaradiofm\\\/2021\\\/12\\\/09\\\/disponible-la-edicion-siete-de-la-revista-electronica-didactic-del-ieepo\\\/\"},\"wordCount\":403,\"image\":{\"@id\":\"https:\\\/\\\/www.bbmnoticias.com\\\/labravaradiofm\\\/2021\\\/12\\\/09\\\/disponible-la-edicion-siete-de-la-revista-electronica-didactic-del-ieepo\\\/#primaryimage\"},\"thumbnailUrl\":\"https:\\\/\\\/www.bbmnoticias.com\\\/labravaradiofm\\\/wp-content\\\/uploads\\\/sites\\\/5\\\/2021\\\/12\\\/IEEPO.jpg\",\"articleSection\":[\"LOCAL\"],\"inLanguage\":\"es\"},{\"@type\":\"WebPage\",\"@id\":\"https:\\\/\\\/www.bbmnoticias.com\\\/labravaradiofm\\\/2021\\\/12\\\/09\\\/disponible-la-edicion-siete-de-la-revista-electronica-didactic-del-ieepo\\\/\",\"url\":\"https:\\\/\\\/www.bbmnoticias.com\\\/labravaradiofm\\\/2021\\\/12\\\/09\\\/disponible-la-edicion-siete-de-la-revista-electronica-didactic-del-ieepo\\\/\",\"name\":\"Disponible la edici\u00f3n siete de la Revista electr\u00f3nica DidacTIC del IEEPO - LA BRAVA RADIO\",\"isPartOf\":{\"@id\":\"https:\\\/\\\/www.bbmnoticias.com\\\/labravaradiofm\\\/#website\"},\"primaryImageOfPage\":{\"@id\":\"https:\\\/\\\/www.bbmnoticias.com\\\/labravaradiofm\\\/2021\\\/12\\\/09\\\/disponible-la-edicion-siete-de-la-revista-electronica-didactic-del-ieepo\\\/#primaryimage\"},\"image\":{\"@id\":\"https:\\\/\\\/www.bbmnoticias.com\\\/labravaradiofm\\\/2021\\\/12\\\/09\\\/disponible-la-edicion-siete-de-la-revista-electronica-didactic-del-ieepo\\\/#primaryimage\"},\"thumbnailUrl\":\"https:\\\/\\\/www.bbmnoticias.com\\\/labravaradiofm\\\/wp-content\\\/uploads\\\/sites\\\/5\\\/2021\\\/12\\\/IEEPO.jpg\",\"datePublished\":\"2021-12-09T23:54:59+00:00\",\"dateModified\":\"2021-12-09T23:56:51+00:00\",\"author\":{\"@id\":\"https:\\\/\\\/www.bbmnoticias.com\\\/labravaradiofm\\\/#\\\/schema\\\/person\\\/68a9e9036ef3c5b55aeb2b71dc8bab45\"},\"breadcrumb\":{\"@id\":\"https:\\\/\\\/www.bbmnoticias.com\\\/labravaradiofm\\\/2021\\\/12\\\/09\\\/disponible-la-edicion-siete-de-la-revista-electronica-didactic-del-ieepo\\\/#breadcrumb\"},\"inLanguage\":\"es\",\"potentialAction\":[{\"@type\":\"ReadAction\",\"target\":[\"https:\\\/\\\/www.bbmnoticias.com\\\/labravaradiofm\\\/2021\\\/12\\\/09\\\/disponible-la-edicion-siete-de-la-revista-electronica-didactic-del-ieepo\\\/\"]}]},{\"@type\":\"ImageObject\",\"inLanguage\":\"es\",\"@id\":\"https:\\\/\\\/www.bbmnoticias.com\\\/labravaradiofm\\\/2021\\\/12\\\/09\\\/disponible-la-edicion-siete-de-la-revista-electronica-didactic-del-ieepo\\\/#primaryimage\",\"url\":\"https:\\\/\\\/www.bbmnoticias.com\\\/labravaradiofm\\\/wp-content\\\/uploads\\\/sites\\\/5\\\/2021\\\/12\\\/IEEPO.jpg\",\"contentUrl\":\"https:\\\/\\\/www.bbmnoticias.com\\\/labravaradiofm\\\/wp-content\\\/uploads\\\/sites\\\/5\\\/2021\\\/12\\\/IEEPO.jpg\",\"width\":1275,\"height\":1650},{\"@type\":\"BreadcrumbList\",\"@id\":\"https:\\\/\\\/www.bbmnoticias.com\\\/labravaradiofm\\\/2021\\\/12\\\/09\\\/disponible-la-edicion-siete-de-la-revista-electronica-didactic-del-ieepo\\\/#breadcrumb\",\"itemListElement\":[{\"@type\":\"ListItem\",\"position\":1,\"name\":\"Inicio\",\"item\":\"https:\\\/\\\/www.bbmnoticias.com\\\/labravaradiofm\\\/\"},{\"@type\":\"ListItem\",\"position\":2,\"name\":\"Disponible la edici\u00f3n siete de la Revista electr\u00f3nica DidacTIC del IEEPO\"}]},{\"@type\":\"WebSite\",\"@id\":\"https:\\\/\\\/www.bbmnoticias.com\\\/labravaradiofm\\\/#website\",\"url\":\"https:\\\/\\\/www.bbmnoticias.com\\\/labravaradiofm\\\/\",\"name\":\"LA BRAVA RADIO\",\"description\":\"Empresa productora de medios, Radiodifusi\u00f3n, Noticias, tendencias y todo lo que necesitas saber de la pol\u00edtica mexicana e internacional; entretenimiento, espect\u00e1culos, salud y mucho m\u00e1s.\",\"potentialAction\":[{\"@type\":\"SearchAction\",\"target\":{\"@type\":\"EntryPoint\",\"urlTemplate\":\"https:\\\/\\\/www.bbmnoticias.com\\\/labravaradiofm\\\/?s={search_term_string}\"},\"query-input\":{\"@type\":\"PropertyValueSpecification\",\"valueRequired\":true,\"valueName\":\"search_term_string\"}}],\"inLanguage\":\"es\"},{\"@type\":\"Person\",\"@id\":\"https:\\\/\\\/www.bbmnoticias.com\\\/labravaradiofm\\\/#\\\/schema\\\/person\\\/68a9e9036ef3c5b55aeb2b71dc8bab45\",\"name\":\"Staff\",\"image\":{\"@type\":\"ImageObject\",\"inLanguage\":\"es\",\"@id\":\"https:\\\/\\\/secure.gravatar.com\\\/avatar\\\/fdd21ad66fd8b98c407f9dee5b5e588cfe7f0d8579ec20fa6527cd59bab7f0f0?s=96&d=mm&r=g\",\"url\":\"https:\\\/\\\/secure.gravatar.com\\\/avatar\\\/fdd21ad66fd8b98c407f9dee5b5e588cfe7f0d8579ec20fa6527cd59bab7f0f0?s=96&d=mm&r=g\",\"contentUrl\":\"https:\\\/\\\/secure.gravatar.com\\\/avatar\\\/fdd21ad66fd8b98c407f9dee5b5e588cfe7f0d8579ec20fa6527cd59bab7f0f0?s=96&d=mm&r=g\",\"caption\":\"Staff\"},\"url\":\"https:\\\/\\\/www.bbmnoticias.com\\\/labravaradiofm\\\/author\\\/redaccion\\\/\"}]}<\/script>\n<!-- \/ Yoast SEO plugin. -->","yoast_head_json":{"title":"Disponible la edici\u00f3n siete de la Revista electr\u00f3nica DidacTIC del IEEPO - LA BRAVA RADIO","robots":{"index":"index","follow":"follow","max-snippet":"max-snippet:-1","max-image-preview":"max-image-preview:large","max-video-preview":"max-video-preview:-1"},"canonical":"https:\/\/www.bbmnoticias.com\/labravaradiofm\/2021\/12\/09\/disponible-la-edicion-siete-de-la-revista-electronica-didactic-del-ieepo\/","og_locale":"es_MX","og_type":"article","og_title":"Disponible la edici\u00f3n siete de la Revista electr\u00f3nica DidacTIC del IEEPO - LA BRAVA RADIO","og_description":"Oaxaca de Ju\u00e1rez, Oax.- Con diferentes contenidos sobre el fomento a la lectura, las tabletas digitalizadoras y pizarras virtuales online, la educaci\u00f3n h\u00edbrida, programaci\u00f3n en el desarrollo cognitivo de ni\u00f1as y ni\u00f1os, as\u00ed como la elaboraci\u00f3n de videos en la escuela, se encuentra disponible, en su edici\u00f3n siete, la Revista Oaxaque\u00f1a de Tecnolog\u00eda Educativa DidacTIC, [&hellip;]","og_url":"https:\/\/www.bbmnoticias.com\/labravaradiofm\/2021\/12\/09\/disponible-la-edicion-siete-de-la-revista-electronica-didactic-del-ieepo\/","og_site_name":"LA BRAVA RADIO","article_published_time":"2021-12-09T23:54:59+00:00","article_modified_time":"2021-12-09T23:56:51+00:00","og_image":[{"width":1275,"height":1650,"url":"https:\/\/www.bbmnoticias.com\/labravaradiofm\/wp-content\/uploads\/sites\/5\/2021\/12\/IEEPO.jpg","type":"image\/jpeg"}],"author":"Staff","twitter_card":"summary_large_image","twitter_misc":{"Escrito por":"Staff","Tiempo de lectura":"2 minutos"},"schema":{"@context":"https:\/\/schema.org","@graph":[{"@type":"Article","@id":"https:\/\/www.bbmnoticias.com\/labravaradiofm\/2021\/12\/09\/disponible-la-edicion-siete-de-la-revista-electronica-didactic-del-ieepo\/#article","isPartOf":{"@id":"https:\/\/www.bbmnoticias.com\/labravaradiofm\/2021\/12\/09\/disponible-la-edicion-siete-de-la-revista-electronica-didactic-del-ieepo\/"},"author":{"name":"Staff","@id":"https:\/\/www.bbmnoticias.com\/labravaradiofm\/#\/schema\/person\/68a9e9036ef3c5b55aeb2b71dc8bab45"},"headline":"Disponible la edici\u00f3n siete de la Revista electr\u00f3nica DidacTIC del IEEPO","datePublished":"2021-12-09T23:54:59+00:00","dateModified":"2021-12-09T23:56:51+00:00","mainEntityOfPage":{"@id":"https:\/\/www.bbmnoticias.com\/labravaradiofm\/2021\/12\/09\/disponible-la-edicion-siete-de-la-revista-electronica-didactic-del-ieepo\/"},"wordCount":403,"image":{"@id":"https:\/\/www.bbmnoticias.com\/labravaradiofm\/2021\/12\/09\/disponible-la-edicion-siete-de-la-revista-electronica-didactic-del-ieepo\/#primaryimage"},"thumbnailUrl":"https:\/\/www.bbmnoticias.com\/labravaradiofm\/wp-content\/uploads\/sites\/5\/2021\/12\/IEEPO.jpg","articleSection":["LOCAL"],"inLanguage":"es"},{"@type":"WebPage","@id":"https:\/\/www.bbmnoticias.com\/labravaradiofm\/2021\/12\/09\/disponible-la-edicion-siete-de-la-revista-electronica-didactic-del-ieepo\/","url":"https:\/\/www.bbmnoticias.com\/labravaradiofm\/2021\/12\/09\/disponible-la-edicion-siete-de-la-revista-electronica-didactic-del-ieepo\/","name":"Disponible la edici\u00f3n siete de la Revista electr\u00f3nica DidacTIC del IEEPO - LA BRAVA RADIO","isPartOf":{"@id":"https:\/\/www.bbmnoticias.com\/labravaradiofm\/#website"},"primaryImageOfPage":{"@id":"https:\/\/www.bbmnoticias.com\/labravaradiofm\/2021\/12\/09\/disponible-la-edicion-siete-de-la-revista-electronica-didactic-del-ieepo\/#primaryimage"},"image":{"@id":"https:\/\/www.bbmnoticias.com\/labravaradiofm\/2021\/12\/09\/disponible-la-edicion-siete-de-la-revista-electronica-didactic-del-ieepo\/#primaryimage"},"thumbnailUrl":"https:\/\/www.bbmnoticias.com\/labravaradiofm\/wp-content\/uploads\/sites\/5\/2021\/12\/IEEPO.jpg","datePublished":"2021-12-09T23:54:59+00:00","dateModified":"2021-12-09T23:56:51+00:00","author":{"@id":"https:\/\/www.bbmnoticias.com\/labravaradiofm\/#\/schema\/person\/68a9e9036ef3c5b55aeb2b71dc8bab45"},"breadcrumb":{"@id":"https:\/\/www.bbmnoticias.com\/labravaradiofm\/2021\/12\/09\/disponible-la-edicion-siete-de-la-revista-electronica-didactic-del-ieepo\/#breadcrumb"},"inLanguage":"es","potentialAction":[{"@type":"ReadAction","target":["https:\/\/www.bbmnoticias.com\/labravaradiofm\/2021\/12\/09\/disponible-la-edicion-siete-de-la-revista-electronica-didactic-del-ieepo\/"]}]},{"@type":"ImageObject","inLanguage":"es","@id":"https:\/\/www.bbmnoticias.com\/labravaradiofm\/2021\/12\/09\/disponible-la-edicion-siete-de-la-revista-electronica-didactic-del-ieepo\/#primaryimage","url":"https:\/\/www.bbmnoticias.com\/labravaradiofm\/wp-content\/uploads\/sites\/5\/2021\/12\/IEEPO.jpg","contentUrl":"https:\/\/www.bbmnoticias.com\/labravaradiofm\/wp-content\/uploads\/sites\/5\/2021\/12\/IEEPO.jpg","width":1275,"height":1650},{"@type":"BreadcrumbList","@id":"https:\/\/www.bbmnoticias.com\/labravaradiofm\/2021\/12\/09\/disponible-la-edicion-siete-de-la-revista-electronica-didactic-del-ieepo\/#breadcrumb","itemListElement":[{"@type":"ListItem","position":1,"name":"Inicio","item":"https:\/\/www.bbmnoticias.com\/labravaradiofm\/"},{"@type":"ListItem","position":2,"name":"Disponible la edici\u00f3n siete de la Revista electr\u00f3nica DidacTIC del IEEPO"}]},{"@type":"WebSite","@id":"https:\/\/www.bbmnoticias.com\/labravaradiofm\/#website","url":"https:\/\/www.bbmnoticias.com\/labravaradiofm\/","name":"LA BRAVA RADIO","description":"Empresa productora de medios, Radiodifusi\u00f3n, Noticias, tendencias y todo lo que necesitas saber de la pol\u00edtica mexicana e internacional; entretenimiento, espect\u00e1culos, salud y mucho m\u00e1s.","potentialAction":[{"@type":"SearchAction","target":{"@type":"EntryPoint","urlTemplate":"https:\/\/www.bbmnoticias.com\/labravaradiofm\/?s={search_term_string}"},"query-input":{"@type":"PropertyValueSpecification","valueRequired":true,"valueName":"search_term_string"}}],"inLanguage":"es"},{"@type":"Person","@id":"https:\/\/www.bbmnoticias.com\/labravaradiofm\/#\/schema\/person\/68a9e9036ef3c5b55aeb2b71dc8bab45","name":"Staff","image":{"@type":"ImageObject","inLanguage":"es","@id":"https:\/\/secure.gravatar.com\/avatar\/fdd21ad66fd8b98c407f9dee5b5e588cfe7f0d8579ec20fa6527cd59bab7f0f0?s=96&d=mm&r=g","url":"https:\/\/secure.gravatar.com\/avatar\/fdd21ad66fd8b98c407f9dee5b5e588cfe7f0d8579ec20fa6527cd59bab7f0f0?s=96&d=mm&r=g","contentUrl":"https:\/\/secure.gravatar.com\/avatar\/fdd21ad66fd8b98c407f9dee5b5e588cfe7f0d8579ec20fa6527cd59bab7f0f0?s=96&d=mm&r=g","caption":"Staff"},"url":"https:\/\/www.bbmnoticias.com\/labravaradiofm\/author\/redaccion\/"}]}},"_links":{"self":[{"href":"https:\/\/www.bbmnoticias.com\/labravaradiofm\/wp-json\/wp\/v2\/posts\/6915","targetHints":{"allow":["GET"]}}],"collection":[{"href":"https:\/\/www.bbmnoticias.com\/labravaradiofm\/wp-json\/wp\/v2\/posts"}],"about":[{"href":"https:\/\/www.bbmnoticias.com\/labravaradiofm\/wp-json\/wp\/v2\/types\/post"}],"author":[{"embeddable":true,"href":"https:\/\/www.bbmnoticias.com\/labravaradiofm\/wp-json\/wp\/v2\/users\/2"}],"replies":[{"embeddable":true,"href":"https:\/\/www.bbmnoticias.com\/labravaradiofm\/wp-json\/wp\/v2\/comments?post=6915"}],"version-history":[{"count":0,"href":"https:\/\/www.bbmnoticias.com\/labravaradiofm\/wp-json\/wp\/v2\/posts\/6915\/revisions"}],"wp:featuredmedia":[{"embeddable":true,"href":"https:\/\/www.bbmnoticias.com\/labravaradiofm\/wp-json\/wp\/v2\/media\/6916"}],"wp:attachment":[{"href":"https:\/\/www.bbmnoticias.com\/labravaradiofm\/wp-json\/wp\/v2\/media?parent=6915"}],"wp:term":[{"taxonomy":"category","embeddable":true,"href":"https:\/\/www.bbmnoticias.com\/labravaradiofm\/wp-json\/wp\/v2\/categories?post=6915"},{"taxonomy":"post_tag","embeddable":true,"href":"https:\/\/www.bbmnoticias.com\/labravaradiofm\/wp-json\/wp\/v2\/tags?post=6915"}],"curies":[{"name":"wp","href":"https:\/\/api.w.org\/{rel}","templated":true}]}}