{"id":6909,"date":"2021-12-09T14:27:28","date_gmt":"2021-12-09T20:27:28","guid":{"rendered":"https:\/\/www.bbmnoticias.com\/labravaradiofm\/?p=6909"},"modified":"2021-12-09T14:27:29","modified_gmt":"2021-12-09T20:27:29","slug":"mcdonalds-y-uber-eats-celebran-el-atuendo-de-casa-de-los-mexicanos","status":"publish","type":"post","link":"https:\/\/www.bbmnoticias.com\/labravaradiofm\/2021\/12\/09\/mcdonalds-y-uber-eats-celebran-el-atuendo-de-casa-de-los-mexicanos\/","title":{"rendered":"McDonald\u2019s y Uber Eats celebran \u201cel atuendo de casa\u201d de los mexicanos"},"content":{"rendered":"<div style=\"margin-top: 0px; margin-bottom: 0px;\" class=\"sharethis-inline-share-buttons\" ><\/div>\n<p><strong>Ciudad de M\u00e9xico.- <\/strong>Desde que inici\u00f3 la pandemia causada por COVID-19, la vida como la conoc\u00edamos se transform\u00f3 en todos los aspectos. De acuerdo con la encuesta regional 2020 <em>\u201c\u00bfC\u00f3mo se transform\u00f3 el \u00e1mbito laboral y familiar?\u201d<\/em> encabezada por la IAE Business School, el n\u00famero de mexicanos que trabaja de manera remota algunos d\u00edas de la semana brinc\u00f3 del 10% al 68% para finales del a\u00f1o pasado. Hoy, los mexicanos acumulan m\u00faltiples an\u00e9cdotas y experiencias vividas tras pasar m\u00e1s tiempo en casa, ya sea trabajando o descansando.<\/p>\n\n\n\n<p>Dentro de esas historias, sin duda, se encuentra la vestimenta y c\u00f3mo hemos pasado de los zapatos a las pantuflas. Por ello, McDonald\u2019s y Uber Eats se unen para celebrar \u201clos atuendos de casa\u201d: aquellas prendas que se han vuelto ic\u00f3nicas en nuestro guardarropa diario durante la permanencia en nuestros hogares. A trav\u00e9s de la campa\u00f1a de McDonald\u2019s \u201cLook McDelivery\u201d, los usuarios podr\u00e1n ordenar sus platillos favoritos del restaurante de manera exclusiva a trav\u00e9s de Uber Eats y recibir de regalo un kit con prendas como pantuflas, playeras o calcetines con dise\u00f1os exclusivos de esta famosa y popular marca de comida r\u00e1pida.<\/p>\n\n\n\n<p>Adem\u00e1s, McDonald\u2019s y Uber Eats invitan a sus usuarios a subir una foto a sus redes sociales con el hashtag #LookMcDelivery, una vez que tengan la prenda que complemente su <em>outfit<\/em> de casa, y as\u00ed formen parte del desfile virtual de ambas marcas. \u00c9ste igualmente tuvo su versi\u00f3n presencial en Plaza Universidad, Ciudad de M\u00e9xico, el pasado 8 de diciembre con una pasarela de la l\u00ednea de prendas Look McDelivery frente a m\u00e1s de 200 personas, quienes disfrutaron del desfile y conocieron los detalles de la campa\u00f1a, siguiendo las recomendaciones sanitarias del aforo.&nbsp;<\/p>\n\n\n\n<p>Sin duda, los paquetes y platillos de McDonald\u2019s son de los consentidos por los consumidores, especialmente para aquellos que mantienen un esquema de trabajo remoto. Entre semana y durante el horario de comida, los platillos favoritos de los mexicanos ordenados a trav\u00e9s de app fueron la Cajita Feliz, el paquete \u201cTus 2 Favoritas por $99\u201d y el McTr\u00edo Big Mac. Por otro lado, los desayunos no se quedan atr\u00e1s con el McTr\u00edo Desayuno Deluxe, el Mctr\u00edo McMuffin Huevo Salchicha y el paquete \u201cFan de McMuffin\u201d como los m\u00e1s populares en pedidos entre las 8 y las 10 a.m. de lunes a jueves. Y para cerrar, la Ciudad de M\u00e9xico alberga al usuario de Uber Eats con la orden m\u00e1s grande del paquete \u201cHome Office con Big Mac\u201d y papas a la francesa: \u00a115 paquetes de este platillo en una sola orden!<\/p>\n\n\n\n<p>La edici\u00f3n especial de atuendos de casa, Look McDelivery est\u00e1 disponible a trav\u00e9s de Uber Eats este 9 y 10 de diciembre, en paquetes de platillos McDonald\u2019s participantes, a partir de las 4:00 p.m. y hasta agotar existencias en casi 270 sucursales ubicadas en m\u00e1s de 37 ciudades de la Rep\u00fablica Mexicana como Guadalajara, Ciudad de M\u00e9xico, Monterrey, Puebla y Tijuana. Los usuarios podr\u00e1n hacer v\u00e1lida la promoci\u00f3n al seleccionar la sucursal McDonald\u2019s participante y de su preferencia en la app, donde encontrar\u00e1n el paquete participante y el kit de prendas Look McDelivery disponible.<\/p>\n","protected":false},"excerpt":{"rendered":"<p>Ciudad de M\u00e9xico.- Desde que inici\u00f3 la pandemia causada por COVID-19, la vida como la conoc\u00edamos se transform\u00f3 en todos los aspectos. De acuerdo con la encuesta regional 2020 \u201c\u00bfC\u00f3mo se transform\u00f3 el \u00e1mbito laboral y familiar?\u201d encabezada por la IAE Business School, el n\u00famero de mexicanos que trabaja de manera remota algunos d\u00edas de [&hellip;]<\/p>\n","protected":false},"author":2,"featured_media":6910,"comment_status":"closed","ping_status":"closed","sticky":false,"template":"","format":"standard","meta":{"footnotes":""},"categories":[2],"tags":[],"class_list":{"0":"post-6909","1":"post","2":"type-post","3":"status-publish","4":"format-standard","5":"has-post-thumbnail","7":"category-oaxaca"},"yoast_head":"<!-- This site is optimized with the Yoast SEO plugin v27.4 - https:\/\/yoast.com\/product\/yoast-seo-wordpress\/ -->\n<title>McDonald\u2019s y Uber Eats celebran \u201cel atuendo de casa\u201d de los mexicanos - LA BRAVA RADIO<\/title>\n<meta name=\"robots\" content=\"index, follow, max-snippet:-1, max-image-preview:large, max-video-preview:-1\" \/>\n<link rel=\"canonical\" href=\"https:\/\/www.bbmnoticias.com\/labravaradiofm\/2021\/12\/09\/mcdonalds-y-uber-eats-celebran-el-atuendo-de-casa-de-los-mexicanos\/\" \/>\n<meta property=\"og:locale\" content=\"es_MX\" \/>\n<meta property=\"og:type\" content=\"article\" \/>\n<meta property=\"og:title\" content=\"McDonald\u2019s y Uber Eats celebran \u201cel atuendo de casa\u201d de los mexicanos - LA BRAVA RADIO\" \/>\n<meta property=\"og:description\" content=\"Ciudad de M\u00e9xico.- Desde que inici\u00f3 la pandemia causada por COVID-19, la vida como la conoc\u00edamos se transform\u00f3 en todos los aspectos. De acuerdo con la encuesta regional 2020 \u201c\u00bfC\u00f3mo se transform\u00f3 el \u00e1mbito laboral y familiar?\u201d encabezada por la IAE Business School, el n\u00famero de mexicanos que trabaja de manera remota algunos d\u00edas de [&hellip;]\" \/>\n<meta property=\"og:url\" content=\"https:\/\/www.bbmnoticias.com\/labravaradiofm\/2021\/12\/09\/mcdonalds-y-uber-eats-celebran-el-atuendo-de-casa-de-los-mexicanos\/\" \/>\n<meta property=\"og:site_name\" content=\"LA BRAVA RADIO\" \/>\n<meta property=\"article:published_time\" content=\"2021-12-09T20:27:28+00:00\" \/>\n<meta property=\"article:modified_time\" content=\"2021-12-09T20:27:29+00:00\" \/>\n<meta property=\"og:image\" content=\"https:\/\/www.bbmnoticias.com\/labravaradiofm\/wp-content\/uploads\/sites\/5\/2021\/12\/uber-mcdonalds.jpg\" \/>\n\t<meta property=\"og:image:width\" content=\"1280\" \/>\n\t<meta property=\"og:image:height\" content=\"853\" \/>\n\t<meta property=\"og:image:type\" content=\"image\/jpeg\" \/>\n<meta name=\"author\" content=\"Staff\" \/>\n<meta name=\"twitter:card\" content=\"summary_large_image\" \/>\n<meta name=\"twitter:label1\" content=\"Escrito por\" \/>\n\t<meta name=\"twitter:data1\" content=\"Staff\" \/>\n\t<meta name=\"twitter:label2\" content=\"Tiempo de lectura\" \/>\n\t<meta name=\"twitter:data2\" content=\"3 minutos\" \/>\n<script type=\"application\/ld+json\" class=\"yoast-schema-graph\">{\"@context\":\"https:\\\/\\\/schema.org\",\"@graph\":[{\"@type\":\"Article\",\"@id\":\"https:\\\/\\\/www.bbmnoticias.com\\\/labravaradiofm\\\/2021\\\/12\\\/09\\\/mcdonalds-y-uber-eats-celebran-el-atuendo-de-casa-de-los-mexicanos\\\/#article\",\"isPartOf\":{\"@id\":\"https:\\\/\\\/www.bbmnoticias.com\\\/labravaradiofm\\\/2021\\\/12\\\/09\\\/mcdonalds-y-uber-eats-celebran-el-atuendo-de-casa-de-los-mexicanos\\\/\"},\"author\":{\"name\":\"Staff\",\"@id\":\"https:\\\/\\\/www.bbmnoticias.com\\\/labravaradiofm\\\/#\\\/schema\\\/person\\\/68a9e9036ef3c5b55aeb2b71dc8bab45\"},\"headline\":\"McDonald\u2019s y Uber Eats celebran \u201cel atuendo de casa\u201d de los mexicanos\",\"datePublished\":\"2021-12-09T20:27:28+00:00\",\"dateModified\":\"2021-12-09T20:27:29+00:00\",\"mainEntityOfPage\":{\"@id\":\"https:\\\/\\\/www.bbmnoticias.com\\\/labravaradiofm\\\/2021\\\/12\\\/09\\\/mcdonalds-y-uber-eats-celebran-el-atuendo-de-casa-de-los-mexicanos\\\/\"},\"wordCount\":565,\"image\":{\"@id\":\"https:\\\/\\\/www.bbmnoticias.com\\\/labravaradiofm\\\/2021\\\/12\\\/09\\\/mcdonalds-y-uber-eats-celebran-el-atuendo-de-casa-de-los-mexicanos\\\/#primaryimage\"},\"thumbnailUrl\":\"https:\\\/\\\/www.bbmnoticias.com\\\/labravaradiofm\\\/wp-content\\\/uploads\\\/sites\\\/5\\\/2021\\\/12\\\/uber-mcdonalds.jpg\",\"articleSection\":[\"LOCAL\"],\"inLanguage\":\"es\"},{\"@type\":\"WebPage\",\"@id\":\"https:\\\/\\\/www.bbmnoticias.com\\\/labravaradiofm\\\/2021\\\/12\\\/09\\\/mcdonalds-y-uber-eats-celebran-el-atuendo-de-casa-de-los-mexicanos\\\/\",\"url\":\"https:\\\/\\\/www.bbmnoticias.com\\\/labravaradiofm\\\/2021\\\/12\\\/09\\\/mcdonalds-y-uber-eats-celebran-el-atuendo-de-casa-de-los-mexicanos\\\/\",\"name\":\"McDonald\u2019s y Uber Eats celebran \u201cel atuendo de casa\u201d de los mexicanos - LA BRAVA RADIO\",\"isPartOf\":{\"@id\":\"https:\\\/\\\/www.bbmnoticias.com\\\/labravaradiofm\\\/#website\"},\"primaryImageOfPage\":{\"@id\":\"https:\\\/\\\/www.bbmnoticias.com\\\/labravaradiofm\\\/2021\\\/12\\\/09\\\/mcdonalds-y-uber-eats-celebran-el-atuendo-de-casa-de-los-mexicanos\\\/#primaryimage\"},\"image\":{\"@id\":\"https:\\\/\\\/www.bbmnoticias.com\\\/labravaradiofm\\\/2021\\\/12\\\/09\\\/mcdonalds-y-uber-eats-celebran-el-atuendo-de-casa-de-los-mexicanos\\\/#primaryimage\"},\"thumbnailUrl\":\"https:\\\/\\\/www.bbmnoticias.com\\\/labravaradiofm\\\/wp-content\\\/uploads\\\/sites\\\/5\\\/2021\\\/12\\\/uber-mcdonalds.jpg\",\"datePublished\":\"2021-12-09T20:27:28+00:00\",\"dateModified\":\"2021-12-09T20:27:29+00:00\",\"author\":{\"@id\":\"https:\\\/\\\/www.bbmnoticias.com\\\/labravaradiofm\\\/#\\\/schema\\\/person\\\/68a9e9036ef3c5b55aeb2b71dc8bab45\"},\"breadcrumb\":{\"@id\":\"https:\\\/\\\/www.bbmnoticias.com\\\/labravaradiofm\\\/2021\\\/12\\\/09\\\/mcdonalds-y-uber-eats-celebran-el-atuendo-de-casa-de-los-mexicanos\\\/#breadcrumb\"},\"inLanguage\":\"es\",\"potentialAction\":[{\"@type\":\"ReadAction\",\"target\":[\"https:\\\/\\\/www.bbmnoticias.com\\\/labravaradiofm\\\/2021\\\/12\\\/09\\\/mcdonalds-y-uber-eats-celebran-el-atuendo-de-casa-de-los-mexicanos\\\/\"]}]},{\"@type\":\"ImageObject\",\"inLanguage\":\"es\",\"@id\":\"https:\\\/\\\/www.bbmnoticias.com\\\/labravaradiofm\\\/2021\\\/12\\\/09\\\/mcdonalds-y-uber-eats-celebran-el-atuendo-de-casa-de-los-mexicanos\\\/#primaryimage\",\"url\":\"https:\\\/\\\/www.bbmnoticias.com\\\/labravaradiofm\\\/wp-content\\\/uploads\\\/sites\\\/5\\\/2021\\\/12\\\/uber-mcdonalds.jpg\",\"contentUrl\":\"https:\\\/\\\/www.bbmnoticias.com\\\/labravaradiofm\\\/wp-content\\\/uploads\\\/sites\\\/5\\\/2021\\\/12\\\/uber-mcdonalds.jpg\",\"width\":1280,\"height\":853},{\"@type\":\"BreadcrumbList\",\"@id\":\"https:\\\/\\\/www.bbmnoticias.com\\\/labravaradiofm\\\/2021\\\/12\\\/09\\\/mcdonalds-y-uber-eats-celebran-el-atuendo-de-casa-de-los-mexicanos\\\/#breadcrumb\",\"itemListElement\":[{\"@type\":\"ListItem\",\"position\":1,\"name\":\"Inicio\",\"item\":\"https:\\\/\\\/www.bbmnoticias.com\\\/labravaradiofm\\\/\"},{\"@type\":\"ListItem\",\"position\":2,\"name\":\"McDonald\u2019s y Uber Eats celebran \u201cel atuendo de casa\u201d de los mexicanos\"}]},{\"@type\":\"WebSite\",\"@id\":\"https:\\\/\\\/www.bbmnoticias.com\\\/labravaradiofm\\\/#website\",\"url\":\"https:\\\/\\\/www.bbmnoticias.com\\\/labravaradiofm\\\/\",\"name\":\"LA BRAVA RADIO\",\"description\":\"Empresa productora de medios, Radiodifusi\u00f3n, Noticias, tendencias y todo lo que necesitas saber de la pol\u00edtica mexicana e internacional; entretenimiento, espect\u00e1culos, salud y mucho m\u00e1s.\",\"potentialAction\":[{\"@type\":\"SearchAction\",\"target\":{\"@type\":\"EntryPoint\",\"urlTemplate\":\"https:\\\/\\\/www.bbmnoticias.com\\\/labravaradiofm\\\/?s={search_term_string}\"},\"query-input\":{\"@type\":\"PropertyValueSpecification\",\"valueRequired\":true,\"valueName\":\"search_term_string\"}}],\"inLanguage\":\"es\"},{\"@type\":\"Person\",\"@id\":\"https:\\\/\\\/www.bbmnoticias.com\\\/labravaradiofm\\\/#\\\/schema\\\/person\\\/68a9e9036ef3c5b55aeb2b71dc8bab45\",\"name\":\"Staff\",\"image\":{\"@type\":\"ImageObject\",\"inLanguage\":\"es\",\"@id\":\"https:\\\/\\\/secure.gravatar.com\\\/avatar\\\/fdd21ad66fd8b98c407f9dee5b5e588cfe7f0d8579ec20fa6527cd59bab7f0f0?s=96&d=mm&r=g\",\"url\":\"https:\\\/\\\/secure.gravatar.com\\\/avatar\\\/fdd21ad66fd8b98c407f9dee5b5e588cfe7f0d8579ec20fa6527cd59bab7f0f0?s=96&d=mm&r=g\",\"contentUrl\":\"https:\\\/\\\/secure.gravatar.com\\\/avatar\\\/fdd21ad66fd8b98c407f9dee5b5e588cfe7f0d8579ec20fa6527cd59bab7f0f0?s=96&d=mm&r=g\",\"caption\":\"Staff\"},\"url\":\"https:\\\/\\\/www.bbmnoticias.com\\\/labravaradiofm\\\/author\\\/redaccion\\\/\"}]}<\/script>\n<!-- \/ Yoast SEO plugin. -->","yoast_head_json":{"title":"McDonald\u2019s y Uber Eats celebran \u201cel atuendo de casa\u201d de los mexicanos - LA BRAVA RADIO","robots":{"index":"index","follow":"follow","max-snippet":"max-snippet:-1","max-image-preview":"max-image-preview:large","max-video-preview":"max-video-preview:-1"},"canonical":"https:\/\/www.bbmnoticias.com\/labravaradiofm\/2021\/12\/09\/mcdonalds-y-uber-eats-celebran-el-atuendo-de-casa-de-los-mexicanos\/","og_locale":"es_MX","og_type":"article","og_title":"McDonald\u2019s y Uber Eats celebran \u201cel atuendo de casa\u201d de los mexicanos - LA BRAVA RADIO","og_description":"Ciudad de M\u00e9xico.- Desde que inici\u00f3 la pandemia causada por COVID-19, la vida como la conoc\u00edamos se transform\u00f3 en todos los aspectos. De acuerdo con la encuesta regional 2020 \u201c\u00bfC\u00f3mo se transform\u00f3 el \u00e1mbito laboral y familiar?\u201d encabezada por la IAE Business School, el n\u00famero de mexicanos que trabaja de manera remota algunos d\u00edas de [&hellip;]","og_url":"https:\/\/www.bbmnoticias.com\/labravaradiofm\/2021\/12\/09\/mcdonalds-y-uber-eats-celebran-el-atuendo-de-casa-de-los-mexicanos\/","og_site_name":"LA BRAVA RADIO","article_published_time":"2021-12-09T20:27:28+00:00","article_modified_time":"2021-12-09T20:27:29+00:00","og_image":[{"width":1280,"height":853,"url":"https:\/\/www.bbmnoticias.com\/labravaradiofm\/wp-content\/uploads\/sites\/5\/2021\/12\/uber-mcdonalds.jpg","type":"image\/jpeg"}],"author":"Staff","twitter_card":"summary_large_image","twitter_misc":{"Escrito por":"Staff","Tiempo de lectura":"3 minutos"},"schema":{"@context":"https:\/\/schema.org","@graph":[{"@type":"Article","@id":"https:\/\/www.bbmnoticias.com\/labravaradiofm\/2021\/12\/09\/mcdonalds-y-uber-eats-celebran-el-atuendo-de-casa-de-los-mexicanos\/#article","isPartOf":{"@id":"https:\/\/www.bbmnoticias.com\/labravaradiofm\/2021\/12\/09\/mcdonalds-y-uber-eats-celebran-el-atuendo-de-casa-de-los-mexicanos\/"},"author":{"name":"Staff","@id":"https:\/\/www.bbmnoticias.com\/labravaradiofm\/#\/schema\/person\/68a9e9036ef3c5b55aeb2b71dc8bab45"},"headline":"McDonald\u2019s y Uber Eats celebran \u201cel atuendo de casa\u201d de los mexicanos","datePublished":"2021-12-09T20:27:28+00:00","dateModified":"2021-12-09T20:27:29+00:00","mainEntityOfPage":{"@id":"https:\/\/www.bbmnoticias.com\/labravaradiofm\/2021\/12\/09\/mcdonalds-y-uber-eats-celebran-el-atuendo-de-casa-de-los-mexicanos\/"},"wordCount":565,"image":{"@id":"https:\/\/www.bbmnoticias.com\/labravaradiofm\/2021\/12\/09\/mcdonalds-y-uber-eats-celebran-el-atuendo-de-casa-de-los-mexicanos\/#primaryimage"},"thumbnailUrl":"https:\/\/www.bbmnoticias.com\/labravaradiofm\/wp-content\/uploads\/sites\/5\/2021\/12\/uber-mcdonalds.jpg","articleSection":["LOCAL"],"inLanguage":"es"},{"@type":"WebPage","@id":"https:\/\/www.bbmnoticias.com\/labravaradiofm\/2021\/12\/09\/mcdonalds-y-uber-eats-celebran-el-atuendo-de-casa-de-los-mexicanos\/","url":"https:\/\/www.bbmnoticias.com\/labravaradiofm\/2021\/12\/09\/mcdonalds-y-uber-eats-celebran-el-atuendo-de-casa-de-los-mexicanos\/","name":"McDonald\u2019s y Uber Eats celebran \u201cel atuendo de casa\u201d de los mexicanos - LA BRAVA RADIO","isPartOf":{"@id":"https:\/\/www.bbmnoticias.com\/labravaradiofm\/#website"},"primaryImageOfPage":{"@id":"https:\/\/www.bbmnoticias.com\/labravaradiofm\/2021\/12\/09\/mcdonalds-y-uber-eats-celebran-el-atuendo-de-casa-de-los-mexicanos\/#primaryimage"},"image":{"@id":"https:\/\/www.bbmnoticias.com\/labravaradiofm\/2021\/12\/09\/mcdonalds-y-uber-eats-celebran-el-atuendo-de-casa-de-los-mexicanos\/#primaryimage"},"thumbnailUrl":"https:\/\/www.bbmnoticias.com\/labravaradiofm\/wp-content\/uploads\/sites\/5\/2021\/12\/uber-mcdonalds.jpg","datePublished":"2021-12-09T20:27:28+00:00","dateModified":"2021-12-09T20:27:29+00:00","author":{"@id":"https:\/\/www.bbmnoticias.com\/labravaradiofm\/#\/schema\/person\/68a9e9036ef3c5b55aeb2b71dc8bab45"},"breadcrumb":{"@id":"https:\/\/www.bbmnoticias.com\/labravaradiofm\/2021\/12\/09\/mcdonalds-y-uber-eats-celebran-el-atuendo-de-casa-de-los-mexicanos\/#breadcrumb"},"inLanguage":"es","potentialAction":[{"@type":"ReadAction","target":["https:\/\/www.bbmnoticias.com\/labravaradiofm\/2021\/12\/09\/mcdonalds-y-uber-eats-celebran-el-atuendo-de-casa-de-los-mexicanos\/"]}]},{"@type":"ImageObject","inLanguage":"es","@id":"https:\/\/www.bbmnoticias.com\/labravaradiofm\/2021\/12\/09\/mcdonalds-y-uber-eats-celebran-el-atuendo-de-casa-de-los-mexicanos\/#primaryimage","url":"https:\/\/www.bbmnoticias.com\/labravaradiofm\/wp-content\/uploads\/sites\/5\/2021\/12\/uber-mcdonalds.jpg","contentUrl":"https:\/\/www.bbmnoticias.com\/labravaradiofm\/wp-content\/uploads\/sites\/5\/2021\/12\/uber-mcdonalds.jpg","width":1280,"height":853},{"@type":"BreadcrumbList","@id":"https:\/\/www.bbmnoticias.com\/labravaradiofm\/2021\/12\/09\/mcdonalds-y-uber-eats-celebran-el-atuendo-de-casa-de-los-mexicanos\/#breadcrumb","itemListElement":[{"@type":"ListItem","position":1,"name":"Inicio","item":"https:\/\/www.bbmnoticias.com\/labravaradiofm\/"},{"@type":"ListItem","position":2,"name":"McDonald\u2019s y Uber Eats celebran \u201cel atuendo de casa\u201d de los mexicanos"}]},{"@type":"WebSite","@id":"https:\/\/www.bbmnoticias.com\/labravaradiofm\/#website","url":"https:\/\/www.bbmnoticias.com\/labravaradiofm\/","name":"LA BRAVA RADIO","description":"Empresa productora de medios, Radiodifusi\u00f3n, Noticias, tendencias y todo lo que necesitas saber de la pol\u00edtica mexicana e internacional; entretenimiento, espect\u00e1culos, salud y mucho m\u00e1s.","potentialAction":[{"@type":"SearchAction","target":{"@type":"EntryPoint","urlTemplate":"https:\/\/www.bbmnoticias.com\/labravaradiofm\/?s={search_term_string}"},"query-input":{"@type":"PropertyValueSpecification","valueRequired":true,"valueName":"search_term_string"}}],"inLanguage":"es"},{"@type":"Person","@id":"https:\/\/www.bbmnoticias.com\/labravaradiofm\/#\/schema\/person\/68a9e9036ef3c5b55aeb2b71dc8bab45","name":"Staff","image":{"@type":"ImageObject","inLanguage":"es","@id":"https:\/\/secure.gravatar.com\/avatar\/fdd21ad66fd8b98c407f9dee5b5e588cfe7f0d8579ec20fa6527cd59bab7f0f0?s=96&d=mm&r=g","url":"https:\/\/secure.gravatar.com\/avatar\/fdd21ad66fd8b98c407f9dee5b5e588cfe7f0d8579ec20fa6527cd59bab7f0f0?s=96&d=mm&r=g","contentUrl":"https:\/\/secure.gravatar.com\/avatar\/fdd21ad66fd8b98c407f9dee5b5e588cfe7f0d8579ec20fa6527cd59bab7f0f0?s=96&d=mm&r=g","caption":"Staff"},"url":"https:\/\/www.bbmnoticias.com\/labravaradiofm\/author\/redaccion\/"}]}},"_links":{"self":[{"href":"https:\/\/www.bbmnoticias.com\/labravaradiofm\/wp-json\/wp\/v2\/posts\/6909","targetHints":{"allow":["GET"]}}],"collection":[{"href":"https:\/\/www.bbmnoticias.com\/labravaradiofm\/wp-json\/wp\/v2\/posts"}],"about":[{"href":"https:\/\/www.bbmnoticias.com\/labravaradiofm\/wp-json\/wp\/v2\/types\/post"}],"author":[{"embeddable":true,"href":"https:\/\/www.bbmnoticias.com\/labravaradiofm\/wp-json\/wp\/v2\/users\/2"}],"replies":[{"embeddable":true,"href":"https:\/\/www.bbmnoticias.com\/labravaradiofm\/wp-json\/wp\/v2\/comments?post=6909"}],"version-history":[{"count":0,"href":"https:\/\/www.bbmnoticias.com\/labravaradiofm\/wp-json\/wp\/v2\/posts\/6909\/revisions"}],"wp:featuredmedia":[{"embeddable":true,"href":"https:\/\/www.bbmnoticias.com\/labravaradiofm\/wp-json\/wp\/v2\/media\/6910"}],"wp:attachment":[{"href":"https:\/\/www.bbmnoticias.com\/labravaradiofm\/wp-json\/wp\/v2\/media?parent=6909"}],"wp:term":[{"taxonomy":"category","embeddable":true,"href":"https:\/\/www.bbmnoticias.com\/labravaradiofm\/wp-json\/wp\/v2\/categories?post=6909"},{"taxonomy":"post_tag","embeddable":true,"href":"https:\/\/www.bbmnoticias.com\/labravaradiofm\/wp-json\/wp\/v2\/tags?post=6909"}],"curies":[{"name":"wp","href":"https:\/\/api.w.org\/{rel}","templated":true}]}}