{"id":66487,"date":"2025-09-11T14:13:33","date_gmt":"2025-09-11T20:13:33","guid":{"rendered":"https:\/\/www.bbmnoticias.com\/labravaradiofm\/2025\/09\/11\/celebra-sso-expo-salud-en-tu-comunidad-en-santa-cruz-xoxocotlan"},"modified":"2025-09-11T14:13:38","modified_gmt":"2025-09-11T20:13:38","slug":"celebra-sso-expo-salud-en-tu-comunidad-en-santa-cruz-xoxocotlan","status":"publish","type":"post","link":"https:\/\/www.bbmnoticias.com\/labravaradiofm\/2025\/09\/11\/celebra-sso-expo-salud-en-tu-comunidad-en-santa-cruz-xoxocotlan\/","title":{"rendered":"Celebra SSO \u201cExpo Salud en tu Comunidad\u201d en Santa Cruz Xoxocotl\u00e1n"},"content":{"rendered":"<div style=\"margin-top: 0px; margin-bottom: 0px;\" class=\"sharethis-inline-share-buttons\" ><\/div>\n<p><strong>Santa Cruz Xoxocotl\u00e1n, Oax. 11 de septiembre de 2025.- <\/strong>Con el prop\u00f3sito de acercar atenci\u00f3n m\u00e9dica a la poblaci\u00f3n, Servicios de Salud de Oaxaca (SSO), a trav\u00e9s de la Jurisdicci\u00f3n Sanitaria 1 Valles Centrales, realiz\u00f3 la \u201cExpo Salud en tu Comunidad\u201d beneficiando a m\u00e1s de 300 habitantes de este municipio con acciones integrales y gratuitas.<\/p>\n\n\n\n<p>Al inaugurar el evento la coordinadora de Jurisdicciones Sanitarias de SSO, Roc\u00edo Hern\u00e1ndez P\u00e9rez, acompa\u00f1ada de la presidenta municipal de la entidad, Nancy Ben\u00edtez Z\u00e1rate; resalt\u00f3 la importancia de esta estrategia en el marco de la Semana Nacional de Salud P\u00fablica.<\/p>\n\n\n\n<p>Hern\u00e1ndez P\u00e9rez subray\u00f3 que, por indicaci\u00f3n del secretario de Salud, Efr\u00e9n Emmanuel Jarqu\u00edn Gonz\u00e1lez, la prioridad es construir v\u00ednculos interinstitucionales, intersectoriales y comunitarios que fortalezcan la prevenci\u00f3n y el cuidado de la salud en las localidades.<\/p>\n\n\n\n<p>Por su parte, el jefe jurisdiccional de SSO, Ramiro L\u00f3pez Lucero agradeci\u00f3 el respaldo de las autoridades municipales y el esfuerzo de las y los trabajadores de salud que, con profesionalismo y compromiso, garantizan atenci\u00f3n de calidad y con calidez a la poblaci\u00f3n.<\/p>\n\n\n\n<p><strong>Servicios para el bienestar de la comunidad<\/strong><\/p>\n\n\n\n<p>Durante la jornada, se ofrecieron pl\u00e1ticas y materiales informativos sobre salud bucal en embarazadas y adultos mayores, autoexploraci\u00f3n bucal, prevenci\u00f3n del dengue, chagas y paludismo. Adem\u00e1s, se entregaron 60 frascos de repelente, 80 de plata coloidal, 45 cartillas nacionales de salud, 250 condones externos, 80 internos y 100 botes de gel lubricante.<\/p>\n\n\n\n<p>Se colocaron tres implantes subd\u00e9rmicos de Jadelle y se aplicaron 40 vacunas contra neumococo, hepatitis, rotavirus, as\u00ed como SRP para sarampi\u00f3n, rub\u00e9ola y parotiditis, adem\u00e1s de TDPA para t\u00e9tanos, difteria y tosferina.<\/p>\n\n\n\n<p>Asimismo, se instalaron m\u00f3dulos sobre donaci\u00f3n de \u00f3rganos y tejidos, alimentaci\u00f3n saludable, prevenci\u00f3n de violencia, salud reproductiva, seguridad vial, medicina preventiva, activaci\u00f3n f\u00edsica y detecci\u00f3n de enfermedades cr\u00f3nico-degenerativas, entre otros.<\/p>\n\n\n\n<p>La estrategia incluy\u00f3 una unidad m\u00f3vil de planificaci\u00f3n familiar para la colocaci\u00f3n de implantes subd\u00e9rmicos y la participaci\u00f3n del Consejo Estatal para la Prevenci\u00f3n y Control del Sida (Coesida), con pruebas r\u00e1pidas del Virus de Inmunodeficiencia Humana (VIH) y consejer\u00eda.<\/p>\n","protected":false},"excerpt":{"rendered":"<p>Santa Cruz Xoxocotl\u00e1n, Oax. 11 de septiembre de 2025.- Con el prop\u00f3sito de acercar atenci\u00f3n m\u00e9dica a la poblaci\u00f3n, Servicios de Salud de Oaxaca (SSO), a trav\u00e9s de la Jurisdicci\u00f3n Sanitaria 1 Valles Centrales, realiz\u00f3 la \u201cExpo Salud en tu Comunidad\u201d beneficiando a m\u00e1s de 300 habitantes de este municipio con acciones integrales y gratuitas. [&hellip;]<\/p>\n","protected":false},"author":2,"featured_media":66489,"comment_status":"closed","ping_status":"","sticky":false,"template":"","format":"standard","meta":{"footnotes":""},"categories":[2],"tags":[],"class_list":{"0":"post-66487","1":"post","2":"type-post","3":"status-publish","4":"format-standard","5":"has-post-thumbnail","7":"category-oaxaca"},"yoast_head":"<!-- This site is optimized with the Yoast SEO plugin v27.4 - https:\/\/yoast.com\/product\/yoast-seo-wordpress\/ -->\n<title>Celebra SSO \u201cExpo Salud en tu Comunidad\u201d en Santa Cruz Xoxocotl\u00e1n - LA BRAVA RADIO<\/title>\n<meta name=\"robots\" content=\"index, follow, max-snippet:-1, max-image-preview:large, max-video-preview:-1\" \/>\n<link rel=\"canonical\" href=\"https:\/\/www.bbmnoticias.com\/labravaradiofm\/2025\/09\/11\/celebra-sso-expo-salud-en-tu-comunidad-en-santa-cruz-xoxocotlan\/\" \/>\n<meta property=\"og:locale\" content=\"es_MX\" \/>\n<meta property=\"og:type\" content=\"article\" \/>\n<meta property=\"og:title\" content=\"Celebra SSO \u201cExpo Salud en tu Comunidad\u201d en Santa Cruz Xoxocotl\u00e1n - LA BRAVA RADIO\" \/>\n<meta property=\"og:description\" content=\"Santa Cruz Xoxocotl\u00e1n, Oax. 11 de septiembre de 2025.- Con el prop\u00f3sito de acercar atenci\u00f3n m\u00e9dica a la poblaci\u00f3n, Servicios de Salud de Oaxaca (SSO), a trav\u00e9s de la Jurisdicci\u00f3n Sanitaria 1 Valles Centrales, realiz\u00f3 la \u201cExpo Salud en tu Comunidad\u201d beneficiando a m\u00e1s de 300 habitantes de este municipio con acciones integrales y gratuitas. [&hellip;]\" \/>\n<meta property=\"og:url\" content=\"https:\/\/www.bbmnoticias.com\/labravaradiofm\/2025\/09\/11\/celebra-sso-expo-salud-en-tu-comunidad-en-santa-cruz-xoxocotlan\/\" \/>\n<meta property=\"og:site_name\" content=\"LA BRAVA RADIO\" \/>\n<meta property=\"article:published_time\" content=\"2025-09-11T20:13:33+00:00\" \/>\n<meta property=\"article:modified_time\" content=\"2025-09-11T20:13:38+00:00\" \/>\n<meta property=\"og:image\" content=\"https:\/\/www.bbmnoticias.com\/labravaradiofm\/wp-content\/uploads\/sites\/5\/2025\/09\/salud_xoxo.jpg\" \/>\n\t<meta property=\"og:image:width\" content=\"800\" \/>\n\t<meta property=\"og:image:height\" content=\"581\" \/>\n\t<meta property=\"og:image:type\" content=\"image\/jpeg\" \/>\n<meta name=\"author\" content=\"Staff\" \/>\n<meta name=\"twitter:card\" content=\"summary_large_image\" \/>\n<meta name=\"twitter:label1\" content=\"Escrito por\" \/>\n\t<meta name=\"twitter:data1\" content=\"Staff\" \/>\n\t<meta name=\"twitter:label2\" content=\"Tiempo de lectura\" \/>\n\t<meta name=\"twitter:data2\" content=\"2 minutos\" \/>\n<script type=\"application\/ld+json\" class=\"yoast-schema-graph\">{\"@context\":\"https:\\\/\\\/schema.org\",\"@graph\":[{\"@type\":\"Article\",\"@id\":\"https:\\\/\\\/www.bbmnoticias.com\\\/labravaradiofm\\\/2025\\\/09\\\/11\\\/celebra-sso-expo-salud-en-tu-comunidad-en-santa-cruz-xoxocotlan\\\/#article\",\"isPartOf\":{\"@id\":\"https:\\\/\\\/www.bbmnoticias.com\\\/labravaradiofm\\\/2025\\\/09\\\/11\\\/celebra-sso-expo-salud-en-tu-comunidad-en-santa-cruz-xoxocotlan\\\/\"},\"author\":{\"name\":\"Staff\",\"@id\":\"https:\\\/\\\/www.bbmnoticias.com\\\/labravaradiofm\\\/#\\\/schema\\\/person\\\/34b139c617a70ea5bef5678bffe4dd7b\"},\"headline\":\"Celebra SSO \u201cExpo Salud en tu Comunidad\u201d en Santa Cruz Xoxocotl\u00e1n\",\"datePublished\":\"2025-09-11T20:13:33+00:00\",\"dateModified\":\"2025-09-11T20:13:38+00:00\",\"mainEntityOfPage\":{\"@id\":\"https:\\\/\\\/www.bbmnoticias.com\\\/labravaradiofm\\\/2025\\\/09\\\/11\\\/celebra-sso-expo-salud-en-tu-comunidad-en-santa-cruz-xoxocotlan\\\/\"},\"wordCount\":389,\"image\":{\"@id\":\"https:\\\/\\\/www.bbmnoticias.com\\\/labravaradiofm\\\/2025\\\/09\\\/11\\\/celebra-sso-expo-salud-en-tu-comunidad-en-santa-cruz-xoxocotlan\\\/#primaryimage\"},\"thumbnailUrl\":\"https:\\\/\\\/www.bbmnoticias.com\\\/labravaradiofm\\\/wp-content\\\/uploads\\\/sites\\\/5\\\/2025\\\/09\\\/salud_xoxo.jpg\",\"articleSection\":[\"LOCAL\"],\"inLanguage\":\"es\"},{\"@type\":\"WebPage\",\"@id\":\"https:\\\/\\\/www.bbmnoticias.com\\\/labravaradiofm\\\/2025\\\/09\\\/11\\\/celebra-sso-expo-salud-en-tu-comunidad-en-santa-cruz-xoxocotlan\\\/\",\"url\":\"https:\\\/\\\/www.bbmnoticias.com\\\/labravaradiofm\\\/2025\\\/09\\\/11\\\/celebra-sso-expo-salud-en-tu-comunidad-en-santa-cruz-xoxocotlan\\\/\",\"name\":\"Celebra SSO \u201cExpo Salud en tu Comunidad\u201d en Santa Cruz Xoxocotl\u00e1n - LA BRAVA RADIO\",\"isPartOf\":{\"@id\":\"https:\\\/\\\/www.bbmnoticias.com\\\/labravaradiofm\\\/#website\"},\"primaryImageOfPage\":{\"@id\":\"https:\\\/\\\/www.bbmnoticias.com\\\/labravaradiofm\\\/2025\\\/09\\\/11\\\/celebra-sso-expo-salud-en-tu-comunidad-en-santa-cruz-xoxocotlan\\\/#primaryimage\"},\"image\":{\"@id\":\"https:\\\/\\\/www.bbmnoticias.com\\\/labravaradiofm\\\/2025\\\/09\\\/11\\\/celebra-sso-expo-salud-en-tu-comunidad-en-santa-cruz-xoxocotlan\\\/#primaryimage\"},\"thumbnailUrl\":\"https:\\\/\\\/www.bbmnoticias.com\\\/labravaradiofm\\\/wp-content\\\/uploads\\\/sites\\\/5\\\/2025\\\/09\\\/salud_xoxo.jpg\",\"datePublished\":\"2025-09-11T20:13:33+00:00\",\"dateModified\":\"2025-09-11T20:13:38+00:00\",\"author\":{\"@id\":\"https:\\\/\\\/www.bbmnoticias.com\\\/labravaradiofm\\\/#\\\/schema\\\/person\\\/34b139c617a70ea5bef5678bffe4dd7b\"},\"breadcrumb\":{\"@id\":\"https:\\\/\\\/www.bbmnoticias.com\\\/labravaradiofm\\\/2025\\\/09\\\/11\\\/celebra-sso-expo-salud-en-tu-comunidad-en-santa-cruz-xoxocotlan\\\/#breadcrumb\"},\"inLanguage\":\"es\",\"potentialAction\":[{\"@type\":\"ReadAction\",\"target\":[\"https:\\\/\\\/www.bbmnoticias.com\\\/labravaradiofm\\\/2025\\\/09\\\/11\\\/celebra-sso-expo-salud-en-tu-comunidad-en-santa-cruz-xoxocotlan\\\/\"]}]},{\"@type\":\"ImageObject\",\"inLanguage\":\"es\",\"@id\":\"https:\\\/\\\/www.bbmnoticias.com\\\/labravaradiofm\\\/2025\\\/09\\\/11\\\/celebra-sso-expo-salud-en-tu-comunidad-en-santa-cruz-xoxocotlan\\\/#primaryimage\",\"url\":\"https:\\\/\\\/www.bbmnoticias.com\\\/labravaradiofm\\\/wp-content\\\/uploads\\\/sites\\\/5\\\/2025\\\/09\\\/salud_xoxo.jpg\",\"contentUrl\":\"https:\\\/\\\/www.bbmnoticias.com\\\/labravaradiofm\\\/wp-content\\\/uploads\\\/sites\\\/5\\\/2025\\\/09\\\/salud_xoxo.jpg\",\"width\":800,\"height\":581},{\"@type\":\"BreadcrumbList\",\"@id\":\"https:\\\/\\\/www.bbmnoticias.com\\\/labravaradiofm\\\/2025\\\/09\\\/11\\\/celebra-sso-expo-salud-en-tu-comunidad-en-santa-cruz-xoxocotlan\\\/#breadcrumb\",\"itemListElement\":[{\"@type\":\"ListItem\",\"position\":1,\"name\":\"Inicio\",\"item\":\"https:\\\/\\\/www.bbmnoticias.com\\\/labravaradiofm\\\/\"},{\"@type\":\"ListItem\",\"position\":2,\"name\":\"Celebra SSO \u201cExpo Salud en tu Comunidad\u201d en Santa Cruz Xoxocotl\u00e1n\"}]},{\"@type\":\"WebSite\",\"@id\":\"https:\\\/\\\/www.bbmnoticias.com\\\/labravaradiofm\\\/#website\",\"url\":\"https:\\\/\\\/www.bbmnoticias.com\\\/labravaradiofm\\\/\",\"name\":\"LA BRAVA RADIO\",\"description\":\"Empresa productora de medios, Radiodifusi\u00f3n, Noticias, tendencias y todo lo que necesitas saber de la pol\u00edtica mexicana e internacional; entretenimiento, espect\u00e1culos, salud y mucho m\u00e1s.\",\"potentialAction\":[{\"@type\":\"SearchAction\",\"target\":{\"@type\":\"EntryPoint\",\"urlTemplate\":\"https:\\\/\\\/www.bbmnoticias.com\\\/labravaradiofm\\\/?s={search_term_string}\"},\"query-input\":{\"@type\":\"PropertyValueSpecification\",\"valueRequired\":true,\"valueName\":\"search_term_string\"}}],\"inLanguage\":\"es\"},{\"@type\":\"Person\",\"@id\":\"https:\\\/\\\/www.bbmnoticias.com\\\/labravaradiofm\\\/#\\\/schema\\\/person\\\/34b139c617a70ea5bef5678bffe4dd7b\",\"name\":\"Staff\",\"image\":{\"@type\":\"ImageObject\",\"inLanguage\":\"es\",\"@id\":\"https:\\\/\\\/secure.gravatar.com\\\/avatar\\\/fdd21ad66fd8b98c407f9dee5b5e588cfe7f0d8579ec20fa6527cd59bab7f0f0?s=96&d=mm&r=g\",\"url\":\"https:\\\/\\\/secure.gravatar.com\\\/avatar\\\/fdd21ad66fd8b98c407f9dee5b5e588cfe7f0d8579ec20fa6527cd59bab7f0f0?s=96&d=mm&r=g\",\"contentUrl\":\"https:\\\/\\\/secure.gravatar.com\\\/avatar\\\/fdd21ad66fd8b98c407f9dee5b5e588cfe7f0d8579ec20fa6527cd59bab7f0f0?s=96&d=mm&r=g\",\"caption\":\"Staff\"},\"url\":\"https:\\\/\\\/www.bbmnoticias.com\\\/labravaradiofm\\\/author\\\/redaccion\\\/\"}]}<\/script>\n<!-- \/ Yoast SEO plugin. -->","yoast_head_json":{"title":"Celebra SSO \u201cExpo Salud en tu Comunidad\u201d en Santa Cruz Xoxocotl\u00e1n - LA BRAVA RADIO","robots":{"index":"index","follow":"follow","max-snippet":"max-snippet:-1","max-image-preview":"max-image-preview:large","max-video-preview":"max-video-preview:-1"},"canonical":"https:\/\/www.bbmnoticias.com\/labravaradiofm\/2025\/09\/11\/celebra-sso-expo-salud-en-tu-comunidad-en-santa-cruz-xoxocotlan\/","og_locale":"es_MX","og_type":"article","og_title":"Celebra SSO \u201cExpo Salud en tu Comunidad\u201d en Santa Cruz Xoxocotl\u00e1n - LA BRAVA RADIO","og_description":"Santa Cruz Xoxocotl\u00e1n, Oax. 11 de septiembre de 2025.- Con el prop\u00f3sito de acercar atenci\u00f3n m\u00e9dica a la poblaci\u00f3n, Servicios de Salud de Oaxaca (SSO), a trav\u00e9s de la Jurisdicci\u00f3n Sanitaria 1 Valles Centrales, realiz\u00f3 la \u201cExpo Salud en tu Comunidad\u201d beneficiando a m\u00e1s de 300 habitantes de este municipio con acciones integrales y gratuitas. [&hellip;]","og_url":"https:\/\/www.bbmnoticias.com\/labravaradiofm\/2025\/09\/11\/celebra-sso-expo-salud-en-tu-comunidad-en-santa-cruz-xoxocotlan\/","og_site_name":"LA BRAVA RADIO","article_published_time":"2025-09-11T20:13:33+00:00","article_modified_time":"2025-09-11T20:13:38+00:00","og_image":[{"width":800,"height":581,"url":"https:\/\/www.bbmnoticias.com\/labravaradiofm\/wp-content\/uploads\/sites\/5\/2025\/09\/salud_xoxo.jpg","type":"image\/jpeg"}],"author":"Staff","twitter_card":"summary_large_image","twitter_misc":{"Escrito por":"Staff","Tiempo de lectura":"2 minutos"},"schema":{"@context":"https:\/\/schema.org","@graph":[{"@type":"Article","@id":"https:\/\/www.bbmnoticias.com\/labravaradiofm\/2025\/09\/11\/celebra-sso-expo-salud-en-tu-comunidad-en-santa-cruz-xoxocotlan\/#article","isPartOf":{"@id":"https:\/\/www.bbmnoticias.com\/labravaradiofm\/2025\/09\/11\/celebra-sso-expo-salud-en-tu-comunidad-en-santa-cruz-xoxocotlan\/"},"author":{"name":"Staff","@id":"https:\/\/www.bbmnoticias.com\/labravaradiofm\/#\/schema\/person\/34b139c617a70ea5bef5678bffe4dd7b"},"headline":"Celebra SSO \u201cExpo Salud en tu Comunidad\u201d en Santa Cruz Xoxocotl\u00e1n","datePublished":"2025-09-11T20:13:33+00:00","dateModified":"2025-09-11T20:13:38+00:00","mainEntityOfPage":{"@id":"https:\/\/www.bbmnoticias.com\/labravaradiofm\/2025\/09\/11\/celebra-sso-expo-salud-en-tu-comunidad-en-santa-cruz-xoxocotlan\/"},"wordCount":389,"image":{"@id":"https:\/\/www.bbmnoticias.com\/labravaradiofm\/2025\/09\/11\/celebra-sso-expo-salud-en-tu-comunidad-en-santa-cruz-xoxocotlan\/#primaryimage"},"thumbnailUrl":"https:\/\/www.bbmnoticias.com\/labravaradiofm\/wp-content\/uploads\/sites\/5\/2025\/09\/salud_xoxo.jpg","articleSection":["LOCAL"],"inLanguage":"es"},{"@type":"WebPage","@id":"https:\/\/www.bbmnoticias.com\/labravaradiofm\/2025\/09\/11\/celebra-sso-expo-salud-en-tu-comunidad-en-santa-cruz-xoxocotlan\/","url":"https:\/\/www.bbmnoticias.com\/labravaradiofm\/2025\/09\/11\/celebra-sso-expo-salud-en-tu-comunidad-en-santa-cruz-xoxocotlan\/","name":"Celebra SSO \u201cExpo Salud en tu Comunidad\u201d en Santa Cruz Xoxocotl\u00e1n - LA BRAVA RADIO","isPartOf":{"@id":"https:\/\/www.bbmnoticias.com\/labravaradiofm\/#website"},"primaryImageOfPage":{"@id":"https:\/\/www.bbmnoticias.com\/labravaradiofm\/2025\/09\/11\/celebra-sso-expo-salud-en-tu-comunidad-en-santa-cruz-xoxocotlan\/#primaryimage"},"image":{"@id":"https:\/\/www.bbmnoticias.com\/labravaradiofm\/2025\/09\/11\/celebra-sso-expo-salud-en-tu-comunidad-en-santa-cruz-xoxocotlan\/#primaryimage"},"thumbnailUrl":"https:\/\/www.bbmnoticias.com\/labravaradiofm\/wp-content\/uploads\/sites\/5\/2025\/09\/salud_xoxo.jpg","datePublished":"2025-09-11T20:13:33+00:00","dateModified":"2025-09-11T20:13:38+00:00","author":{"@id":"https:\/\/www.bbmnoticias.com\/labravaradiofm\/#\/schema\/person\/34b139c617a70ea5bef5678bffe4dd7b"},"breadcrumb":{"@id":"https:\/\/www.bbmnoticias.com\/labravaradiofm\/2025\/09\/11\/celebra-sso-expo-salud-en-tu-comunidad-en-santa-cruz-xoxocotlan\/#breadcrumb"},"inLanguage":"es","potentialAction":[{"@type":"ReadAction","target":["https:\/\/www.bbmnoticias.com\/labravaradiofm\/2025\/09\/11\/celebra-sso-expo-salud-en-tu-comunidad-en-santa-cruz-xoxocotlan\/"]}]},{"@type":"ImageObject","inLanguage":"es","@id":"https:\/\/www.bbmnoticias.com\/labravaradiofm\/2025\/09\/11\/celebra-sso-expo-salud-en-tu-comunidad-en-santa-cruz-xoxocotlan\/#primaryimage","url":"https:\/\/www.bbmnoticias.com\/labravaradiofm\/wp-content\/uploads\/sites\/5\/2025\/09\/salud_xoxo.jpg","contentUrl":"https:\/\/www.bbmnoticias.com\/labravaradiofm\/wp-content\/uploads\/sites\/5\/2025\/09\/salud_xoxo.jpg","width":800,"height":581},{"@type":"BreadcrumbList","@id":"https:\/\/www.bbmnoticias.com\/labravaradiofm\/2025\/09\/11\/celebra-sso-expo-salud-en-tu-comunidad-en-santa-cruz-xoxocotlan\/#breadcrumb","itemListElement":[{"@type":"ListItem","position":1,"name":"Inicio","item":"https:\/\/www.bbmnoticias.com\/labravaradiofm\/"},{"@type":"ListItem","position":2,"name":"Celebra SSO \u201cExpo Salud en tu Comunidad\u201d en Santa Cruz Xoxocotl\u00e1n"}]},{"@type":"WebSite","@id":"https:\/\/www.bbmnoticias.com\/labravaradiofm\/#website","url":"https:\/\/www.bbmnoticias.com\/labravaradiofm\/","name":"LA BRAVA RADIO","description":"Empresa productora de medios, Radiodifusi\u00f3n, Noticias, tendencias y todo lo que necesitas saber de la pol\u00edtica mexicana e internacional; entretenimiento, espect\u00e1culos, salud y mucho m\u00e1s.","potentialAction":[{"@type":"SearchAction","target":{"@type":"EntryPoint","urlTemplate":"https:\/\/www.bbmnoticias.com\/labravaradiofm\/?s={search_term_string}"},"query-input":{"@type":"PropertyValueSpecification","valueRequired":true,"valueName":"search_term_string"}}],"inLanguage":"es"},{"@type":"Person","@id":"https:\/\/www.bbmnoticias.com\/labravaradiofm\/#\/schema\/person\/34b139c617a70ea5bef5678bffe4dd7b","name":"Staff","image":{"@type":"ImageObject","inLanguage":"es","@id":"https:\/\/secure.gravatar.com\/avatar\/fdd21ad66fd8b98c407f9dee5b5e588cfe7f0d8579ec20fa6527cd59bab7f0f0?s=96&d=mm&r=g","url":"https:\/\/secure.gravatar.com\/avatar\/fdd21ad66fd8b98c407f9dee5b5e588cfe7f0d8579ec20fa6527cd59bab7f0f0?s=96&d=mm&r=g","contentUrl":"https:\/\/secure.gravatar.com\/avatar\/fdd21ad66fd8b98c407f9dee5b5e588cfe7f0d8579ec20fa6527cd59bab7f0f0?s=96&d=mm&r=g","caption":"Staff"},"url":"https:\/\/www.bbmnoticias.com\/labravaradiofm\/author\/redaccion\/"}]}},"_links":{"self":[{"href":"https:\/\/www.bbmnoticias.com\/labravaradiofm\/wp-json\/wp\/v2\/posts\/66487","targetHints":{"allow":["GET"]}}],"collection":[{"href":"https:\/\/www.bbmnoticias.com\/labravaradiofm\/wp-json\/wp\/v2\/posts"}],"about":[{"href":"https:\/\/www.bbmnoticias.com\/labravaradiofm\/wp-json\/wp\/v2\/types\/post"}],"author":[{"embeddable":true,"href":"https:\/\/www.bbmnoticias.com\/labravaradiofm\/wp-json\/wp\/v2\/users\/2"}],"replies":[{"embeddable":true,"href":"https:\/\/www.bbmnoticias.com\/labravaradiofm\/wp-json\/wp\/v2\/comments?post=66487"}],"version-history":[{"count":0,"href":"https:\/\/www.bbmnoticias.com\/labravaradiofm\/wp-json\/wp\/v2\/posts\/66487\/revisions"}],"wp:featuredmedia":[{"embeddable":true,"href":"https:\/\/www.bbmnoticias.com\/labravaradiofm\/wp-json\/wp\/v2\/media\/66489"}],"wp:attachment":[{"href":"https:\/\/www.bbmnoticias.com\/labravaradiofm\/wp-json\/wp\/v2\/media?parent=66487"}],"wp:term":[{"taxonomy":"category","embeddable":true,"href":"https:\/\/www.bbmnoticias.com\/labravaradiofm\/wp-json\/wp\/v2\/categories?post=66487"},{"taxonomy":"post_tag","embeddable":true,"href":"https:\/\/www.bbmnoticias.com\/labravaradiofm\/wp-json\/wp\/v2\/tags?post=66487"}],"curies":[{"name":"wp","href":"https:\/\/api.w.org\/{rel}","templated":true}]}}