{"id":66484,"date":"2025-09-11T13:37:21","date_gmt":"2025-09-11T19:37:21","guid":{"rendered":"https:\/\/www.bbmnoticias.com\/labravaradiofm\/2025\/09\/11\/no-queremos-conflicto-con-ningun-pais-asegura-sheinbaum-por-nuevos-aranceles-a-china"},"modified":"2025-09-11T13:39:43","modified_gmt":"2025-09-11T19:39:43","slug":"no-queremos-conflicto-con-ningun-pais-asegura-sheinbaum-por-nuevos-aranceles-a-china","status":"publish","type":"post","link":"https:\/\/www.bbmnoticias.com\/labravaradiofm\/2025\/09\/11\/no-queremos-conflicto-con-ningun-pais-asegura-sheinbaum-por-nuevos-aranceles-a-china\/","title":{"rendered":"No queremos conflicto con ning\u00fan pa\u00eds, asegura Sheinbaum por nuevos aranceles a China"},"content":{"rendered":"<div style=\"margin-top: 0px; margin-bottom: 0px;\" class=\"sharethis-inline-share-buttons\" ><\/div>\n<p>La <strong>presidenta Claudia Sheinbaum Pardo <\/strong>se\u00f1al\u00f3 que \u201cno queremos ning\u00fan conflicto\u201d con <strong>China<\/strong>, luego de que se anunciaron aranceles con los pa\u00edses con los que <strong>M\u00e9xico <\/strong>no tiene <strong>tratado comercial<\/strong>.<\/p>\n\n\n\n<p>En la conferencia de prensa matutina, detall\u00f3 que al embajador de <strong>China<\/strong>, <strong>Chen Daojiang,&nbsp;<\/strong>de quien este martes recibi\u00f3 sus cartas credenciales,&nbsp;le explic\u00f3 que estas medidas son para fortalecer la <strong>econom\u00eda <\/strong>y del <strong>Plan M\u00e9xico<\/strong>.<\/p>\n\n\n\n<p>\u2014Presidenta, en estos aranceles que aumentar\u00eda su gobierno con los pa\u00edses con los cuales no se tiene tratado, ustedes, \u00bfel gobierno de M\u00e9xico esperar\u00eda aranceles tambi\u00e9n por parte, por ejemplo, de <strong>China<\/strong>?, se le cuestion\u00f3.<\/p>\n\n\n\n<p>&#8220;Estamos hablando con los embajadores aqu\u00ed en <strong>M\u00e9xico<\/strong>. Nosotros no queremos ning\u00fan conflicto con ning\u00fan pa\u00eds. Entonces, est\u00e1 hablando con ellos, con el embajador de China en M\u00e9xico, que recientemente tuve la oportunidad, por cierto, de darle, bueno, de recibir sus cartas credenciales, con <strong>Corea del Sur<\/strong>. Les estamos explicando que es una medida que de nuestra econom\u00eda y del Plan M\u00e9xico. Pero lo que queremos es hablar y platicar y no sin necesidad de generar alg\u00fan conflicto&#8221;, afirm\u00f3.<\/p>\n\n\n\n<figure class=\"wp-block-image\"><img decoding=\"async\" src=\"https:\/\/heraldodemexico.com.mx\/u\/fotografias\/m\/2025\/9\/9\/f768x1-1180405_1180532_5050.jpg\" alt=\"\"\/><figcaption class=\"wp-element-caption\">Habl\u00f3 con&nbsp;Chen Daojiang | Cuartoscuro<\/figcaption><\/figure>\n\n\n\n<h2 class=\"wp-block-heading\">Realizaron estudio de impacto inflacionario con dicha medida: Sheinbaum<\/h2>\n\n\n\n<p>La <strong>titular del Ejecutivo Federal<\/strong> dijo que se hizo un estudio muy detallado del posible <strong>impacto inflacionario<\/strong> que pudiera tener dicha medida.<\/p>\n\n\n\n<figure class=\"wp-block-pullquote\"><blockquote><p>\u201cHay much\u00edsimos much\u00edsimos productos que no est\u00e1n, que no tienen estos aranceles, much\u00edsimos. Hay algunos que sabemos que van a impulsar la producci\u00f3n nacional, como por ejemplo textiles, zapatos que hemos hablado, pl\u00e1sticos, veh\u00edculos ligeros, y algunos otros que tienen que ver con lo mismo\u201d, afirm\u00f3.<\/p><\/blockquote><\/figure>\n\n\n\n<p>Dijo que est\u00e1n en la disposici\u00f3n de dialogar con todos los pa\u00edses, adem\u00e1s de que se cumple con los lineamientos de la <strong>Organizaci\u00f3n Mundial de Comercio<\/strong> (OMC).<\/p>\n\n\n\n<p>\u201cEs decir, las reglas est\u00e1n establecidas en la <strong>OMC <\/strong>a la que <strong>M\u00e9xico <\/strong>pertenece de hasta cu\u00e1nto puede subirse un impuesto por importaci\u00f3n de productos\u201d, refiri\u00f3.<\/p>\n\n\n\n<p>\u2014-M\u00e1s all\u00e1 de que no sea el objetivo, presidenta, \u00bfestos aranceles a otros pa\u00edses podr\u00edan mejorar las condiciones de M\u00e9xico en estas negociaciones comerciales con Estados Unidos?, se le cuestion\u00f3.<\/p>\n\n\n\n<p>&#8220;No, no tiene ese objetivo. O sea, recuerden que el Plan M\u00e9xico yo lo present\u00e9 antes de que incluso el presidente Trump supi\u00e9ramos que iba a ganar. O sea, todav\u00eda estaba la elecci\u00f3n en Estados Unidos y hablamos del Plan M\u00e9xico y de sustituci\u00f3n de importaciones y de fortalecimiento de la industria nacional en ciertos sectores, donde M\u00e9xico ha perdido much\u00edsima capacidad de producci\u00f3n&#8221;, aclar\u00f3.<\/p>\n","protected":false},"excerpt":{"rendered":"<p>La presidenta Claudia Sheinbaum Pardo se\u00f1al\u00f3 que \u201cno queremos ning\u00fan conflicto\u201d con China, luego de que se anunciaron aranceles con los pa\u00edses con los que M\u00e9xico no tiene tratado comercial. En la conferencia de prensa matutina, detall\u00f3 que al embajador de China, Chen Daojiang,&nbsp;de quien este martes recibi\u00f3 sus cartas credenciales,&nbsp;le explic\u00f3 que estas medidas [&hellip;]<\/p>\n","protected":false},"author":4,"featured_media":66486,"comment_status":"closed","ping_status":"","sticky":false,"template":"","format":"standard","meta":{"footnotes":""},"categories":[2,19],"tags":[],"class_list":{"0":"post-66484","1":"post","2":"type-post","3":"status-publish","4":"format-standard","5":"has-post-thumbnail","7":"category-oaxaca","8":"category-nacional"},"yoast_head":"<!-- This site is optimized with the Yoast SEO plugin v27.4 - https:\/\/yoast.com\/product\/yoast-seo-wordpress\/ -->\n<title>No queremos conflicto con ning\u00fan pa\u00eds, asegura Sheinbaum por nuevos aranceles a China - LA BRAVA RADIO<\/title>\n<meta name=\"robots\" content=\"index, follow, max-snippet:-1, max-image-preview:large, max-video-preview:-1\" \/>\n<link rel=\"canonical\" href=\"https:\/\/www.bbmnoticias.com\/labravaradiofm\/2025\/09\/11\/no-queremos-conflicto-con-ningun-pais-asegura-sheinbaum-por-nuevos-aranceles-a-china\/\" \/>\n<meta property=\"og:locale\" content=\"es_MX\" \/>\n<meta property=\"og:type\" content=\"article\" \/>\n<meta property=\"og:title\" content=\"No queremos conflicto con ning\u00fan pa\u00eds, asegura Sheinbaum por nuevos aranceles a China - LA BRAVA RADIO\" \/>\n<meta property=\"og:description\" content=\"La presidenta Claudia Sheinbaum Pardo se\u00f1al\u00f3 que \u201cno queremos ning\u00fan conflicto\u201d con China, luego de que se anunciaron aranceles con los pa\u00edses con los que M\u00e9xico no tiene tratado comercial. En la conferencia de prensa matutina, detall\u00f3 que al embajador de China, Chen Daojiang,&nbsp;de quien este martes recibi\u00f3 sus cartas credenciales,&nbsp;le explic\u00f3 que estas medidas [&hellip;]\" \/>\n<meta property=\"og:url\" content=\"https:\/\/www.bbmnoticias.com\/labravaradiofm\/2025\/09\/11\/no-queremos-conflicto-con-ningun-pais-asegura-sheinbaum-por-nuevos-aranceles-a-china\/\" \/>\n<meta property=\"og:site_name\" content=\"LA BRAVA RADIO\" \/>\n<meta property=\"article:published_time\" content=\"2025-09-11T19:37:21+00:00\" \/>\n<meta property=\"article:modified_time\" content=\"2025-09-11T19:39:43+00:00\" \/>\n<meta property=\"og:image\" content=\"https:\/\/www.bbmnoticias.com\/labravaradiofm\/wp-content\/uploads\/sites\/5\/2025\/09\/claudia_sheinbaum-3.jpg\" \/>\n\t<meta property=\"og:image:width\" content=\"848\" \/>\n\t<meta property=\"og:image:height\" content=\"477\" \/>\n\t<meta property=\"og:image:type\" content=\"image\/jpeg\" \/>\n<meta name=\"author\" content=\"Agencias\" \/>\n<meta name=\"twitter:card\" content=\"summary_large_image\" \/>\n<meta name=\"twitter:label1\" content=\"Escrito por\" \/>\n\t<meta name=\"twitter:data1\" content=\"Agencias\" \/>\n\t<meta name=\"twitter:label2\" content=\"Tiempo de lectura\" \/>\n\t<meta name=\"twitter:data2\" content=\"2 minutos\" \/>\n<script type=\"application\/ld+json\" class=\"yoast-schema-graph\">{\"@context\":\"https:\\\/\\\/schema.org\",\"@graph\":[{\"@type\":\"Article\",\"@id\":\"https:\\\/\\\/www.bbmnoticias.com\\\/labravaradiofm\\\/2025\\\/09\\\/11\\\/no-queremos-conflicto-con-ningun-pais-asegura-sheinbaum-por-nuevos-aranceles-a-china\\\/#article\",\"isPartOf\":{\"@id\":\"https:\\\/\\\/www.bbmnoticias.com\\\/labravaradiofm\\\/2025\\\/09\\\/11\\\/no-queremos-conflicto-con-ningun-pais-asegura-sheinbaum-por-nuevos-aranceles-a-china\\\/\"},\"author\":{\"name\":\"Agencias\",\"@id\":\"https:\\\/\\\/www.bbmnoticias.com\\\/labravaradiofm\\\/#\\\/schema\\\/person\\\/857a3daf5c8142f29919023f377fbfad\"},\"headline\":\"No queremos conflicto con ning\u00fan pa\u00eds, asegura Sheinbaum por nuevos aranceles a China\",\"datePublished\":\"2025-09-11T19:37:21+00:00\",\"dateModified\":\"2025-09-11T19:39:43+00:00\",\"mainEntityOfPage\":{\"@id\":\"https:\\\/\\\/www.bbmnoticias.com\\\/labravaradiofm\\\/2025\\\/09\\\/11\\\/no-queremos-conflicto-con-ningun-pais-asegura-sheinbaum-por-nuevos-aranceles-a-china\\\/\"},\"wordCount\":476,\"image\":{\"@id\":\"https:\\\/\\\/www.bbmnoticias.com\\\/labravaradiofm\\\/2025\\\/09\\\/11\\\/no-queremos-conflicto-con-ningun-pais-asegura-sheinbaum-por-nuevos-aranceles-a-china\\\/#primaryimage\"},\"thumbnailUrl\":\"https:\\\/\\\/www.bbmnoticias.com\\\/labravaradiofm\\\/wp-content\\\/uploads\\\/sites\\\/5\\\/2025\\\/09\\\/claudia_sheinbaum-3.jpg\",\"articleSection\":[\"LOCAL\",\"NACIONAL\"],\"inLanguage\":\"es\"},{\"@type\":\"WebPage\",\"@id\":\"https:\\\/\\\/www.bbmnoticias.com\\\/labravaradiofm\\\/2025\\\/09\\\/11\\\/no-queremos-conflicto-con-ningun-pais-asegura-sheinbaum-por-nuevos-aranceles-a-china\\\/\",\"url\":\"https:\\\/\\\/www.bbmnoticias.com\\\/labravaradiofm\\\/2025\\\/09\\\/11\\\/no-queremos-conflicto-con-ningun-pais-asegura-sheinbaum-por-nuevos-aranceles-a-china\\\/\",\"name\":\"No queremos conflicto con ning\u00fan pa\u00eds, asegura Sheinbaum por nuevos aranceles a China - LA BRAVA RADIO\",\"isPartOf\":{\"@id\":\"https:\\\/\\\/www.bbmnoticias.com\\\/labravaradiofm\\\/#website\"},\"primaryImageOfPage\":{\"@id\":\"https:\\\/\\\/www.bbmnoticias.com\\\/labravaradiofm\\\/2025\\\/09\\\/11\\\/no-queremos-conflicto-con-ningun-pais-asegura-sheinbaum-por-nuevos-aranceles-a-china\\\/#primaryimage\"},\"image\":{\"@id\":\"https:\\\/\\\/www.bbmnoticias.com\\\/labravaradiofm\\\/2025\\\/09\\\/11\\\/no-queremos-conflicto-con-ningun-pais-asegura-sheinbaum-por-nuevos-aranceles-a-china\\\/#primaryimage\"},\"thumbnailUrl\":\"https:\\\/\\\/www.bbmnoticias.com\\\/labravaradiofm\\\/wp-content\\\/uploads\\\/sites\\\/5\\\/2025\\\/09\\\/claudia_sheinbaum-3.jpg\",\"datePublished\":\"2025-09-11T19:37:21+00:00\",\"dateModified\":\"2025-09-11T19:39:43+00:00\",\"author\":{\"@id\":\"https:\\\/\\\/www.bbmnoticias.com\\\/labravaradiofm\\\/#\\\/schema\\\/person\\\/857a3daf5c8142f29919023f377fbfad\"},\"breadcrumb\":{\"@id\":\"https:\\\/\\\/www.bbmnoticias.com\\\/labravaradiofm\\\/2025\\\/09\\\/11\\\/no-queremos-conflicto-con-ningun-pais-asegura-sheinbaum-por-nuevos-aranceles-a-china\\\/#breadcrumb\"},\"inLanguage\":\"es\",\"potentialAction\":[{\"@type\":\"ReadAction\",\"target\":[\"https:\\\/\\\/www.bbmnoticias.com\\\/labravaradiofm\\\/2025\\\/09\\\/11\\\/no-queremos-conflicto-con-ningun-pais-asegura-sheinbaum-por-nuevos-aranceles-a-china\\\/\"]}]},{\"@type\":\"ImageObject\",\"inLanguage\":\"es\",\"@id\":\"https:\\\/\\\/www.bbmnoticias.com\\\/labravaradiofm\\\/2025\\\/09\\\/11\\\/no-queremos-conflicto-con-ningun-pais-asegura-sheinbaum-por-nuevos-aranceles-a-china\\\/#primaryimage\",\"url\":\"https:\\\/\\\/www.bbmnoticias.com\\\/labravaradiofm\\\/wp-content\\\/uploads\\\/sites\\\/5\\\/2025\\\/09\\\/claudia_sheinbaum-3.jpg\",\"contentUrl\":\"https:\\\/\\\/www.bbmnoticias.com\\\/labravaradiofm\\\/wp-content\\\/uploads\\\/sites\\\/5\\\/2025\\\/09\\\/claudia_sheinbaum-3.jpg\",\"width\":848,\"height\":477},{\"@type\":\"BreadcrumbList\",\"@id\":\"https:\\\/\\\/www.bbmnoticias.com\\\/labravaradiofm\\\/2025\\\/09\\\/11\\\/no-queremos-conflicto-con-ningun-pais-asegura-sheinbaum-por-nuevos-aranceles-a-china\\\/#breadcrumb\",\"itemListElement\":[{\"@type\":\"ListItem\",\"position\":1,\"name\":\"Inicio\",\"item\":\"https:\\\/\\\/www.bbmnoticias.com\\\/labravaradiofm\\\/\"},{\"@type\":\"ListItem\",\"position\":2,\"name\":\"No queremos conflicto con ning\u00fan pa\u00eds, asegura Sheinbaum por nuevos aranceles a China\"}]},{\"@type\":\"WebSite\",\"@id\":\"https:\\\/\\\/www.bbmnoticias.com\\\/labravaradiofm\\\/#website\",\"url\":\"https:\\\/\\\/www.bbmnoticias.com\\\/labravaradiofm\\\/\",\"name\":\"LA BRAVA RADIO\",\"description\":\"Empresa productora de medios, Radiodifusi\u00f3n, Noticias, tendencias y todo lo que necesitas saber de la pol\u00edtica mexicana e internacional; entretenimiento, espect\u00e1culos, salud y mucho m\u00e1s.\",\"potentialAction\":[{\"@type\":\"SearchAction\",\"target\":{\"@type\":\"EntryPoint\",\"urlTemplate\":\"https:\\\/\\\/www.bbmnoticias.com\\\/labravaradiofm\\\/?s={search_term_string}\"},\"query-input\":{\"@type\":\"PropertyValueSpecification\",\"valueRequired\":true,\"valueName\":\"search_term_string\"}}],\"inLanguage\":\"es\"},{\"@type\":\"Person\",\"@id\":\"https:\\\/\\\/www.bbmnoticias.com\\\/labravaradiofm\\\/#\\\/schema\\\/person\\\/857a3daf5c8142f29919023f377fbfad\",\"name\":\"Agencias\",\"image\":{\"@type\":\"ImageObject\",\"inLanguage\":\"es\",\"@id\":\"https:\\\/\\\/secure.gravatar.com\\\/avatar\\\/739e0b61adf9e398b425c36718c8752286da0e8cd90f20ce9a86678abc26aa0d?s=96&d=mm&r=g\",\"url\":\"https:\\\/\\\/secure.gravatar.com\\\/avatar\\\/739e0b61adf9e398b425c36718c8752286da0e8cd90f20ce9a86678abc26aa0d?s=96&d=mm&r=g\",\"contentUrl\":\"https:\\\/\\\/secure.gravatar.com\\\/avatar\\\/739e0b61adf9e398b425c36718c8752286da0e8cd90f20ce9a86678abc26aa0d?s=96&d=mm&r=g\",\"caption\":\"Agencias\"},\"url\":\"https:\\\/\\\/www.bbmnoticias.com\\\/labravaradiofm\\\/author\\\/agencias\\\/\"}]}<\/script>\n<!-- \/ Yoast SEO plugin. -->","yoast_head_json":{"title":"No queremos conflicto con ning\u00fan pa\u00eds, asegura Sheinbaum por nuevos aranceles a China - LA BRAVA RADIO","robots":{"index":"index","follow":"follow","max-snippet":"max-snippet:-1","max-image-preview":"max-image-preview:large","max-video-preview":"max-video-preview:-1"},"canonical":"https:\/\/www.bbmnoticias.com\/labravaradiofm\/2025\/09\/11\/no-queremos-conflicto-con-ningun-pais-asegura-sheinbaum-por-nuevos-aranceles-a-china\/","og_locale":"es_MX","og_type":"article","og_title":"No queremos conflicto con ning\u00fan pa\u00eds, asegura Sheinbaum por nuevos aranceles a China - LA BRAVA RADIO","og_description":"La presidenta Claudia Sheinbaum Pardo se\u00f1al\u00f3 que \u201cno queremos ning\u00fan conflicto\u201d con China, luego de que se anunciaron aranceles con los pa\u00edses con los que M\u00e9xico no tiene tratado comercial. En la conferencia de prensa matutina, detall\u00f3 que al embajador de China, Chen Daojiang,&nbsp;de quien este martes recibi\u00f3 sus cartas credenciales,&nbsp;le explic\u00f3 que estas medidas [&hellip;]","og_url":"https:\/\/www.bbmnoticias.com\/labravaradiofm\/2025\/09\/11\/no-queremos-conflicto-con-ningun-pais-asegura-sheinbaum-por-nuevos-aranceles-a-china\/","og_site_name":"LA BRAVA RADIO","article_published_time":"2025-09-11T19:37:21+00:00","article_modified_time":"2025-09-11T19:39:43+00:00","og_image":[{"width":848,"height":477,"url":"https:\/\/www.bbmnoticias.com\/labravaradiofm\/wp-content\/uploads\/sites\/5\/2025\/09\/claudia_sheinbaum-3.jpg","type":"image\/jpeg"}],"author":"Agencias","twitter_card":"summary_large_image","twitter_misc":{"Escrito por":"Agencias","Tiempo de lectura":"2 minutos"},"schema":{"@context":"https:\/\/schema.org","@graph":[{"@type":"Article","@id":"https:\/\/www.bbmnoticias.com\/labravaradiofm\/2025\/09\/11\/no-queremos-conflicto-con-ningun-pais-asegura-sheinbaum-por-nuevos-aranceles-a-china\/#article","isPartOf":{"@id":"https:\/\/www.bbmnoticias.com\/labravaradiofm\/2025\/09\/11\/no-queremos-conflicto-con-ningun-pais-asegura-sheinbaum-por-nuevos-aranceles-a-china\/"},"author":{"name":"Agencias","@id":"https:\/\/www.bbmnoticias.com\/labravaradiofm\/#\/schema\/person\/857a3daf5c8142f29919023f377fbfad"},"headline":"No queremos conflicto con ning\u00fan pa\u00eds, asegura Sheinbaum por nuevos aranceles a China","datePublished":"2025-09-11T19:37:21+00:00","dateModified":"2025-09-11T19:39:43+00:00","mainEntityOfPage":{"@id":"https:\/\/www.bbmnoticias.com\/labravaradiofm\/2025\/09\/11\/no-queremos-conflicto-con-ningun-pais-asegura-sheinbaum-por-nuevos-aranceles-a-china\/"},"wordCount":476,"image":{"@id":"https:\/\/www.bbmnoticias.com\/labravaradiofm\/2025\/09\/11\/no-queremos-conflicto-con-ningun-pais-asegura-sheinbaum-por-nuevos-aranceles-a-china\/#primaryimage"},"thumbnailUrl":"https:\/\/www.bbmnoticias.com\/labravaradiofm\/wp-content\/uploads\/sites\/5\/2025\/09\/claudia_sheinbaum-3.jpg","articleSection":["LOCAL","NACIONAL"],"inLanguage":"es"},{"@type":"WebPage","@id":"https:\/\/www.bbmnoticias.com\/labravaradiofm\/2025\/09\/11\/no-queremos-conflicto-con-ningun-pais-asegura-sheinbaum-por-nuevos-aranceles-a-china\/","url":"https:\/\/www.bbmnoticias.com\/labravaradiofm\/2025\/09\/11\/no-queremos-conflicto-con-ningun-pais-asegura-sheinbaum-por-nuevos-aranceles-a-china\/","name":"No queremos conflicto con ning\u00fan pa\u00eds, asegura Sheinbaum por nuevos aranceles a China - LA BRAVA RADIO","isPartOf":{"@id":"https:\/\/www.bbmnoticias.com\/labravaradiofm\/#website"},"primaryImageOfPage":{"@id":"https:\/\/www.bbmnoticias.com\/labravaradiofm\/2025\/09\/11\/no-queremos-conflicto-con-ningun-pais-asegura-sheinbaum-por-nuevos-aranceles-a-china\/#primaryimage"},"image":{"@id":"https:\/\/www.bbmnoticias.com\/labravaradiofm\/2025\/09\/11\/no-queremos-conflicto-con-ningun-pais-asegura-sheinbaum-por-nuevos-aranceles-a-china\/#primaryimage"},"thumbnailUrl":"https:\/\/www.bbmnoticias.com\/labravaradiofm\/wp-content\/uploads\/sites\/5\/2025\/09\/claudia_sheinbaum-3.jpg","datePublished":"2025-09-11T19:37:21+00:00","dateModified":"2025-09-11T19:39:43+00:00","author":{"@id":"https:\/\/www.bbmnoticias.com\/labravaradiofm\/#\/schema\/person\/857a3daf5c8142f29919023f377fbfad"},"breadcrumb":{"@id":"https:\/\/www.bbmnoticias.com\/labravaradiofm\/2025\/09\/11\/no-queremos-conflicto-con-ningun-pais-asegura-sheinbaum-por-nuevos-aranceles-a-china\/#breadcrumb"},"inLanguage":"es","potentialAction":[{"@type":"ReadAction","target":["https:\/\/www.bbmnoticias.com\/labravaradiofm\/2025\/09\/11\/no-queremos-conflicto-con-ningun-pais-asegura-sheinbaum-por-nuevos-aranceles-a-china\/"]}]},{"@type":"ImageObject","inLanguage":"es","@id":"https:\/\/www.bbmnoticias.com\/labravaradiofm\/2025\/09\/11\/no-queremos-conflicto-con-ningun-pais-asegura-sheinbaum-por-nuevos-aranceles-a-china\/#primaryimage","url":"https:\/\/www.bbmnoticias.com\/labravaradiofm\/wp-content\/uploads\/sites\/5\/2025\/09\/claudia_sheinbaum-3.jpg","contentUrl":"https:\/\/www.bbmnoticias.com\/labravaradiofm\/wp-content\/uploads\/sites\/5\/2025\/09\/claudia_sheinbaum-3.jpg","width":848,"height":477},{"@type":"BreadcrumbList","@id":"https:\/\/www.bbmnoticias.com\/labravaradiofm\/2025\/09\/11\/no-queremos-conflicto-con-ningun-pais-asegura-sheinbaum-por-nuevos-aranceles-a-china\/#breadcrumb","itemListElement":[{"@type":"ListItem","position":1,"name":"Inicio","item":"https:\/\/www.bbmnoticias.com\/labravaradiofm\/"},{"@type":"ListItem","position":2,"name":"No queremos conflicto con ning\u00fan pa\u00eds, asegura Sheinbaum por nuevos aranceles a China"}]},{"@type":"WebSite","@id":"https:\/\/www.bbmnoticias.com\/labravaradiofm\/#website","url":"https:\/\/www.bbmnoticias.com\/labravaradiofm\/","name":"LA BRAVA RADIO","description":"Empresa productora de medios, Radiodifusi\u00f3n, Noticias, tendencias y todo lo que necesitas saber de la pol\u00edtica mexicana e internacional; entretenimiento, espect\u00e1culos, salud y mucho m\u00e1s.","potentialAction":[{"@type":"SearchAction","target":{"@type":"EntryPoint","urlTemplate":"https:\/\/www.bbmnoticias.com\/labravaradiofm\/?s={search_term_string}"},"query-input":{"@type":"PropertyValueSpecification","valueRequired":true,"valueName":"search_term_string"}}],"inLanguage":"es"},{"@type":"Person","@id":"https:\/\/www.bbmnoticias.com\/labravaradiofm\/#\/schema\/person\/857a3daf5c8142f29919023f377fbfad","name":"Agencias","image":{"@type":"ImageObject","inLanguage":"es","@id":"https:\/\/secure.gravatar.com\/avatar\/739e0b61adf9e398b425c36718c8752286da0e8cd90f20ce9a86678abc26aa0d?s=96&d=mm&r=g","url":"https:\/\/secure.gravatar.com\/avatar\/739e0b61adf9e398b425c36718c8752286da0e8cd90f20ce9a86678abc26aa0d?s=96&d=mm&r=g","contentUrl":"https:\/\/secure.gravatar.com\/avatar\/739e0b61adf9e398b425c36718c8752286da0e8cd90f20ce9a86678abc26aa0d?s=96&d=mm&r=g","caption":"Agencias"},"url":"https:\/\/www.bbmnoticias.com\/labravaradiofm\/author\/agencias\/"}]}},"_links":{"self":[{"href":"https:\/\/www.bbmnoticias.com\/labravaradiofm\/wp-json\/wp\/v2\/posts\/66484","targetHints":{"allow":["GET"]}}],"collection":[{"href":"https:\/\/www.bbmnoticias.com\/labravaradiofm\/wp-json\/wp\/v2\/posts"}],"about":[{"href":"https:\/\/www.bbmnoticias.com\/labravaradiofm\/wp-json\/wp\/v2\/types\/post"}],"author":[{"embeddable":true,"href":"https:\/\/www.bbmnoticias.com\/labravaradiofm\/wp-json\/wp\/v2\/users\/4"}],"replies":[{"embeddable":true,"href":"https:\/\/www.bbmnoticias.com\/labravaradiofm\/wp-json\/wp\/v2\/comments?post=66484"}],"version-history":[{"count":0,"href":"https:\/\/www.bbmnoticias.com\/labravaradiofm\/wp-json\/wp\/v2\/posts\/66484\/revisions"}],"wp:featuredmedia":[{"embeddable":true,"href":"https:\/\/www.bbmnoticias.com\/labravaradiofm\/wp-json\/wp\/v2\/media\/66486"}],"wp:attachment":[{"href":"https:\/\/www.bbmnoticias.com\/labravaradiofm\/wp-json\/wp\/v2\/media?parent=66484"}],"wp:term":[{"taxonomy":"category","embeddable":true,"href":"https:\/\/www.bbmnoticias.com\/labravaradiofm\/wp-json\/wp\/v2\/categories?post=66484"},{"taxonomy":"post_tag","embeddable":true,"href":"https:\/\/www.bbmnoticias.com\/labravaradiofm\/wp-json\/wp\/v2\/tags?post=66484"}],"curies":[{"name":"wp","href":"https:\/\/api.w.org\/{rel}","templated":true}]}}