{"id":66481,"date":"2025-09-11T13:10:05","date_gmt":"2025-09-11T19:10:05","guid":{"rendered":"https:\/\/www.bbmnoticias.com\/labravaradiofm\/2025\/09\/11\/aseguran-inmueble-donde-operaba-celula-delictiva-dedicada-a-defraudar-con-venta-ilegal-de-vehiculos"},"modified":"2025-09-11T13:12:51","modified_gmt":"2025-09-11T19:12:51","slug":"aseguran-inmueble-donde-operaba-celula-delictiva-dedicada-a-defraudar-con-venta-ilegal-de-vehiculos","status":"publish","type":"post","link":"https:\/\/www.bbmnoticias.com\/labravaradiofm\/2025\/09\/11\/aseguran-inmueble-donde-operaba-celula-delictiva-dedicada-a-defraudar-con-venta-ilegal-de-vehiculos\/","title":{"rendered":"Aseguran inmueble donde operaba c\u00e9lula delictiva dedicada a defraudar con venta ilegal de veh\u00edculos"},"content":{"rendered":"<div style=\"margin-top: 0px; margin-bottom: 0px;\" class=\"sharethis-inline-share-buttons\" ><\/div>\n<p><strong>Oaxaca de Ju\u00e1rez, Oax.- <\/strong>La Fiscal\u00eda General del Estado de Oaxaca (FGEO) asegur\u00f3 el inmueble que ocupaba un local en un centro comercial, donde operaba la empresa denominada \u201cAutos de Golfo\u201d, dedicada a la venta ilegal de veh\u00edculos de motor, acciones ministeriales realizadas luego de recibir al menos 15 denuncias por el delito de fraude en contra de esta empresa.<\/p>\n\n\n\n<p>De acuerdo con las denuncias recibidas por la Fiscal\u00eda de Oaxaca -a trav\u00e9s de la Vicefiscal\u00eda Regional de la Cuenca- las personas afectadas informaron que fueron v\u00edctimas del delito de fraude por parte de empleados de la empresa Autos del Golfo, establecida dentro una plaza comercial en San Juan Bautista Tuxtepec.<\/p>\n\n\n\n<p>Las indagatorias revelan que, empleados de dicha empresa ofrec\u00edan veh\u00edculos usados a las v\u00edctimas. Tras elegir un veh\u00edculo, las v\u00edctimas realizaban el pago acordado y posteriormente tendr\u00edan que esperar a que las unidades llegaran de otros estados. Sin embargo, nunca les entregaron los autos.<\/p>\n\n\n\n<p>De acuerdo con el resultado de las primeras investigaciones ministeriales, a trav\u00e9s de trabajos de inteligencia criminal que efect\u00faa la Fiscal\u00eda de Oaxaca, se estableci\u00f3 que el fraude cometido por la empresa Autos del Golfo acumula casi dos millones de pesos en da\u00f1os a las personas afectadas.<\/p>\n\n\n\n<p>Adem\u00e1s, se revel\u00f3 que integrantes de esta c\u00e9lula delictiva operaban tambi\u00e9n en el estado de Veracruz, en donde defraudaron a 100 personas, y derivado de ello, fueron detenidos por las autoridades de aquella entidad.<\/p>\n\n\n\n<p>Como resultado de estas labores, las instalaciones de la empresa Autos del Golfo quedaron aseguradas.<\/p>\n","protected":false},"excerpt":{"rendered":"<p>Oaxaca de Ju\u00e1rez, Oax.- La Fiscal\u00eda General del Estado de Oaxaca (FGEO) asegur\u00f3 el inmueble que ocupaba un local en un centro comercial, donde operaba la empresa denominada \u201cAutos de Golfo\u201d, dedicada a la venta ilegal de veh\u00edculos de motor, acciones ministeriales realizadas luego de recibir al menos 15 denuncias por el delito de fraude [&hellip;]<\/p>\n","protected":false},"author":2,"featured_media":66483,"comment_status":"closed","ping_status":"","sticky":false,"template":"","format":"standard","meta":{"footnotes":""},"categories":[2,20],"tags":[],"class_list":{"0":"post-66481","1":"post","2":"type-post","3":"status-publish","4":"format-standard","5":"has-post-thumbnail","7":"category-oaxaca","8":"category-policiaca"},"yoast_head":"<!-- This site is optimized with the Yoast SEO plugin v27.4 - https:\/\/yoast.com\/product\/yoast-seo-wordpress\/ -->\n<title>Aseguran inmueble donde operaba c\u00e9lula delictiva dedicada a defraudar con venta ilegal de veh\u00edculos - LA BRAVA RADIO<\/title>\n<meta name=\"robots\" content=\"index, follow, max-snippet:-1, max-image-preview:large, max-video-preview:-1\" \/>\n<link rel=\"canonical\" href=\"https:\/\/www.bbmnoticias.com\/labravaradiofm\/2025\/09\/11\/aseguran-inmueble-donde-operaba-celula-delictiva-dedicada-a-defraudar-con-venta-ilegal-de-vehiculos\/\" \/>\n<meta property=\"og:locale\" content=\"es_MX\" \/>\n<meta property=\"og:type\" content=\"article\" \/>\n<meta property=\"og:title\" content=\"Aseguran inmueble donde operaba c\u00e9lula delictiva dedicada a defraudar con venta ilegal de veh\u00edculos - LA BRAVA RADIO\" \/>\n<meta property=\"og:description\" content=\"Oaxaca de Ju\u00e1rez, Oax.- La Fiscal\u00eda General del Estado de Oaxaca (FGEO) asegur\u00f3 el inmueble que ocupaba un local en un centro comercial, donde operaba la empresa denominada \u201cAutos de Golfo\u201d, dedicada a la venta ilegal de veh\u00edculos de motor, acciones ministeriales realizadas luego de recibir al menos 15 denuncias por el delito de fraude [&hellip;]\" \/>\n<meta property=\"og:url\" content=\"https:\/\/www.bbmnoticias.com\/labravaradiofm\/2025\/09\/11\/aseguran-inmueble-donde-operaba-celula-delictiva-dedicada-a-defraudar-con-venta-ilegal-de-vehiculos\/\" \/>\n<meta property=\"og:site_name\" content=\"LA BRAVA RADIO\" \/>\n<meta property=\"article:published_time\" content=\"2025-09-11T19:10:05+00:00\" \/>\n<meta property=\"article:modified_time\" content=\"2025-09-11T19:12:51+00:00\" \/>\n<meta property=\"og:image\" content=\"https:\/\/www.bbmnoticias.com\/labravaradiofm\/wp-content\/uploads\/sites\/5\/2025\/09\/inmueble_asegurado.jpg\" \/>\n\t<meta property=\"og:image:width\" content=\"800\" \/>\n\t<meta property=\"og:image:height\" content=\"557\" \/>\n\t<meta property=\"og:image:type\" content=\"image\/jpeg\" \/>\n<meta name=\"author\" content=\"Staff\" \/>\n<meta name=\"twitter:card\" content=\"summary_large_image\" \/>\n<meta name=\"twitter:label1\" content=\"Escrito por\" \/>\n\t<meta name=\"twitter:data1\" content=\"Staff\" \/>\n\t<meta name=\"twitter:label2\" content=\"Tiempo de lectura\" \/>\n\t<meta name=\"twitter:data2\" content=\"1 minuto\" \/>\n<script type=\"application\/ld+json\" class=\"yoast-schema-graph\">{\"@context\":\"https:\\\/\\\/schema.org\",\"@graph\":[{\"@type\":\"Article\",\"@id\":\"https:\\\/\\\/www.bbmnoticias.com\\\/labravaradiofm\\\/2025\\\/09\\\/11\\\/aseguran-inmueble-donde-operaba-celula-delictiva-dedicada-a-defraudar-con-venta-ilegal-de-vehiculos\\\/#article\",\"isPartOf\":{\"@id\":\"https:\\\/\\\/www.bbmnoticias.com\\\/labravaradiofm\\\/2025\\\/09\\\/11\\\/aseguran-inmueble-donde-operaba-celula-delictiva-dedicada-a-defraudar-con-venta-ilegal-de-vehiculos\\\/\"},\"author\":{\"name\":\"Staff\",\"@id\":\"https:\\\/\\\/www.bbmnoticias.com\\\/labravaradiofm\\\/#\\\/schema\\\/person\\\/34b139c617a70ea5bef5678bffe4dd7b\"},\"headline\":\"Aseguran inmueble donde operaba c\u00e9lula delictiva dedicada a defraudar con venta ilegal de veh\u00edculos\",\"datePublished\":\"2025-09-11T19:10:05+00:00\",\"dateModified\":\"2025-09-11T19:12:51+00:00\",\"mainEntityOfPage\":{\"@id\":\"https:\\\/\\\/www.bbmnoticias.com\\\/labravaradiofm\\\/2025\\\/09\\\/11\\\/aseguran-inmueble-donde-operaba-celula-delictiva-dedicada-a-defraudar-con-venta-ilegal-de-vehiculos\\\/\"},\"wordCount\":286,\"image\":{\"@id\":\"https:\\\/\\\/www.bbmnoticias.com\\\/labravaradiofm\\\/2025\\\/09\\\/11\\\/aseguran-inmueble-donde-operaba-celula-delictiva-dedicada-a-defraudar-con-venta-ilegal-de-vehiculos\\\/#primaryimage\"},\"thumbnailUrl\":\"https:\\\/\\\/www.bbmnoticias.com\\\/labravaradiofm\\\/wp-content\\\/uploads\\\/sites\\\/5\\\/2025\\\/09\\\/inmueble_asegurado.jpg\",\"articleSection\":[\"LOCAL\",\"POLICIACA\"],\"inLanguage\":\"es\"},{\"@type\":\"WebPage\",\"@id\":\"https:\\\/\\\/www.bbmnoticias.com\\\/labravaradiofm\\\/2025\\\/09\\\/11\\\/aseguran-inmueble-donde-operaba-celula-delictiva-dedicada-a-defraudar-con-venta-ilegal-de-vehiculos\\\/\",\"url\":\"https:\\\/\\\/www.bbmnoticias.com\\\/labravaradiofm\\\/2025\\\/09\\\/11\\\/aseguran-inmueble-donde-operaba-celula-delictiva-dedicada-a-defraudar-con-venta-ilegal-de-vehiculos\\\/\",\"name\":\"Aseguran inmueble donde operaba c\u00e9lula delictiva dedicada a defraudar con venta ilegal de veh\u00edculos - LA BRAVA RADIO\",\"isPartOf\":{\"@id\":\"https:\\\/\\\/www.bbmnoticias.com\\\/labravaradiofm\\\/#website\"},\"primaryImageOfPage\":{\"@id\":\"https:\\\/\\\/www.bbmnoticias.com\\\/labravaradiofm\\\/2025\\\/09\\\/11\\\/aseguran-inmueble-donde-operaba-celula-delictiva-dedicada-a-defraudar-con-venta-ilegal-de-vehiculos\\\/#primaryimage\"},\"image\":{\"@id\":\"https:\\\/\\\/www.bbmnoticias.com\\\/labravaradiofm\\\/2025\\\/09\\\/11\\\/aseguran-inmueble-donde-operaba-celula-delictiva-dedicada-a-defraudar-con-venta-ilegal-de-vehiculos\\\/#primaryimage\"},\"thumbnailUrl\":\"https:\\\/\\\/www.bbmnoticias.com\\\/labravaradiofm\\\/wp-content\\\/uploads\\\/sites\\\/5\\\/2025\\\/09\\\/inmueble_asegurado.jpg\",\"datePublished\":\"2025-09-11T19:10:05+00:00\",\"dateModified\":\"2025-09-11T19:12:51+00:00\",\"author\":{\"@id\":\"https:\\\/\\\/www.bbmnoticias.com\\\/labravaradiofm\\\/#\\\/schema\\\/person\\\/34b139c617a70ea5bef5678bffe4dd7b\"},\"breadcrumb\":{\"@id\":\"https:\\\/\\\/www.bbmnoticias.com\\\/labravaradiofm\\\/2025\\\/09\\\/11\\\/aseguran-inmueble-donde-operaba-celula-delictiva-dedicada-a-defraudar-con-venta-ilegal-de-vehiculos\\\/#breadcrumb\"},\"inLanguage\":\"es\",\"potentialAction\":[{\"@type\":\"ReadAction\",\"target\":[\"https:\\\/\\\/www.bbmnoticias.com\\\/labravaradiofm\\\/2025\\\/09\\\/11\\\/aseguran-inmueble-donde-operaba-celula-delictiva-dedicada-a-defraudar-con-venta-ilegal-de-vehiculos\\\/\"]}]},{\"@type\":\"ImageObject\",\"inLanguage\":\"es\",\"@id\":\"https:\\\/\\\/www.bbmnoticias.com\\\/labravaradiofm\\\/2025\\\/09\\\/11\\\/aseguran-inmueble-donde-operaba-celula-delictiva-dedicada-a-defraudar-con-venta-ilegal-de-vehiculos\\\/#primaryimage\",\"url\":\"https:\\\/\\\/www.bbmnoticias.com\\\/labravaradiofm\\\/wp-content\\\/uploads\\\/sites\\\/5\\\/2025\\\/09\\\/inmueble_asegurado.jpg\",\"contentUrl\":\"https:\\\/\\\/www.bbmnoticias.com\\\/labravaradiofm\\\/wp-content\\\/uploads\\\/sites\\\/5\\\/2025\\\/09\\\/inmueble_asegurado.jpg\",\"width\":800,\"height\":557},{\"@type\":\"BreadcrumbList\",\"@id\":\"https:\\\/\\\/www.bbmnoticias.com\\\/labravaradiofm\\\/2025\\\/09\\\/11\\\/aseguran-inmueble-donde-operaba-celula-delictiva-dedicada-a-defraudar-con-venta-ilegal-de-vehiculos\\\/#breadcrumb\",\"itemListElement\":[{\"@type\":\"ListItem\",\"position\":1,\"name\":\"Inicio\",\"item\":\"https:\\\/\\\/www.bbmnoticias.com\\\/labravaradiofm\\\/\"},{\"@type\":\"ListItem\",\"position\":2,\"name\":\"Aseguran inmueble donde operaba c\u00e9lula delictiva dedicada a defraudar con venta ilegal de veh\u00edculos\"}]},{\"@type\":\"WebSite\",\"@id\":\"https:\\\/\\\/www.bbmnoticias.com\\\/labravaradiofm\\\/#website\",\"url\":\"https:\\\/\\\/www.bbmnoticias.com\\\/labravaradiofm\\\/\",\"name\":\"LA BRAVA RADIO\",\"description\":\"Empresa productora de medios, Radiodifusi\u00f3n, Noticias, tendencias y todo lo que necesitas saber de la pol\u00edtica mexicana e internacional; entretenimiento, espect\u00e1culos, salud y mucho m\u00e1s.\",\"potentialAction\":[{\"@type\":\"SearchAction\",\"target\":{\"@type\":\"EntryPoint\",\"urlTemplate\":\"https:\\\/\\\/www.bbmnoticias.com\\\/labravaradiofm\\\/?s={search_term_string}\"},\"query-input\":{\"@type\":\"PropertyValueSpecification\",\"valueRequired\":true,\"valueName\":\"search_term_string\"}}],\"inLanguage\":\"es\"},{\"@type\":\"Person\",\"@id\":\"https:\\\/\\\/www.bbmnoticias.com\\\/labravaradiofm\\\/#\\\/schema\\\/person\\\/34b139c617a70ea5bef5678bffe4dd7b\",\"name\":\"Staff\",\"image\":{\"@type\":\"ImageObject\",\"inLanguage\":\"es\",\"@id\":\"https:\\\/\\\/secure.gravatar.com\\\/avatar\\\/fdd21ad66fd8b98c407f9dee5b5e588cfe7f0d8579ec20fa6527cd59bab7f0f0?s=96&d=mm&r=g\",\"url\":\"https:\\\/\\\/secure.gravatar.com\\\/avatar\\\/fdd21ad66fd8b98c407f9dee5b5e588cfe7f0d8579ec20fa6527cd59bab7f0f0?s=96&d=mm&r=g\",\"contentUrl\":\"https:\\\/\\\/secure.gravatar.com\\\/avatar\\\/fdd21ad66fd8b98c407f9dee5b5e588cfe7f0d8579ec20fa6527cd59bab7f0f0?s=96&d=mm&r=g\",\"caption\":\"Staff\"},\"url\":\"https:\\\/\\\/www.bbmnoticias.com\\\/labravaradiofm\\\/author\\\/redaccion\\\/\"}]}<\/script>\n<!-- \/ Yoast SEO plugin. -->","yoast_head_json":{"title":"Aseguran inmueble donde operaba c\u00e9lula delictiva dedicada a defraudar con venta ilegal de veh\u00edculos - LA BRAVA RADIO","robots":{"index":"index","follow":"follow","max-snippet":"max-snippet:-1","max-image-preview":"max-image-preview:large","max-video-preview":"max-video-preview:-1"},"canonical":"https:\/\/www.bbmnoticias.com\/labravaradiofm\/2025\/09\/11\/aseguran-inmueble-donde-operaba-celula-delictiva-dedicada-a-defraudar-con-venta-ilegal-de-vehiculos\/","og_locale":"es_MX","og_type":"article","og_title":"Aseguran inmueble donde operaba c\u00e9lula delictiva dedicada a defraudar con venta ilegal de veh\u00edculos - LA BRAVA RADIO","og_description":"Oaxaca de Ju\u00e1rez, Oax.- La Fiscal\u00eda General del Estado de Oaxaca (FGEO) asegur\u00f3 el inmueble que ocupaba un local en un centro comercial, donde operaba la empresa denominada \u201cAutos de Golfo\u201d, dedicada a la venta ilegal de veh\u00edculos de motor, acciones ministeriales realizadas luego de recibir al menos 15 denuncias por el delito de fraude [&hellip;]","og_url":"https:\/\/www.bbmnoticias.com\/labravaradiofm\/2025\/09\/11\/aseguran-inmueble-donde-operaba-celula-delictiva-dedicada-a-defraudar-con-venta-ilegal-de-vehiculos\/","og_site_name":"LA BRAVA RADIO","article_published_time":"2025-09-11T19:10:05+00:00","article_modified_time":"2025-09-11T19:12:51+00:00","og_image":[{"width":800,"height":557,"url":"https:\/\/www.bbmnoticias.com\/labravaradiofm\/wp-content\/uploads\/sites\/5\/2025\/09\/inmueble_asegurado.jpg","type":"image\/jpeg"}],"author":"Staff","twitter_card":"summary_large_image","twitter_misc":{"Escrito por":"Staff","Tiempo de lectura":"1 minuto"},"schema":{"@context":"https:\/\/schema.org","@graph":[{"@type":"Article","@id":"https:\/\/www.bbmnoticias.com\/labravaradiofm\/2025\/09\/11\/aseguran-inmueble-donde-operaba-celula-delictiva-dedicada-a-defraudar-con-venta-ilegal-de-vehiculos\/#article","isPartOf":{"@id":"https:\/\/www.bbmnoticias.com\/labravaradiofm\/2025\/09\/11\/aseguran-inmueble-donde-operaba-celula-delictiva-dedicada-a-defraudar-con-venta-ilegal-de-vehiculos\/"},"author":{"name":"Staff","@id":"https:\/\/www.bbmnoticias.com\/labravaradiofm\/#\/schema\/person\/34b139c617a70ea5bef5678bffe4dd7b"},"headline":"Aseguran inmueble donde operaba c\u00e9lula delictiva dedicada a defraudar con venta ilegal de veh\u00edculos","datePublished":"2025-09-11T19:10:05+00:00","dateModified":"2025-09-11T19:12:51+00:00","mainEntityOfPage":{"@id":"https:\/\/www.bbmnoticias.com\/labravaradiofm\/2025\/09\/11\/aseguran-inmueble-donde-operaba-celula-delictiva-dedicada-a-defraudar-con-venta-ilegal-de-vehiculos\/"},"wordCount":286,"image":{"@id":"https:\/\/www.bbmnoticias.com\/labravaradiofm\/2025\/09\/11\/aseguran-inmueble-donde-operaba-celula-delictiva-dedicada-a-defraudar-con-venta-ilegal-de-vehiculos\/#primaryimage"},"thumbnailUrl":"https:\/\/www.bbmnoticias.com\/labravaradiofm\/wp-content\/uploads\/sites\/5\/2025\/09\/inmueble_asegurado.jpg","articleSection":["LOCAL","POLICIACA"],"inLanguage":"es"},{"@type":"WebPage","@id":"https:\/\/www.bbmnoticias.com\/labravaradiofm\/2025\/09\/11\/aseguran-inmueble-donde-operaba-celula-delictiva-dedicada-a-defraudar-con-venta-ilegal-de-vehiculos\/","url":"https:\/\/www.bbmnoticias.com\/labravaradiofm\/2025\/09\/11\/aseguran-inmueble-donde-operaba-celula-delictiva-dedicada-a-defraudar-con-venta-ilegal-de-vehiculos\/","name":"Aseguran inmueble donde operaba c\u00e9lula delictiva dedicada a defraudar con venta ilegal de veh\u00edculos - LA BRAVA RADIO","isPartOf":{"@id":"https:\/\/www.bbmnoticias.com\/labravaradiofm\/#website"},"primaryImageOfPage":{"@id":"https:\/\/www.bbmnoticias.com\/labravaradiofm\/2025\/09\/11\/aseguran-inmueble-donde-operaba-celula-delictiva-dedicada-a-defraudar-con-venta-ilegal-de-vehiculos\/#primaryimage"},"image":{"@id":"https:\/\/www.bbmnoticias.com\/labravaradiofm\/2025\/09\/11\/aseguran-inmueble-donde-operaba-celula-delictiva-dedicada-a-defraudar-con-venta-ilegal-de-vehiculos\/#primaryimage"},"thumbnailUrl":"https:\/\/www.bbmnoticias.com\/labravaradiofm\/wp-content\/uploads\/sites\/5\/2025\/09\/inmueble_asegurado.jpg","datePublished":"2025-09-11T19:10:05+00:00","dateModified":"2025-09-11T19:12:51+00:00","author":{"@id":"https:\/\/www.bbmnoticias.com\/labravaradiofm\/#\/schema\/person\/34b139c617a70ea5bef5678bffe4dd7b"},"breadcrumb":{"@id":"https:\/\/www.bbmnoticias.com\/labravaradiofm\/2025\/09\/11\/aseguran-inmueble-donde-operaba-celula-delictiva-dedicada-a-defraudar-con-venta-ilegal-de-vehiculos\/#breadcrumb"},"inLanguage":"es","potentialAction":[{"@type":"ReadAction","target":["https:\/\/www.bbmnoticias.com\/labravaradiofm\/2025\/09\/11\/aseguran-inmueble-donde-operaba-celula-delictiva-dedicada-a-defraudar-con-venta-ilegal-de-vehiculos\/"]}]},{"@type":"ImageObject","inLanguage":"es","@id":"https:\/\/www.bbmnoticias.com\/labravaradiofm\/2025\/09\/11\/aseguran-inmueble-donde-operaba-celula-delictiva-dedicada-a-defraudar-con-venta-ilegal-de-vehiculos\/#primaryimage","url":"https:\/\/www.bbmnoticias.com\/labravaradiofm\/wp-content\/uploads\/sites\/5\/2025\/09\/inmueble_asegurado.jpg","contentUrl":"https:\/\/www.bbmnoticias.com\/labravaradiofm\/wp-content\/uploads\/sites\/5\/2025\/09\/inmueble_asegurado.jpg","width":800,"height":557},{"@type":"BreadcrumbList","@id":"https:\/\/www.bbmnoticias.com\/labravaradiofm\/2025\/09\/11\/aseguran-inmueble-donde-operaba-celula-delictiva-dedicada-a-defraudar-con-venta-ilegal-de-vehiculos\/#breadcrumb","itemListElement":[{"@type":"ListItem","position":1,"name":"Inicio","item":"https:\/\/www.bbmnoticias.com\/labravaradiofm\/"},{"@type":"ListItem","position":2,"name":"Aseguran inmueble donde operaba c\u00e9lula delictiva dedicada a defraudar con venta ilegal de veh\u00edculos"}]},{"@type":"WebSite","@id":"https:\/\/www.bbmnoticias.com\/labravaradiofm\/#website","url":"https:\/\/www.bbmnoticias.com\/labravaradiofm\/","name":"LA BRAVA RADIO","description":"Empresa productora de medios, Radiodifusi\u00f3n, Noticias, tendencias y todo lo que necesitas saber de la pol\u00edtica mexicana e internacional; entretenimiento, espect\u00e1culos, salud y mucho m\u00e1s.","potentialAction":[{"@type":"SearchAction","target":{"@type":"EntryPoint","urlTemplate":"https:\/\/www.bbmnoticias.com\/labravaradiofm\/?s={search_term_string}"},"query-input":{"@type":"PropertyValueSpecification","valueRequired":true,"valueName":"search_term_string"}}],"inLanguage":"es"},{"@type":"Person","@id":"https:\/\/www.bbmnoticias.com\/labravaradiofm\/#\/schema\/person\/34b139c617a70ea5bef5678bffe4dd7b","name":"Staff","image":{"@type":"ImageObject","inLanguage":"es","@id":"https:\/\/secure.gravatar.com\/avatar\/fdd21ad66fd8b98c407f9dee5b5e588cfe7f0d8579ec20fa6527cd59bab7f0f0?s=96&d=mm&r=g","url":"https:\/\/secure.gravatar.com\/avatar\/fdd21ad66fd8b98c407f9dee5b5e588cfe7f0d8579ec20fa6527cd59bab7f0f0?s=96&d=mm&r=g","contentUrl":"https:\/\/secure.gravatar.com\/avatar\/fdd21ad66fd8b98c407f9dee5b5e588cfe7f0d8579ec20fa6527cd59bab7f0f0?s=96&d=mm&r=g","caption":"Staff"},"url":"https:\/\/www.bbmnoticias.com\/labravaradiofm\/author\/redaccion\/"}]}},"_links":{"self":[{"href":"https:\/\/www.bbmnoticias.com\/labravaradiofm\/wp-json\/wp\/v2\/posts\/66481","targetHints":{"allow":["GET"]}}],"collection":[{"href":"https:\/\/www.bbmnoticias.com\/labravaradiofm\/wp-json\/wp\/v2\/posts"}],"about":[{"href":"https:\/\/www.bbmnoticias.com\/labravaradiofm\/wp-json\/wp\/v2\/types\/post"}],"author":[{"embeddable":true,"href":"https:\/\/www.bbmnoticias.com\/labravaradiofm\/wp-json\/wp\/v2\/users\/2"}],"replies":[{"embeddable":true,"href":"https:\/\/www.bbmnoticias.com\/labravaradiofm\/wp-json\/wp\/v2\/comments?post=66481"}],"version-history":[{"count":0,"href":"https:\/\/www.bbmnoticias.com\/labravaradiofm\/wp-json\/wp\/v2\/posts\/66481\/revisions"}],"wp:featuredmedia":[{"embeddable":true,"href":"https:\/\/www.bbmnoticias.com\/labravaradiofm\/wp-json\/wp\/v2\/media\/66483"}],"wp:attachment":[{"href":"https:\/\/www.bbmnoticias.com\/labravaradiofm\/wp-json\/wp\/v2\/media?parent=66481"}],"wp:term":[{"taxonomy":"category","embeddable":true,"href":"https:\/\/www.bbmnoticias.com\/labravaradiofm\/wp-json\/wp\/v2\/categories?post=66481"},{"taxonomy":"post_tag","embeddable":true,"href":"https:\/\/www.bbmnoticias.com\/labravaradiofm\/wp-json\/wp\/v2\/tags?post=66481"}],"curies":[{"name":"wp","href":"https:\/\/api.w.org\/{rel}","templated":true}]}}