{"id":66244,"date":"2025-09-08T13:16:47","date_gmt":"2025-09-08T19:16:47","guid":{"rendered":"https:\/\/www.bbmnoticias.com\/labravaradiofm\/2025\/09\/08\/dos-de-los-cinco-mandos-navales-involucrados-en-el-huachicol-fiscal-fueron-detenidos-en-salina-cruz-oaxaca"},"modified":"2025-09-08T13:28:05","modified_gmt":"2025-09-08T19:28:05","slug":"dos-de-los-cinco-mandos-navales-involucrados-en-el-huachicol-fiscal-fueron-detenidos-en-salina-cruz-oaxaca","status":"publish","type":"post","link":"https:\/\/www.bbmnoticias.com\/labravaradiofm\/2025\/09\/08\/dos-de-los-cinco-mandos-navales-involucrados-en-el-huachicol-fiscal-fueron-detenidos-en-salina-cruz-oaxaca\/","title":{"rendered":"Dos de los cinco mandos navales involucrados en el \u201chuachicol fiscal\u201d fueron detenidos en Salina Cruz, Oaxaca"},"content":{"rendered":"<div style=\"margin-top: 0px; margin-bottom: 0px;\" class=\"sharethis-inline-share-buttons\" ><\/div>\n<p>Derivada de la investigaci\u00f3n de la FGR contra el tr\u00e1fico de huachicol fiscal en Reynosa y Altamira, Tamaulipas, y el asesinato del contraalmirante Fernando Rub\u00e9n Guerrero Alc\u00e1ntar, ocurrido el 8 de noviembre de 2024 en Manzanillo, Colima, fueron detenidas 11 personas de un total de 13 \u00f3rdenes de aprehensi\u00f3n giradas. Los implicados incluyen marinos y personal de aduanas vinculados a una red criminal en puertos mexicanos.<\/p>\n\n\n\n<p>El contraalmirante Guerrero Alc\u00e1ntar hab\u00eda denunciado a los hermanos Manuel Roberto y Fernando Far\u00edas Laguna, vicealmirante y contraalmirante, respectivamente, sobrinos pol\u00edticos del almirante Rafael Ojeda, exsecretario de Marina, por encabezar una mafia en puertos y aduanas. Su asesinato se relaciona con estas acusaciones, que involucran el desembarque ilegal de combustible en Altamira y Tampico.<\/p>\n\n\n\n<p>Adem\u00e1s, el 21 de octubre de 2024, fue asesinada Magaly Janet Nava Ramos, auxiliar en la Delegaci\u00f3n de la FGR en Colima. La Fiscal\u00eda vincula este crimen con la ejecuci\u00f3n de Guerrero, sugiriendo una retaliaci\u00f3n por las investigaciones sobre el huachicol fiscal en instalaciones portuarias.<\/p>\n\n\n\n<p>De las 13 \u00f3rdenes de aprehensi\u00f3n emitidas por un juez federal, 11 han sido cumplimentadas. Los detenidos est\u00e1n acusados de tr\u00e1fico de combustible ilegal y el homicidio del contraalmirante. La red operaba protegiendo importaciones fraudulentas desde Estados Unidos.<\/p>\n\n\n\n<p>Dos de los detenidos m\u00e1s importantes fueron aprehendidos en Salina Cruz, Oaxaca: el contraalmirante Manuel Roberto Far\u00edas Laguna, inspector del Mando de la D\u00e9cima Regi\u00f3n Naval con sede en esa localidad, y el capit\u00e1n de nav\u00edo Cl\u00edmaco Aldape Utrera, representante jur\u00eddico de la misma instituci\u00f3n.<\/p>\n\n\n\n<p>La aprehensi\u00f3n en Salina Cruz fue liderada por la Fiscal\u00eda General de la Rep\u00fablica (FGR), con apoyo de elementos de la Marina. Esta operaci\u00f3n destaca por capturar a altos mandos navales implicados en la protecci\u00f3n de la red de huachicol fiscal.<\/p>\n\n\n\n<p>Entre el personal naval detenido figuran: vicealmirante Manuel Roberto Far\u00edas, excomandante de la 12 Zona Naval en Puerto Vallarta; capit\u00e1n de nav\u00edo Cl\u00edmaco Aldape Utrera, adscrito a la D\u00e9cima Regi\u00f3n Naval en Salina Cruz; capit\u00e1n de nav\u00edo Humberto Enrique L\u00f3pez Arellano, exdirector de Supervisi\u00f3n de Aduanas Mar\u00edtimas; Sergio Varela Morales, exsubdirector de Vigilancia en Tampico; Carlos de Jes\u00fas Estudillo Villalobos, exsubdirector de Operaciones en Tampico; y Fernando Ernesto Maga\u00f1a Guti\u00e9rrez, exsubadministrador en Altamira.<\/p>\n\n\n\n<p>Los funcionarios civiles arrestados incluyen a Francisco Javier Antonio Mart\u00ednez, exgerente de Administraci\u00f3n y Finanzas de la ASIPONA en Tampico; y Endira X\u00f3chitl Palomo Ch\u00e1vez, exjefa de departamento de Recintos Fiscales en la Aduana de Tampico. Adem\u00e1s, verificadores de mercanc\u00edas en Tampico: Perla Elizabeth Castro S\u00e1nchez, Anatalia J. Guti\u00e9rrez Guti\u00e9rrez e Ismael Rica\u00f1o Mat\u00edas.<\/p>\n\n\n\n<p>Los pr\u00f3fugos son el contraalmirante Fernando Far\u00edas Laguna, hermano del vicealmirante Manuel Roberto Far\u00edas, y el capit\u00e1n de corbeta Miguel \u00c1ngel Solano Ruiz. Se les acusa de facilitar el desembarque de 31 buques con combustible ilegal en puertos del Golfo de M\u00e9xico.<\/p>\n\n\n\n<p>Los detenidos estaban asociados con la empresa Intanza, responsable de importar m\u00e1s de 10 millones de litros de di\u00e9sel disfrazado como aditivos para aceites desde Estados Unidos. Las embarcaciones arribaron entre abril de 2024 y marzo de 2025, incluyendo el buque Challenge Procyon, donde se decomis\u00f3 la mayor cantidad de huachicol fiscal en marzo pasado, seg\u00fan la FGR.<\/p>\n\n\n\n<p>Con informaci\u00f3n de Tiempo Digital<\/p>\n","protected":false},"excerpt":{"rendered":"<p>Derivada de la investigaci\u00f3n de la FGR contra el tr\u00e1fico de huachicol fiscal en Reynosa y Altamira, Tamaulipas, y el asesinato del contraalmirante Fernando Rub\u00e9n Guerrero Alc\u00e1ntar, ocurrido el 8 de noviembre de 2024 en Manzanillo, Colima, fueron detenidas 11 personas de un total de 13 \u00f3rdenes de aprehensi\u00f3n giradas. Los implicados incluyen marinos y [&hellip;]<\/p>\n","protected":false},"author":2,"featured_media":66246,"comment_status":"closed","ping_status":"","sticky":false,"template":"","format":"standard","meta":{"footnotes":""},"categories":[2],"tags":[],"class_list":{"0":"post-66244","1":"post","2":"type-post","3":"status-publish","4":"format-standard","5":"has-post-thumbnail","7":"category-oaxaca"},"yoast_head":"<!-- This site is optimized with the Yoast SEO plugin v27.4 - https:\/\/yoast.com\/product\/yoast-seo-wordpress\/ -->\n<title>Dos de los cinco mandos navales involucrados en el \u201chuachicol fiscal\u201d fueron detenidos en Salina Cruz, Oaxaca - LA BRAVA RADIO<\/title>\n<meta name=\"robots\" content=\"index, follow, max-snippet:-1, max-image-preview:large, max-video-preview:-1\" \/>\n<link rel=\"canonical\" href=\"https:\/\/www.bbmnoticias.com\/labravaradiofm\/2025\/09\/08\/dos-de-los-cinco-mandos-navales-involucrados-en-el-huachicol-fiscal-fueron-detenidos-en-salina-cruz-oaxaca\/\" \/>\n<meta property=\"og:locale\" content=\"es_MX\" \/>\n<meta property=\"og:type\" content=\"article\" \/>\n<meta property=\"og:title\" content=\"Dos de los cinco mandos navales involucrados en el \u201chuachicol fiscal\u201d fueron detenidos en Salina Cruz, Oaxaca - LA BRAVA RADIO\" \/>\n<meta property=\"og:description\" content=\"Derivada de la investigaci\u00f3n de la FGR contra el tr\u00e1fico de huachicol fiscal en Reynosa y Altamira, Tamaulipas, y el asesinato del contraalmirante Fernando Rub\u00e9n Guerrero Alc\u00e1ntar, ocurrido el 8 de noviembre de 2024 en Manzanillo, Colima, fueron detenidas 11 personas de un total de 13 \u00f3rdenes de aprehensi\u00f3n giradas. Los implicados incluyen marinos y [&hellip;]\" \/>\n<meta property=\"og:url\" content=\"https:\/\/www.bbmnoticias.com\/labravaradiofm\/2025\/09\/08\/dos-de-los-cinco-mandos-navales-involucrados-en-el-huachicol-fiscal-fueron-detenidos-en-salina-cruz-oaxaca\/\" \/>\n<meta property=\"og:site_name\" content=\"LA BRAVA RADIO\" \/>\n<meta property=\"article:published_time\" content=\"2025-09-08T19:16:47+00:00\" \/>\n<meta property=\"article:modified_time\" content=\"2025-09-08T19:28:05+00:00\" \/>\n<meta property=\"og:image\" content=\"https:\/\/www.bbmnoticias.com\/labravaradiofm\/wp-content\/uploads\/sites\/5\/2025\/09\/detenidos_huachicol.jpeg\" \/>\n\t<meta property=\"og:image:width\" content=\"621\" \/>\n\t<meta property=\"og:image:height\" content=\"401\" \/>\n\t<meta property=\"og:image:type\" content=\"image\/jpeg\" \/>\n<meta name=\"author\" content=\"Staff\" \/>\n<meta name=\"twitter:card\" content=\"summary_large_image\" \/>\n<meta name=\"twitter:label1\" content=\"Escrito por\" \/>\n\t<meta name=\"twitter:data1\" content=\"Staff\" \/>\n\t<meta name=\"twitter:label2\" content=\"Tiempo de lectura\" \/>\n\t<meta name=\"twitter:data2\" content=\"3 minutos\" \/>\n<script type=\"application\/ld+json\" class=\"yoast-schema-graph\">{\"@context\":\"https:\\\/\\\/schema.org\",\"@graph\":[{\"@type\":\"Article\",\"@id\":\"https:\\\/\\\/www.bbmnoticias.com\\\/labravaradiofm\\\/2025\\\/09\\\/08\\\/dos-de-los-cinco-mandos-navales-involucrados-en-el-huachicol-fiscal-fueron-detenidos-en-salina-cruz-oaxaca\\\/#article\",\"isPartOf\":{\"@id\":\"https:\\\/\\\/www.bbmnoticias.com\\\/labravaradiofm\\\/2025\\\/09\\\/08\\\/dos-de-los-cinco-mandos-navales-involucrados-en-el-huachicol-fiscal-fueron-detenidos-en-salina-cruz-oaxaca\\\/\"},\"author\":{\"name\":\"Staff\",\"@id\":\"https:\\\/\\\/www.bbmnoticias.com\\\/labravaradiofm\\\/#\\\/schema\\\/person\\\/68a9e9036ef3c5b55aeb2b71dc8bab45\"},\"headline\":\"Dos de los cinco mandos navales involucrados en el \u201chuachicol fiscal\u201d fueron detenidos en Salina Cruz, Oaxaca\",\"datePublished\":\"2025-09-08T19:16:47+00:00\",\"dateModified\":\"2025-09-08T19:28:05+00:00\",\"mainEntityOfPage\":{\"@id\":\"https:\\\/\\\/www.bbmnoticias.com\\\/labravaradiofm\\\/2025\\\/09\\\/08\\\/dos-de-los-cinco-mandos-navales-involucrados-en-el-huachicol-fiscal-fueron-detenidos-en-salina-cruz-oaxaca\\\/\"},\"wordCount\":590,\"image\":{\"@id\":\"https:\\\/\\\/www.bbmnoticias.com\\\/labravaradiofm\\\/2025\\\/09\\\/08\\\/dos-de-los-cinco-mandos-navales-involucrados-en-el-huachicol-fiscal-fueron-detenidos-en-salina-cruz-oaxaca\\\/#primaryimage\"},\"thumbnailUrl\":\"https:\\\/\\\/www.bbmnoticias.com\\\/labravaradiofm\\\/wp-content\\\/uploads\\\/sites\\\/5\\\/2025\\\/09\\\/detenidos_huachicol.jpeg\",\"articleSection\":[\"LOCAL\"],\"inLanguage\":\"es\"},{\"@type\":\"WebPage\",\"@id\":\"https:\\\/\\\/www.bbmnoticias.com\\\/labravaradiofm\\\/2025\\\/09\\\/08\\\/dos-de-los-cinco-mandos-navales-involucrados-en-el-huachicol-fiscal-fueron-detenidos-en-salina-cruz-oaxaca\\\/\",\"url\":\"https:\\\/\\\/www.bbmnoticias.com\\\/labravaradiofm\\\/2025\\\/09\\\/08\\\/dos-de-los-cinco-mandos-navales-involucrados-en-el-huachicol-fiscal-fueron-detenidos-en-salina-cruz-oaxaca\\\/\",\"name\":\"Dos de los cinco mandos navales involucrados en el \u201chuachicol fiscal\u201d fueron detenidos en Salina Cruz, Oaxaca - LA BRAVA RADIO\",\"isPartOf\":{\"@id\":\"https:\\\/\\\/www.bbmnoticias.com\\\/labravaradiofm\\\/#website\"},\"primaryImageOfPage\":{\"@id\":\"https:\\\/\\\/www.bbmnoticias.com\\\/labravaradiofm\\\/2025\\\/09\\\/08\\\/dos-de-los-cinco-mandos-navales-involucrados-en-el-huachicol-fiscal-fueron-detenidos-en-salina-cruz-oaxaca\\\/#primaryimage\"},\"image\":{\"@id\":\"https:\\\/\\\/www.bbmnoticias.com\\\/labravaradiofm\\\/2025\\\/09\\\/08\\\/dos-de-los-cinco-mandos-navales-involucrados-en-el-huachicol-fiscal-fueron-detenidos-en-salina-cruz-oaxaca\\\/#primaryimage\"},\"thumbnailUrl\":\"https:\\\/\\\/www.bbmnoticias.com\\\/labravaradiofm\\\/wp-content\\\/uploads\\\/sites\\\/5\\\/2025\\\/09\\\/detenidos_huachicol.jpeg\",\"datePublished\":\"2025-09-08T19:16:47+00:00\",\"dateModified\":\"2025-09-08T19:28:05+00:00\",\"author\":{\"@id\":\"https:\\\/\\\/www.bbmnoticias.com\\\/labravaradiofm\\\/#\\\/schema\\\/person\\\/68a9e9036ef3c5b55aeb2b71dc8bab45\"},\"breadcrumb\":{\"@id\":\"https:\\\/\\\/www.bbmnoticias.com\\\/labravaradiofm\\\/2025\\\/09\\\/08\\\/dos-de-los-cinco-mandos-navales-involucrados-en-el-huachicol-fiscal-fueron-detenidos-en-salina-cruz-oaxaca\\\/#breadcrumb\"},\"inLanguage\":\"es\",\"potentialAction\":[{\"@type\":\"ReadAction\",\"target\":[\"https:\\\/\\\/www.bbmnoticias.com\\\/labravaradiofm\\\/2025\\\/09\\\/08\\\/dos-de-los-cinco-mandos-navales-involucrados-en-el-huachicol-fiscal-fueron-detenidos-en-salina-cruz-oaxaca\\\/\"]}]},{\"@type\":\"ImageObject\",\"inLanguage\":\"es\",\"@id\":\"https:\\\/\\\/www.bbmnoticias.com\\\/labravaradiofm\\\/2025\\\/09\\\/08\\\/dos-de-los-cinco-mandos-navales-involucrados-en-el-huachicol-fiscal-fueron-detenidos-en-salina-cruz-oaxaca\\\/#primaryimage\",\"url\":\"https:\\\/\\\/www.bbmnoticias.com\\\/labravaradiofm\\\/wp-content\\\/uploads\\\/sites\\\/5\\\/2025\\\/09\\\/detenidos_huachicol.jpeg\",\"contentUrl\":\"https:\\\/\\\/www.bbmnoticias.com\\\/labravaradiofm\\\/wp-content\\\/uploads\\\/sites\\\/5\\\/2025\\\/09\\\/detenidos_huachicol.jpeg\",\"width\":621,\"height\":401},{\"@type\":\"BreadcrumbList\",\"@id\":\"https:\\\/\\\/www.bbmnoticias.com\\\/labravaradiofm\\\/2025\\\/09\\\/08\\\/dos-de-los-cinco-mandos-navales-involucrados-en-el-huachicol-fiscal-fueron-detenidos-en-salina-cruz-oaxaca\\\/#breadcrumb\",\"itemListElement\":[{\"@type\":\"ListItem\",\"position\":1,\"name\":\"Inicio\",\"item\":\"https:\\\/\\\/www.bbmnoticias.com\\\/labravaradiofm\\\/\"},{\"@type\":\"ListItem\",\"position\":2,\"name\":\"Dos de los cinco mandos navales involucrados en el \u201chuachicol fiscal\u201d fueron detenidos en Salina Cruz, Oaxaca\"}]},{\"@type\":\"WebSite\",\"@id\":\"https:\\\/\\\/www.bbmnoticias.com\\\/labravaradiofm\\\/#website\",\"url\":\"https:\\\/\\\/www.bbmnoticias.com\\\/labravaradiofm\\\/\",\"name\":\"LA BRAVA RADIO\",\"description\":\"Empresa productora de medios, Radiodifusi\u00f3n, Noticias, tendencias y todo lo que necesitas saber de la pol\u00edtica mexicana e internacional; entretenimiento, espect\u00e1culos, salud y mucho m\u00e1s.\",\"potentialAction\":[{\"@type\":\"SearchAction\",\"target\":{\"@type\":\"EntryPoint\",\"urlTemplate\":\"https:\\\/\\\/www.bbmnoticias.com\\\/labravaradiofm\\\/?s={search_term_string}\"},\"query-input\":{\"@type\":\"PropertyValueSpecification\",\"valueRequired\":true,\"valueName\":\"search_term_string\"}}],\"inLanguage\":\"es\"},{\"@type\":\"Person\",\"@id\":\"https:\\\/\\\/www.bbmnoticias.com\\\/labravaradiofm\\\/#\\\/schema\\\/person\\\/68a9e9036ef3c5b55aeb2b71dc8bab45\",\"name\":\"Staff\",\"image\":{\"@type\":\"ImageObject\",\"inLanguage\":\"es\",\"@id\":\"https:\\\/\\\/secure.gravatar.com\\\/avatar\\\/fdd21ad66fd8b98c407f9dee5b5e588cfe7f0d8579ec20fa6527cd59bab7f0f0?s=96&d=mm&r=g\",\"url\":\"https:\\\/\\\/secure.gravatar.com\\\/avatar\\\/fdd21ad66fd8b98c407f9dee5b5e588cfe7f0d8579ec20fa6527cd59bab7f0f0?s=96&d=mm&r=g\",\"contentUrl\":\"https:\\\/\\\/secure.gravatar.com\\\/avatar\\\/fdd21ad66fd8b98c407f9dee5b5e588cfe7f0d8579ec20fa6527cd59bab7f0f0?s=96&d=mm&r=g\",\"caption\":\"Staff\"},\"url\":\"https:\\\/\\\/www.bbmnoticias.com\\\/labravaradiofm\\\/author\\\/redaccion\\\/\"}]}<\/script>\n<!-- \/ Yoast SEO plugin. -->","yoast_head_json":{"title":"Dos de los cinco mandos navales involucrados en el \u201chuachicol fiscal\u201d fueron detenidos en Salina Cruz, Oaxaca - LA BRAVA RADIO","robots":{"index":"index","follow":"follow","max-snippet":"max-snippet:-1","max-image-preview":"max-image-preview:large","max-video-preview":"max-video-preview:-1"},"canonical":"https:\/\/www.bbmnoticias.com\/labravaradiofm\/2025\/09\/08\/dos-de-los-cinco-mandos-navales-involucrados-en-el-huachicol-fiscal-fueron-detenidos-en-salina-cruz-oaxaca\/","og_locale":"es_MX","og_type":"article","og_title":"Dos de los cinco mandos navales involucrados en el \u201chuachicol fiscal\u201d fueron detenidos en Salina Cruz, Oaxaca - LA BRAVA RADIO","og_description":"Derivada de la investigaci\u00f3n de la FGR contra el tr\u00e1fico de huachicol fiscal en Reynosa y Altamira, Tamaulipas, y el asesinato del contraalmirante Fernando Rub\u00e9n Guerrero Alc\u00e1ntar, ocurrido el 8 de noviembre de 2024 en Manzanillo, Colima, fueron detenidas 11 personas de un total de 13 \u00f3rdenes de aprehensi\u00f3n giradas. Los implicados incluyen marinos y [&hellip;]","og_url":"https:\/\/www.bbmnoticias.com\/labravaradiofm\/2025\/09\/08\/dos-de-los-cinco-mandos-navales-involucrados-en-el-huachicol-fiscal-fueron-detenidos-en-salina-cruz-oaxaca\/","og_site_name":"LA BRAVA RADIO","article_published_time":"2025-09-08T19:16:47+00:00","article_modified_time":"2025-09-08T19:28:05+00:00","og_image":[{"width":621,"height":401,"url":"https:\/\/www.bbmnoticias.com\/labravaradiofm\/wp-content\/uploads\/sites\/5\/2025\/09\/detenidos_huachicol.jpeg","type":"image\/jpeg"}],"author":"Staff","twitter_card":"summary_large_image","twitter_misc":{"Escrito por":"Staff","Tiempo de lectura":"3 minutos"},"schema":{"@context":"https:\/\/schema.org","@graph":[{"@type":"Article","@id":"https:\/\/www.bbmnoticias.com\/labravaradiofm\/2025\/09\/08\/dos-de-los-cinco-mandos-navales-involucrados-en-el-huachicol-fiscal-fueron-detenidos-en-salina-cruz-oaxaca\/#article","isPartOf":{"@id":"https:\/\/www.bbmnoticias.com\/labravaradiofm\/2025\/09\/08\/dos-de-los-cinco-mandos-navales-involucrados-en-el-huachicol-fiscal-fueron-detenidos-en-salina-cruz-oaxaca\/"},"author":{"name":"Staff","@id":"https:\/\/www.bbmnoticias.com\/labravaradiofm\/#\/schema\/person\/68a9e9036ef3c5b55aeb2b71dc8bab45"},"headline":"Dos de los cinco mandos navales involucrados en el \u201chuachicol fiscal\u201d fueron detenidos en Salina Cruz, Oaxaca","datePublished":"2025-09-08T19:16:47+00:00","dateModified":"2025-09-08T19:28:05+00:00","mainEntityOfPage":{"@id":"https:\/\/www.bbmnoticias.com\/labravaradiofm\/2025\/09\/08\/dos-de-los-cinco-mandos-navales-involucrados-en-el-huachicol-fiscal-fueron-detenidos-en-salina-cruz-oaxaca\/"},"wordCount":590,"image":{"@id":"https:\/\/www.bbmnoticias.com\/labravaradiofm\/2025\/09\/08\/dos-de-los-cinco-mandos-navales-involucrados-en-el-huachicol-fiscal-fueron-detenidos-en-salina-cruz-oaxaca\/#primaryimage"},"thumbnailUrl":"https:\/\/www.bbmnoticias.com\/labravaradiofm\/wp-content\/uploads\/sites\/5\/2025\/09\/detenidos_huachicol.jpeg","articleSection":["LOCAL"],"inLanguage":"es"},{"@type":"WebPage","@id":"https:\/\/www.bbmnoticias.com\/labravaradiofm\/2025\/09\/08\/dos-de-los-cinco-mandos-navales-involucrados-en-el-huachicol-fiscal-fueron-detenidos-en-salina-cruz-oaxaca\/","url":"https:\/\/www.bbmnoticias.com\/labravaradiofm\/2025\/09\/08\/dos-de-los-cinco-mandos-navales-involucrados-en-el-huachicol-fiscal-fueron-detenidos-en-salina-cruz-oaxaca\/","name":"Dos de los cinco mandos navales involucrados en el \u201chuachicol fiscal\u201d fueron detenidos en Salina Cruz, Oaxaca - LA BRAVA RADIO","isPartOf":{"@id":"https:\/\/www.bbmnoticias.com\/labravaradiofm\/#website"},"primaryImageOfPage":{"@id":"https:\/\/www.bbmnoticias.com\/labravaradiofm\/2025\/09\/08\/dos-de-los-cinco-mandos-navales-involucrados-en-el-huachicol-fiscal-fueron-detenidos-en-salina-cruz-oaxaca\/#primaryimage"},"image":{"@id":"https:\/\/www.bbmnoticias.com\/labravaradiofm\/2025\/09\/08\/dos-de-los-cinco-mandos-navales-involucrados-en-el-huachicol-fiscal-fueron-detenidos-en-salina-cruz-oaxaca\/#primaryimage"},"thumbnailUrl":"https:\/\/www.bbmnoticias.com\/labravaradiofm\/wp-content\/uploads\/sites\/5\/2025\/09\/detenidos_huachicol.jpeg","datePublished":"2025-09-08T19:16:47+00:00","dateModified":"2025-09-08T19:28:05+00:00","author":{"@id":"https:\/\/www.bbmnoticias.com\/labravaradiofm\/#\/schema\/person\/68a9e9036ef3c5b55aeb2b71dc8bab45"},"breadcrumb":{"@id":"https:\/\/www.bbmnoticias.com\/labravaradiofm\/2025\/09\/08\/dos-de-los-cinco-mandos-navales-involucrados-en-el-huachicol-fiscal-fueron-detenidos-en-salina-cruz-oaxaca\/#breadcrumb"},"inLanguage":"es","potentialAction":[{"@type":"ReadAction","target":["https:\/\/www.bbmnoticias.com\/labravaradiofm\/2025\/09\/08\/dos-de-los-cinco-mandos-navales-involucrados-en-el-huachicol-fiscal-fueron-detenidos-en-salina-cruz-oaxaca\/"]}]},{"@type":"ImageObject","inLanguage":"es","@id":"https:\/\/www.bbmnoticias.com\/labravaradiofm\/2025\/09\/08\/dos-de-los-cinco-mandos-navales-involucrados-en-el-huachicol-fiscal-fueron-detenidos-en-salina-cruz-oaxaca\/#primaryimage","url":"https:\/\/www.bbmnoticias.com\/labravaradiofm\/wp-content\/uploads\/sites\/5\/2025\/09\/detenidos_huachicol.jpeg","contentUrl":"https:\/\/www.bbmnoticias.com\/labravaradiofm\/wp-content\/uploads\/sites\/5\/2025\/09\/detenidos_huachicol.jpeg","width":621,"height":401},{"@type":"BreadcrumbList","@id":"https:\/\/www.bbmnoticias.com\/labravaradiofm\/2025\/09\/08\/dos-de-los-cinco-mandos-navales-involucrados-en-el-huachicol-fiscal-fueron-detenidos-en-salina-cruz-oaxaca\/#breadcrumb","itemListElement":[{"@type":"ListItem","position":1,"name":"Inicio","item":"https:\/\/www.bbmnoticias.com\/labravaradiofm\/"},{"@type":"ListItem","position":2,"name":"Dos de los cinco mandos navales involucrados en el \u201chuachicol fiscal\u201d fueron detenidos en Salina Cruz, Oaxaca"}]},{"@type":"WebSite","@id":"https:\/\/www.bbmnoticias.com\/labravaradiofm\/#website","url":"https:\/\/www.bbmnoticias.com\/labravaradiofm\/","name":"LA BRAVA RADIO","description":"Empresa productora de medios, Radiodifusi\u00f3n, Noticias, tendencias y todo lo que necesitas saber de la pol\u00edtica mexicana e internacional; entretenimiento, espect\u00e1culos, salud y mucho m\u00e1s.","potentialAction":[{"@type":"SearchAction","target":{"@type":"EntryPoint","urlTemplate":"https:\/\/www.bbmnoticias.com\/labravaradiofm\/?s={search_term_string}"},"query-input":{"@type":"PropertyValueSpecification","valueRequired":true,"valueName":"search_term_string"}}],"inLanguage":"es"},{"@type":"Person","@id":"https:\/\/www.bbmnoticias.com\/labravaradiofm\/#\/schema\/person\/68a9e9036ef3c5b55aeb2b71dc8bab45","name":"Staff","image":{"@type":"ImageObject","inLanguage":"es","@id":"https:\/\/secure.gravatar.com\/avatar\/fdd21ad66fd8b98c407f9dee5b5e588cfe7f0d8579ec20fa6527cd59bab7f0f0?s=96&d=mm&r=g","url":"https:\/\/secure.gravatar.com\/avatar\/fdd21ad66fd8b98c407f9dee5b5e588cfe7f0d8579ec20fa6527cd59bab7f0f0?s=96&d=mm&r=g","contentUrl":"https:\/\/secure.gravatar.com\/avatar\/fdd21ad66fd8b98c407f9dee5b5e588cfe7f0d8579ec20fa6527cd59bab7f0f0?s=96&d=mm&r=g","caption":"Staff"},"url":"https:\/\/www.bbmnoticias.com\/labravaradiofm\/author\/redaccion\/"}]}},"_links":{"self":[{"href":"https:\/\/www.bbmnoticias.com\/labravaradiofm\/wp-json\/wp\/v2\/posts\/66244","targetHints":{"allow":["GET"]}}],"collection":[{"href":"https:\/\/www.bbmnoticias.com\/labravaradiofm\/wp-json\/wp\/v2\/posts"}],"about":[{"href":"https:\/\/www.bbmnoticias.com\/labravaradiofm\/wp-json\/wp\/v2\/types\/post"}],"author":[{"embeddable":true,"href":"https:\/\/www.bbmnoticias.com\/labravaradiofm\/wp-json\/wp\/v2\/users\/2"}],"replies":[{"embeddable":true,"href":"https:\/\/www.bbmnoticias.com\/labravaradiofm\/wp-json\/wp\/v2\/comments?post=66244"}],"version-history":[{"count":0,"href":"https:\/\/www.bbmnoticias.com\/labravaradiofm\/wp-json\/wp\/v2\/posts\/66244\/revisions"}],"wp:featuredmedia":[{"embeddable":true,"href":"https:\/\/www.bbmnoticias.com\/labravaradiofm\/wp-json\/wp\/v2\/media\/66246"}],"wp:attachment":[{"href":"https:\/\/www.bbmnoticias.com\/labravaradiofm\/wp-json\/wp\/v2\/media?parent=66244"}],"wp:term":[{"taxonomy":"category","embeddable":true,"href":"https:\/\/www.bbmnoticias.com\/labravaradiofm\/wp-json\/wp\/v2\/categories?post=66244"},{"taxonomy":"post_tag","embeddable":true,"href":"https:\/\/www.bbmnoticias.com\/labravaradiofm\/wp-json\/wp\/v2\/tags?post=66244"}],"curies":[{"name":"wp","href":"https:\/\/api.w.org\/{rel}","templated":true}]}}