{"id":66009,"date":"2025-09-03T08:56:19","date_gmt":"2025-09-03T14:56:19","guid":{"rendered":"https:\/\/www.bbmnoticias.com\/labravaradiofm\/2025\/09\/03\/continuaran-lluvias-y-tormentas-con-actividad-electrica-por-la-tarde-en-oaxaca\/"},"modified":"2025-09-03T08:56:25","modified_gmt":"2025-09-03T14:56:25","slug":"continuaran-lluvias-y-tormentas-con-actividad-electrica-por-la-tarde-en-oaxaca","status":"publish","type":"post","link":"https:\/\/www.bbmnoticias.com\/labravaradiofm\/2025\/09\/03\/continuaran-lluvias-y-tormentas-con-actividad-electrica-por-la-tarde-en-oaxaca\/","title":{"rendered":"Continuar\u00e1n lluvias y tormentas con actividad el\u00e9ctrica por la tarde en Oaxaca"},"content":{"rendered":"<div style=\"margin-top: 0px; margin-bottom: 0px;\" class=\"sharethis-inline-share-buttons\" ><\/div>\n<p><strong>Oaxaca de Ju\u00e1rez, Oax.- <\/strong>La Coordinaci\u00f3n Estatal de Protecci\u00f3n Civil y Gesti\u00f3n de Riesgos (CEPCyGR) informa que, se prev\u00e9n lluvias de intensidad variable, tormentas de corta duraci\u00f3n y r\u00e1pido desplazamiento acompa\u00f1adas con actividad el\u00e9ctrica y rachas de viento especialmente en horas vespertinas.<\/p>\n\n\n\n<figure class=\"wp-block-embed is-type-rich is-provider-twitter wp-block-embed-twitter\"><div class=\"wp-block-embed__wrapper\">\n<blockquote class=\"twitter-tweet\" data-width=\"550\" data-dnt=\"true\"><p lang=\"es\" dir=\"ltr\"><a href=\"https:\/\/twitter.com\/hashtag\/AvisoMeteorol%C3%B3gico?src=hash&amp;ref_src=twsrc%5Etfw\">#AvisoMeteorol\u00f3gico<\/a><a href=\"https:\/\/twitter.com\/hashtag\/Lorena?src=hash&amp;ref_src=twsrc%5Etfw\">#Lorena<\/a> se intensific\u00f3 a <a href=\"https:\/\/twitter.com\/hashtag\/Hurac%C3%A1n?src=hash&amp;ref_src=twsrc%5Etfw\">#Hurac\u00e1n<\/a> categor\u00eda 1.<br><br>M\u00e1s informaci\u00f3n en <a href=\"https:\/\/t.co\/QRhtqtTSim\">https:\/\/t.co\/QRhtqtTSim<\/a> <a href=\"https:\/\/t.co\/DJO9MUGYVV\">pic.twitter.com\/DJO9MUGYVV<\/a><\/p>&mdash; CONAGUA Clima (@conagua_clima) <a href=\"https:\/\/twitter.com\/conagua_clima\/status\/1963229858223337915?ref_src=twsrc%5Etfw\">September 3, 2025<\/a><\/blockquote><script async src=\"https:\/\/platform.twitter.com\/widgets.js\" charset=\"utf-8\"><\/script>\n<\/div><\/figure>\n\n\n\n<p>Estas condiciones son debido a la onda tropical n\u00famero 30 que se internar\u00e1 sobre el estado de Oaxaca, y su desplazamiento hacia el oeste dejar\u00e1 inestabilidad y fuerte convecci\u00f3n atmosf\u00e9rica.<\/p>\n\n\n\n<p>De acuerdo con el pron\u00f3stico del tiempo emitido por la Comisi\u00f3n Nacional del Agua (Conagua), el ambiente se tornar\u00e1 caluroso en horas centrales del d\u00eda, con periodos de bochorno en la l\u00ednea de costa y llanuras de la Cuenca del Papaloapan.<\/p>\n\n\n\n<p>Las temperaturas para este mi\u00e9rcoles son las siguientes:<\/p>\n\n\n\n<p>\u00b7&nbsp;&nbsp;&nbsp;&nbsp;&nbsp;&nbsp;&nbsp;&nbsp; Valles Centrales, m\u00ednima de 15 y m\u00e1xima de 27 grados.<\/p>\n\n\n\n<p>\u00b7&nbsp;&nbsp;&nbsp;&nbsp;&nbsp;&nbsp;&nbsp;&nbsp; Istmo de Tehuantepec, m\u00ednima de 23 y m\u00e1xima de 34 grados.<\/p>\n\n\n\n<p>\u00b7&nbsp;&nbsp;&nbsp;&nbsp;&nbsp;&nbsp;&nbsp;&nbsp; Cuenca del Papaloapan, m\u00ednima de 16 y m\u00e1xima de 31 grados.<\/p>\n\n\n\n<p>\u00b7&nbsp;&nbsp;&nbsp;&nbsp;&nbsp;&nbsp;&nbsp;&nbsp; Costa, m\u00ednima de 23 y m\u00e1xima de 34 grados.<\/p>\n\n\n\n<p>\u00b7&nbsp;&nbsp;&nbsp;&nbsp;&nbsp;&nbsp;&nbsp;&nbsp; Mixteca, m\u00ednima de 15 y m\u00e1xima de 28 grados.<\/p>\n\n\n\n<p>\u00b7&nbsp;&nbsp;&nbsp;&nbsp;&nbsp;&nbsp;&nbsp;&nbsp; Sierra de Flores Mag\u00f3n, m\u00ednima de 15 y m\u00e1xima de 30 grados.<\/p>\n\n\n\n<p>\u00b7&nbsp;&nbsp;&nbsp;&nbsp;&nbsp;&nbsp;&nbsp;&nbsp; Sierra de Ju\u00e1rez, m\u00ednima de 8 y m\u00e1xima de 25 grados.<\/p>\n\n\n\n<p>\u00b7&nbsp;&nbsp;&nbsp;&nbsp;&nbsp;&nbsp;&nbsp;&nbsp; Sierra Sur, m\u00ednima de 9 y m\u00e1xima de 26 grados.<\/p>\n\n\n\n<p>Se exhorta a la poblaci\u00f3n atender las recomendaciones de Protecci\u00f3n Civil y Capitan\u00edas de Puerto, as\u00ed como a mantenerse informada de las condiciones meteorol\u00f3gicas a trav\u00e9s de los medios y redes sociales oficiales: Facebook @CEPCYGRGobOax y en X @CEPCyGR_GobOax.<\/p>\n","protected":false},"excerpt":{"rendered":"<p>Oaxaca de Ju\u00e1rez, Oax.- La Coordinaci\u00f3n Estatal de Protecci\u00f3n Civil y Gesti\u00f3n de Riesgos (CEPCyGR) informa que, se prev\u00e9n lluvias de intensidad variable, tormentas de corta duraci\u00f3n y r\u00e1pido desplazamiento acompa\u00f1adas con actividad el\u00e9ctrica y rachas de viento especialmente en horas vespertinas. Estas condiciones son debido a la onda tropical n\u00famero 30 que se internar\u00e1 [&hellip;]<\/p>\n","protected":false},"author":2,"featured_media":66011,"comment_status":"closed","ping_status":"","sticky":false,"template":"","format":"standard","meta":{"footnotes":""},"categories":[2],"tags":[],"class_list":{"0":"post-66009","1":"post","2":"type-post","3":"status-publish","4":"format-standard","5":"has-post-thumbnail","7":"category-oaxaca"},"yoast_head":"<!-- This site is optimized with the Yoast SEO plugin v27.4 - https:\/\/yoast.com\/product\/yoast-seo-wordpress\/ -->\n<title>Continuar\u00e1n lluvias y tormentas con actividad el\u00e9ctrica por la tarde en Oaxaca - LA BRAVA RADIO<\/title>\n<meta name=\"robots\" content=\"index, follow, max-snippet:-1, max-image-preview:large, max-video-preview:-1\" \/>\n<link rel=\"canonical\" href=\"https:\/\/www.bbmnoticias.com\/blog\/2025\/09\/03\/continuaran-lluvias-y-tormentas-con-actividad-electrica-por-la-tarde-en-oaxaca\/\" \/>\n<meta property=\"og:locale\" content=\"es_MX\" \/>\n<meta property=\"og:type\" content=\"article\" \/>\n<meta property=\"og:title\" content=\"Continuar\u00e1n lluvias y tormentas con actividad el\u00e9ctrica por la tarde en Oaxaca - LA BRAVA RADIO\" \/>\n<meta property=\"og:description\" content=\"Oaxaca de Ju\u00e1rez, Oax.- La Coordinaci\u00f3n Estatal de Protecci\u00f3n Civil y Gesti\u00f3n de Riesgos (CEPCyGR) informa que, se prev\u00e9n lluvias de intensidad variable, tormentas de corta duraci\u00f3n y r\u00e1pido desplazamiento acompa\u00f1adas con actividad el\u00e9ctrica y rachas de viento especialmente en horas vespertinas. Estas condiciones son debido a la onda tropical n\u00famero 30 que se internar\u00e1 [&hellip;]\" \/>\n<meta property=\"og:url\" content=\"https:\/\/www.bbmnoticias.com\/blog\/2025\/09\/03\/continuaran-lluvias-y-tormentas-con-actividad-electrica-por-la-tarde-en-oaxaca\/\" \/>\n<meta property=\"og:site_name\" content=\"LA BRAVA RADIO\" \/>\n<meta property=\"article:published_time\" content=\"2025-09-03T14:56:19+00:00\" \/>\n<meta property=\"article:modified_time\" content=\"2025-09-03T14:56:25+00:00\" \/>\n<meta property=\"og:image\" content=\"https:\/\/www.bbmnoticias.com\/labravaradiofm\/wp-content\/uploads\/sites\/5\/2025\/09\/clima_oaxaca-2.jpg\" \/>\n\t<meta property=\"og:image:width\" content=\"800\" \/>\n\t<meta property=\"og:image:height\" content=\"519\" \/>\n\t<meta property=\"og:image:type\" content=\"image\/jpeg\" \/>\n<meta name=\"author\" content=\"Staff\" \/>\n<meta name=\"twitter:card\" content=\"summary_large_image\" \/>\n<meta name=\"twitter:label1\" content=\"Escrito por\" \/>\n\t<meta name=\"twitter:data1\" content=\"Staff\" \/>\n\t<meta name=\"twitter:label2\" content=\"Tiempo de lectura\" \/>\n\t<meta name=\"twitter:data2\" content=\"2 minutos\" \/>\n<script type=\"application\/ld+json\" class=\"yoast-schema-graph\">{\"@context\":\"https:\\\/\\\/schema.org\",\"@graph\":[{\"@type\":\"Article\",\"@id\":\"https:\\\/\\\/www.bbmnoticias.com\\\/blog\\\/2025\\\/09\\\/03\\\/continuaran-lluvias-y-tormentas-con-actividad-electrica-por-la-tarde-en-oaxaca\\\/#article\",\"isPartOf\":{\"@id\":\"https:\\\/\\\/www.bbmnoticias.com\\\/labravaradiofm\\\/2025\\\/09\\\/03\\\/continuaran-lluvias-y-tormentas-con-actividad-electrica-por-la-tarde-en-oaxaca\\\/\"},\"author\":{\"name\":\"Staff\",\"@id\":\"https:\\\/\\\/www.bbmnoticias.com\\\/labravaradiofm\\\/#\\\/schema\\\/person\\\/34b139c617a70ea5bef5678bffe4dd7b\"},\"headline\":\"Continuar\u00e1n lluvias y tormentas con actividad el\u00e9ctrica por la tarde en Oaxaca\",\"datePublished\":\"2025-09-03T14:56:19+00:00\",\"dateModified\":\"2025-09-03T14:56:25+00:00\",\"mainEntityOfPage\":{\"@id\":\"https:\\\/\\\/www.bbmnoticias.com\\\/labravaradiofm\\\/2025\\\/09\\\/03\\\/continuaran-lluvias-y-tormentas-con-actividad-electrica-por-la-tarde-en-oaxaca\\\/\"},\"wordCount\":352,\"image\":{\"@id\":\"https:\\\/\\\/www.bbmnoticias.com\\\/blog\\\/2025\\\/09\\\/03\\\/continuaran-lluvias-y-tormentas-con-actividad-electrica-por-la-tarde-en-oaxaca\\\/#primaryimage\"},\"thumbnailUrl\":\"https:\\\/\\\/www.bbmnoticias.com\\\/labravaradiofm\\\/wp-content\\\/uploads\\\/sites\\\/5\\\/2025\\\/09\\\/clima_oaxaca-2.jpg\",\"articleSection\":[\"LOCAL\"],\"inLanguage\":\"es\"},{\"@type\":\"WebPage\",\"@id\":\"https:\\\/\\\/www.bbmnoticias.com\\\/labravaradiofm\\\/2025\\\/09\\\/03\\\/continuaran-lluvias-y-tormentas-con-actividad-electrica-por-la-tarde-en-oaxaca\\\/\",\"url\":\"https:\\\/\\\/www.bbmnoticias.com\\\/blog\\\/2025\\\/09\\\/03\\\/continuaran-lluvias-y-tormentas-con-actividad-electrica-por-la-tarde-en-oaxaca\\\/\",\"name\":\"Continuar\u00e1n lluvias y tormentas con actividad el\u00e9ctrica por la tarde en Oaxaca - LA BRAVA RADIO\",\"isPartOf\":{\"@id\":\"https:\\\/\\\/www.bbmnoticias.com\\\/labravaradiofm\\\/#website\"},\"primaryImageOfPage\":{\"@id\":\"https:\\\/\\\/www.bbmnoticias.com\\\/blog\\\/2025\\\/09\\\/03\\\/continuaran-lluvias-y-tormentas-con-actividad-electrica-por-la-tarde-en-oaxaca\\\/#primaryimage\"},\"image\":{\"@id\":\"https:\\\/\\\/www.bbmnoticias.com\\\/blog\\\/2025\\\/09\\\/03\\\/continuaran-lluvias-y-tormentas-con-actividad-electrica-por-la-tarde-en-oaxaca\\\/#primaryimage\"},\"thumbnailUrl\":\"https:\\\/\\\/www.bbmnoticias.com\\\/labravaradiofm\\\/wp-content\\\/uploads\\\/sites\\\/5\\\/2025\\\/09\\\/clima_oaxaca-2.jpg\",\"datePublished\":\"2025-09-03T14:56:19+00:00\",\"dateModified\":\"2025-09-03T14:56:25+00:00\",\"author\":{\"@id\":\"https:\\\/\\\/www.bbmnoticias.com\\\/labravaradiofm\\\/#\\\/schema\\\/person\\\/34b139c617a70ea5bef5678bffe4dd7b\"},\"breadcrumb\":{\"@id\":\"https:\\\/\\\/www.bbmnoticias.com\\\/blog\\\/2025\\\/09\\\/03\\\/continuaran-lluvias-y-tormentas-con-actividad-electrica-por-la-tarde-en-oaxaca\\\/#breadcrumb\"},\"inLanguage\":\"es\",\"potentialAction\":[{\"@type\":\"ReadAction\",\"target\":[\"https:\\\/\\\/www.bbmnoticias.com\\\/blog\\\/2025\\\/09\\\/03\\\/continuaran-lluvias-y-tormentas-con-actividad-electrica-por-la-tarde-en-oaxaca\\\/\"]}]},{\"@type\":\"ImageObject\",\"inLanguage\":\"es\",\"@id\":\"https:\\\/\\\/www.bbmnoticias.com\\\/blog\\\/2025\\\/09\\\/03\\\/continuaran-lluvias-y-tormentas-con-actividad-electrica-por-la-tarde-en-oaxaca\\\/#primaryimage\",\"url\":\"https:\\\/\\\/www.bbmnoticias.com\\\/labravaradiofm\\\/wp-content\\\/uploads\\\/sites\\\/5\\\/2025\\\/09\\\/clima_oaxaca-2.jpg\",\"contentUrl\":\"https:\\\/\\\/www.bbmnoticias.com\\\/labravaradiofm\\\/wp-content\\\/uploads\\\/sites\\\/5\\\/2025\\\/09\\\/clima_oaxaca-2.jpg\",\"width\":800,\"height\":519},{\"@type\":\"BreadcrumbList\",\"@id\":\"https:\\\/\\\/www.bbmnoticias.com\\\/blog\\\/2025\\\/09\\\/03\\\/continuaran-lluvias-y-tormentas-con-actividad-electrica-por-la-tarde-en-oaxaca\\\/#breadcrumb\",\"itemListElement\":[{\"@type\":\"ListItem\",\"position\":1,\"name\":\"Inicio\",\"item\":\"https:\\\/\\\/www.bbmnoticias.com\\\/labravaradiofm\\\/\"},{\"@type\":\"ListItem\",\"position\":2,\"name\":\"Continuar\u00e1n lluvias y tormentas con actividad el\u00e9ctrica por la tarde en Oaxaca\"}]},{\"@type\":\"WebSite\",\"@id\":\"https:\\\/\\\/www.bbmnoticias.com\\\/labravaradiofm\\\/#website\",\"url\":\"https:\\\/\\\/www.bbmnoticias.com\\\/labravaradiofm\\\/\",\"name\":\"LA BRAVA RADIO\",\"description\":\"Empresa productora de medios, Radiodifusi\u00f3n, Noticias, tendencias y todo lo que necesitas saber de la pol\u00edtica mexicana e internacional; entretenimiento, espect\u00e1culos, salud y mucho m\u00e1s.\",\"potentialAction\":[{\"@type\":\"SearchAction\",\"target\":{\"@type\":\"EntryPoint\",\"urlTemplate\":\"https:\\\/\\\/www.bbmnoticias.com\\\/labravaradiofm\\\/?s={search_term_string}\"},\"query-input\":{\"@type\":\"PropertyValueSpecification\",\"valueRequired\":true,\"valueName\":\"search_term_string\"}}],\"inLanguage\":\"es\"},{\"@type\":\"Person\",\"@id\":\"https:\\\/\\\/www.bbmnoticias.com\\\/labravaradiofm\\\/#\\\/schema\\\/person\\\/34b139c617a70ea5bef5678bffe4dd7b\",\"name\":\"Staff\",\"image\":{\"@type\":\"ImageObject\",\"inLanguage\":\"es\",\"@id\":\"https:\\\/\\\/secure.gravatar.com\\\/avatar\\\/fdd21ad66fd8b98c407f9dee5b5e588cfe7f0d8579ec20fa6527cd59bab7f0f0?s=96&d=mm&r=g\",\"url\":\"https:\\\/\\\/secure.gravatar.com\\\/avatar\\\/fdd21ad66fd8b98c407f9dee5b5e588cfe7f0d8579ec20fa6527cd59bab7f0f0?s=96&d=mm&r=g\",\"contentUrl\":\"https:\\\/\\\/secure.gravatar.com\\\/avatar\\\/fdd21ad66fd8b98c407f9dee5b5e588cfe7f0d8579ec20fa6527cd59bab7f0f0?s=96&d=mm&r=g\",\"caption\":\"Staff\"},\"url\":\"https:\\\/\\\/www.bbmnoticias.com\\\/labravaradiofm\\\/author\\\/redaccion\\\/\"}]}<\/script>\n<!-- \/ Yoast SEO plugin. -->","yoast_head_json":{"title":"Continuar\u00e1n lluvias y tormentas con actividad el\u00e9ctrica por la tarde en Oaxaca - LA BRAVA RADIO","robots":{"index":"index","follow":"follow","max-snippet":"max-snippet:-1","max-image-preview":"max-image-preview:large","max-video-preview":"max-video-preview:-1"},"canonical":"https:\/\/www.bbmnoticias.com\/blog\/2025\/09\/03\/continuaran-lluvias-y-tormentas-con-actividad-electrica-por-la-tarde-en-oaxaca\/","og_locale":"es_MX","og_type":"article","og_title":"Continuar\u00e1n lluvias y tormentas con actividad el\u00e9ctrica por la tarde en Oaxaca - LA BRAVA RADIO","og_description":"Oaxaca de Ju\u00e1rez, Oax.- La Coordinaci\u00f3n Estatal de Protecci\u00f3n Civil y Gesti\u00f3n de Riesgos (CEPCyGR) informa que, se prev\u00e9n lluvias de intensidad variable, tormentas de corta duraci\u00f3n y r\u00e1pido desplazamiento acompa\u00f1adas con actividad el\u00e9ctrica y rachas de viento especialmente en horas vespertinas. Estas condiciones son debido a la onda tropical n\u00famero 30 que se internar\u00e1 [&hellip;]","og_url":"https:\/\/www.bbmnoticias.com\/blog\/2025\/09\/03\/continuaran-lluvias-y-tormentas-con-actividad-electrica-por-la-tarde-en-oaxaca\/","og_site_name":"LA BRAVA RADIO","article_published_time":"2025-09-03T14:56:19+00:00","article_modified_time":"2025-09-03T14:56:25+00:00","og_image":[{"width":800,"height":519,"url":"https:\/\/www.bbmnoticias.com\/labravaradiofm\/wp-content\/uploads\/sites\/5\/2025\/09\/clima_oaxaca-2.jpg","type":"image\/jpeg"}],"author":"Staff","twitter_card":"summary_large_image","twitter_misc":{"Escrito por":"Staff","Tiempo de lectura":"2 minutos"},"schema":{"@context":"https:\/\/schema.org","@graph":[{"@type":"Article","@id":"https:\/\/www.bbmnoticias.com\/blog\/2025\/09\/03\/continuaran-lluvias-y-tormentas-con-actividad-electrica-por-la-tarde-en-oaxaca\/#article","isPartOf":{"@id":"https:\/\/www.bbmnoticias.com\/labravaradiofm\/2025\/09\/03\/continuaran-lluvias-y-tormentas-con-actividad-electrica-por-la-tarde-en-oaxaca\/"},"author":{"name":"Staff","@id":"https:\/\/www.bbmnoticias.com\/labravaradiofm\/#\/schema\/person\/34b139c617a70ea5bef5678bffe4dd7b"},"headline":"Continuar\u00e1n lluvias y tormentas con actividad el\u00e9ctrica por la tarde en Oaxaca","datePublished":"2025-09-03T14:56:19+00:00","dateModified":"2025-09-03T14:56:25+00:00","mainEntityOfPage":{"@id":"https:\/\/www.bbmnoticias.com\/labravaradiofm\/2025\/09\/03\/continuaran-lluvias-y-tormentas-con-actividad-electrica-por-la-tarde-en-oaxaca\/"},"wordCount":352,"image":{"@id":"https:\/\/www.bbmnoticias.com\/blog\/2025\/09\/03\/continuaran-lluvias-y-tormentas-con-actividad-electrica-por-la-tarde-en-oaxaca\/#primaryimage"},"thumbnailUrl":"https:\/\/www.bbmnoticias.com\/labravaradiofm\/wp-content\/uploads\/sites\/5\/2025\/09\/clima_oaxaca-2.jpg","articleSection":["LOCAL"],"inLanguage":"es"},{"@type":"WebPage","@id":"https:\/\/www.bbmnoticias.com\/labravaradiofm\/2025\/09\/03\/continuaran-lluvias-y-tormentas-con-actividad-electrica-por-la-tarde-en-oaxaca\/","url":"https:\/\/www.bbmnoticias.com\/blog\/2025\/09\/03\/continuaran-lluvias-y-tormentas-con-actividad-electrica-por-la-tarde-en-oaxaca\/","name":"Continuar\u00e1n lluvias y tormentas con actividad el\u00e9ctrica por la tarde en Oaxaca - LA BRAVA RADIO","isPartOf":{"@id":"https:\/\/www.bbmnoticias.com\/labravaradiofm\/#website"},"primaryImageOfPage":{"@id":"https:\/\/www.bbmnoticias.com\/blog\/2025\/09\/03\/continuaran-lluvias-y-tormentas-con-actividad-electrica-por-la-tarde-en-oaxaca\/#primaryimage"},"image":{"@id":"https:\/\/www.bbmnoticias.com\/blog\/2025\/09\/03\/continuaran-lluvias-y-tormentas-con-actividad-electrica-por-la-tarde-en-oaxaca\/#primaryimage"},"thumbnailUrl":"https:\/\/www.bbmnoticias.com\/labravaradiofm\/wp-content\/uploads\/sites\/5\/2025\/09\/clima_oaxaca-2.jpg","datePublished":"2025-09-03T14:56:19+00:00","dateModified":"2025-09-03T14:56:25+00:00","author":{"@id":"https:\/\/www.bbmnoticias.com\/labravaradiofm\/#\/schema\/person\/34b139c617a70ea5bef5678bffe4dd7b"},"breadcrumb":{"@id":"https:\/\/www.bbmnoticias.com\/blog\/2025\/09\/03\/continuaran-lluvias-y-tormentas-con-actividad-electrica-por-la-tarde-en-oaxaca\/#breadcrumb"},"inLanguage":"es","potentialAction":[{"@type":"ReadAction","target":["https:\/\/www.bbmnoticias.com\/blog\/2025\/09\/03\/continuaran-lluvias-y-tormentas-con-actividad-electrica-por-la-tarde-en-oaxaca\/"]}]},{"@type":"ImageObject","inLanguage":"es","@id":"https:\/\/www.bbmnoticias.com\/blog\/2025\/09\/03\/continuaran-lluvias-y-tormentas-con-actividad-electrica-por-la-tarde-en-oaxaca\/#primaryimage","url":"https:\/\/www.bbmnoticias.com\/labravaradiofm\/wp-content\/uploads\/sites\/5\/2025\/09\/clima_oaxaca-2.jpg","contentUrl":"https:\/\/www.bbmnoticias.com\/labravaradiofm\/wp-content\/uploads\/sites\/5\/2025\/09\/clima_oaxaca-2.jpg","width":800,"height":519},{"@type":"BreadcrumbList","@id":"https:\/\/www.bbmnoticias.com\/blog\/2025\/09\/03\/continuaran-lluvias-y-tormentas-con-actividad-electrica-por-la-tarde-en-oaxaca\/#breadcrumb","itemListElement":[{"@type":"ListItem","position":1,"name":"Inicio","item":"https:\/\/www.bbmnoticias.com\/labravaradiofm\/"},{"@type":"ListItem","position":2,"name":"Continuar\u00e1n lluvias y tormentas con actividad el\u00e9ctrica por la tarde en Oaxaca"}]},{"@type":"WebSite","@id":"https:\/\/www.bbmnoticias.com\/labravaradiofm\/#website","url":"https:\/\/www.bbmnoticias.com\/labravaradiofm\/","name":"LA BRAVA RADIO","description":"Empresa productora de medios, Radiodifusi\u00f3n, Noticias, tendencias y todo lo que necesitas saber de la pol\u00edtica mexicana e internacional; entretenimiento, espect\u00e1culos, salud y mucho m\u00e1s.","potentialAction":[{"@type":"SearchAction","target":{"@type":"EntryPoint","urlTemplate":"https:\/\/www.bbmnoticias.com\/labravaradiofm\/?s={search_term_string}"},"query-input":{"@type":"PropertyValueSpecification","valueRequired":true,"valueName":"search_term_string"}}],"inLanguage":"es"},{"@type":"Person","@id":"https:\/\/www.bbmnoticias.com\/labravaradiofm\/#\/schema\/person\/34b139c617a70ea5bef5678bffe4dd7b","name":"Staff","image":{"@type":"ImageObject","inLanguage":"es","@id":"https:\/\/secure.gravatar.com\/avatar\/fdd21ad66fd8b98c407f9dee5b5e588cfe7f0d8579ec20fa6527cd59bab7f0f0?s=96&d=mm&r=g","url":"https:\/\/secure.gravatar.com\/avatar\/fdd21ad66fd8b98c407f9dee5b5e588cfe7f0d8579ec20fa6527cd59bab7f0f0?s=96&d=mm&r=g","contentUrl":"https:\/\/secure.gravatar.com\/avatar\/fdd21ad66fd8b98c407f9dee5b5e588cfe7f0d8579ec20fa6527cd59bab7f0f0?s=96&d=mm&r=g","caption":"Staff"},"url":"https:\/\/www.bbmnoticias.com\/labravaradiofm\/author\/redaccion\/"}]}},"_links":{"self":[{"href":"https:\/\/www.bbmnoticias.com\/labravaradiofm\/wp-json\/wp\/v2\/posts\/66009","targetHints":{"allow":["GET"]}}],"collection":[{"href":"https:\/\/www.bbmnoticias.com\/labravaradiofm\/wp-json\/wp\/v2\/posts"}],"about":[{"href":"https:\/\/www.bbmnoticias.com\/labravaradiofm\/wp-json\/wp\/v2\/types\/post"}],"author":[{"embeddable":true,"href":"https:\/\/www.bbmnoticias.com\/labravaradiofm\/wp-json\/wp\/v2\/users\/2"}],"replies":[{"embeddable":true,"href":"https:\/\/www.bbmnoticias.com\/labravaradiofm\/wp-json\/wp\/v2\/comments?post=66009"}],"version-history":[{"count":0,"href":"https:\/\/www.bbmnoticias.com\/labravaradiofm\/wp-json\/wp\/v2\/posts\/66009\/revisions"}],"wp:featuredmedia":[{"embeddable":true,"href":"https:\/\/www.bbmnoticias.com\/labravaradiofm\/wp-json\/wp\/v2\/media\/66011"}],"wp:attachment":[{"href":"https:\/\/www.bbmnoticias.com\/labravaradiofm\/wp-json\/wp\/v2\/media?parent=66009"}],"wp:term":[{"taxonomy":"category","embeddable":true,"href":"https:\/\/www.bbmnoticias.com\/labravaradiofm\/wp-json\/wp\/v2\/categories?post=66009"},{"taxonomy":"post_tag","embeddable":true,"href":"https:\/\/www.bbmnoticias.com\/labravaradiofm\/wp-json\/wp\/v2\/tags?post=66009"}],"curies":[{"name":"wp","href":"https:\/\/api.w.org\/{rel}","templated":true}]}}