{"id":66006,"date":"2025-09-03T08:46:17","date_gmt":"2025-09-03T14:46:17","guid":{"rendered":"https:\/\/www.bbmnoticias.com\/labravaradiofm\/2025\/09\/03\/compartira-sego-palabras-para-la-paz-en-la-fielo-2025\/"},"modified":"2025-09-03T08:46:23","modified_gmt":"2025-09-03T14:46:23","slug":"compartira-sego-palabras-para-la-paz-en-la-fielo-2025","status":"publish","type":"post","link":"https:\/\/www.bbmnoticias.com\/labravaradiofm\/2025\/09\/03\/compartira-sego-palabras-para-la-paz-en-la-fielo-2025\/","title":{"rendered":"Compartir\u00e1 Sego \u201cPalabras para la Paz\u201d en la FIELO 2025"},"content":{"rendered":"<div style=\"margin-top: 0px; margin-bottom: 0px;\" class=\"sharethis-inline-share-buttons\" ><\/div>\n<p>\u2022 Este 4 de septiembre, se mostrar\u00e1n las posibilidades de transformaci\u00f3n que tiene el lenguaje en la resoluci\u00f3n de conflictos y gesti\u00f3n de gobierno<\/p>\n\n\n\n<p>Oaxaca de Ju\u00e1rez, Oax. 2 de septiembre de 2025.- Para promover el lenguaje como una fuerza constructora de realidades, identidades y v\u00ednculos sociales, la Secretar\u00eda de Gobierno (Sego) presentar\u00e1 su programa \u201cPalabras para la paz\u201d en la Feria Intercultural de Escritura y Lectura de Oaxaca (FIELO) 2025.<\/p>\n\n\n\n<p>A trav\u00e9s de su Direcci\u00f3n de Cultura de Paz, este 4 de septiembre mostrar\u00e1 las posibilidades de transformaci\u00f3n que tiene el lenguaje en la resoluci\u00f3n de los conflictos y la gesti\u00f3n de gobierno.<\/p>\n\n\n\n<p>El programa impulsa procesos de an\u00e1lisis, cuestionamiento y cr\u00edtica para que la ciudadan\u00eda pueda reescribir sus propias historias desde la empat\u00eda y corresponsabilidad, mediante talleres, cursos, cartas y otras actividades que activan el cambio social para fortalecer una cultura de paz.<\/p>\n\n\n\n<p>El conversatorio en la FIELO ser\u00e1 una oportunidad para compartir ideas y dialogar sobre los v\u00ednculos transformadores de la paz.<\/p>\n","protected":false},"excerpt":{"rendered":"<p>\u2022 Este 4 de septiembre, se mostrar\u00e1n las posibilidades de transformaci\u00f3n que tiene el lenguaje en la resoluci\u00f3n de conflictos y gesti\u00f3n de gobierno Oaxaca de Ju\u00e1rez, Oax. 2 de septiembre de 2025.- Para promover el lenguaje como una fuerza constructora de realidades, identidades y v\u00ednculos sociales, la Secretar\u00eda de Gobierno (Sego) presentar\u00e1 su programa [&hellip;]<\/p>\n","protected":false},"author":2,"featured_media":66008,"comment_status":"closed","ping_status":"","sticky":false,"template":"","format":"standard","meta":{"footnotes":""},"categories":[2],"tags":[],"class_list":{"0":"post-66006","1":"post","2":"type-post","3":"status-publish","4":"format-standard","5":"has-post-thumbnail","7":"category-oaxaca"},"yoast_head":"<!-- This site is optimized with the Yoast SEO plugin v27.4 - https:\/\/yoast.com\/product\/yoast-seo-wordpress\/ -->\n<title>Compartir\u00e1 Sego \u201cPalabras para la Paz\u201d en la FIELO 2025 - LA BRAVA RADIO<\/title>\n<meta name=\"robots\" content=\"index, follow, max-snippet:-1, max-image-preview:large, max-video-preview:-1\" \/>\n<link rel=\"canonical\" href=\"https:\/\/www.bbmnoticias.com\/blog\/2025\/09\/03\/compartira-sego-palabras-para-la-paz-en-la-fielo-2025\/\" \/>\n<meta property=\"og:locale\" content=\"es_MX\" \/>\n<meta property=\"og:type\" content=\"article\" \/>\n<meta property=\"og:title\" content=\"Compartir\u00e1 Sego \u201cPalabras para la Paz\u201d en la FIELO 2025 - LA BRAVA RADIO\" \/>\n<meta property=\"og:description\" content=\"\u2022 Este 4 de septiembre, se mostrar\u00e1n las posibilidades de transformaci\u00f3n que tiene el lenguaje en la resoluci\u00f3n de conflictos y gesti\u00f3n de gobierno Oaxaca de Ju\u00e1rez, Oax. 2 de septiembre de 2025.- Para promover el lenguaje como una fuerza constructora de realidades, identidades y v\u00ednculos sociales, la Secretar\u00eda de Gobierno (Sego) presentar\u00e1 su programa [&hellip;]\" \/>\n<meta property=\"og:url\" content=\"https:\/\/www.bbmnoticias.com\/blog\/2025\/09\/03\/compartira-sego-palabras-para-la-paz-en-la-fielo-2025\/\" \/>\n<meta property=\"og:site_name\" content=\"LA BRAVA RADIO\" \/>\n<meta property=\"article:published_time\" content=\"2025-09-03T14:46:17+00:00\" \/>\n<meta property=\"article:modified_time\" content=\"2025-09-03T14:46:23+00:00\" \/>\n<meta property=\"og:image\" content=\"https:\/\/www.bbmnoticias.com\/labravaradiofm\/wp-content\/uploads\/sites\/5\/2025\/09\/fielo_oaxaca.jpg\" \/>\n\t<meta property=\"og:image:width\" content=\"800\" \/>\n\t<meta property=\"og:image:height\" content=\"450\" \/>\n\t<meta property=\"og:image:type\" content=\"image\/jpeg\" \/>\n<meta name=\"author\" content=\"Staff\" \/>\n<meta name=\"twitter:card\" content=\"summary_large_image\" \/>\n<meta name=\"twitter:label1\" content=\"Escrito por\" \/>\n\t<meta name=\"twitter:data1\" content=\"Staff\" \/>\n\t<meta name=\"twitter:label2\" content=\"Tiempo de lectura\" \/>\n\t<meta name=\"twitter:data2\" content=\"1 minuto\" \/>\n<script type=\"application\/ld+json\" class=\"yoast-schema-graph\">{\"@context\":\"https:\\\/\\\/schema.org\",\"@graph\":[{\"@type\":\"Article\",\"@id\":\"https:\\\/\\\/www.bbmnoticias.com\\\/blog\\\/2025\\\/09\\\/03\\\/compartira-sego-palabras-para-la-paz-en-la-fielo-2025\\\/#article\",\"isPartOf\":{\"@id\":\"https:\\\/\\\/www.bbmnoticias.com\\\/labravaradiofm\\\/2025\\\/09\\\/03\\\/compartira-sego-palabras-para-la-paz-en-la-fielo-2025\\\/\"},\"author\":{\"name\":\"Staff\",\"@id\":\"https:\\\/\\\/www.bbmnoticias.com\\\/labravaradiofm\\\/#\\\/schema\\\/person\\\/34b139c617a70ea5bef5678bffe4dd7b\"},\"headline\":\"Compartir\u00e1 Sego \u201cPalabras para la Paz\u201d en la FIELO 2025\",\"datePublished\":\"2025-09-03T14:46:17+00:00\",\"dateModified\":\"2025-09-03T14:46:23+00:00\",\"mainEntityOfPage\":{\"@id\":\"https:\\\/\\\/www.bbmnoticias.com\\\/labravaradiofm\\\/2025\\\/09\\\/03\\\/compartira-sego-palabras-para-la-paz-en-la-fielo-2025\\\/\"},\"wordCount\":186,\"image\":{\"@id\":\"https:\\\/\\\/www.bbmnoticias.com\\\/blog\\\/2025\\\/09\\\/03\\\/compartira-sego-palabras-para-la-paz-en-la-fielo-2025\\\/#primaryimage\"},\"thumbnailUrl\":\"https:\\\/\\\/www.bbmnoticias.com\\\/labravaradiofm\\\/wp-content\\\/uploads\\\/sites\\\/5\\\/2025\\\/09\\\/fielo_oaxaca.jpg\",\"articleSection\":[\"LOCAL\"],\"inLanguage\":\"es\"},{\"@type\":\"WebPage\",\"@id\":\"https:\\\/\\\/www.bbmnoticias.com\\\/labravaradiofm\\\/2025\\\/09\\\/03\\\/compartira-sego-palabras-para-la-paz-en-la-fielo-2025\\\/\",\"url\":\"https:\\\/\\\/www.bbmnoticias.com\\\/blog\\\/2025\\\/09\\\/03\\\/compartira-sego-palabras-para-la-paz-en-la-fielo-2025\\\/\",\"name\":\"Compartir\u00e1 Sego \u201cPalabras para la Paz\u201d en la FIELO 2025 - LA BRAVA RADIO\",\"isPartOf\":{\"@id\":\"https:\\\/\\\/www.bbmnoticias.com\\\/labravaradiofm\\\/#website\"},\"primaryImageOfPage\":{\"@id\":\"https:\\\/\\\/www.bbmnoticias.com\\\/blog\\\/2025\\\/09\\\/03\\\/compartira-sego-palabras-para-la-paz-en-la-fielo-2025\\\/#primaryimage\"},\"image\":{\"@id\":\"https:\\\/\\\/www.bbmnoticias.com\\\/blog\\\/2025\\\/09\\\/03\\\/compartira-sego-palabras-para-la-paz-en-la-fielo-2025\\\/#primaryimage\"},\"thumbnailUrl\":\"https:\\\/\\\/www.bbmnoticias.com\\\/labravaradiofm\\\/wp-content\\\/uploads\\\/sites\\\/5\\\/2025\\\/09\\\/fielo_oaxaca.jpg\",\"datePublished\":\"2025-09-03T14:46:17+00:00\",\"dateModified\":\"2025-09-03T14:46:23+00:00\",\"author\":{\"@id\":\"https:\\\/\\\/www.bbmnoticias.com\\\/labravaradiofm\\\/#\\\/schema\\\/person\\\/34b139c617a70ea5bef5678bffe4dd7b\"},\"breadcrumb\":{\"@id\":\"https:\\\/\\\/www.bbmnoticias.com\\\/blog\\\/2025\\\/09\\\/03\\\/compartira-sego-palabras-para-la-paz-en-la-fielo-2025\\\/#breadcrumb\"},\"inLanguage\":\"es\",\"potentialAction\":[{\"@type\":\"ReadAction\",\"target\":[\"https:\\\/\\\/www.bbmnoticias.com\\\/blog\\\/2025\\\/09\\\/03\\\/compartira-sego-palabras-para-la-paz-en-la-fielo-2025\\\/\"]}]},{\"@type\":\"ImageObject\",\"inLanguage\":\"es\",\"@id\":\"https:\\\/\\\/www.bbmnoticias.com\\\/blog\\\/2025\\\/09\\\/03\\\/compartira-sego-palabras-para-la-paz-en-la-fielo-2025\\\/#primaryimage\",\"url\":\"https:\\\/\\\/www.bbmnoticias.com\\\/labravaradiofm\\\/wp-content\\\/uploads\\\/sites\\\/5\\\/2025\\\/09\\\/fielo_oaxaca.jpg\",\"contentUrl\":\"https:\\\/\\\/www.bbmnoticias.com\\\/labravaradiofm\\\/wp-content\\\/uploads\\\/sites\\\/5\\\/2025\\\/09\\\/fielo_oaxaca.jpg\",\"width\":800,\"height\":450},{\"@type\":\"BreadcrumbList\",\"@id\":\"https:\\\/\\\/www.bbmnoticias.com\\\/blog\\\/2025\\\/09\\\/03\\\/compartira-sego-palabras-para-la-paz-en-la-fielo-2025\\\/#breadcrumb\",\"itemListElement\":[{\"@type\":\"ListItem\",\"position\":1,\"name\":\"Inicio\",\"item\":\"https:\\\/\\\/www.bbmnoticias.com\\\/labravaradiofm\\\/\"},{\"@type\":\"ListItem\",\"position\":2,\"name\":\"Compartir\u00e1 Sego \u201cPalabras para la Paz\u201d en la FIELO 2025\"}]},{\"@type\":\"WebSite\",\"@id\":\"https:\\\/\\\/www.bbmnoticias.com\\\/labravaradiofm\\\/#website\",\"url\":\"https:\\\/\\\/www.bbmnoticias.com\\\/labravaradiofm\\\/\",\"name\":\"LA BRAVA RADIO\",\"description\":\"Empresa productora de medios, Radiodifusi\u00f3n, Noticias, tendencias y todo lo que necesitas saber de la pol\u00edtica mexicana e internacional; entretenimiento, espect\u00e1culos, salud y mucho m\u00e1s.\",\"potentialAction\":[{\"@type\":\"SearchAction\",\"target\":{\"@type\":\"EntryPoint\",\"urlTemplate\":\"https:\\\/\\\/www.bbmnoticias.com\\\/labravaradiofm\\\/?s={search_term_string}\"},\"query-input\":{\"@type\":\"PropertyValueSpecification\",\"valueRequired\":true,\"valueName\":\"search_term_string\"}}],\"inLanguage\":\"es\"},{\"@type\":\"Person\",\"@id\":\"https:\\\/\\\/www.bbmnoticias.com\\\/labravaradiofm\\\/#\\\/schema\\\/person\\\/34b139c617a70ea5bef5678bffe4dd7b\",\"name\":\"Staff\",\"image\":{\"@type\":\"ImageObject\",\"inLanguage\":\"es\",\"@id\":\"https:\\\/\\\/secure.gravatar.com\\\/avatar\\\/fdd21ad66fd8b98c407f9dee5b5e588cfe7f0d8579ec20fa6527cd59bab7f0f0?s=96&d=mm&r=g\",\"url\":\"https:\\\/\\\/secure.gravatar.com\\\/avatar\\\/fdd21ad66fd8b98c407f9dee5b5e588cfe7f0d8579ec20fa6527cd59bab7f0f0?s=96&d=mm&r=g\",\"contentUrl\":\"https:\\\/\\\/secure.gravatar.com\\\/avatar\\\/fdd21ad66fd8b98c407f9dee5b5e588cfe7f0d8579ec20fa6527cd59bab7f0f0?s=96&d=mm&r=g\",\"caption\":\"Staff\"},\"url\":\"https:\\\/\\\/www.bbmnoticias.com\\\/labravaradiofm\\\/author\\\/redaccion\\\/\"}]}<\/script>\n<!-- \/ Yoast SEO plugin. -->","yoast_head_json":{"title":"Compartir\u00e1 Sego \u201cPalabras para la Paz\u201d en la FIELO 2025 - LA BRAVA RADIO","robots":{"index":"index","follow":"follow","max-snippet":"max-snippet:-1","max-image-preview":"max-image-preview:large","max-video-preview":"max-video-preview:-1"},"canonical":"https:\/\/www.bbmnoticias.com\/blog\/2025\/09\/03\/compartira-sego-palabras-para-la-paz-en-la-fielo-2025\/","og_locale":"es_MX","og_type":"article","og_title":"Compartir\u00e1 Sego \u201cPalabras para la Paz\u201d en la FIELO 2025 - LA BRAVA RADIO","og_description":"\u2022 Este 4 de septiembre, se mostrar\u00e1n las posibilidades de transformaci\u00f3n que tiene el lenguaje en la resoluci\u00f3n de conflictos y gesti\u00f3n de gobierno Oaxaca de Ju\u00e1rez, Oax. 2 de septiembre de 2025.- Para promover el lenguaje como una fuerza constructora de realidades, identidades y v\u00ednculos sociales, la Secretar\u00eda de Gobierno (Sego) presentar\u00e1 su programa [&hellip;]","og_url":"https:\/\/www.bbmnoticias.com\/blog\/2025\/09\/03\/compartira-sego-palabras-para-la-paz-en-la-fielo-2025\/","og_site_name":"LA BRAVA RADIO","article_published_time":"2025-09-03T14:46:17+00:00","article_modified_time":"2025-09-03T14:46:23+00:00","og_image":[{"width":800,"height":450,"url":"https:\/\/www.bbmnoticias.com\/labravaradiofm\/wp-content\/uploads\/sites\/5\/2025\/09\/fielo_oaxaca.jpg","type":"image\/jpeg"}],"author":"Staff","twitter_card":"summary_large_image","twitter_misc":{"Escrito por":"Staff","Tiempo de lectura":"1 minuto"},"schema":{"@context":"https:\/\/schema.org","@graph":[{"@type":"Article","@id":"https:\/\/www.bbmnoticias.com\/blog\/2025\/09\/03\/compartira-sego-palabras-para-la-paz-en-la-fielo-2025\/#article","isPartOf":{"@id":"https:\/\/www.bbmnoticias.com\/labravaradiofm\/2025\/09\/03\/compartira-sego-palabras-para-la-paz-en-la-fielo-2025\/"},"author":{"name":"Staff","@id":"https:\/\/www.bbmnoticias.com\/labravaradiofm\/#\/schema\/person\/34b139c617a70ea5bef5678bffe4dd7b"},"headline":"Compartir\u00e1 Sego \u201cPalabras para la Paz\u201d en la FIELO 2025","datePublished":"2025-09-03T14:46:17+00:00","dateModified":"2025-09-03T14:46:23+00:00","mainEntityOfPage":{"@id":"https:\/\/www.bbmnoticias.com\/labravaradiofm\/2025\/09\/03\/compartira-sego-palabras-para-la-paz-en-la-fielo-2025\/"},"wordCount":186,"image":{"@id":"https:\/\/www.bbmnoticias.com\/blog\/2025\/09\/03\/compartira-sego-palabras-para-la-paz-en-la-fielo-2025\/#primaryimage"},"thumbnailUrl":"https:\/\/www.bbmnoticias.com\/labravaradiofm\/wp-content\/uploads\/sites\/5\/2025\/09\/fielo_oaxaca.jpg","articleSection":["LOCAL"],"inLanguage":"es"},{"@type":"WebPage","@id":"https:\/\/www.bbmnoticias.com\/labravaradiofm\/2025\/09\/03\/compartira-sego-palabras-para-la-paz-en-la-fielo-2025\/","url":"https:\/\/www.bbmnoticias.com\/blog\/2025\/09\/03\/compartira-sego-palabras-para-la-paz-en-la-fielo-2025\/","name":"Compartir\u00e1 Sego \u201cPalabras para la Paz\u201d en la FIELO 2025 - LA BRAVA RADIO","isPartOf":{"@id":"https:\/\/www.bbmnoticias.com\/labravaradiofm\/#website"},"primaryImageOfPage":{"@id":"https:\/\/www.bbmnoticias.com\/blog\/2025\/09\/03\/compartira-sego-palabras-para-la-paz-en-la-fielo-2025\/#primaryimage"},"image":{"@id":"https:\/\/www.bbmnoticias.com\/blog\/2025\/09\/03\/compartira-sego-palabras-para-la-paz-en-la-fielo-2025\/#primaryimage"},"thumbnailUrl":"https:\/\/www.bbmnoticias.com\/labravaradiofm\/wp-content\/uploads\/sites\/5\/2025\/09\/fielo_oaxaca.jpg","datePublished":"2025-09-03T14:46:17+00:00","dateModified":"2025-09-03T14:46:23+00:00","author":{"@id":"https:\/\/www.bbmnoticias.com\/labravaradiofm\/#\/schema\/person\/34b139c617a70ea5bef5678bffe4dd7b"},"breadcrumb":{"@id":"https:\/\/www.bbmnoticias.com\/blog\/2025\/09\/03\/compartira-sego-palabras-para-la-paz-en-la-fielo-2025\/#breadcrumb"},"inLanguage":"es","potentialAction":[{"@type":"ReadAction","target":["https:\/\/www.bbmnoticias.com\/blog\/2025\/09\/03\/compartira-sego-palabras-para-la-paz-en-la-fielo-2025\/"]}]},{"@type":"ImageObject","inLanguage":"es","@id":"https:\/\/www.bbmnoticias.com\/blog\/2025\/09\/03\/compartira-sego-palabras-para-la-paz-en-la-fielo-2025\/#primaryimage","url":"https:\/\/www.bbmnoticias.com\/labravaradiofm\/wp-content\/uploads\/sites\/5\/2025\/09\/fielo_oaxaca.jpg","contentUrl":"https:\/\/www.bbmnoticias.com\/labravaradiofm\/wp-content\/uploads\/sites\/5\/2025\/09\/fielo_oaxaca.jpg","width":800,"height":450},{"@type":"BreadcrumbList","@id":"https:\/\/www.bbmnoticias.com\/blog\/2025\/09\/03\/compartira-sego-palabras-para-la-paz-en-la-fielo-2025\/#breadcrumb","itemListElement":[{"@type":"ListItem","position":1,"name":"Inicio","item":"https:\/\/www.bbmnoticias.com\/labravaradiofm\/"},{"@type":"ListItem","position":2,"name":"Compartir\u00e1 Sego \u201cPalabras para la Paz\u201d en la FIELO 2025"}]},{"@type":"WebSite","@id":"https:\/\/www.bbmnoticias.com\/labravaradiofm\/#website","url":"https:\/\/www.bbmnoticias.com\/labravaradiofm\/","name":"LA BRAVA RADIO","description":"Empresa productora de medios, Radiodifusi\u00f3n, Noticias, tendencias y todo lo que necesitas saber de la pol\u00edtica mexicana e internacional; entretenimiento, espect\u00e1culos, salud y mucho m\u00e1s.","potentialAction":[{"@type":"SearchAction","target":{"@type":"EntryPoint","urlTemplate":"https:\/\/www.bbmnoticias.com\/labravaradiofm\/?s={search_term_string}"},"query-input":{"@type":"PropertyValueSpecification","valueRequired":true,"valueName":"search_term_string"}}],"inLanguage":"es"},{"@type":"Person","@id":"https:\/\/www.bbmnoticias.com\/labravaradiofm\/#\/schema\/person\/34b139c617a70ea5bef5678bffe4dd7b","name":"Staff","image":{"@type":"ImageObject","inLanguage":"es","@id":"https:\/\/secure.gravatar.com\/avatar\/fdd21ad66fd8b98c407f9dee5b5e588cfe7f0d8579ec20fa6527cd59bab7f0f0?s=96&d=mm&r=g","url":"https:\/\/secure.gravatar.com\/avatar\/fdd21ad66fd8b98c407f9dee5b5e588cfe7f0d8579ec20fa6527cd59bab7f0f0?s=96&d=mm&r=g","contentUrl":"https:\/\/secure.gravatar.com\/avatar\/fdd21ad66fd8b98c407f9dee5b5e588cfe7f0d8579ec20fa6527cd59bab7f0f0?s=96&d=mm&r=g","caption":"Staff"},"url":"https:\/\/www.bbmnoticias.com\/labravaradiofm\/author\/redaccion\/"}]}},"_links":{"self":[{"href":"https:\/\/www.bbmnoticias.com\/labravaradiofm\/wp-json\/wp\/v2\/posts\/66006","targetHints":{"allow":["GET"]}}],"collection":[{"href":"https:\/\/www.bbmnoticias.com\/labravaradiofm\/wp-json\/wp\/v2\/posts"}],"about":[{"href":"https:\/\/www.bbmnoticias.com\/labravaradiofm\/wp-json\/wp\/v2\/types\/post"}],"author":[{"embeddable":true,"href":"https:\/\/www.bbmnoticias.com\/labravaradiofm\/wp-json\/wp\/v2\/users\/2"}],"replies":[{"embeddable":true,"href":"https:\/\/www.bbmnoticias.com\/labravaradiofm\/wp-json\/wp\/v2\/comments?post=66006"}],"version-history":[{"count":0,"href":"https:\/\/www.bbmnoticias.com\/labravaradiofm\/wp-json\/wp\/v2\/posts\/66006\/revisions"}],"wp:featuredmedia":[{"embeddable":true,"href":"https:\/\/www.bbmnoticias.com\/labravaradiofm\/wp-json\/wp\/v2\/media\/66008"}],"wp:attachment":[{"href":"https:\/\/www.bbmnoticias.com\/labravaradiofm\/wp-json\/wp\/v2\/media?parent=66006"}],"wp:term":[{"taxonomy":"category","embeddable":true,"href":"https:\/\/www.bbmnoticias.com\/labravaradiofm\/wp-json\/wp\/v2\/categories?post=66006"},{"taxonomy":"post_tag","embeddable":true,"href":"https:\/\/www.bbmnoticias.com\/labravaradiofm\/wp-json\/wp\/v2\/tags?post=66006"}],"curies":[{"name":"wp","href":"https:\/\/api.w.org\/{rel}","templated":true}]}}