{"id":66003,"date":"2025-09-03T08:15:15","date_gmt":"2025-09-03T14:15:15","guid":{"rendered":"https:\/\/www.bbmnoticias.com\/labravaradiofm\/2025\/09\/03\/inicia-en-oaxaca-septiembre-mes-del-testamento-con-la-meta-de-superar-2-mil-documentos\/"},"modified":"2025-09-03T08:15:23","modified_gmt":"2025-09-03T14:15:23","slug":"inicia-en-oaxaca-septiembre-mes-del-testamento-con-la-meta-de-superar-2-mil-documentos","status":"publish","type":"post","link":"https:\/\/www.bbmnoticias.com\/labravaradiofm\/2025\/09\/03\/inicia-en-oaxaca-septiembre-mes-del-testamento-con-la-meta-de-superar-2-mil-documentos\/","title":{"rendered":"Inicia en Oaxaca &#8220;Septiembre Mes del testamento&#8221; con la meta de superar 2 mil documentos"},"content":{"rendered":"<div style=\"margin-top: 0px; margin-bottom: 0px;\" class=\"sharethis-inline-share-buttons\" ><\/div>\n<p><strong>Oaxaca de Ju\u00e1rez, Oax.-<\/strong> En el marco de la 23\u00aa edici\u00f3n de la campa\u00f1a nacional &#8220;Septiembre, Mes del Testamento&#8221;; el Gobierno de Oaxaca se sum\u00f3 a esta iniciativa con las 74 notar\u00edas locales; cuya meta es superar los 2 mil documentos emitidos el a\u00f1o anterior.<\/p>\n\n\n\n<p>En representaci\u00f3n del Gobernador Salom\u00f3n Jara Cruz, el titular de la Consejer\u00eda Jur\u00eddica y Asistencia Legal, Geovany V\u00e1squez Sagrero agradeci\u00f3 a las y los notarios por estas acciones que dan certeza jur\u00eddica y patrimonial a las familias oaxaque\u00f1as.<\/p>\n\n\n\n<p>\u201cDe 700 testamentos que se daban en promedio anualmente, en el a\u00f1o 2023 se realizaron mil 700 y 2 mil en 2024 lo que quiere decir que vamos por la difusi\u00f3n correcta de estas campa\u00f1as. Este \u00e9xito es gracias al notariado oaxaque\u00f1o, lo que se traduce en apoyar al Tribunal Superior de Justicia de Oaxaca, porque es ah\u00ed donde llegan los litigios por carecer de este documento\u201d, dijo.<\/p>\n\n\n\n<p>El testamento es un acto jur\u00eddico personal, unilateral revocable y libre, por el cual una persona dispone de sus bienes y derechos para despu\u00e9s de su fallecimiento, dejando herederos, tutores o albaceas para sus hijas e hijos menores o incapacitados.<\/p>\n\n\n\n<p>Al respecto, el titular de la Direcci\u00f3n General de Notar\u00edas y Archivo General de Notar\u00edas, V\u00edctor Manuel Aguilar \u00c1vila detall\u00f3 que el costo de este tr\u00e1mite por bienes que no superen 1.5 millones de pesos, ser\u00e1 de mil pesos que incluye asesor\u00edas gratuitas en las 74 notar\u00edas de la entidad.<\/p>\n\n\n\n<p>Tambi\u00e9n, exhort\u00f3 a la comunidad oaxaque\u00f1a a valorar la importancia de heredar de forma legal, lo que repercute en el bienestar familiar; y, como ejemplo, mostr\u00f3 su testamento, que realiz\u00f3 en esta campa\u00f1a.<\/p>\n\n\n\n<p>Por su parte, el presidente del Colegio de Notarios en el Estado de Oaxaca, Noel Salvador Ramos L\u00f3pez se\u00f1al\u00f3 que recorrer\u00e1n las ocho regiones del estado para que la informaci\u00f3n de esta estrategia llegue al mayor n\u00famero de hogares.<\/p>\n","protected":false},"excerpt":{"rendered":"<p>Oaxaca de Ju\u00e1rez, Oax.- En el marco de la 23\u00aa edici\u00f3n de la campa\u00f1a nacional &#8220;Septiembre, Mes del Testamento&#8221;; el Gobierno de Oaxaca se sum\u00f3 a esta iniciativa con las 74 notar\u00edas locales; cuya meta es superar los 2 mil documentos emitidos el a\u00f1o anterior. En representaci\u00f3n del Gobernador Salom\u00f3n Jara Cruz, el titular de [&hellip;]<\/p>\n","protected":false},"author":2,"featured_media":66005,"comment_status":"closed","ping_status":"","sticky":false,"template":"","format":"standard","meta":{"footnotes":""},"categories":[2],"tags":[],"class_list":{"0":"post-66003","1":"post","2":"type-post","3":"status-publish","4":"format-standard","5":"has-post-thumbnail","7":"category-oaxaca"},"yoast_head":"<!-- This site is optimized with the Yoast SEO plugin v27.4 - https:\/\/yoast.com\/product\/yoast-seo-wordpress\/ -->\n<title>Inicia en Oaxaca &quot;Septiembre Mes del testamento&quot; con la meta de superar 2 mil documentos - LA BRAVA RADIO<\/title>\n<meta name=\"robots\" content=\"index, follow, max-snippet:-1, max-image-preview:large, max-video-preview:-1\" \/>\n<link rel=\"canonical\" href=\"https:\/\/www.bbmnoticias.com\/blog\/2025\/09\/03\/inicia-en-oaxaca-septiembre-mes-del-testamento-con-la-meta-de-superar-2-mil-documentos\/\" \/>\n<meta property=\"og:locale\" content=\"es_MX\" \/>\n<meta property=\"og:type\" content=\"article\" \/>\n<meta property=\"og:title\" content=\"Inicia en Oaxaca &quot;Septiembre Mes del testamento&quot; con la meta de superar 2 mil documentos - LA BRAVA RADIO\" \/>\n<meta property=\"og:description\" content=\"Oaxaca de Ju\u00e1rez, Oax.- En el marco de la 23\u00aa edici\u00f3n de la campa\u00f1a nacional &#8220;Septiembre, Mes del Testamento&#8221;; el Gobierno de Oaxaca se sum\u00f3 a esta iniciativa con las 74 notar\u00edas locales; cuya meta es superar los 2 mil documentos emitidos el a\u00f1o anterior. En representaci\u00f3n del Gobernador Salom\u00f3n Jara Cruz, el titular de [&hellip;]\" \/>\n<meta property=\"og:url\" content=\"https:\/\/www.bbmnoticias.com\/blog\/2025\/09\/03\/inicia-en-oaxaca-septiembre-mes-del-testamento-con-la-meta-de-superar-2-mil-documentos\/\" \/>\n<meta property=\"og:site_name\" content=\"LA BRAVA RADIO\" \/>\n<meta property=\"article:published_time\" content=\"2025-09-03T14:15:15+00:00\" \/>\n<meta property=\"article:modified_time\" content=\"2025-09-03T14:15:23+00:00\" \/>\n<meta property=\"og:image\" content=\"https:\/\/www.bbmnoticias.com\/labravaradiofm\/wp-content\/uploads\/sites\/5\/2025\/09\/septiembre_testamento.jpg\" \/>\n\t<meta property=\"og:image:width\" content=\"800\" \/>\n\t<meta property=\"og:image:height\" content=\"534\" \/>\n\t<meta property=\"og:image:type\" content=\"image\/jpeg\" \/>\n<meta name=\"author\" content=\"Staff\" \/>\n<meta name=\"twitter:card\" content=\"summary_large_image\" \/>\n<meta name=\"twitter:label1\" content=\"Escrito por\" \/>\n\t<meta name=\"twitter:data1\" content=\"Staff\" \/>\n\t<meta name=\"twitter:label2\" content=\"Tiempo de lectura\" \/>\n\t<meta name=\"twitter:data2\" content=\"2 minutos\" \/>\n<script type=\"application\/ld+json\" class=\"yoast-schema-graph\">{\"@context\":\"https:\\\/\\\/schema.org\",\"@graph\":[{\"@type\":\"Article\",\"@id\":\"https:\\\/\\\/www.bbmnoticias.com\\\/blog\\\/2025\\\/09\\\/03\\\/inicia-en-oaxaca-septiembre-mes-del-testamento-con-la-meta-de-superar-2-mil-documentos\\\/#article\",\"isPartOf\":{\"@id\":\"https:\\\/\\\/www.bbmnoticias.com\\\/labravaradiofm\\\/2025\\\/09\\\/03\\\/inicia-en-oaxaca-septiembre-mes-del-testamento-con-la-meta-de-superar-2-mil-documentos\\\/\"},\"author\":{\"name\":\"Staff\",\"@id\":\"https:\\\/\\\/www.bbmnoticias.com\\\/labravaradiofm\\\/#\\\/schema\\\/person\\\/34b139c617a70ea5bef5678bffe4dd7b\"},\"headline\":\"Inicia en Oaxaca &#8220;Septiembre Mes del testamento&#8221; con la meta de superar 2 mil documentos\",\"datePublished\":\"2025-09-03T14:15:15+00:00\",\"dateModified\":\"2025-09-03T14:15:23+00:00\",\"mainEntityOfPage\":{\"@id\":\"https:\\\/\\\/www.bbmnoticias.com\\\/labravaradiofm\\\/2025\\\/09\\\/03\\\/inicia-en-oaxaca-septiembre-mes-del-testamento-con-la-meta-de-superar-2-mil-documentos\\\/\"},\"wordCount\":351,\"image\":{\"@id\":\"https:\\\/\\\/www.bbmnoticias.com\\\/blog\\\/2025\\\/09\\\/03\\\/inicia-en-oaxaca-septiembre-mes-del-testamento-con-la-meta-de-superar-2-mil-documentos\\\/#primaryimage\"},\"thumbnailUrl\":\"https:\\\/\\\/www.bbmnoticias.com\\\/labravaradiofm\\\/wp-content\\\/uploads\\\/sites\\\/5\\\/2025\\\/09\\\/septiembre_testamento.jpg\",\"articleSection\":[\"LOCAL\"],\"inLanguage\":\"es\"},{\"@type\":\"WebPage\",\"@id\":\"https:\\\/\\\/www.bbmnoticias.com\\\/labravaradiofm\\\/2025\\\/09\\\/03\\\/inicia-en-oaxaca-septiembre-mes-del-testamento-con-la-meta-de-superar-2-mil-documentos\\\/\",\"url\":\"https:\\\/\\\/www.bbmnoticias.com\\\/blog\\\/2025\\\/09\\\/03\\\/inicia-en-oaxaca-septiembre-mes-del-testamento-con-la-meta-de-superar-2-mil-documentos\\\/\",\"name\":\"Inicia en Oaxaca \\\"Septiembre Mes del testamento\\\" con la meta de superar 2 mil documentos - LA BRAVA RADIO\",\"isPartOf\":{\"@id\":\"https:\\\/\\\/www.bbmnoticias.com\\\/labravaradiofm\\\/#website\"},\"primaryImageOfPage\":{\"@id\":\"https:\\\/\\\/www.bbmnoticias.com\\\/blog\\\/2025\\\/09\\\/03\\\/inicia-en-oaxaca-septiembre-mes-del-testamento-con-la-meta-de-superar-2-mil-documentos\\\/#primaryimage\"},\"image\":{\"@id\":\"https:\\\/\\\/www.bbmnoticias.com\\\/blog\\\/2025\\\/09\\\/03\\\/inicia-en-oaxaca-septiembre-mes-del-testamento-con-la-meta-de-superar-2-mil-documentos\\\/#primaryimage\"},\"thumbnailUrl\":\"https:\\\/\\\/www.bbmnoticias.com\\\/labravaradiofm\\\/wp-content\\\/uploads\\\/sites\\\/5\\\/2025\\\/09\\\/septiembre_testamento.jpg\",\"datePublished\":\"2025-09-03T14:15:15+00:00\",\"dateModified\":\"2025-09-03T14:15:23+00:00\",\"author\":{\"@id\":\"https:\\\/\\\/www.bbmnoticias.com\\\/labravaradiofm\\\/#\\\/schema\\\/person\\\/34b139c617a70ea5bef5678bffe4dd7b\"},\"breadcrumb\":{\"@id\":\"https:\\\/\\\/www.bbmnoticias.com\\\/blog\\\/2025\\\/09\\\/03\\\/inicia-en-oaxaca-septiembre-mes-del-testamento-con-la-meta-de-superar-2-mil-documentos\\\/#breadcrumb\"},\"inLanguage\":\"es\",\"potentialAction\":[{\"@type\":\"ReadAction\",\"target\":[\"https:\\\/\\\/www.bbmnoticias.com\\\/blog\\\/2025\\\/09\\\/03\\\/inicia-en-oaxaca-septiembre-mes-del-testamento-con-la-meta-de-superar-2-mil-documentos\\\/\"]}]},{\"@type\":\"ImageObject\",\"inLanguage\":\"es\",\"@id\":\"https:\\\/\\\/www.bbmnoticias.com\\\/blog\\\/2025\\\/09\\\/03\\\/inicia-en-oaxaca-septiembre-mes-del-testamento-con-la-meta-de-superar-2-mil-documentos\\\/#primaryimage\",\"url\":\"https:\\\/\\\/www.bbmnoticias.com\\\/labravaradiofm\\\/wp-content\\\/uploads\\\/sites\\\/5\\\/2025\\\/09\\\/septiembre_testamento.jpg\",\"contentUrl\":\"https:\\\/\\\/www.bbmnoticias.com\\\/labravaradiofm\\\/wp-content\\\/uploads\\\/sites\\\/5\\\/2025\\\/09\\\/septiembre_testamento.jpg\",\"width\":800,\"height\":534},{\"@type\":\"BreadcrumbList\",\"@id\":\"https:\\\/\\\/www.bbmnoticias.com\\\/blog\\\/2025\\\/09\\\/03\\\/inicia-en-oaxaca-septiembre-mes-del-testamento-con-la-meta-de-superar-2-mil-documentos\\\/#breadcrumb\",\"itemListElement\":[{\"@type\":\"ListItem\",\"position\":1,\"name\":\"Inicio\",\"item\":\"https:\\\/\\\/www.bbmnoticias.com\\\/labravaradiofm\\\/\"},{\"@type\":\"ListItem\",\"position\":2,\"name\":\"Inicia en Oaxaca &#8220;Septiembre Mes del testamento&#8221; con la meta de superar 2 mil documentos\"}]},{\"@type\":\"WebSite\",\"@id\":\"https:\\\/\\\/www.bbmnoticias.com\\\/labravaradiofm\\\/#website\",\"url\":\"https:\\\/\\\/www.bbmnoticias.com\\\/labravaradiofm\\\/\",\"name\":\"LA BRAVA RADIO\",\"description\":\"Empresa productora de medios, Radiodifusi\u00f3n, Noticias, tendencias y todo lo que necesitas saber de la pol\u00edtica mexicana e internacional; entretenimiento, espect\u00e1culos, salud y mucho m\u00e1s.\",\"potentialAction\":[{\"@type\":\"SearchAction\",\"target\":{\"@type\":\"EntryPoint\",\"urlTemplate\":\"https:\\\/\\\/www.bbmnoticias.com\\\/labravaradiofm\\\/?s={search_term_string}\"},\"query-input\":{\"@type\":\"PropertyValueSpecification\",\"valueRequired\":true,\"valueName\":\"search_term_string\"}}],\"inLanguage\":\"es\"},{\"@type\":\"Person\",\"@id\":\"https:\\\/\\\/www.bbmnoticias.com\\\/labravaradiofm\\\/#\\\/schema\\\/person\\\/34b139c617a70ea5bef5678bffe4dd7b\",\"name\":\"Staff\",\"image\":{\"@type\":\"ImageObject\",\"inLanguage\":\"es\",\"@id\":\"https:\\\/\\\/secure.gravatar.com\\\/avatar\\\/fdd21ad66fd8b98c407f9dee5b5e588cfe7f0d8579ec20fa6527cd59bab7f0f0?s=96&d=mm&r=g\",\"url\":\"https:\\\/\\\/secure.gravatar.com\\\/avatar\\\/fdd21ad66fd8b98c407f9dee5b5e588cfe7f0d8579ec20fa6527cd59bab7f0f0?s=96&d=mm&r=g\",\"contentUrl\":\"https:\\\/\\\/secure.gravatar.com\\\/avatar\\\/fdd21ad66fd8b98c407f9dee5b5e588cfe7f0d8579ec20fa6527cd59bab7f0f0?s=96&d=mm&r=g\",\"caption\":\"Staff\"},\"url\":\"https:\\\/\\\/www.bbmnoticias.com\\\/labravaradiofm\\\/author\\\/redaccion\\\/\"}]}<\/script>\n<!-- \/ Yoast SEO plugin. -->","yoast_head_json":{"title":"Inicia en Oaxaca \"Septiembre Mes del testamento\" con la meta de superar 2 mil documentos - LA BRAVA RADIO","robots":{"index":"index","follow":"follow","max-snippet":"max-snippet:-1","max-image-preview":"max-image-preview:large","max-video-preview":"max-video-preview:-1"},"canonical":"https:\/\/www.bbmnoticias.com\/blog\/2025\/09\/03\/inicia-en-oaxaca-septiembre-mes-del-testamento-con-la-meta-de-superar-2-mil-documentos\/","og_locale":"es_MX","og_type":"article","og_title":"Inicia en Oaxaca \"Septiembre Mes del testamento\" con la meta de superar 2 mil documentos - LA BRAVA RADIO","og_description":"Oaxaca de Ju\u00e1rez, Oax.- En el marco de la 23\u00aa edici\u00f3n de la campa\u00f1a nacional &#8220;Septiembre, Mes del Testamento&#8221;; el Gobierno de Oaxaca se sum\u00f3 a esta iniciativa con las 74 notar\u00edas locales; cuya meta es superar los 2 mil documentos emitidos el a\u00f1o anterior. En representaci\u00f3n del Gobernador Salom\u00f3n Jara Cruz, el titular de [&hellip;]","og_url":"https:\/\/www.bbmnoticias.com\/blog\/2025\/09\/03\/inicia-en-oaxaca-septiembre-mes-del-testamento-con-la-meta-de-superar-2-mil-documentos\/","og_site_name":"LA BRAVA RADIO","article_published_time":"2025-09-03T14:15:15+00:00","article_modified_time":"2025-09-03T14:15:23+00:00","og_image":[{"width":800,"height":534,"url":"https:\/\/www.bbmnoticias.com\/labravaradiofm\/wp-content\/uploads\/sites\/5\/2025\/09\/septiembre_testamento.jpg","type":"image\/jpeg"}],"author":"Staff","twitter_card":"summary_large_image","twitter_misc":{"Escrito por":"Staff","Tiempo de lectura":"2 minutos"},"schema":{"@context":"https:\/\/schema.org","@graph":[{"@type":"Article","@id":"https:\/\/www.bbmnoticias.com\/blog\/2025\/09\/03\/inicia-en-oaxaca-septiembre-mes-del-testamento-con-la-meta-de-superar-2-mil-documentos\/#article","isPartOf":{"@id":"https:\/\/www.bbmnoticias.com\/labravaradiofm\/2025\/09\/03\/inicia-en-oaxaca-septiembre-mes-del-testamento-con-la-meta-de-superar-2-mil-documentos\/"},"author":{"name":"Staff","@id":"https:\/\/www.bbmnoticias.com\/labravaradiofm\/#\/schema\/person\/34b139c617a70ea5bef5678bffe4dd7b"},"headline":"Inicia en Oaxaca &#8220;Septiembre Mes del testamento&#8221; con la meta de superar 2 mil documentos","datePublished":"2025-09-03T14:15:15+00:00","dateModified":"2025-09-03T14:15:23+00:00","mainEntityOfPage":{"@id":"https:\/\/www.bbmnoticias.com\/labravaradiofm\/2025\/09\/03\/inicia-en-oaxaca-septiembre-mes-del-testamento-con-la-meta-de-superar-2-mil-documentos\/"},"wordCount":351,"image":{"@id":"https:\/\/www.bbmnoticias.com\/blog\/2025\/09\/03\/inicia-en-oaxaca-septiembre-mes-del-testamento-con-la-meta-de-superar-2-mil-documentos\/#primaryimage"},"thumbnailUrl":"https:\/\/www.bbmnoticias.com\/labravaradiofm\/wp-content\/uploads\/sites\/5\/2025\/09\/septiembre_testamento.jpg","articleSection":["LOCAL"],"inLanguage":"es"},{"@type":"WebPage","@id":"https:\/\/www.bbmnoticias.com\/labravaradiofm\/2025\/09\/03\/inicia-en-oaxaca-septiembre-mes-del-testamento-con-la-meta-de-superar-2-mil-documentos\/","url":"https:\/\/www.bbmnoticias.com\/blog\/2025\/09\/03\/inicia-en-oaxaca-septiembre-mes-del-testamento-con-la-meta-de-superar-2-mil-documentos\/","name":"Inicia en Oaxaca \"Septiembre Mes del testamento\" con la meta de superar 2 mil documentos - LA BRAVA RADIO","isPartOf":{"@id":"https:\/\/www.bbmnoticias.com\/labravaradiofm\/#website"},"primaryImageOfPage":{"@id":"https:\/\/www.bbmnoticias.com\/blog\/2025\/09\/03\/inicia-en-oaxaca-septiembre-mes-del-testamento-con-la-meta-de-superar-2-mil-documentos\/#primaryimage"},"image":{"@id":"https:\/\/www.bbmnoticias.com\/blog\/2025\/09\/03\/inicia-en-oaxaca-septiembre-mes-del-testamento-con-la-meta-de-superar-2-mil-documentos\/#primaryimage"},"thumbnailUrl":"https:\/\/www.bbmnoticias.com\/labravaradiofm\/wp-content\/uploads\/sites\/5\/2025\/09\/septiembre_testamento.jpg","datePublished":"2025-09-03T14:15:15+00:00","dateModified":"2025-09-03T14:15:23+00:00","author":{"@id":"https:\/\/www.bbmnoticias.com\/labravaradiofm\/#\/schema\/person\/34b139c617a70ea5bef5678bffe4dd7b"},"breadcrumb":{"@id":"https:\/\/www.bbmnoticias.com\/blog\/2025\/09\/03\/inicia-en-oaxaca-septiembre-mes-del-testamento-con-la-meta-de-superar-2-mil-documentos\/#breadcrumb"},"inLanguage":"es","potentialAction":[{"@type":"ReadAction","target":["https:\/\/www.bbmnoticias.com\/blog\/2025\/09\/03\/inicia-en-oaxaca-septiembre-mes-del-testamento-con-la-meta-de-superar-2-mil-documentos\/"]}]},{"@type":"ImageObject","inLanguage":"es","@id":"https:\/\/www.bbmnoticias.com\/blog\/2025\/09\/03\/inicia-en-oaxaca-septiembre-mes-del-testamento-con-la-meta-de-superar-2-mil-documentos\/#primaryimage","url":"https:\/\/www.bbmnoticias.com\/labravaradiofm\/wp-content\/uploads\/sites\/5\/2025\/09\/septiembre_testamento.jpg","contentUrl":"https:\/\/www.bbmnoticias.com\/labravaradiofm\/wp-content\/uploads\/sites\/5\/2025\/09\/septiembre_testamento.jpg","width":800,"height":534},{"@type":"BreadcrumbList","@id":"https:\/\/www.bbmnoticias.com\/blog\/2025\/09\/03\/inicia-en-oaxaca-septiembre-mes-del-testamento-con-la-meta-de-superar-2-mil-documentos\/#breadcrumb","itemListElement":[{"@type":"ListItem","position":1,"name":"Inicio","item":"https:\/\/www.bbmnoticias.com\/labravaradiofm\/"},{"@type":"ListItem","position":2,"name":"Inicia en Oaxaca &#8220;Septiembre Mes del testamento&#8221; con la meta de superar 2 mil documentos"}]},{"@type":"WebSite","@id":"https:\/\/www.bbmnoticias.com\/labravaradiofm\/#website","url":"https:\/\/www.bbmnoticias.com\/labravaradiofm\/","name":"LA BRAVA RADIO","description":"Empresa productora de medios, Radiodifusi\u00f3n, Noticias, tendencias y todo lo que necesitas saber de la pol\u00edtica mexicana e internacional; entretenimiento, espect\u00e1culos, salud y mucho m\u00e1s.","potentialAction":[{"@type":"SearchAction","target":{"@type":"EntryPoint","urlTemplate":"https:\/\/www.bbmnoticias.com\/labravaradiofm\/?s={search_term_string}"},"query-input":{"@type":"PropertyValueSpecification","valueRequired":true,"valueName":"search_term_string"}}],"inLanguage":"es"},{"@type":"Person","@id":"https:\/\/www.bbmnoticias.com\/labravaradiofm\/#\/schema\/person\/34b139c617a70ea5bef5678bffe4dd7b","name":"Staff","image":{"@type":"ImageObject","inLanguage":"es","@id":"https:\/\/secure.gravatar.com\/avatar\/fdd21ad66fd8b98c407f9dee5b5e588cfe7f0d8579ec20fa6527cd59bab7f0f0?s=96&d=mm&r=g","url":"https:\/\/secure.gravatar.com\/avatar\/fdd21ad66fd8b98c407f9dee5b5e588cfe7f0d8579ec20fa6527cd59bab7f0f0?s=96&d=mm&r=g","contentUrl":"https:\/\/secure.gravatar.com\/avatar\/fdd21ad66fd8b98c407f9dee5b5e588cfe7f0d8579ec20fa6527cd59bab7f0f0?s=96&d=mm&r=g","caption":"Staff"},"url":"https:\/\/www.bbmnoticias.com\/labravaradiofm\/author\/redaccion\/"}]}},"_links":{"self":[{"href":"https:\/\/www.bbmnoticias.com\/labravaradiofm\/wp-json\/wp\/v2\/posts\/66003","targetHints":{"allow":["GET"]}}],"collection":[{"href":"https:\/\/www.bbmnoticias.com\/labravaradiofm\/wp-json\/wp\/v2\/posts"}],"about":[{"href":"https:\/\/www.bbmnoticias.com\/labravaradiofm\/wp-json\/wp\/v2\/types\/post"}],"author":[{"embeddable":true,"href":"https:\/\/www.bbmnoticias.com\/labravaradiofm\/wp-json\/wp\/v2\/users\/2"}],"replies":[{"embeddable":true,"href":"https:\/\/www.bbmnoticias.com\/labravaradiofm\/wp-json\/wp\/v2\/comments?post=66003"}],"version-history":[{"count":0,"href":"https:\/\/www.bbmnoticias.com\/labravaradiofm\/wp-json\/wp\/v2\/posts\/66003\/revisions"}],"wp:featuredmedia":[{"embeddable":true,"href":"https:\/\/www.bbmnoticias.com\/labravaradiofm\/wp-json\/wp\/v2\/media\/66005"}],"wp:attachment":[{"href":"https:\/\/www.bbmnoticias.com\/labravaradiofm\/wp-json\/wp\/v2\/media?parent=66003"}],"wp:term":[{"taxonomy":"category","embeddable":true,"href":"https:\/\/www.bbmnoticias.com\/labravaradiofm\/wp-json\/wp\/v2\/categories?post=66003"},{"taxonomy":"post_tag","embeddable":true,"href":"https:\/\/www.bbmnoticias.com\/labravaradiofm\/wp-json\/wp\/v2\/tags?post=66003"}],"curies":[{"name":"wp","href":"https:\/\/api.w.org\/{rel}","templated":true}]}}