{"id":66000,"date":"2025-09-02T19:43:49","date_gmt":"2025-09-03T01:43:49","guid":{"rendered":"https:\/\/www.bbmnoticias.com\/labravaradiofm\/2025\/09\/02\/con-jornada-medica-quijotes-dif-oaxaca-transforma-vidas-de-quienes-lo-necesitan\/"},"modified":"2025-09-02T19:44:11","modified_gmt":"2025-09-03T01:44:11","slug":"con-jornada-medica-quijotes-dif-oaxaca-transforma-vidas-de-quienes-lo-necesitan","status":"publish","type":"post","link":"https:\/\/www.bbmnoticias.com\/labravaradiofm\/2025\/09\/02\/con-jornada-medica-quijotes-dif-oaxaca-transforma-vidas-de-quienes-lo-necesitan\/","title":{"rendered":"Con Jornada M\u00e9dica Quijotes, DIF Oaxaca transforma vidas de quienes lo necesitan"},"content":{"rendered":"<div style=\"margin-top: 0px; margin-bottom: 0px;\" class=\"sharethis-inline-share-buttons\" ><\/div>\n<p><strong>Oaxaca de Ju\u00e1rez, Oax.- <\/strong>Como parte de las acciones preventivas y el compromiso con la poblaci\u00f3n, el Sistema Estatal para el Desarrollo Integral de la Familia (DIF) en colaboraci\u00f3n con la asociaci\u00f3n civil Quijotes de San Antonio Texas y Oaxaca, inaugur\u00f3 la Jornada M\u00e9dica Quijotes 2025, que brindar\u00e1 3 mil 800 consultas del 1 al 5 de septiembre.<\/p>\n\n\n\n<p>En el Centro de Rehabilitaci\u00f3n Integral DIF Bienestar y Cuidados, las y los especialistas, as\u00ed como estudiantado, atienden con calidez a las y los oaxaque\u00f1os que requieren una consulta a tiempo, revisi\u00f3n oportuna u orientaci\u00f3n adecuada, acto que puede marcar la diferencia entre la enfermedad y el bienestar.<\/p>\n\n\n\n<p>En presencia de personas beneficiarias, autoridades y comit\u00e9s DIF municipales, as\u00ed como funcionariado p\u00fablico; la Presidenta Honoraria del organismo estatal, Irma Bola\u00f1os Quijano extern\u00f3 su reconocimiento y agradecimiento a los presidentes de la asociaci\u00f3n civil Quijotes Texas, Leticia Vargas, y de Oaxaca, Rafael Medina Ba\u00f1os por su esp\u00edritu de servicio con la prevenci\u00f3n y cuidados de quienes lo necesitan.<\/p>\n\n\n\n<p>\u201cPrevenir significa regalar a\u00f1os de vida. Por eso esta jornada altruista nace del compromiso de cuidar lo m\u00e1s valioso que tenemos: nuestra vida y la de nuestras familias. Hoy nos reunimos para acercar servicios m\u00e9dicos, revisiones, rehabilitaci\u00f3n y atenciones a las familias que m\u00e1s lo necesitan; aquellas que, con frecuencia, enfrentan dificultades para acceder a un m\u00e9dico o estudios cl\u00ednicos\u201d, destac\u00f3.<\/p>\n\n\n\n<p>Por tanto, dijo, que esta jornada recuerda que la salud no es un privilegio, sino un derecho al que todas y todos pueden acceder. \u201cQuiero reconocer y agradecer profundamente a la asociaci\u00f3n civil Quijotes, dependencias gubernamentales, instituciones de educaci\u00f3n superior, empresas y organismos patrocinadores; por demostrar que cuando la convicci\u00f3n se convierte en acci\u00f3n, se pueden transformar vidas\u201d, agreg\u00f3 Bola\u00f1os Quijano.<\/p>\n\n\n\n<p>La directora general del organismo estatal, Maribel Salinas Velasco sostuvo que esta campa\u00f1a m\u00e9dica es un acto de justicia social, de dignidad y de amor por Oaxaca.<\/p>\n\n\n\n<p>\u201cDeseo que cada consulta, medicamento y sonrisa devuelta, sea testimonio del poder que tiene la colaboraci\u00f3n entre instituciones, asociaciones civiles y ciudadan\u00eda\u201d, manifest\u00f3.<\/p>\n\n\n\n<p>En su oportunidad, Medina Ba\u00f1os extern\u00f3 que, a 27 ediciones de realizar esta jornada, es la primera vez que reciben un gran respaldo por parte del Sistema DIF Oaxaca, lo que les motiva a continuar atendiendo a quienes lo necesitan.<\/p>\n\n\n\n<p>En un horario de 7:00 a 17:00 horas, las personas, que previamente obtuvieron su pase de atenci\u00f3n, pueden acceder a consultas gratuitas en especialidades como oftalmolog\u00eda, optometr\u00eda, odontolog\u00eda, medicina familiar, medicina interna, pediatr\u00eda, ginecolog\u00eda, medicina integrada y geriatr\u00eda.<\/p>\n\n\n\n<p>Adem\u00e1s de servicios en nutrici\u00f3n, terapia f\u00edsica y rehabilitaci\u00f3n, as\u00ed como terapia ocupacional, electrocardiograf\u00eda, tratamiento l\u00e1ser oft\u00e1lmico, donaci\u00f3n de anteojos, pr\u00f3tesis dentales, laboratorio, ultrasonido y farmacia.<\/p>\n","protected":false},"excerpt":{"rendered":"<p>Oaxaca de Ju\u00e1rez, Oax.- Como parte de las acciones preventivas y el compromiso con la poblaci\u00f3n, el Sistema Estatal para el Desarrollo Integral de la Familia (DIF) en colaboraci\u00f3n con la asociaci\u00f3n civil Quijotes de San Antonio Texas y Oaxaca, inaugur\u00f3 la Jornada M\u00e9dica Quijotes 2025, que brindar\u00e1 3 mil 800 consultas del 1 al [&hellip;]<\/p>\n","protected":false},"author":2,"featured_media":66002,"comment_status":"closed","ping_status":"","sticky":false,"template":"","format":"standard","meta":{"footnotes":""},"categories":[2],"tags":[],"class_list":{"0":"post-66000","1":"post","2":"type-post","3":"status-publish","4":"format-standard","5":"has-post-thumbnail","7":"category-oaxaca"},"yoast_head":"<!-- This site is optimized with the Yoast SEO plugin v27.4 - https:\/\/yoast.com\/product\/yoast-seo-wordpress\/ -->\n<title>Con Jornada M\u00e9dica Quijotes, DIF Oaxaca transforma vidas de quienes lo necesitan - LA BRAVA RADIO<\/title>\n<meta name=\"robots\" content=\"index, follow, max-snippet:-1, max-image-preview:large, max-video-preview:-1\" \/>\n<link rel=\"canonical\" href=\"https:\/\/www.bbmnoticias.com\/blog\/2025\/09\/02\/con-jornada-medica-quijotes-dif-oaxaca-transforma-vidas-de-quienes-lo-necesitan\/\" \/>\n<meta property=\"og:locale\" content=\"es_MX\" \/>\n<meta property=\"og:type\" content=\"article\" \/>\n<meta property=\"og:title\" content=\"Con Jornada M\u00e9dica Quijotes, DIF Oaxaca transforma vidas de quienes lo necesitan - LA BRAVA RADIO\" \/>\n<meta property=\"og:description\" content=\"Oaxaca de Ju\u00e1rez, Oax.- Como parte de las acciones preventivas y el compromiso con la poblaci\u00f3n, el Sistema Estatal para el Desarrollo Integral de la Familia (DIF) en colaboraci\u00f3n con la asociaci\u00f3n civil Quijotes de San Antonio Texas y Oaxaca, inaugur\u00f3 la Jornada M\u00e9dica Quijotes 2025, que brindar\u00e1 3 mil 800 consultas del 1 al [&hellip;]\" \/>\n<meta property=\"og:url\" content=\"https:\/\/www.bbmnoticias.com\/blog\/2025\/09\/02\/con-jornada-medica-quijotes-dif-oaxaca-transforma-vidas-de-quienes-lo-necesitan\/\" \/>\n<meta property=\"og:site_name\" content=\"LA BRAVA RADIO\" \/>\n<meta property=\"article:published_time\" content=\"2025-09-03T01:43:49+00:00\" \/>\n<meta property=\"article:modified_time\" content=\"2025-09-03T01:44:11+00:00\" \/>\n<meta property=\"og:image\" content=\"https:\/\/www.bbmnoticias.com\/labravaradiofm\/wp-content\/uploads\/sites\/5\/2025\/09\/dif_quijotes.jpg\" \/>\n\t<meta property=\"og:image:width\" content=\"800\" \/>\n\t<meta property=\"og:image:height\" content=\"534\" \/>\n\t<meta property=\"og:image:type\" content=\"image\/jpeg\" \/>\n<meta name=\"author\" content=\"Staff\" \/>\n<meta name=\"twitter:card\" content=\"summary_large_image\" \/>\n<meta name=\"twitter:label1\" content=\"Escrito por\" \/>\n\t<meta name=\"twitter:data1\" content=\"Staff\" \/>\n\t<meta name=\"twitter:label2\" content=\"Tiempo de lectura\" \/>\n\t<meta name=\"twitter:data2\" content=\"2 minutos\" \/>\n<script type=\"application\/ld+json\" class=\"yoast-schema-graph\">{\"@context\":\"https:\\\/\\\/schema.org\",\"@graph\":[{\"@type\":\"Article\",\"@id\":\"https:\\\/\\\/www.bbmnoticias.com\\\/blog\\\/2025\\\/09\\\/02\\\/con-jornada-medica-quijotes-dif-oaxaca-transforma-vidas-de-quienes-lo-necesitan\\\/#article\",\"isPartOf\":{\"@id\":\"https:\\\/\\\/www.bbmnoticias.com\\\/labravaradiofm\\\/2025\\\/09\\\/02\\\/con-jornada-medica-quijotes-dif-oaxaca-transforma-vidas-de-quienes-lo-necesitan\\\/\"},\"author\":{\"name\":\"Staff\",\"@id\":\"https:\\\/\\\/www.bbmnoticias.com\\\/labravaradiofm\\\/#\\\/schema\\\/person\\\/34b139c617a70ea5bef5678bffe4dd7b\"},\"headline\":\"Con Jornada M\u00e9dica Quijotes, DIF Oaxaca transforma vidas de quienes lo necesitan\",\"datePublished\":\"2025-09-03T01:43:49+00:00\",\"dateModified\":\"2025-09-03T01:44:11+00:00\",\"mainEntityOfPage\":{\"@id\":\"https:\\\/\\\/www.bbmnoticias.com\\\/labravaradiofm\\\/2025\\\/09\\\/02\\\/con-jornada-medica-quijotes-dif-oaxaca-transforma-vidas-de-quienes-lo-necesitan\\\/\"},\"wordCount\":496,\"image\":{\"@id\":\"https:\\\/\\\/www.bbmnoticias.com\\\/blog\\\/2025\\\/09\\\/02\\\/con-jornada-medica-quijotes-dif-oaxaca-transforma-vidas-de-quienes-lo-necesitan\\\/#primaryimage\"},\"thumbnailUrl\":\"https:\\\/\\\/www.bbmnoticias.com\\\/labravaradiofm\\\/wp-content\\\/uploads\\\/sites\\\/5\\\/2025\\\/09\\\/dif_quijotes.jpg\",\"articleSection\":[\"LOCAL\"],\"inLanguage\":\"es\"},{\"@type\":\"WebPage\",\"@id\":\"https:\\\/\\\/www.bbmnoticias.com\\\/labravaradiofm\\\/2025\\\/09\\\/02\\\/con-jornada-medica-quijotes-dif-oaxaca-transforma-vidas-de-quienes-lo-necesitan\\\/\",\"url\":\"https:\\\/\\\/www.bbmnoticias.com\\\/blog\\\/2025\\\/09\\\/02\\\/con-jornada-medica-quijotes-dif-oaxaca-transforma-vidas-de-quienes-lo-necesitan\\\/\",\"name\":\"Con Jornada M\u00e9dica Quijotes, DIF Oaxaca transforma vidas de quienes lo necesitan - LA BRAVA RADIO\",\"isPartOf\":{\"@id\":\"https:\\\/\\\/www.bbmnoticias.com\\\/labravaradiofm\\\/#website\"},\"primaryImageOfPage\":{\"@id\":\"https:\\\/\\\/www.bbmnoticias.com\\\/blog\\\/2025\\\/09\\\/02\\\/con-jornada-medica-quijotes-dif-oaxaca-transforma-vidas-de-quienes-lo-necesitan\\\/#primaryimage\"},\"image\":{\"@id\":\"https:\\\/\\\/www.bbmnoticias.com\\\/blog\\\/2025\\\/09\\\/02\\\/con-jornada-medica-quijotes-dif-oaxaca-transforma-vidas-de-quienes-lo-necesitan\\\/#primaryimage\"},\"thumbnailUrl\":\"https:\\\/\\\/www.bbmnoticias.com\\\/labravaradiofm\\\/wp-content\\\/uploads\\\/sites\\\/5\\\/2025\\\/09\\\/dif_quijotes.jpg\",\"datePublished\":\"2025-09-03T01:43:49+00:00\",\"dateModified\":\"2025-09-03T01:44:11+00:00\",\"author\":{\"@id\":\"https:\\\/\\\/www.bbmnoticias.com\\\/labravaradiofm\\\/#\\\/schema\\\/person\\\/34b139c617a70ea5bef5678bffe4dd7b\"},\"breadcrumb\":{\"@id\":\"https:\\\/\\\/www.bbmnoticias.com\\\/blog\\\/2025\\\/09\\\/02\\\/con-jornada-medica-quijotes-dif-oaxaca-transforma-vidas-de-quienes-lo-necesitan\\\/#breadcrumb\"},\"inLanguage\":\"es\",\"potentialAction\":[{\"@type\":\"ReadAction\",\"target\":[\"https:\\\/\\\/www.bbmnoticias.com\\\/blog\\\/2025\\\/09\\\/02\\\/con-jornada-medica-quijotes-dif-oaxaca-transforma-vidas-de-quienes-lo-necesitan\\\/\"]}]},{\"@type\":\"ImageObject\",\"inLanguage\":\"es\",\"@id\":\"https:\\\/\\\/www.bbmnoticias.com\\\/blog\\\/2025\\\/09\\\/02\\\/con-jornada-medica-quijotes-dif-oaxaca-transforma-vidas-de-quienes-lo-necesitan\\\/#primaryimage\",\"url\":\"https:\\\/\\\/www.bbmnoticias.com\\\/labravaradiofm\\\/wp-content\\\/uploads\\\/sites\\\/5\\\/2025\\\/09\\\/dif_quijotes.jpg\",\"contentUrl\":\"https:\\\/\\\/www.bbmnoticias.com\\\/labravaradiofm\\\/wp-content\\\/uploads\\\/sites\\\/5\\\/2025\\\/09\\\/dif_quijotes.jpg\",\"width\":800,\"height\":534},{\"@type\":\"BreadcrumbList\",\"@id\":\"https:\\\/\\\/www.bbmnoticias.com\\\/blog\\\/2025\\\/09\\\/02\\\/con-jornada-medica-quijotes-dif-oaxaca-transforma-vidas-de-quienes-lo-necesitan\\\/#breadcrumb\",\"itemListElement\":[{\"@type\":\"ListItem\",\"position\":1,\"name\":\"Inicio\",\"item\":\"https:\\\/\\\/www.bbmnoticias.com\\\/labravaradiofm\\\/\"},{\"@type\":\"ListItem\",\"position\":2,\"name\":\"Con Jornada M\u00e9dica Quijotes, DIF Oaxaca transforma vidas de quienes lo necesitan\"}]},{\"@type\":\"WebSite\",\"@id\":\"https:\\\/\\\/www.bbmnoticias.com\\\/labravaradiofm\\\/#website\",\"url\":\"https:\\\/\\\/www.bbmnoticias.com\\\/labravaradiofm\\\/\",\"name\":\"LA BRAVA RADIO\",\"description\":\"Empresa productora de medios, Radiodifusi\u00f3n, Noticias, tendencias y todo lo que necesitas saber de la pol\u00edtica mexicana e internacional; entretenimiento, espect\u00e1culos, salud y mucho m\u00e1s.\",\"potentialAction\":[{\"@type\":\"SearchAction\",\"target\":{\"@type\":\"EntryPoint\",\"urlTemplate\":\"https:\\\/\\\/www.bbmnoticias.com\\\/labravaradiofm\\\/?s={search_term_string}\"},\"query-input\":{\"@type\":\"PropertyValueSpecification\",\"valueRequired\":true,\"valueName\":\"search_term_string\"}}],\"inLanguage\":\"es\"},{\"@type\":\"Person\",\"@id\":\"https:\\\/\\\/www.bbmnoticias.com\\\/labravaradiofm\\\/#\\\/schema\\\/person\\\/34b139c617a70ea5bef5678bffe4dd7b\",\"name\":\"Staff\",\"image\":{\"@type\":\"ImageObject\",\"inLanguage\":\"es\",\"@id\":\"https:\\\/\\\/secure.gravatar.com\\\/avatar\\\/fdd21ad66fd8b98c407f9dee5b5e588cfe7f0d8579ec20fa6527cd59bab7f0f0?s=96&d=mm&r=g\",\"url\":\"https:\\\/\\\/secure.gravatar.com\\\/avatar\\\/fdd21ad66fd8b98c407f9dee5b5e588cfe7f0d8579ec20fa6527cd59bab7f0f0?s=96&d=mm&r=g\",\"contentUrl\":\"https:\\\/\\\/secure.gravatar.com\\\/avatar\\\/fdd21ad66fd8b98c407f9dee5b5e588cfe7f0d8579ec20fa6527cd59bab7f0f0?s=96&d=mm&r=g\",\"caption\":\"Staff\"},\"url\":\"https:\\\/\\\/www.bbmnoticias.com\\\/labravaradiofm\\\/author\\\/redaccion\\\/\"}]}<\/script>\n<!-- \/ Yoast SEO plugin. -->","yoast_head_json":{"title":"Con Jornada M\u00e9dica Quijotes, DIF Oaxaca transforma vidas de quienes lo necesitan - LA BRAVA RADIO","robots":{"index":"index","follow":"follow","max-snippet":"max-snippet:-1","max-image-preview":"max-image-preview:large","max-video-preview":"max-video-preview:-1"},"canonical":"https:\/\/www.bbmnoticias.com\/blog\/2025\/09\/02\/con-jornada-medica-quijotes-dif-oaxaca-transforma-vidas-de-quienes-lo-necesitan\/","og_locale":"es_MX","og_type":"article","og_title":"Con Jornada M\u00e9dica Quijotes, DIF Oaxaca transforma vidas de quienes lo necesitan - LA BRAVA RADIO","og_description":"Oaxaca de Ju\u00e1rez, Oax.- Como parte de las acciones preventivas y el compromiso con la poblaci\u00f3n, el Sistema Estatal para el Desarrollo Integral de la Familia (DIF) en colaboraci\u00f3n con la asociaci\u00f3n civil Quijotes de San Antonio Texas y Oaxaca, inaugur\u00f3 la Jornada M\u00e9dica Quijotes 2025, que brindar\u00e1 3 mil 800 consultas del 1 al [&hellip;]","og_url":"https:\/\/www.bbmnoticias.com\/blog\/2025\/09\/02\/con-jornada-medica-quijotes-dif-oaxaca-transforma-vidas-de-quienes-lo-necesitan\/","og_site_name":"LA BRAVA RADIO","article_published_time":"2025-09-03T01:43:49+00:00","article_modified_time":"2025-09-03T01:44:11+00:00","og_image":[{"width":800,"height":534,"url":"https:\/\/www.bbmnoticias.com\/labravaradiofm\/wp-content\/uploads\/sites\/5\/2025\/09\/dif_quijotes.jpg","type":"image\/jpeg"}],"author":"Staff","twitter_card":"summary_large_image","twitter_misc":{"Escrito por":"Staff","Tiempo de lectura":"2 minutos"},"schema":{"@context":"https:\/\/schema.org","@graph":[{"@type":"Article","@id":"https:\/\/www.bbmnoticias.com\/blog\/2025\/09\/02\/con-jornada-medica-quijotes-dif-oaxaca-transforma-vidas-de-quienes-lo-necesitan\/#article","isPartOf":{"@id":"https:\/\/www.bbmnoticias.com\/labravaradiofm\/2025\/09\/02\/con-jornada-medica-quijotes-dif-oaxaca-transforma-vidas-de-quienes-lo-necesitan\/"},"author":{"name":"Staff","@id":"https:\/\/www.bbmnoticias.com\/labravaradiofm\/#\/schema\/person\/34b139c617a70ea5bef5678bffe4dd7b"},"headline":"Con Jornada M\u00e9dica Quijotes, DIF Oaxaca transforma vidas de quienes lo necesitan","datePublished":"2025-09-03T01:43:49+00:00","dateModified":"2025-09-03T01:44:11+00:00","mainEntityOfPage":{"@id":"https:\/\/www.bbmnoticias.com\/labravaradiofm\/2025\/09\/02\/con-jornada-medica-quijotes-dif-oaxaca-transforma-vidas-de-quienes-lo-necesitan\/"},"wordCount":496,"image":{"@id":"https:\/\/www.bbmnoticias.com\/blog\/2025\/09\/02\/con-jornada-medica-quijotes-dif-oaxaca-transforma-vidas-de-quienes-lo-necesitan\/#primaryimage"},"thumbnailUrl":"https:\/\/www.bbmnoticias.com\/labravaradiofm\/wp-content\/uploads\/sites\/5\/2025\/09\/dif_quijotes.jpg","articleSection":["LOCAL"],"inLanguage":"es"},{"@type":"WebPage","@id":"https:\/\/www.bbmnoticias.com\/labravaradiofm\/2025\/09\/02\/con-jornada-medica-quijotes-dif-oaxaca-transforma-vidas-de-quienes-lo-necesitan\/","url":"https:\/\/www.bbmnoticias.com\/blog\/2025\/09\/02\/con-jornada-medica-quijotes-dif-oaxaca-transforma-vidas-de-quienes-lo-necesitan\/","name":"Con Jornada M\u00e9dica Quijotes, DIF Oaxaca transforma vidas de quienes lo necesitan - LA BRAVA RADIO","isPartOf":{"@id":"https:\/\/www.bbmnoticias.com\/labravaradiofm\/#website"},"primaryImageOfPage":{"@id":"https:\/\/www.bbmnoticias.com\/blog\/2025\/09\/02\/con-jornada-medica-quijotes-dif-oaxaca-transforma-vidas-de-quienes-lo-necesitan\/#primaryimage"},"image":{"@id":"https:\/\/www.bbmnoticias.com\/blog\/2025\/09\/02\/con-jornada-medica-quijotes-dif-oaxaca-transforma-vidas-de-quienes-lo-necesitan\/#primaryimage"},"thumbnailUrl":"https:\/\/www.bbmnoticias.com\/labravaradiofm\/wp-content\/uploads\/sites\/5\/2025\/09\/dif_quijotes.jpg","datePublished":"2025-09-03T01:43:49+00:00","dateModified":"2025-09-03T01:44:11+00:00","author":{"@id":"https:\/\/www.bbmnoticias.com\/labravaradiofm\/#\/schema\/person\/34b139c617a70ea5bef5678bffe4dd7b"},"breadcrumb":{"@id":"https:\/\/www.bbmnoticias.com\/blog\/2025\/09\/02\/con-jornada-medica-quijotes-dif-oaxaca-transforma-vidas-de-quienes-lo-necesitan\/#breadcrumb"},"inLanguage":"es","potentialAction":[{"@type":"ReadAction","target":["https:\/\/www.bbmnoticias.com\/blog\/2025\/09\/02\/con-jornada-medica-quijotes-dif-oaxaca-transforma-vidas-de-quienes-lo-necesitan\/"]}]},{"@type":"ImageObject","inLanguage":"es","@id":"https:\/\/www.bbmnoticias.com\/blog\/2025\/09\/02\/con-jornada-medica-quijotes-dif-oaxaca-transforma-vidas-de-quienes-lo-necesitan\/#primaryimage","url":"https:\/\/www.bbmnoticias.com\/labravaradiofm\/wp-content\/uploads\/sites\/5\/2025\/09\/dif_quijotes.jpg","contentUrl":"https:\/\/www.bbmnoticias.com\/labravaradiofm\/wp-content\/uploads\/sites\/5\/2025\/09\/dif_quijotes.jpg","width":800,"height":534},{"@type":"BreadcrumbList","@id":"https:\/\/www.bbmnoticias.com\/blog\/2025\/09\/02\/con-jornada-medica-quijotes-dif-oaxaca-transforma-vidas-de-quienes-lo-necesitan\/#breadcrumb","itemListElement":[{"@type":"ListItem","position":1,"name":"Inicio","item":"https:\/\/www.bbmnoticias.com\/labravaradiofm\/"},{"@type":"ListItem","position":2,"name":"Con Jornada M\u00e9dica Quijotes, DIF Oaxaca transforma vidas de quienes lo necesitan"}]},{"@type":"WebSite","@id":"https:\/\/www.bbmnoticias.com\/labravaradiofm\/#website","url":"https:\/\/www.bbmnoticias.com\/labravaradiofm\/","name":"LA BRAVA RADIO","description":"Empresa productora de medios, Radiodifusi\u00f3n, Noticias, tendencias y todo lo que necesitas saber de la pol\u00edtica mexicana e internacional; entretenimiento, espect\u00e1culos, salud y mucho m\u00e1s.","potentialAction":[{"@type":"SearchAction","target":{"@type":"EntryPoint","urlTemplate":"https:\/\/www.bbmnoticias.com\/labravaradiofm\/?s={search_term_string}"},"query-input":{"@type":"PropertyValueSpecification","valueRequired":true,"valueName":"search_term_string"}}],"inLanguage":"es"},{"@type":"Person","@id":"https:\/\/www.bbmnoticias.com\/labravaradiofm\/#\/schema\/person\/34b139c617a70ea5bef5678bffe4dd7b","name":"Staff","image":{"@type":"ImageObject","inLanguage":"es","@id":"https:\/\/secure.gravatar.com\/avatar\/fdd21ad66fd8b98c407f9dee5b5e588cfe7f0d8579ec20fa6527cd59bab7f0f0?s=96&d=mm&r=g","url":"https:\/\/secure.gravatar.com\/avatar\/fdd21ad66fd8b98c407f9dee5b5e588cfe7f0d8579ec20fa6527cd59bab7f0f0?s=96&d=mm&r=g","contentUrl":"https:\/\/secure.gravatar.com\/avatar\/fdd21ad66fd8b98c407f9dee5b5e588cfe7f0d8579ec20fa6527cd59bab7f0f0?s=96&d=mm&r=g","caption":"Staff"},"url":"https:\/\/www.bbmnoticias.com\/labravaradiofm\/author\/redaccion\/"}]}},"_links":{"self":[{"href":"https:\/\/www.bbmnoticias.com\/labravaradiofm\/wp-json\/wp\/v2\/posts\/66000","targetHints":{"allow":["GET"]}}],"collection":[{"href":"https:\/\/www.bbmnoticias.com\/labravaradiofm\/wp-json\/wp\/v2\/posts"}],"about":[{"href":"https:\/\/www.bbmnoticias.com\/labravaradiofm\/wp-json\/wp\/v2\/types\/post"}],"author":[{"embeddable":true,"href":"https:\/\/www.bbmnoticias.com\/labravaradiofm\/wp-json\/wp\/v2\/users\/2"}],"replies":[{"embeddable":true,"href":"https:\/\/www.bbmnoticias.com\/labravaradiofm\/wp-json\/wp\/v2\/comments?post=66000"}],"version-history":[{"count":0,"href":"https:\/\/www.bbmnoticias.com\/labravaradiofm\/wp-json\/wp\/v2\/posts\/66000\/revisions"}],"wp:featuredmedia":[{"embeddable":true,"href":"https:\/\/www.bbmnoticias.com\/labravaradiofm\/wp-json\/wp\/v2\/media\/66002"}],"wp:attachment":[{"href":"https:\/\/www.bbmnoticias.com\/labravaradiofm\/wp-json\/wp\/v2\/media?parent=66000"}],"wp:term":[{"taxonomy":"category","embeddable":true,"href":"https:\/\/www.bbmnoticias.com\/labravaradiofm\/wp-json\/wp\/v2\/categories?post=66000"},{"taxonomy":"post_tag","embeddable":true,"href":"https:\/\/www.bbmnoticias.com\/labravaradiofm\/wp-json\/wp\/v2\/tags?post=66000"}],"curies":[{"name":"wp","href":"https:\/\/api.w.org\/{rel}","templated":true}]}}