{"id":6579,"date":"2021-12-02T16:59:45","date_gmt":"2021-12-02T22:59:45","guid":{"rendered":"https:\/\/www.bbmnoticias.com\/labravaradiofm\/?p=6579"},"modified":"2021-12-02T16:59:46","modified_gmt":"2021-12-02T22:59:46","slug":"reconoce-ieepco-a-juventudes-ganadoras-del-debate-intercultural-y-colectivo-2021","status":"publish","type":"post","link":"https:\/\/www.bbmnoticias.com\/labravaradiofm\/2021\/12\/02\/reconoce-ieepco-a-juventudes-ganadoras-del-debate-intercultural-y-colectivo-2021\/","title":{"rendered":"Reconoce IEEPCO a juventudes ganadoras del Debate Intercultural y Colectivo 2021"},"content":{"rendered":"<div style=\"margin-top: 0px; margin-bottom: 0px;\" class=\"sharethis-inline-share-buttons\" ><\/div>\n<p>Tras una jornada intensa, en la que juventudes de todas las regiones del estado argumentaron sus ideas en torno a la equidad de g\u00e9nero, pueblos originarios e interculturalidad, la consejera electoral, Carmelita Sibaja Ochoa, clausur\u00f3 los trabajos del primer concurso de Debate Intercultural y Colectivo 2021 y reconoci\u00f3 a quienes obtuvieron los primeros lugares.<\/p>\n\n\n\n<p>La actividad fue organizada por la Comisi\u00f3n Permanente de Educaci\u00f3n C\u00edvica y Participaci\u00f3n Ciudadana del IEEPCO, presidida por Sibaja Ochoa e integrada por sus colegas Zaira Alhel\u00ed Hip\u00f3lito L\u00f3pez y Alejandro Carrasco Sampedro, quienes tambi\u00e9n encabezaron el acto protocolario.<\/p>\n\n\n\n<p>Lo anterior en coordinaci\u00f3n con el Instituto Mexicano de la Juventud (IMJUVE), y la Comisi\u00f3n de Debate Intercultural del Consejo Ciudadano de Seguimiento de Pol\u00edticas P\u00fablicas en Materia de Juventud (CONSEPP), y con el objetivo principal de fomentar la participaci\u00f3n de las juventudes.<\/p>\n\n\n\n<p>En el evento se cont\u00f3 con la presencia de la consejera electoral, Nayma Enr\u00edquez Estrada, adem\u00e1s del jurado calificador integrado por Jarumi Esmeralda M\u00e9ndez Reyes, Moises Molina Reyes, Alexander P\u00e9rez Carrera, Carlos Deimos Aguilar Pazos, a quienes les entregaron el reconocimiento respectivo.<\/p>\n\n\n\n<p>Como parte de la bienvenida, la consejera electoral, Carmelita Sibaja Ochoa, manifest\u00f3 su gusto por la realizaci\u00f3n de un evento que fomente la participaci\u00f3n de las juventudes oaxaque\u00f1as, adem\u00e1s que reconoci\u00f3 la organizaci\u00f3n del mismo realizada por su colega la consejera electoral, Zaira Alhel\u00ed Hip\u00f3lito L\u00f3pez, quien presidi\u00f3 previamente la comisi\u00f3n de Educaci\u00f3n C\u00edvica y Participaci\u00f3n Ciudadana.<\/p>\n\n\n\n<p>En este mismo sentido, asegur\u00f3 que el \u00f3rgano electoral mantiene un compromiso con la participaci\u00f3n ciudadana, misma que promueve desde temprana edad con quienes en un futuro construir\u00e1n la democracia de nuestro estado y pa\u00eds, por lo que agradeci\u00f3 la participaci\u00f3n de todas y todos.<\/p>\n\n\n\n<p>Las consejeras y consejero electoral presente hicieron entrega de los reconocimientos a Lizeth Serrano S\u00e1nchez, Alejandro Miguel P\u00e9rez P\u00e9rez y Alejandro Demian Andres Z\u00e1rate, por haber obtenido el primero, segundo y tercer lugar, respectivamente, dentro de la categor\u00eda A, de 12 a 15 a\u00f1os.<\/p>\n\n\n\n<p>En la categor\u00eda B, de 16 a 19 a\u00f1os, Mar\u00eda Isabel Robles P\u00e9rez, Xieca Galilea Barcenas Mancera y Alfredo Mauricio Acevedo Gonz\u00e1lez, tambi\u00e9n recibieron el diploma por haber obtenido los tres primeros puestos.<\/p>\n\n\n\n<p>Mientras que, en la categor\u00eda C, de 20 a 24 a\u00f1os, los reconocimientos fueron para Sara Zenaida Clavel Guzm\u00e1n, Jos\u00e9 \u00c1ngel Sanjuan V\u00e1squez y Diana Silva Caballero.<\/p>\n\n\n\n<p>En la categor\u00eda D, de 25 a 29 a\u00f1os, Jos\u00e9 Antonio Zarate Ramos, Carlos El\u00ed Cruz Mendoza y Raquel Garc\u00eda Velasco, recibieron su constancia de participaci\u00f3n que les acredita la obtenci\u00f3n de los tres primeros lugares.<\/p>\n\n\n\n<p>Finalmente, la menci\u00f3n especial fue para Meryland Ortiz Pastor, quien particip\u00f3 en la categor\u00eda B; as\u00ed como Juan Josue Jim\u00e9nez Celis, en la categor\u00eda C, quienes obtuvieron el cuarto lugar.<\/p>\n","protected":false},"excerpt":{"rendered":"<p>Tras una jornada intensa, en la que juventudes de todas las regiones del estado argumentaron sus ideas en torno a la equidad de g\u00e9nero, pueblos originarios e interculturalidad, la consejera electoral, Carmelita Sibaja Ochoa, clausur\u00f3 los trabajos del primer concurso de Debate Intercultural y Colectivo 2021 y reconoci\u00f3 a quienes obtuvieron los primeros lugares. La [&hellip;]<\/p>\n","protected":false},"author":2,"featured_media":6580,"comment_status":"closed","ping_status":"closed","sticky":false,"template":"","format":"standard","meta":{"footnotes":""},"categories":[2],"tags":[],"class_list":{"0":"post-6579","1":"post","2":"type-post","3":"status-publish","4":"format-standard","5":"has-post-thumbnail","7":"category-oaxaca"},"yoast_head":"<!-- This site is optimized with the Yoast SEO plugin v27.4 - https:\/\/yoast.com\/product\/yoast-seo-wordpress\/ -->\n<title>Reconoce IEEPCO a juventudes ganadoras del Debate Intercultural y Colectivo 2021 - LA BRAVA RADIO<\/title>\n<meta name=\"robots\" content=\"index, follow, max-snippet:-1, max-image-preview:large, max-video-preview:-1\" \/>\n<link rel=\"canonical\" href=\"https:\/\/www.bbmnoticias.com\/labravaradiofm\/2021\/12\/02\/reconoce-ieepco-a-juventudes-ganadoras-del-debate-intercultural-y-colectivo-2021\/\" \/>\n<meta property=\"og:locale\" content=\"es_MX\" \/>\n<meta property=\"og:type\" content=\"article\" \/>\n<meta property=\"og:title\" content=\"Reconoce IEEPCO a juventudes ganadoras del Debate Intercultural y Colectivo 2021 - LA BRAVA RADIO\" \/>\n<meta property=\"og:description\" content=\"Tras una jornada intensa, en la que juventudes de todas las regiones del estado argumentaron sus ideas en torno a la equidad de g\u00e9nero, pueblos originarios e interculturalidad, la consejera electoral, Carmelita Sibaja Ochoa, clausur\u00f3 los trabajos del primer concurso de Debate Intercultural y Colectivo 2021 y reconoci\u00f3 a quienes obtuvieron los primeros lugares. La [&hellip;]\" \/>\n<meta property=\"og:url\" content=\"https:\/\/www.bbmnoticias.com\/labravaradiofm\/2021\/12\/02\/reconoce-ieepco-a-juventudes-ganadoras-del-debate-intercultural-y-colectivo-2021\/\" \/>\n<meta property=\"og:site_name\" content=\"LA BRAVA RADIO\" \/>\n<meta property=\"article:published_time\" content=\"2021-12-02T22:59:45+00:00\" \/>\n<meta property=\"article:modified_time\" content=\"2021-12-02T22:59:46+00:00\" \/>\n<meta property=\"og:image\" content=\"https:\/\/www.bbmnoticias.com\/labravaradiofm\/wp-content\/uploads\/sites\/5\/2021\/12\/51717182912_83bf6efc98_k-1.jpg\" \/>\n\t<meta property=\"og:image:width\" content=\"2048\" \/>\n\t<meta property=\"og:image:height\" content=\"996\" \/>\n\t<meta property=\"og:image:type\" content=\"image\/jpeg\" \/>\n<meta name=\"author\" content=\"Staff\" \/>\n<meta name=\"twitter:card\" content=\"summary_large_image\" \/>\n<meta name=\"twitter:label1\" content=\"Escrito por\" \/>\n\t<meta name=\"twitter:data1\" content=\"Staff\" \/>\n\t<meta name=\"twitter:label2\" content=\"Tiempo de lectura\" \/>\n\t<meta name=\"twitter:data2\" content=\"2 minutos\" \/>\n<script type=\"application\/ld+json\" class=\"yoast-schema-graph\">{\"@context\":\"https:\\\/\\\/schema.org\",\"@graph\":[{\"@type\":\"Article\",\"@id\":\"https:\\\/\\\/www.bbmnoticias.com\\\/labravaradiofm\\\/2021\\\/12\\\/02\\\/reconoce-ieepco-a-juventudes-ganadoras-del-debate-intercultural-y-colectivo-2021\\\/#article\",\"isPartOf\":{\"@id\":\"https:\\\/\\\/www.bbmnoticias.com\\\/labravaradiofm\\\/2021\\\/12\\\/02\\\/reconoce-ieepco-a-juventudes-ganadoras-del-debate-intercultural-y-colectivo-2021\\\/\"},\"author\":{\"name\":\"Staff\",\"@id\":\"https:\\\/\\\/www.bbmnoticias.com\\\/labravaradiofm\\\/#\\\/schema\\\/person\\\/68a9e9036ef3c5b55aeb2b71dc8bab45\"},\"headline\":\"Reconoce IEEPCO a juventudes ganadoras del Debate Intercultural y Colectivo 2021\",\"datePublished\":\"2021-12-02T22:59:45+00:00\",\"dateModified\":\"2021-12-02T22:59:46+00:00\",\"mainEntityOfPage\":{\"@id\":\"https:\\\/\\\/www.bbmnoticias.com\\\/labravaradiofm\\\/2021\\\/12\\\/02\\\/reconoce-ieepco-a-juventudes-ganadoras-del-debate-intercultural-y-colectivo-2021\\\/\"},\"wordCount\":508,\"image\":{\"@id\":\"https:\\\/\\\/www.bbmnoticias.com\\\/labravaradiofm\\\/2021\\\/12\\\/02\\\/reconoce-ieepco-a-juventudes-ganadoras-del-debate-intercultural-y-colectivo-2021\\\/#primaryimage\"},\"thumbnailUrl\":\"https:\\\/\\\/www.bbmnoticias.com\\\/labravaradiofm\\\/wp-content\\\/uploads\\\/sites\\\/5\\\/2021\\\/12\\\/51717182912_83bf6efc98_k-1.jpg\",\"articleSection\":[\"LOCAL\"],\"inLanguage\":\"es\"},{\"@type\":\"WebPage\",\"@id\":\"https:\\\/\\\/www.bbmnoticias.com\\\/labravaradiofm\\\/2021\\\/12\\\/02\\\/reconoce-ieepco-a-juventudes-ganadoras-del-debate-intercultural-y-colectivo-2021\\\/\",\"url\":\"https:\\\/\\\/www.bbmnoticias.com\\\/labravaradiofm\\\/2021\\\/12\\\/02\\\/reconoce-ieepco-a-juventudes-ganadoras-del-debate-intercultural-y-colectivo-2021\\\/\",\"name\":\"Reconoce IEEPCO a juventudes ganadoras del Debate Intercultural y Colectivo 2021 - LA BRAVA RADIO\",\"isPartOf\":{\"@id\":\"https:\\\/\\\/www.bbmnoticias.com\\\/labravaradiofm\\\/#website\"},\"primaryImageOfPage\":{\"@id\":\"https:\\\/\\\/www.bbmnoticias.com\\\/labravaradiofm\\\/2021\\\/12\\\/02\\\/reconoce-ieepco-a-juventudes-ganadoras-del-debate-intercultural-y-colectivo-2021\\\/#primaryimage\"},\"image\":{\"@id\":\"https:\\\/\\\/www.bbmnoticias.com\\\/labravaradiofm\\\/2021\\\/12\\\/02\\\/reconoce-ieepco-a-juventudes-ganadoras-del-debate-intercultural-y-colectivo-2021\\\/#primaryimage\"},\"thumbnailUrl\":\"https:\\\/\\\/www.bbmnoticias.com\\\/labravaradiofm\\\/wp-content\\\/uploads\\\/sites\\\/5\\\/2021\\\/12\\\/51717182912_83bf6efc98_k-1.jpg\",\"datePublished\":\"2021-12-02T22:59:45+00:00\",\"dateModified\":\"2021-12-02T22:59:46+00:00\",\"author\":{\"@id\":\"https:\\\/\\\/www.bbmnoticias.com\\\/labravaradiofm\\\/#\\\/schema\\\/person\\\/68a9e9036ef3c5b55aeb2b71dc8bab45\"},\"breadcrumb\":{\"@id\":\"https:\\\/\\\/www.bbmnoticias.com\\\/labravaradiofm\\\/2021\\\/12\\\/02\\\/reconoce-ieepco-a-juventudes-ganadoras-del-debate-intercultural-y-colectivo-2021\\\/#breadcrumb\"},\"inLanguage\":\"es\",\"potentialAction\":[{\"@type\":\"ReadAction\",\"target\":[\"https:\\\/\\\/www.bbmnoticias.com\\\/labravaradiofm\\\/2021\\\/12\\\/02\\\/reconoce-ieepco-a-juventudes-ganadoras-del-debate-intercultural-y-colectivo-2021\\\/\"]}]},{\"@type\":\"ImageObject\",\"inLanguage\":\"es\",\"@id\":\"https:\\\/\\\/www.bbmnoticias.com\\\/labravaradiofm\\\/2021\\\/12\\\/02\\\/reconoce-ieepco-a-juventudes-ganadoras-del-debate-intercultural-y-colectivo-2021\\\/#primaryimage\",\"url\":\"https:\\\/\\\/www.bbmnoticias.com\\\/labravaradiofm\\\/wp-content\\\/uploads\\\/sites\\\/5\\\/2021\\\/12\\\/51717182912_83bf6efc98_k-1.jpg\",\"contentUrl\":\"https:\\\/\\\/www.bbmnoticias.com\\\/labravaradiofm\\\/wp-content\\\/uploads\\\/sites\\\/5\\\/2021\\\/12\\\/51717182912_83bf6efc98_k-1.jpg\",\"width\":2048,\"height\":996},{\"@type\":\"BreadcrumbList\",\"@id\":\"https:\\\/\\\/www.bbmnoticias.com\\\/labravaradiofm\\\/2021\\\/12\\\/02\\\/reconoce-ieepco-a-juventudes-ganadoras-del-debate-intercultural-y-colectivo-2021\\\/#breadcrumb\",\"itemListElement\":[{\"@type\":\"ListItem\",\"position\":1,\"name\":\"Inicio\",\"item\":\"https:\\\/\\\/www.bbmnoticias.com\\\/labravaradiofm\\\/\"},{\"@type\":\"ListItem\",\"position\":2,\"name\":\"Reconoce IEEPCO a juventudes ganadoras del Debate Intercultural y Colectivo 2021\"}]},{\"@type\":\"WebSite\",\"@id\":\"https:\\\/\\\/www.bbmnoticias.com\\\/labravaradiofm\\\/#website\",\"url\":\"https:\\\/\\\/www.bbmnoticias.com\\\/labravaradiofm\\\/\",\"name\":\"LA BRAVA RADIO\",\"description\":\"Empresa productora de medios, Radiodifusi\u00f3n, Noticias, tendencias y todo lo que necesitas saber de la pol\u00edtica mexicana e internacional; entretenimiento, espect\u00e1culos, salud y mucho m\u00e1s.\",\"potentialAction\":[{\"@type\":\"SearchAction\",\"target\":{\"@type\":\"EntryPoint\",\"urlTemplate\":\"https:\\\/\\\/www.bbmnoticias.com\\\/labravaradiofm\\\/?s={search_term_string}\"},\"query-input\":{\"@type\":\"PropertyValueSpecification\",\"valueRequired\":true,\"valueName\":\"search_term_string\"}}],\"inLanguage\":\"es\"},{\"@type\":\"Person\",\"@id\":\"https:\\\/\\\/www.bbmnoticias.com\\\/labravaradiofm\\\/#\\\/schema\\\/person\\\/68a9e9036ef3c5b55aeb2b71dc8bab45\",\"name\":\"Staff\",\"image\":{\"@type\":\"ImageObject\",\"inLanguage\":\"es\",\"@id\":\"https:\\\/\\\/secure.gravatar.com\\\/avatar\\\/fdd21ad66fd8b98c407f9dee5b5e588cfe7f0d8579ec20fa6527cd59bab7f0f0?s=96&d=mm&r=g\",\"url\":\"https:\\\/\\\/secure.gravatar.com\\\/avatar\\\/fdd21ad66fd8b98c407f9dee5b5e588cfe7f0d8579ec20fa6527cd59bab7f0f0?s=96&d=mm&r=g\",\"contentUrl\":\"https:\\\/\\\/secure.gravatar.com\\\/avatar\\\/fdd21ad66fd8b98c407f9dee5b5e588cfe7f0d8579ec20fa6527cd59bab7f0f0?s=96&d=mm&r=g\",\"caption\":\"Staff\"},\"url\":\"https:\\\/\\\/www.bbmnoticias.com\\\/labravaradiofm\\\/author\\\/redaccion\\\/\"}]}<\/script>\n<!-- \/ Yoast SEO plugin. -->","yoast_head_json":{"title":"Reconoce IEEPCO a juventudes ganadoras del Debate Intercultural y Colectivo 2021 - LA BRAVA RADIO","robots":{"index":"index","follow":"follow","max-snippet":"max-snippet:-1","max-image-preview":"max-image-preview:large","max-video-preview":"max-video-preview:-1"},"canonical":"https:\/\/www.bbmnoticias.com\/labravaradiofm\/2021\/12\/02\/reconoce-ieepco-a-juventudes-ganadoras-del-debate-intercultural-y-colectivo-2021\/","og_locale":"es_MX","og_type":"article","og_title":"Reconoce IEEPCO a juventudes ganadoras del Debate Intercultural y Colectivo 2021 - LA BRAVA RADIO","og_description":"Tras una jornada intensa, en la que juventudes de todas las regiones del estado argumentaron sus ideas en torno a la equidad de g\u00e9nero, pueblos originarios e interculturalidad, la consejera electoral, Carmelita Sibaja Ochoa, clausur\u00f3 los trabajos del primer concurso de Debate Intercultural y Colectivo 2021 y reconoci\u00f3 a quienes obtuvieron los primeros lugares. La [&hellip;]","og_url":"https:\/\/www.bbmnoticias.com\/labravaradiofm\/2021\/12\/02\/reconoce-ieepco-a-juventudes-ganadoras-del-debate-intercultural-y-colectivo-2021\/","og_site_name":"LA BRAVA RADIO","article_published_time":"2021-12-02T22:59:45+00:00","article_modified_time":"2021-12-02T22:59:46+00:00","og_image":[{"width":2048,"height":996,"url":"https:\/\/www.bbmnoticias.com\/labravaradiofm\/wp-content\/uploads\/sites\/5\/2021\/12\/51717182912_83bf6efc98_k-1.jpg","type":"image\/jpeg"}],"author":"Staff","twitter_card":"summary_large_image","twitter_misc":{"Escrito por":"Staff","Tiempo de lectura":"2 minutos"},"schema":{"@context":"https:\/\/schema.org","@graph":[{"@type":"Article","@id":"https:\/\/www.bbmnoticias.com\/labravaradiofm\/2021\/12\/02\/reconoce-ieepco-a-juventudes-ganadoras-del-debate-intercultural-y-colectivo-2021\/#article","isPartOf":{"@id":"https:\/\/www.bbmnoticias.com\/labravaradiofm\/2021\/12\/02\/reconoce-ieepco-a-juventudes-ganadoras-del-debate-intercultural-y-colectivo-2021\/"},"author":{"name":"Staff","@id":"https:\/\/www.bbmnoticias.com\/labravaradiofm\/#\/schema\/person\/68a9e9036ef3c5b55aeb2b71dc8bab45"},"headline":"Reconoce IEEPCO a juventudes ganadoras del Debate Intercultural y Colectivo 2021","datePublished":"2021-12-02T22:59:45+00:00","dateModified":"2021-12-02T22:59:46+00:00","mainEntityOfPage":{"@id":"https:\/\/www.bbmnoticias.com\/labravaradiofm\/2021\/12\/02\/reconoce-ieepco-a-juventudes-ganadoras-del-debate-intercultural-y-colectivo-2021\/"},"wordCount":508,"image":{"@id":"https:\/\/www.bbmnoticias.com\/labravaradiofm\/2021\/12\/02\/reconoce-ieepco-a-juventudes-ganadoras-del-debate-intercultural-y-colectivo-2021\/#primaryimage"},"thumbnailUrl":"https:\/\/www.bbmnoticias.com\/labravaradiofm\/wp-content\/uploads\/sites\/5\/2021\/12\/51717182912_83bf6efc98_k-1.jpg","articleSection":["LOCAL"],"inLanguage":"es"},{"@type":"WebPage","@id":"https:\/\/www.bbmnoticias.com\/labravaradiofm\/2021\/12\/02\/reconoce-ieepco-a-juventudes-ganadoras-del-debate-intercultural-y-colectivo-2021\/","url":"https:\/\/www.bbmnoticias.com\/labravaradiofm\/2021\/12\/02\/reconoce-ieepco-a-juventudes-ganadoras-del-debate-intercultural-y-colectivo-2021\/","name":"Reconoce IEEPCO a juventudes ganadoras del Debate Intercultural y Colectivo 2021 - LA BRAVA RADIO","isPartOf":{"@id":"https:\/\/www.bbmnoticias.com\/labravaradiofm\/#website"},"primaryImageOfPage":{"@id":"https:\/\/www.bbmnoticias.com\/labravaradiofm\/2021\/12\/02\/reconoce-ieepco-a-juventudes-ganadoras-del-debate-intercultural-y-colectivo-2021\/#primaryimage"},"image":{"@id":"https:\/\/www.bbmnoticias.com\/labravaradiofm\/2021\/12\/02\/reconoce-ieepco-a-juventudes-ganadoras-del-debate-intercultural-y-colectivo-2021\/#primaryimage"},"thumbnailUrl":"https:\/\/www.bbmnoticias.com\/labravaradiofm\/wp-content\/uploads\/sites\/5\/2021\/12\/51717182912_83bf6efc98_k-1.jpg","datePublished":"2021-12-02T22:59:45+00:00","dateModified":"2021-12-02T22:59:46+00:00","author":{"@id":"https:\/\/www.bbmnoticias.com\/labravaradiofm\/#\/schema\/person\/68a9e9036ef3c5b55aeb2b71dc8bab45"},"breadcrumb":{"@id":"https:\/\/www.bbmnoticias.com\/labravaradiofm\/2021\/12\/02\/reconoce-ieepco-a-juventudes-ganadoras-del-debate-intercultural-y-colectivo-2021\/#breadcrumb"},"inLanguage":"es","potentialAction":[{"@type":"ReadAction","target":["https:\/\/www.bbmnoticias.com\/labravaradiofm\/2021\/12\/02\/reconoce-ieepco-a-juventudes-ganadoras-del-debate-intercultural-y-colectivo-2021\/"]}]},{"@type":"ImageObject","inLanguage":"es","@id":"https:\/\/www.bbmnoticias.com\/labravaradiofm\/2021\/12\/02\/reconoce-ieepco-a-juventudes-ganadoras-del-debate-intercultural-y-colectivo-2021\/#primaryimage","url":"https:\/\/www.bbmnoticias.com\/labravaradiofm\/wp-content\/uploads\/sites\/5\/2021\/12\/51717182912_83bf6efc98_k-1.jpg","contentUrl":"https:\/\/www.bbmnoticias.com\/labravaradiofm\/wp-content\/uploads\/sites\/5\/2021\/12\/51717182912_83bf6efc98_k-1.jpg","width":2048,"height":996},{"@type":"BreadcrumbList","@id":"https:\/\/www.bbmnoticias.com\/labravaradiofm\/2021\/12\/02\/reconoce-ieepco-a-juventudes-ganadoras-del-debate-intercultural-y-colectivo-2021\/#breadcrumb","itemListElement":[{"@type":"ListItem","position":1,"name":"Inicio","item":"https:\/\/www.bbmnoticias.com\/labravaradiofm\/"},{"@type":"ListItem","position":2,"name":"Reconoce IEEPCO a juventudes ganadoras del Debate Intercultural y Colectivo 2021"}]},{"@type":"WebSite","@id":"https:\/\/www.bbmnoticias.com\/labravaradiofm\/#website","url":"https:\/\/www.bbmnoticias.com\/labravaradiofm\/","name":"LA BRAVA RADIO","description":"Empresa productora de medios, Radiodifusi\u00f3n, Noticias, tendencias y todo lo que necesitas saber de la pol\u00edtica mexicana e internacional; entretenimiento, espect\u00e1culos, salud y mucho m\u00e1s.","potentialAction":[{"@type":"SearchAction","target":{"@type":"EntryPoint","urlTemplate":"https:\/\/www.bbmnoticias.com\/labravaradiofm\/?s={search_term_string}"},"query-input":{"@type":"PropertyValueSpecification","valueRequired":true,"valueName":"search_term_string"}}],"inLanguage":"es"},{"@type":"Person","@id":"https:\/\/www.bbmnoticias.com\/labravaradiofm\/#\/schema\/person\/68a9e9036ef3c5b55aeb2b71dc8bab45","name":"Staff","image":{"@type":"ImageObject","inLanguage":"es","@id":"https:\/\/secure.gravatar.com\/avatar\/fdd21ad66fd8b98c407f9dee5b5e588cfe7f0d8579ec20fa6527cd59bab7f0f0?s=96&d=mm&r=g","url":"https:\/\/secure.gravatar.com\/avatar\/fdd21ad66fd8b98c407f9dee5b5e588cfe7f0d8579ec20fa6527cd59bab7f0f0?s=96&d=mm&r=g","contentUrl":"https:\/\/secure.gravatar.com\/avatar\/fdd21ad66fd8b98c407f9dee5b5e588cfe7f0d8579ec20fa6527cd59bab7f0f0?s=96&d=mm&r=g","caption":"Staff"},"url":"https:\/\/www.bbmnoticias.com\/labravaradiofm\/author\/redaccion\/"}]}},"_links":{"self":[{"href":"https:\/\/www.bbmnoticias.com\/labravaradiofm\/wp-json\/wp\/v2\/posts\/6579","targetHints":{"allow":["GET"]}}],"collection":[{"href":"https:\/\/www.bbmnoticias.com\/labravaradiofm\/wp-json\/wp\/v2\/posts"}],"about":[{"href":"https:\/\/www.bbmnoticias.com\/labravaradiofm\/wp-json\/wp\/v2\/types\/post"}],"author":[{"embeddable":true,"href":"https:\/\/www.bbmnoticias.com\/labravaradiofm\/wp-json\/wp\/v2\/users\/2"}],"replies":[{"embeddable":true,"href":"https:\/\/www.bbmnoticias.com\/labravaradiofm\/wp-json\/wp\/v2\/comments?post=6579"}],"version-history":[{"count":0,"href":"https:\/\/www.bbmnoticias.com\/labravaradiofm\/wp-json\/wp\/v2\/posts\/6579\/revisions"}],"wp:featuredmedia":[{"embeddable":true,"href":"https:\/\/www.bbmnoticias.com\/labravaradiofm\/wp-json\/wp\/v2\/media\/6580"}],"wp:attachment":[{"href":"https:\/\/www.bbmnoticias.com\/labravaradiofm\/wp-json\/wp\/v2\/media?parent=6579"}],"wp:term":[{"taxonomy":"category","embeddable":true,"href":"https:\/\/www.bbmnoticias.com\/labravaradiofm\/wp-json\/wp\/v2\/categories?post=6579"},{"taxonomy":"post_tag","embeddable":true,"href":"https:\/\/www.bbmnoticias.com\/labravaradiofm\/wp-json\/wp\/v2\/tags?post=6579"}],"curies":[{"name":"wp","href":"https:\/\/api.w.org\/{rel}","templated":true}]}}