{"id":6570,"date":"2021-12-02T15:55:22","date_gmt":"2021-12-02T21:55:22","guid":{"rendered":"https:\/\/www.bbmnoticias.com\/labravaradiofm\/?p=6570"},"modified":"2021-12-02T15:55:23","modified_gmt":"2021-12-02T21:55:23","slug":"oaxaca-sede-del-cuarto-encuentro-nacional-de-enlaces-banavim","status":"publish","type":"post","link":"https:\/\/www.bbmnoticias.com\/labravaradiofm\/2021\/12\/02\/oaxaca-sede-del-cuarto-encuentro-nacional-de-enlaces-banavim\/","title":{"rendered":"Oaxaca, sede del Cuarto Encuentro Nacional de Enlaces Banavim"},"content":{"rendered":"<div style=\"margin-top: 0px; margin-bottom: 0px;\" class=\"sharethis-inline-share-buttons\" ><\/div>\n<p><strong>Oaxaca de Ju\u00e1rez, Oax.-<\/strong> La Secretar\u00eda de Seguridad P\u00fablica Oaxaca (SSPO), a trav\u00e9s del Centro de Reeducaci\u00f3n para Hombres que ejercen violencia contra las mujeres (Crehvm), dio inicio con las actividades del Cuarto Encuentro Nacional de Enlaces del Banco Nacional de Datos e Informaci\u00f3n sobre casos de violencia contra las mujeres (Banavim).<\/p>\n\n\n\n<p>En este encuentro se contar\u00e1 con la participaci\u00f3n de representantes de instituciones; as\u00ed como de los estados Colima, Durango, Guanajuato, Guerrero, Ciudad de M\u00e9xico, Michoac\u00e1n, Morelos Nayarit, Nuevo Le\u00f3n, Coahuila, Chihuahua, Campeche, Hidalgo, Jalisco, Baja California Sur, Veracruz, Tlaxcala, Zacatecas, Quintana Roo, Sinaloa, Puebla, Quer\u00e9taro, Tamaulipas y Oaxaca, quienes expondr\u00e1n sus experiencias y coordinar\u00e1n acciones para el fortalecimiento de la prevenci\u00f3n y erradicaci\u00f3n de la violencia de g\u00e9nero.<\/p>\n\n\n\n<p>Durante su participaci\u00f3n, la encargada de despacho de la SSPO, Dalia Ba\u00f1os Noyola, se\u00f1al\u00f3 que para el gobernador Alejandro Murat Hinojosa, la equidad de g\u00e9nero es una prioridad que ha sido plasmada como una pol\u00edtica transversal, de primer orden.<\/p>\n\n\n\n<p><\/p>\n\n\n\n<figure class=\"wp-block-image size-full\"><img loading=\"lazy\" decoding=\"async\" width=\"1024\" height=\"669\" src=\"https:\/\/www.bbmnoticias.com\/labravaradiofm\/wp-content\/uploads\/sites\/5\/2021\/12\/banavim-oaxaca-2.jpeg\" alt=\"\" class=\"wp-image-6572\" srcset=\"https:\/\/www.bbmnoticias.com\/labravaradiofm\/wp-content\/uploads\/sites\/5\/2021\/12\/banavim-oaxaca-2.jpeg 1024w, https:\/\/www.bbmnoticias.com\/labravaradiofm\/wp-content\/uploads\/sites\/5\/2021\/12\/banavim-oaxaca-2-300x196.jpeg 300w, https:\/\/www.bbmnoticias.com\/labravaradiofm\/wp-content\/uploads\/sites\/5\/2021\/12\/banavim-oaxaca-2-768x502.jpeg 768w, https:\/\/www.bbmnoticias.com\/labravaradiofm\/wp-content\/uploads\/sites\/5\/2021\/12\/banavim-oaxaca-2-643x420.jpeg 643w, https:\/\/www.bbmnoticias.com\/labravaradiofm\/wp-content\/uploads\/sites\/5\/2021\/12\/banavim-oaxaca-2-640x418.jpeg 640w, https:\/\/www.bbmnoticias.com\/labravaradiofm\/wp-content\/uploads\/sites\/5\/2021\/12\/banavim-oaxaca-2-681x445.jpeg 681w\" sizes=\"auto, (max-width: 1024px) 100vw, 1024px\" \/><\/figure>\n\n\n\n<p>El Banavim es una herramienta tecnol\u00f3gica que contiene informaci\u00f3n \u00fanica, estad\u00edsticas y datos que reflejan las violencias que viven las mujeres en el plano nacional y local; por lo cual, permite tener un panorama real sobre sus causas y consecuencias, de modo que estos registros sirvan de referencia para la formulaci\u00f3n, supervisi\u00f3n y evaluaci\u00f3n de leyes, pol\u00edticas p\u00fablicas y programas tanto en el \u00e1mbito p\u00fablico como en el privado.<\/p>\n\n\n\n<p>En este encuentro estuvo presente la Comisionada Nacional para Prevenir y Erradicar la Violencia contra las Mujeres, Mar\u00eda Fabiola Alan\u00eds S\u00e1mano; el delegado federal de la Secretar\u00eda de Gobernaci\u00f3n en Oaxaca, Jos\u00e9 Carlos Fuentes Ordaz; la coordinadora de Estudios e Investigaciones para la Erradicaci\u00f3n de la Violencia de la Conavim, Evelyn Trasvi\u00f1a L\u00f3pez.<\/p>\n\n\n\n<p>Asimismo, la directora general de Planeaci\u00f3n y Evaluaci\u00f3n de Inmujeres, Celia Aguilar Sati\u00e9n, la secretaria t\u00e9cnica de la Coordinaci\u00f3n Territorial para la Construcci\u00f3n de la Paz, Karina Bar\u00f3n Ortiz; al igual que representantes del gobierno estatal.<\/p>\n","protected":false},"excerpt":{"rendered":"<p>Oaxaca de Ju\u00e1rez, Oax.- La Secretar\u00eda de Seguridad P\u00fablica Oaxaca (SSPO), a trav\u00e9s del Centro de Reeducaci\u00f3n para Hombres que ejercen violencia contra las mujeres (Crehvm), dio inicio con las actividades del Cuarto Encuentro Nacional de Enlaces del Banco Nacional de Datos e Informaci\u00f3n sobre casos de violencia contra las mujeres (Banavim). En este encuentro [&hellip;]<\/p>\n","protected":false},"author":2,"featured_media":6571,"comment_status":"closed","ping_status":"closed","sticky":false,"template":"","format":"standard","meta":{"footnotes":""},"categories":[2],"tags":[],"class_list":{"0":"post-6570","1":"post","2":"type-post","3":"status-publish","4":"format-standard","5":"has-post-thumbnail","7":"category-oaxaca"},"yoast_head":"<!-- This site is optimized with the Yoast SEO plugin v27.4 - https:\/\/yoast.com\/product\/yoast-seo-wordpress\/ -->\n<title>Oaxaca, sede del Cuarto Encuentro Nacional de Enlaces Banavim - LA BRAVA RADIO<\/title>\n<meta name=\"robots\" content=\"index, follow, max-snippet:-1, max-image-preview:large, max-video-preview:-1\" \/>\n<link rel=\"canonical\" href=\"https:\/\/www.bbmnoticias.com\/labravaradiofm\/2021\/12\/02\/oaxaca-sede-del-cuarto-encuentro-nacional-de-enlaces-banavim\/\" \/>\n<meta property=\"og:locale\" content=\"es_MX\" \/>\n<meta property=\"og:type\" content=\"article\" \/>\n<meta property=\"og:title\" content=\"Oaxaca, sede del Cuarto Encuentro Nacional de Enlaces Banavim - LA BRAVA RADIO\" \/>\n<meta property=\"og:description\" content=\"Oaxaca de Ju\u00e1rez, Oax.- La Secretar\u00eda de Seguridad P\u00fablica Oaxaca (SSPO), a trav\u00e9s del Centro de Reeducaci\u00f3n para Hombres que ejercen violencia contra las mujeres (Crehvm), dio inicio con las actividades del Cuarto Encuentro Nacional de Enlaces del Banco Nacional de Datos e Informaci\u00f3n sobre casos de violencia contra las mujeres (Banavim). En este encuentro [&hellip;]\" \/>\n<meta property=\"og:url\" content=\"https:\/\/www.bbmnoticias.com\/labravaradiofm\/2021\/12\/02\/oaxaca-sede-del-cuarto-encuentro-nacional-de-enlaces-banavim\/\" \/>\n<meta property=\"og:site_name\" content=\"LA BRAVA RADIO\" \/>\n<meta property=\"article:published_time\" content=\"2021-12-02T21:55:22+00:00\" \/>\n<meta property=\"article:modified_time\" content=\"2021-12-02T21:55:23+00:00\" \/>\n<meta property=\"og:image\" content=\"https:\/\/www.bbmnoticias.com\/labravaradiofm\/wp-content\/uploads\/sites\/5\/2021\/12\/banavim-oaxaca.jpeg\" \/>\n\t<meta property=\"og:image:width\" content=\"1010\" \/>\n\t<meta property=\"og:image:height\" content=\"542\" \/>\n\t<meta property=\"og:image:type\" content=\"image\/jpeg\" \/>\n<meta name=\"author\" content=\"Staff\" \/>\n<meta name=\"twitter:card\" content=\"summary_large_image\" \/>\n<meta name=\"twitter:label1\" content=\"Escrito por\" \/>\n\t<meta name=\"twitter:data1\" content=\"Staff\" \/>\n\t<meta name=\"twitter:label2\" content=\"Tiempo de lectura\" \/>\n\t<meta name=\"twitter:data2\" content=\"2 minutos\" \/>\n<script type=\"application\/ld+json\" class=\"yoast-schema-graph\">{\"@context\":\"https:\\\/\\\/schema.org\",\"@graph\":[{\"@type\":\"Article\",\"@id\":\"https:\\\/\\\/www.bbmnoticias.com\\\/labravaradiofm\\\/2021\\\/12\\\/02\\\/oaxaca-sede-del-cuarto-encuentro-nacional-de-enlaces-banavim\\\/#article\",\"isPartOf\":{\"@id\":\"https:\\\/\\\/www.bbmnoticias.com\\\/labravaradiofm\\\/2021\\\/12\\\/02\\\/oaxaca-sede-del-cuarto-encuentro-nacional-de-enlaces-banavim\\\/\"},\"author\":{\"name\":\"Staff\",\"@id\":\"https:\\\/\\\/www.bbmnoticias.com\\\/labravaradiofm\\\/#\\\/schema\\\/person\\\/68a9e9036ef3c5b55aeb2b71dc8bab45\"},\"headline\":\"Oaxaca, sede del Cuarto Encuentro Nacional de Enlaces Banavim\",\"datePublished\":\"2021-12-02T21:55:22+00:00\",\"dateModified\":\"2021-12-02T21:55:23+00:00\",\"mainEntityOfPage\":{\"@id\":\"https:\\\/\\\/www.bbmnoticias.com\\\/labravaradiofm\\\/2021\\\/12\\\/02\\\/oaxaca-sede-del-cuarto-encuentro-nacional-de-enlaces-banavim\\\/\"},\"wordCount\":372,\"image\":{\"@id\":\"https:\\\/\\\/www.bbmnoticias.com\\\/labravaradiofm\\\/2021\\\/12\\\/02\\\/oaxaca-sede-del-cuarto-encuentro-nacional-de-enlaces-banavim\\\/#primaryimage\"},\"thumbnailUrl\":\"https:\\\/\\\/www.bbmnoticias.com\\\/labravaradiofm\\\/wp-content\\\/uploads\\\/sites\\\/5\\\/2021\\\/12\\\/banavim-oaxaca.jpeg\",\"articleSection\":[\"LOCAL\"],\"inLanguage\":\"es\"},{\"@type\":\"WebPage\",\"@id\":\"https:\\\/\\\/www.bbmnoticias.com\\\/labravaradiofm\\\/2021\\\/12\\\/02\\\/oaxaca-sede-del-cuarto-encuentro-nacional-de-enlaces-banavim\\\/\",\"url\":\"https:\\\/\\\/www.bbmnoticias.com\\\/labravaradiofm\\\/2021\\\/12\\\/02\\\/oaxaca-sede-del-cuarto-encuentro-nacional-de-enlaces-banavim\\\/\",\"name\":\"Oaxaca, sede del Cuarto Encuentro Nacional de Enlaces Banavim - LA BRAVA RADIO\",\"isPartOf\":{\"@id\":\"https:\\\/\\\/www.bbmnoticias.com\\\/labravaradiofm\\\/#website\"},\"primaryImageOfPage\":{\"@id\":\"https:\\\/\\\/www.bbmnoticias.com\\\/labravaradiofm\\\/2021\\\/12\\\/02\\\/oaxaca-sede-del-cuarto-encuentro-nacional-de-enlaces-banavim\\\/#primaryimage\"},\"image\":{\"@id\":\"https:\\\/\\\/www.bbmnoticias.com\\\/labravaradiofm\\\/2021\\\/12\\\/02\\\/oaxaca-sede-del-cuarto-encuentro-nacional-de-enlaces-banavim\\\/#primaryimage\"},\"thumbnailUrl\":\"https:\\\/\\\/www.bbmnoticias.com\\\/labravaradiofm\\\/wp-content\\\/uploads\\\/sites\\\/5\\\/2021\\\/12\\\/banavim-oaxaca.jpeg\",\"datePublished\":\"2021-12-02T21:55:22+00:00\",\"dateModified\":\"2021-12-02T21:55:23+00:00\",\"author\":{\"@id\":\"https:\\\/\\\/www.bbmnoticias.com\\\/labravaradiofm\\\/#\\\/schema\\\/person\\\/68a9e9036ef3c5b55aeb2b71dc8bab45\"},\"breadcrumb\":{\"@id\":\"https:\\\/\\\/www.bbmnoticias.com\\\/labravaradiofm\\\/2021\\\/12\\\/02\\\/oaxaca-sede-del-cuarto-encuentro-nacional-de-enlaces-banavim\\\/#breadcrumb\"},\"inLanguage\":\"es\",\"potentialAction\":[{\"@type\":\"ReadAction\",\"target\":[\"https:\\\/\\\/www.bbmnoticias.com\\\/labravaradiofm\\\/2021\\\/12\\\/02\\\/oaxaca-sede-del-cuarto-encuentro-nacional-de-enlaces-banavim\\\/\"]}]},{\"@type\":\"ImageObject\",\"inLanguage\":\"es\",\"@id\":\"https:\\\/\\\/www.bbmnoticias.com\\\/labravaradiofm\\\/2021\\\/12\\\/02\\\/oaxaca-sede-del-cuarto-encuentro-nacional-de-enlaces-banavim\\\/#primaryimage\",\"url\":\"https:\\\/\\\/www.bbmnoticias.com\\\/labravaradiofm\\\/wp-content\\\/uploads\\\/sites\\\/5\\\/2021\\\/12\\\/banavim-oaxaca.jpeg\",\"contentUrl\":\"https:\\\/\\\/www.bbmnoticias.com\\\/labravaradiofm\\\/wp-content\\\/uploads\\\/sites\\\/5\\\/2021\\\/12\\\/banavim-oaxaca.jpeg\",\"width\":1010,\"height\":542},{\"@type\":\"BreadcrumbList\",\"@id\":\"https:\\\/\\\/www.bbmnoticias.com\\\/labravaradiofm\\\/2021\\\/12\\\/02\\\/oaxaca-sede-del-cuarto-encuentro-nacional-de-enlaces-banavim\\\/#breadcrumb\",\"itemListElement\":[{\"@type\":\"ListItem\",\"position\":1,\"name\":\"Inicio\",\"item\":\"https:\\\/\\\/www.bbmnoticias.com\\\/labravaradiofm\\\/\"},{\"@type\":\"ListItem\",\"position\":2,\"name\":\"Oaxaca, sede del Cuarto Encuentro Nacional de Enlaces Banavim\"}]},{\"@type\":\"WebSite\",\"@id\":\"https:\\\/\\\/www.bbmnoticias.com\\\/labravaradiofm\\\/#website\",\"url\":\"https:\\\/\\\/www.bbmnoticias.com\\\/labravaradiofm\\\/\",\"name\":\"LA BRAVA RADIO\",\"description\":\"Empresa productora de medios, Radiodifusi\u00f3n, Noticias, tendencias y todo lo que necesitas saber de la pol\u00edtica mexicana e internacional; entretenimiento, espect\u00e1culos, salud y mucho m\u00e1s.\",\"potentialAction\":[{\"@type\":\"SearchAction\",\"target\":{\"@type\":\"EntryPoint\",\"urlTemplate\":\"https:\\\/\\\/www.bbmnoticias.com\\\/labravaradiofm\\\/?s={search_term_string}\"},\"query-input\":{\"@type\":\"PropertyValueSpecification\",\"valueRequired\":true,\"valueName\":\"search_term_string\"}}],\"inLanguage\":\"es\"},{\"@type\":\"Person\",\"@id\":\"https:\\\/\\\/www.bbmnoticias.com\\\/labravaradiofm\\\/#\\\/schema\\\/person\\\/68a9e9036ef3c5b55aeb2b71dc8bab45\",\"name\":\"Staff\",\"image\":{\"@type\":\"ImageObject\",\"inLanguage\":\"es\",\"@id\":\"https:\\\/\\\/secure.gravatar.com\\\/avatar\\\/fdd21ad66fd8b98c407f9dee5b5e588cfe7f0d8579ec20fa6527cd59bab7f0f0?s=96&d=mm&r=g\",\"url\":\"https:\\\/\\\/secure.gravatar.com\\\/avatar\\\/fdd21ad66fd8b98c407f9dee5b5e588cfe7f0d8579ec20fa6527cd59bab7f0f0?s=96&d=mm&r=g\",\"contentUrl\":\"https:\\\/\\\/secure.gravatar.com\\\/avatar\\\/fdd21ad66fd8b98c407f9dee5b5e588cfe7f0d8579ec20fa6527cd59bab7f0f0?s=96&d=mm&r=g\",\"caption\":\"Staff\"},\"url\":\"https:\\\/\\\/www.bbmnoticias.com\\\/labravaradiofm\\\/author\\\/redaccion\\\/\"}]}<\/script>\n<!-- \/ Yoast SEO plugin. -->","yoast_head_json":{"title":"Oaxaca, sede del Cuarto Encuentro Nacional de Enlaces Banavim - LA BRAVA RADIO","robots":{"index":"index","follow":"follow","max-snippet":"max-snippet:-1","max-image-preview":"max-image-preview:large","max-video-preview":"max-video-preview:-1"},"canonical":"https:\/\/www.bbmnoticias.com\/labravaradiofm\/2021\/12\/02\/oaxaca-sede-del-cuarto-encuentro-nacional-de-enlaces-banavim\/","og_locale":"es_MX","og_type":"article","og_title":"Oaxaca, sede del Cuarto Encuentro Nacional de Enlaces Banavim - LA BRAVA RADIO","og_description":"Oaxaca de Ju\u00e1rez, Oax.- La Secretar\u00eda de Seguridad P\u00fablica Oaxaca (SSPO), a trav\u00e9s del Centro de Reeducaci\u00f3n para Hombres que ejercen violencia contra las mujeres (Crehvm), dio inicio con las actividades del Cuarto Encuentro Nacional de Enlaces del Banco Nacional de Datos e Informaci\u00f3n sobre casos de violencia contra las mujeres (Banavim). En este encuentro [&hellip;]","og_url":"https:\/\/www.bbmnoticias.com\/labravaradiofm\/2021\/12\/02\/oaxaca-sede-del-cuarto-encuentro-nacional-de-enlaces-banavim\/","og_site_name":"LA BRAVA RADIO","article_published_time":"2021-12-02T21:55:22+00:00","article_modified_time":"2021-12-02T21:55:23+00:00","og_image":[{"width":1010,"height":542,"url":"https:\/\/www.bbmnoticias.com\/labravaradiofm\/wp-content\/uploads\/sites\/5\/2021\/12\/banavim-oaxaca.jpeg","type":"image\/jpeg"}],"author":"Staff","twitter_card":"summary_large_image","twitter_misc":{"Escrito por":"Staff","Tiempo de lectura":"2 minutos"},"schema":{"@context":"https:\/\/schema.org","@graph":[{"@type":"Article","@id":"https:\/\/www.bbmnoticias.com\/labravaradiofm\/2021\/12\/02\/oaxaca-sede-del-cuarto-encuentro-nacional-de-enlaces-banavim\/#article","isPartOf":{"@id":"https:\/\/www.bbmnoticias.com\/labravaradiofm\/2021\/12\/02\/oaxaca-sede-del-cuarto-encuentro-nacional-de-enlaces-banavim\/"},"author":{"name":"Staff","@id":"https:\/\/www.bbmnoticias.com\/labravaradiofm\/#\/schema\/person\/68a9e9036ef3c5b55aeb2b71dc8bab45"},"headline":"Oaxaca, sede del Cuarto Encuentro Nacional de Enlaces Banavim","datePublished":"2021-12-02T21:55:22+00:00","dateModified":"2021-12-02T21:55:23+00:00","mainEntityOfPage":{"@id":"https:\/\/www.bbmnoticias.com\/labravaradiofm\/2021\/12\/02\/oaxaca-sede-del-cuarto-encuentro-nacional-de-enlaces-banavim\/"},"wordCount":372,"image":{"@id":"https:\/\/www.bbmnoticias.com\/labravaradiofm\/2021\/12\/02\/oaxaca-sede-del-cuarto-encuentro-nacional-de-enlaces-banavim\/#primaryimage"},"thumbnailUrl":"https:\/\/www.bbmnoticias.com\/labravaradiofm\/wp-content\/uploads\/sites\/5\/2021\/12\/banavim-oaxaca.jpeg","articleSection":["LOCAL"],"inLanguage":"es"},{"@type":"WebPage","@id":"https:\/\/www.bbmnoticias.com\/labravaradiofm\/2021\/12\/02\/oaxaca-sede-del-cuarto-encuentro-nacional-de-enlaces-banavim\/","url":"https:\/\/www.bbmnoticias.com\/labravaradiofm\/2021\/12\/02\/oaxaca-sede-del-cuarto-encuentro-nacional-de-enlaces-banavim\/","name":"Oaxaca, sede del Cuarto Encuentro Nacional de Enlaces Banavim - LA BRAVA RADIO","isPartOf":{"@id":"https:\/\/www.bbmnoticias.com\/labravaradiofm\/#website"},"primaryImageOfPage":{"@id":"https:\/\/www.bbmnoticias.com\/labravaradiofm\/2021\/12\/02\/oaxaca-sede-del-cuarto-encuentro-nacional-de-enlaces-banavim\/#primaryimage"},"image":{"@id":"https:\/\/www.bbmnoticias.com\/labravaradiofm\/2021\/12\/02\/oaxaca-sede-del-cuarto-encuentro-nacional-de-enlaces-banavim\/#primaryimage"},"thumbnailUrl":"https:\/\/www.bbmnoticias.com\/labravaradiofm\/wp-content\/uploads\/sites\/5\/2021\/12\/banavim-oaxaca.jpeg","datePublished":"2021-12-02T21:55:22+00:00","dateModified":"2021-12-02T21:55:23+00:00","author":{"@id":"https:\/\/www.bbmnoticias.com\/labravaradiofm\/#\/schema\/person\/68a9e9036ef3c5b55aeb2b71dc8bab45"},"breadcrumb":{"@id":"https:\/\/www.bbmnoticias.com\/labravaradiofm\/2021\/12\/02\/oaxaca-sede-del-cuarto-encuentro-nacional-de-enlaces-banavim\/#breadcrumb"},"inLanguage":"es","potentialAction":[{"@type":"ReadAction","target":["https:\/\/www.bbmnoticias.com\/labravaradiofm\/2021\/12\/02\/oaxaca-sede-del-cuarto-encuentro-nacional-de-enlaces-banavim\/"]}]},{"@type":"ImageObject","inLanguage":"es","@id":"https:\/\/www.bbmnoticias.com\/labravaradiofm\/2021\/12\/02\/oaxaca-sede-del-cuarto-encuentro-nacional-de-enlaces-banavim\/#primaryimage","url":"https:\/\/www.bbmnoticias.com\/labravaradiofm\/wp-content\/uploads\/sites\/5\/2021\/12\/banavim-oaxaca.jpeg","contentUrl":"https:\/\/www.bbmnoticias.com\/labravaradiofm\/wp-content\/uploads\/sites\/5\/2021\/12\/banavim-oaxaca.jpeg","width":1010,"height":542},{"@type":"BreadcrumbList","@id":"https:\/\/www.bbmnoticias.com\/labravaradiofm\/2021\/12\/02\/oaxaca-sede-del-cuarto-encuentro-nacional-de-enlaces-banavim\/#breadcrumb","itemListElement":[{"@type":"ListItem","position":1,"name":"Inicio","item":"https:\/\/www.bbmnoticias.com\/labravaradiofm\/"},{"@type":"ListItem","position":2,"name":"Oaxaca, sede del Cuarto Encuentro Nacional de Enlaces Banavim"}]},{"@type":"WebSite","@id":"https:\/\/www.bbmnoticias.com\/labravaradiofm\/#website","url":"https:\/\/www.bbmnoticias.com\/labravaradiofm\/","name":"LA BRAVA RADIO","description":"Empresa productora de medios, Radiodifusi\u00f3n, Noticias, tendencias y todo lo que necesitas saber de la pol\u00edtica mexicana e internacional; entretenimiento, espect\u00e1culos, salud y mucho m\u00e1s.","potentialAction":[{"@type":"SearchAction","target":{"@type":"EntryPoint","urlTemplate":"https:\/\/www.bbmnoticias.com\/labravaradiofm\/?s={search_term_string}"},"query-input":{"@type":"PropertyValueSpecification","valueRequired":true,"valueName":"search_term_string"}}],"inLanguage":"es"},{"@type":"Person","@id":"https:\/\/www.bbmnoticias.com\/labravaradiofm\/#\/schema\/person\/68a9e9036ef3c5b55aeb2b71dc8bab45","name":"Staff","image":{"@type":"ImageObject","inLanguage":"es","@id":"https:\/\/secure.gravatar.com\/avatar\/fdd21ad66fd8b98c407f9dee5b5e588cfe7f0d8579ec20fa6527cd59bab7f0f0?s=96&d=mm&r=g","url":"https:\/\/secure.gravatar.com\/avatar\/fdd21ad66fd8b98c407f9dee5b5e588cfe7f0d8579ec20fa6527cd59bab7f0f0?s=96&d=mm&r=g","contentUrl":"https:\/\/secure.gravatar.com\/avatar\/fdd21ad66fd8b98c407f9dee5b5e588cfe7f0d8579ec20fa6527cd59bab7f0f0?s=96&d=mm&r=g","caption":"Staff"},"url":"https:\/\/www.bbmnoticias.com\/labravaradiofm\/author\/redaccion\/"}]}},"_links":{"self":[{"href":"https:\/\/www.bbmnoticias.com\/labravaradiofm\/wp-json\/wp\/v2\/posts\/6570","targetHints":{"allow":["GET"]}}],"collection":[{"href":"https:\/\/www.bbmnoticias.com\/labravaradiofm\/wp-json\/wp\/v2\/posts"}],"about":[{"href":"https:\/\/www.bbmnoticias.com\/labravaradiofm\/wp-json\/wp\/v2\/types\/post"}],"author":[{"embeddable":true,"href":"https:\/\/www.bbmnoticias.com\/labravaradiofm\/wp-json\/wp\/v2\/users\/2"}],"replies":[{"embeddable":true,"href":"https:\/\/www.bbmnoticias.com\/labravaradiofm\/wp-json\/wp\/v2\/comments?post=6570"}],"version-history":[{"count":0,"href":"https:\/\/www.bbmnoticias.com\/labravaradiofm\/wp-json\/wp\/v2\/posts\/6570\/revisions"}],"wp:featuredmedia":[{"embeddable":true,"href":"https:\/\/www.bbmnoticias.com\/labravaradiofm\/wp-json\/wp\/v2\/media\/6571"}],"wp:attachment":[{"href":"https:\/\/www.bbmnoticias.com\/labravaradiofm\/wp-json\/wp\/v2\/media?parent=6570"}],"wp:term":[{"taxonomy":"category","embeddable":true,"href":"https:\/\/www.bbmnoticias.com\/labravaradiofm\/wp-json\/wp\/v2\/categories?post=6570"},{"taxonomy":"post_tag","embeddable":true,"href":"https:\/\/www.bbmnoticias.com\/labravaradiofm\/wp-json\/wp\/v2\/tags?post=6570"}],"curies":[{"name":"wp","href":"https:\/\/api.w.org\/{rel}","templated":true}]}}