{"id":65606,"date":"2025-08-26T13:01:00","date_gmt":"2025-08-26T19:01:00","guid":{"rendered":"https:\/\/www.bbmnoticias.com\/labravaradiofm\/2025\/08\/26\/detienen-a-una-persona-por-narcomenudeo-era-considerado-objetivo-prioritario-en-juchitan\/"},"modified":"2025-08-26T13:24:21","modified_gmt":"2025-08-26T19:24:21","slug":"detienen-a-una-persona-por-narcomenudeo-era-considerado-objetivo-prioritario-en-juchitan","status":"publish","type":"post","link":"https:\/\/www.bbmnoticias.com\/labravaradiofm\/2025\/08\/26\/detienen-a-una-persona-por-narcomenudeo-era-considerado-objetivo-prioritario-en-juchitan\/","title":{"rendered":"Detienen a una persona por narcomenudeo, era considerado objetivo prioritario en Juchit\u00e1n"},"content":{"rendered":"<div style=\"margin-top: 0px; margin-bottom: 0px;\" class=\"sharethis-inline-share-buttons\" ><\/div>\n<p><strong>Oaxaca de Ju\u00e1rez, Oax.- <\/strong>Derivado de un trabajo de inteligencia efectuado mediante la Operaci\u00f3n Sable, la Fiscal\u00eda General del Estado de Oaxaca (FGEO) detuvo a una persona del sexo masculino identificada como A.S.G., alias \u201cEl Pinky\u201d, por el delito contra la salud en su modalidad de narcomenudeo, identificado como uno de los objetivos prioritarios por su probable involucramiento con c\u00e9lulas directivas en la regi\u00f3n del Istmo de Tehuantepec.<\/p>\n\n\n\n<p>La detenci\u00f3n de A.S.G., deriv\u00f3 de patrullajes interinstitucionales para reforzar la seguridad en el municipio de Juchit\u00e1n de Zaragoza, acciones en las que, adem\u00e1s de la Fiscal\u00eda de Oaxaca y elementos de la Agencia Estatal de Investigaciones (AEI) adscritos la Vicefiscal\u00eda Regional del Istmo, particip\u00f3 la Secretar\u00eda de la Defensa Nacional (DEFENSA).<\/p>\n\n\n\n<p>La investigaci\u00f3n detalla que, A.S.G. fue detenido tras efectuarle una revisi\u00f3n de rutina, en la que los elementos policiales hallaron entre sus pertenencias decenas de bolsas empaquetadas con la droga conocida como cristal, adem\u00e1s que, dentro de su unidad de motor (mototaxi) se le decomiso una b\u00e1scula gramera y diversos cartuchos \u00fatiles.<\/p>\n\n\n\n<p>Por estos hechos, A.S.G. alias \u201cEl Pinky\u201d, fue detenido y puesto a disposici\u00f3n de la autoridad correspondiente.<\/p>\n\n\n\n<p>Adem\u00e1s, que las investigaciones iniciales permitieron establecer que la persona detenida estar\u00eda relacionada con la comisi\u00f3n de diferentes conductas delictivas ligadas a c\u00e9lulas de la delincuencia organizada que tienen presencia en Juchit\u00e1n.<\/p>\n","protected":false},"excerpt":{"rendered":"<p>Oaxaca de Ju\u00e1rez, Oax.- Derivado de un trabajo de inteligencia efectuado mediante la Operaci\u00f3n Sable, la Fiscal\u00eda General del Estado de Oaxaca (FGEO) detuvo a una persona del sexo masculino identificada como A.S.G., alias \u201cEl Pinky\u201d, por el delito contra la salud en su modalidad de narcomenudeo, identificado como uno de los objetivos prioritarios por [&hellip;]<\/p>\n","protected":false},"author":2,"featured_media":65608,"comment_status":"closed","ping_status":"","sticky":false,"template":"","format":"standard","meta":{"footnotes":""},"categories":[2,20],"tags":[],"class_list":{"0":"post-65606","1":"post","2":"type-post","3":"status-publish","4":"format-standard","5":"has-post-thumbnail","7":"category-oaxaca","8":"category-policiaca"},"yoast_head":"<!-- This site is optimized with the Yoast SEO plugin v27.4 - https:\/\/yoast.com\/product\/yoast-seo-wordpress\/ -->\n<title>Detienen a una persona por narcomenudeo, era considerado objetivo prioritario en Juchit\u00e1n - LA BRAVA RADIO<\/title>\n<meta name=\"robots\" content=\"index, follow, max-snippet:-1, max-image-preview:large, max-video-preview:-1\" \/>\n<link rel=\"canonical\" href=\"https:\/\/www.bbmnoticias.com\/blog\/2025\/08\/26\/detienen-a-una-persona-por-narcomenudeo-era-considerado-objetivo-prioritario-en-juchitan\/\" \/>\n<meta property=\"og:locale\" content=\"es_MX\" \/>\n<meta property=\"og:type\" content=\"article\" \/>\n<meta property=\"og:title\" content=\"Detienen a una persona por narcomenudeo, era considerado objetivo prioritario en Juchit\u00e1n - LA BRAVA RADIO\" \/>\n<meta property=\"og:description\" content=\"Oaxaca de Ju\u00e1rez, Oax.- Derivado de un trabajo de inteligencia efectuado mediante la Operaci\u00f3n Sable, la Fiscal\u00eda General del Estado de Oaxaca (FGEO) detuvo a una persona del sexo masculino identificada como A.S.G., alias \u201cEl Pinky\u201d, por el delito contra la salud en su modalidad de narcomenudeo, identificado como uno de los objetivos prioritarios por [&hellip;]\" \/>\n<meta property=\"og:url\" content=\"https:\/\/www.bbmnoticias.com\/blog\/2025\/08\/26\/detienen-a-una-persona-por-narcomenudeo-era-considerado-objetivo-prioritario-en-juchitan\/\" \/>\n<meta property=\"og:site_name\" content=\"LA BRAVA RADIO\" \/>\n<meta property=\"article:published_time\" content=\"2025-08-26T19:01:00+00:00\" \/>\n<meta property=\"article:modified_time\" content=\"2025-08-26T19:24:21+00:00\" \/>\n<meta property=\"og:image\" content=\"https:\/\/www.bbmnoticias.com\/labravaradiofm\/wp-content\/uploads\/sites\/5\/2025\/08\/narcomenudista_juchitan.jpg\" \/>\n\t<meta property=\"og:image:width\" content=\"1138\" \/>\n\t<meta property=\"og:image:height\" content=\"491\" \/>\n\t<meta property=\"og:image:type\" content=\"image\/jpeg\" \/>\n<meta name=\"author\" content=\"Staff\" \/>\n<meta name=\"twitter:card\" content=\"summary_large_image\" \/>\n<meta name=\"twitter:label1\" content=\"Escrito por\" \/>\n\t<meta name=\"twitter:data1\" content=\"Staff\" \/>\n\t<meta name=\"twitter:label2\" content=\"Tiempo de lectura\" \/>\n\t<meta name=\"twitter:data2\" content=\"1 minuto\" \/>\n<script type=\"application\/ld+json\" class=\"yoast-schema-graph\">{\"@context\":\"https:\\\/\\\/schema.org\",\"@graph\":[{\"@type\":\"Article\",\"@id\":\"https:\\\/\\\/www.bbmnoticias.com\\\/blog\\\/2025\\\/08\\\/26\\\/detienen-a-una-persona-por-narcomenudeo-era-considerado-objetivo-prioritario-en-juchitan\\\/#article\",\"isPartOf\":{\"@id\":\"https:\\\/\\\/www.bbmnoticias.com\\\/labravaradiofm\\\/2025\\\/08\\\/26\\\/detienen-a-una-persona-por-narcomenudeo-era-considerado-objetivo-prioritario-en-juchitan\\\/\"},\"author\":{\"name\":\"Staff\",\"@id\":\"https:\\\/\\\/www.bbmnoticias.com\\\/labravaradiofm\\\/#\\\/schema\\\/person\\\/68a9e9036ef3c5b55aeb2b71dc8bab45\"},\"headline\":\"Detienen a una persona por narcomenudeo, era considerado objetivo prioritario en Juchit\u00e1n\",\"datePublished\":\"2025-08-26T19:01:00+00:00\",\"dateModified\":\"2025-08-26T19:24:21+00:00\",\"mainEntityOfPage\":{\"@id\":\"https:\\\/\\\/www.bbmnoticias.com\\\/labravaradiofm\\\/2025\\\/08\\\/26\\\/detienen-a-una-persona-por-narcomenudeo-era-considerado-objetivo-prioritario-en-juchitan\\\/\"},\"wordCount\":264,\"image\":{\"@id\":\"https:\\\/\\\/www.bbmnoticias.com\\\/blog\\\/2025\\\/08\\\/26\\\/detienen-a-una-persona-por-narcomenudeo-era-considerado-objetivo-prioritario-en-juchitan\\\/#primaryimage\"},\"thumbnailUrl\":\"https:\\\/\\\/www.bbmnoticias.com\\\/labravaradiofm\\\/wp-content\\\/uploads\\\/sites\\\/5\\\/2025\\\/08\\\/narcomenudista_juchitan.jpg\",\"articleSection\":[\"LOCAL\",\"POLICIACA\"],\"inLanguage\":\"es\"},{\"@type\":\"WebPage\",\"@id\":\"https:\\\/\\\/www.bbmnoticias.com\\\/labravaradiofm\\\/2025\\\/08\\\/26\\\/detienen-a-una-persona-por-narcomenudeo-era-considerado-objetivo-prioritario-en-juchitan\\\/\",\"url\":\"https:\\\/\\\/www.bbmnoticias.com\\\/blog\\\/2025\\\/08\\\/26\\\/detienen-a-una-persona-por-narcomenudeo-era-considerado-objetivo-prioritario-en-juchitan\\\/\",\"name\":\"Detienen a una persona por narcomenudeo, era considerado objetivo prioritario en Juchit\u00e1n - LA BRAVA RADIO\",\"isPartOf\":{\"@id\":\"https:\\\/\\\/www.bbmnoticias.com\\\/labravaradiofm\\\/#website\"},\"primaryImageOfPage\":{\"@id\":\"https:\\\/\\\/www.bbmnoticias.com\\\/blog\\\/2025\\\/08\\\/26\\\/detienen-a-una-persona-por-narcomenudeo-era-considerado-objetivo-prioritario-en-juchitan\\\/#primaryimage\"},\"image\":{\"@id\":\"https:\\\/\\\/www.bbmnoticias.com\\\/blog\\\/2025\\\/08\\\/26\\\/detienen-a-una-persona-por-narcomenudeo-era-considerado-objetivo-prioritario-en-juchitan\\\/#primaryimage\"},\"thumbnailUrl\":\"https:\\\/\\\/www.bbmnoticias.com\\\/labravaradiofm\\\/wp-content\\\/uploads\\\/sites\\\/5\\\/2025\\\/08\\\/narcomenudista_juchitan.jpg\",\"datePublished\":\"2025-08-26T19:01:00+00:00\",\"dateModified\":\"2025-08-26T19:24:21+00:00\",\"author\":{\"@id\":\"https:\\\/\\\/www.bbmnoticias.com\\\/labravaradiofm\\\/#\\\/schema\\\/person\\\/68a9e9036ef3c5b55aeb2b71dc8bab45\"},\"breadcrumb\":{\"@id\":\"https:\\\/\\\/www.bbmnoticias.com\\\/blog\\\/2025\\\/08\\\/26\\\/detienen-a-una-persona-por-narcomenudeo-era-considerado-objetivo-prioritario-en-juchitan\\\/#breadcrumb\"},\"inLanguage\":\"es\",\"potentialAction\":[{\"@type\":\"ReadAction\",\"target\":[\"https:\\\/\\\/www.bbmnoticias.com\\\/blog\\\/2025\\\/08\\\/26\\\/detienen-a-una-persona-por-narcomenudeo-era-considerado-objetivo-prioritario-en-juchitan\\\/\"]}]},{\"@type\":\"ImageObject\",\"inLanguage\":\"es\",\"@id\":\"https:\\\/\\\/www.bbmnoticias.com\\\/blog\\\/2025\\\/08\\\/26\\\/detienen-a-una-persona-por-narcomenudeo-era-considerado-objetivo-prioritario-en-juchitan\\\/#primaryimage\",\"url\":\"https:\\\/\\\/www.bbmnoticias.com\\\/labravaradiofm\\\/wp-content\\\/uploads\\\/sites\\\/5\\\/2025\\\/08\\\/narcomenudista_juchitan.jpg\",\"contentUrl\":\"https:\\\/\\\/www.bbmnoticias.com\\\/labravaradiofm\\\/wp-content\\\/uploads\\\/sites\\\/5\\\/2025\\\/08\\\/narcomenudista_juchitan.jpg\",\"width\":1138,\"height\":491},{\"@type\":\"BreadcrumbList\",\"@id\":\"https:\\\/\\\/www.bbmnoticias.com\\\/blog\\\/2025\\\/08\\\/26\\\/detienen-a-una-persona-por-narcomenudeo-era-considerado-objetivo-prioritario-en-juchitan\\\/#breadcrumb\",\"itemListElement\":[{\"@type\":\"ListItem\",\"position\":1,\"name\":\"Inicio\",\"item\":\"https:\\\/\\\/www.bbmnoticias.com\\\/labravaradiofm\\\/\"},{\"@type\":\"ListItem\",\"position\":2,\"name\":\"Detienen a una persona por narcomenudeo, era considerado objetivo prioritario en Juchit\u00e1n\"}]},{\"@type\":\"WebSite\",\"@id\":\"https:\\\/\\\/www.bbmnoticias.com\\\/labravaradiofm\\\/#website\",\"url\":\"https:\\\/\\\/www.bbmnoticias.com\\\/labravaradiofm\\\/\",\"name\":\"LA BRAVA RADIO\",\"description\":\"Empresa productora de medios, Radiodifusi\u00f3n, Noticias, tendencias y todo lo que necesitas saber de la pol\u00edtica mexicana e internacional; entretenimiento, espect\u00e1culos, salud y mucho m\u00e1s.\",\"potentialAction\":[{\"@type\":\"SearchAction\",\"target\":{\"@type\":\"EntryPoint\",\"urlTemplate\":\"https:\\\/\\\/www.bbmnoticias.com\\\/labravaradiofm\\\/?s={search_term_string}\"},\"query-input\":{\"@type\":\"PropertyValueSpecification\",\"valueRequired\":true,\"valueName\":\"search_term_string\"}}],\"inLanguage\":\"es\"},{\"@type\":\"Person\",\"@id\":\"https:\\\/\\\/www.bbmnoticias.com\\\/labravaradiofm\\\/#\\\/schema\\\/person\\\/68a9e9036ef3c5b55aeb2b71dc8bab45\",\"name\":\"Staff\",\"image\":{\"@type\":\"ImageObject\",\"inLanguage\":\"es\",\"@id\":\"https:\\\/\\\/secure.gravatar.com\\\/avatar\\\/fdd21ad66fd8b98c407f9dee5b5e588cfe7f0d8579ec20fa6527cd59bab7f0f0?s=96&d=mm&r=g\",\"url\":\"https:\\\/\\\/secure.gravatar.com\\\/avatar\\\/fdd21ad66fd8b98c407f9dee5b5e588cfe7f0d8579ec20fa6527cd59bab7f0f0?s=96&d=mm&r=g\",\"contentUrl\":\"https:\\\/\\\/secure.gravatar.com\\\/avatar\\\/fdd21ad66fd8b98c407f9dee5b5e588cfe7f0d8579ec20fa6527cd59bab7f0f0?s=96&d=mm&r=g\",\"caption\":\"Staff\"},\"url\":\"https:\\\/\\\/www.bbmnoticias.com\\\/labravaradiofm\\\/author\\\/redaccion\\\/\"}]}<\/script>\n<!-- \/ Yoast SEO plugin. -->","yoast_head_json":{"title":"Detienen a una persona por narcomenudeo, era considerado objetivo prioritario en Juchit\u00e1n - LA BRAVA RADIO","robots":{"index":"index","follow":"follow","max-snippet":"max-snippet:-1","max-image-preview":"max-image-preview:large","max-video-preview":"max-video-preview:-1"},"canonical":"https:\/\/www.bbmnoticias.com\/blog\/2025\/08\/26\/detienen-a-una-persona-por-narcomenudeo-era-considerado-objetivo-prioritario-en-juchitan\/","og_locale":"es_MX","og_type":"article","og_title":"Detienen a una persona por narcomenudeo, era considerado objetivo prioritario en Juchit\u00e1n - LA BRAVA RADIO","og_description":"Oaxaca de Ju\u00e1rez, Oax.- Derivado de un trabajo de inteligencia efectuado mediante la Operaci\u00f3n Sable, la Fiscal\u00eda General del Estado de Oaxaca (FGEO) detuvo a una persona del sexo masculino identificada como A.S.G., alias \u201cEl Pinky\u201d, por el delito contra la salud en su modalidad de narcomenudeo, identificado como uno de los objetivos prioritarios por [&hellip;]","og_url":"https:\/\/www.bbmnoticias.com\/blog\/2025\/08\/26\/detienen-a-una-persona-por-narcomenudeo-era-considerado-objetivo-prioritario-en-juchitan\/","og_site_name":"LA BRAVA RADIO","article_published_time":"2025-08-26T19:01:00+00:00","article_modified_time":"2025-08-26T19:24:21+00:00","og_image":[{"width":1138,"height":491,"url":"https:\/\/www.bbmnoticias.com\/labravaradiofm\/wp-content\/uploads\/sites\/5\/2025\/08\/narcomenudista_juchitan.jpg","type":"image\/jpeg"}],"author":"Staff","twitter_card":"summary_large_image","twitter_misc":{"Escrito por":"Staff","Tiempo de lectura":"1 minuto"},"schema":{"@context":"https:\/\/schema.org","@graph":[{"@type":"Article","@id":"https:\/\/www.bbmnoticias.com\/blog\/2025\/08\/26\/detienen-a-una-persona-por-narcomenudeo-era-considerado-objetivo-prioritario-en-juchitan\/#article","isPartOf":{"@id":"https:\/\/www.bbmnoticias.com\/labravaradiofm\/2025\/08\/26\/detienen-a-una-persona-por-narcomenudeo-era-considerado-objetivo-prioritario-en-juchitan\/"},"author":{"name":"Staff","@id":"https:\/\/www.bbmnoticias.com\/labravaradiofm\/#\/schema\/person\/68a9e9036ef3c5b55aeb2b71dc8bab45"},"headline":"Detienen a una persona por narcomenudeo, era considerado objetivo prioritario en Juchit\u00e1n","datePublished":"2025-08-26T19:01:00+00:00","dateModified":"2025-08-26T19:24:21+00:00","mainEntityOfPage":{"@id":"https:\/\/www.bbmnoticias.com\/labravaradiofm\/2025\/08\/26\/detienen-a-una-persona-por-narcomenudeo-era-considerado-objetivo-prioritario-en-juchitan\/"},"wordCount":264,"image":{"@id":"https:\/\/www.bbmnoticias.com\/blog\/2025\/08\/26\/detienen-a-una-persona-por-narcomenudeo-era-considerado-objetivo-prioritario-en-juchitan\/#primaryimage"},"thumbnailUrl":"https:\/\/www.bbmnoticias.com\/labravaradiofm\/wp-content\/uploads\/sites\/5\/2025\/08\/narcomenudista_juchitan.jpg","articleSection":["LOCAL","POLICIACA"],"inLanguage":"es"},{"@type":"WebPage","@id":"https:\/\/www.bbmnoticias.com\/labravaradiofm\/2025\/08\/26\/detienen-a-una-persona-por-narcomenudeo-era-considerado-objetivo-prioritario-en-juchitan\/","url":"https:\/\/www.bbmnoticias.com\/blog\/2025\/08\/26\/detienen-a-una-persona-por-narcomenudeo-era-considerado-objetivo-prioritario-en-juchitan\/","name":"Detienen a una persona por narcomenudeo, era considerado objetivo prioritario en Juchit\u00e1n - LA BRAVA RADIO","isPartOf":{"@id":"https:\/\/www.bbmnoticias.com\/labravaradiofm\/#website"},"primaryImageOfPage":{"@id":"https:\/\/www.bbmnoticias.com\/blog\/2025\/08\/26\/detienen-a-una-persona-por-narcomenudeo-era-considerado-objetivo-prioritario-en-juchitan\/#primaryimage"},"image":{"@id":"https:\/\/www.bbmnoticias.com\/blog\/2025\/08\/26\/detienen-a-una-persona-por-narcomenudeo-era-considerado-objetivo-prioritario-en-juchitan\/#primaryimage"},"thumbnailUrl":"https:\/\/www.bbmnoticias.com\/labravaradiofm\/wp-content\/uploads\/sites\/5\/2025\/08\/narcomenudista_juchitan.jpg","datePublished":"2025-08-26T19:01:00+00:00","dateModified":"2025-08-26T19:24:21+00:00","author":{"@id":"https:\/\/www.bbmnoticias.com\/labravaradiofm\/#\/schema\/person\/68a9e9036ef3c5b55aeb2b71dc8bab45"},"breadcrumb":{"@id":"https:\/\/www.bbmnoticias.com\/blog\/2025\/08\/26\/detienen-a-una-persona-por-narcomenudeo-era-considerado-objetivo-prioritario-en-juchitan\/#breadcrumb"},"inLanguage":"es","potentialAction":[{"@type":"ReadAction","target":["https:\/\/www.bbmnoticias.com\/blog\/2025\/08\/26\/detienen-a-una-persona-por-narcomenudeo-era-considerado-objetivo-prioritario-en-juchitan\/"]}]},{"@type":"ImageObject","inLanguage":"es","@id":"https:\/\/www.bbmnoticias.com\/blog\/2025\/08\/26\/detienen-a-una-persona-por-narcomenudeo-era-considerado-objetivo-prioritario-en-juchitan\/#primaryimage","url":"https:\/\/www.bbmnoticias.com\/labravaradiofm\/wp-content\/uploads\/sites\/5\/2025\/08\/narcomenudista_juchitan.jpg","contentUrl":"https:\/\/www.bbmnoticias.com\/labravaradiofm\/wp-content\/uploads\/sites\/5\/2025\/08\/narcomenudista_juchitan.jpg","width":1138,"height":491},{"@type":"BreadcrumbList","@id":"https:\/\/www.bbmnoticias.com\/blog\/2025\/08\/26\/detienen-a-una-persona-por-narcomenudeo-era-considerado-objetivo-prioritario-en-juchitan\/#breadcrumb","itemListElement":[{"@type":"ListItem","position":1,"name":"Inicio","item":"https:\/\/www.bbmnoticias.com\/labravaradiofm\/"},{"@type":"ListItem","position":2,"name":"Detienen a una persona por narcomenudeo, era considerado objetivo prioritario en Juchit\u00e1n"}]},{"@type":"WebSite","@id":"https:\/\/www.bbmnoticias.com\/labravaradiofm\/#website","url":"https:\/\/www.bbmnoticias.com\/labravaradiofm\/","name":"LA BRAVA RADIO","description":"Empresa productora de medios, Radiodifusi\u00f3n, Noticias, tendencias y todo lo que necesitas saber de la pol\u00edtica mexicana e internacional; entretenimiento, espect\u00e1culos, salud y mucho m\u00e1s.","potentialAction":[{"@type":"SearchAction","target":{"@type":"EntryPoint","urlTemplate":"https:\/\/www.bbmnoticias.com\/labravaradiofm\/?s={search_term_string}"},"query-input":{"@type":"PropertyValueSpecification","valueRequired":true,"valueName":"search_term_string"}}],"inLanguage":"es"},{"@type":"Person","@id":"https:\/\/www.bbmnoticias.com\/labravaradiofm\/#\/schema\/person\/68a9e9036ef3c5b55aeb2b71dc8bab45","name":"Staff","image":{"@type":"ImageObject","inLanguage":"es","@id":"https:\/\/secure.gravatar.com\/avatar\/fdd21ad66fd8b98c407f9dee5b5e588cfe7f0d8579ec20fa6527cd59bab7f0f0?s=96&d=mm&r=g","url":"https:\/\/secure.gravatar.com\/avatar\/fdd21ad66fd8b98c407f9dee5b5e588cfe7f0d8579ec20fa6527cd59bab7f0f0?s=96&d=mm&r=g","contentUrl":"https:\/\/secure.gravatar.com\/avatar\/fdd21ad66fd8b98c407f9dee5b5e588cfe7f0d8579ec20fa6527cd59bab7f0f0?s=96&d=mm&r=g","caption":"Staff"},"url":"https:\/\/www.bbmnoticias.com\/labravaradiofm\/author\/redaccion\/"}]}},"_links":{"self":[{"href":"https:\/\/www.bbmnoticias.com\/labravaradiofm\/wp-json\/wp\/v2\/posts\/65606","targetHints":{"allow":["GET"]}}],"collection":[{"href":"https:\/\/www.bbmnoticias.com\/labravaradiofm\/wp-json\/wp\/v2\/posts"}],"about":[{"href":"https:\/\/www.bbmnoticias.com\/labravaradiofm\/wp-json\/wp\/v2\/types\/post"}],"author":[{"embeddable":true,"href":"https:\/\/www.bbmnoticias.com\/labravaradiofm\/wp-json\/wp\/v2\/users\/2"}],"replies":[{"embeddable":true,"href":"https:\/\/www.bbmnoticias.com\/labravaradiofm\/wp-json\/wp\/v2\/comments?post=65606"}],"version-history":[{"count":0,"href":"https:\/\/www.bbmnoticias.com\/labravaradiofm\/wp-json\/wp\/v2\/posts\/65606\/revisions"}],"wp:featuredmedia":[{"embeddable":true,"href":"https:\/\/www.bbmnoticias.com\/labravaradiofm\/wp-json\/wp\/v2\/media\/65608"}],"wp:attachment":[{"href":"https:\/\/www.bbmnoticias.com\/labravaradiofm\/wp-json\/wp\/v2\/media?parent=65606"}],"wp:term":[{"taxonomy":"category","embeddable":true,"href":"https:\/\/www.bbmnoticias.com\/labravaradiofm\/wp-json\/wp\/v2\/categories?post=65606"},{"taxonomy":"post_tag","embeddable":true,"href":"https:\/\/www.bbmnoticias.com\/labravaradiofm\/wp-json\/wp\/v2\/tags?post=65606"}],"curies":[{"name":"wp","href":"https:\/\/api.w.org\/{rel}","templated":true}]}}