{"id":65594,"date":"2025-08-26T10:19:27","date_gmt":"2025-08-26T16:19:27","guid":{"rendered":"https:\/\/www.bbmnoticias.com\/labravaradiofm\/2025\/08\/26\/sheinbaum-pide-que-se-denuncie-a-politicos-que-recibieron-dinero-del-mayo-zambada\/"},"modified":"2025-08-26T10:19:56","modified_gmt":"2025-08-26T16:19:56","slug":"sheinbaum-pide-que-se-denuncie-a-politicos-que-recibieron-dinero-del-mayo-zambada","status":"publish","type":"post","link":"https:\/\/www.bbmnoticias.com\/labravaradiofm\/2025\/08\/26\/sheinbaum-pide-que-se-denuncie-a-politicos-que-recibieron-dinero-del-mayo-zambada\/","title":{"rendered":"Sheinbaum pide que se denuncie a pol\u00edticos que recibieron dinero del &#8216;Mayo&#8217; Zambada"},"content":{"rendered":"<div style=\"margin-top: 0px; margin-bottom: 0px;\" class=\"sharethis-inline-share-buttons\" ><\/div>\n<p>La presidenta de M\u00e9xico, <strong>Claudia Sheinbaum Pardo<\/strong>, pidi\u00f3 que se <strong>denuncie<\/strong> a <strong>qui\u00e9nes les daba dinero<\/strong> el narcotraficante mexicano <strong>Ismael <em>Mayo<\/em> Zambada<\/strong>, quien se declar\u00f3 culpable en <strong>Estados Unidos<\/strong> por cargos de <strong>crimen organizado<\/strong>.<\/p>\n\n\n\n<figure class=\"wp-block-pullquote\"><blockquote><p>Pues tiene que haber una denuncia, \u00bfno? O sea, porque, puede decir este tema, pero \u00bfa qui\u00e9n le daba dinero? De acuerdo con lo que plante\u00f3\u201d, lanz\u00f3.<\/p><\/blockquote><\/figure>\n\n\n\n<p>\u201cPues tendr\u00eda que haber una denuncia, \u00bfno? En Particular\u201d, agreg\u00f3 en la conferencia matutina de Palacio Nacional este martes 26 de agosto de 2025.<\/p>\n\n\n\n<figure class=\"wp-block-embed is-type-video is-provider-youtube wp-block-embed-youtube wp-embed-aspect-16-9 wp-has-aspect-ratio\"><div class=\"wp-block-embed__wrapper\">\n<iframe loading=\"lazy\" title=\"#Ma\u00f1aneraDelPueblo desde Palacio Nacional. Martes 26 de agosto 2025\" width=\"696\" height=\"392\" src=\"https:\/\/www.youtube.com\/embed\/9bDf5gaGwfo?feature=oembed\" frameborder=\"0\" allow=\"accelerometer; autoplay; clipboard-write; encrypted-media; gyroscope; picture-in-picture; web-share\" referrerpolicy=\"strict-origin-when-cross-origin\" allowfullscreen><\/iframe>\n<\/div><\/figure>\n\n\n\n<p>Ismael <em>Mayo<\/em> Zambada, cofundador y l\u00edder hist\u00f3rico del C\u00e1rtel de Sinaloa, se declar\u00f3 en un tribunal federal de Nueva York formalmente culpable de dos cargos de narcotr\u00e1fico: lavado de dinero y uso de armas que pesaban en su contra tras m\u00e1s de cinco d\u00e9cadas de actividad criminal.<\/p>\n\n\n\n<p>Zambada Garc\u00eda, que estaba acusado de un total de 17 cargos, reconoci\u00f3 haber liderado una organizaci\u00f3n criminal -el C\u00e1rtel de Sinaloa- de forma continua desde enero de 1989 hasta enero de 2024, adem\u00e1s de conspirar en virtud de la Ley Rico (Ley de Organizaciones Corruptas e Influenciadas por el Crimen Organizado), debido a su participaci\u00f3n en blanqueo de capitales, asesinatos y secuestros relacionados con el narcotr\u00e1fico.<\/p>\n\n\n\n<p>El juez encargado del caso, <strong>Brian M. Cogan<\/strong>, recalc\u00f3 al capo que cada uno de los delitos de los que se ha declarado culpable conllevan pena de cadena perpetua, lo que podr\u00eda concretarse cuando se lea la sentencia, el 13 de enero de 2026.<\/p>\n\n\n\n<p>En una extensa declaraci\u00f3n de culpabilidad, el cofundador del C\u00e1rtel de Sinaloa dijo haber \u201cpromovido la corrupci\u00f3n de polic\u00edas, militares y pol\u00edticos\u201d en M\u00e9xico.<\/p>\n\n\n\n<p>Y se lament\u00f3: \u201cReconozco el gran da\u00f1o que las drogas han provocado a Estados Unidos, M\u00e9xico y otros lugares. Asumo la responsabilidad y pido perd\u00f3n a aquellas personas que se hayan visto afectadas por mis acciones\u201d.<\/p>\n\n\n\n<p>\u201cDurante m\u00e1s de cincuenta a\u00f1os cre\u00e9 una gran red criminal conocida como el Cartel de Sinaloa, con muchas personas trabajando para m\u00ed. Algunos se dedicaban a la log\u00edstica, otros a recibir la coca\u00edna desde Colombia por barco o avi\u00f3n (\u2026) M\u00e1s tarde la llev\u00e1bamos a estados fronterizos y pasaba de contrabando y con regularidad a EE.UU.\u201d, agreg\u00f3 el <em>Mayo<\/em> Zambada.<\/p>\n","protected":false},"excerpt":{"rendered":"<p>La presidenta de M\u00e9xico, Claudia Sheinbaum Pardo, pidi\u00f3 que se denuncie a qui\u00e9nes les daba dinero el narcotraficante mexicano Ismael Mayo Zambada, quien se declar\u00f3 culpable en Estados Unidos por cargos de crimen organizado. Pues tiene que haber una denuncia, \u00bfno? O sea, porque, puede decir este tema, pero \u00bfa qui\u00e9n le daba dinero? De [&hellip;]<\/p>\n","protected":false},"author":4,"featured_media":65596,"comment_status":"closed","ping_status":"","sticky":false,"template":"","format":"standard","meta":{"footnotes":""},"categories":[2,19],"tags":[],"class_list":{"0":"post-65594","1":"post","2":"type-post","3":"status-publish","4":"format-standard","5":"has-post-thumbnail","7":"category-oaxaca","8":"category-nacional"},"yoast_head":"<!-- This site is optimized with the Yoast SEO plugin v27.4 - https:\/\/yoast.com\/product\/yoast-seo-wordpress\/ -->\n<title>Sheinbaum pide que se denuncie a pol\u00edticos que recibieron dinero del &#039;Mayo&#039; Zambada - LA BRAVA RADIO<\/title>\n<meta name=\"robots\" content=\"index, follow, max-snippet:-1, max-image-preview:large, max-video-preview:-1\" \/>\n<link rel=\"canonical\" href=\"https:\/\/www.bbmnoticias.com\/blog\/2025\/08\/26\/sheinbaum-pide-que-se-denuncie-a-politicos-que-recibieron-dinero-del-mayo-zambada\/\" \/>\n<meta property=\"og:locale\" content=\"es_MX\" \/>\n<meta property=\"og:type\" content=\"article\" \/>\n<meta property=\"og:title\" content=\"Sheinbaum pide que se denuncie a pol\u00edticos que recibieron dinero del &#039;Mayo&#039; Zambada - LA BRAVA RADIO\" \/>\n<meta property=\"og:description\" content=\"La presidenta de M\u00e9xico, Claudia Sheinbaum Pardo, pidi\u00f3 que se denuncie a qui\u00e9nes les daba dinero el narcotraficante mexicano Ismael Mayo Zambada, quien se declar\u00f3 culpable en Estados Unidos por cargos de crimen organizado. Pues tiene que haber una denuncia, \u00bfno? O sea, porque, puede decir este tema, pero \u00bfa qui\u00e9n le daba dinero? De [&hellip;]\" \/>\n<meta property=\"og:url\" content=\"https:\/\/www.bbmnoticias.com\/blog\/2025\/08\/26\/sheinbaum-pide-que-se-denuncie-a-politicos-que-recibieron-dinero-del-mayo-zambada\/\" \/>\n<meta property=\"og:site_name\" content=\"LA BRAVA RADIO\" \/>\n<meta property=\"article:published_time\" content=\"2025-08-26T16:19:27+00:00\" \/>\n<meta property=\"article:modified_time\" content=\"2025-08-26T16:19:56+00:00\" \/>\n<meta property=\"og:image\" content=\"https:\/\/www.bbmnoticias.com\/labravaradiofm\/wp-content\/uploads\/sites\/5\/2025\/08\/ismael-mayo-zambada-1-1536x1024-1.jpg\" \/>\n\t<meta property=\"og:image:width\" content=\"1536\" \/>\n\t<meta property=\"og:image:height\" content=\"1024\" \/>\n\t<meta property=\"og:image:type\" content=\"image\/jpeg\" \/>\n<meta name=\"author\" content=\"Agencias\" \/>\n<meta name=\"twitter:card\" content=\"summary_large_image\" \/>\n<meta name=\"twitter:label1\" content=\"Escrito por\" \/>\n\t<meta name=\"twitter:data1\" content=\"Agencias\" \/>\n\t<meta name=\"twitter:label2\" content=\"Tiempo de lectura\" \/>\n\t<meta name=\"twitter:data2\" content=\"2 minutos\" \/>\n<script type=\"application\/ld+json\" class=\"yoast-schema-graph\">{\"@context\":\"https:\\\/\\\/schema.org\",\"@graph\":[{\"@type\":\"Article\",\"@id\":\"https:\\\/\\\/www.bbmnoticias.com\\\/blog\\\/2025\\\/08\\\/26\\\/sheinbaum-pide-que-se-denuncie-a-politicos-que-recibieron-dinero-del-mayo-zambada\\\/#article\",\"isPartOf\":{\"@id\":\"https:\\\/\\\/www.bbmnoticias.com\\\/labravaradiofm\\\/2025\\\/08\\\/26\\\/sheinbaum-pide-que-se-denuncie-a-politicos-que-recibieron-dinero-del-mayo-zambada\\\/\"},\"author\":{\"name\":\"Agencias\",\"@id\":\"https:\\\/\\\/www.bbmnoticias.com\\\/labravaradiofm\\\/#\\\/schema\\\/person\\\/000bdaf0a8fb5bff0d537c4d0778e33f\"},\"headline\":\"Sheinbaum pide que se denuncie a pol\u00edticos que recibieron dinero del &#8216;Mayo&#8217; Zambada\",\"datePublished\":\"2025-08-26T16:19:27+00:00\",\"dateModified\":\"2025-08-26T16:19:56+00:00\",\"mainEntityOfPage\":{\"@id\":\"https:\\\/\\\/www.bbmnoticias.com\\\/labravaradiofm\\\/2025\\\/08\\\/26\\\/sheinbaum-pide-que-se-denuncie-a-politicos-que-recibieron-dinero-del-mayo-zambada\\\/\"},\"wordCount\":407,\"image\":{\"@id\":\"https:\\\/\\\/www.bbmnoticias.com\\\/blog\\\/2025\\\/08\\\/26\\\/sheinbaum-pide-que-se-denuncie-a-politicos-que-recibieron-dinero-del-mayo-zambada\\\/#primaryimage\"},\"thumbnailUrl\":\"https:\\\/\\\/www.bbmnoticias.com\\\/labravaradiofm\\\/wp-content\\\/uploads\\\/sites\\\/5\\\/2025\\\/08\\\/ismael-mayo-zambada-1-1536x1024-1.jpg\",\"articleSection\":[\"LOCAL\",\"NACIONAL\"],\"inLanguage\":\"es\"},{\"@type\":\"WebPage\",\"@id\":\"https:\\\/\\\/www.bbmnoticias.com\\\/labravaradiofm\\\/2025\\\/08\\\/26\\\/sheinbaum-pide-que-se-denuncie-a-politicos-que-recibieron-dinero-del-mayo-zambada\\\/\",\"url\":\"https:\\\/\\\/www.bbmnoticias.com\\\/blog\\\/2025\\\/08\\\/26\\\/sheinbaum-pide-que-se-denuncie-a-politicos-que-recibieron-dinero-del-mayo-zambada\\\/\",\"name\":\"Sheinbaum pide que se denuncie a pol\u00edticos que recibieron dinero del 'Mayo' Zambada - LA BRAVA RADIO\",\"isPartOf\":{\"@id\":\"https:\\\/\\\/www.bbmnoticias.com\\\/labravaradiofm\\\/#website\"},\"primaryImageOfPage\":{\"@id\":\"https:\\\/\\\/www.bbmnoticias.com\\\/blog\\\/2025\\\/08\\\/26\\\/sheinbaum-pide-que-se-denuncie-a-politicos-que-recibieron-dinero-del-mayo-zambada\\\/#primaryimage\"},\"image\":{\"@id\":\"https:\\\/\\\/www.bbmnoticias.com\\\/blog\\\/2025\\\/08\\\/26\\\/sheinbaum-pide-que-se-denuncie-a-politicos-que-recibieron-dinero-del-mayo-zambada\\\/#primaryimage\"},\"thumbnailUrl\":\"https:\\\/\\\/www.bbmnoticias.com\\\/labravaradiofm\\\/wp-content\\\/uploads\\\/sites\\\/5\\\/2025\\\/08\\\/ismael-mayo-zambada-1-1536x1024-1.jpg\",\"datePublished\":\"2025-08-26T16:19:27+00:00\",\"dateModified\":\"2025-08-26T16:19:56+00:00\",\"author\":{\"@id\":\"https:\\\/\\\/www.bbmnoticias.com\\\/labravaradiofm\\\/#\\\/schema\\\/person\\\/000bdaf0a8fb5bff0d537c4d0778e33f\"},\"breadcrumb\":{\"@id\":\"https:\\\/\\\/www.bbmnoticias.com\\\/blog\\\/2025\\\/08\\\/26\\\/sheinbaum-pide-que-se-denuncie-a-politicos-que-recibieron-dinero-del-mayo-zambada\\\/#breadcrumb\"},\"inLanguage\":\"es\",\"potentialAction\":[{\"@type\":\"ReadAction\",\"target\":[\"https:\\\/\\\/www.bbmnoticias.com\\\/blog\\\/2025\\\/08\\\/26\\\/sheinbaum-pide-que-se-denuncie-a-politicos-que-recibieron-dinero-del-mayo-zambada\\\/\"]}]},{\"@type\":\"ImageObject\",\"inLanguage\":\"es\",\"@id\":\"https:\\\/\\\/www.bbmnoticias.com\\\/blog\\\/2025\\\/08\\\/26\\\/sheinbaum-pide-que-se-denuncie-a-politicos-que-recibieron-dinero-del-mayo-zambada\\\/#primaryimage\",\"url\":\"https:\\\/\\\/www.bbmnoticias.com\\\/labravaradiofm\\\/wp-content\\\/uploads\\\/sites\\\/5\\\/2025\\\/08\\\/ismael-mayo-zambada-1-1536x1024-1.jpg\",\"contentUrl\":\"https:\\\/\\\/www.bbmnoticias.com\\\/labravaradiofm\\\/wp-content\\\/uploads\\\/sites\\\/5\\\/2025\\\/08\\\/ismael-mayo-zambada-1-1536x1024-1.jpg\",\"width\":1536,\"height\":1024},{\"@type\":\"BreadcrumbList\",\"@id\":\"https:\\\/\\\/www.bbmnoticias.com\\\/blog\\\/2025\\\/08\\\/26\\\/sheinbaum-pide-que-se-denuncie-a-politicos-que-recibieron-dinero-del-mayo-zambada\\\/#breadcrumb\",\"itemListElement\":[{\"@type\":\"ListItem\",\"position\":1,\"name\":\"Inicio\",\"item\":\"https:\\\/\\\/www.bbmnoticias.com\\\/labravaradiofm\\\/\"},{\"@type\":\"ListItem\",\"position\":2,\"name\":\"Sheinbaum pide que se denuncie a pol\u00edticos que recibieron dinero del &#8216;Mayo&#8217; Zambada\"}]},{\"@type\":\"WebSite\",\"@id\":\"https:\\\/\\\/www.bbmnoticias.com\\\/labravaradiofm\\\/#website\",\"url\":\"https:\\\/\\\/www.bbmnoticias.com\\\/labravaradiofm\\\/\",\"name\":\"LA BRAVA RADIO\",\"description\":\"Empresa productora de medios, Radiodifusi\u00f3n, Noticias, tendencias y todo lo que necesitas saber de la pol\u00edtica mexicana e internacional; entretenimiento, espect\u00e1culos, salud y mucho m\u00e1s.\",\"potentialAction\":[{\"@type\":\"SearchAction\",\"target\":{\"@type\":\"EntryPoint\",\"urlTemplate\":\"https:\\\/\\\/www.bbmnoticias.com\\\/labravaradiofm\\\/?s={search_term_string}\"},\"query-input\":{\"@type\":\"PropertyValueSpecification\",\"valueRequired\":true,\"valueName\":\"search_term_string\"}}],\"inLanguage\":\"es\"},{\"@type\":\"Person\",\"@id\":\"https:\\\/\\\/www.bbmnoticias.com\\\/labravaradiofm\\\/#\\\/schema\\\/person\\\/000bdaf0a8fb5bff0d537c4d0778e33f\",\"name\":\"Agencias\",\"image\":{\"@type\":\"ImageObject\",\"inLanguage\":\"es\",\"@id\":\"https:\\\/\\\/secure.gravatar.com\\\/avatar\\\/739e0b61adf9e398b425c36718c8752286da0e8cd90f20ce9a86678abc26aa0d?s=96&d=mm&r=g\",\"url\":\"https:\\\/\\\/secure.gravatar.com\\\/avatar\\\/739e0b61adf9e398b425c36718c8752286da0e8cd90f20ce9a86678abc26aa0d?s=96&d=mm&r=g\",\"contentUrl\":\"https:\\\/\\\/secure.gravatar.com\\\/avatar\\\/739e0b61adf9e398b425c36718c8752286da0e8cd90f20ce9a86678abc26aa0d?s=96&d=mm&r=g\",\"caption\":\"Agencias\"},\"url\":\"https:\\\/\\\/www.bbmnoticias.com\\\/labravaradiofm\\\/author\\\/agencias\\\/\"}]}<\/script>\n<!-- \/ Yoast SEO plugin. -->","yoast_head_json":{"title":"Sheinbaum pide que se denuncie a pol\u00edticos que recibieron dinero del 'Mayo' Zambada - LA BRAVA RADIO","robots":{"index":"index","follow":"follow","max-snippet":"max-snippet:-1","max-image-preview":"max-image-preview:large","max-video-preview":"max-video-preview:-1"},"canonical":"https:\/\/www.bbmnoticias.com\/blog\/2025\/08\/26\/sheinbaum-pide-que-se-denuncie-a-politicos-que-recibieron-dinero-del-mayo-zambada\/","og_locale":"es_MX","og_type":"article","og_title":"Sheinbaum pide que se denuncie a pol\u00edticos que recibieron dinero del 'Mayo' Zambada - LA BRAVA RADIO","og_description":"La presidenta de M\u00e9xico, Claudia Sheinbaum Pardo, pidi\u00f3 que se denuncie a qui\u00e9nes les daba dinero el narcotraficante mexicano Ismael Mayo Zambada, quien se declar\u00f3 culpable en Estados Unidos por cargos de crimen organizado. Pues tiene que haber una denuncia, \u00bfno? O sea, porque, puede decir este tema, pero \u00bfa qui\u00e9n le daba dinero? De [&hellip;]","og_url":"https:\/\/www.bbmnoticias.com\/blog\/2025\/08\/26\/sheinbaum-pide-que-se-denuncie-a-politicos-que-recibieron-dinero-del-mayo-zambada\/","og_site_name":"LA BRAVA RADIO","article_published_time":"2025-08-26T16:19:27+00:00","article_modified_time":"2025-08-26T16:19:56+00:00","og_image":[{"width":1536,"height":1024,"url":"https:\/\/www.bbmnoticias.com\/labravaradiofm\/wp-content\/uploads\/sites\/5\/2025\/08\/ismael-mayo-zambada-1-1536x1024-1.jpg","type":"image\/jpeg"}],"author":"Agencias","twitter_card":"summary_large_image","twitter_misc":{"Escrito por":"Agencias","Tiempo de lectura":"2 minutos"},"schema":{"@context":"https:\/\/schema.org","@graph":[{"@type":"Article","@id":"https:\/\/www.bbmnoticias.com\/blog\/2025\/08\/26\/sheinbaum-pide-que-se-denuncie-a-politicos-que-recibieron-dinero-del-mayo-zambada\/#article","isPartOf":{"@id":"https:\/\/www.bbmnoticias.com\/labravaradiofm\/2025\/08\/26\/sheinbaum-pide-que-se-denuncie-a-politicos-que-recibieron-dinero-del-mayo-zambada\/"},"author":{"name":"Agencias","@id":"https:\/\/www.bbmnoticias.com\/labravaradiofm\/#\/schema\/person\/000bdaf0a8fb5bff0d537c4d0778e33f"},"headline":"Sheinbaum pide que se denuncie a pol\u00edticos que recibieron dinero del &#8216;Mayo&#8217; Zambada","datePublished":"2025-08-26T16:19:27+00:00","dateModified":"2025-08-26T16:19:56+00:00","mainEntityOfPage":{"@id":"https:\/\/www.bbmnoticias.com\/labravaradiofm\/2025\/08\/26\/sheinbaum-pide-que-se-denuncie-a-politicos-que-recibieron-dinero-del-mayo-zambada\/"},"wordCount":407,"image":{"@id":"https:\/\/www.bbmnoticias.com\/blog\/2025\/08\/26\/sheinbaum-pide-que-se-denuncie-a-politicos-que-recibieron-dinero-del-mayo-zambada\/#primaryimage"},"thumbnailUrl":"https:\/\/www.bbmnoticias.com\/labravaradiofm\/wp-content\/uploads\/sites\/5\/2025\/08\/ismael-mayo-zambada-1-1536x1024-1.jpg","articleSection":["LOCAL","NACIONAL"],"inLanguage":"es"},{"@type":"WebPage","@id":"https:\/\/www.bbmnoticias.com\/labravaradiofm\/2025\/08\/26\/sheinbaum-pide-que-se-denuncie-a-politicos-que-recibieron-dinero-del-mayo-zambada\/","url":"https:\/\/www.bbmnoticias.com\/blog\/2025\/08\/26\/sheinbaum-pide-que-se-denuncie-a-politicos-que-recibieron-dinero-del-mayo-zambada\/","name":"Sheinbaum pide que se denuncie a pol\u00edticos que recibieron dinero del 'Mayo' Zambada - LA BRAVA RADIO","isPartOf":{"@id":"https:\/\/www.bbmnoticias.com\/labravaradiofm\/#website"},"primaryImageOfPage":{"@id":"https:\/\/www.bbmnoticias.com\/blog\/2025\/08\/26\/sheinbaum-pide-que-se-denuncie-a-politicos-que-recibieron-dinero-del-mayo-zambada\/#primaryimage"},"image":{"@id":"https:\/\/www.bbmnoticias.com\/blog\/2025\/08\/26\/sheinbaum-pide-que-se-denuncie-a-politicos-que-recibieron-dinero-del-mayo-zambada\/#primaryimage"},"thumbnailUrl":"https:\/\/www.bbmnoticias.com\/labravaradiofm\/wp-content\/uploads\/sites\/5\/2025\/08\/ismael-mayo-zambada-1-1536x1024-1.jpg","datePublished":"2025-08-26T16:19:27+00:00","dateModified":"2025-08-26T16:19:56+00:00","author":{"@id":"https:\/\/www.bbmnoticias.com\/labravaradiofm\/#\/schema\/person\/000bdaf0a8fb5bff0d537c4d0778e33f"},"breadcrumb":{"@id":"https:\/\/www.bbmnoticias.com\/blog\/2025\/08\/26\/sheinbaum-pide-que-se-denuncie-a-politicos-que-recibieron-dinero-del-mayo-zambada\/#breadcrumb"},"inLanguage":"es","potentialAction":[{"@type":"ReadAction","target":["https:\/\/www.bbmnoticias.com\/blog\/2025\/08\/26\/sheinbaum-pide-que-se-denuncie-a-politicos-que-recibieron-dinero-del-mayo-zambada\/"]}]},{"@type":"ImageObject","inLanguage":"es","@id":"https:\/\/www.bbmnoticias.com\/blog\/2025\/08\/26\/sheinbaum-pide-que-se-denuncie-a-politicos-que-recibieron-dinero-del-mayo-zambada\/#primaryimage","url":"https:\/\/www.bbmnoticias.com\/labravaradiofm\/wp-content\/uploads\/sites\/5\/2025\/08\/ismael-mayo-zambada-1-1536x1024-1.jpg","contentUrl":"https:\/\/www.bbmnoticias.com\/labravaradiofm\/wp-content\/uploads\/sites\/5\/2025\/08\/ismael-mayo-zambada-1-1536x1024-1.jpg","width":1536,"height":1024},{"@type":"BreadcrumbList","@id":"https:\/\/www.bbmnoticias.com\/blog\/2025\/08\/26\/sheinbaum-pide-que-se-denuncie-a-politicos-que-recibieron-dinero-del-mayo-zambada\/#breadcrumb","itemListElement":[{"@type":"ListItem","position":1,"name":"Inicio","item":"https:\/\/www.bbmnoticias.com\/labravaradiofm\/"},{"@type":"ListItem","position":2,"name":"Sheinbaum pide que se denuncie a pol\u00edticos que recibieron dinero del &#8216;Mayo&#8217; Zambada"}]},{"@type":"WebSite","@id":"https:\/\/www.bbmnoticias.com\/labravaradiofm\/#website","url":"https:\/\/www.bbmnoticias.com\/labravaradiofm\/","name":"LA BRAVA RADIO","description":"Empresa productora de medios, Radiodifusi\u00f3n, Noticias, tendencias y todo lo que necesitas saber de la pol\u00edtica mexicana e internacional; entretenimiento, espect\u00e1culos, salud y mucho m\u00e1s.","potentialAction":[{"@type":"SearchAction","target":{"@type":"EntryPoint","urlTemplate":"https:\/\/www.bbmnoticias.com\/labravaradiofm\/?s={search_term_string}"},"query-input":{"@type":"PropertyValueSpecification","valueRequired":true,"valueName":"search_term_string"}}],"inLanguage":"es"},{"@type":"Person","@id":"https:\/\/www.bbmnoticias.com\/labravaradiofm\/#\/schema\/person\/000bdaf0a8fb5bff0d537c4d0778e33f","name":"Agencias","image":{"@type":"ImageObject","inLanguage":"es","@id":"https:\/\/secure.gravatar.com\/avatar\/739e0b61adf9e398b425c36718c8752286da0e8cd90f20ce9a86678abc26aa0d?s=96&d=mm&r=g","url":"https:\/\/secure.gravatar.com\/avatar\/739e0b61adf9e398b425c36718c8752286da0e8cd90f20ce9a86678abc26aa0d?s=96&d=mm&r=g","contentUrl":"https:\/\/secure.gravatar.com\/avatar\/739e0b61adf9e398b425c36718c8752286da0e8cd90f20ce9a86678abc26aa0d?s=96&d=mm&r=g","caption":"Agencias"},"url":"https:\/\/www.bbmnoticias.com\/labravaradiofm\/author\/agencias\/"}]}},"_links":{"self":[{"href":"https:\/\/www.bbmnoticias.com\/labravaradiofm\/wp-json\/wp\/v2\/posts\/65594","targetHints":{"allow":["GET"]}}],"collection":[{"href":"https:\/\/www.bbmnoticias.com\/labravaradiofm\/wp-json\/wp\/v2\/posts"}],"about":[{"href":"https:\/\/www.bbmnoticias.com\/labravaradiofm\/wp-json\/wp\/v2\/types\/post"}],"author":[{"embeddable":true,"href":"https:\/\/www.bbmnoticias.com\/labravaradiofm\/wp-json\/wp\/v2\/users\/4"}],"replies":[{"embeddable":true,"href":"https:\/\/www.bbmnoticias.com\/labravaradiofm\/wp-json\/wp\/v2\/comments?post=65594"}],"version-history":[{"count":0,"href":"https:\/\/www.bbmnoticias.com\/labravaradiofm\/wp-json\/wp\/v2\/posts\/65594\/revisions"}],"wp:featuredmedia":[{"embeddable":true,"href":"https:\/\/www.bbmnoticias.com\/labravaradiofm\/wp-json\/wp\/v2\/media\/65596"}],"wp:attachment":[{"href":"https:\/\/www.bbmnoticias.com\/labravaradiofm\/wp-json\/wp\/v2\/media?parent=65594"}],"wp:term":[{"taxonomy":"category","embeddable":true,"href":"https:\/\/www.bbmnoticias.com\/labravaradiofm\/wp-json\/wp\/v2\/categories?post=65594"},{"taxonomy":"post_tag","embeddable":true,"href":"https:\/\/www.bbmnoticias.com\/labravaradiofm\/wp-json\/wp\/v2\/tags?post=65594"}],"curies":[{"name":"wp","href":"https:\/\/api.w.org\/{rel}","templated":true}]}}