{"id":65591,"date":"2025-08-26T08:41:00","date_gmt":"2025-08-26T14:41:00","guid":{"rendered":"https:\/\/www.bbmnoticias.com\/labravaradiofm\/2025\/08\/26\/sheinbaum-destaca-que-dea-puso-al-mismo-nivel-al-mayo-zambada-y-a-garcia-luna\/"},"modified":"2025-08-26T09:14:43","modified_gmt":"2025-08-26T15:14:43","slug":"sheinbaum-destaca-que-dea-puso-al-mismo-nivel-al-mayo-zambada-y-a-garcia-luna","status":"publish","type":"post","link":"https:\/\/www.bbmnoticias.com\/labravaradiofm\/2025\/08\/26\/sheinbaum-destaca-que-dea-puso-al-mismo-nivel-al-mayo-zambada-y-a-garcia-luna\/","title":{"rendered":"Sheinbaum destaca que DEA puso al mismo nivel al &#8216;Mayo&#8217; Zambada y a Garc\u00eda Luna"},"content":{"rendered":"<div style=\"margin-top: 0px; margin-bottom: 0px;\" class=\"sharethis-inline-share-buttons\" ><\/div>\n<p>La presidenta <strong>Claudia Sheinbaum Pardo<\/strong> asegur\u00f3 que la Administraci\u00f3n para el Control de Drogas de EE.UU. (<strong>DEA<\/strong>, en ingl\u00e9s) coloc\u00f3 \u201cen el <strong>mismo nivel<\/strong>\u201d a G<strong>enaro Garc\u00eda Luna<\/strong>, exsecretario de Seguridad P\u00fablica; y los narcotraficantes <strong>Joaqu\u00edn<em>\u00a0Chapo<\/em> Guzm\u00e1n<\/strong> e<strong> Ismael<em>\u00a0Mayo<\/em>\u00a0Zambada<\/strong>,<\/p>\n\n\n\n<figure class=\"wp-block-embed is-type-video is-provider-youtube wp-block-embed-youtube wp-embed-aspect-16-9 wp-has-aspect-ratio\"><div class=\"wp-block-embed__wrapper\">\n<iframe loading=\"lazy\" title=\"#Ma\u00f1aneraDelPueblo desde Palacio Nacional. Martes 26 de agosto 2025\" width=\"696\" height=\"392\" src=\"https:\/\/www.youtube.com\/embed\/9bDf5gaGwfo?feature=oembed\" frameborder=\"0\" allow=\"accelerometer; autoplay; clipboard-write; encrypted-media; gyroscope; picture-in-picture; web-share\" referrerpolicy=\"strict-origin-when-cross-origin\" allowfullscreen><\/iframe>\n<\/div><\/figure>\n\n\n\n<p>En la conferencia matutina de Palacio Nacional, Sheinbaum Pardo reaccion\u00f3 a la declaraci\u00f3n de culpabilidad que realiz\u00f3 Zambada Garc\u00eda ante una Corte de Nueva York, Estados Unidos.<\/p>\n\n\n\n<figure class=\"wp-block-pullquote\"><blockquote><p>Lo que m\u00e1s me llam\u00f3 la atenci\u00f3n ayer fue lo que dijo el director de la DEA, dice en su declaraci\u00f3n: hemos derribado a tres grandes narcotraficantes: el primero, Garc\u00eda Luna; el segundo, el <em>Chapo<\/em>, y tercero, el<em> Mayo<\/em>\u201c, asegur\u00f3.<\/p><\/blockquote><\/figure>\n\n\n\n<p>\u201cEl director de la DEA pone al mismo nivel a dos conocidos capos de la droga y al que fue secretario de seguridad de (Felipe) Calder\u00f3n, as\u00ed lo dijo, tal cual\u201d, manifest\u00f3.<\/p>\n\n\n\n<p>\u201cImag\u00ednense c\u00f3mo lo ve una agencia de Estados Unidos al que fue secretario de Seguridad de Calder\u00f3n, a m\u00ed me llam\u00f3 mucho la atenci\u00f3n que lo nombr\u00f3\u201d, lanz\u00f3.<\/p>\n\n\n\n<p>La mandataria mexicana mexicano dej\u00f3 en claro que hay <strong>colaboraci\u00f3n<\/strong> con <strong>Estados Unidos<\/strong> en materia de seguridad, lo que fue reconocido por la<strong> fiscal general<\/strong> de la Uni\u00f3n Americana, <strong>Pam Bondi<\/strong>, en una conferencia de prensa.<\/p>\n\n\n\n<p>\u201cAyer, la propia fiscal de Estados Unidos dijo claramente que hay colaboraci\u00f3n con el Gobierno de M\u00e9xico en la reducci\u00f3n de los delitos, todo lo que se tiene que hacer contra los grupos de la delincuencia organizada\u201d, sostuvo.<\/p>\n\n\n\n<p>La fiscal general de EE.UU., Pam Bondi, celebr\u00f3 la decisi\u00f3n por la que Ismael <em>Mayo<\/em> Zambada, cofundador del C\u00e1rtel de Sinaloa, se declar\u00f3 el lunes 25 de agosto de 2025 culpable de dos cargos de narcotr\u00e1fico, lavado de dinero y uso de armas en un tribunal federal de Nueva York.<\/p>\n\n\n\n<p>\u201cEs una victoria hist\u00f3rica para el Departamento de Justicia (\u2026) El Mayo pasar\u00e1 el resto de su vida tras las rejas. Morir\u00e1 en una prisi\u00f3n federal estadounidense, donde le corresponde\u201d, afirm\u00f3 Bondi en una rueda de prensa desde la Gran Manzana, acompa\u00f1ada de una decena de representantes de la DEA, el FBI y el Departamento de Justicia.<\/p>\n\n\n\n<p>\u201cEs una victoria hist\u00f3rica para el Departamento de Justicia (\u2026) El Mayo pasar\u00e1 el resto de su vida tras las rejas. Morir\u00e1 en una prisi\u00f3n federal estadounidense, donde le corresponde\u201d, afirm\u00f3 Bondi en una rueda de prensa.<\/p>\n\n\n\n<p>Bondi agradeci\u00f3 al Gobierno de M\u00e9xico por colaborar con la extradici\u00f3n de otros cincuenta \u2018capos\u2019 de distintos c\u00e1rteles mexicanos a EE.UU. en los \u00faltimos meses.<\/p>\n\n\n\n<p>El director de la <strong>DEA, Terry Cole,<\/strong> reiter\u00f3 que nadie est\u00e1 fuera de la ley en Estados Unidos.<\/p>\n\n\n\n<p>\u201cCuando me un\u00ed a este caso hace a\u00f1os, me dijeron que est\u00e1bamos persiguiendo fantasmas. Hoy probamos una vez m\u00e1s que nadie est\u00e1 lejos de nuestro alcance\u201d, declar\u00f3.<\/p>\n","protected":false},"excerpt":{"rendered":"<p>La presidenta Claudia Sheinbaum Pardo asegur\u00f3 que la Administraci\u00f3n para el Control de Drogas de EE.UU. (DEA, en ingl\u00e9s) coloc\u00f3 \u201cen el mismo nivel\u201d a Genaro Garc\u00eda Luna, exsecretario de Seguridad P\u00fablica; y los narcotraficantes Joaqu\u00edn\u00a0Chapo Guzm\u00e1n e Ismael\u00a0Mayo\u00a0Zambada, En la conferencia matutina de Palacio Nacional, Sheinbaum Pardo reaccion\u00f3 a la declaraci\u00f3n de culpabilidad que [&hellip;]<\/p>\n","protected":false},"author":4,"featured_media":65593,"comment_status":"closed","ping_status":"","sticky":false,"template":"","format":"standard","meta":{"footnotes":""},"categories":[2,19],"tags":[],"class_list":{"0":"post-65591","1":"post","2":"type-post","3":"status-publish","4":"format-standard","5":"has-post-thumbnail","7":"category-oaxaca","8":"category-nacional"},"yoast_head":"<!-- This site is optimized with the Yoast SEO plugin v27.4 - https:\/\/yoast.com\/product\/yoast-seo-wordpress\/ -->\n<title>Sheinbaum destaca que DEA puso al mismo nivel al &#039;Mayo&#039; Zambada y a Garc\u00eda Luna - LA BRAVA RADIO<\/title>\n<meta name=\"robots\" content=\"index, follow, max-snippet:-1, max-image-preview:large, max-video-preview:-1\" \/>\n<link rel=\"canonical\" href=\"https:\/\/www.bbmnoticias.com\/blog\/2025\/08\/26\/sheinbaum-destaca-que-dea-puso-al-mismo-nivel-al-mayo-zambada-y-a-garcia-luna\/\" \/>\n<meta property=\"og:locale\" content=\"es_MX\" \/>\n<meta property=\"og:type\" content=\"article\" \/>\n<meta property=\"og:title\" content=\"Sheinbaum destaca que DEA puso al mismo nivel al &#039;Mayo&#039; Zambada y a Garc\u00eda Luna - LA BRAVA RADIO\" \/>\n<meta property=\"og:description\" content=\"La presidenta Claudia Sheinbaum Pardo asegur\u00f3 que la Administraci\u00f3n para el Control de Drogas de EE.UU. (DEA, en ingl\u00e9s) coloc\u00f3 \u201cen el mismo nivel\u201d a Genaro Garc\u00eda Luna, exsecretario de Seguridad P\u00fablica; y los narcotraficantes Joaqu\u00edn\u00a0Chapo Guzm\u00e1n e Ismael\u00a0Mayo\u00a0Zambada, En la conferencia matutina de Palacio Nacional, Sheinbaum Pardo reaccion\u00f3 a la declaraci\u00f3n de culpabilidad que [&hellip;]\" \/>\n<meta property=\"og:url\" content=\"https:\/\/www.bbmnoticias.com\/blog\/2025\/08\/26\/sheinbaum-destaca-que-dea-puso-al-mismo-nivel-al-mayo-zambada-y-a-garcia-luna\/\" \/>\n<meta property=\"og:site_name\" content=\"LA BRAVA RADIO\" \/>\n<meta property=\"article:published_time\" content=\"2025-08-26T14:41:00+00:00\" \/>\n<meta property=\"article:modified_time\" content=\"2025-08-26T15:14:43+00:00\" \/>\n<meta property=\"og:image\" content=\"https:\/\/www.bbmnoticias.com\/labravaradiofm\/wp-content\/uploads\/sites\/5\/2025\/08\/sheinbaum-mayo-zambada-garcia-luna.jpg\" \/>\n\t<meta property=\"og:image:width\" content=\"1536\" \/>\n\t<meta property=\"og:image:height\" content=\"1024\" \/>\n\t<meta property=\"og:image:type\" content=\"image\/jpeg\" \/>\n<meta name=\"author\" content=\"Agencias\" \/>\n<meta name=\"twitter:card\" content=\"summary_large_image\" \/>\n<meta name=\"twitter:label1\" content=\"Escrito por\" \/>\n\t<meta name=\"twitter:data1\" content=\"Agencias\" \/>\n\t<meta name=\"twitter:label2\" content=\"Tiempo de lectura\" \/>\n\t<meta name=\"twitter:data2\" content=\"2 minutos\" \/>\n<script type=\"application\/ld+json\" class=\"yoast-schema-graph\">{\"@context\":\"https:\\\/\\\/schema.org\",\"@graph\":[{\"@type\":\"Article\",\"@id\":\"https:\\\/\\\/www.bbmnoticias.com\\\/blog\\\/2025\\\/08\\\/26\\\/sheinbaum-destaca-que-dea-puso-al-mismo-nivel-al-mayo-zambada-y-a-garcia-luna\\\/#article\",\"isPartOf\":{\"@id\":\"https:\\\/\\\/www.bbmnoticias.com\\\/labravaradiofm\\\/2025\\\/08\\\/26\\\/sheinbaum-destaca-que-dea-puso-al-mismo-nivel-al-mayo-zambada-y-a-garcia-luna\\\/\"},\"author\":{\"name\":\"Agencias\",\"@id\":\"https:\\\/\\\/www.bbmnoticias.com\\\/labravaradiofm\\\/#\\\/schema\\\/person\\\/000bdaf0a8fb5bff0d537c4d0778e33f\"},\"headline\":\"Sheinbaum destaca que DEA puso al mismo nivel al &#8216;Mayo&#8217; Zambada y a Garc\u00eda Luna\",\"datePublished\":\"2025-08-26T14:41:00+00:00\",\"dateModified\":\"2025-08-26T15:14:43+00:00\",\"mainEntityOfPage\":{\"@id\":\"https:\\\/\\\/www.bbmnoticias.com\\\/labravaradiofm\\\/2025\\\/08\\\/26\\\/sheinbaum-destaca-que-dea-puso-al-mismo-nivel-al-mayo-zambada-y-a-garcia-luna\\\/\"},\"wordCount\":513,\"image\":{\"@id\":\"https:\\\/\\\/www.bbmnoticias.com\\\/blog\\\/2025\\\/08\\\/26\\\/sheinbaum-destaca-que-dea-puso-al-mismo-nivel-al-mayo-zambada-y-a-garcia-luna\\\/#primaryimage\"},\"thumbnailUrl\":\"https:\\\/\\\/www.bbmnoticias.com\\\/labravaradiofm\\\/wp-content\\\/uploads\\\/sites\\\/5\\\/2025\\\/08\\\/sheinbaum-mayo-zambada-garcia-luna.jpg\",\"articleSection\":[\"LOCAL\",\"NACIONAL\"],\"inLanguage\":\"es\"},{\"@type\":\"WebPage\",\"@id\":\"https:\\\/\\\/www.bbmnoticias.com\\\/labravaradiofm\\\/2025\\\/08\\\/26\\\/sheinbaum-destaca-que-dea-puso-al-mismo-nivel-al-mayo-zambada-y-a-garcia-luna\\\/\",\"url\":\"https:\\\/\\\/www.bbmnoticias.com\\\/blog\\\/2025\\\/08\\\/26\\\/sheinbaum-destaca-que-dea-puso-al-mismo-nivel-al-mayo-zambada-y-a-garcia-luna\\\/\",\"name\":\"Sheinbaum destaca que DEA puso al mismo nivel al 'Mayo' Zambada y a Garc\u00eda Luna - LA BRAVA RADIO\",\"isPartOf\":{\"@id\":\"https:\\\/\\\/www.bbmnoticias.com\\\/labravaradiofm\\\/#website\"},\"primaryImageOfPage\":{\"@id\":\"https:\\\/\\\/www.bbmnoticias.com\\\/blog\\\/2025\\\/08\\\/26\\\/sheinbaum-destaca-que-dea-puso-al-mismo-nivel-al-mayo-zambada-y-a-garcia-luna\\\/#primaryimage\"},\"image\":{\"@id\":\"https:\\\/\\\/www.bbmnoticias.com\\\/blog\\\/2025\\\/08\\\/26\\\/sheinbaum-destaca-que-dea-puso-al-mismo-nivel-al-mayo-zambada-y-a-garcia-luna\\\/#primaryimage\"},\"thumbnailUrl\":\"https:\\\/\\\/www.bbmnoticias.com\\\/labravaradiofm\\\/wp-content\\\/uploads\\\/sites\\\/5\\\/2025\\\/08\\\/sheinbaum-mayo-zambada-garcia-luna.jpg\",\"datePublished\":\"2025-08-26T14:41:00+00:00\",\"dateModified\":\"2025-08-26T15:14:43+00:00\",\"author\":{\"@id\":\"https:\\\/\\\/www.bbmnoticias.com\\\/labravaradiofm\\\/#\\\/schema\\\/person\\\/000bdaf0a8fb5bff0d537c4d0778e33f\"},\"breadcrumb\":{\"@id\":\"https:\\\/\\\/www.bbmnoticias.com\\\/blog\\\/2025\\\/08\\\/26\\\/sheinbaum-destaca-que-dea-puso-al-mismo-nivel-al-mayo-zambada-y-a-garcia-luna\\\/#breadcrumb\"},\"inLanguage\":\"es\",\"potentialAction\":[{\"@type\":\"ReadAction\",\"target\":[\"https:\\\/\\\/www.bbmnoticias.com\\\/blog\\\/2025\\\/08\\\/26\\\/sheinbaum-destaca-que-dea-puso-al-mismo-nivel-al-mayo-zambada-y-a-garcia-luna\\\/\"]}]},{\"@type\":\"ImageObject\",\"inLanguage\":\"es\",\"@id\":\"https:\\\/\\\/www.bbmnoticias.com\\\/blog\\\/2025\\\/08\\\/26\\\/sheinbaum-destaca-que-dea-puso-al-mismo-nivel-al-mayo-zambada-y-a-garcia-luna\\\/#primaryimage\",\"url\":\"https:\\\/\\\/www.bbmnoticias.com\\\/labravaradiofm\\\/wp-content\\\/uploads\\\/sites\\\/5\\\/2025\\\/08\\\/sheinbaum-mayo-zambada-garcia-luna.jpg\",\"contentUrl\":\"https:\\\/\\\/www.bbmnoticias.com\\\/labravaradiofm\\\/wp-content\\\/uploads\\\/sites\\\/5\\\/2025\\\/08\\\/sheinbaum-mayo-zambada-garcia-luna.jpg\",\"width\":1536,\"height\":1024},{\"@type\":\"BreadcrumbList\",\"@id\":\"https:\\\/\\\/www.bbmnoticias.com\\\/blog\\\/2025\\\/08\\\/26\\\/sheinbaum-destaca-que-dea-puso-al-mismo-nivel-al-mayo-zambada-y-a-garcia-luna\\\/#breadcrumb\",\"itemListElement\":[{\"@type\":\"ListItem\",\"position\":1,\"name\":\"Inicio\",\"item\":\"https:\\\/\\\/www.bbmnoticias.com\\\/labravaradiofm\\\/\"},{\"@type\":\"ListItem\",\"position\":2,\"name\":\"Sheinbaum destaca que DEA puso al mismo nivel al &#8216;Mayo&#8217; Zambada y a Garc\u00eda Luna\"}]},{\"@type\":\"WebSite\",\"@id\":\"https:\\\/\\\/www.bbmnoticias.com\\\/labravaradiofm\\\/#website\",\"url\":\"https:\\\/\\\/www.bbmnoticias.com\\\/labravaradiofm\\\/\",\"name\":\"LA BRAVA RADIO\",\"description\":\"Empresa productora de medios, Radiodifusi\u00f3n, Noticias, tendencias y todo lo que necesitas saber de la pol\u00edtica mexicana e internacional; entretenimiento, espect\u00e1culos, salud y mucho m\u00e1s.\",\"potentialAction\":[{\"@type\":\"SearchAction\",\"target\":{\"@type\":\"EntryPoint\",\"urlTemplate\":\"https:\\\/\\\/www.bbmnoticias.com\\\/labravaradiofm\\\/?s={search_term_string}\"},\"query-input\":{\"@type\":\"PropertyValueSpecification\",\"valueRequired\":true,\"valueName\":\"search_term_string\"}}],\"inLanguage\":\"es\"},{\"@type\":\"Person\",\"@id\":\"https:\\\/\\\/www.bbmnoticias.com\\\/labravaradiofm\\\/#\\\/schema\\\/person\\\/000bdaf0a8fb5bff0d537c4d0778e33f\",\"name\":\"Agencias\",\"image\":{\"@type\":\"ImageObject\",\"inLanguage\":\"es\",\"@id\":\"https:\\\/\\\/secure.gravatar.com\\\/avatar\\\/739e0b61adf9e398b425c36718c8752286da0e8cd90f20ce9a86678abc26aa0d?s=96&d=mm&r=g\",\"url\":\"https:\\\/\\\/secure.gravatar.com\\\/avatar\\\/739e0b61adf9e398b425c36718c8752286da0e8cd90f20ce9a86678abc26aa0d?s=96&d=mm&r=g\",\"contentUrl\":\"https:\\\/\\\/secure.gravatar.com\\\/avatar\\\/739e0b61adf9e398b425c36718c8752286da0e8cd90f20ce9a86678abc26aa0d?s=96&d=mm&r=g\",\"caption\":\"Agencias\"},\"url\":\"https:\\\/\\\/www.bbmnoticias.com\\\/labravaradiofm\\\/author\\\/agencias\\\/\"}]}<\/script>\n<!-- \/ Yoast SEO plugin. -->","yoast_head_json":{"title":"Sheinbaum destaca que DEA puso al mismo nivel al 'Mayo' Zambada y a Garc\u00eda Luna - LA BRAVA RADIO","robots":{"index":"index","follow":"follow","max-snippet":"max-snippet:-1","max-image-preview":"max-image-preview:large","max-video-preview":"max-video-preview:-1"},"canonical":"https:\/\/www.bbmnoticias.com\/blog\/2025\/08\/26\/sheinbaum-destaca-que-dea-puso-al-mismo-nivel-al-mayo-zambada-y-a-garcia-luna\/","og_locale":"es_MX","og_type":"article","og_title":"Sheinbaum destaca que DEA puso al mismo nivel al 'Mayo' Zambada y a Garc\u00eda Luna - LA BRAVA RADIO","og_description":"La presidenta Claudia Sheinbaum Pardo asegur\u00f3 que la Administraci\u00f3n para el Control de Drogas de EE.UU. (DEA, en ingl\u00e9s) coloc\u00f3 \u201cen el mismo nivel\u201d a Genaro Garc\u00eda Luna, exsecretario de Seguridad P\u00fablica; y los narcotraficantes Joaqu\u00edn\u00a0Chapo Guzm\u00e1n e Ismael\u00a0Mayo\u00a0Zambada, En la conferencia matutina de Palacio Nacional, Sheinbaum Pardo reaccion\u00f3 a la declaraci\u00f3n de culpabilidad que [&hellip;]","og_url":"https:\/\/www.bbmnoticias.com\/blog\/2025\/08\/26\/sheinbaum-destaca-que-dea-puso-al-mismo-nivel-al-mayo-zambada-y-a-garcia-luna\/","og_site_name":"LA BRAVA RADIO","article_published_time":"2025-08-26T14:41:00+00:00","article_modified_time":"2025-08-26T15:14:43+00:00","og_image":[{"width":1536,"height":1024,"url":"https:\/\/www.bbmnoticias.com\/labravaradiofm\/wp-content\/uploads\/sites\/5\/2025\/08\/sheinbaum-mayo-zambada-garcia-luna.jpg","type":"image\/jpeg"}],"author":"Agencias","twitter_card":"summary_large_image","twitter_misc":{"Escrito por":"Agencias","Tiempo de lectura":"2 minutos"},"schema":{"@context":"https:\/\/schema.org","@graph":[{"@type":"Article","@id":"https:\/\/www.bbmnoticias.com\/blog\/2025\/08\/26\/sheinbaum-destaca-que-dea-puso-al-mismo-nivel-al-mayo-zambada-y-a-garcia-luna\/#article","isPartOf":{"@id":"https:\/\/www.bbmnoticias.com\/labravaradiofm\/2025\/08\/26\/sheinbaum-destaca-que-dea-puso-al-mismo-nivel-al-mayo-zambada-y-a-garcia-luna\/"},"author":{"name":"Agencias","@id":"https:\/\/www.bbmnoticias.com\/labravaradiofm\/#\/schema\/person\/000bdaf0a8fb5bff0d537c4d0778e33f"},"headline":"Sheinbaum destaca que DEA puso al mismo nivel al &#8216;Mayo&#8217; Zambada y a Garc\u00eda Luna","datePublished":"2025-08-26T14:41:00+00:00","dateModified":"2025-08-26T15:14:43+00:00","mainEntityOfPage":{"@id":"https:\/\/www.bbmnoticias.com\/labravaradiofm\/2025\/08\/26\/sheinbaum-destaca-que-dea-puso-al-mismo-nivel-al-mayo-zambada-y-a-garcia-luna\/"},"wordCount":513,"image":{"@id":"https:\/\/www.bbmnoticias.com\/blog\/2025\/08\/26\/sheinbaum-destaca-que-dea-puso-al-mismo-nivel-al-mayo-zambada-y-a-garcia-luna\/#primaryimage"},"thumbnailUrl":"https:\/\/www.bbmnoticias.com\/labravaradiofm\/wp-content\/uploads\/sites\/5\/2025\/08\/sheinbaum-mayo-zambada-garcia-luna.jpg","articleSection":["LOCAL","NACIONAL"],"inLanguage":"es"},{"@type":"WebPage","@id":"https:\/\/www.bbmnoticias.com\/labravaradiofm\/2025\/08\/26\/sheinbaum-destaca-que-dea-puso-al-mismo-nivel-al-mayo-zambada-y-a-garcia-luna\/","url":"https:\/\/www.bbmnoticias.com\/blog\/2025\/08\/26\/sheinbaum-destaca-que-dea-puso-al-mismo-nivel-al-mayo-zambada-y-a-garcia-luna\/","name":"Sheinbaum destaca que DEA puso al mismo nivel al 'Mayo' Zambada y a Garc\u00eda Luna - LA BRAVA RADIO","isPartOf":{"@id":"https:\/\/www.bbmnoticias.com\/labravaradiofm\/#website"},"primaryImageOfPage":{"@id":"https:\/\/www.bbmnoticias.com\/blog\/2025\/08\/26\/sheinbaum-destaca-que-dea-puso-al-mismo-nivel-al-mayo-zambada-y-a-garcia-luna\/#primaryimage"},"image":{"@id":"https:\/\/www.bbmnoticias.com\/blog\/2025\/08\/26\/sheinbaum-destaca-que-dea-puso-al-mismo-nivel-al-mayo-zambada-y-a-garcia-luna\/#primaryimage"},"thumbnailUrl":"https:\/\/www.bbmnoticias.com\/labravaradiofm\/wp-content\/uploads\/sites\/5\/2025\/08\/sheinbaum-mayo-zambada-garcia-luna.jpg","datePublished":"2025-08-26T14:41:00+00:00","dateModified":"2025-08-26T15:14:43+00:00","author":{"@id":"https:\/\/www.bbmnoticias.com\/labravaradiofm\/#\/schema\/person\/000bdaf0a8fb5bff0d537c4d0778e33f"},"breadcrumb":{"@id":"https:\/\/www.bbmnoticias.com\/blog\/2025\/08\/26\/sheinbaum-destaca-que-dea-puso-al-mismo-nivel-al-mayo-zambada-y-a-garcia-luna\/#breadcrumb"},"inLanguage":"es","potentialAction":[{"@type":"ReadAction","target":["https:\/\/www.bbmnoticias.com\/blog\/2025\/08\/26\/sheinbaum-destaca-que-dea-puso-al-mismo-nivel-al-mayo-zambada-y-a-garcia-luna\/"]}]},{"@type":"ImageObject","inLanguage":"es","@id":"https:\/\/www.bbmnoticias.com\/blog\/2025\/08\/26\/sheinbaum-destaca-que-dea-puso-al-mismo-nivel-al-mayo-zambada-y-a-garcia-luna\/#primaryimage","url":"https:\/\/www.bbmnoticias.com\/labravaradiofm\/wp-content\/uploads\/sites\/5\/2025\/08\/sheinbaum-mayo-zambada-garcia-luna.jpg","contentUrl":"https:\/\/www.bbmnoticias.com\/labravaradiofm\/wp-content\/uploads\/sites\/5\/2025\/08\/sheinbaum-mayo-zambada-garcia-luna.jpg","width":1536,"height":1024},{"@type":"BreadcrumbList","@id":"https:\/\/www.bbmnoticias.com\/blog\/2025\/08\/26\/sheinbaum-destaca-que-dea-puso-al-mismo-nivel-al-mayo-zambada-y-a-garcia-luna\/#breadcrumb","itemListElement":[{"@type":"ListItem","position":1,"name":"Inicio","item":"https:\/\/www.bbmnoticias.com\/labravaradiofm\/"},{"@type":"ListItem","position":2,"name":"Sheinbaum destaca que DEA puso al mismo nivel al &#8216;Mayo&#8217; Zambada y a Garc\u00eda Luna"}]},{"@type":"WebSite","@id":"https:\/\/www.bbmnoticias.com\/labravaradiofm\/#website","url":"https:\/\/www.bbmnoticias.com\/labravaradiofm\/","name":"LA BRAVA RADIO","description":"Empresa productora de medios, Radiodifusi\u00f3n, Noticias, tendencias y todo lo que necesitas saber de la pol\u00edtica mexicana e internacional; entretenimiento, espect\u00e1culos, salud y mucho m\u00e1s.","potentialAction":[{"@type":"SearchAction","target":{"@type":"EntryPoint","urlTemplate":"https:\/\/www.bbmnoticias.com\/labravaradiofm\/?s={search_term_string}"},"query-input":{"@type":"PropertyValueSpecification","valueRequired":true,"valueName":"search_term_string"}}],"inLanguage":"es"},{"@type":"Person","@id":"https:\/\/www.bbmnoticias.com\/labravaradiofm\/#\/schema\/person\/000bdaf0a8fb5bff0d537c4d0778e33f","name":"Agencias","image":{"@type":"ImageObject","inLanguage":"es","@id":"https:\/\/secure.gravatar.com\/avatar\/739e0b61adf9e398b425c36718c8752286da0e8cd90f20ce9a86678abc26aa0d?s=96&d=mm&r=g","url":"https:\/\/secure.gravatar.com\/avatar\/739e0b61adf9e398b425c36718c8752286da0e8cd90f20ce9a86678abc26aa0d?s=96&d=mm&r=g","contentUrl":"https:\/\/secure.gravatar.com\/avatar\/739e0b61adf9e398b425c36718c8752286da0e8cd90f20ce9a86678abc26aa0d?s=96&d=mm&r=g","caption":"Agencias"},"url":"https:\/\/www.bbmnoticias.com\/labravaradiofm\/author\/agencias\/"}]}},"_links":{"self":[{"href":"https:\/\/www.bbmnoticias.com\/labravaradiofm\/wp-json\/wp\/v2\/posts\/65591","targetHints":{"allow":["GET"]}}],"collection":[{"href":"https:\/\/www.bbmnoticias.com\/labravaradiofm\/wp-json\/wp\/v2\/posts"}],"about":[{"href":"https:\/\/www.bbmnoticias.com\/labravaradiofm\/wp-json\/wp\/v2\/types\/post"}],"author":[{"embeddable":true,"href":"https:\/\/www.bbmnoticias.com\/labravaradiofm\/wp-json\/wp\/v2\/users\/4"}],"replies":[{"embeddable":true,"href":"https:\/\/www.bbmnoticias.com\/labravaradiofm\/wp-json\/wp\/v2\/comments?post=65591"}],"version-history":[{"count":0,"href":"https:\/\/www.bbmnoticias.com\/labravaradiofm\/wp-json\/wp\/v2\/posts\/65591\/revisions"}],"wp:featuredmedia":[{"embeddable":true,"href":"https:\/\/www.bbmnoticias.com\/labravaradiofm\/wp-json\/wp\/v2\/media\/65593"}],"wp:attachment":[{"href":"https:\/\/www.bbmnoticias.com\/labravaradiofm\/wp-json\/wp\/v2\/media?parent=65591"}],"wp:term":[{"taxonomy":"category","embeddable":true,"href":"https:\/\/www.bbmnoticias.com\/labravaradiofm\/wp-json\/wp\/v2\/categories?post=65591"},{"taxonomy":"post_tag","embeddable":true,"href":"https:\/\/www.bbmnoticias.com\/labravaradiofm\/wp-json\/wp\/v2\/tags?post=65591"}],"curies":[{"name":"wp","href":"https:\/\/api.w.org\/{rel}","templated":true}]}}