{"id":65585,"date":"2025-08-26T08:29:00","date_gmt":"2025-08-26T14:29:00","guid":{"rendered":"https:\/\/www.bbmnoticias.com\/labravaradiofm\/2025\/08\/26\/detiene-fiscalia-a-presunto-feminicida-de-tlaxiaco\/"},"modified":"2025-08-26T08:56:28","modified_gmt":"2025-08-26T14:56:28","slug":"detiene-fiscalia-a-presunto-feminicida-de-tlaxiaco","status":"publish","type":"post","link":"https:\/\/www.bbmnoticias.com\/labravaradiofm\/2025\/08\/26\/detiene-fiscalia-a-presunto-feminicida-de-tlaxiaco\/","title":{"rendered":"Detiene Fiscal\u00eda a presunto feminicida de Tlaxiaco"},"content":{"rendered":"<div style=\"margin-top: 0px; margin-bottom: 0px;\" class=\"sharethis-inline-share-buttons\" ><\/div>\n<p><strong>Oaxaca de Ju\u00e1rez, Oax. 26 de agosto de 2025.- <\/strong>Las investigaciones con perspectiva de g\u00e9nero que realiza la Fiscal\u00eda General del Estado de Oaxaca (FGEO) permitieron realizar un trabajo efectivo gracias al cual se logr\u00f3 la detenci\u00f3n de una persona del sexo masculino identificado por las iniciales M.A.R.G., por el delito de feminicidio agravado en contra de su esposa, cometido en la regi\u00f3n de la Mixteca.<\/p>\n\n\n\n<p>De acuerdo con el expediente penal del caso, el detenido ten\u00eda antecedentes de ejercer comportamientos caracter\u00edsticos de la celotipia en contra de la v\u00edctima.<\/p>\n\n\n\n<p>Los hechos sucedieron el 31 de mayo de 2025, cuando la v\u00edctima se encontraba en su domicilio ubicado en la localidad de San Francisco Villa del municipio de Santo Tom\u00e1s Ocotepec, distrito de Tlaxiaco, sitio donde la mujer fue atacada y privada de la vida con un arma blanca, causando lesiones por las cuales perdi\u00f3 la vida.<\/p>\n\n\n\n<p>La investigaci\u00f3n revela que, posteriormente el cuerpo sin vida fue inhumado en el paraje Lomo Xlas, Tee, de la agencia de Francisco Villa Santo Tom\u00e1s Ocotepec, presumiblemente con la intenci\u00f3n de ocultar el delito.<\/p>\n\n\n\n<p>Luego de tener conocimiento de los hechos, la Fiscal\u00eda de Oaxaca inici\u00f3 las investigaciones correspondientes, lo que permiti\u00f3 identificar y aprehender a M.A.R.G., quien fue presentado ante la Vicefiscal\u00eda Regional de la Mixteca donde qued\u00f3 a disposici\u00f3n de la autoridad ministerial correspondiente.<\/p>\n","protected":false},"excerpt":{"rendered":"<p>Oaxaca de Ju\u00e1rez, Oax. 26 de agosto de 2025.- Las investigaciones con perspectiva de g\u00e9nero que realiza la Fiscal\u00eda General del Estado de Oaxaca (FGEO) permitieron realizar un trabajo efectivo gracias al cual se logr\u00f3 la detenci\u00f3n de una persona del sexo masculino identificado por las iniciales M.A.R.G., por el delito de feminicidio agravado en [&hellip;]<\/p>\n","protected":false},"author":2,"featured_media":0,"comment_status":"closed","ping_status":"","sticky":false,"template":"","format":"standard","meta":{"footnotes":""},"categories":[2,20],"tags":[],"class_list":{"0":"post-65585","1":"post","2":"type-post","3":"status-publish","4":"format-standard","6":"category-oaxaca","7":"category-policiaca"},"yoast_head":"<!-- This site is optimized with the Yoast SEO plugin v27.4 - https:\/\/yoast.com\/product\/yoast-seo-wordpress\/ -->\n<title>Detiene Fiscal\u00eda a presunto feminicida de Tlaxiaco - LA BRAVA RADIO<\/title>\n<meta name=\"robots\" content=\"index, follow, max-snippet:-1, max-image-preview:large, max-video-preview:-1\" \/>\n<link rel=\"canonical\" href=\"https:\/\/www.bbmnoticias.com\/blog\/2025\/08\/26\/detiene-fiscalia-a-presunto-feminicida-de-tlaxiaco\/\" \/>\n<meta property=\"og:locale\" content=\"es_MX\" \/>\n<meta property=\"og:type\" content=\"article\" \/>\n<meta property=\"og:title\" content=\"Detiene Fiscal\u00eda a presunto feminicida de Tlaxiaco - LA BRAVA RADIO\" \/>\n<meta property=\"og:description\" content=\"Oaxaca de Ju\u00e1rez, Oax. 26 de agosto de 2025.- Las investigaciones con perspectiva de g\u00e9nero que realiza la Fiscal\u00eda General del Estado de Oaxaca (FGEO) permitieron realizar un trabajo efectivo gracias al cual se logr\u00f3 la detenci\u00f3n de una persona del sexo masculino identificado por las iniciales M.A.R.G., por el delito de feminicidio agravado en [&hellip;]\" \/>\n<meta property=\"og:url\" content=\"https:\/\/www.bbmnoticias.com\/blog\/2025\/08\/26\/detiene-fiscalia-a-presunto-feminicida-de-tlaxiaco\/\" \/>\n<meta property=\"og:site_name\" content=\"LA BRAVA RADIO\" \/>\n<meta property=\"article:published_time\" content=\"2025-08-26T14:29:00+00:00\" \/>\n<meta property=\"article:modified_time\" content=\"2025-08-26T14:56:28+00:00\" \/>\n<meta name=\"author\" content=\"Staff\" \/>\n<meta name=\"twitter:card\" content=\"summary_large_image\" \/>\n<meta name=\"twitter:label1\" content=\"Escrito por\" \/>\n\t<meta name=\"twitter:data1\" content=\"Staff\" \/>\n\t<meta name=\"twitter:label2\" content=\"Tiempo de lectura\" \/>\n\t<meta name=\"twitter:data2\" content=\"1 minuto\" \/>\n<script type=\"application\/ld+json\" class=\"yoast-schema-graph\">{\"@context\":\"https:\\\/\\\/schema.org\",\"@graph\":[{\"@type\":\"Article\",\"@id\":\"https:\\\/\\\/www.bbmnoticias.com\\\/blog\\\/2025\\\/08\\\/26\\\/detiene-fiscalia-a-presunto-feminicida-de-tlaxiaco\\\/#article\",\"isPartOf\":{\"@id\":\"https:\\\/\\\/www.bbmnoticias.com\\\/labravaradiofm\\\/2025\\\/08\\\/26\\\/detiene-fiscalia-a-presunto-feminicida-de-tlaxiaco\\\/\"},\"author\":{\"name\":\"Staff\",\"@id\":\"https:\\\/\\\/www.bbmnoticias.com\\\/labravaradiofm\\\/#\\\/schema\\\/person\\\/68a9e9036ef3c5b55aeb2b71dc8bab45\"},\"headline\":\"Detiene Fiscal\u00eda a presunto feminicida de Tlaxiaco\",\"datePublished\":\"2025-08-26T14:29:00+00:00\",\"dateModified\":\"2025-08-26T14:56:28+00:00\",\"mainEntityOfPage\":{\"@id\":\"https:\\\/\\\/www.bbmnoticias.com\\\/labravaradiofm\\\/2025\\\/08\\\/26\\\/detiene-fiscalia-a-presunto-feminicida-de-tlaxiaco\\\/\"},\"wordCount\":250,\"articleSection\":[\"LOCAL\",\"POLICIACA\"],\"inLanguage\":\"es\"},{\"@type\":\"WebPage\",\"@id\":\"https:\\\/\\\/www.bbmnoticias.com\\\/labravaradiofm\\\/2025\\\/08\\\/26\\\/detiene-fiscalia-a-presunto-feminicida-de-tlaxiaco\\\/\",\"url\":\"https:\\\/\\\/www.bbmnoticias.com\\\/blog\\\/2025\\\/08\\\/26\\\/detiene-fiscalia-a-presunto-feminicida-de-tlaxiaco\\\/\",\"name\":\"Detiene Fiscal\u00eda a presunto feminicida de Tlaxiaco - LA BRAVA RADIO\",\"isPartOf\":{\"@id\":\"https:\\\/\\\/www.bbmnoticias.com\\\/labravaradiofm\\\/#website\"},\"datePublished\":\"2025-08-26T14:29:00+00:00\",\"dateModified\":\"2025-08-26T14:56:28+00:00\",\"author\":{\"@id\":\"https:\\\/\\\/www.bbmnoticias.com\\\/labravaradiofm\\\/#\\\/schema\\\/person\\\/68a9e9036ef3c5b55aeb2b71dc8bab45\"},\"breadcrumb\":{\"@id\":\"https:\\\/\\\/www.bbmnoticias.com\\\/blog\\\/2025\\\/08\\\/26\\\/detiene-fiscalia-a-presunto-feminicida-de-tlaxiaco\\\/#breadcrumb\"},\"inLanguage\":\"es\",\"potentialAction\":[{\"@type\":\"ReadAction\",\"target\":[\"https:\\\/\\\/www.bbmnoticias.com\\\/blog\\\/2025\\\/08\\\/26\\\/detiene-fiscalia-a-presunto-feminicida-de-tlaxiaco\\\/\"]}]},{\"@type\":\"BreadcrumbList\",\"@id\":\"https:\\\/\\\/www.bbmnoticias.com\\\/blog\\\/2025\\\/08\\\/26\\\/detiene-fiscalia-a-presunto-feminicida-de-tlaxiaco\\\/#breadcrumb\",\"itemListElement\":[{\"@type\":\"ListItem\",\"position\":1,\"name\":\"Inicio\",\"item\":\"https:\\\/\\\/www.bbmnoticias.com\\\/labravaradiofm\\\/\"},{\"@type\":\"ListItem\",\"position\":2,\"name\":\"Detiene Fiscal\u00eda a presunto feminicida de Tlaxiaco\"}]},{\"@type\":\"WebSite\",\"@id\":\"https:\\\/\\\/www.bbmnoticias.com\\\/labravaradiofm\\\/#website\",\"url\":\"https:\\\/\\\/www.bbmnoticias.com\\\/labravaradiofm\\\/\",\"name\":\"LA BRAVA RADIO\",\"description\":\"Empresa productora de medios, Radiodifusi\u00f3n, Noticias, tendencias y todo lo que necesitas saber de la pol\u00edtica mexicana e internacional; entretenimiento, espect\u00e1culos, salud y mucho m\u00e1s.\",\"potentialAction\":[{\"@type\":\"SearchAction\",\"target\":{\"@type\":\"EntryPoint\",\"urlTemplate\":\"https:\\\/\\\/www.bbmnoticias.com\\\/labravaradiofm\\\/?s={search_term_string}\"},\"query-input\":{\"@type\":\"PropertyValueSpecification\",\"valueRequired\":true,\"valueName\":\"search_term_string\"}}],\"inLanguage\":\"es\"},{\"@type\":\"Person\",\"@id\":\"https:\\\/\\\/www.bbmnoticias.com\\\/labravaradiofm\\\/#\\\/schema\\\/person\\\/68a9e9036ef3c5b55aeb2b71dc8bab45\",\"name\":\"Staff\",\"image\":{\"@type\":\"ImageObject\",\"inLanguage\":\"es\",\"@id\":\"https:\\\/\\\/secure.gravatar.com\\\/avatar\\\/fdd21ad66fd8b98c407f9dee5b5e588cfe7f0d8579ec20fa6527cd59bab7f0f0?s=96&d=mm&r=g\",\"url\":\"https:\\\/\\\/secure.gravatar.com\\\/avatar\\\/fdd21ad66fd8b98c407f9dee5b5e588cfe7f0d8579ec20fa6527cd59bab7f0f0?s=96&d=mm&r=g\",\"contentUrl\":\"https:\\\/\\\/secure.gravatar.com\\\/avatar\\\/fdd21ad66fd8b98c407f9dee5b5e588cfe7f0d8579ec20fa6527cd59bab7f0f0?s=96&d=mm&r=g\",\"caption\":\"Staff\"},\"url\":\"https:\\\/\\\/www.bbmnoticias.com\\\/labravaradiofm\\\/author\\\/redaccion\\\/\"}]}<\/script>\n<!-- \/ Yoast SEO plugin. -->","yoast_head_json":{"title":"Detiene Fiscal\u00eda a presunto feminicida de Tlaxiaco - LA BRAVA RADIO","robots":{"index":"index","follow":"follow","max-snippet":"max-snippet:-1","max-image-preview":"max-image-preview:large","max-video-preview":"max-video-preview:-1"},"canonical":"https:\/\/www.bbmnoticias.com\/blog\/2025\/08\/26\/detiene-fiscalia-a-presunto-feminicida-de-tlaxiaco\/","og_locale":"es_MX","og_type":"article","og_title":"Detiene Fiscal\u00eda a presunto feminicida de Tlaxiaco - LA BRAVA RADIO","og_description":"Oaxaca de Ju\u00e1rez, Oax. 26 de agosto de 2025.- Las investigaciones con perspectiva de g\u00e9nero que realiza la Fiscal\u00eda General del Estado de Oaxaca (FGEO) permitieron realizar un trabajo efectivo gracias al cual se logr\u00f3 la detenci\u00f3n de una persona del sexo masculino identificado por las iniciales M.A.R.G., por el delito de feminicidio agravado en [&hellip;]","og_url":"https:\/\/www.bbmnoticias.com\/blog\/2025\/08\/26\/detiene-fiscalia-a-presunto-feminicida-de-tlaxiaco\/","og_site_name":"LA BRAVA RADIO","article_published_time":"2025-08-26T14:29:00+00:00","article_modified_time":"2025-08-26T14:56:28+00:00","author":"Staff","twitter_card":"summary_large_image","twitter_misc":{"Escrito por":"Staff","Tiempo de lectura":"1 minuto"},"schema":{"@context":"https:\/\/schema.org","@graph":[{"@type":"Article","@id":"https:\/\/www.bbmnoticias.com\/blog\/2025\/08\/26\/detiene-fiscalia-a-presunto-feminicida-de-tlaxiaco\/#article","isPartOf":{"@id":"https:\/\/www.bbmnoticias.com\/labravaradiofm\/2025\/08\/26\/detiene-fiscalia-a-presunto-feminicida-de-tlaxiaco\/"},"author":{"name":"Staff","@id":"https:\/\/www.bbmnoticias.com\/labravaradiofm\/#\/schema\/person\/68a9e9036ef3c5b55aeb2b71dc8bab45"},"headline":"Detiene Fiscal\u00eda a presunto feminicida de Tlaxiaco","datePublished":"2025-08-26T14:29:00+00:00","dateModified":"2025-08-26T14:56:28+00:00","mainEntityOfPage":{"@id":"https:\/\/www.bbmnoticias.com\/labravaradiofm\/2025\/08\/26\/detiene-fiscalia-a-presunto-feminicida-de-tlaxiaco\/"},"wordCount":250,"articleSection":["LOCAL","POLICIACA"],"inLanguage":"es"},{"@type":"WebPage","@id":"https:\/\/www.bbmnoticias.com\/labravaradiofm\/2025\/08\/26\/detiene-fiscalia-a-presunto-feminicida-de-tlaxiaco\/","url":"https:\/\/www.bbmnoticias.com\/blog\/2025\/08\/26\/detiene-fiscalia-a-presunto-feminicida-de-tlaxiaco\/","name":"Detiene Fiscal\u00eda a presunto feminicida de Tlaxiaco - LA BRAVA RADIO","isPartOf":{"@id":"https:\/\/www.bbmnoticias.com\/labravaradiofm\/#website"},"datePublished":"2025-08-26T14:29:00+00:00","dateModified":"2025-08-26T14:56:28+00:00","author":{"@id":"https:\/\/www.bbmnoticias.com\/labravaradiofm\/#\/schema\/person\/68a9e9036ef3c5b55aeb2b71dc8bab45"},"breadcrumb":{"@id":"https:\/\/www.bbmnoticias.com\/blog\/2025\/08\/26\/detiene-fiscalia-a-presunto-feminicida-de-tlaxiaco\/#breadcrumb"},"inLanguage":"es","potentialAction":[{"@type":"ReadAction","target":["https:\/\/www.bbmnoticias.com\/blog\/2025\/08\/26\/detiene-fiscalia-a-presunto-feminicida-de-tlaxiaco\/"]}]},{"@type":"BreadcrumbList","@id":"https:\/\/www.bbmnoticias.com\/blog\/2025\/08\/26\/detiene-fiscalia-a-presunto-feminicida-de-tlaxiaco\/#breadcrumb","itemListElement":[{"@type":"ListItem","position":1,"name":"Inicio","item":"https:\/\/www.bbmnoticias.com\/labravaradiofm\/"},{"@type":"ListItem","position":2,"name":"Detiene Fiscal\u00eda a presunto feminicida de Tlaxiaco"}]},{"@type":"WebSite","@id":"https:\/\/www.bbmnoticias.com\/labravaradiofm\/#website","url":"https:\/\/www.bbmnoticias.com\/labravaradiofm\/","name":"LA BRAVA RADIO","description":"Empresa productora de medios, Radiodifusi\u00f3n, Noticias, tendencias y todo lo que necesitas saber de la pol\u00edtica mexicana e internacional; entretenimiento, espect\u00e1culos, salud y mucho m\u00e1s.","potentialAction":[{"@type":"SearchAction","target":{"@type":"EntryPoint","urlTemplate":"https:\/\/www.bbmnoticias.com\/labravaradiofm\/?s={search_term_string}"},"query-input":{"@type":"PropertyValueSpecification","valueRequired":true,"valueName":"search_term_string"}}],"inLanguage":"es"},{"@type":"Person","@id":"https:\/\/www.bbmnoticias.com\/labravaradiofm\/#\/schema\/person\/68a9e9036ef3c5b55aeb2b71dc8bab45","name":"Staff","image":{"@type":"ImageObject","inLanguage":"es","@id":"https:\/\/secure.gravatar.com\/avatar\/fdd21ad66fd8b98c407f9dee5b5e588cfe7f0d8579ec20fa6527cd59bab7f0f0?s=96&d=mm&r=g","url":"https:\/\/secure.gravatar.com\/avatar\/fdd21ad66fd8b98c407f9dee5b5e588cfe7f0d8579ec20fa6527cd59bab7f0f0?s=96&d=mm&r=g","contentUrl":"https:\/\/secure.gravatar.com\/avatar\/fdd21ad66fd8b98c407f9dee5b5e588cfe7f0d8579ec20fa6527cd59bab7f0f0?s=96&d=mm&r=g","caption":"Staff"},"url":"https:\/\/www.bbmnoticias.com\/labravaradiofm\/author\/redaccion\/"}]}},"_links":{"self":[{"href":"https:\/\/www.bbmnoticias.com\/labravaradiofm\/wp-json\/wp\/v2\/posts\/65585","targetHints":{"allow":["GET"]}}],"collection":[{"href":"https:\/\/www.bbmnoticias.com\/labravaradiofm\/wp-json\/wp\/v2\/posts"}],"about":[{"href":"https:\/\/www.bbmnoticias.com\/labravaradiofm\/wp-json\/wp\/v2\/types\/post"}],"author":[{"embeddable":true,"href":"https:\/\/www.bbmnoticias.com\/labravaradiofm\/wp-json\/wp\/v2\/users\/2"}],"replies":[{"embeddable":true,"href":"https:\/\/www.bbmnoticias.com\/labravaradiofm\/wp-json\/wp\/v2\/comments?post=65585"}],"version-history":[{"count":0,"href":"https:\/\/www.bbmnoticias.com\/labravaradiofm\/wp-json\/wp\/v2\/posts\/65585\/revisions"}],"wp:attachment":[{"href":"https:\/\/www.bbmnoticias.com\/labravaradiofm\/wp-json\/wp\/v2\/media?parent=65585"}],"wp:term":[{"taxonomy":"category","embeddable":true,"href":"https:\/\/www.bbmnoticias.com\/labravaradiofm\/wp-json\/wp\/v2\/categories?post=65585"},{"taxonomy":"post_tag","embeddable":true,"href":"https:\/\/www.bbmnoticias.com\/labravaradiofm\/wp-json\/wp\/v2\/tags?post=65585"}],"curies":[{"name":"wp","href":"https:\/\/api.w.org\/{rel}","templated":true}]}}