{"id":65580,"date":"2025-08-26T08:38:36","date_gmt":"2025-08-26T14:38:36","guid":{"rendered":"https:\/\/www.bbmnoticias.com\/labravaradiofm\/2025\/08\/26\/industrializacion-con-rostro-humano-el-proyecto-de-la-primavera-oaxaquena-jesus-romero\/"},"modified":"2025-08-26T08:43:00","modified_gmt":"2025-08-26T14:43:00","slug":"industrializacion-con-rostro-humano-el-proyecto-de-la-primavera-oaxaquena-jesus-romero","status":"publish","type":"post","link":"https:\/\/www.bbmnoticias.com\/labravaradiofm\/2025\/08\/26\/industrializacion-con-rostro-humano-el-proyecto-de-la-primavera-oaxaquena-jesus-romero\/","title":{"rendered":"Industrializaci\u00f3n con rostro humano: el proyecto de la Primavera Oaxaque\u00f1a"},"content":{"rendered":"<div style=\"margin-top: 0px; margin-bottom: 0px;\" class=\"sharethis-inline-share-buttons\" ><\/div>\n<ul class=\"wp-block-list\">\n<li>La articulaci\u00f3n entre el proyecto nacional de la 4T y la estrategia estatal de la Primavera Oaxaque\u00f1a convierte a Oaxaca en un territorio clave para demostrar que el desarrollo econ\u00f3mico puede ir de la mano de la justicia social, la equidad y la sostenibilidad<\/li>\n<\/ul>\n\n\n\n<p>Por <strong>Jes\u00fas Romero<\/strong><\/p>\n\n\n\n<p>Oaxaca est\u00e1 dando un paso decisivo hacia el futuro: dejar atr\u00e1s el rezago y abrir la puerta a una industrializaci\u00f3n con justicia social. Despu\u00e9s de d\u00e9cadas en que nuestra econom\u00eda se sostuvo principalmente en el campo, el comercio y el turismo, hoy tenemos la oportunidad de construir una base industrial moderna, sostenible y generadora de empleos de calidad, que complemente y potencie nuestras fortalezas tradicionales.<\/p>\n\n\n\n<p>La consolidaci\u00f3n del Corredor Interoce\u00e1nico del Istmo de Tehuantepec, el desarrollo de polos de bienestar y parques industriales, as\u00ed como la modernizaci\u00f3n de nuestra infraestructura carretera, ferroviaria y portuaria, colocan a Oaxaca en la antesala de una etapa in\u00e9dita de crecimiento. Y este impulso se da en un contexto in\u00e9dito: Oaxaca est\u00e1 en su mejor momento pol\u00edtico, social y econ\u00f3mico, condiciones indispensables para que la inversi\u00f3n florezca y el desarrollo se convierta en bienestar compartido.<\/p>\n\n\n\n<p>El antecedente hist\u00f3rico: una industrializaci\u00f3n inconclusa. Oaxaca ya vivi\u00f3 un primer intento de industrializaci\u00f3n en la segunda mitad del siglo XX. En aquel periodo se impulsaron proyectos emblem\u00e1ticos como la Refiner\u00eda Antonio Doval\u00ed Jaime en Salina Cruz, la planta cementera en Cruz Azul Lagunas, y los complejos fabriles de Tuxtepec vinculados a la industria azucarera y papelera.<\/p>\n\n\n\n<p>Estas iniciativas marcaron un acercamiento temprano a la modernidad econ\u00f3mica; sin embargo, quedaron limitadas a polos aislados y no lograron convertirse en un motor de desarrollo integral para el estado.<\/p>\n\n\n\n<p>En lugar de consolidar un proceso industrial, Oaxaca sobrevivi\u00f3 gracias a dos factores externos:<\/p>\n\n\n\n<ul class=\"wp-block-list\">\n<li>Las remesas, que durante a\u00f1os se convirtieron en una de las principales fuentes de ingreso de las familias oaxaque\u00f1as y que hoy representan alrededor del 15% del PIB estatal.<\/li>\n\n\n\n<li>Los subsidios y programas sociales, que si bien ayudaron a paliar la pobreza, no lograron transformar las estructuras productivas ni ofrecer una salida duradera al rezago.<\/li>\n<\/ul>\n\n\n\n<p>A esto se sum\u00f3 el lastre de p\u00e9simos gobiernos locales que defraudaron la confianza del pueblo, saquearon el presupuesto p\u00fablico y abandonaron cualquier estrategia de desarrollo de largo plazo. Lejos de fortalecer las bases productivas, alimentaron el clientelismo y la corrupci\u00f3n, condenando a Oaxaca a depender de factores externos para sobrevivir.<\/p>\n\n\n\n<p>El resultado fue claro: mientras otras regiones del pa\u00eds avanzaban en su industrializaci\u00f3n, Oaxaca permaneci\u00f3 rezagado, con altos \u00edndices de pobreza y desigualdad.<\/p>\n\n\n\n<p>A diferencia de aquel intento aislado, la industrializaci\u00f3n que hoy se plantea como parte de la Primavera Oaxaque\u00f1a no se limita a enclaves productivos, sino que busca un modelo integral, sustentado en:<\/p>\n\n\n\n<ul class=\"wp-block-list\">\n<li>Infraestructura log\u00edstica (puerto, ferrocarril, carreteras, gasoducto).<\/li>\n\n\n\n<li>Energ\u00edas limpias como eje de competitividad.<\/li>\n\n\n\n<li>Vinculaci\u00f3n entre industria, comunidades y cadenas de proveedur\u00eda local.<\/li>\n\n\n\n<li>Gobernabilidad y paz social como condici\u00f3n indispensable para atraer y retener inversi\u00f3n.<\/li>\n<\/ul>\n\n\n\n<p>Este proyecto se enmarca tambi\u00e9n en la visi\u00f3n de la Cuarta Transformaci\u00f3n, impulsada primero por el presidente Andr\u00e9s Manuel L\u00f3pez Obrador y hoy continuada por la presidenta Claudia Sheinbaum, quienes han colocado al sur-sureste de M\u00e9xico como la nueva frontera de desarrollo nacional.<\/p>\n\n\n\n<p>La articulaci\u00f3n entre el proyecto nacional de la 4T y la estrategia estatal de la Primavera Oaxaque\u00f1a convierte a Oaxaca en un territorio clave para demostrar que el desarrollo econ\u00f3mico puede ir de la mano de la justicia social, la equidad y la sostenibilidad.<\/p>\n\n\n\n<p><strong>Industrializaci\u00f3n como motor de justicia social<\/strong><\/p>\n\n\n\n<p>La industrializaci\u00f3n que hoy se proyecta no puede ser excluyente ni desigual, como ocurri\u00f3 en otras etapas del pa\u00eds. Debe convertirse en un instrumento para reducir la pobreza y la desigualdad, prioridades centrales de la administraci\u00f3n del gobernador Salom\u00f3n Jara Cruz.<\/p>\n\n\n\n<ul class=\"wp-block-list\">\n<li>Cada parque industrial significar\u00e1 miles de empleos formales, con salarios superiores al promedio estatal.<\/li>\n\n\n\n<li>Las cadenas de proveedur\u00eda permitir\u00e1n que peque\u00f1as y medianas empresas locales se integren a procesos productivos de alcance global.<\/li>\n\n\n\n<li>La generaci\u00f3n de oportunidades reducir\u00e1 la migraci\u00f3n forzada, ofreciendo un futuro digno a j\u00f3venes y mujeres desde sus comunidades de origen.<\/li>\n<\/ul>\n\n\n\n<p>La econom\u00eda oaxaque\u00f1a ya no debe limitarse a la producci\u00f3n de materias primas: est\u00e1 llamada a generar valor agregado, innovaci\u00f3n tecnol\u00f3gica y empleos con seguridad social. Este es el verdadero rostro humano de la industrializaci\u00f3n.<\/p>\n\n\n\n<p>Paz social y gobernabilidad: la base del desarrollo<br>Pero ning\u00fan proyecto de industrializaci\u00f3n puede sostenerse sin estabilidad. Las inversiones requieren certeza y las comunidades demandan respeto. Por ello, la Primavera Oaxaque\u00f1a tambi\u00e9n es una apuesta por la paz, la gobernabilidad y la seguridad.<\/p>\n\n\n\n<ul class=\"wp-block-list\">\n<li>La construcci\u00f3n de paz social mediante el di\u00e1logo permanente con comunidades y actores sociales.<\/li>\n\n\n\n<li>La certeza jur\u00eddica y seguridad p\u00fablica como garant\u00eda de confianza para inversionistas y protecci\u00f3n para trabajadores.<\/li>\n\n\n\n<li>La gobernabilidad democr\u00e1tica, que asegura que el desarrollo econ\u00f3mico se traduzca en justicia social y respeto a los derechos colectivos.<\/li>\n<\/ul>\n\n\n\n<p><strong>Un Oaxaca del futuro<\/strong><\/p>\n\n\n\n<p>La industrializaci\u00f3n de Oaxaca no es un proyecto econ\u00f3mico aislado; es parte de una visi\u00f3n m\u00e1s amplia de transformaci\u00f3n. Se trata de construir un Oaxaca moderno, competitivo, pero profundamente humano, donde el desarrollo econ\u00f3mico sirva como herramienta para cerrar brechas hist\u00f3ricas de desigualdad y abrir caminos que aseguren que la prosperidad llegue a todas y todos.<br>Hoy sabemos que Oaxaca ha sobrevivido gracias a su gente, al esfuerzo de quienes env\u00edan remesas desde el extranjero y al apoyo de programas sociales.<\/p>\n\n\n\n<p>Pero tambi\u00e9n sabemos que esa resiliencia no basta: necesitamos un cambio estructural que libere a nuestro estado del rezago y la dependencia.<\/p>\n\n\n\n<p>La Primavera Oaxaque\u00f1a representa ese cambio: un compromiso firme de que la historia de abandono y malos gobiernos no se repetir\u00e1. Por primera vez en d\u00e9cadas, la industrializaci\u00f3n no se concibe como un privilegio para unos cuantos, sino como un proyecto colectivo que traer\u00e1 empleo digno, seguridad social y paz para nuestro pueblo.<\/p>\n\n\n\n<p>Ese es el desaf\u00edo y tambi\u00e9n la promesa: que en Oaxaca, la industria y la justicia social caminen juntas, para que nunca m\u00e1s se defraude la esperanza del pueblo.<\/p>\n\n\n\n<p><\/p>\n","protected":false},"excerpt":{"rendered":"<p>Por Jes\u00fas Romero Oaxaca est\u00e1 dando un paso decisivo hacia el futuro: dejar atr\u00e1s el rezago y abrir la puerta a una industrializaci\u00f3n con justicia social. Despu\u00e9s de d\u00e9cadas en que nuestra econom\u00eda se sostuvo principalmente en el campo, el comercio y el turismo, hoy tenemos la oportunidad de construir una base industrial moderna, sostenible [&hellip;]<\/p>\n","protected":false},"author":2,"featured_media":65582,"comment_status":"closed","ping_status":"","sticky":false,"template":"","format":"standard","meta":{"footnotes":""},"categories":[2],"tags":[],"class_list":{"0":"post-65580","1":"post","2":"type-post","3":"status-publish","4":"format-standard","5":"has-post-thumbnail","7":"category-oaxaca"},"yoast_head":"<!-- This site is optimized with the Yoast SEO plugin v27.4 - https:\/\/yoast.com\/product\/yoast-seo-wordpress\/ -->\n<title>Industrializaci\u00f3n con rostro humano: el proyecto de la Primavera Oaxaque\u00f1a - LA BRAVA RADIO<\/title>\n<meta name=\"robots\" content=\"index, follow, max-snippet:-1, max-image-preview:large, max-video-preview:-1\" \/>\n<link rel=\"canonical\" href=\"https:\/\/www.bbmnoticias.com\/blog\/2025\/08\/26\/industrializacion-con-rostro-humano-el-proyecto-de-la-primavera-oaxaquena-jesus-romero\/\" \/>\n<meta property=\"og:locale\" content=\"es_MX\" \/>\n<meta property=\"og:type\" content=\"article\" \/>\n<meta property=\"og:title\" content=\"Industrializaci\u00f3n con rostro humano: el proyecto de la Primavera Oaxaque\u00f1a - LA BRAVA RADIO\" \/>\n<meta property=\"og:description\" content=\"Por Jes\u00fas Romero Oaxaca est\u00e1 dando un paso decisivo hacia el futuro: dejar atr\u00e1s el rezago y abrir la puerta a una industrializaci\u00f3n con justicia social. Despu\u00e9s de d\u00e9cadas en que nuestra econom\u00eda se sostuvo principalmente en el campo, el comercio y el turismo, hoy tenemos la oportunidad de construir una base industrial moderna, sostenible [&hellip;]\" \/>\n<meta property=\"og:url\" content=\"https:\/\/www.bbmnoticias.com\/blog\/2025\/08\/26\/industrializacion-con-rostro-humano-el-proyecto-de-la-primavera-oaxaquena-jesus-romero\/\" \/>\n<meta property=\"og:site_name\" content=\"LA BRAVA RADIO\" \/>\n<meta property=\"article:published_time\" content=\"2025-08-26T14:38:36+00:00\" \/>\n<meta property=\"article:modified_time\" content=\"2025-08-26T14:43:00+00:00\" \/>\n<meta property=\"og:image\" content=\"https:\/\/www.bbmnoticias.com\/labravaradiofm\/wp-content\/uploads\/sites\/5\/2025\/08\/jesus_romero.jpg\" \/>\n\t<meta property=\"og:image:width\" content=\"800\" \/>\n\t<meta property=\"og:image:height\" content=\"533\" \/>\n\t<meta property=\"og:image:type\" content=\"image\/jpeg\" \/>\n<meta name=\"author\" content=\"Staff\" \/>\n<meta name=\"twitter:card\" content=\"summary_large_image\" \/>\n<meta name=\"twitter:label1\" content=\"Escrito por\" \/>\n\t<meta name=\"twitter:data1\" content=\"Staff\" \/>\n\t<meta name=\"twitter:label2\" content=\"Tiempo de lectura\" \/>\n\t<meta name=\"twitter:data2\" content=\"5 minutos\" \/>\n<script type=\"application\/ld+json\" class=\"yoast-schema-graph\">{\"@context\":\"https:\\\/\\\/schema.org\",\"@graph\":[{\"@type\":\"Article\",\"@id\":\"https:\\\/\\\/www.bbmnoticias.com\\\/blog\\\/2025\\\/08\\\/26\\\/industrializacion-con-rostro-humano-el-proyecto-de-la-primavera-oaxaquena-jesus-romero\\\/#article\",\"isPartOf\":{\"@id\":\"https:\\\/\\\/www.bbmnoticias.com\\\/labravaradiofm\\\/2025\\\/08\\\/26\\\/industrializacion-con-rostro-humano-el-proyecto-de-la-primavera-oaxaquena-jesus-romero\\\/\"},\"author\":{\"name\":\"Staff\",\"@id\":\"https:\\\/\\\/www.bbmnoticias.com\\\/labravaradiofm\\\/#\\\/schema\\\/person\\\/68a9e9036ef3c5b55aeb2b71dc8bab45\"},\"headline\":\"Industrializaci\u00f3n con rostro humano: el proyecto de la Primavera Oaxaque\u00f1a\",\"datePublished\":\"2025-08-26T14:38:36+00:00\",\"dateModified\":\"2025-08-26T14:43:00+00:00\",\"mainEntityOfPage\":{\"@id\":\"https:\\\/\\\/www.bbmnoticias.com\\\/labravaradiofm\\\/2025\\\/08\\\/26\\\/industrializacion-con-rostro-humano-el-proyecto-de-la-primavera-oaxaquena-jesus-romero\\\/\"},\"wordCount\":1088,\"image\":{\"@id\":\"https:\\\/\\\/www.bbmnoticias.com\\\/blog\\\/2025\\\/08\\\/26\\\/industrializacion-con-rostro-humano-el-proyecto-de-la-primavera-oaxaquena-jesus-romero\\\/#primaryimage\"},\"thumbnailUrl\":\"https:\\\/\\\/www.bbmnoticias.com\\\/labravaradiofm\\\/wp-content\\\/uploads\\\/sites\\\/5\\\/2025\\\/08\\\/jesus_romero.jpg\",\"articleSection\":[\"LOCAL\"],\"inLanguage\":\"es\"},{\"@type\":\"WebPage\",\"@id\":\"https:\\\/\\\/www.bbmnoticias.com\\\/labravaradiofm\\\/2025\\\/08\\\/26\\\/industrializacion-con-rostro-humano-el-proyecto-de-la-primavera-oaxaquena-jesus-romero\\\/\",\"url\":\"https:\\\/\\\/www.bbmnoticias.com\\\/blog\\\/2025\\\/08\\\/26\\\/industrializacion-con-rostro-humano-el-proyecto-de-la-primavera-oaxaquena-jesus-romero\\\/\",\"name\":\"Industrializaci\u00f3n con rostro humano: el proyecto de la Primavera Oaxaque\u00f1a - LA BRAVA RADIO\",\"isPartOf\":{\"@id\":\"https:\\\/\\\/www.bbmnoticias.com\\\/labravaradiofm\\\/#website\"},\"primaryImageOfPage\":{\"@id\":\"https:\\\/\\\/www.bbmnoticias.com\\\/blog\\\/2025\\\/08\\\/26\\\/industrializacion-con-rostro-humano-el-proyecto-de-la-primavera-oaxaquena-jesus-romero\\\/#primaryimage\"},\"image\":{\"@id\":\"https:\\\/\\\/www.bbmnoticias.com\\\/blog\\\/2025\\\/08\\\/26\\\/industrializacion-con-rostro-humano-el-proyecto-de-la-primavera-oaxaquena-jesus-romero\\\/#primaryimage\"},\"thumbnailUrl\":\"https:\\\/\\\/www.bbmnoticias.com\\\/labravaradiofm\\\/wp-content\\\/uploads\\\/sites\\\/5\\\/2025\\\/08\\\/jesus_romero.jpg\",\"datePublished\":\"2025-08-26T14:38:36+00:00\",\"dateModified\":\"2025-08-26T14:43:00+00:00\",\"author\":{\"@id\":\"https:\\\/\\\/www.bbmnoticias.com\\\/labravaradiofm\\\/#\\\/schema\\\/person\\\/68a9e9036ef3c5b55aeb2b71dc8bab45\"},\"breadcrumb\":{\"@id\":\"https:\\\/\\\/www.bbmnoticias.com\\\/blog\\\/2025\\\/08\\\/26\\\/industrializacion-con-rostro-humano-el-proyecto-de-la-primavera-oaxaquena-jesus-romero\\\/#breadcrumb\"},\"inLanguage\":\"es\",\"potentialAction\":[{\"@type\":\"ReadAction\",\"target\":[\"https:\\\/\\\/www.bbmnoticias.com\\\/blog\\\/2025\\\/08\\\/26\\\/industrializacion-con-rostro-humano-el-proyecto-de-la-primavera-oaxaquena-jesus-romero\\\/\"]}]},{\"@type\":\"ImageObject\",\"inLanguage\":\"es\",\"@id\":\"https:\\\/\\\/www.bbmnoticias.com\\\/blog\\\/2025\\\/08\\\/26\\\/industrializacion-con-rostro-humano-el-proyecto-de-la-primavera-oaxaquena-jesus-romero\\\/#primaryimage\",\"url\":\"https:\\\/\\\/www.bbmnoticias.com\\\/labravaradiofm\\\/wp-content\\\/uploads\\\/sites\\\/5\\\/2025\\\/08\\\/jesus_romero.jpg\",\"contentUrl\":\"https:\\\/\\\/www.bbmnoticias.com\\\/labravaradiofm\\\/wp-content\\\/uploads\\\/sites\\\/5\\\/2025\\\/08\\\/jesus_romero.jpg\",\"width\":800,\"height\":533},{\"@type\":\"BreadcrumbList\",\"@id\":\"https:\\\/\\\/www.bbmnoticias.com\\\/blog\\\/2025\\\/08\\\/26\\\/industrializacion-con-rostro-humano-el-proyecto-de-la-primavera-oaxaquena-jesus-romero\\\/#breadcrumb\",\"itemListElement\":[{\"@type\":\"ListItem\",\"position\":1,\"name\":\"Inicio\",\"item\":\"https:\\\/\\\/www.bbmnoticias.com\\\/labravaradiofm\\\/\"},{\"@type\":\"ListItem\",\"position\":2,\"name\":\"Industrializaci\u00f3n con rostro humano: el proyecto de la Primavera Oaxaque\u00f1a\"}]},{\"@type\":\"WebSite\",\"@id\":\"https:\\\/\\\/www.bbmnoticias.com\\\/labravaradiofm\\\/#website\",\"url\":\"https:\\\/\\\/www.bbmnoticias.com\\\/labravaradiofm\\\/\",\"name\":\"LA BRAVA RADIO\",\"description\":\"Empresa productora de medios, Radiodifusi\u00f3n, Noticias, tendencias y todo lo que necesitas saber de la pol\u00edtica mexicana e internacional; entretenimiento, espect\u00e1culos, salud y mucho m\u00e1s.\",\"potentialAction\":[{\"@type\":\"SearchAction\",\"target\":{\"@type\":\"EntryPoint\",\"urlTemplate\":\"https:\\\/\\\/www.bbmnoticias.com\\\/labravaradiofm\\\/?s={search_term_string}\"},\"query-input\":{\"@type\":\"PropertyValueSpecification\",\"valueRequired\":true,\"valueName\":\"search_term_string\"}}],\"inLanguage\":\"es\"},{\"@type\":\"Person\",\"@id\":\"https:\\\/\\\/www.bbmnoticias.com\\\/labravaradiofm\\\/#\\\/schema\\\/person\\\/68a9e9036ef3c5b55aeb2b71dc8bab45\",\"name\":\"Staff\",\"image\":{\"@type\":\"ImageObject\",\"inLanguage\":\"es\",\"@id\":\"https:\\\/\\\/secure.gravatar.com\\\/avatar\\\/fdd21ad66fd8b98c407f9dee5b5e588cfe7f0d8579ec20fa6527cd59bab7f0f0?s=96&d=mm&r=g\",\"url\":\"https:\\\/\\\/secure.gravatar.com\\\/avatar\\\/fdd21ad66fd8b98c407f9dee5b5e588cfe7f0d8579ec20fa6527cd59bab7f0f0?s=96&d=mm&r=g\",\"contentUrl\":\"https:\\\/\\\/secure.gravatar.com\\\/avatar\\\/fdd21ad66fd8b98c407f9dee5b5e588cfe7f0d8579ec20fa6527cd59bab7f0f0?s=96&d=mm&r=g\",\"caption\":\"Staff\"},\"url\":\"https:\\\/\\\/www.bbmnoticias.com\\\/labravaradiofm\\\/author\\\/redaccion\\\/\"}]}<\/script>\n<!-- \/ Yoast SEO plugin. -->","yoast_head_json":{"title":"Industrializaci\u00f3n con rostro humano: el proyecto de la Primavera Oaxaque\u00f1a - LA BRAVA RADIO","robots":{"index":"index","follow":"follow","max-snippet":"max-snippet:-1","max-image-preview":"max-image-preview:large","max-video-preview":"max-video-preview:-1"},"canonical":"https:\/\/www.bbmnoticias.com\/blog\/2025\/08\/26\/industrializacion-con-rostro-humano-el-proyecto-de-la-primavera-oaxaquena-jesus-romero\/","og_locale":"es_MX","og_type":"article","og_title":"Industrializaci\u00f3n con rostro humano: el proyecto de la Primavera Oaxaque\u00f1a - LA BRAVA RADIO","og_description":"Por Jes\u00fas Romero Oaxaca est\u00e1 dando un paso decisivo hacia el futuro: dejar atr\u00e1s el rezago y abrir la puerta a una industrializaci\u00f3n con justicia social. Despu\u00e9s de d\u00e9cadas en que nuestra econom\u00eda se sostuvo principalmente en el campo, el comercio y el turismo, hoy tenemos la oportunidad de construir una base industrial moderna, sostenible [&hellip;]","og_url":"https:\/\/www.bbmnoticias.com\/blog\/2025\/08\/26\/industrializacion-con-rostro-humano-el-proyecto-de-la-primavera-oaxaquena-jesus-romero\/","og_site_name":"LA BRAVA RADIO","article_published_time":"2025-08-26T14:38:36+00:00","article_modified_time":"2025-08-26T14:43:00+00:00","og_image":[{"width":800,"height":533,"url":"https:\/\/www.bbmnoticias.com\/labravaradiofm\/wp-content\/uploads\/sites\/5\/2025\/08\/jesus_romero.jpg","type":"image\/jpeg"}],"author":"Staff","twitter_card":"summary_large_image","twitter_misc":{"Escrito por":"Staff","Tiempo de lectura":"5 minutos"},"schema":{"@context":"https:\/\/schema.org","@graph":[{"@type":"Article","@id":"https:\/\/www.bbmnoticias.com\/blog\/2025\/08\/26\/industrializacion-con-rostro-humano-el-proyecto-de-la-primavera-oaxaquena-jesus-romero\/#article","isPartOf":{"@id":"https:\/\/www.bbmnoticias.com\/labravaradiofm\/2025\/08\/26\/industrializacion-con-rostro-humano-el-proyecto-de-la-primavera-oaxaquena-jesus-romero\/"},"author":{"name":"Staff","@id":"https:\/\/www.bbmnoticias.com\/labravaradiofm\/#\/schema\/person\/68a9e9036ef3c5b55aeb2b71dc8bab45"},"headline":"Industrializaci\u00f3n con rostro humano: el proyecto de la Primavera Oaxaque\u00f1a","datePublished":"2025-08-26T14:38:36+00:00","dateModified":"2025-08-26T14:43:00+00:00","mainEntityOfPage":{"@id":"https:\/\/www.bbmnoticias.com\/labravaradiofm\/2025\/08\/26\/industrializacion-con-rostro-humano-el-proyecto-de-la-primavera-oaxaquena-jesus-romero\/"},"wordCount":1088,"image":{"@id":"https:\/\/www.bbmnoticias.com\/blog\/2025\/08\/26\/industrializacion-con-rostro-humano-el-proyecto-de-la-primavera-oaxaquena-jesus-romero\/#primaryimage"},"thumbnailUrl":"https:\/\/www.bbmnoticias.com\/labravaradiofm\/wp-content\/uploads\/sites\/5\/2025\/08\/jesus_romero.jpg","articleSection":["LOCAL"],"inLanguage":"es"},{"@type":"WebPage","@id":"https:\/\/www.bbmnoticias.com\/labravaradiofm\/2025\/08\/26\/industrializacion-con-rostro-humano-el-proyecto-de-la-primavera-oaxaquena-jesus-romero\/","url":"https:\/\/www.bbmnoticias.com\/blog\/2025\/08\/26\/industrializacion-con-rostro-humano-el-proyecto-de-la-primavera-oaxaquena-jesus-romero\/","name":"Industrializaci\u00f3n con rostro humano: el proyecto de la Primavera Oaxaque\u00f1a - LA BRAVA RADIO","isPartOf":{"@id":"https:\/\/www.bbmnoticias.com\/labravaradiofm\/#website"},"primaryImageOfPage":{"@id":"https:\/\/www.bbmnoticias.com\/blog\/2025\/08\/26\/industrializacion-con-rostro-humano-el-proyecto-de-la-primavera-oaxaquena-jesus-romero\/#primaryimage"},"image":{"@id":"https:\/\/www.bbmnoticias.com\/blog\/2025\/08\/26\/industrializacion-con-rostro-humano-el-proyecto-de-la-primavera-oaxaquena-jesus-romero\/#primaryimage"},"thumbnailUrl":"https:\/\/www.bbmnoticias.com\/labravaradiofm\/wp-content\/uploads\/sites\/5\/2025\/08\/jesus_romero.jpg","datePublished":"2025-08-26T14:38:36+00:00","dateModified":"2025-08-26T14:43:00+00:00","author":{"@id":"https:\/\/www.bbmnoticias.com\/labravaradiofm\/#\/schema\/person\/68a9e9036ef3c5b55aeb2b71dc8bab45"},"breadcrumb":{"@id":"https:\/\/www.bbmnoticias.com\/blog\/2025\/08\/26\/industrializacion-con-rostro-humano-el-proyecto-de-la-primavera-oaxaquena-jesus-romero\/#breadcrumb"},"inLanguage":"es","potentialAction":[{"@type":"ReadAction","target":["https:\/\/www.bbmnoticias.com\/blog\/2025\/08\/26\/industrializacion-con-rostro-humano-el-proyecto-de-la-primavera-oaxaquena-jesus-romero\/"]}]},{"@type":"ImageObject","inLanguage":"es","@id":"https:\/\/www.bbmnoticias.com\/blog\/2025\/08\/26\/industrializacion-con-rostro-humano-el-proyecto-de-la-primavera-oaxaquena-jesus-romero\/#primaryimage","url":"https:\/\/www.bbmnoticias.com\/labravaradiofm\/wp-content\/uploads\/sites\/5\/2025\/08\/jesus_romero.jpg","contentUrl":"https:\/\/www.bbmnoticias.com\/labravaradiofm\/wp-content\/uploads\/sites\/5\/2025\/08\/jesus_romero.jpg","width":800,"height":533},{"@type":"BreadcrumbList","@id":"https:\/\/www.bbmnoticias.com\/blog\/2025\/08\/26\/industrializacion-con-rostro-humano-el-proyecto-de-la-primavera-oaxaquena-jesus-romero\/#breadcrumb","itemListElement":[{"@type":"ListItem","position":1,"name":"Inicio","item":"https:\/\/www.bbmnoticias.com\/labravaradiofm\/"},{"@type":"ListItem","position":2,"name":"Industrializaci\u00f3n con rostro humano: el proyecto de la Primavera Oaxaque\u00f1a"}]},{"@type":"WebSite","@id":"https:\/\/www.bbmnoticias.com\/labravaradiofm\/#website","url":"https:\/\/www.bbmnoticias.com\/labravaradiofm\/","name":"LA BRAVA RADIO","description":"Empresa productora de medios, Radiodifusi\u00f3n, Noticias, tendencias y todo lo que necesitas saber de la pol\u00edtica mexicana e internacional; entretenimiento, espect\u00e1culos, salud y mucho m\u00e1s.","potentialAction":[{"@type":"SearchAction","target":{"@type":"EntryPoint","urlTemplate":"https:\/\/www.bbmnoticias.com\/labravaradiofm\/?s={search_term_string}"},"query-input":{"@type":"PropertyValueSpecification","valueRequired":true,"valueName":"search_term_string"}}],"inLanguage":"es"},{"@type":"Person","@id":"https:\/\/www.bbmnoticias.com\/labravaradiofm\/#\/schema\/person\/68a9e9036ef3c5b55aeb2b71dc8bab45","name":"Staff","image":{"@type":"ImageObject","inLanguage":"es","@id":"https:\/\/secure.gravatar.com\/avatar\/fdd21ad66fd8b98c407f9dee5b5e588cfe7f0d8579ec20fa6527cd59bab7f0f0?s=96&d=mm&r=g","url":"https:\/\/secure.gravatar.com\/avatar\/fdd21ad66fd8b98c407f9dee5b5e588cfe7f0d8579ec20fa6527cd59bab7f0f0?s=96&d=mm&r=g","contentUrl":"https:\/\/secure.gravatar.com\/avatar\/fdd21ad66fd8b98c407f9dee5b5e588cfe7f0d8579ec20fa6527cd59bab7f0f0?s=96&d=mm&r=g","caption":"Staff"},"url":"https:\/\/www.bbmnoticias.com\/labravaradiofm\/author\/redaccion\/"}]}},"_links":{"self":[{"href":"https:\/\/www.bbmnoticias.com\/labravaradiofm\/wp-json\/wp\/v2\/posts\/65580","targetHints":{"allow":["GET"]}}],"collection":[{"href":"https:\/\/www.bbmnoticias.com\/labravaradiofm\/wp-json\/wp\/v2\/posts"}],"about":[{"href":"https:\/\/www.bbmnoticias.com\/labravaradiofm\/wp-json\/wp\/v2\/types\/post"}],"author":[{"embeddable":true,"href":"https:\/\/www.bbmnoticias.com\/labravaradiofm\/wp-json\/wp\/v2\/users\/2"}],"replies":[{"embeddable":true,"href":"https:\/\/www.bbmnoticias.com\/labravaradiofm\/wp-json\/wp\/v2\/comments?post=65580"}],"version-history":[{"count":0,"href":"https:\/\/www.bbmnoticias.com\/labravaradiofm\/wp-json\/wp\/v2\/posts\/65580\/revisions"}],"wp:featuredmedia":[{"embeddable":true,"href":"https:\/\/www.bbmnoticias.com\/labravaradiofm\/wp-json\/wp\/v2\/media\/65582"}],"wp:attachment":[{"href":"https:\/\/www.bbmnoticias.com\/labravaradiofm\/wp-json\/wp\/v2\/media?parent=65580"}],"wp:term":[{"taxonomy":"category","embeddable":true,"href":"https:\/\/www.bbmnoticias.com\/labravaradiofm\/wp-json\/wp\/v2\/categories?post=65580"},{"taxonomy":"post_tag","embeddable":true,"href":"https:\/\/www.bbmnoticias.com\/labravaradiofm\/wp-json\/wp\/v2\/tags?post=65580"}],"curies":[{"name":"wp","href":"https:\/\/api.w.org\/{rel}","templated":true}]}}