{"id":65577,"date":"2025-08-26T08:31:05","date_gmt":"2025-08-26T14:31:05","guid":{"rendered":"https:\/\/www.bbmnoticias.com\/labravaradiofm\/2025\/08\/26\/hallan-a-hombre-sin-vida-desaparecido-hace-tres-dias-en-el-rio-ostuta-oaxaca\/"},"modified":"2025-08-26T08:31:13","modified_gmt":"2025-08-26T14:31:13","slug":"hallan-a-hombre-sin-vida-desaparecido-hace-tres-dias-en-el-rio-ostuta-oaxaca","status":"publish","type":"post","link":"https:\/\/www.bbmnoticias.com\/labravaradiofm\/2025\/08\/26\/hallan-a-hombre-sin-vida-desaparecido-hace-tres-dias-en-el-rio-ostuta-oaxaca\/","title":{"rendered":"Hallan a hombre sin vida desaparecido hace tres d\u00edas en el r\u00edo Ostuta, Oaxaca"},"content":{"rendered":"<div style=\"margin-top: 0px; margin-bottom: 0px;\" class=\"sharethis-inline-share-buttons\" ><\/div>\n<p>Juchit\u00e1n, Oax. \u2013Con el apoyo de las autoridades municipales de la zona oriente del Istmo, al mediod\u00eda de hoy fue hallado el cuerpo del se\u00f1or <strong>Salvio P\u00e9rez Jim\u00e9nez<\/strong>, quien desapareci\u00f3 el pasado s\u00e1bado en el r\u00edo Ostuta.<\/p>\n\n\n\n<p>Versiones de los familiares, el pasado s\u00e1bado, el se\u00f1or Salvio lleg\u00f3 procedente de la poblaci\u00f3n vecina de <strong>Santiago Niltepec<\/strong>, para disfrutar del <strong>r\u00edo Ostuta<\/strong> y a meterse al agua, no volvi\u00f3 aparecer. De inmediato, inici\u00f3 la b\u00fasqueda, que concluy\u00f3 hoy.<\/p>\n\n\n\n<p>El cuerpo se localiz\u00f3 a dos kil\u00f3metros del puente del<strong> R\u00edo Ostuta<\/strong>, hacia la zona de Reforma de Pineda. De esa forma termin\u00f3 la b\u00fasqueda, en la que se involucraron las autoridades de los municipios vecinos.<\/p>\n\n\n\n<p>Personal de las unidades municipales de Protecci\u00f3n Civil de Zanatepec, Reforma de Pineda e Ixhuat\u00e1n, por d\u00f3nde pasa el mur\u00edo Ostuta, as\u00ed como de San Francisco del Mar, se sumaron a la b\u00fasqueda.<\/p>\n\n\n\n<p>Result\u00f3 notorio que los elementos de la <strong>Armada de M\u00e9xico <\/strong>no colaboraron con la b\u00fasqueda con sus equipos de salvamento, como lanchas y buzos, porque de acuerdo con las autoridades municipales, andaban en tareas de seguridad.<\/p>\n\n\n\n<p>Con informaci\u00f3n de El Universal<\/p>\n","protected":false},"excerpt":{"rendered":"<p>Juchit\u00e1n, Oax. \u2013Con el apoyo de las autoridades municipales de la zona oriente del Istmo, al mediod\u00eda de hoy fue hallado el cuerpo del se\u00f1or Salvio P\u00e9rez Jim\u00e9nez, quien desapareci\u00f3 el pasado s\u00e1bado en el r\u00edo Ostuta. Versiones de los familiares, el pasado s\u00e1bado, el se\u00f1or Salvio lleg\u00f3 procedente de la poblaci\u00f3n vecina de Santiago [&hellip;]<\/p>\n","protected":false},"author":2,"featured_media":65579,"comment_status":"closed","ping_status":"","sticky":false,"template":"","format":"standard","meta":{"footnotes":""},"categories":[2],"tags":[],"class_list":{"0":"post-65577","1":"post","2":"type-post","3":"status-publish","4":"format-standard","5":"has-post-thumbnail","7":"category-oaxaca"},"yoast_head":"<!-- This site is optimized with the Yoast SEO plugin v27.4 - https:\/\/yoast.com\/product\/yoast-seo-wordpress\/ -->\n<title>Hallan a hombre sin vida desaparecido hace tres d\u00edas en el r\u00edo Ostuta, Oaxaca - LA BRAVA RADIO<\/title>\n<meta name=\"robots\" content=\"index, follow, max-snippet:-1, max-image-preview:large, max-video-preview:-1\" \/>\n<link rel=\"canonical\" href=\"https:\/\/www.bbmnoticias.com\/blog\/2025\/08\/26\/hallan-a-hombre-sin-vida-desaparecido-hace-tres-dias-en-el-rio-ostuta-oaxaca\/\" \/>\n<meta property=\"og:locale\" content=\"es_MX\" \/>\n<meta property=\"og:type\" content=\"article\" \/>\n<meta property=\"og:title\" content=\"Hallan a hombre sin vida desaparecido hace tres d\u00edas en el r\u00edo Ostuta, Oaxaca - LA BRAVA RADIO\" \/>\n<meta property=\"og:description\" content=\"Juchit\u00e1n, Oax. \u2013Con el apoyo de las autoridades municipales de la zona oriente del Istmo, al mediod\u00eda de hoy fue hallado el cuerpo del se\u00f1or Salvio P\u00e9rez Jim\u00e9nez, quien desapareci\u00f3 el pasado s\u00e1bado en el r\u00edo Ostuta. Versiones de los familiares, el pasado s\u00e1bado, el se\u00f1or Salvio lleg\u00f3 procedente de la poblaci\u00f3n vecina de Santiago [&hellip;]\" \/>\n<meta property=\"og:url\" content=\"https:\/\/www.bbmnoticias.com\/blog\/2025\/08\/26\/hallan-a-hombre-sin-vida-desaparecido-hace-tres-dias-en-el-rio-ostuta-oaxaca\/\" \/>\n<meta property=\"og:site_name\" content=\"LA BRAVA RADIO\" \/>\n<meta property=\"article:published_time\" content=\"2025-08-26T14:31:05+00:00\" \/>\n<meta property=\"article:modified_time\" content=\"2025-08-26T14:31:13+00:00\" \/>\n<meta property=\"og:image\" content=\"https:\/\/www.bbmnoticias.com\/labravaradiofm\/wp-content\/uploads\/sites\/5\/2025\/08\/rio_ostuta.jpg\" \/>\n\t<meta property=\"og:image:width\" content=\"800\" \/>\n\t<meta property=\"og:image:height\" content=\"493\" \/>\n\t<meta property=\"og:image:type\" content=\"image\/jpeg\" \/>\n<meta name=\"author\" content=\"Staff\" \/>\n<meta name=\"twitter:card\" content=\"summary_large_image\" \/>\n<meta name=\"twitter:label1\" content=\"Escrito por\" \/>\n\t<meta name=\"twitter:data1\" content=\"Staff\" \/>\n\t<meta name=\"twitter:label2\" content=\"Tiempo de lectura\" \/>\n\t<meta name=\"twitter:data2\" content=\"1 minuto\" \/>\n<script type=\"application\/ld+json\" class=\"yoast-schema-graph\">{\"@context\":\"https:\\\/\\\/schema.org\",\"@graph\":[{\"@type\":\"Article\",\"@id\":\"https:\\\/\\\/www.bbmnoticias.com\\\/blog\\\/2025\\\/08\\\/26\\\/hallan-a-hombre-sin-vida-desaparecido-hace-tres-dias-en-el-rio-ostuta-oaxaca\\\/#article\",\"isPartOf\":{\"@id\":\"https:\\\/\\\/www.bbmnoticias.com\\\/labravaradiofm\\\/2025\\\/08\\\/26\\\/hallan-a-hombre-sin-vida-desaparecido-hace-tres-dias-en-el-rio-ostuta-oaxaca\\\/\"},\"author\":{\"name\":\"Staff\",\"@id\":\"https:\\\/\\\/www.bbmnoticias.com\\\/labravaradiofm\\\/#\\\/schema\\\/person\\\/68a9e9036ef3c5b55aeb2b71dc8bab45\"},\"headline\":\"Hallan a hombre sin vida desaparecido hace tres d\u00edas en el r\u00edo Ostuta, Oaxaca\",\"datePublished\":\"2025-08-26T14:31:05+00:00\",\"dateModified\":\"2025-08-26T14:31:13+00:00\",\"mainEntityOfPage\":{\"@id\":\"https:\\\/\\\/www.bbmnoticias.com\\\/labravaradiofm\\\/2025\\\/08\\\/26\\\/hallan-a-hombre-sin-vida-desaparecido-hace-tres-dias-en-el-rio-ostuta-oaxaca\\\/\"},\"wordCount\":226,\"image\":{\"@id\":\"https:\\\/\\\/www.bbmnoticias.com\\\/blog\\\/2025\\\/08\\\/26\\\/hallan-a-hombre-sin-vida-desaparecido-hace-tres-dias-en-el-rio-ostuta-oaxaca\\\/#primaryimage\"},\"thumbnailUrl\":\"https:\\\/\\\/www.bbmnoticias.com\\\/labravaradiofm\\\/wp-content\\\/uploads\\\/sites\\\/5\\\/2025\\\/08\\\/rio_ostuta.jpg\",\"articleSection\":[\"LOCAL\"],\"inLanguage\":\"es\"},{\"@type\":\"WebPage\",\"@id\":\"https:\\\/\\\/www.bbmnoticias.com\\\/labravaradiofm\\\/2025\\\/08\\\/26\\\/hallan-a-hombre-sin-vida-desaparecido-hace-tres-dias-en-el-rio-ostuta-oaxaca\\\/\",\"url\":\"https:\\\/\\\/www.bbmnoticias.com\\\/blog\\\/2025\\\/08\\\/26\\\/hallan-a-hombre-sin-vida-desaparecido-hace-tres-dias-en-el-rio-ostuta-oaxaca\\\/\",\"name\":\"Hallan a hombre sin vida desaparecido hace tres d\u00edas en el r\u00edo Ostuta, Oaxaca - LA BRAVA RADIO\",\"isPartOf\":{\"@id\":\"https:\\\/\\\/www.bbmnoticias.com\\\/labravaradiofm\\\/#website\"},\"primaryImageOfPage\":{\"@id\":\"https:\\\/\\\/www.bbmnoticias.com\\\/blog\\\/2025\\\/08\\\/26\\\/hallan-a-hombre-sin-vida-desaparecido-hace-tres-dias-en-el-rio-ostuta-oaxaca\\\/#primaryimage\"},\"image\":{\"@id\":\"https:\\\/\\\/www.bbmnoticias.com\\\/blog\\\/2025\\\/08\\\/26\\\/hallan-a-hombre-sin-vida-desaparecido-hace-tres-dias-en-el-rio-ostuta-oaxaca\\\/#primaryimage\"},\"thumbnailUrl\":\"https:\\\/\\\/www.bbmnoticias.com\\\/labravaradiofm\\\/wp-content\\\/uploads\\\/sites\\\/5\\\/2025\\\/08\\\/rio_ostuta.jpg\",\"datePublished\":\"2025-08-26T14:31:05+00:00\",\"dateModified\":\"2025-08-26T14:31:13+00:00\",\"author\":{\"@id\":\"https:\\\/\\\/www.bbmnoticias.com\\\/labravaradiofm\\\/#\\\/schema\\\/person\\\/68a9e9036ef3c5b55aeb2b71dc8bab45\"},\"breadcrumb\":{\"@id\":\"https:\\\/\\\/www.bbmnoticias.com\\\/blog\\\/2025\\\/08\\\/26\\\/hallan-a-hombre-sin-vida-desaparecido-hace-tres-dias-en-el-rio-ostuta-oaxaca\\\/#breadcrumb\"},\"inLanguage\":\"es\",\"potentialAction\":[{\"@type\":\"ReadAction\",\"target\":[\"https:\\\/\\\/www.bbmnoticias.com\\\/blog\\\/2025\\\/08\\\/26\\\/hallan-a-hombre-sin-vida-desaparecido-hace-tres-dias-en-el-rio-ostuta-oaxaca\\\/\"]}]},{\"@type\":\"ImageObject\",\"inLanguage\":\"es\",\"@id\":\"https:\\\/\\\/www.bbmnoticias.com\\\/blog\\\/2025\\\/08\\\/26\\\/hallan-a-hombre-sin-vida-desaparecido-hace-tres-dias-en-el-rio-ostuta-oaxaca\\\/#primaryimage\",\"url\":\"https:\\\/\\\/www.bbmnoticias.com\\\/labravaradiofm\\\/wp-content\\\/uploads\\\/sites\\\/5\\\/2025\\\/08\\\/rio_ostuta.jpg\",\"contentUrl\":\"https:\\\/\\\/www.bbmnoticias.com\\\/labravaradiofm\\\/wp-content\\\/uploads\\\/sites\\\/5\\\/2025\\\/08\\\/rio_ostuta.jpg\",\"width\":800,\"height\":493},{\"@type\":\"BreadcrumbList\",\"@id\":\"https:\\\/\\\/www.bbmnoticias.com\\\/blog\\\/2025\\\/08\\\/26\\\/hallan-a-hombre-sin-vida-desaparecido-hace-tres-dias-en-el-rio-ostuta-oaxaca\\\/#breadcrumb\",\"itemListElement\":[{\"@type\":\"ListItem\",\"position\":1,\"name\":\"Inicio\",\"item\":\"https:\\\/\\\/www.bbmnoticias.com\\\/labravaradiofm\\\/\"},{\"@type\":\"ListItem\",\"position\":2,\"name\":\"Hallan a hombre sin vida desaparecido hace tres d\u00edas en el r\u00edo Ostuta, Oaxaca\"}]},{\"@type\":\"WebSite\",\"@id\":\"https:\\\/\\\/www.bbmnoticias.com\\\/labravaradiofm\\\/#website\",\"url\":\"https:\\\/\\\/www.bbmnoticias.com\\\/labravaradiofm\\\/\",\"name\":\"LA BRAVA RADIO\",\"description\":\"Empresa productora de medios, Radiodifusi\u00f3n, Noticias, tendencias y todo lo que necesitas saber de la pol\u00edtica mexicana e internacional; entretenimiento, espect\u00e1culos, salud y mucho m\u00e1s.\",\"potentialAction\":[{\"@type\":\"SearchAction\",\"target\":{\"@type\":\"EntryPoint\",\"urlTemplate\":\"https:\\\/\\\/www.bbmnoticias.com\\\/labravaradiofm\\\/?s={search_term_string}\"},\"query-input\":{\"@type\":\"PropertyValueSpecification\",\"valueRequired\":true,\"valueName\":\"search_term_string\"}}],\"inLanguage\":\"es\"},{\"@type\":\"Person\",\"@id\":\"https:\\\/\\\/www.bbmnoticias.com\\\/labravaradiofm\\\/#\\\/schema\\\/person\\\/68a9e9036ef3c5b55aeb2b71dc8bab45\",\"name\":\"Staff\",\"image\":{\"@type\":\"ImageObject\",\"inLanguage\":\"es\",\"@id\":\"https:\\\/\\\/secure.gravatar.com\\\/avatar\\\/fdd21ad66fd8b98c407f9dee5b5e588cfe7f0d8579ec20fa6527cd59bab7f0f0?s=96&d=mm&r=g\",\"url\":\"https:\\\/\\\/secure.gravatar.com\\\/avatar\\\/fdd21ad66fd8b98c407f9dee5b5e588cfe7f0d8579ec20fa6527cd59bab7f0f0?s=96&d=mm&r=g\",\"contentUrl\":\"https:\\\/\\\/secure.gravatar.com\\\/avatar\\\/fdd21ad66fd8b98c407f9dee5b5e588cfe7f0d8579ec20fa6527cd59bab7f0f0?s=96&d=mm&r=g\",\"caption\":\"Staff\"},\"url\":\"https:\\\/\\\/www.bbmnoticias.com\\\/labravaradiofm\\\/author\\\/redaccion\\\/\"}]}<\/script>\n<!-- \/ Yoast SEO plugin. -->","yoast_head_json":{"title":"Hallan a hombre sin vida desaparecido hace tres d\u00edas en el r\u00edo Ostuta, Oaxaca - LA BRAVA RADIO","robots":{"index":"index","follow":"follow","max-snippet":"max-snippet:-1","max-image-preview":"max-image-preview:large","max-video-preview":"max-video-preview:-1"},"canonical":"https:\/\/www.bbmnoticias.com\/blog\/2025\/08\/26\/hallan-a-hombre-sin-vida-desaparecido-hace-tres-dias-en-el-rio-ostuta-oaxaca\/","og_locale":"es_MX","og_type":"article","og_title":"Hallan a hombre sin vida desaparecido hace tres d\u00edas en el r\u00edo Ostuta, Oaxaca - LA BRAVA RADIO","og_description":"Juchit\u00e1n, Oax. \u2013Con el apoyo de las autoridades municipales de la zona oriente del Istmo, al mediod\u00eda de hoy fue hallado el cuerpo del se\u00f1or Salvio P\u00e9rez Jim\u00e9nez, quien desapareci\u00f3 el pasado s\u00e1bado en el r\u00edo Ostuta. Versiones de los familiares, el pasado s\u00e1bado, el se\u00f1or Salvio lleg\u00f3 procedente de la poblaci\u00f3n vecina de Santiago [&hellip;]","og_url":"https:\/\/www.bbmnoticias.com\/blog\/2025\/08\/26\/hallan-a-hombre-sin-vida-desaparecido-hace-tres-dias-en-el-rio-ostuta-oaxaca\/","og_site_name":"LA BRAVA RADIO","article_published_time":"2025-08-26T14:31:05+00:00","article_modified_time":"2025-08-26T14:31:13+00:00","og_image":[{"width":800,"height":493,"url":"https:\/\/www.bbmnoticias.com\/labravaradiofm\/wp-content\/uploads\/sites\/5\/2025\/08\/rio_ostuta.jpg","type":"image\/jpeg"}],"author":"Staff","twitter_card":"summary_large_image","twitter_misc":{"Escrito por":"Staff","Tiempo de lectura":"1 minuto"},"schema":{"@context":"https:\/\/schema.org","@graph":[{"@type":"Article","@id":"https:\/\/www.bbmnoticias.com\/blog\/2025\/08\/26\/hallan-a-hombre-sin-vida-desaparecido-hace-tres-dias-en-el-rio-ostuta-oaxaca\/#article","isPartOf":{"@id":"https:\/\/www.bbmnoticias.com\/labravaradiofm\/2025\/08\/26\/hallan-a-hombre-sin-vida-desaparecido-hace-tres-dias-en-el-rio-ostuta-oaxaca\/"},"author":{"name":"Staff","@id":"https:\/\/www.bbmnoticias.com\/labravaradiofm\/#\/schema\/person\/68a9e9036ef3c5b55aeb2b71dc8bab45"},"headline":"Hallan a hombre sin vida desaparecido hace tres d\u00edas en el r\u00edo Ostuta, Oaxaca","datePublished":"2025-08-26T14:31:05+00:00","dateModified":"2025-08-26T14:31:13+00:00","mainEntityOfPage":{"@id":"https:\/\/www.bbmnoticias.com\/labravaradiofm\/2025\/08\/26\/hallan-a-hombre-sin-vida-desaparecido-hace-tres-dias-en-el-rio-ostuta-oaxaca\/"},"wordCount":226,"image":{"@id":"https:\/\/www.bbmnoticias.com\/blog\/2025\/08\/26\/hallan-a-hombre-sin-vida-desaparecido-hace-tres-dias-en-el-rio-ostuta-oaxaca\/#primaryimage"},"thumbnailUrl":"https:\/\/www.bbmnoticias.com\/labravaradiofm\/wp-content\/uploads\/sites\/5\/2025\/08\/rio_ostuta.jpg","articleSection":["LOCAL"],"inLanguage":"es"},{"@type":"WebPage","@id":"https:\/\/www.bbmnoticias.com\/labravaradiofm\/2025\/08\/26\/hallan-a-hombre-sin-vida-desaparecido-hace-tres-dias-en-el-rio-ostuta-oaxaca\/","url":"https:\/\/www.bbmnoticias.com\/blog\/2025\/08\/26\/hallan-a-hombre-sin-vida-desaparecido-hace-tres-dias-en-el-rio-ostuta-oaxaca\/","name":"Hallan a hombre sin vida desaparecido hace tres d\u00edas en el r\u00edo Ostuta, Oaxaca - LA BRAVA RADIO","isPartOf":{"@id":"https:\/\/www.bbmnoticias.com\/labravaradiofm\/#website"},"primaryImageOfPage":{"@id":"https:\/\/www.bbmnoticias.com\/blog\/2025\/08\/26\/hallan-a-hombre-sin-vida-desaparecido-hace-tres-dias-en-el-rio-ostuta-oaxaca\/#primaryimage"},"image":{"@id":"https:\/\/www.bbmnoticias.com\/blog\/2025\/08\/26\/hallan-a-hombre-sin-vida-desaparecido-hace-tres-dias-en-el-rio-ostuta-oaxaca\/#primaryimage"},"thumbnailUrl":"https:\/\/www.bbmnoticias.com\/labravaradiofm\/wp-content\/uploads\/sites\/5\/2025\/08\/rio_ostuta.jpg","datePublished":"2025-08-26T14:31:05+00:00","dateModified":"2025-08-26T14:31:13+00:00","author":{"@id":"https:\/\/www.bbmnoticias.com\/labravaradiofm\/#\/schema\/person\/68a9e9036ef3c5b55aeb2b71dc8bab45"},"breadcrumb":{"@id":"https:\/\/www.bbmnoticias.com\/blog\/2025\/08\/26\/hallan-a-hombre-sin-vida-desaparecido-hace-tres-dias-en-el-rio-ostuta-oaxaca\/#breadcrumb"},"inLanguage":"es","potentialAction":[{"@type":"ReadAction","target":["https:\/\/www.bbmnoticias.com\/blog\/2025\/08\/26\/hallan-a-hombre-sin-vida-desaparecido-hace-tres-dias-en-el-rio-ostuta-oaxaca\/"]}]},{"@type":"ImageObject","inLanguage":"es","@id":"https:\/\/www.bbmnoticias.com\/blog\/2025\/08\/26\/hallan-a-hombre-sin-vida-desaparecido-hace-tres-dias-en-el-rio-ostuta-oaxaca\/#primaryimage","url":"https:\/\/www.bbmnoticias.com\/labravaradiofm\/wp-content\/uploads\/sites\/5\/2025\/08\/rio_ostuta.jpg","contentUrl":"https:\/\/www.bbmnoticias.com\/labravaradiofm\/wp-content\/uploads\/sites\/5\/2025\/08\/rio_ostuta.jpg","width":800,"height":493},{"@type":"BreadcrumbList","@id":"https:\/\/www.bbmnoticias.com\/blog\/2025\/08\/26\/hallan-a-hombre-sin-vida-desaparecido-hace-tres-dias-en-el-rio-ostuta-oaxaca\/#breadcrumb","itemListElement":[{"@type":"ListItem","position":1,"name":"Inicio","item":"https:\/\/www.bbmnoticias.com\/labravaradiofm\/"},{"@type":"ListItem","position":2,"name":"Hallan a hombre sin vida desaparecido hace tres d\u00edas en el r\u00edo Ostuta, Oaxaca"}]},{"@type":"WebSite","@id":"https:\/\/www.bbmnoticias.com\/labravaradiofm\/#website","url":"https:\/\/www.bbmnoticias.com\/labravaradiofm\/","name":"LA BRAVA RADIO","description":"Empresa productora de medios, Radiodifusi\u00f3n, Noticias, tendencias y todo lo que necesitas saber de la pol\u00edtica mexicana e internacional; entretenimiento, espect\u00e1culos, salud y mucho m\u00e1s.","potentialAction":[{"@type":"SearchAction","target":{"@type":"EntryPoint","urlTemplate":"https:\/\/www.bbmnoticias.com\/labravaradiofm\/?s={search_term_string}"},"query-input":{"@type":"PropertyValueSpecification","valueRequired":true,"valueName":"search_term_string"}}],"inLanguage":"es"},{"@type":"Person","@id":"https:\/\/www.bbmnoticias.com\/labravaradiofm\/#\/schema\/person\/68a9e9036ef3c5b55aeb2b71dc8bab45","name":"Staff","image":{"@type":"ImageObject","inLanguage":"es","@id":"https:\/\/secure.gravatar.com\/avatar\/fdd21ad66fd8b98c407f9dee5b5e588cfe7f0d8579ec20fa6527cd59bab7f0f0?s=96&d=mm&r=g","url":"https:\/\/secure.gravatar.com\/avatar\/fdd21ad66fd8b98c407f9dee5b5e588cfe7f0d8579ec20fa6527cd59bab7f0f0?s=96&d=mm&r=g","contentUrl":"https:\/\/secure.gravatar.com\/avatar\/fdd21ad66fd8b98c407f9dee5b5e588cfe7f0d8579ec20fa6527cd59bab7f0f0?s=96&d=mm&r=g","caption":"Staff"},"url":"https:\/\/www.bbmnoticias.com\/labravaradiofm\/author\/redaccion\/"}]}},"_links":{"self":[{"href":"https:\/\/www.bbmnoticias.com\/labravaradiofm\/wp-json\/wp\/v2\/posts\/65577","targetHints":{"allow":["GET"]}}],"collection":[{"href":"https:\/\/www.bbmnoticias.com\/labravaradiofm\/wp-json\/wp\/v2\/posts"}],"about":[{"href":"https:\/\/www.bbmnoticias.com\/labravaradiofm\/wp-json\/wp\/v2\/types\/post"}],"author":[{"embeddable":true,"href":"https:\/\/www.bbmnoticias.com\/labravaradiofm\/wp-json\/wp\/v2\/users\/2"}],"replies":[{"embeddable":true,"href":"https:\/\/www.bbmnoticias.com\/labravaradiofm\/wp-json\/wp\/v2\/comments?post=65577"}],"version-history":[{"count":0,"href":"https:\/\/www.bbmnoticias.com\/labravaradiofm\/wp-json\/wp\/v2\/posts\/65577\/revisions"}],"wp:featuredmedia":[{"embeddable":true,"href":"https:\/\/www.bbmnoticias.com\/labravaradiofm\/wp-json\/wp\/v2\/media\/65579"}],"wp:attachment":[{"href":"https:\/\/www.bbmnoticias.com\/labravaradiofm\/wp-json\/wp\/v2\/media?parent=65577"}],"wp:term":[{"taxonomy":"category","embeddable":true,"href":"https:\/\/www.bbmnoticias.com\/labravaradiofm\/wp-json\/wp\/v2\/categories?post=65577"},{"taxonomy":"post_tag","embeddable":true,"href":"https:\/\/www.bbmnoticias.com\/labravaradiofm\/wp-json\/wp\/v2\/tags?post=65577"}],"curies":[{"name":"wp","href":"https:\/\/api.w.org\/{rel}","templated":true}]}}