{"id":65574,"date":"2025-08-26T08:18:06","date_gmt":"2025-08-26T14:18:06","guid":{"rendered":"https:\/\/www.bbmnoticias.com\/labravaradiofm\/2025\/08\/26\/apoya-primavera-oaxaquena-el-acceso-a-la-educacion-con-inscripcion-cero\/"},"modified":"2025-08-26T08:18:13","modified_gmt":"2025-08-26T14:18:13","slug":"apoya-primavera-oaxaquena-el-acceso-a-la-educacion-con-inscripcion-cero","status":"publish","type":"post","link":"https:\/\/www.bbmnoticias.com\/labravaradiofm\/2025\/08\/26\/apoya-primavera-oaxaquena-el-acceso-a-la-educacion-con-inscripcion-cero\/","title":{"rendered":"Apoya Primavera Oaxaque\u00f1a el acceso a la educaci\u00f3n con &#8220;Inscripci\u00f3n Cero\u201d"},"content":{"rendered":"<div style=\"margin-top: 0px; margin-bottom: 0px;\" class=\"sharethis-inline-share-buttons\" ><\/div>\n<p><strong>Oaxaca de Ju\u00e1rez, Oax.- <\/strong>Con el prop\u00f3sito de reducir la carga econ\u00f3mica de las familias y garantizar el acceso a una educaci\u00f3n de calidad, el Gobierno de Oaxaca, encabezado por Salom\u00f3n Jara Cruz, contin\u00faa con el programa &#8220;Inscripci\u00f3n Cero&#8221;, que elimina las cuotas de inscripci\u00f3n y reinscripci\u00f3n para estudiantes de nivel medio superior y superior.<\/p>\n\n\n\n<p>Esta acci\u00f3n busca que las y los alumnos puedan concentrarse en sus estudios sin preocuparse por la carga econ\u00f3mica, lo que reduce significativamente la deserci\u00f3n escolar en la entidad.<\/p>\n\n\n\n<p>El programa seguir\u00e1 favoreciendo a cerca de 81 mil estudiantes del Instituto de Estudios de Bachillerato del Estado de Oaxaca, Colegio de Bachilleres del Estado de Oaxaca y Colegio de Estudios Cient\u00edficos y Tecnol\u00f3gicos del Estado de Oaxaca.<\/p>\n\n\n\n<p>Aunado a 12 mil de los institutos Tecnol\u00f3gico de Teposcolula y Tecnol\u00f3gico San Miguel El Grande, as\u00ed como de las universidades Tecnol\u00f3gica de la Sierra Sur, Tecnol\u00f3gica de los Valles Centrales de Oaxaca, Polit\u00e9cnica de Nochixtl\u00e1n &#8220;Abraham Castellanos&#8221;, Universidad Polit\u00e9cnica y Tecnol\u00f3gica del Istmo de Tehuantepec.<\/p>\n\n\n\n<p>Adem\u00e1s de las universidades Tecnol\u00f3gica de la Mixteca, del Mar, del Istmo, del Papaloapan, de la Sierra Sur, de la Sierra Ju\u00e1rez, de la Ca\u00f1ada, de la Costa, de Chalcatongo, Intercultural del Pueblo y Aut\u00f3noma Comunal, as\u00ed como NovaUniversitas y Afrouniversidad Polit\u00e9cnica Intercultural.<\/p>\n\n\n\n<p>La eliminaci\u00f3n de las cuotas de inscripci\u00f3n y reinscripci\u00f3n permitir\u00e1 que las adolescencias y juventudes contin\u00faen sus estudios y accedan a una educaci\u00f3n sin las barreras econ\u00f3micas tradicionales. Se espera que el programa impulse la equidad educativa y contribuya al bienestar de las familias.<\/p>\n\n\n\n<p>La Primavera Oaxaque\u00f1a trabaja para garantizar la igualdad de oportunidades educativas para todas y todos, sin importar su situaci\u00f3n econ\u00f3mica.<\/p>\n","protected":false},"excerpt":{"rendered":"<p>Oaxaca de Ju\u00e1rez, Oax.- Con el prop\u00f3sito de reducir la carga econ\u00f3mica de las familias y garantizar el acceso a una educaci\u00f3n de calidad, el Gobierno de Oaxaca, encabezado por Salom\u00f3n Jara Cruz, contin\u00faa con el programa &#8220;Inscripci\u00f3n Cero&#8221;, que elimina las cuotas de inscripci\u00f3n y reinscripci\u00f3n para estudiantes de nivel medio superior y superior. [&hellip;]<\/p>\n","protected":false},"author":2,"featured_media":65576,"comment_status":"closed","ping_status":"","sticky":false,"template":"","format":"standard","meta":{"footnotes":""},"categories":[2],"tags":[],"class_list":{"0":"post-65574","1":"post","2":"type-post","3":"status-publish","4":"format-standard","5":"has-post-thumbnail","7":"category-oaxaca"},"yoast_head":"<!-- This site is optimized with the Yoast SEO plugin v27.4 - https:\/\/yoast.com\/product\/yoast-seo-wordpress\/ -->\n<title>Apoya Primavera Oaxaque\u00f1a el acceso a la educaci\u00f3n con &quot;Inscripci\u00f3n Cero\u201d - LA BRAVA RADIO<\/title>\n<meta name=\"robots\" content=\"index, follow, max-snippet:-1, max-image-preview:large, max-video-preview:-1\" \/>\n<link rel=\"canonical\" href=\"https:\/\/www.bbmnoticias.com\/blog\/2025\/08\/26\/apoya-primavera-oaxaquena-el-acceso-a-la-educacion-con-inscripcion-cero\/\" \/>\n<meta property=\"og:locale\" content=\"es_MX\" \/>\n<meta property=\"og:type\" content=\"article\" \/>\n<meta property=\"og:title\" content=\"Apoya Primavera Oaxaque\u00f1a el acceso a la educaci\u00f3n con &quot;Inscripci\u00f3n Cero\u201d - LA BRAVA RADIO\" \/>\n<meta property=\"og:description\" content=\"Oaxaca de Ju\u00e1rez, Oax.- Con el prop\u00f3sito de reducir la carga econ\u00f3mica de las familias y garantizar el acceso a una educaci\u00f3n de calidad, el Gobierno de Oaxaca, encabezado por Salom\u00f3n Jara Cruz, contin\u00faa con el programa &#8220;Inscripci\u00f3n Cero&#8221;, que elimina las cuotas de inscripci\u00f3n y reinscripci\u00f3n para estudiantes de nivel medio superior y superior. [&hellip;]\" \/>\n<meta property=\"og:url\" content=\"https:\/\/www.bbmnoticias.com\/blog\/2025\/08\/26\/apoya-primavera-oaxaquena-el-acceso-a-la-educacion-con-inscripcion-cero\/\" \/>\n<meta property=\"og:site_name\" content=\"LA BRAVA RADIO\" \/>\n<meta property=\"article:published_time\" content=\"2025-08-26T14:18:06+00:00\" \/>\n<meta property=\"article:modified_time\" content=\"2025-08-26T14:18:13+00:00\" \/>\n<meta property=\"og:image\" content=\"https:\/\/www.bbmnoticias.com\/labravaradiofm\/wp-content\/uploads\/sites\/5\/2025\/08\/inscripcion_cero.jpg\" \/>\n\t<meta property=\"og:image:width\" content=\"800\" \/>\n\t<meta property=\"og:image:height\" content=\"450\" \/>\n\t<meta property=\"og:image:type\" content=\"image\/jpeg\" \/>\n<meta name=\"author\" content=\"Staff\" \/>\n<meta name=\"twitter:card\" content=\"summary_large_image\" \/>\n<meta name=\"twitter:label1\" content=\"Escrito por\" \/>\n\t<meta name=\"twitter:data1\" content=\"Staff\" \/>\n\t<meta name=\"twitter:label2\" content=\"Tiempo de lectura\" \/>\n\t<meta name=\"twitter:data2\" content=\"2 minutos\" \/>\n<script type=\"application\/ld+json\" class=\"yoast-schema-graph\">{\"@context\":\"https:\\\/\\\/schema.org\",\"@graph\":[{\"@type\":\"Article\",\"@id\":\"https:\\\/\\\/www.bbmnoticias.com\\\/blog\\\/2025\\\/08\\\/26\\\/apoya-primavera-oaxaquena-el-acceso-a-la-educacion-con-inscripcion-cero\\\/#article\",\"isPartOf\":{\"@id\":\"https:\\\/\\\/www.bbmnoticias.com\\\/labravaradiofm\\\/2025\\\/08\\\/26\\\/apoya-primavera-oaxaquena-el-acceso-a-la-educacion-con-inscripcion-cero\\\/\"},\"author\":{\"name\":\"Staff\",\"@id\":\"https:\\\/\\\/www.bbmnoticias.com\\\/labravaradiofm\\\/#\\\/schema\\\/person\\\/68a9e9036ef3c5b55aeb2b71dc8bab45\"},\"headline\":\"Apoya Primavera Oaxaque\u00f1a el acceso a la educaci\u00f3n con &#8220;Inscripci\u00f3n Cero\u201d\",\"datePublished\":\"2025-08-26T14:18:06+00:00\",\"dateModified\":\"2025-08-26T14:18:13+00:00\",\"mainEntityOfPage\":{\"@id\":\"https:\\\/\\\/www.bbmnoticias.com\\\/labravaradiofm\\\/2025\\\/08\\\/26\\\/apoya-primavera-oaxaquena-el-acceso-a-la-educacion-con-inscripcion-cero\\\/\"},\"wordCount\":325,\"image\":{\"@id\":\"https:\\\/\\\/www.bbmnoticias.com\\\/blog\\\/2025\\\/08\\\/26\\\/apoya-primavera-oaxaquena-el-acceso-a-la-educacion-con-inscripcion-cero\\\/#primaryimage\"},\"thumbnailUrl\":\"https:\\\/\\\/www.bbmnoticias.com\\\/labravaradiofm\\\/wp-content\\\/uploads\\\/sites\\\/5\\\/2025\\\/08\\\/inscripcion_cero.jpg\",\"articleSection\":[\"LOCAL\"],\"inLanguage\":\"es\"},{\"@type\":\"WebPage\",\"@id\":\"https:\\\/\\\/www.bbmnoticias.com\\\/labravaradiofm\\\/2025\\\/08\\\/26\\\/apoya-primavera-oaxaquena-el-acceso-a-la-educacion-con-inscripcion-cero\\\/\",\"url\":\"https:\\\/\\\/www.bbmnoticias.com\\\/blog\\\/2025\\\/08\\\/26\\\/apoya-primavera-oaxaquena-el-acceso-a-la-educacion-con-inscripcion-cero\\\/\",\"name\":\"Apoya Primavera Oaxaque\u00f1a el acceso a la educaci\u00f3n con \\\"Inscripci\u00f3n Cero\u201d - LA BRAVA RADIO\",\"isPartOf\":{\"@id\":\"https:\\\/\\\/www.bbmnoticias.com\\\/labravaradiofm\\\/#website\"},\"primaryImageOfPage\":{\"@id\":\"https:\\\/\\\/www.bbmnoticias.com\\\/blog\\\/2025\\\/08\\\/26\\\/apoya-primavera-oaxaquena-el-acceso-a-la-educacion-con-inscripcion-cero\\\/#primaryimage\"},\"image\":{\"@id\":\"https:\\\/\\\/www.bbmnoticias.com\\\/blog\\\/2025\\\/08\\\/26\\\/apoya-primavera-oaxaquena-el-acceso-a-la-educacion-con-inscripcion-cero\\\/#primaryimage\"},\"thumbnailUrl\":\"https:\\\/\\\/www.bbmnoticias.com\\\/labravaradiofm\\\/wp-content\\\/uploads\\\/sites\\\/5\\\/2025\\\/08\\\/inscripcion_cero.jpg\",\"datePublished\":\"2025-08-26T14:18:06+00:00\",\"dateModified\":\"2025-08-26T14:18:13+00:00\",\"author\":{\"@id\":\"https:\\\/\\\/www.bbmnoticias.com\\\/labravaradiofm\\\/#\\\/schema\\\/person\\\/68a9e9036ef3c5b55aeb2b71dc8bab45\"},\"breadcrumb\":{\"@id\":\"https:\\\/\\\/www.bbmnoticias.com\\\/blog\\\/2025\\\/08\\\/26\\\/apoya-primavera-oaxaquena-el-acceso-a-la-educacion-con-inscripcion-cero\\\/#breadcrumb\"},\"inLanguage\":\"es\",\"potentialAction\":[{\"@type\":\"ReadAction\",\"target\":[\"https:\\\/\\\/www.bbmnoticias.com\\\/blog\\\/2025\\\/08\\\/26\\\/apoya-primavera-oaxaquena-el-acceso-a-la-educacion-con-inscripcion-cero\\\/\"]}]},{\"@type\":\"ImageObject\",\"inLanguage\":\"es\",\"@id\":\"https:\\\/\\\/www.bbmnoticias.com\\\/blog\\\/2025\\\/08\\\/26\\\/apoya-primavera-oaxaquena-el-acceso-a-la-educacion-con-inscripcion-cero\\\/#primaryimage\",\"url\":\"https:\\\/\\\/www.bbmnoticias.com\\\/labravaradiofm\\\/wp-content\\\/uploads\\\/sites\\\/5\\\/2025\\\/08\\\/inscripcion_cero.jpg\",\"contentUrl\":\"https:\\\/\\\/www.bbmnoticias.com\\\/labravaradiofm\\\/wp-content\\\/uploads\\\/sites\\\/5\\\/2025\\\/08\\\/inscripcion_cero.jpg\",\"width\":800,\"height\":450},{\"@type\":\"BreadcrumbList\",\"@id\":\"https:\\\/\\\/www.bbmnoticias.com\\\/blog\\\/2025\\\/08\\\/26\\\/apoya-primavera-oaxaquena-el-acceso-a-la-educacion-con-inscripcion-cero\\\/#breadcrumb\",\"itemListElement\":[{\"@type\":\"ListItem\",\"position\":1,\"name\":\"Inicio\",\"item\":\"https:\\\/\\\/www.bbmnoticias.com\\\/labravaradiofm\\\/\"},{\"@type\":\"ListItem\",\"position\":2,\"name\":\"Apoya Primavera Oaxaque\u00f1a el acceso a la educaci\u00f3n con &#8220;Inscripci\u00f3n Cero\u201d\"}]},{\"@type\":\"WebSite\",\"@id\":\"https:\\\/\\\/www.bbmnoticias.com\\\/labravaradiofm\\\/#website\",\"url\":\"https:\\\/\\\/www.bbmnoticias.com\\\/labravaradiofm\\\/\",\"name\":\"LA BRAVA RADIO\",\"description\":\"Empresa productora de medios, Radiodifusi\u00f3n, Noticias, tendencias y todo lo que necesitas saber de la pol\u00edtica mexicana e internacional; entretenimiento, espect\u00e1culos, salud y mucho m\u00e1s.\",\"potentialAction\":[{\"@type\":\"SearchAction\",\"target\":{\"@type\":\"EntryPoint\",\"urlTemplate\":\"https:\\\/\\\/www.bbmnoticias.com\\\/labravaradiofm\\\/?s={search_term_string}\"},\"query-input\":{\"@type\":\"PropertyValueSpecification\",\"valueRequired\":true,\"valueName\":\"search_term_string\"}}],\"inLanguage\":\"es\"},{\"@type\":\"Person\",\"@id\":\"https:\\\/\\\/www.bbmnoticias.com\\\/labravaradiofm\\\/#\\\/schema\\\/person\\\/68a9e9036ef3c5b55aeb2b71dc8bab45\",\"name\":\"Staff\",\"image\":{\"@type\":\"ImageObject\",\"inLanguage\":\"es\",\"@id\":\"https:\\\/\\\/secure.gravatar.com\\\/avatar\\\/fdd21ad66fd8b98c407f9dee5b5e588cfe7f0d8579ec20fa6527cd59bab7f0f0?s=96&d=mm&r=g\",\"url\":\"https:\\\/\\\/secure.gravatar.com\\\/avatar\\\/fdd21ad66fd8b98c407f9dee5b5e588cfe7f0d8579ec20fa6527cd59bab7f0f0?s=96&d=mm&r=g\",\"contentUrl\":\"https:\\\/\\\/secure.gravatar.com\\\/avatar\\\/fdd21ad66fd8b98c407f9dee5b5e588cfe7f0d8579ec20fa6527cd59bab7f0f0?s=96&d=mm&r=g\",\"caption\":\"Staff\"},\"url\":\"https:\\\/\\\/www.bbmnoticias.com\\\/labravaradiofm\\\/author\\\/redaccion\\\/\"}]}<\/script>\n<!-- \/ Yoast SEO plugin. -->","yoast_head_json":{"title":"Apoya Primavera Oaxaque\u00f1a el acceso a la educaci\u00f3n con \"Inscripci\u00f3n Cero\u201d - LA BRAVA RADIO","robots":{"index":"index","follow":"follow","max-snippet":"max-snippet:-1","max-image-preview":"max-image-preview:large","max-video-preview":"max-video-preview:-1"},"canonical":"https:\/\/www.bbmnoticias.com\/blog\/2025\/08\/26\/apoya-primavera-oaxaquena-el-acceso-a-la-educacion-con-inscripcion-cero\/","og_locale":"es_MX","og_type":"article","og_title":"Apoya Primavera Oaxaque\u00f1a el acceso a la educaci\u00f3n con \"Inscripci\u00f3n Cero\u201d - LA BRAVA RADIO","og_description":"Oaxaca de Ju\u00e1rez, Oax.- Con el prop\u00f3sito de reducir la carga econ\u00f3mica de las familias y garantizar el acceso a una educaci\u00f3n de calidad, el Gobierno de Oaxaca, encabezado por Salom\u00f3n Jara Cruz, contin\u00faa con el programa &#8220;Inscripci\u00f3n Cero&#8221;, que elimina las cuotas de inscripci\u00f3n y reinscripci\u00f3n para estudiantes de nivel medio superior y superior. [&hellip;]","og_url":"https:\/\/www.bbmnoticias.com\/blog\/2025\/08\/26\/apoya-primavera-oaxaquena-el-acceso-a-la-educacion-con-inscripcion-cero\/","og_site_name":"LA BRAVA RADIO","article_published_time":"2025-08-26T14:18:06+00:00","article_modified_time":"2025-08-26T14:18:13+00:00","og_image":[{"width":800,"height":450,"url":"https:\/\/www.bbmnoticias.com\/labravaradiofm\/wp-content\/uploads\/sites\/5\/2025\/08\/inscripcion_cero.jpg","type":"image\/jpeg"}],"author":"Staff","twitter_card":"summary_large_image","twitter_misc":{"Escrito por":"Staff","Tiempo de lectura":"2 minutos"},"schema":{"@context":"https:\/\/schema.org","@graph":[{"@type":"Article","@id":"https:\/\/www.bbmnoticias.com\/blog\/2025\/08\/26\/apoya-primavera-oaxaquena-el-acceso-a-la-educacion-con-inscripcion-cero\/#article","isPartOf":{"@id":"https:\/\/www.bbmnoticias.com\/labravaradiofm\/2025\/08\/26\/apoya-primavera-oaxaquena-el-acceso-a-la-educacion-con-inscripcion-cero\/"},"author":{"name":"Staff","@id":"https:\/\/www.bbmnoticias.com\/labravaradiofm\/#\/schema\/person\/68a9e9036ef3c5b55aeb2b71dc8bab45"},"headline":"Apoya Primavera Oaxaque\u00f1a el acceso a la educaci\u00f3n con &#8220;Inscripci\u00f3n Cero\u201d","datePublished":"2025-08-26T14:18:06+00:00","dateModified":"2025-08-26T14:18:13+00:00","mainEntityOfPage":{"@id":"https:\/\/www.bbmnoticias.com\/labravaradiofm\/2025\/08\/26\/apoya-primavera-oaxaquena-el-acceso-a-la-educacion-con-inscripcion-cero\/"},"wordCount":325,"image":{"@id":"https:\/\/www.bbmnoticias.com\/blog\/2025\/08\/26\/apoya-primavera-oaxaquena-el-acceso-a-la-educacion-con-inscripcion-cero\/#primaryimage"},"thumbnailUrl":"https:\/\/www.bbmnoticias.com\/labravaradiofm\/wp-content\/uploads\/sites\/5\/2025\/08\/inscripcion_cero.jpg","articleSection":["LOCAL"],"inLanguage":"es"},{"@type":"WebPage","@id":"https:\/\/www.bbmnoticias.com\/labravaradiofm\/2025\/08\/26\/apoya-primavera-oaxaquena-el-acceso-a-la-educacion-con-inscripcion-cero\/","url":"https:\/\/www.bbmnoticias.com\/blog\/2025\/08\/26\/apoya-primavera-oaxaquena-el-acceso-a-la-educacion-con-inscripcion-cero\/","name":"Apoya Primavera Oaxaque\u00f1a el acceso a la educaci\u00f3n con \"Inscripci\u00f3n Cero\u201d - LA BRAVA RADIO","isPartOf":{"@id":"https:\/\/www.bbmnoticias.com\/labravaradiofm\/#website"},"primaryImageOfPage":{"@id":"https:\/\/www.bbmnoticias.com\/blog\/2025\/08\/26\/apoya-primavera-oaxaquena-el-acceso-a-la-educacion-con-inscripcion-cero\/#primaryimage"},"image":{"@id":"https:\/\/www.bbmnoticias.com\/blog\/2025\/08\/26\/apoya-primavera-oaxaquena-el-acceso-a-la-educacion-con-inscripcion-cero\/#primaryimage"},"thumbnailUrl":"https:\/\/www.bbmnoticias.com\/labravaradiofm\/wp-content\/uploads\/sites\/5\/2025\/08\/inscripcion_cero.jpg","datePublished":"2025-08-26T14:18:06+00:00","dateModified":"2025-08-26T14:18:13+00:00","author":{"@id":"https:\/\/www.bbmnoticias.com\/labravaradiofm\/#\/schema\/person\/68a9e9036ef3c5b55aeb2b71dc8bab45"},"breadcrumb":{"@id":"https:\/\/www.bbmnoticias.com\/blog\/2025\/08\/26\/apoya-primavera-oaxaquena-el-acceso-a-la-educacion-con-inscripcion-cero\/#breadcrumb"},"inLanguage":"es","potentialAction":[{"@type":"ReadAction","target":["https:\/\/www.bbmnoticias.com\/blog\/2025\/08\/26\/apoya-primavera-oaxaquena-el-acceso-a-la-educacion-con-inscripcion-cero\/"]}]},{"@type":"ImageObject","inLanguage":"es","@id":"https:\/\/www.bbmnoticias.com\/blog\/2025\/08\/26\/apoya-primavera-oaxaquena-el-acceso-a-la-educacion-con-inscripcion-cero\/#primaryimage","url":"https:\/\/www.bbmnoticias.com\/labravaradiofm\/wp-content\/uploads\/sites\/5\/2025\/08\/inscripcion_cero.jpg","contentUrl":"https:\/\/www.bbmnoticias.com\/labravaradiofm\/wp-content\/uploads\/sites\/5\/2025\/08\/inscripcion_cero.jpg","width":800,"height":450},{"@type":"BreadcrumbList","@id":"https:\/\/www.bbmnoticias.com\/blog\/2025\/08\/26\/apoya-primavera-oaxaquena-el-acceso-a-la-educacion-con-inscripcion-cero\/#breadcrumb","itemListElement":[{"@type":"ListItem","position":1,"name":"Inicio","item":"https:\/\/www.bbmnoticias.com\/labravaradiofm\/"},{"@type":"ListItem","position":2,"name":"Apoya Primavera Oaxaque\u00f1a el acceso a la educaci\u00f3n con &#8220;Inscripci\u00f3n Cero\u201d"}]},{"@type":"WebSite","@id":"https:\/\/www.bbmnoticias.com\/labravaradiofm\/#website","url":"https:\/\/www.bbmnoticias.com\/labravaradiofm\/","name":"LA BRAVA RADIO","description":"Empresa productora de medios, Radiodifusi\u00f3n, Noticias, tendencias y todo lo que necesitas saber de la pol\u00edtica mexicana e internacional; entretenimiento, espect\u00e1culos, salud y mucho m\u00e1s.","potentialAction":[{"@type":"SearchAction","target":{"@type":"EntryPoint","urlTemplate":"https:\/\/www.bbmnoticias.com\/labravaradiofm\/?s={search_term_string}"},"query-input":{"@type":"PropertyValueSpecification","valueRequired":true,"valueName":"search_term_string"}}],"inLanguage":"es"},{"@type":"Person","@id":"https:\/\/www.bbmnoticias.com\/labravaradiofm\/#\/schema\/person\/68a9e9036ef3c5b55aeb2b71dc8bab45","name":"Staff","image":{"@type":"ImageObject","inLanguage":"es","@id":"https:\/\/secure.gravatar.com\/avatar\/fdd21ad66fd8b98c407f9dee5b5e588cfe7f0d8579ec20fa6527cd59bab7f0f0?s=96&d=mm&r=g","url":"https:\/\/secure.gravatar.com\/avatar\/fdd21ad66fd8b98c407f9dee5b5e588cfe7f0d8579ec20fa6527cd59bab7f0f0?s=96&d=mm&r=g","contentUrl":"https:\/\/secure.gravatar.com\/avatar\/fdd21ad66fd8b98c407f9dee5b5e588cfe7f0d8579ec20fa6527cd59bab7f0f0?s=96&d=mm&r=g","caption":"Staff"},"url":"https:\/\/www.bbmnoticias.com\/labravaradiofm\/author\/redaccion\/"}]}},"_links":{"self":[{"href":"https:\/\/www.bbmnoticias.com\/labravaradiofm\/wp-json\/wp\/v2\/posts\/65574","targetHints":{"allow":["GET"]}}],"collection":[{"href":"https:\/\/www.bbmnoticias.com\/labravaradiofm\/wp-json\/wp\/v2\/posts"}],"about":[{"href":"https:\/\/www.bbmnoticias.com\/labravaradiofm\/wp-json\/wp\/v2\/types\/post"}],"author":[{"embeddable":true,"href":"https:\/\/www.bbmnoticias.com\/labravaradiofm\/wp-json\/wp\/v2\/users\/2"}],"replies":[{"embeddable":true,"href":"https:\/\/www.bbmnoticias.com\/labravaradiofm\/wp-json\/wp\/v2\/comments?post=65574"}],"version-history":[{"count":0,"href":"https:\/\/www.bbmnoticias.com\/labravaradiofm\/wp-json\/wp\/v2\/posts\/65574\/revisions"}],"wp:featuredmedia":[{"embeddable":true,"href":"https:\/\/www.bbmnoticias.com\/labravaradiofm\/wp-json\/wp\/v2\/media\/65576"}],"wp:attachment":[{"href":"https:\/\/www.bbmnoticias.com\/labravaradiofm\/wp-json\/wp\/v2\/media?parent=65574"}],"wp:term":[{"taxonomy":"category","embeddable":true,"href":"https:\/\/www.bbmnoticias.com\/labravaradiofm\/wp-json\/wp\/v2\/categories?post=65574"},{"taxonomy":"post_tag","embeddable":true,"href":"https:\/\/www.bbmnoticias.com\/labravaradiofm\/wp-json\/wp\/v2\/tags?post=65574"}],"curies":[{"name":"wp","href":"https:\/\/api.w.org\/{rel}","templated":true}]}}