{"id":65568,"date":"2025-08-25T20:23:06","date_gmt":"2025-08-26T02:23:06","guid":{"rendered":"https:\/\/www.bbmnoticias.com\/labravaradiofm\/2025\/08\/25\/hallan-cuerpo-sin-vida-con-disparo-en-la-cabeza-en-tehuantepec-oaxaca\/"},"modified":"2025-08-25T20:23:22","modified_gmt":"2025-08-26T02:23:22","slug":"hallan-cuerpo-sin-vida-con-disparo-en-la-cabeza-en-tehuantepec-oaxaca","status":"publish","type":"post","link":"https:\/\/www.bbmnoticias.com\/labravaradiofm\/2025\/08\/25\/hallan-cuerpo-sin-vida-con-disparo-en-la-cabeza-en-tehuantepec-oaxaca\/","title":{"rendered":"Hallan cuerpo sin vida con disparo en la cabeza en Tehuantepec, Oaxaca"},"content":{"rendered":"<div style=\"margin-top: 0px; margin-bottom: 0px;\" class=\"sharethis-inline-share-buttons\" ><\/div>\n<div class=\"wp-block-group is-nowrap is-layout-flex wp-container-core-group-is-layout-ad2f72ca wp-block-group-is-layout-flex\">\n<p>Tehuantepec, Oaxaca. El cuerpo sin vida de un hombre en un camino de terracer\u00eda ubicado en la colonia Flor de Azalea, en jurisdicci\u00f3n del municipio de Tehuantepec, fue localizado esta noche en esta ciudad.<\/p>\n<\/div>\n\n\n\n<p>La v\u00edctima, de identidad hasta el momento desconocida, presentaba un impacto de bala en la cabeza, lo que hace presumir que fue ejecutado en el lugar o en sus inmediaciones.<\/p>\n\n\n\n<p>De acuerdo con los primeros reportes, el hombre vest\u00eda una camisa de manga larga color azul y un pantal\u00f3n caf\u00e9. Adem\u00e1s, ten\u00eda un tatuaje visible en el antebrazo izquierdo, lo que podr\u00eda ayudar en su identificaci\u00f3n.<\/p>\n\n\n\n<p>Elementos de distintas corporaciones policiacas arribaron al sitio y procedieron a acordonar el \u00e1rea para preservar la escena del crimen, mientras personal pericial realizaba las diligencias correspondientes.<\/p>\n\n\n\n<p>Hasta el momento, las autoridades no han emitido informaci\u00f3n oficial sobre posibles l\u00edneas de investigaci\u00f3n, pero se espera que en las pr\u00f3ximas horas se brinde mayor detalle sobre este lamentable hallazgo.<\/p>\n","protected":false},"excerpt":{"rendered":"<p>Tehuantepec, Oaxaca. El cuerpo sin vida de un hombre en un camino de terracer\u00eda ubicado en la colonia Flor de Azalea, en jurisdicci\u00f3n del municipio de Tehuantepec, fue localizado esta noche en esta ciudad. La v\u00edctima, de identidad hasta el momento desconocida, presentaba un impacto de bala en la cabeza, lo que hace presumir que [&hellip;]<\/p>\n","protected":false},"author":2,"featured_media":65570,"comment_status":"closed","ping_status":"","sticky":false,"template":"","format":"standard","meta":{"footnotes":""},"categories":[2,20],"tags":[],"class_list":{"0":"post-65568","1":"post","2":"type-post","3":"status-publish","4":"format-standard","5":"has-post-thumbnail","7":"category-oaxaca","8":"category-policiaca"},"yoast_head":"<!-- This site is optimized with the Yoast SEO plugin v27.4 - https:\/\/yoast.com\/product\/yoast-seo-wordpress\/ -->\n<title>Hallan cuerpo sin vida con disparo en la cabeza en Tehuantepec, Oaxaca - LA BRAVA RADIO<\/title>\n<meta name=\"robots\" content=\"index, follow, max-snippet:-1, max-image-preview:large, max-video-preview:-1\" \/>\n<link rel=\"canonical\" href=\"https:\/\/www.bbmnoticias.com\/blog\/2025\/08\/25\/hallan-cuerpo-sin-vida-con-disparo-en-la-cabeza-en-tehuantepec-oaxaca\/\" \/>\n<meta property=\"og:locale\" content=\"es_MX\" \/>\n<meta property=\"og:type\" content=\"article\" \/>\n<meta property=\"og:title\" content=\"Hallan cuerpo sin vida con disparo en la cabeza en Tehuantepec, Oaxaca - LA BRAVA RADIO\" \/>\n<meta property=\"og:description\" content=\"Tehuantepec, Oaxaca. El cuerpo sin vida de un hombre en un camino de terracer\u00eda ubicado en la colonia Flor de Azalea, en jurisdicci\u00f3n del municipio de Tehuantepec, fue localizado esta noche en esta ciudad. La v\u00edctima, de identidad hasta el momento desconocida, presentaba un impacto de bala en la cabeza, lo que hace presumir que [&hellip;]\" \/>\n<meta property=\"og:url\" content=\"https:\/\/www.bbmnoticias.com\/blog\/2025\/08\/25\/hallan-cuerpo-sin-vida-con-disparo-en-la-cabeza-en-tehuantepec-oaxaca\/\" \/>\n<meta property=\"og:site_name\" content=\"LA BRAVA RADIO\" \/>\n<meta property=\"article:published_time\" content=\"2025-08-26T02:23:06+00:00\" \/>\n<meta property=\"article:modified_time\" content=\"2025-08-26T02:23:22+00:00\" \/>\n<meta property=\"og:image\" content=\"https:\/\/www.bbmnoticias.com\/labravaradiofm\/wp-content\/uploads\/sites\/5\/2025\/08\/ejecutados_tehuantepec.jpg\" \/>\n\t<meta property=\"og:image:width\" content=\"800\" \/>\n\t<meta property=\"og:image:height\" content=\"450\" \/>\n\t<meta property=\"og:image:type\" content=\"image\/jpeg\" \/>\n<meta name=\"author\" content=\"Staff\" \/>\n<meta name=\"twitter:card\" content=\"summary_large_image\" \/>\n<meta name=\"twitter:label1\" content=\"Escrito por\" \/>\n\t<meta name=\"twitter:data1\" content=\"Staff\" \/>\n\t<meta name=\"twitter:label2\" content=\"Tiempo de lectura\" \/>\n\t<meta name=\"twitter:data2\" content=\"1 minuto\" \/>\n<script type=\"application\/ld+json\" class=\"yoast-schema-graph\">{\"@context\":\"https:\\\/\\\/schema.org\",\"@graph\":[{\"@type\":\"Article\",\"@id\":\"https:\\\/\\\/www.bbmnoticias.com\\\/blog\\\/2025\\\/08\\\/25\\\/hallan-cuerpo-sin-vida-con-disparo-en-la-cabeza-en-tehuantepec-oaxaca\\\/#article\",\"isPartOf\":{\"@id\":\"https:\\\/\\\/www.bbmnoticias.com\\\/labravaradiofm\\\/2025\\\/08\\\/25\\\/hallan-cuerpo-sin-vida-con-disparo-en-la-cabeza-en-tehuantepec-oaxaca\\\/\"},\"author\":{\"name\":\"Staff\",\"@id\":\"https:\\\/\\\/www.bbmnoticias.com\\\/labravaradiofm\\\/#\\\/schema\\\/person\\\/68a9e9036ef3c5b55aeb2b71dc8bab45\"},\"headline\":\"Hallan cuerpo sin vida con disparo en la cabeza en Tehuantepec, Oaxaca\",\"datePublished\":\"2025-08-26T02:23:06+00:00\",\"dateModified\":\"2025-08-26T02:23:22+00:00\",\"mainEntityOfPage\":{\"@id\":\"https:\\\/\\\/www.bbmnoticias.com\\\/labravaradiofm\\\/2025\\\/08\\\/25\\\/hallan-cuerpo-sin-vida-con-disparo-en-la-cabeza-en-tehuantepec-oaxaca\\\/\"},\"wordCount\":183,\"image\":{\"@id\":\"https:\\\/\\\/www.bbmnoticias.com\\\/blog\\\/2025\\\/08\\\/25\\\/hallan-cuerpo-sin-vida-con-disparo-en-la-cabeza-en-tehuantepec-oaxaca\\\/#primaryimage\"},\"thumbnailUrl\":\"https:\\\/\\\/www.bbmnoticias.com\\\/labravaradiofm\\\/wp-content\\\/uploads\\\/sites\\\/5\\\/2025\\\/08\\\/ejecutados_tehuantepec.jpg\",\"articleSection\":[\"LOCAL\",\"POLICIACA\"],\"inLanguage\":\"es\"},{\"@type\":\"WebPage\",\"@id\":\"https:\\\/\\\/www.bbmnoticias.com\\\/labravaradiofm\\\/2025\\\/08\\\/25\\\/hallan-cuerpo-sin-vida-con-disparo-en-la-cabeza-en-tehuantepec-oaxaca\\\/\",\"url\":\"https:\\\/\\\/www.bbmnoticias.com\\\/blog\\\/2025\\\/08\\\/25\\\/hallan-cuerpo-sin-vida-con-disparo-en-la-cabeza-en-tehuantepec-oaxaca\\\/\",\"name\":\"Hallan cuerpo sin vida con disparo en la cabeza en Tehuantepec, Oaxaca - LA BRAVA RADIO\",\"isPartOf\":{\"@id\":\"https:\\\/\\\/www.bbmnoticias.com\\\/labravaradiofm\\\/#website\"},\"primaryImageOfPage\":{\"@id\":\"https:\\\/\\\/www.bbmnoticias.com\\\/blog\\\/2025\\\/08\\\/25\\\/hallan-cuerpo-sin-vida-con-disparo-en-la-cabeza-en-tehuantepec-oaxaca\\\/#primaryimage\"},\"image\":{\"@id\":\"https:\\\/\\\/www.bbmnoticias.com\\\/blog\\\/2025\\\/08\\\/25\\\/hallan-cuerpo-sin-vida-con-disparo-en-la-cabeza-en-tehuantepec-oaxaca\\\/#primaryimage\"},\"thumbnailUrl\":\"https:\\\/\\\/www.bbmnoticias.com\\\/labravaradiofm\\\/wp-content\\\/uploads\\\/sites\\\/5\\\/2025\\\/08\\\/ejecutados_tehuantepec.jpg\",\"datePublished\":\"2025-08-26T02:23:06+00:00\",\"dateModified\":\"2025-08-26T02:23:22+00:00\",\"author\":{\"@id\":\"https:\\\/\\\/www.bbmnoticias.com\\\/labravaradiofm\\\/#\\\/schema\\\/person\\\/68a9e9036ef3c5b55aeb2b71dc8bab45\"},\"breadcrumb\":{\"@id\":\"https:\\\/\\\/www.bbmnoticias.com\\\/blog\\\/2025\\\/08\\\/25\\\/hallan-cuerpo-sin-vida-con-disparo-en-la-cabeza-en-tehuantepec-oaxaca\\\/#breadcrumb\"},\"inLanguage\":\"es\",\"potentialAction\":[{\"@type\":\"ReadAction\",\"target\":[\"https:\\\/\\\/www.bbmnoticias.com\\\/blog\\\/2025\\\/08\\\/25\\\/hallan-cuerpo-sin-vida-con-disparo-en-la-cabeza-en-tehuantepec-oaxaca\\\/\"]}]},{\"@type\":\"ImageObject\",\"inLanguage\":\"es\",\"@id\":\"https:\\\/\\\/www.bbmnoticias.com\\\/blog\\\/2025\\\/08\\\/25\\\/hallan-cuerpo-sin-vida-con-disparo-en-la-cabeza-en-tehuantepec-oaxaca\\\/#primaryimage\",\"url\":\"https:\\\/\\\/www.bbmnoticias.com\\\/labravaradiofm\\\/wp-content\\\/uploads\\\/sites\\\/5\\\/2025\\\/08\\\/ejecutados_tehuantepec.jpg\",\"contentUrl\":\"https:\\\/\\\/www.bbmnoticias.com\\\/labravaradiofm\\\/wp-content\\\/uploads\\\/sites\\\/5\\\/2025\\\/08\\\/ejecutados_tehuantepec.jpg\",\"width\":800,\"height\":450},{\"@type\":\"BreadcrumbList\",\"@id\":\"https:\\\/\\\/www.bbmnoticias.com\\\/blog\\\/2025\\\/08\\\/25\\\/hallan-cuerpo-sin-vida-con-disparo-en-la-cabeza-en-tehuantepec-oaxaca\\\/#breadcrumb\",\"itemListElement\":[{\"@type\":\"ListItem\",\"position\":1,\"name\":\"Inicio\",\"item\":\"https:\\\/\\\/www.bbmnoticias.com\\\/labravaradiofm\\\/\"},{\"@type\":\"ListItem\",\"position\":2,\"name\":\"Hallan cuerpo sin vida con disparo en la cabeza en Tehuantepec, Oaxaca\"}]},{\"@type\":\"WebSite\",\"@id\":\"https:\\\/\\\/www.bbmnoticias.com\\\/labravaradiofm\\\/#website\",\"url\":\"https:\\\/\\\/www.bbmnoticias.com\\\/labravaradiofm\\\/\",\"name\":\"LA BRAVA RADIO\",\"description\":\"Empresa productora de medios, Radiodifusi\u00f3n, Noticias, tendencias y todo lo que necesitas saber de la pol\u00edtica mexicana e internacional; entretenimiento, espect\u00e1culos, salud y mucho m\u00e1s.\",\"potentialAction\":[{\"@type\":\"SearchAction\",\"target\":{\"@type\":\"EntryPoint\",\"urlTemplate\":\"https:\\\/\\\/www.bbmnoticias.com\\\/labravaradiofm\\\/?s={search_term_string}\"},\"query-input\":{\"@type\":\"PropertyValueSpecification\",\"valueRequired\":true,\"valueName\":\"search_term_string\"}}],\"inLanguage\":\"es\"},{\"@type\":\"Person\",\"@id\":\"https:\\\/\\\/www.bbmnoticias.com\\\/labravaradiofm\\\/#\\\/schema\\\/person\\\/68a9e9036ef3c5b55aeb2b71dc8bab45\",\"name\":\"Staff\",\"image\":{\"@type\":\"ImageObject\",\"inLanguage\":\"es\",\"@id\":\"https:\\\/\\\/secure.gravatar.com\\\/avatar\\\/fdd21ad66fd8b98c407f9dee5b5e588cfe7f0d8579ec20fa6527cd59bab7f0f0?s=96&d=mm&r=g\",\"url\":\"https:\\\/\\\/secure.gravatar.com\\\/avatar\\\/fdd21ad66fd8b98c407f9dee5b5e588cfe7f0d8579ec20fa6527cd59bab7f0f0?s=96&d=mm&r=g\",\"contentUrl\":\"https:\\\/\\\/secure.gravatar.com\\\/avatar\\\/fdd21ad66fd8b98c407f9dee5b5e588cfe7f0d8579ec20fa6527cd59bab7f0f0?s=96&d=mm&r=g\",\"caption\":\"Staff\"},\"url\":\"https:\\\/\\\/www.bbmnoticias.com\\\/labravaradiofm\\\/author\\\/redaccion\\\/\"}]}<\/script>\n<!-- \/ Yoast SEO plugin. -->","yoast_head_json":{"title":"Hallan cuerpo sin vida con disparo en la cabeza en Tehuantepec, Oaxaca - LA BRAVA RADIO","robots":{"index":"index","follow":"follow","max-snippet":"max-snippet:-1","max-image-preview":"max-image-preview:large","max-video-preview":"max-video-preview:-1"},"canonical":"https:\/\/www.bbmnoticias.com\/blog\/2025\/08\/25\/hallan-cuerpo-sin-vida-con-disparo-en-la-cabeza-en-tehuantepec-oaxaca\/","og_locale":"es_MX","og_type":"article","og_title":"Hallan cuerpo sin vida con disparo en la cabeza en Tehuantepec, Oaxaca - LA BRAVA RADIO","og_description":"Tehuantepec, Oaxaca. El cuerpo sin vida de un hombre en un camino de terracer\u00eda ubicado en la colonia Flor de Azalea, en jurisdicci\u00f3n del municipio de Tehuantepec, fue localizado esta noche en esta ciudad. La v\u00edctima, de identidad hasta el momento desconocida, presentaba un impacto de bala en la cabeza, lo que hace presumir que [&hellip;]","og_url":"https:\/\/www.bbmnoticias.com\/blog\/2025\/08\/25\/hallan-cuerpo-sin-vida-con-disparo-en-la-cabeza-en-tehuantepec-oaxaca\/","og_site_name":"LA BRAVA RADIO","article_published_time":"2025-08-26T02:23:06+00:00","article_modified_time":"2025-08-26T02:23:22+00:00","og_image":[{"width":800,"height":450,"url":"https:\/\/www.bbmnoticias.com\/labravaradiofm\/wp-content\/uploads\/sites\/5\/2025\/08\/ejecutados_tehuantepec.jpg","type":"image\/jpeg"}],"author":"Staff","twitter_card":"summary_large_image","twitter_misc":{"Escrito por":"Staff","Tiempo de lectura":"1 minuto"},"schema":{"@context":"https:\/\/schema.org","@graph":[{"@type":"Article","@id":"https:\/\/www.bbmnoticias.com\/blog\/2025\/08\/25\/hallan-cuerpo-sin-vida-con-disparo-en-la-cabeza-en-tehuantepec-oaxaca\/#article","isPartOf":{"@id":"https:\/\/www.bbmnoticias.com\/labravaradiofm\/2025\/08\/25\/hallan-cuerpo-sin-vida-con-disparo-en-la-cabeza-en-tehuantepec-oaxaca\/"},"author":{"name":"Staff","@id":"https:\/\/www.bbmnoticias.com\/labravaradiofm\/#\/schema\/person\/68a9e9036ef3c5b55aeb2b71dc8bab45"},"headline":"Hallan cuerpo sin vida con disparo en la cabeza en Tehuantepec, Oaxaca","datePublished":"2025-08-26T02:23:06+00:00","dateModified":"2025-08-26T02:23:22+00:00","mainEntityOfPage":{"@id":"https:\/\/www.bbmnoticias.com\/labravaradiofm\/2025\/08\/25\/hallan-cuerpo-sin-vida-con-disparo-en-la-cabeza-en-tehuantepec-oaxaca\/"},"wordCount":183,"image":{"@id":"https:\/\/www.bbmnoticias.com\/blog\/2025\/08\/25\/hallan-cuerpo-sin-vida-con-disparo-en-la-cabeza-en-tehuantepec-oaxaca\/#primaryimage"},"thumbnailUrl":"https:\/\/www.bbmnoticias.com\/labravaradiofm\/wp-content\/uploads\/sites\/5\/2025\/08\/ejecutados_tehuantepec.jpg","articleSection":["LOCAL","POLICIACA"],"inLanguage":"es"},{"@type":"WebPage","@id":"https:\/\/www.bbmnoticias.com\/labravaradiofm\/2025\/08\/25\/hallan-cuerpo-sin-vida-con-disparo-en-la-cabeza-en-tehuantepec-oaxaca\/","url":"https:\/\/www.bbmnoticias.com\/blog\/2025\/08\/25\/hallan-cuerpo-sin-vida-con-disparo-en-la-cabeza-en-tehuantepec-oaxaca\/","name":"Hallan cuerpo sin vida con disparo en la cabeza en Tehuantepec, Oaxaca - LA BRAVA RADIO","isPartOf":{"@id":"https:\/\/www.bbmnoticias.com\/labravaradiofm\/#website"},"primaryImageOfPage":{"@id":"https:\/\/www.bbmnoticias.com\/blog\/2025\/08\/25\/hallan-cuerpo-sin-vida-con-disparo-en-la-cabeza-en-tehuantepec-oaxaca\/#primaryimage"},"image":{"@id":"https:\/\/www.bbmnoticias.com\/blog\/2025\/08\/25\/hallan-cuerpo-sin-vida-con-disparo-en-la-cabeza-en-tehuantepec-oaxaca\/#primaryimage"},"thumbnailUrl":"https:\/\/www.bbmnoticias.com\/labravaradiofm\/wp-content\/uploads\/sites\/5\/2025\/08\/ejecutados_tehuantepec.jpg","datePublished":"2025-08-26T02:23:06+00:00","dateModified":"2025-08-26T02:23:22+00:00","author":{"@id":"https:\/\/www.bbmnoticias.com\/labravaradiofm\/#\/schema\/person\/68a9e9036ef3c5b55aeb2b71dc8bab45"},"breadcrumb":{"@id":"https:\/\/www.bbmnoticias.com\/blog\/2025\/08\/25\/hallan-cuerpo-sin-vida-con-disparo-en-la-cabeza-en-tehuantepec-oaxaca\/#breadcrumb"},"inLanguage":"es","potentialAction":[{"@type":"ReadAction","target":["https:\/\/www.bbmnoticias.com\/blog\/2025\/08\/25\/hallan-cuerpo-sin-vida-con-disparo-en-la-cabeza-en-tehuantepec-oaxaca\/"]}]},{"@type":"ImageObject","inLanguage":"es","@id":"https:\/\/www.bbmnoticias.com\/blog\/2025\/08\/25\/hallan-cuerpo-sin-vida-con-disparo-en-la-cabeza-en-tehuantepec-oaxaca\/#primaryimage","url":"https:\/\/www.bbmnoticias.com\/labravaradiofm\/wp-content\/uploads\/sites\/5\/2025\/08\/ejecutados_tehuantepec.jpg","contentUrl":"https:\/\/www.bbmnoticias.com\/labravaradiofm\/wp-content\/uploads\/sites\/5\/2025\/08\/ejecutados_tehuantepec.jpg","width":800,"height":450},{"@type":"BreadcrumbList","@id":"https:\/\/www.bbmnoticias.com\/blog\/2025\/08\/25\/hallan-cuerpo-sin-vida-con-disparo-en-la-cabeza-en-tehuantepec-oaxaca\/#breadcrumb","itemListElement":[{"@type":"ListItem","position":1,"name":"Inicio","item":"https:\/\/www.bbmnoticias.com\/labravaradiofm\/"},{"@type":"ListItem","position":2,"name":"Hallan cuerpo sin vida con disparo en la cabeza en Tehuantepec, Oaxaca"}]},{"@type":"WebSite","@id":"https:\/\/www.bbmnoticias.com\/labravaradiofm\/#website","url":"https:\/\/www.bbmnoticias.com\/labravaradiofm\/","name":"LA BRAVA RADIO","description":"Empresa productora de medios, Radiodifusi\u00f3n, Noticias, tendencias y todo lo que necesitas saber de la pol\u00edtica mexicana e internacional; entretenimiento, espect\u00e1culos, salud y mucho m\u00e1s.","potentialAction":[{"@type":"SearchAction","target":{"@type":"EntryPoint","urlTemplate":"https:\/\/www.bbmnoticias.com\/labravaradiofm\/?s={search_term_string}"},"query-input":{"@type":"PropertyValueSpecification","valueRequired":true,"valueName":"search_term_string"}}],"inLanguage":"es"},{"@type":"Person","@id":"https:\/\/www.bbmnoticias.com\/labravaradiofm\/#\/schema\/person\/68a9e9036ef3c5b55aeb2b71dc8bab45","name":"Staff","image":{"@type":"ImageObject","inLanguage":"es","@id":"https:\/\/secure.gravatar.com\/avatar\/fdd21ad66fd8b98c407f9dee5b5e588cfe7f0d8579ec20fa6527cd59bab7f0f0?s=96&d=mm&r=g","url":"https:\/\/secure.gravatar.com\/avatar\/fdd21ad66fd8b98c407f9dee5b5e588cfe7f0d8579ec20fa6527cd59bab7f0f0?s=96&d=mm&r=g","contentUrl":"https:\/\/secure.gravatar.com\/avatar\/fdd21ad66fd8b98c407f9dee5b5e588cfe7f0d8579ec20fa6527cd59bab7f0f0?s=96&d=mm&r=g","caption":"Staff"},"url":"https:\/\/www.bbmnoticias.com\/labravaradiofm\/author\/redaccion\/"}]}},"_links":{"self":[{"href":"https:\/\/www.bbmnoticias.com\/labravaradiofm\/wp-json\/wp\/v2\/posts\/65568","targetHints":{"allow":["GET"]}}],"collection":[{"href":"https:\/\/www.bbmnoticias.com\/labravaradiofm\/wp-json\/wp\/v2\/posts"}],"about":[{"href":"https:\/\/www.bbmnoticias.com\/labravaradiofm\/wp-json\/wp\/v2\/types\/post"}],"author":[{"embeddable":true,"href":"https:\/\/www.bbmnoticias.com\/labravaradiofm\/wp-json\/wp\/v2\/users\/2"}],"replies":[{"embeddable":true,"href":"https:\/\/www.bbmnoticias.com\/labravaradiofm\/wp-json\/wp\/v2\/comments?post=65568"}],"version-history":[{"count":0,"href":"https:\/\/www.bbmnoticias.com\/labravaradiofm\/wp-json\/wp\/v2\/posts\/65568\/revisions"}],"wp:featuredmedia":[{"embeddable":true,"href":"https:\/\/www.bbmnoticias.com\/labravaradiofm\/wp-json\/wp\/v2\/media\/65570"}],"wp:attachment":[{"href":"https:\/\/www.bbmnoticias.com\/labravaradiofm\/wp-json\/wp\/v2\/media?parent=65568"}],"wp:term":[{"taxonomy":"category","embeddable":true,"href":"https:\/\/www.bbmnoticias.com\/labravaradiofm\/wp-json\/wp\/v2\/categories?post=65568"},{"taxonomy":"post_tag","embeddable":true,"href":"https:\/\/www.bbmnoticias.com\/labravaradiofm\/wp-json\/wp\/v2\/tags?post=65568"}],"curies":[{"name":"wp","href":"https:\/\/api.w.org\/{rel}","templated":true}]}}