{"id":65559,"date":"2025-08-25T18:10:31","date_gmt":"2025-08-26T00:10:31","guid":{"rendered":"https:\/\/www.bbmnoticias.com\/labravaradiofm\/2025\/08\/25\/claudia-sheinbaum-inaugura-reunion-ministerial-de-accion-climatica-en-palacio-nacional\/"},"modified":"2025-08-25T18:10:37","modified_gmt":"2025-08-26T00:10:37","slug":"claudia-sheinbaum-inaugura-reunion-ministerial-de-accion-climatica-en-palacio-nacional","status":"publish","type":"post","link":"https:\/\/www.bbmnoticias.com\/labravaradiofm\/2025\/08\/25\/claudia-sheinbaum-inaugura-reunion-ministerial-de-accion-climatica-en-palacio-nacional\/","title":{"rendered":"Claudia Sheinbaum inaugura reuni\u00f3n ministerial de acci\u00f3n clim\u00e1tica en Palacio Nacional"},"content":{"rendered":"<div style=\"margin-top: 0px; margin-bottom: 0px;\" class=\"sharethis-inline-share-buttons\" ><\/div>\n<p>La presidenta <strong>Claudia Sheinbaum<\/strong> inaugur\u00f3 este lunes en Palacio Nacional la Primera Reuni\u00f3n Ministerial de Am\u00e9rica Latina y el Caribe para la Implementaci\u00f3n de una Acci\u00f3n Clim\u00e1tica Regional, con la participaci\u00f3n de representantes de 22 pa\u00edses y 18 ministros responsables de medio ambiente, desarrollo sostenible y energ\u00eda.<\/p>\n\n\n\n<p>En sus redes sociales, Sheinbaum destac\u00f3 la relevancia del encuentro: \u201cEn Palacio Nacional celebramos la Reuni\u00f3n Ministerial de Am\u00e9rica Latina y el Caribe para contribuir a la acci\u00f3n clim\u00e1tica; compartimos puntos de vista para fortalecer el liderazgo regional hacia la COP30. Bienvenidos a M\u00e9xico\u201d, escribi\u00f3.<\/p>\n\n\n\n<p>Durante el evento, la mandataria subray\u00f3 la importancia de reforzar el <strong>liderazgo regional<\/strong> en la lucha contra el cambio clim\u00e1tico, rumbo a la COP30, que se celebrar\u00e1 en Brasil en noviembre pr\u00f3ximo.<\/p>\n\n\n\n<p>La reuni\u00f3n, organizada por la Secretar\u00eda de Medio Ambiente y Recursos Naturales (Semarnat), busca consolidar posturas comunes, establecer una hoja de ruta conjunta y alinear esfuerzos con la Convenci\u00f3n Marco de las Naciones Unidas sobre el Cambio Clim\u00e1tico y el Acuerdo de Par\u00eds.<\/p>\n\n\n\n<h2 class=\"wp-block-heading\">Temas en la agenda clim\u00e1tica<\/h2>\n\n\n\n<p>Entre los temas en discusi\u00f3n est\u00e1n la <strong>transici\u00f3n justa<\/strong> de la fuerza laboral, la protecci\u00f3n de ecosistemas, el financiamiento clim\u00e1tico y la articulaci\u00f3n con la Agenda 2030.<\/p>\n\n\n\n<p>La titular de la Semarnat, Alicia B\u00e1rcena, advirti\u00f3 que, aunque la regi\u00f3n aporta apenas 11.3 por ciento de las emisiones globales, enfrenta una alta vulnerabilidad ante fen\u00f3menos clim\u00e1ticos.<\/p>\n\n\n\n<h2 class=\"wp-block-heading\">Impacto econ\u00f3mico y compromisos<\/h2>\n\n\n\n<p>Seg\u00fan estimaciones, Am\u00e9rica Latina y el Caribe podr\u00edan perder hasta <strong>12.6 por ciento<\/strong> de su PIB hacia 2050 si no se adoptan medidas urgentes.<\/p>\n\n\n\n<p>El encuentro se desarrolla los d\u00edas 25 y 26 de agosto en la capital mexicana, con la expectativa de generar acuerdos que permitan a la regi\u00f3n presentarse con una voz unificada en la COP30.<\/p>\n","protected":false},"excerpt":{"rendered":"<p>La presidenta Claudia Sheinbaum inaugur\u00f3 este lunes en Palacio Nacional la Primera Reuni\u00f3n Ministerial de Am\u00e9rica Latina y el Caribe para la Implementaci\u00f3n de una Acci\u00f3n Clim\u00e1tica Regional, con la participaci\u00f3n de representantes de 22 pa\u00edses y 18 ministros responsables de medio ambiente, desarrollo sostenible y energ\u00eda. En sus redes sociales, Sheinbaum destac\u00f3 la relevancia [&hellip;]<\/p>\n","protected":false},"author":8,"featured_media":65561,"comment_status":"closed","ping_status":"","sticky":false,"template":"","format":"standard","meta":{"footnotes":""},"categories":[2,19],"tags":[],"class_list":{"0":"post-65559","1":"post","2":"type-post","3":"status-publish","4":"format-standard","5":"has-post-thumbnail","7":"category-oaxaca","8":"category-nacional"},"yoast_head":"<!-- This site is optimized with the Yoast SEO plugin v27.4 - https:\/\/yoast.com\/product\/yoast-seo-wordpress\/ -->\n<title>Claudia Sheinbaum inaugura reuni\u00f3n ministerial de acci\u00f3n clim\u00e1tica en Palacio Nacional - LA BRAVA RADIO<\/title>\n<meta name=\"robots\" content=\"index, follow, max-snippet:-1, max-image-preview:large, max-video-preview:-1\" \/>\n<link rel=\"canonical\" href=\"https:\/\/www.bbmnoticias.com\/blog\/2025\/08\/25\/claudia-sheinbaum-inaugura-reunion-ministerial-de-accion-climatica-en-palacio-nacional\/\" \/>\n<meta property=\"og:locale\" content=\"es_MX\" \/>\n<meta property=\"og:type\" content=\"article\" \/>\n<meta property=\"og:title\" content=\"Claudia Sheinbaum inaugura reuni\u00f3n ministerial de acci\u00f3n clim\u00e1tica en Palacio Nacional - LA BRAVA RADIO\" \/>\n<meta property=\"og:description\" content=\"La presidenta Claudia Sheinbaum inaugur\u00f3 este lunes en Palacio Nacional la Primera Reuni\u00f3n Ministerial de Am\u00e9rica Latina y el Caribe para la Implementaci\u00f3n de una Acci\u00f3n Clim\u00e1tica Regional, con la participaci\u00f3n de representantes de 22 pa\u00edses y 18 ministros responsables de medio ambiente, desarrollo sostenible y energ\u00eda. En sus redes sociales, Sheinbaum destac\u00f3 la relevancia [&hellip;]\" \/>\n<meta property=\"og:url\" content=\"https:\/\/www.bbmnoticias.com\/blog\/2025\/08\/25\/claudia-sheinbaum-inaugura-reunion-ministerial-de-accion-climatica-en-palacio-nacional\/\" \/>\n<meta property=\"og:site_name\" content=\"LA BRAVA RADIO\" \/>\n<meta property=\"article:published_time\" content=\"2025-08-26T00:10:31+00:00\" \/>\n<meta property=\"article:modified_time\" content=\"2025-08-26T00:10:37+00:00\" \/>\n<meta property=\"og:image\" content=\"https:\/\/www.bbmnoticias.com\/labravaradiofm\/wp-content\/uploads\/sites\/5\/2025\/08\/o.jpg\" \/>\n\t<meta property=\"og:image:width\" content=\"763\" \/>\n\t<meta property=\"og:image:height\" content=\"521\" \/>\n\t<meta property=\"og:image:type\" content=\"image\/jpeg\" \/>\n<meta name=\"author\" content=\"Exc\u00e9lsior\" \/>\n<meta name=\"twitter:card\" content=\"summary_large_image\" \/>\n<meta name=\"twitter:label1\" content=\"Escrito por\" \/>\n\t<meta name=\"twitter:data1\" content=\"Exc\u00e9lsior\" \/>\n\t<meta name=\"twitter:label2\" content=\"Tiempo de lectura\" \/>\n\t<meta name=\"twitter:data2\" content=\"2 minutos\" \/>\n<script type=\"application\/ld+json\" class=\"yoast-schema-graph\">{\"@context\":\"https:\\\/\\\/schema.org\",\"@graph\":[{\"@type\":\"Article\",\"@id\":\"https:\\\/\\\/www.bbmnoticias.com\\\/blog\\\/2025\\\/08\\\/25\\\/claudia-sheinbaum-inaugura-reunion-ministerial-de-accion-climatica-en-palacio-nacional\\\/#article\",\"isPartOf\":{\"@id\":\"https:\\\/\\\/www.bbmnoticias.com\\\/labravaradiofm\\\/2025\\\/08\\\/25\\\/claudia-sheinbaum-inaugura-reunion-ministerial-de-accion-climatica-en-palacio-nacional\\\/\"},\"author\":{\"name\":\"Exc\u00e9lsior\",\"@id\":\"https:\\\/\\\/www.bbmnoticias.com\\\/labravaradiofm\\\/#\\\/schema\\\/person\\\/56f4677efb93d47930db8f58aa971b20\"},\"headline\":\"Claudia Sheinbaum inaugura reuni\u00f3n ministerial de acci\u00f3n clim\u00e1tica en Palacio Nacional\",\"datePublished\":\"2025-08-26T00:10:31+00:00\",\"dateModified\":\"2025-08-26T00:10:37+00:00\",\"mainEntityOfPage\":{\"@id\":\"https:\\\/\\\/www.bbmnoticias.com\\\/labravaradiofm\\\/2025\\\/08\\\/25\\\/claudia-sheinbaum-inaugura-reunion-ministerial-de-accion-climatica-en-palacio-nacional\\\/\"},\"wordCount\":332,\"image\":{\"@id\":\"https:\\\/\\\/www.bbmnoticias.com\\\/blog\\\/2025\\\/08\\\/25\\\/claudia-sheinbaum-inaugura-reunion-ministerial-de-accion-climatica-en-palacio-nacional\\\/#primaryimage\"},\"thumbnailUrl\":\"https:\\\/\\\/www.bbmnoticias.com\\\/labravaradiofm\\\/wp-content\\\/uploads\\\/sites\\\/5\\\/2025\\\/08\\\/o.jpg\",\"articleSection\":[\"LOCAL\",\"NACIONAL\"],\"inLanguage\":\"es\"},{\"@type\":\"WebPage\",\"@id\":\"https:\\\/\\\/www.bbmnoticias.com\\\/labravaradiofm\\\/2025\\\/08\\\/25\\\/claudia-sheinbaum-inaugura-reunion-ministerial-de-accion-climatica-en-palacio-nacional\\\/\",\"url\":\"https:\\\/\\\/www.bbmnoticias.com\\\/blog\\\/2025\\\/08\\\/25\\\/claudia-sheinbaum-inaugura-reunion-ministerial-de-accion-climatica-en-palacio-nacional\\\/\",\"name\":\"Claudia Sheinbaum inaugura reuni\u00f3n ministerial de acci\u00f3n clim\u00e1tica en Palacio Nacional - LA BRAVA RADIO\",\"isPartOf\":{\"@id\":\"https:\\\/\\\/www.bbmnoticias.com\\\/labravaradiofm\\\/#website\"},\"primaryImageOfPage\":{\"@id\":\"https:\\\/\\\/www.bbmnoticias.com\\\/blog\\\/2025\\\/08\\\/25\\\/claudia-sheinbaum-inaugura-reunion-ministerial-de-accion-climatica-en-palacio-nacional\\\/#primaryimage\"},\"image\":{\"@id\":\"https:\\\/\\\/www.bbmnoticias.com\\\/blog\\\/2025\\\/08\\\/25\\\/claudia-sheinbaum-inaugura-reunion-ministerial-de-accion-climatica-en-palacio-nacional\\\/#primaryimage\"},\"thumbnailUrl\":\"https:\\\/\\\/www.bbmnoticias.com\\\/labravaradiofm\\\/wp-content\\\/uploads\\\/sites\\\/5\\\/2025\\\/08\\\/o.jpg\",\"datePublished\":\"2025-08-26T00:10:31+00:00\",\"dateModified\":\"2025-08-26T00:10:37+00:00\",\"author\":{\"@id\":\"https:\\\/\\\/www.bbmnoticias.com\\\/labravaradiofm\\\/#\\\/schema\\\/person\\\/56f4677efb93d47930db8f58aa971b20\"},\"breadcrumb\":{\"@id\":\"https:\\\/\\\/www.bbmnoticias.com\\\/blog\\\/2025\\\/08\\\/25\\\/claudia-sheinbaum-inaugura-reunion-ministerial-de-accion-climatica-en-palacio-nacional\\\/#breadcrumb\"},\"inLanguage\":\"es\",\"potentialAction\":[{\"@type\":\"ReadAction\",\"target\":[\"https:\\\/\\\/www.bbmnoticias.com\\\/blog\\\/2025\\\/08\\\/25\\\/claudia-sheinbaum-inaugura-reunion-ministerial-de-accion-climatica-en-palacio-nacional\\\/\"]}]},{\"@type\":\"ImageObject\",\"inLanguage\":\"es\",\"@id\":\"https:\\\/\\\/www.bbmnoticias.com\\\/blog\\\/2025\\\/08\\\/25\\\/claudia-sheinbaum-inaugura-reunion-ministerial-de-accion-climatica-en-palacio-nacional\\\/#primaryimage\",\"url\":\"https:\\\/\\\/www.bbmnoticias.com\\\/labravaradiofm\\\/wp-content\\\/uploads\\\/sites\\\/5\\\/2025\\\/08\\\/o.jpg\",\"contentUrl\":\"https:\\\/\\\/www.bbmnoticias.com\\\/labravaradiofm\\\/wp-content\\\/uploads\\\/sites\\\/5\\\/2025\\\/08\\\/o.jpg\",\"width\":763,\"height\":521},{\"@type\":\"BreadcrumbList\",\"@id\":\"https:\\\/\\\/www.bbmnoticias.com\\\/blog\\\/2025\\\/08\\\/25\\\/claudia-sheinbaum-inaugura-reunion-ministerial-de-accion-climatica-en-palacio-nacional\\\/#breadcrumb\",\"itemListElement\":[{\"@type\":\"ListItem\",\"position\":1,\"name\":\"Inicio\",\"item\":\"https:\\\/\\\/www.bbmnoticias.com\\\/labravaradiofm\\\/\"},{\"@type\":\"ListItem\",\"position\":2,\"name\":\"Claudia Sheinbaum inaugura reuni\u00f3n ministerial de acci\u00f3n clim\u00e1tica en Palacio Nacional\"}]},{\"@type\":\"WebSite\",\"@id\":\"https:\\\/\\\/www.bbmnoticias.com\\\/labravaradiofm\\\/#website\",\"url\":\"https:\\\/\\\/www.bbmnoticias.com\\\/labravaradiofm\\\/\",\"name\":\"LA BRAVA RADIO\",\"description\":\"Empresa productora de medios, Radiodifusi\u00f3n, Noticias, tendencias y todo lo que necesitas saber de la pol\u00edtica mexicana e internacional; entretenimiento, espect\u00e1culos, salud y mucho m\u00e1s.\",\"potentialAction\":[{\"@type\":\"SearchAction\",\"target\":{\"@type\":\"EntryPoint\",\"urlTemplate\":\"https:\\\/\\\/www.bbmnoticias.com\\\/labravaradiofm\\\/?s={search_term_string}\"},\"query-input\":{\"@type\":\"PropertyValueSpecification\",\"valueRequired\":true,\"valueName\":\"search_term_string\"}}],\"inLanguage\":\"es\"},{\"@type\":\"Person\",\"@id\":\"https:\\\/\\\/www.bbmnoticias.com\\\/labravaradiofm\\\/#\\\/schema\\\/person\\\/56f4677efb93d47930db8f58aa971b20\",\"name\":\"Exc\u00e9lsior\",\"image\":{\"@type\":\"ImageObject\",\"inLanguage\":\"es\",\"@id\":\"https:\\\/\\\/secure.gravatar.com\\\/avatar\\\/497265c4dbe1cd0e2f3f1b19aba0f5779c7f95d09e139a5b83c1ecd47b4e780d?s=96&d=mm&r=g\",\"url\":\"https:\\\/\\\/secure.gravatar.com\\\/avatar\\\/497265c4dbe1cd0e2f3f1b19aba0f5779c7f95d09e139a5b83c1ecd47b4e780d?s=96&d=mm&r=g\",\"contentUrl\":\"https:\\\/\\\/secure.gravatar.com\\\/avatar\\\/497265c4dbe1cd0e2f3f1b19aba0f5779c7f95d09e139a5b83c1ecd47b4e780d?s=96&d=mm&r=g\",\"caption\":\"Exc\u00e9lsior\"},\"url\":\"https:\\\/\\\/www.bbmnoticias.com\\\/labravaradiofm\\\/author\\\/excelsior\\\/\"}]}<\/script>\n<!-- \/ Yoast SEO plugin. -->","yoast_head_json":{"title":"Claudia Sheinbaum inaugura reuni\u00f3n ministerial de acci\u00f3n clim\u00e1tica en Palacio Nacional - LA BRAVA RADIO","robots":{"index":"index","follow":"follow","max-snippet":"max-snippet:-1","max-image-preview":"max-image-preview:large","max-video-preview":"max-video-preview:-1"},"canonical":"https:\/\/www.bbmnoticias.com\/blog\/2025\/08\/25\/claudia-sheinbaum-inaugura-reunion-ministerial-de-accion-climatica-en-palacio-nacional\/","og_locale":"es_MX","og_type":"article","og_title":"Claudia Sheinbaum inaugura reuni\u00f3n ministerial de acci\u00f3n clim\u00e1tica en Palacio Nacional - LA BRAVA RADIO","og_description":"La presidenta Claudia Sheinbaum inaugur\u00f3 este lunes en Palacio Nacional la Primera Reuni\u00f3n Ministerial de Am\u00e9rica Latina y el Caribe para la Implementaci\u00f3n de una Acci\u00f3n Clim\u00e1tica Regional, con la participaci\u00f3n de representantes de 22 pa\u00edses y 18 ministros responsables de medio ambiente, desarrollo sostenible y energ\u00eda. En sus redes sociales, Sheinbaum destac\u00f3 la relevancia [&hellip;]","og_url":"https:\/\/www.bbmnoticias.com\/blog\/2025\/08\/25\/claudia-sheinbaum-inaugura-reunion-ministerial-de-accion-climatica-en-palacio-nacional\/","og_site_name":"LA BRAVA RADIO","article_published_time":"2025-08-26T00:10:31+00:00","article_modified_time":"2025-08-26T00:10:37+00:00","og_image":[{"width":763,"height":521,"url":"https:\/\/www.bbmnoticias.com\/labravaradiofm\/wp-content\/uploads\/sites\/5\/2025\/08\/o.jpg","type":"image\/jpeg"}],"author":"Exc\u00e9lsior","twitter_card":"summary_large_image","twitter_misc":{"Escrito por":"Exc\u00e9lsior","Tiempo de lectura":"2 minutos"},"schema":{"@context":"https:\/\/schema.org","@graph":[{"@type":"Article","@id":"https:\/\/www.bbmnoticias.com\/blog\/2025\/08\/25\/claudia-sheinbaum-inaugura-reunion-ministerial-de-accion-climatica-en-palacio-nacional\/#article","isPartOf":{"@id":"https:\/\/www.bbmnoticias.com\/labravaradiofm\/2025\/08\/25\/claudia-sheinbaum-inaugura-reunion-ministerial-de-accion-climatica-en-palacio-nacional\/"},"author":{"name":"Exc\u00e9lsior","@id":"https:\/\/www.bbmnoticias.com\/labravaradiofm\/#\/schema\/person\/56f4677efb93d47930db8f58aa971b20"},"headline":"Claudia Sheinbaum inaugura reuni\u00f3n ministerial de acci\u00f3n clim\u00e1tica en Palacio Nacional","datePublished":"2025-08-26T00:10:31+00:00","dateModified":"2025-08-26T00:10:37+00:00","mainEntityOfPage":{"@id":"https:\/\/www.bbmnoticias.com\/labravaradiofm\/2025\/08\/25\/claudia-sheinbaum-inaugura-reunion-ministerial-de-accion-climatica-en-palacio-nacional\/"},"wordCount":332,"image":{"@id":"https:\/\/www.bbmnoticias.com\/blog\/2025\/08\/25\/claudia-sheinbaum-inaugura-reunion-ministerial-de-accion-climatica-en-palacio-nacional\/#primaryimage"},"thumbnailUrl":"https:\/\/www.bbmnoticias.com\/labravaradiofm\/wp-content\/uploads\/sites\/5\/2025\/08\/o.jpg","articleSection":["LOCAL","NACIONAL"],"inLanguage":"es"},{"@type":"WebPage","@id":"https:\/\/www.bbmnoticias.com\/labravaradiofm\/2025\/08\/25\/claudia-sheinbaum-inaugura-reunion-ministerial-de-accion-climatica-en-palacio-nacional\/","url":"https:\/\/www.bbmnoticias.com\/blog\/2025\/08\/25\/claudia-sheinbaum-inaugura-reunion-ministerial-de-accion-climatica-en-palacio-nacional\/","name":"Claudia Sheinbaum inaugura reuni\u00f3n ministerial de acci\u00f3n clim\u00e1tica en Palacio Nacional - LA BRAVA RADIO","isPartOf":{"@id":"https:\/\/www.bbmnoticias.com\/labravaradiofm\/#website"},"primaryImageOfPage":{"@id":"https:\/\/www.bbmnoticias.com\/blog\/2025\/08\/25\/claudia-sheinbaum-inaugura-reunion-ministerial-de-accion-climatica-en-palacio-nacional\/#primaryimage"},"image":{"@id":"https:\/\/www.bbmnoticias.com\/blog\/2025\/08\/25\/claudia-sheinbaum-inaugura-reunion-ministerial-de-accion-climatica-en-palacio-nacional\/#primaryimage"},"thumbnailUrl":"https:\/\/www.bbmnoticias.com\/labravaradiofm\/wp-content\/uploads\/sites\/5\/2025\/08\/o.jpg","datePublished":"2025-08-26T00:10:31+00:00","dateModified":"2025-08-26T00:10:37+00:00","author":{"@id":"https:\/\/www.bbmnoticias.com\/labravaradiofm\/#\/schema\/person\/56f4677efb93d47930db8f58aa971b20"},"breadcrumb":{"@id":"https:\/\/www.bbmnoticias.com\/blog\/2025\/08\/25\/claudia-sheinbaum-inaugura-reunion-ministerial-de-accion-climatica-en-palacio-nacional\/#breadcrumb"},"inLanguage":"es","potentialAction":[{"@type":"ReadAction","target":["https:\/\/www.bbmnoticias.com\/blog\/2025\/08\/25\/claudia-sheinbaum-inaugura-reunion-ministerial-de-accion-climatica-en-palacio-nacional\/"]}]},{"@type":"ImageObject","inLanguage":"es","@id":"https:\/\/www.bbmnoticias.com\/blog\/2025\/08\/25\/claudia-sheinbaum-inaugura-reunion-ministerial-de-accion-climatica-en-palacio-nacional\/#primaryimage","url":"https:\/\/www.bbmnoticias.com\/labravaradiofm\/wp-content\/uploads\/sites\/5\/2025\/08\/o.jpg","contentUrl":"https:\/\/www.bbmnoticias.com\/labravaradiofm\/wp-content\/uploads\/sites\/5\/2025\/08\/o.jpg","width":763,"height":521},{"@type":"BreadcrumbList","@id":"https:\/\/www.bbmnoticias.com\/blog\/2025\/08\/25\/claudia-sheinbaum-inaugura-reunion-ministerial-de-accion-climatica-en-palacio-nacional\/#breadcrumb","itemListElement":[{"@type":"ListItem","position":1,"name":"Inicio","item":"https:\/\/www.bbmnoticias.com\/labravaradiofm\/"},{"@type":"ListItem","position":2,"name":"Claudia Sheinbaum inaugura reuni\u00f3n ministerial de acci\u00f3n clim\u00e1tica en Palacio Nacional"}]},{"@type":"WebSite","@id":"https:\/\/www.bbmnoticias.com\/labravaradiofm\/#website","url":"https:\/\/www.bbmnoticias.com\/labravaradiofm\/","name":"LA BRAVA RADIO","description":"Empresa productora de medios, Radiodifusi\u00f3n, Noticias, tendencias y todo lo que necesitas saber de la pol\u00edtica mexicana e internacional; entretenimiento, espect\u00e1culos, salud y mucho m\u00e1s.","potentialAction":[{"@type":"SearchAction","target":{"@type":"EntryPoint","urlTemplate":"https:\/\/www.bbmnoticias.com\/labravaradiofm\/?s={search_term_string}"},"query-input":{"@type":"PropertyValueSpecification","valueRequired":true,"valueName":"search_term_string"}}],"inLanguage":"es"},{"@type":"Person","@id":"https:\/\/www.bbmnoticias.com\/labravaradiofm\/#\/schema\/person\/56f4677efb93d47930db8f58aa971b20","name":"Exc\u00e9lsior","image":{"@type":"ImageObject","inLanguage":"es","@id":"https:\/\/secure.gravatar.com\/avatar\/497265c4dbe1cd0e2f3f1b19aba0f5779c7f95d09e139a5b83c1ecd47b4e780d?s=96&d=mm&r=g","url":"https:\/\/secure.gravatar.com\/avatar\/497265c4dbe1cd0e2f3f1b19aba0f5779c7f95d09e139a5b83c1ecd47b4e780d?s=96&d=mm&r=g","contentUrl":"https:\/\/secure.gravatar.com\/avatar\/497265c4dbe1cd0e2f3f1b19aba0f5779c7f95d09e139a5b83c1ecd47b4e780d?s=96&d=mm&r=g","caption":"Exc\u00e9lsior"},"url":"https:\/\/www.bbmnoticias.com\/labravaradiofm\/author\/excelsior\/"}]}},"_links":{"self":[{"href":"https:\/\/www.bbmnoticias.com\/labravaradiofm\/wp-json\/wp\/v2\/posts\/65559","targetHints":{"allow":["GET"]}}],"collection":[{"href":"https:\/\/www.bbmnoticias.com\/labravaradiofm\/wp-json\/wp\/v2\/posts"}],"about":[{"href":"https:\/\/www.bbmnoticias.com\/labravaradiofm\/wp-json\/wp\/v2\/types\/post"}],"author":[{"embeddable":true,"href":"https:\/\/www.bbmnoticias.com\/labravaradiofm\/wp-json\/wp\/v2\/users\/8"}],"replies":[{"embeddable":true,"href":"https:\/\/www.bbmnoticias.com\/labravaradiofm\/wp-json\/wp\/v2\/comments?post=65559"}],"version-history":[{"count":0,"href":"https:\/\/www.bbmnoticias.com\/labravaradiofm\/wp-json\/wp\/v2\/posts\/65559\/revisions"}],"wp:featuredmedia":[{"embeddable":true,"href":"https:\/\/www.bbmnoticias.com\/labravaradiofm\/wp-json\/wp\/v2\/media\/65561"}],"wp:attachment":[{"href":"https:\/\/www.bbmnoticias.com\/labravaradiofm\/wp-json\/wp\/v2\/media?parent=65559"}],"wp:term":[{"taxonomy":"category","embeddable":true,"href":"https:\/\/www.bbmnoticias.com\/labravaradiofm\/wp-json\/wp\/v2\/categories?post=65559"},{"taxonomy":"post_tag","embeddable":true,"href":"https:\/\/www.bbmnoticias.com\/labravaradiofm\/wp-json\/wp\/v2\/tags?post=65559"}],"curies":[{"name":"wp","href":"https:\/\/api.w.org\/{rel}","templated":true}]}}