{"id":65541,"date":"2025-08-25T13:35:55","date_gmt":"2025-08-25T19:35:55","guid":{"rendered":"https:\/\/www.bbmnoticias.com\/labravaradiofm\/2025\/08\/25\/de-que-se-declaro-culpable-el-mayo-zambada-en-ee-uu\/"},"modified":"2025-08-25T13:38:39","modified_gmt":"2025-08-25T19:38:39","slug":"de-que-se-declaro-culpable-el-mayo-zambada-en-ee-uu","status":"publish","type":"post","link":"https:\/\/www.bbmnoticias.com\/labravaradiofm\/2025\/08\/25\/de-que-se-declaro-culpable-el-mayo-zambada-en-ee-uu\/","title":{"rendered":"\u00bfDe qu\u00e9 se declar\u00f3 culpable &#8216;el Mayo&#8217; Zambada en EE.UU.?"},"content":{"rendered":"<div style=\"margin-top: 0px; margin-bottom: 0px;\" class=\"sharethis-inline-share-buttons\" ><\/div>\n<p><strong>Ismael \u2018el Mayo\u2019 Zambada<\/strong> se declar\u00f3 <strong>culpable<\/strong>, en un tribunal federal de Nueva York, de cargos relacionados al tr\u00e1fico de drogas.<\/p>\n\n\n\n<p>Autoridades de EE.UU. lo acusan de 17 cargos, de los cuales, el cofundador del C\u00e1rtel de Sinaloa admiti\u00f3 dos:<\/p>\n\n\n\n<ul class=\"wp-block-list\">\n<li>liderar una organizaci\u00f3n criminal (C\u00e1rtel de Sinaloa) de forma contin\u00faa desde enero de 1989 hasta enero de 2024<\/li>\n\n\n\n<li>conspirar para lavado de dinero, asesinatos y secuestros relacionados con el narcotr\u00e1fico.<\/li>\n<\/ul>\n\n\n\n<figure class=\"wp-block-image\" id=\"attachment_1734089\"><a href=\"https:\/\/lopezdoriga.com\/wp-content\/uploads\/2025\/08\/ismael-mayo-zambada.jpg\"><img decoding=\"async\" src=\"https:\/\/lopezdoriga.com\/wp-content\/uploads\/2025\/08\/ismael-mayo-zambada.jpg\" alt=\"\u00bfDe qu\u00e9 se declar\u00f3 culpable 'el Mayo' Zambada en EE.UU.? - ismael-mayo-zambada\" title=\"\"\/><\/a><figcaption class=\"wp-element-caption\">Ismael \u2018Mayo\u2019 Zambada. Foto de @LuisKuryaki<\/figcaption><\/figure>\n\n\n\n<p>Con esta<strong> declaraci\u00f3n de culpabilidad<\/strong>, \u2018el Mayo\u2019 Zambada evitar\u00e1 un juicio p\u00fablico, si bien perdi\u00f3 su derecho a revocar la sentencia que le impondr\u00e1 el <strong>juez Brian M. Cogan<\/strong>, misma que probablemente ser\u00e1 de <strong>cadena perpetua<\/strong>.<\/p>\n\n\n\n<p>Ser\u00e1 el <strong>13 de enero de 2026<\/strong> cuando se celebre la <strong>audiencia de sentencia<\/strong>.<\/p>\n\n\n\n<p>Adem\u00e1s, el Gobierno de EE.UU. valor\u00f3 en 15 mil millones de d\u00f3lares los bienes y activos que Zambada ha generado a lo largo de su carrera delictiva.<\/p>\n\n\n\n<p>Todo ese dinero, adelant\u00f3 el juez Cogan, tendr\u00eda que ser aportado a la justicia estadounidense.<\/p>\n\n\n\n<h2 class=\"wp-block-heading\">&nbsp;\u00bfQu\u00e9 dijo \u2018el Mayo\u2019 Zambada al declararse culpable?<\/h2>\n\n\n\n<p>La <strong>audiencia<\/strong> de \u2018<strong>el Mayo<\/strong>\u2018 <strong>Zambada<\/strong> que se celebr\u00f3 este 25 de agosto en Nueva York dur\u00f3 unos 45 minutos.<\/p>\n\n\n\n<p>Asistieron decenas de periodistas, agentes de la DEA y funcionarios.<\/p>\n\n\n\n<p>A diferencia de otros l\u00edderes del narcotr\u00e1fico, <strong>Ismael Zambada<\/strong> compareci\u00f3 ante el juez en solitario, sin la presencia de alg\u00fan familiar.<\/p>\n\n\n\n<p>Luci\u00f3 el uniforme azul y naranja de presidiario, cabello y barbas con tupidas canas, as\u00ed como indicios de los problemas de salud que le aquejan.<\/p>\n\n\n\n<p>Para declararse culpable dijo:<\/p>\n\n\n\n<figure class=\"wp-block-pullquote\"><blockquote><p>Reconozco el gran da\u00f1o que las drogas han provocado a Estados Unidos, M\u00e9xico y otros lugares. Asumo la responsabilidad y pido perd\u00f3n a aquellas personas que se hayan visto afectadas por mis acciones.<\/p><\/blockquote><\/figure>\n\n\n\n<p>Tambi\u00e9n dijo haber \u201cpromovido la corrupci\u00f3n de polic\u00edas, militares y pol\u00edticos\u201d en M\u00e9xico durante al menos 30 a\u00f1os.<\/p>\n\n\n\n<p>Revel\u00f3 que trafic\u00f3 al menos mil 500 toneladas de coca\u00edna desde que inici\u00f3 en el narcotr\u00e1fico, lo que le vali\u00f3 \u201ccientos de millones de d\u00f3lares cada a\u00f1o\u201d.<\/p>\n\n\n\n<figure class=\"wp-block-pullquote\"><blockquote><p>Durante m\u00e1s de cincuenta a\u00f1os cre\u00e9 una gran red criminal conocida como el C\u00e1rtel de Sinaloa, con muchas personas trabajando para m\u00ed. Algunos se dedicaban a la log\u00edstica, otros a recibir la coca\u00edna desde Colombia por barco o avi\u00f3n (\u2026) M\u00e1s tarde la llev\u00e1bamos a estados fronterizos y pasaba de contrabando y con regularidad a EE.UU.\u201d, dijo.<\/p><\/blockquote><\/figure>\n\n\n\n<p>Zambada Garc\u00eda asegur\u00f3 tambi\u00e9n que orden\u00f3 el <strong>asesinato<\/strong> de <strong>miembros<\/strong> de <strong>grupos rivales<\/strong>, hechos que desataron duros enfrentamientos en los a\u00f1os ochenta y noventa en los que \u201ctambi\u00e9n muri\u00f3 mucha gente inocente\u201d.<\/p>\n\n\n\n<h2 class=\"wp-block-heading\">&nbsp;\u00bfA qui\u00e9n delatar\u00e1 Ismael Zambada?<\/h2>\n\n\n\n<p>El abogado Frank A. P\u00e9rez afirm\u00f3 que la <strong>declaratoria de culpabilidad<\/strong> de <strong>Ismael Zambada<\/strong> no implica que vaya a delatar a c\u00f3mplices o a funcionarios mexicanos y de Centroam\u00e9rica.<\/p>\n\n\n\n<p>Al finalizar la audiencia, el litigante sentenci\u00f3 que \u2018el Mayo\u2019 \u201cno va hablar de nadie\u201d, toda vez que, defendi\u00f3, \u201c\u00e9l no gana nada cooperando\u201d.<\/p>\n\n\n\n<p>Descart\u00f3 tambi\u00e9n que el narcotraficante vaya a recibir beneficio legal alguno, si bien dijo esperar buenas condiciones de encarcelamiento.<\/p>\n\n\n\n<figure class=\"wp-block-pullquote\"><blockquote><p>La informaci\u00f3n que tiene \u2018el Mayo\u2019 Zambada se queda con \u2018el Mayo\u2019 Zambada\u201d, sostuvo.<\/p><\/blockquote><\/figure>\n\n\n\n<p>Con informaci\u00f3n de EFE<\/p>\n","protected":false},"excerpt":{"rendered":"<p>Ismael \u2018el Mayo\u2019 Zambada se declar\u00f3 culpable, en un tribunal federal de Nueva York, de cargos relacionados al tr\u00e1fico de drogas. Autoridades de EE.UU. lo acusan de 17 cargos, de los cuales, el cofundador del C\u00e1rtel de Sinaloa admiti\u00f3 dos: Con esta declaraci\u00f3n de culpabilidad, \u2018el Mayo\u2019 Zambada evitar\u00e1 un juicio p\u00fablico, si bien perdi\u00f3 [&hellip;]<\/p>\n","protected":false},"author":4,"featured_media":65543,"comment_status":"closed","ping_status":"","sticky":false,"template":"","format":"standard","meta":{"footnotes":""},"categories":[2,19],"tags":[],"class_list":{"0":"post-65541","1":"post","2":"type-post","3":"status-publish","4":"format-standard","5":"has-post-thumbnail","7":"category-oaxaca","8":"category-nacional"},"yoast_head":"<!-- This site is optimized with the Yoast SEO plugin v27.4 - https:\/\/yoast.com\/product\/yoast-seo-wordpress\/ -->\n<title>\u00bfDe qu\u00e9 se declar\u00f3 culpable &#039;el Mayo&#039; Zambada en EE.UU.? - LA BRAVA RADIO<\/title>\n<meta name=\"robots\" content=\"index, follow, max-snippet:-1, max-image-preview:large, max-video-preview:-1\" \/>\n<link rel=\"canonical\" href=\"https:\/\/www.bbmnoticias.com\/blog\/2025\/08\/25\/de-que-se-declaro-culpable-el-mayo-zambada-en-ee-uu\/\" \/>\n<meta property=\"og:locale\" content=\"es_MX\" \/>\n<meta property=\"og:type\" content=\"article\" \/>\n<meta property=\"og:title\" content=\"\u00bfDe qu\u00e9 se declar\u00f3 culpable &#039;el Mayo&#039; Zambada en EE.UU.? - LA BRAVA RADIO\" \/>\n<meta property=\"og:description\" content=\"Ismael \u2018el Mayo\u2019 Zambada se declar\u00f3 culpable, en un tribunal federal de Nueva York, de cargos relacionados al tr\u00e1fico de drogas. Autoridades de EE.UU. lo acusan de 17 cargos, de los cuales, el cofundador del C\u00e1rtel de Sinaloa admiti\u00f3 dos: Con esta declaraci\u00f3n de culpabilidad, \u2018el Mayo\u2019 Zambada evitar\u00e1 un juicio p\u00fablico, si bien perdi\u00f3 [&hellip;]\" \/>\n<meta property=\"og:url\" content=\"https:\/\/www.bbmnoticias.com\/blog\/2025\/08\/25\/de-que-se-declaro-culpable-el-mayo-zambada-en-ee-uu\/\" \/>\n<meta property=\"og:site_name\" content=\"LA BRAVA RADIO\" \/>\n<meta property=\"article:published_time\" content=\"2025-08-25T19:35:55+00:00\" \/>\n<meta property=\"article:modified_time\" content=\"2025-08-25T19:38:39+00:00\" \/>\n<meta property=\"og:image\" content=\"https:\/\/www.bbmnoticias.com\/labravaradiofm\/wp-content\/uploads\/sites\/5\/2025\/08\/ismael-el-mayo-zambada.jpg\" \/>\n\t<meta property=\"og:image:width\" content=\"1200\" \/>\n\t<meta property=\"og:image:height\" content=\"740\" \/>\n\t<meta property=\"og:image:type\" content=\"image\/jpeg\" \/>\n<meta name=\"author\" content=\"Agencias\" \/>\n<meta name=\"twitter:card\" content=\"summary_large_image\" \/>\n<meta name=\"twitter:label1\" content=\"Escrito por\" \/>\n\t<meta name=\"twitter:data1\" content=\"Agencias\" \/>\n\t<meta name=\"twitter:label2\" content=\"Tiempo de lectura\" \/>\n\t<meta name=\"twitter:data2\" content=\"3 minutos\" \/>\n<script type=\"application\/ld+json\" class=\"yoast-schema-graph\">{\"@context\":\"https:\\\/\\\/schema.org\",\"@graph\":[{\"@type\":\"Article\",\"@id\":\"https:\\\/\\\/www.bbmnoticias.com\\\/blog\\\/2025\\\/08\\\/25\\\/de-que-se-declaro-culpable-el-mayo-zambada-en-ee-uu\\\/#article\",\"isPartOf\":{\"@id\":\"https:\\\/\\\/www.bbmnoticias.com\\\/labravaradiofm\\\/2025\\\/08\\\/25\\\/de-que-se-declaro-culpable-el-mayo-zambada-en-ee-uu\\\/\"},\"author\":{\"name\":\"Agencias\",\"@id\":\"https:\\\/\\\/www.bbmnoticias.com\\\/labravaradiofm\\\/#\\\/schema\\\/person\\\/857a3daf5c8142f29919023f377fbfad\"},\"headline\":\"\u00bfDe qu\u00e9 se declar\u00f3 culpable &#8216;el Mayo&#8217; Zambada en EE.UU.?\",\"datePublished\":\"2025-08-25T19:35:55+00:00\",\"dateModified\":\"2025-08-25T19:38:39+00:00\",\"mainEntityOfPage\":{\"@id\":\"https:\\\/\\\/www.bbmnoticias.com\\\/labravaradiofm\\\/2025\\\/08\\\/25\\\/de-que-se-declaro-culpable-el-mayo-zambada-en-ee-uu\\\/\"},\"wordCount\":569,\"image\":{\"@id\":\"https:\\\/\\\/www.bbmnoticias.com\\\/blog\\\/2025\\\/08\\\/25\\\/de-que-se-declaro-culpable-el-mayo-zambada-en-ee-uu\\\/#primaryimage\"},\"thumbnailUrl\":\"https:\\\/\\\/www.bbmnoticias.com\\\/labravaradiofm\\\/wp-content\\\/uploads\\\/sites\\\/5\\\/2025\\\/08\\\/ismael-el-mayo-zambada.jpg\",\"articleSection\":[\"LOCAL\",\"NACIONAL\"],\"inLanguage\":\"es\"},{\"@type\":\"WebPage\",\"@id\":\"https:\\\/\\\/www.bbmnoticias.com\\\/labravaradiofm\\\/2025\\\/08\\\/25\\\/de-que-se-declaro-culpable-el-mayo-zambada-en-ee-uu\\\/\",\"url\":\"https:\\\/\\\/www.bbmnoticias.com\\\/blog\\\/2025\\\/08\\\/25\\\/de-que-se-declaro-culpable-el-mayo-zambada-en-ee-uu\\\/\",\"name\":\"\u00bfDe qu\u00e9 se declar\u00f3 culpable 'el Mayo' Zambada en EE.UU.? - LA BRAVA RADIO\",\"isPartOf\":{\"@id\":\"https:\\\/\\\/www.bbmnoticias.com\\\/labravaradiofm\\\/#website\"},\"primaryImageOfPage\":{\"@id\":\"https:\\\/\\\/www.bbmnoticias.com\\\/blog\\\/2025\\\/08\\\/25\\\/de-que-se-declaro-culpable-el-mayo-zambada-en-ee-uu\\\/#primaryimage\"},\"image\":{\"@id\":\"https:\\\/\\\/www.bbmnoticias.com\\\/blog\\\/2025\\\/08\\\/25\\\/de-que-se-declaro-culpable-el-mayo-zambada-en-ee-uu\\\/#primaryimage\"},\"thumbnailUrl\":\"https:\\\/\\\/www.bbmnoticias.com\\\/labravaradiofm\\\/wp-content\\\/uploads\\\/sites\\\/5\\\/2025\\\/08\\\/ismael-el-mayo-zambada.jpg\",\"datePublished\":\"2025-08-25T19:35:55+00:00\",\"dateModified\":\"2025-08-25T19:38:39+00:00\",\"author\":{\"@id\":\"https:\\\/\\\/www.bbmnoticias.com\\\/labravaradiofm\\\/#\\\/schema\\\/person\\\/857a3daf5c8142f29919023f377fbfad\"},\"breadcrumb\":{\"@id\":\"https:\\\/\\\/www.bbmnoticias.com\\\/blog\\\/2025\\\/08\\\/25\\\/de-que-se-declaro-culpable-el-mayo-zambada-en-ee-uu\\\/#breadcrumb\"},\"inLanguage\":\"es\",\"potentialAction\":[{\"@type\":\"ReadAction\",\"target\":[\"https:\\\/\\\/www.bbmnoticias.com\\\/blog\\\/2025\\\/08\\\/25\\\/de-que-se-declaro-culpable-el-mayo-zambada-en-ee-uu\\\/\"]}]},{\"@type\":\"ImageObject\",\"inLanguage\":\"es\",\"@id\":\"https:\\\/\\\/www.bbmnoticias.com\\\/blog\\\/2025\\\/08\\\/25\\\/de-que-se-declaro-culpable-el-mayo-zambada-en-ee-uu\\\/#primaryimage\",\"url\":\"https:\\\/\\\/www.bbmnoticias.com\\\/labravaradiofm\\\/wp-content\\\/uploads\\\/sites\\\/5\\\/2025\\\/08\\\/ismael-el-mayo-zambada.jpg\",\"contentUrl\":\"https:\\\/\\\/www.bbmnoticias.com\\\/labravaradiofm\\\/wp-content\\\/uploads\\\/sites\\\/5\\\/2025\\\/08\\\/ismael-el-mayo-zambada.jpg\",\"width\":1200,\"height\":740},{\"@type\":\"BreadcrumbList\",\"@id\":\"https:\\\/\\\/www.bbmnoticias.com\\\/blog\\\/2025\\\/08\\\/25\\\/de-que-se-declaro-culpable-el-mayo-zambada-en-ee-uu\\\/#breadcrumb\",\"itemListElement\":[{\"@type\":\"ListItem\",\"position\":1,\"name\":\"Inicio\",\"item\":\"https:\\\/\\\/www.bbmnoticias.com\\\/labravaradiofm\\\/\"},{\"@type\":\"ListItem\",\"position\":2,\"name\":\"\u00bfDe qu\u00e9 se declar\u00f3 culpable &#8216;el Mayo&#8217; Zambada en EE.UU.?\"}]},{\"@type\":\"WebSite\",\"@id\":\"https:\\\/\\\/www.bbmnoticias.com\\\/labravaradiofm\\\/#website\",\"url\":\"https:\\\/\\\/www.bbmnoticias.com\\\/labravaradiofm\\\/\",\"name\":\"LA BRAVA RADIO\",\"description\":\"Empresa productora de medios, Radiodifusi\u00f3n, Noticias, tendencias y todo lo que necesitas saber de la pol\u00edtica mexicana e internacional; entretenimiento, espect\u00e1culos, salud y mucho m\u00e1s.\",\"potentialAction\":[{\"@type\":\"SearchAction\",\"target\":{\"@type\":\"EntryPoint\",\"urlTemplate\":\"https:\\\/\\\/www.bbmnoticias.com\\\/labravaradiofm\\\/?s={search_term_string}\"},\"query-input\":{\"@type\":\"PropertyValueSpecification\",\"valueRequired\":true,\"valueName\":\"search_term_string\"}}],\"inLanguage\":\"es\"},{\"@type\":\"Person\",\"@id\":\"https:\\\/\\\/www.bbmnoticias.com\\\/labravaradiofm\\\/#\\\/schema\\\/person\\\/857a3daf5c8142f29919023f377fbfad\",\"name\":\"Agencias\",\"image\":{\"@type\":\"ImageObject\",\"inLanguage\":\"es\",\"@id\":\"https:\\\/\\\/secure.gravatar.com\\\/avatar\\\/739e0b61adf9e398b425c36718c8752286da0e8cd90f20ce9a86678abc26aa0d?s=96&d=mm&r=g\",\"url\":\"https:\\\/\\\/secure.gravatar.com\\\/avatar\\\/739e0b61adf9e398b425c36718c8752286da0e8cd90f20ce9a86678abc26aa0d?s=96&d=mm&r=g\",\"contentUrl\":\"https:\\\/\\\/secure.gravatar.com\\\/avatar\\\/739e0b61adf9e398b425c36718c8752286da0e8cd90f20ce9a86678abc26aa0d?s=96&d=mm&r=g\",\"caption\":\"Agencias\"},\"url\":\"https:\\\/\\\/www.bbmnoticias.com\\\/labravaradiofm\\\/author\\\/agencias\\\/\"}]}<\/script>\n<!-- \/ Yoast SEO plugin. -->","yoast_head_json":{"title":"\u00bfDe qu\u00e9 se declar\u00f3 culpable 'el Mayo' Zambada en EE.UU.? - LA BRAVA RADIO","robots":{"index":"index","follow":"follow","max-snippet":"max-snippet:-1","max-image-preview":"max-image-preview:large","max-video-preview":"max-video-preview:-1"},"canonical":"https:\/\/www.bbmnoticias.com\/blog\/2025\/08\/25\/de-que-se-declaro-culpable-el-mayo-zambada-en-ee-uu\/","og_locale":"es_MX","og_type":"article","og_title":"\u00bfDe qu\u00e9 se declar\u00f3 culpable 'el Mayo' Zambada en EE.UU.? - LA BRAVA RADIO","og_description":"Ismael \u2018el Mayo\u2019 Zambada se declar\u00f3 culpable, en un tribunal federal de Nueva York, de cargos relacionados al tr\u00e1fico de drogas. Autoridades de EE.UU. lo acusan de 17 cargos, de los cuales, el cofundador del C\u00e1rtel de Sinaloa admiti\u00f3 dos: Con esta declaraci\u00f3n de culpabilidad, \u2018el Mayo\u2019 Zambada evitar\u00e1 un juicio p\u00fablico, si bien perdi\u00f3 [&hellip;]","og_url":"https:\/\/www.bbmnoticias.com\/blog\/2025\/08\/25\/de-que-se-declaro-culpable-el-mayo-zambada-en-ee-uu\/","og_site_name":"LA BRAVA RADIO","article_published_time":"2025-08-25T19:35:55+00:00","article_modified_time":"2025-08-25T19:38:39+00:00","og_image":[{"width":1200,"height":740,"url":"https:\/\/www.bbmnoticias.com\/labravaradiofm\/wp-content\/uploads\/sites\/5\/2025\/08\/ismael-el-mayo-zambada.jpg","type":"image\/jpeg"}],"author":"Agencias","twitter_card":"summary_large_image","twitter_misc":{"Escrito por":"Agencias","Tiempo de lectura":"3 minutos"},"schema":{"@context":"https:\/\/schema.org","@graph":[{"@type":"Article","@id":"https:\/\/www.bbmnoticias.com\/blog\/2025\/08\/25\/de-que-se-declaro-culpable-el-mayo-zambada-en-ee-uu\/#article","isPartOf":{"@id":"https:\/\/www.bbmnoticias.com\/labravaradiofm\/2025\/08\/25\/de-que-se-declaro-culpable-el-mayo-zambada-en-ee-uu\/"},"author":{"name":"Agencias","@id":"https:\/\/www.bbmnoticias.com\/labravaradiofm\/#\/schema\/person\/857a3daf5c8142f29919023f377fbfad"},"headline":"\u00bfDe qu\u00e9 se declar\u00f3 culpable &#8216;el Mayo&#8217; Zambada en EE.UU.?","datePublished":"2025-08-25T19:35:55+00:00","dateModified":"2025-08-25T19:38:39+00:00","mainEntityOfPage":{"@id":"https:\/\/www.bbmnoticias.com\/labravaradiofm\/2025\/08\/25\/de-que-se-declaro-culpable-el-mayo-zambada-en-ee-uu\/"},"wordCount":569,"image":{"@id":"https:\/\/www.bbmnoticias.com\/blog\/2025\/08\/25\/de-que-se-declaro-culpable-el-mayo-zambada-en-ee-uu\/#primaryimage"},"thumbnailUrl":"https:\/\/www.bbmnoticias.com\/labravaradiofm\/wp-content\/uploads\/sites\/5\/2025\/08\/ismael-el-mayo-zambada.jpg","articleSection":["LOCAL","NACIONAL"],"inLanguage":"es"},{"@type":"WebPage","@id":"https:\/\/www.bbmnoticias.com\/labravaradiofm\/2025\/08\/25\/de-que-se-declaro-culpable-el-mayo-zambada-en-ee-uu\/","url":"https:\/\/www.bbmnoticias.com\/blog\/2025\/08\/25\/de-que-se-declaro-culpable-el-mayo-zambada-en-ee-uu\/","name":"\u00bfDe qu\u00e9 se declar\u00f3 culpable 'el Mayo' Zambada en EE.UU.? - LA BRAVA RADIO","isPartOf":{"@id":"https:\/\/www.bbmnoticias.com\/labravaradiofm\/#website"},"primaryImageOfPage":{"@id":"https:\/\/www.bbmnoticias.com\/blog\/2025\/08\/25\/de-que-se-declaro-culpable-el-mayo-zambada-en-ee-uu\/#primaryimage"},"image":{"@id":"https:\/\/www.bbmnoticias.com\/blog\/2025\/08\/25\/de-que-se-declaro-culpable-el-mayo-zambada-en-ee-uu\/#primaryimage"},"thumbnailUrl":"https:\/\/www.bbmnoticias.com\/labravaradiofm\/wp-content\/uploads\/sites\/5\/2025\/08\/ismael-el-mayo-zambada.jpg","datePublished":"2025-08-25T19:35:55+00:00","dateModified":"2025-08-25T19:38:39+00:00","author":{"@id":"https:\/\/www.bbmnoticias.com\/labravaradiofm\/#\/schema\/person\/857a3daf5c8142f29919023f377fbfad"},"breadcrumb":{"@id":"https:\/\/www.bbmnoticias.com\/blog\/2025\/08\/25\/de-que-se-declaro-culpable-el-mayo-zambada-en-ee-uu\/#breadcrumb"},"inLanguage":"es","potentialAction":[{"@type":"ReadAction","target":["https:\/\/www.bbmnoticias.com\/blog\/2025\/08\/25\/de-que-se-declaro-culpable-el-mayo-zambada-en-ee-uu\/"]}]},{"@type":"ImageObject","inLanguage":"es","@id":"https:\/\/www.bbmnoticias.com\/blog\/2025\/08\/25\/de-que-se-declaro-culpable-el-mayo-zambada-en-ee-uu\/#primaryimage","url":"https:\/\/www.bbmnoticias.com\/labravaradiofm\/wp-content\/uploads\/sites\/5\/2025\/08\/ismael-el-mayo-zambada.jpg","contentUrl":"https:\/\/www.bbmnoticias.com\/labravaradiofm\/wp-content\/uploads\/sites\/5\/2025\/08\/ismael-el-mayo-zambada.jpg","width":1200,"height":740},{"@type":"BreadcrumbList","@id":"https:\/\/www.bbmnoticias.com\/blog\/2025\/08\/25\/de-que-se-declaro-culpable-el-mayo-zambada-en-ee-uu\/#breadcrumb","itemListElement":[{"@type":"ListItem","position":1,"name":"Inicio","item":"https:\/\/www.bbmnoticias.com\/labravaradiofm\/"},{"@type":"ListItem","position":2,"name":"\u00bfDe qu\u00e9 se declar\u00f3 culpable &#8216;el Mayo&#8217; Zambada en EE.UU.?"}]},{"@type":"WebSite","@id":"https:\/\/www.bbmnoticias.com\/labravaradiofm\/#website","url":"https:\/\/www.bbmnoticias.com\/labravaradiofm\/","name":"LA BRAVA RADIO","description":"Empresa productora de medios, Radiodifusi\u00f3n, Noticias, tendencias y todo lo que necesitas saber de la pol\u00edtica mexicana e internacional; entretenimiento, espect\u00e1culos, salud y mucho m\u00e1s.","potentialAction":[{"@type":"SearchAction","target":{"@type":"EntryPoint","urlTemplate":"https:\/\/www.bbmnoticias.com\/labravaradiofm\/?s={search_term_string}"},"query-input":{"@type":"PropertyValueSpecification","valueRequired":true,"valueName":"search_term_string"}}],"inLanguage":"es"},{"@type":"Person","@id":"https:\/\/www.bbmnoticias.com\/labravaradiofm\/#\/schema\/person\/857a3daf5c8142f29919023f377fbfad","name":"Agencias","image":{"@type":"ImageObject","inLanguage":"es","@id":"https:\/\/secure.gravatar.com\/avatar\/739e0b61adf9e398b425c36718c8752286da0e8cd90f20ce9a86678abc26aa0d?s=96&d=mm&r=g","url":"https:\/\/secure.gravatar.com\/avatar\/739e0b61adf9e398b425c36718c8752286da0e8cd90f20ce9a86678abc26aa0d?s=96&d=mm&r=g","contentUrl":"https:\/\/secure.gravatar.com\/avatar\/739e0b61adf9e398b425c36718c8752286da0e8cd90f20ce9a86678abc26aa0d?s=96&d=mm&r=g","caption":"Agencias"},"url":"https:\/\/www.bbmnoticias.com\/labravaradiofm\/author\/agencias\/"}]}},"_links":{"self":[{"href":"https:\/\/www.bbmnoticias.com\/labravaradiofm\/wp-json\/wp\/v2\/posts\/65541","targetHints":{"allow":["GET"]}}],"collection":[{"href":"https:\/\/www.bbmnoticias.com\/labravaradiofm\/wp-json\/wp\/v2\/posts"}],"about":[{"href":"https:\/\/www.bbmnoticias.com\/labravaradiofm\/wp-json\/wp\/v2\/types\/post"}],"author":[{"embeddable":true,"href":"https:\/\/www.bbmnoticias.com\/labravaradiofm\/wp-json\/wp\/v2\/users\/4"}],"replies":[{"embeddable":true,"href":"https:\/\/www.bbmnoticias.com\/labravaradiofm\/wp-json\/wp\/v2\/comments?post=65541"}],"version-history":[{"count":0,"href":"https:\/\/www.bbmnoticias.com\/labravaradiofm\/wp-json\/wp\/v2\/posts\/65541\/revisions"}],"wp:featuredmedia":[{"embeddable":true,"href":"https:\/\/www.bbmnoticias.com\/labravaradiofm\/wp-json\/wp\/v2\/media\/65543"}],"wp:attachment":[{"href":"https:\/\/www.bbmnoticias.com\/labravaradiofm\/wp-json\/wp\/v2\/media?parent=65541"}],"wp:term":[{"taxonomy":"category","embeddable":true,"href":"https:\/\/www.bbmnoticias.com\/labravaradiofm\/wp-json\/wp\/v2\/categories?post=65541"},{"taxonomy":"post_tag","embeddable":true,"href":"https:\/\/www.bbmnoticias.com\/labravaradiofm\/wp-json\/wp\/v2\/tags?post=65541"}],"curies":[{"name":"wp","href":"https:\/\/api.w.org\/{rel}","templated":true}]}}