{"id":65538,"date":"2025-08-25T13:15:27","date_gmt":"2025-08-25T19:15:27","guid":{"rendered":"https:\/\/www.bbmnoticias.com\/labravaradiofm\/2025\/08\/25\/mexicana-de-aviacion-estrena-avion-embraer-e-195-en-ruta-del-aifa-a-tulum\/"},"modified":"2025-08-25T13:15:34","modified_gmt":"2025-08-25T19:15:34","slug":"mexicana-de-aviacion-estrena-avion-embraer-e-195-en-ruta-del-aifa-a-tulum","status":"publish","type":"post","link":"https:\/\/www.bbmnoticias.com\/labravaradiofm\/2025\/08\/25\/mexicana-de-aviacion-estrena-avion-embraer-e-195-en-ruta-del-aifa-a-tulum\/","title":{"rendered":"Mexicana de Aviaci\u00f3n estrena avi\u00f3n Embraer E-195 en ruta del AIFA a Tulum"},"content":{"rendered":"<div style=\"margin-top: 0px; margin-bottom: 0px;\" class=\"sharethis-inline-share-buttons\" ><\/div>\n<p><em>Tec\u00e1mac, M\u00e9x.<\/em>La Aerol\u00ednea del Estado Mexicano, Mexicana de Aviaci\u00f3n, puso en operaci\u00f3n el primer vuelo comercial de la aeronave Embraer E-195 E2, desde el Aeropuerto Internacional Felipe \u00c1ngeles (AIFA) al&nbsp;Aeropuerto Internacional Felipe Carrillo Puerto en Tulum.<\/p>\n\n\n\n<p>\u201cEstamos iniciando una nueva era en la aviaci\u00f3n nacional al introducir tecnolog\u00edas avanzadas de vanguardia que nos permite ser m\u00e1s competitivos en la industria del transporte a\u00e9reo\u201d, expres\u00f3 Leobardo \u00c1vila Boj\u00f3rquez, director general de Mexicana de Aviaci\u00f3n.<\/p>\n\n\n\n<p>En las instalaciones del AIFA, autoridades de Mexicana, Turismo y Sedena pusieron en funcionamiento el primer vuelo del avi\u00f3n Embraer E-195 E2 que fue entregado el pasado 1 de julio con matr\u00edcula XA-MXA, el cual fue parti\u00f3 con rumbo al Aeropuerto Internacional Felipe Carrillo Puerto en Tulum.<\/p>\n\n\n\n<p>\u00c1vila Boj\u00f3rquez afirm\u00f3 que con estas aeronaves Mexicana de Aviaci\u00f3n pretende y aspira a dar un servicio excepcional de calidad y calidez; enfocado tambi\u00e9n a la seguridad operacional que es lo m\u00e1s importante que se cuida dentro de los procesos.<\/p>\n\n\n\n<p>\u201cTambi\u00e9n es importante se\u00f1alar que Mexicana es un instrumento dentro del propio Estado mexicano para detonar sectores y detonar regiones de manera econ\u00f3mica pero tambi\u00e9n llevar el desarrollo a esos polos que son importantes para generar prosperidad\u201d.<\/p>\n\n\n\n<p>Agradeci\u00f3 a la presidenta Claudia Sheimbaum su apoyo y visi\u00f3n transformadora para generar la colectividad en territorio nacional y compartir la prosperidad con cada uno de las y los mexicanos a los cuales mexicana genera una derrama econ\u00f3mica, como es la generaci\u00f3n de empleos en la propia industria del transporte a\u00e9rea y la cadena de valor en los destinos.<\/p>\n\n\n\n<p>Destac\u00f3 que actualmente Mexicana vuela a 14 destinos del pa\u00eds generando econom\u00eda y derrama econ\u00f3mica a cada uno de los destinos.<\/p>\n\n\n\n<p>Agradeci\u00f3 la preferencia de los mexicanos. \u201cMexicana est\u00e1 comprometida a ser esa l\u00ednea del pueblo que ofrezca un transporte a\u00e9reo accesible, Mexicana es la aerol\u00ednea que ofrece accesibilidad y precios justos para que cada uno de los mexicanos puedan acceder al transporte a\u00e9reo\u201d.<\/p>\n\n\n\n<p>La secretar\u00eda de turismo del gobierno federal, Josefina Rodriguez Zamora exhort\u00f3 a los usuarios a volar por Mexicana de Aviaci\u00f3n.<\/p>\n\n\n\n<p>Destac\u00f3 qu\u00e9 hoy Mexicana de Aviaci\u00f3n registra 17 por ciento m\u00e1s pasajeros con respecto 2024 con 14 rutas.<\/p>\n\n\n\n<p>Apunt\u00f3 que se ha cumplido todos los retos, as\u00ed como tambi\u00e9n el AIFA que es referente a nivel internacional transportando 3 millones de pasajeros de enero a junio del presente a\u00f1o y en donde se turismo tiene un 7 por ciento m\u00e1s. Asimismo refiri\u00f3 que van por 23 millones m\u00e1s pasajeros para este pr\u00f3ximo semestre.<\/p>\n","protected":false},"excerpt":{"rendered":"<p>Tec\u00e1mac, M\u00e9x.La Aerol\u00ednea del Estado Mexicano, Mexicana de Aviaci\u00f3n, puso en operaci\u00f3n el primer vuelo comercial de la aeronave Embraer E-195 E2, desde el Aeropuerto Internacional Felipe \u00c1ngeles (AIFA) al&nbsp;Aeropuerto Internacional Felipe Carrillo Puerto en Tulum. \u201cEstamos iniciando una nueva era en la aviaci\u00f3n nacional al introducir tecnolog\u00edas avanzadas de vanguardia que nos permite ser [&hellip;]<\/p>\n","protected":false},"author":4,"featured_media":65540,"comment_status":"closed","ping_status":"","sticky":false,"template":"","format":"standard","meta":{"footnotes":""},"categories":[2,19],"tags":[],"class_list":{"0":"post-65538","1":"post","2":"type-post","3":"status-publish","4":"format-standard","5":"has-post-thumbnail","7":"category-oaxaca","8":"category-nacional"},"yoast_head":"<!-- This site is optimized with the Yoast SEO plugin v27.4 - https:\/\/yoast.com\/product\/yoast-seo-wordpress\/ -->\n<title>Mexicana de Aviaci\u00f3n estrena avi\u00f3n Embraer E-195 en ruta del AIFA a Tulum - LA BRAVA RADIO<\/title>\n<meta name=\"robots\" content=\"index, follow, max-snippet:-1, max-image-preview:large, max-video-preview:-1\" \/>\n<link rel=\"canonical\" href=\"https:\/\/www.bbmnoticias.com\/blog\/2025\/08\/25\/mexicana-de-aviacion-estrena-avion-embraer-e-195-en-ruta-del-aifa-a-tulum\/\" \/>\n<meta property=\"og:locale\" content=\"es_MX\" \/>\n<meta property=\"og:type\" content=\"article\" \/>\n<meta property=\"og:title\" content=\"Mexicana de Aviaci\u00f3n estrena avi\u00f3n Embraer E-195 en ruta del AIFA a Tulum - LA BRAVA RADIO\" \/>\n<meta property=\"og:description\" content=\"Tec\u00e1mac, M\u00e9x.La Aerol\u00ednea del Estado Mexicano, Mexicana de Aviaci\u00f3n, puso en operaci\u00f3n el primer vuelo comercial de la aeronave Embraer E-195 E2, desde el Aeropuerto Internacional Felipe \u00c1ngeles (AIFA) al&nbsp;Aeropuerto Internacional Felipe Carrillo Puerto en Tulum. \u201cEstamos iniciando una nueva era en la aviaci\u00f3n nacional al introducir tecnolog\u00edas avanzadas de vanguardia que nos permite ser [&hellip;]\" \/>\n<meta property=\"og:url\" content=\"https:\/\/www.bbmnoticias.com\/blog\/2025\/08\/25\/mexicana-de-aviacion-estrena-avion-embraer-e-195-en-ruta-del-aifa-a-tulum\/\" \/>\n<meta property=\"og:site_name\" content=\"LA BRAVA RADIO\" \/>\n<meta property=\"article:published_time\" content=\"2025-08-25T19:15:27+00:00\" \/>\n<meta property=\"article:modified_time\" content=\"2025-08-25T19:15:34+00:00\" \/>\n<meta property=\"og:image\" content=\"https:\/\/www.bbmnoticias.com\/labravaradiofm\/wp-content\/uploads\/sites\/5\/2025\/08\/mexicana-de-aviacion-estrena-avion-embraer-e195-en-ruta-del-aifa-a-tulum.webp\" \/>\n\t<meta property=\"og:image:width\" content=\"1200\" \/>\n\t<meta property=\"og:image:height\" content=\"800\" \/>\n\t<meta property=\"og:image:type\" content=\"image\/webp\" \/>\n<meta name=\"author\" content=\"Agencias\" \/>\n<meta name=\"twitter:card\" content=\"summary_large_image\" \/>\n<meta name=\"twitter:label1\" content=\"Escrito por\" \/>\n\t<meta name=\"twitter:data1\" content=\"Agencias\" \/>\n\t<meta name=\"twitter:label2\" content=\"Tiempo de lectura\" \/>\n\t<meta name=\"twitter:data2\" content=\"2 minutos\" \/>\n<script type=\"application\/ld+json\" class=\"yoast-schema-graph\">{\"@context\":\"https:\\\/\\\/schema.org\",\"@graph\":[{\"@type\":\"Article\",\"@id\":\"https:\\\/\\\/www.bbmnoticias.com\\\/blog\\\/2025\\\/08\\\/25\\\/mexicana-de-aviacion-estrena-avion-embraer-e-195-en-ruta-del-aifa-a-tulum\\\/#article\",\"isPartOf\":{\"@id\":\"https:\\\/\\\/www.bbmnoticias.com\\\/labravaradiofm\\\/2025\\\/08\\\/25\\\/mexicana-de-aviacion-estrena-avion-embraer-e-195-en-ruta-del-aifa-a-tulum\\\/\"},\"author\":{\"name\":\"Agencias\",\"@id\":\"https:\\\/\\\/www.bbmnoticias.com\\\/labravaradiofm\\\/#\\\/schema\\\/person\\\/857a3daf5c8142f29919023f377fbfad\"},\"headline\":\"Mexicana de Aviaci\u00f3n estrena avi\u00f3n Embraer E-195 en ruta del AIFA a Tulum\",\"datePublished\":\"2025-08-25T19:15:27+00:00\",\"dateModified\":\"2025-08-25T19:15:34+00:00\",\"mainEntityOfPage\":{\"@id\":\"https:\\\/\\\/www.bbmnoticias.com\\\/labravaradiofm\\\/2025\\\/08\\\/25\\\/mexicana-de-aviacion-estrena-avion-embraer-e-195-en-ruta-del-aifa-a-tulum\\\/\"},\"wordCount\":464,\"image\":{\"@id\":\"https:\\\/\\\/www.bbmnoticias.com\\\/blog\\\/2025\\\/08\\\/25\\\/mexicana-de-aviacion-estrena-avion-embraer-e-195-en-ruta-del-aifa-a-tulum\\\/#primaryimage\"},\"thumbnailUrl\":\"https:\\\/\\\/www.bbmnoticias.com\\\/labravaradiofm\\\/wp-content\\\/uploads\\\/sites\\\/5\\\/2025\\\/08\\\/mexicana-de-aviacion-estrena-avion-embraer-e195-en-ruta-del-aifa-a-tulum.webp\",\"articleSection\":[\"LOCAL\",\"NACIONAL\"],\"inLanguage\":\"es\"},{\"@type\":\"WebPage\",\"@id\":\"https:\\\/\\\/www.bbmnoticias.com\\\/labravaradiofm\\\/2025\\\/08\\\/25\\\/mexicana-de-aviacion-estrena-avion-embraer-e-195-en-ruta-del-aifa-a-tulum\\\/\",\"url\":\"https:\\\/\\\/www.bbmnoticias.com\\\/blog\\\/2025\\\/08\\\/25\\\/mexicana-de-aviacion-estrena-avion-embraer-e-195-en-ruta-del-aifa-a-tulum\\\/\",\"name\":\"Mexicana de Aviaci\u00f3n estrena avi\u00f3n Embraer E-195 en ruta del AIFA a Tulum - LA BRAVA RADIO\",\"isPartOf\":{\"@id\":\"https:\\\/\\\/www.bbmnoticias.com\\\/labravaradiofm\\\/#website\"},\"primaryImageOfPage\":{\"@id\":\"https:\\\/\\\/www.bbmnoticias.com\\\/blog\\\/2025\\\/08\\\/25\\\/mexicana-de-aviacion-estrena-avion-embraer-e-195-en-ruta-del-aifa-a-tulum\\\/#primaryimage\"},\"image\":{\"@id\":\"https:\\\/\\\/www.bbmnoticias.com\\\/blog\\\/2025\\\/08\\\/25\\\/mexicana-de-aviacion-estrena-avion-embraer-e-195-en-ruta-del-aifa-a-tulum\\\/#primaryimage\"},\"thumbnailUrl\":\"https:\\\/\\\/www.bbmnoticias.com\\\/labravaradiofm\\\/wp-content\\\/uploads\\\/sites\\\/5\\\/2025\\\/08\\\/mexicana-de-aviacion-estrena-avion-embraer-e195-en-ruta-del-aifa-a-tulum.webp\",\"datePublished\":\"2025-08-25T19:15:27+00:00\",\"dateModified\":\"2025-08-25T19:15:34+00:00\",\"author\":{\"@id\":\"https:\\\/\\\/www.bbmnoticias.com\\\/labravaradiofm\\\/#\\\/schema\\\/person\\\/857a3daf5c8142f29919023f377fbfad\"},\"breadcrumb\":{\"@id\":\"https:\\\/\\\/www.bbmnoticias.com\\\/blog\\\/2025\\\/08\\\/25\\\/mexicana-de-aviacion-estrena-avion-embraer-e-195-en-ruta-del-aifa-a-tulum\\\/#breadcrumb\"},\"inLanguage\":\"es\",\"potentialAction\":[{\"@type\":\"ReadAction\",\"target\":[\"https:\\\/\\\/www.bbmnoticias.com\\\/blog\\\/2025\\\/08\\\/25\\\/mexicana-de-aviacion-estrena-avion-embraer-e-195-en-ruta-del-aifa-a-tulum\\\/\"]}]},{\"@type\":\"ImageObject\",\"inLanguage\":\"es\",\"@id\":\"https:\\\/\\\/www.bbmnoticias.com\\\/blog\\\/2025\\\/08\\\/25\\\/mexicana-de-aviacion-estrena-avion-embraer-e-195-en-ruta-del-aifa-a-tulum\\\/#primaryimage\",\"url\":\"https:\\\/\\\/www.bbmnoticias.com\\\/labravaradiofm\\\/wp-content\\\/uploads\\\/sites\\\/5\\\/2025\\\/08\\\/mexicana-de-aviacion-estrena-avion-embraer-e195-en-ruta-del-aifa-a-tulum.webp\",\"contentUrl\":\"https:\\\/\\\/www.bbmnoticias.com\\\/labravaradiofm\\\/wp-content\\\/uploads\\\/sites\\\/5\\\/2025\\\/08\\\/mexicana-de-aviacion-estrena-avion-embraer-e195-en-ruta-del-aifa-a-tulum.webp\",\"width\":1200,\"height\":800},{\"@type\":\"BreadcrumbList\",\"@id\":\"https:\\\/\\\/www.bbmnoticias.com\\\/blog\\\/2025\\\/08\\\/25\\\/mexicana-de-aviacion-estrena-avion-embraer-e-195-en-ruta-del-aifa-a-tulum\\\/#breadcrumb\",\"itemListElement\":[{\"@type\":\"ListItem\",\"position\":1,\"name\":\"Inicio\",\"item\":\"https:\\\/\\\/www.bbmnoticias.com\\\/labravaradiofm\\\/\"},{\"@type\":\"ListItem\",\"position\":2,\"name\":\"Mexicana de Aviaci\u00f3n estrena avi\u00f3n Embraer E-195 en ruta del AIFA a Tulum\"}]},{\"@type\":\"WebSite\",\"@id\":\"https:\\\/\\\/www.bbmnoticias.com\\\/labravaradiofm\\\/#website\",\"url\":\"https:\\\/\\\/www.bbmnoticias.com\\\/labravaradiofm\\\/\",\"name\":\"LA BRAVA RADIO\",\"description\":\"Empresa productora de medios, Radiodifusi\u00f3n, Noticias, tendencias y todo lo que necesitas saber de la pol\u00edtica mexicana e internacional; entretenimiento, espect\u00e1culos, salud y mucho m\u00e1s.\",\"potentialAction\":[{\"@type\":\"SearchAction\",\"target\":{\"@type\":\"EntryPoint\",\"urlTemplate\":\"https:\\\/\\\/www.bbmnoticias.com\\\/labravaradiofm\\\/?s={search_term_string}\"},\"query-input\":{\"@type\":\"PropertyValueSpecification\",\"valueRequired\":true,\"valueName\":\"search_term_string\"}}],\"inLanguage\":\"es\"},{\"@type\":\"Person\",\"@id\":\"https:\\\/\\\/www.bbmnoticias.com\\\/labravaradiofm\\\/#\\\/schema\\\/person\\\/857a3daf5c8142f29919023f377fbfad\",\"name\":\"Agencias\",\"image\":{\"@type\":\"ImageObject\",\"inLanguage\":\"es\",\"@id\":\"https:\\\/\\\/secure.gravatar.com\\\/avatar\\\/739e0b61adf9e398b425c36718c8752286da0e8cd90f20ce9a86678abc26aa0d?s=96&d=mm&r=g\",\"url\":\"https:\\\/\\\/secure.gravatar.com\\\/avatar\\\/739e0b61adf9e398b425c36718c8752286da0e8cd90f20ce9a86678abc26aa0d?s=96&d=mm&r=g\",\"contentUrl\":\"https:\\\/\\\/secure.gravatar.com\\\/avatar\\\/739e0b61adf9e398b425c36718c8752286da0e8cd90f20ce9a86678abc26aa0d?s=96&d=mm&r=g\",\"caption\":\"Agencias\"},\"url\":\"https:\\\/\\\/www.bbmnoticias.com\\\/labravaradiofm\\\/author\\\/agencias\\\/\"}]}<\/script>\n<!-- \/ Yoast SEO plugin. -->","yoast_head_json":{"title":"Mexicana de Aviaci\u00f3n estrena avi\u00f3n Embraer E-195 en ruta del AIFA a Tulum - LA BRAVA RADIO","robots":{"index":"index","follow":"follow","max-snippet":"max-snippet:-1","max-image-preview":"max-image-preview:large","max-video-preview":"max-video-preview:-1"},"canonical":"https:\/\/www.bbmnoticias.com\/blog\/2025\/08\/25\/mexicana-de-aviacion-estrena-avion-embraer-e-195-en-ruta-del-aifa-a-tulum\/","og_locale":"es_MX","og_type":"article","og_title":"Mexicana de Aviaci\u00f3n estrena avi\u00f3n Embraer E-195 en ruta del AIFA a Tulum - LA BRAVA RADIO","og_description":"Tec\u00e1mac, M\u00e9x.La Aerol\u00ednea del Estado Mexicano, Mexicana de Aviaci\u00f3n, puso en operaci\u00f3n el primer vuelo comercial de la aeronave Embraer E-195 E2, desde el Aeropuerto Internacional Felipe \u00c1ngeles (AIFA) al&nbsp;Aeropuerto Internacional Felipe Carrillo Puerto en Tulum. \u201cEstamos iniciando una nueva era en la aviaci\u00f3n nacional al introducir tecnolog\u00edas avanzadas de vanguardia que nos permite ser [&hellip;]","og_url":"https:\/\/www.bbmnoticias.com\/blog\/2025\/08\/25\/mexicana-de-aviacion-estrena-avion-embraer-e-195-en-ruta-del-aifa-a-tulum\/","og_site_name":"LA BRAVA RADIO","article_published_time":"2025-08-25T19:15:27+00:00","article_modified_time":"2025-08-25T19:15:34+00:00","og_image":[{"width":1200,"height":800,"url":"https:\/\/www.bbmnoticias.com\/labravaradiofm\/wp-content\/uploads\/sites\/5\/2025\/08\/mexicana-de-aviacion-estrena-avion-embraer-e195-en-ruta-del-aifa-a-tulum.webp","type":"image\/webp"}],"author":"Agencias","twitter_card":"summary_large_image","twitter_misc":{"Escrito por":"Agencias","Tiempo de lectura":"2 minutos"},"schema":{"@context":"https:\/\/schema.org","@graph":[{"@type":"Article","@id":"https:\/\/www.bbmnoticias.com\/blog\/2025\/08\/25\/mexicana-de-aviacion-estrena-avion-embraer-e-195-en-ruta-del-aifa-a-tulum\/#article","isPartOf":{"@id":"https:\/\/www.bbmnoticias.com\/labravaradiofm\/2025\/08\/25\/mexicana-de-aviacion-estrena-avion-embraer-e-195-en-ruta-del-aifa-a-tulum\/"},"author":{"name":"Agencias","@id":"https:\/\/www.bbmnoticias.com\/labravaradiofm\/#\/schema\/person\/857a3daf5c8142f29919023f377fbfad"},"headline":"Mexicana de Aviaci\u00f3n estrena avi\u00f3n Embraer E-195 en ruta del AIFA a Tulum","datePublished":"2025-08-25T19:15:27+00:00","dateModified":"2025-08-25T19:15:34+00:00","mainEntityOfPage":{"@id":"https:\/\/www.bbmnoticias.com\/labravaradiofm\/2025\/08\/25\/mexicana-de-aviacion-estrena-avion-embraer-e-195-en-ruta-del-aifa-a-tulum\/"},"wordCount":464,"image":{"@id":"https:\/\/www.bbmnoticias.com\/blog\/2025\/08\/25\/mexicana-de-aviacion-estrena-avion-embraer-e-195-en-ruta-del-aifa-a-tulum\/#primaryimage"},"thumbnailUrl":"https:\/\/www.bbmnoticias.com\/labravaradiofm\/wp-content\/uploads\/sites\/5\/2025\/08\/mexicana-de-aviacion-estrena-avion-embraer-e195-en-ruta-del-aifa-a-tulum.webp","articleSection":["LOCAL","NACIONAL"],"inLanguage":"es"},{"@type":"WebPage","@id":"https:\/\/www.bbmnoticias.com\/labravaradiofm\/2025\/08\/25\/mexicana-de-aviacion-estrena-avion-embraer-e-195-en-ruta-del-aifa-a-tulum\/","url":"https:\/\/www.bbmnoticias.com\/blog\/2025\/08\/25\/mexicana-de-aviacion-estrena-avion-embraer-e-195-en-ruta-del-aifa-a-tulum\/","name":"Mexicana de Aviaci\u00f3n estrena avi\u00f3n Embraer E-195 en ruta del AIFA a Tulum - LA BRAVA RADIO","isPartOf":{"@id":"https:\/\/www.bbmnoticias.com\/labravaradiofm\/#website"},"primaryImageOfPage":{"@id":"https:\/\/www.bbmnoticias.com\/blog\/2025\/08\/25\/mexicana-de-aviacion-estrena-avion-embraer-e-195-en-ruta-del-aifa-a-tulum\/#primaryimage"},"image":{"@id":"https:\/\/www.bbmnoticias.com\/blog\/2025\/08\/25\/mexicana-de-aviacion-estrena-avion-embraer-e-195-en-ruta-del-aifa-a-tulum\/#primaryimage"},"thumbnailUrl":"https:\/\/www.bbmnoticias.com\/labravaradiofm\/wp-content\/uploads\/sites\/5\/2025\/08\/mexicana-de-aviacion-estrena-avion-embraer-e195-en-ruta-del-aifa-a-tulum.webp","datePublished":"2025-08-25T19:15:27+00:00","dateModified":"2025-08-25T19:15:34+00:00","author":{"@id":"https:\/\/www.bbmnoticias.com\/labravaradiofm\/#\/schema\/person\/857a3daf5c8142f29919023f377fbfad"},"breadcrumb":{"@id":"https:\/\/www.bbmnoticias.com\/blog\/2025\/08\/25\/mexicana-de-aviacion-estrena-avion-embraer-e-195-en-ruta-del-aifa-a-tulum\/#breadcrumb"},"inLanguage":"es","potentialAction":[{"@type":"ReadAction","target":["https:\/\/www.bbmnoticias.com\/blog\/2025\/08\/25\/mexicana-de-aviacion-estrena-avion-embraer-e-195-en-ruta-del-aifa-a-tulum\/"]}]},{"@type":"ImageObject","inLanguage":"es","@id":"https:\/\/www.bbmnoticias.com\/blog\/2025\/08\/25\/mexicana-de-aviacion-estrena-avion-embraer-e-195-en-ruta-del-aifa-a-tulum\/#primaryimage","url":"https:\/\/www.bbmnoticias.com\/labravaradiofm\/wp-content\/uploads\/sites\/5\/2025\/08\/mexicana-de-aviacion-estrena-avion-embraer-e195-en-ruta-del-aifa-a-tulum.webp","contentUrl":"https:\/\/www.bbmnoticias.com\/labravaradiofm\/wp-content\/uploads\/sites\/5\/2025\/08\/mexicana-de-aviacion-estrena-avion-embraer-e195-en-ruta-del-aifa-a-tulum.webp","width":1200,"height":800},{"@type":"BreadcrumbList","@id":"https:\/\/www.bbmnoticias.com\/blog\/2025\/08\/25\/mexicana-de-aviacion-estrena-avion-embraer-e-195-en-ruta-del-aifa-a-tulum\/#breadcrumb","itemListElement":[{"@type":"ListItem","position":1,"name":"Inicio","item":"https:\/\/www.bbmnoticias.com\/labravaradiofm\/"},{"@type":"ListItem","position":2,"name":"Mexicana de Aviaci\u00f3n estrena avi\u00f3n Embraer E-195 en ruta del AIFA a Tulum"}]},{"@type":"WebSite","@id":"https:\/\/www.bbmnoticias.com\/labravaradiofm\/#website","url":"https:\/\/www.bbmnoticias.com\/labravaradiofm\/","name":"LA BRAVA RADIO","description":"Empresa productora de medios, Radiodifusi\u00f3n, Noticias, tendencias y todo lo que necesitas saber de la pol\u00edtica mexicana e internacional; entretenimiento, espect\u00e1culos, salud y mucho m\u00e1s.","potentialAction":[{"@type":"SearchAction","target":{"@type":"EntryPoint","urlTemplate":"https:\/\/www.bbmnoticias.com\/labravaradiofm\/?s={search_term_string}"},"query-input":{"@type":"PropertyValueSpecification","valueRequired":true,"valueName":"search_term_string"}}],"inLanguage":"es"},{"@type":"Person","@id":"https:\/\/www.bbmnoticias.com\/labravaradiofm\/#\/schema\/person\/857a3daf5c8142f29919023f377fbfad","name":"Agencias","image":{"@type":"ImageObject","inLanguage":"es","@id":"https:\/\/secure.gravatar.com\/avatar\/739e0b61adf9e398b425c36718c8752286da0e8cd90f20ce9a86678abc26aa0d?s=96&d=mm&r=g","url":"https:\/\/secure.gravatar.com\/avatar\/739e0b61adf9e398b425c36718c8752286da0e8cd90f20ce9a86678abc26aa0d?s=96&d=mm&r=g","contentUrl":"https:\/\/secure.gravatar.com\/avatar\/739e0b61adf9e398b425c36718c8752286da0e8cd90f20ce9a86678abc26aa0d?s=96&d=mm&r=g","caption":"Agencias"},"url":"https:\/\/www.bbmnoticias.com\/labravaradiofm\/author\/agencias\/"}]}},"_links":{"self":[{"href":"https:\/\/www.bbmnoticias.com\/labravaradiofm\/wp-json\/wp\/v2\/posts\/65538","targetHints":{"allow":["GET"]}}],"collection":[{"href":"https:\/\/www.bbmnoticias.com\/labravaradiofm\/wp-json\/wp\/v2\/posts"}],"about":[{"href":"https:\/\/www.bbmnoticias.com\/labravaradiofm\/wp-json\/wp\/v2\/types\/post"}],"author":[{"embeddable":true,"href":"https:\/\/www.bbmnoticias.com\/labravaradiofm\/wp-json\/wp\/v2\/users\/4"}],"replies":[{"embeddable":true,"href":"https:\/\/www.bbmnoticias.com\/labravaradiofm\/wp-json\/wp\/v2\/comments?post=65538"}],"version-history":[{"count":0,"href":"https:\/\/www.bbmnoticias.com\/labravaradiofm\/wp-json\/wp\/v2\/posts\/65538\/revisions"}],"wp:featuredmedia":[{"embeddable":true,"href":"https:\/\/www.bbmnoticias.com\/labravaradiofm\/wp-json\/wp\/v2\/media\/65540"}],"wp:attachment":[{"href":"https:\/\/www.bbmnoticias.com\/labravaradiofm\/wp-json\/wp\/v2\/media?parent=65538"}],"wp:term":[{"taxonomy":"category","embeddable":true,"href":"https:\/\/www.bbmnoticias.com\/labravaradiofm\/wp-json\/wp\/v2\/categories?post=65538"},{"taxonomy":"post_tag","embeddable":true,"href":"https:\/\/www.bbmnoticias.com\/labravaradiofm\/wp-json\/wp\/v2\/tags?post=65538"}],"curies":[{"name":"wp","href":"https:\/\/api.w.org\/{rel}","templated":true}]}}