{"id":65535,"date":"2025-08-25T12:20:00","date_gmt":"2025-08-25T18:20:00","guid":{"rendered":"https:\/\/www.bbmnoticias.com\/labravaradiofm\/2025\/08\/25\/con-desarrollo-incluyente-salomon-jara-genera-prosperidad-y-reduce-la-pobreza-en-oaxaca\/"},"modified":"2025-08-25T12:55:37","modified_gmt":"2025-08-25T18:55:37","slug":"con-desarrollo-incluyente-salomon-jara-genera-prosperidad-y-reduce-la-pobreza-en-oaxaca","status":"publish","type":"post","link":"https:\/\/www.bbmnoticias.com\/labravaradiofm\/2025\/08\/25\/con-desarrollo-incluyente-salomon-jara-genera-prosperidad-y-reduce-la-pobreza-en-oaxaca\/","title":{"rendered":"Con Desarrollo Incluyente, Salom\u00f3n Jara genera prosperidad y reduce la pobreza en Oaxaca"},"content":{"rendered":"<div style=\"margin-top: 0px; margin-bottom: 0px;\" class=\"sharethis-inline-share-buttons\" ><\/div>\n<p><strong>Oaxaca de Ju\u00e1rez, Oax.- <\/strong>El Gobernador Salom\u00f3n Jara Cruz expuso que<strong>, <\/strong>en los \u00faltimos dos a\u00f1os, su administraci\u00f3n ha logrado reducirla pobreza en el estado; mediante cinco ejes de trabajo, entre ellos, Desarrollo Incluyente en los rubros econ\u00f3mico, agropecuario y tur\u00edstico.<\/p>\n\n\n\n<p>De esta manera, el Mandatario estatal expuso que, de 2022 a 2024, ha incrementado el ingreso en los hogares oaxaque\u00f1os, con mejores remuneraciones; adem\u00e1s, ha crecido la actividad industrial, las exportaciones y la derrama econ\u00f3mica asociada al turismo; al igual que la producci\u00f3n agr\u00edcola y pecuaria.<\/p>\n\n\n\n<p>Y no solo eso, tambi\u00e9n, mejor\u00f3 la ubicaci\u00f3n de Oaxaca en materia de competitividad y en la actividad econ\u00f3mica se posicion\u00f3 como el estado con mayor crecimiento de la regi\u00f3n sur sureste del pa\u00eds.<\/p>\n\n\n\n<p>\u201cEstos logros y avances ratifican que el Gobierno del Estado est\u00e1 cumpliendo su compromiso con el bienestar del pueblo; nos pone muy contentos y nos compromete a seguir trabajando con mayor intensidad.\u201d afirm\u00f3 Jara Cruz, durante la conferencia de prensa en Palacio de Gobierno.<\/p>\n\n\n\n<p>En la Primavera Oaxaque\u00f1a, el Producto Interno Bruto (PIB) del estado aument\u00f3 6.9 por ciento; lo que lo situ\u00f3 como el segundo del pa\u00eds con mayor crecimiento. Esto es fruto del alza en 30.8 por ciento en actividad industrial y 10.4 en el acumulado en exportaciones. De 2022 a 2024, la econom\u00eda de Oaxaca registra un crecimiento acumulado de 13.8 por ciento.<\/p>\n\n\n\n<p>El titular de la Secretar\u00eda de Desarrollo Econ\u00f3mico (Sedeco), Ra\u00fal Ruiz Robles inform\u00f3 que, adem\u00e1s, se han otorgado m\u00e1s de mil 80 millones de pesos en cr\u00e9dito a personas emprendedoras; se han registrado 21 mil 315 vinculaciones a empleos; 332 mil 541 personas han sido atendidos a trav\u00e9s de los diferentes programas econ\u00f3micos estatales, en 536 municipios.<\/p>\n\n\n\n<p>Se han formado para el trabajo seguro y especializado 106 mil 933 personas, de las cuales, el 83 por ciento son mujeres; asimismo, se han acercado servicios estrat\u00e9gicos a 24 mil 40 empresas.<\/p>\n\n\n\n<p>En tanto, el titular de la Secretar\u00eda de Fomento Agroalimentario y Desarrollo Rural (Sefader) Victor L\u00f3pez Leyva dio a conocer que, con una inversi\u00f3n hist\u00f3rica en el campo oaxaque\u00f1o, este gobierno ha destinado 2 mil 110 millones de pesos para mejorar la producci\u00f3n y alcanzar la autosuficiencia alimentaria.<\/p>\n\n\n\n<p>Esta estrategia ha dado resultado con el cultivo, al cierre de 2024, de 771 mil toneladas de ma\u00edz; lo que representa el 90 por ciento del volumen requerido para abastecer la demanda estatal de consumo.<\/p>\n\n\n\n<p>El Gobernador implementa en diferentes municipios del estado, programas como:&nbsp; Abasto Seguro de Ma\u00edz, Autosuficiencia Alimentaria, Agronegocios, Sanidad e Inocuidad Agroalimentaria, Servicios Ambientales, entre otros.<\/p>\n\n\n\n<p>Con este esquema, el valor de las producciones agr\u00edcolas y pecuarias de Oaxaca han crecido en 9 y 12.7 por ciento, respectivamente, en comparaci\u00f3n con lo registrado en el a\u00f1o 2022 cuando inici\u00f3 este gobierno.<\/p>\n\n\n\n<p>La titular de la Secretar\u00eda de Turismo del Estado (Sectur Oaxaca), Saymi Pineda Velasco destac\u00f3 que de 2022 a 2024, la derrama econ\u00f3mica generada por las y los visitantes tuvo una tasa media de crecimiento de 18.56 por ciento.<\/p>\n\n\n\n<p>Detall\u00f3 que, enero a julio de 2025, la ocupaci\u00f3n hotelera a nivel estatal tuvo un promedio de 43.81 por ciento con la llegada de 3 millones 553 mil 739 turistas, que generaron una derrama econ\u00f3mica estimada en 13 mil 670 millones de pesos; que es superior en comparaci\u00f3n con el mismo periodo de 2024.<\/p>\n\n\n\n<p>Respecto a la conectividad a\u00e9rea, el tr\u00e1fico creci\u00f3 3 por ciento de enero a julio de 2025, con 62 mil 164 pasajeros adicionales, alcanzando la atenci\u00f3n de 2 millones 129 mil 837 pasajeros en las cuatro terminales a\u00e9reas del estado.<\/p>\n\n\n\n<p>La reducci\u00f3n de la pobreza en m\u00e1s de 6 puntos, de acuerdo con cifras del Inegi, es producto de una estrategia integral compuesta por los otros cuatro ejes: Gobierno de Territorio, Cercano a Pueblos y Comunidades; Construcci\u00f3n de Seguridad, Paz y Gobernabilidad; Pol\u00edtica de Bienestar y Programas Sociales Propios; y el Manejo Eficiente y Responsable de las Finanzas P\u00fablicas.<\/p>\n","protected":false},"excerpt":{"rendered":"<p>Oaxaca de Ju\u00e1rez, Oax.- El Gobernador Salom\u00f3n Jara Cruz expuso que, en los \u00faltimos dos a\u00f1os, su administraci\u00f3n ha logrado reducirla pobreza en el estado; mediante cinco ejes de trabajo, entre ellos, Desarrollo Incluyente en los rubros econ\u00f3mico, agropecuario y tur\u00edstico. De esta manera, el Mandatario estatal expuso que, de 2022 a 2024, ha incrementado [&hellip;]<\/p>\n","protected":false},"author":2,"featured_media":65537,"comment_status":"closed","ping_status":"","sticky":false,"template":"","format":"standard","meta":{"footnotes":""},"categories":[2],"tags":[],"class_list":{"0":"post-65535","1":"post","2":"type-post","3":"status-publish","4":"format-standard","5":"has-post-thumbnail","7":"category-oaxaca"},"yoast_head":"<!-- This site is optimized with the Yoast SEO plugin v27.4 - https:\/\/yoast.com\/product\/yoast-seo-wordpress\/ -->\n<title>Con Desarrollo Incluyente, Salom\u00f3n Jara genera prosperidad y reduce la pobreza en Oaxaca - LA BRAVA RADIO<\/title>\n<meta name=\"robots\" content=\"index, follow, max-snippet:-1, max-image-preview:large, max-video-preview:-1\" \/>\n<link rel=\"canonical\" href=\"https:\/\/www.bbmnoticias.com\/blog\/2025\/08\/25\/con-desarrollo-incluyente-salomon-jara-genera-prosperidad-y-reduce-la-pobreza-en-oaxaca\/\" \/>\n<meta property=\"og:locale\" content=\"es_MX\" \/>\n<meta property=\"og:type\" content=\"article\" \/>\n<meta property=\"og:title\" content=\"Con Desarrollo Incluyente, Salom\u00f3n Jara genera prosperidad y reduce la pobreza en Oaxaca - LA BRAVA RADIO\" \/>\n<meta property=\"og:description\" content=\"Oaxaca de Ju\u00e1rez, Oax.- El Gobernador Salom\u00f3n Jara Cruz expuso que, en los \u00faltimos dos a\u00f1os, su administraci\u00f3n ha logrado reducirla pobreza en el estado; mediante cinco ejes de trabajo, entre ellos, Desarrollo Incluyente en los rubros econ\u00f3mico, agropecuario y tur\u00edstico. De esta manera, el Mandatario estatal expuso que, de 2022 a 2024, ha incrementado [&hellip;]\" \/>\n<meta property=\"og:url\" content=\"https:\/\/www.bbmnoticias.com\/blog\/2025\/08\/25\/con-desarrollo-incluyente-salomon-jara-genera-prosperidad-y-reduce-la-pobreza-en-oaxaca\/\" \/>\n<meta property=\"og:site_name\" content=\"LA BRAVA RADIO\" \/>\n<meta property=\"article:published_time\" content=\"2025-08-25T18:20:00+00:00\" \/>\n<meta property=\"article:modified_time\" content=\"2025-08-25T18:55:37+00:00\" \/>\n<meta property=\"og:image\" content=\"https:\/\/www.bbmnoticias.com\/labravaradiofm\/wp-content\/uploads\/sites\/5\/2025\/08\/conferencia_oaxaca.jpg\" \/>\n\t<meta property=\"og:image:width\" content=\"800\" \/>\n\t<meta property=\"og:image:height\" content=\"532\" \/>\n\t<meta property=\"og:image:type\" content=\"image\/jpeg\" \/>\n<meta name=\"author\" content=\"Staff\" \/>\n<meta name=\"twitter:card\" content=\"summary_large_image\" \/>\n<meta name=\"twitter:label1\" content=\"Escrito por\" \/>\n\t<meta name=\"twitter:data1\" content=\"Staff\" \/>\n\t<meta name=\"twitter:label2\" content=\"Tiempo de lectura\" \/>\n\t<meta name=\"twitter:data2\" content=\"3 minutos\" \/>\n<script type=\"application\/ld+json\" class=\"yoast-schema-graph\">{\"@context\":\"https:\\\/\\\/schema.org\",\"@graph\":[{\"@type\":\"Article\",\"@id\":\"https:\\\/\\\/www.bbmnoticias.com\\\/blog\\\/2025\\\/08\\\/25\\\/con-desarrollo-incluyente-salomon-jara-genera-prosperidad-y-reduce-la-pobreza-en-oaxaca\\\/#article\",\"isPartOf\":{\"@id\":\"https:\\\/\\\/www.bbmnoticias.com\\\/labravaradiofm\\\/2025\\\/08\\\/25\\\/con-desarrollo-incluyente-salomon-jara-genera-prosperidad-y-reduce-la-pobreza-en-oaxaca\\\/\"},\"author\":{\"name\":\"Staff\",\"@id\":\"https:\\\/\\\/www.bbmnoticias.com\\\/labravaradiofm\\\/#\\\/schema\\\/person\\\/34b139c617a70ea5bef5678bffe4dd7b\"},\"headline\":\"Con Desarrollo Incluyente, Salom\u00f3n Jara genera prosperidad y reduce la pobreza en Oaxaca\",\"datePublished\":\"2025-08-25T18:20:00+00:00\",\"dateModified\":\"2025-08-25T18:55:37+00:00\",\"mainEntityOfPage\":{\"@id\":\"https:\\\/\\\/www.bbmnoticias.com\\\/labravaradiofm\\\/2025\\\/08\\\/25\\\/con-desarrollo-incluyente-salomon-jara-genera-prosperidad-y-reduce-la-pobreza-en-oaxaca\\\/\"},\"wordCount\":675,\"image\":{\"@id\":\"https:\\\/\\\/www.bbmnoticias.com\\\/blog\\\/2025\\\/08\\\/25\\\/con-desarrollo-incluyente-salomon-jara-genera-prosperidad-y-reduce-la-pobreza-en-oaxaca\\\/#primaryimage\"},\"thumbnailUrl\":\"https:\\\/\\\/www.bbmnoticias.com\\\/labravaradiofm\\\/wp-content\\\/uploads\\\/sites\\\/5\\\/2025\\\/08\\\/conferencia_oaxaca.jpg\",\"articleSection\":[\"LOCAL\"],\"inLanguage\":\"es\"},{\"@type\":\"WebPage\",\"@id\":\"https:\\\/\\\/www.bbmnoticias.com\\\/labravaradiofm\\\/2025\\\/08\\\/25\\\/con-desarrollo-incluyente-salomon-jara-genera-prosperidad-y-reduce-la-pobreza-en-oaxaca\\\/\",\"url\":\"https:\\\/\\\/www.bbmnoticias.com\\\/blog\\\/2025\\\/08\\\/25\\\/con-desarrollo-incluyente-salomon-jara-genera-prosperidad-y-reduce-la-pobreza-en-oaxaca\\\/\",\"name\":\"Con Desarrollo Incluyente, Salom\u00f3n Jara genera prosperidad y reduce la pobreza en Oaxaca - LA BRAVA RADIO\",\"isPartOf\":{\"@id\":\"https:\\\/\\\/www.bbmnoticias.com\\\/labravaradiofm\\\/#website\"},\"primaryImageOfPage\":{\"@id\":\"https:\\\/\\\/www.bbmnoticias.com\\\/blog\\\/2025\\\/08\\\/25\\\/con-desarrollo-incluyente-salomon-jara-genera-prosperidad-y-reduce-la-pobreza-en-oaxaca\\\/#primaryimage\"},\"image\":{\"@id\":\"https:\\\/\\\/www.bbmnoticias.com\\\/blog\\\/2025\\\/08\\\/25\\\/con-desarrollo-incluyente-salomon-jara-genera-prosperidad-y-reduce-la-pobreza-en-oaxaca\\\/#primaryimage\"},\"thumbnailUrl\":\"https:\\\/\\\/www.bbmnoticias.com\\\/labravaradiofm\\\/wp-content\\\/uploads\\\/sites\\\/5\\\/2025\\\/08\\\/conferencia_oaxaca.jpg\",\"datePublished\":\"2025-08-25T18:20:00+00:00\",\"dateModified\":\"2025-08-25T18:55:37+00:00\",\"author\":{\"@id\":\"https:\\\/\\\/www.bbmnoticias.com\\\/labravaradiofm\\\/#\\\/schema\\\/person\\\/34b139c617a70ea5bef5678bffe4dd7b\"},\"breadcrumb\":{\"@id\":\"https:\\\/\\\/www.bbmnoticias.com\\\/blog\\\/2025\\\/08\\\/25\\\/con-desarrollo-incluyente-salomon-jara-genera-prosperidad-y-reduce-la-pobreza-en-oaxaca\\\/#breadcrumb\"},\"inLanguage\":\"es\",\"potentialAction\":[{\"@type\":\"ReadAction\",\"target\":[\"https:\\\/\\\/www.bbmnoticias.com\\\/blog\\\/2025\\\/08\\\/25\\\/con-desarrollo-incluyente-salomon-jara-genera-prosperidad-y-reduce-la-pobreza-en-oaxaca\\\/\"]}]},{\"@type\":\"ImageObject\",\"inLanguage\":\"es\",\"@id\":\"https:\\\/\\\/www.bbmnoticias.com\\\/blog\\\/2025\\\/08\\\/25\\\/con-desarrollo-incluyente-salomon-jara-genera-prosperidad-y-reduce-la-pobreza-en-oaxaca\\\/#primaryimage\",\"url\":\"https:\\\/\\\/www.bbmnoticias.com\\\/labravaradiofm\\\/wp-content\\\/uploads\\\/sites\\\/5\\\/2025\\\/08\\\/conferencia_oaxaca.jpg\",\"contentUrl\":\"https:\\\/\\\/www.bbmnoticias.com\\\/labravaradiofm\\\/wp-content\\\/uploads\\\/sites\\\/5\\\/2025\\\/08\\\/conferencia_oaxaca.jpg\",\"width\":800,\"height\":532},{\"@type\":\"BreadcrumbList\",\"@id\":\"https:\\\/\\\/www.bbmnoticias.com\\\/blog\\\/2025\\\/08\\\/25\\\/con-desarrollo-incluyente-salomon-jara-genera-prosperidad-y-reduce-la-pobreza-en-oaxaca\\\/#breadcrumb\",\"itemListElement\":[{\"@type\":\"ListItem\",\"position\":1,\"name\":\"Inicio\",\"item\":\"https:\\\/\\\/www.bbmnoticias.com\\\/labravaradiofm\\\/\"},{\"@type\":\"ListItem\",\"position\":2,\"name\":\"Con Desarrollo Incluyente, Salom\u00f3n Jara genera prosperidad y reduce la pobreza en Oaxaca\"}]},{\"@type\":\"WebSite\",\"@id\":\"https:\\\/\\\/www.bbmnoticias.com\\\/labravaradiofm\\\/#website\",\"url\":\"https:\\\/\\\/www.bbmnoticias.com\\\/labravaradiofm\\\/\",\"name\":\"LA BRAVA RADIO\",\"description\":\"Empresa productora de medios, Radiodifusi\u00f3n, Noticias, tendencias y todo lo que necesitas saber de la pol\u00edtica mexicana e internacional; entretenimiento, espect\u00e1culos, salud y mucho m\u00e1s.\",\"potentialAction\":[{\"@type\":\"SearchAction\",\"target\":{\"@type\":\"EntryPoint\",\"urlTemplate\":\"https:\\\/\\\/www.bbmnoticias.com\\\/labravaradiofm\\\/?s={search_term_string}\"},\"query-input\":{\"@type\":\"PropertyValueSpecification\",\"valueRequired\":true,\"valueName\":\"search_term_string\"}}],\"inLanguage\":\"es\"},{\"@type\":\"Person\",\"@id\":\"https:\\\/\\\/www.bbmnoticias.com\\\/labravaradiofm\\\/#\\\/schema\\\/person\\\/34b139c617a70ea5bef5678bffe4dd7b\",\"name\":\"Staff\",\"image\":{\"@type\":\"ImageObject\",\"inLanguage\":\"es\",\"@id\":\"https:\\\/\\\/secure.gravatar.com\\\/avatar\\\/fdd21ad66fd8b98c407f9dee5b5e588cfe7f0d8579ec20fa6527cd59bab7f0f0?s=96&d=mm&r=g\",\"url\":\"https:\\\/\\\/secure.gravatar.com\\\/avatar\\\/fdd21ad66fd8b98c407f9dee5b5e588cfe7f0d8579ec20fa6527cd59bab7f0f0?s=96&d=mm&r=g\",\"contentUrl\":\"https:\\\/\\\/secure.gravatar.com\\\/avatar\\\/fdd21ad66fd8b98c407f9dee5b5e588cfe7f0d8579ec20fa6527cd59bab7f0f0?s=96&d=mm&r=g\",\"caption\":\"Staff\"},\"url\":\"https:\\\/\\\/www.bbmnoticias.com\\\/labravaradiofm\\\/author\\\/redaccion\\\/\"}]}<\/script>\n<!-- \/ Yoast SEO plugin. -->","yoast_head_json":{"title":"Con Desarrollo Incluyente, Salom\u00f3n Jara genera prosperidad y reduce la pobreza en Oaxaca - LA BRAVA RADIO","robots":{"index":"index","follow":"follow","max-snippet":"max-snippet:-1","max-image-preview":"max-image-preview:large","max-video-preview":"max-video-preview:-1"},"canonical":"https:\/\/www.bbmnoticias.com\/blog\/2025\/08\/25\/con-desarrollo-incluyente-salomon-jara-genera-prosperidad-y-reduce-la-pobreza-en-oaxaca\/","og_locale":"es_MX","og_type":"article","og_title":"Con Desarrollo Incluyente, Salom\u00f3n Jara genera prosperidad y reduce la pobreza en Oaxaca - LA BRAVA RADIO","og_description":"Oaxaca de Ju\u00e1rez, Oax.- El Gobernador Salom\u00f3n Jara Cruz expuso que, en los \u00faltimos dos a\u00f1os, su administraci\u00f3n ha logrado reducirla pobreza en el estado; mediante cinco ejes de trabajo, entre ellos, Desarrollo Incluyente en los rubros econ\u00f3mico, agropecuario y tur\u00edstico. De esta manera, el Mandatario estatal expuso que, de 2022 a 2024, ha incrementado [&hellip;]","og_url":"https:\/\/www.bbmnoticias.com\/blog\/2025\/08\/25\/con-desarrollo-incluyente-salomon-jara-genera-prosperidad-y-reduce-la-pobreza-en-oaxaca\/","og_site_name":"LA BRAVA RADIO","article_published_time":"2025-08-25T18:20:00+00:00","article_modified_time":"2025-08-25T18:55:37+00:00","og_image":[{"width":800,"height":532,"url":"https:\/\/www.bbmnoticias.com\/labravaradiofm\/wp-content\/uploads\/sites\/5\/2025\/08\/conferencia_oaxaca.jpg","type":"image\/jpeg"}],"author":"Staff","twitter_card":"summary_large_image","twitter_misc":{"Escrito por":"Staff","Tiempo de lectura":"3 minutos"},"schema":{"@context":"https:\/\/schema.org","@graph":[{"@type":"Article","@id":"https:\/\/www.bbmnoticias.com\/blog\/2025\/08\/25\/con-desarrollo-incluyente-salomon-jara-genera-prosperidad-y-reduce-la-pobreza-en-oaxaca\/#article","isPartOf":{"@id":"https:\/\/www.bbmnoticias.com\/labravaradiofm\/2025\/08\/25\/con-desarrollo-incluyente-salomon-jara-genera-prosperidad-y-reduce-la-pobreza-en-oaxaca\/"},"author":{"name":"Staff","@id":"https:\/\/www.bbmnoticias.com\/labravaradiofm\/#\/schema\/person\/34b139c617a70ea5bef5678bffe4dd7b"},"headline":"Con Desarrollo Incluyente, Salom\u00f3n Jara genera prosperidad y reduce la pobreza en Oaxaca","datePublished":"2025-08-25T18:20:00+00:00","dateModified":"2025-08-25T18:55:37+00:00","mainEntityOfPage":{"@id":"https:\/\/www.bbmnoticias.com\/labravaradiofm\/2025\/08\/25\/con-desarrollo-incluyente-salomon-jara-genera-prosperidad-y-reduce-la-pobreza-en-oaxaca\/"},"wordCount":675,"image":{"@id":"https:\/\/www.bbmnoticias.com\/blog\/2025\/08\/25\/con-desarrollo-incluyente-salomon-jara-genera-prosperidad-y-reduce-la-pobreza-en-oaxaca\/#primaryimage"},"thumbnailUrl":"https:\/\/www.bbmnoticias.com\/labravaradiofm\/wp-content\/uploads\/sites\/5\/2025\/08\/conferencia_oaxaca.jpg","articleSection":["LOCAL"],"inLanguage":"es"},{"@type":"WebPage","@id":"https:\/\/www.bbmnoticias.com\/labravaradiofm\/2025\/08\/25\/con-desarrollo-incluyente-salomon-jara-genera-prosperidad-y-reduce-la-pobreza-en-oaxaca\/","url":"https:\/\/www.bbmnoticias.com\/blog\/2025\/08\/25\/con-desarrollo-incluyente-salomon-jara-genera-prosperidad-y-reduce-la-pobreza-en-oaxaca\/","name":"Con Desarrollo Incluyente, Salom\u00f3n Jara genera prosperidad y reduce la pobreza en Oaxaca - LA BRAVA RADIO","isPartOf":{"@id":"https:\/\/www.bbmnoticias.com\/labravaradiofm\/#website"},"primaryImageOfPage":{"@id":"https:\/\/www.bbmnoticias.com\/blog\/2025\/08\/25\/con-desarrollo-incluyente-salomon-jara-genera-prosperidad-y-reduce-la-pobreza-en-oaxaca\/#primaryimage"},"image":{"@id":"https:\/\/www.bbmnoticias.com\/blog\/2025\/08\/25\/con-desarrollo-incluyente-salomon-jara-genera-prosperidad-y-reduce-la-pobreza-en-oaxaca\/#primaryimage"},"thumbnailUrl":"https:\/\/www.bbmnoticias.com\/labravaradiofm\/wp-content\/uploads\/sites\/5\/2025\/08\/conferencia_oaxaca.jpg","datePublished":"2025-08-25T18:20:00+00:00","dateModified":"2025-08-25T18:55:37+00:00","author":{"@id":"https:\/\/www.bbmnoticias.com\/labravaradiofm\/#\/schema\/person\/34b139c617a70ea5bef5678bffe4dd7b"},"breadcrumb":{"@id":"https:\/\/www.bbmnoticias.com\/blog\/2025\/08\/25\/con-desarrollo-incluyente-salomon-jara-genera-prosperidad-y-reduce-la-pobreza-en-oaxaca\/#breadcrumb"},"inLanguage":"es","potentialAction":[{"@type":"ReadAction","target":["https:\/\/www.bbmnoticias.com\/blog\/2025\/08\/25\/con-desarrollo-incluyente-salomon-jara-genera-prosperidad-y-reduce-la-pobreza-en-oaxaca\/"]}]},{"@type":"ImageObject","inLanguage":"es","@id":"https:\/\/www.bbmnoticias.com\/blog\/2025\/08\/25\/con-desarrollo-incluyente-salomon-jara-genera-prosperidad-y-reduce-la-pobreza-en-oaxaca\/#primaryimage","url":"https:\/\/www.bbmnoticias.com\/labravaradiofm\/wp-content\/uploads\/sites\/5\/2025\/08\/conferencia_oaxaca.jpg","contentUrl":"https:\/\/www.bbmnoticias.com\/labravaradiofm\/wp-content\/uploads\/sites\/5\/2025\/08\/conferencia_oaxaca.jpg","width":800,"height":532},{"@type":"BreadcrumbList","@id":"https:\/\/www.bbmnoticias.com\/blog\/2025\/08\/25\/con-desarrollo-incluyente-salomon-jara-genera-prosperidad-y-reduce-la-pobreza-en-oaxaca\/#breadcrumb","itemListElement":[{"@type":"ListItem","position":1,"name":"Inicio","item":"https:\/\/www.bbmnoticias.com\/labravaradiofm\/"},{"@type":"ListItem","position":2,"name":"Con Desarrollo Incluyente, Salom\u00f3n Jara genera prosperidad y reduce la pobreza en Oaxaca"}]},{"@type":"WebSite","@id":"https:\/\/www.bbmnoticias.com\/labravaradiofm\/#website","url":"https:\/\/www.bbmnoticias.com\/labravaradiofm\/","name":"LA BRAVA RADIO","description":"Empresa productora de medios, Radiodifusi\u00f3n, Noticias, tendencias y todo lo que necesitas saber de la pol\u00edtica mexicana e internacional; entretenimiento, espect\u00e1culos, salud y mucho m\u00e1s.","potentialAction":[{"@type":"SearchAction","target":{"@type":"EntryPoint","urlTemplate":"https:\/\/www.bbmnoticias.com\/labravaradiofm\/?s={search_term_string}"},"query-input":{"@type":"PropertyValueSpecification","valueRequired":true,"valueName":"search_term_string"}}],"inLanguage":"es"},{"@type":"Person","@id":"https:\/\/www.bbmnoticias.com\/labravaradiofm\/#\/schema\/person\/34b139c617a70ea5bef5678bffe4dd7b","name":"Staff","image":{"@type":"ImageObject","inLanguage":"es","@id":"https:\/\/secure.gravatar.com\/avatar\/fdd21ad66fd8b98c407f9dee5b5e588cfe7f0d8579ec20fa6527cd59bab7f0f0?s=96&d=mm&r=g","url":"https:\/\/secure.gravatar.com\/avatar\/fdd21ad66fd8b98c407f9dee5b5e588cfe7f0d8579ec20fa6527cd59bab7f0f0?s=96&d=mm&r=g","contentUrl":"https:\/\/secure.gravatar.com\/avatar\/fdd21ad66fd8b98c407f9dee5b5e588cfe7f0d8579ec20fa6527cd59bab7f0f0?s=96&d=mm&r=g","caption":"Staff"},"url":"https:\/\/www.bbmnoticias.com\/labravaradiofm\/author\/redaccion\/"}]}},"_links":{"self":[{"href":"https:\/\/www.bbmnoticias.com\/labravaradiofm\/wp-json\/wp\/v2\/posts\/65535","targetHints":{"allow":["GET"]}}],"collection":[{"href":"https:\/\/www.bbmnoticias.com\/labravaradiofm\/wp-json\/wp\/v2\/posts"}],"about":[{"href":"https:\/\/www.bbmnoticias.com\/labravaradiofm\/wp-json\/wp\/v2\/types\/post"}],"author":[{"embeddable":true,"href":"https:\/\/www.bbmnoticias.com\/labravaradiofm\/wp-json\/wp\/v2\/users\/2"}],"replies":[{"embeddable":true,"href":"https:\/\/www.bbmnoticias.com\/labravaradiofm\/wp-json\/wp\/v2\/comments?post=65535"}],"version-history":[{"count":0,"href":"https:\/\/www.bbmnoticias.com\/labravaradiofm\/wp-json\/wp\/v2\/posts\/65535\/revisions"}],"wp:featuredmedia":[{"embeddable":true,"href":"https:\/\/www.bbmnoticias.com\/labravaradiofm\/wp-json\/wp\/v2\/media\/65537"}],"wp:attachment":[{"href":"https:\/\/www.bbmnoticias.com\/labravaradiofm\/wp-json\/wp\/v2\/media?parent=65535"}],"wp:term":[{"taxonomy":"category","embeddable":true,"href":"https:\/\/www.bbmnoticias.com\/labravaradiofm\/wp-json\/wp\/v2\/categories?post=65535"},{"taxonomy":"post_tag","embeddable":true,"href":"https:\/\/www.bbmnoticias.com\/labravaradiofm\/wp-json\/wp\/v2\/tags?post=65535"}],"curies":[{"name":"wp","href":"https:\/\/api.w.org\/{rel}","templated":true}]}}