{"id":6551,"date":"2021-12-02T12:56:27","date_gmt":"2021-12-02T18:56:27","guid":{"rendered":"https:\/\/www.bbmnoticias.com\/labravaradiofm\/?p=6551"},"modified":"2021-12-02T12:56:28","modified_gmt":"2021-12-02T18:56:28","slug":"asaltan-joyeria-oro-de-monte-alban-frente-a-santo-domingo","status":"publish","type":"post","link":"https:\/\/www.bbmnoticias.com\/labravaradiofm\/2021\/12\/02\/asaltan-joyeria-oro-de-monte-alban-frente-a-santo-domingo\/","title":{"rendered":"Asaltan joyer\u00eda Oro de Monte Alb\u00e1n, frente a Santo Domingo"},"content":{"rendered":"<div style=\"margin-top: 0px; margin-bottom: 0px;\" class=\"sharethis-inline-share-buttons\" ><\/div>\n<p>OAXACA, Oax., 2 de diciembre de 2021. \u2013 La joyer\u00eda Oro de Monte Alb\u00e1n, una de las m\u00e1s antiguas de la ciudad de Oaxaca, fue asaltada este jueves.<\/p>\n\n\n\n<p>La joyer\u00eda est\u00e1 ubicada frente al templo de Santo Domingo, en el andador tur\u00edstico de la ciudad de Oaxaca.<\/p>\n\n\n\n<p>La calle de Macedonio Alcal\u00e1 es una de las calles m\u00e1s c\u00e9ntricas, y se supone m\u00e1s seguras, aunque la desastroza administraci\u00f3n de Oswaldo Garc\u00eda Jarqu\u00edn ha dejado estos saldos.<\/p>\n\n\n\n<p>Dos individuos ingresaron a esta negociaci\u00f3n y sustrajeron diversos objetos, que personal de la Fiscal\u00eda est\u00e1 cuantificando.<\/p>\n\n\n\n<p>En la ciudad de Oaxaca ha sido un constante rumor la complicidad de la corporaci\u00f3n municipal con ladrones que despu\u00e9s huyen sin que nunca nadie los encuentre.<\/p>\n\n\n\n<p>Lo que se supo del asalto que dos personas entraron, amagando con un arma de fuego a un trabajador de la joyer\u00eda.<\/p>\n\n\n\n<p>Cristaleraron una de las vitrinas y huyeron, como si no hubiera pasado nada.<\/p>\n\n\n\n<p>En la ciudad de Oaxaca han aumentado el robo a personas y a negocios&nbsp; ante la falta de una estrategia de seguridad p\u00fablica por parte de las autoridades municipales.<\/p>\n","protected":false},"excerpt":{"rendered":"<p>OAXACA, Oax., 2 de diciembre de 2021. \u2013 La joyer\u00eda Oro de Monte Alb\u00e1n, una de las m\u00e1s antiguas de la ciudad de Oaxaca, fue asaltada este jueves. La joyer\u00eda est\u00e1 ubicada frente al templo de Santo Domingo, en el andador tur\u00edstico de la ciudad de Oaxaca. La calle de Macedonio Alcal\u00e1 es una de [&hellip;]<\/p>\n","protected":false},"author":5,"featured_media":6552,"comment_status":"closed","ping_status":"closed","sticky":false,"template":"","format":"standard","meta":{"footnotes":""},"categories":[20],"tags":[],"class_list":{"0":"post-6551","1":"post","2":"type-post","3":"status-publish","4":"format-standard","5":"has-post-thumbnail","7":"category-policiaca"},"yoast_head":"<!-- This site is optimized with the Yoast SEO plugin v27.4 - https:\/\/yoast.com\/product\/yoast-seo-wordpress\/ -->\n<title>Asaltan joyer\u00eda Oro de Monte Alb\u00e1n, frente a Santo Domingo - LA BRAVA RADIO<\/title>\n<meta name=\"robots\" content=\"index, follow, max-snippet:-1, max-image-preview:large, max-video-preview:-1\" \/>\n<link rel=\"canonical\" href=\"https:\/\/www.bbmnoticias.com\/labravaradiofm\/2021\/12\/02\/asaltan-joyeria-oro-de-monte-alban-frente-a-santo-domingo\/\" \/>\n<meta property=\"og:locale\" content=\"es_MX\" \/>\n<meta property=\"og:type\" content=\"article\" \/>\n<meta property=\"og:title\" content=\"Asaltan joyer\u00eda Oro de Monte Alb\u00e1n, frente a Santo Domingo - LA BRAVA RADIO\" \/>\n<meta property=\"og:description\" content=\"OAXACA, Oax., 2 de diciembre de 2021. \u2013 La joyer\u00eda Oro de Monte Alb\u00e1n, una de las m\u00e1s antiguas de la ciudad de Oaxaca, fue asaltada este jueves. La joyer\u00eda est\u00e1 ubicada frente al templo de Santo Domingo, en el andador tur\u00edstico de la ciudad de Oaxaca. La calle de Macedonio Alcal\u00e1 es una de [&hellip;]\" \/>\n<meta property=\"og:url\" content=\"https:\/\/www.bbmnoticias.com\/labravaradiofm\/2021\/12\/02\/asaltan-joyeria-oro-de-monte-alban-frente-a-santo-domingo\/\" \/>\n<meta property=\"og:site_name\" content=\"LA BRAVA RADIO\" \/>\n<meta property=\"article:published_time\" content=\"2021-12-02T18:56:27+00:00\" \/>\n<meta property=\"article:modified_time\" content=\"2021-12-02T18:56:28+00:00\" \/>\n<meta property=\"og:image\" content=\"https:\/\/www.bbmnoticias.com\/labravaradiofm\/wp-content\/uploads\/sites\/5\/2021\/12\/joyeria-oro-montealban.jpg\" \/>\n\t<meta property=\"og:image:width\" content=\"1024\" \/>\n\t<meta property=\"og:image:height\" content=\"576\" \/>\n\t<meta property=\"og:image:type\" content=\"image\/jpeg\" \/>\n<meta name=\"author\" content=\"Quadratin\" \/>\n<meta name=\"twitter:card\" content=\"summary_large_image\" \/>\n<meta name=\"twitter:label1\" content=\"Escrito por\" \/>\n\t<meta name=\"twitter:data1\" content=\"Quadratin\" \/>\n\t<meta name=\"twitter:label2\" content=\"Tiempo de lectura\" \/>\n\t<meta name=\"twitter:data2\" content=\"1 minuto\" \/>\n<script type=\"application\/ld+json\" class=\"yoast-schema-graph\">{\"@context\":\"https:\\\/\\\/schema.org\",\"@graph\":[{\"@type\":\"Article\",\"@id\":\"https:\\\/\\\/www.bbmnoticias.com\\\/labravaradiofm\\\/2021\\\/12\\\/02\\\/asaltan-joyeria-oro-de-monte-alban-frente-a-santo-domingo\\\/#article\",\"isPartOf\":{\"@id\":\"https:\\\/\\\/www.bbmnoticias.com\\\/labravaradiofm\\\/2021\\\/12\\\/02\\\/asaltan-joyeria-oro-de-monte-alban-frente-a-santo-domingo\\\/\"},\"author\":{\"name\":\"Quadratin\",\"@id\":\"https:\\\/\\\/www.bbmnoticias.com\\\/labravaradiofm\\\/#\\\/schema\\\/person\\\/c316b6f6c03640cce5d9482ba5a8e5c2\"},\"headline\":\"Asaltan joyer\u00eda Oro de Monte Alb\u00e1n, frente a Santo Domingo\",\"datePublished\":\"2021-12-02T18:56:27+00:00\",\"dateModified\":\"2021-12-02T18:56:28+00:00\",\"mainEntityOfPage\":{\"@id\":\"https:\\\/\\\/www.bbmnoticias.com\\\/labravaradiofm\\\/2021\\\/12\\\/02\\\/asaltan-joyeria-oro-de-monte-alban-frente-a-santo-domingo\\\/\"},\"wordCount\":211,\"image\":{\"@id\":\"https:\\\/\\\/www.bbmnoticias.com\\\/labravaradiofm\\\/2021\\\/12\\\/02\\\/asaltan-joyeria-oro-de-monte-alban-frente-a-santo-domingo\\\/#primaryimage\"},\"thumbnailUrl\":\"https:\\\/\\\/www.bbmnoticias.com\\\/labravaradiofm\\\/wp-content\\\/uploads\\\/sites\\\/5\\\/2021\\\/12\\\/joyeria-oro-montealban.jpg\",\"articleSection\":[\"POLICIACA\"],\"inLanguage\":\"es\"},{\"@type\":\"WebPage\",\"@id\":\"https:\\\/\\\/www.bbmnoticias.com\\\/labravaradiofm\\\/2021\\\/12\\\/02\\\/asaltan-joyeria-oro-de-monte-alban-frente-a-santo-domingo\\\/\",\"url\":\"https:\\\/\\\/www.bbmnoticias.com\\\/labravaradiofm\\\/2021\\\/12\\\/02\\\/asaltan-joyeria-oro-de-monte-alban-frente-a-santo-domingo\\\/\",\"name\":\"Asaltan joyer\u00eda Oro de Monte Alb\u00e1n, frente a Santo Domingo - LA BRAVA RADIO\",\"isPartOf\":{\"@id\":\"https:\\\/\\\/www.bbmnoticias.com\\\/labravaradiofm\\\/#website\"},\"primaryImageOfPage\":{\"@id\":\"https:\\\/\\\/www.bbmnoticias.com\\\/labravaradiofm\\\/2021\\\/12\\\/02\\\/asaltan-joyeria-oro-de-monte-alban-frente-a-santo-domingo\\\/#primaryimage\"},\"image\":{\"@id\":\"https:\\\/\\\/www.bbmnoticias.com\\\/labravaradiofm\\\/2021\\\/12\\\/02\\\/asaltan-joyeria-oro-de-monte-alban-frente-a-santo-domingo\\\/#primaryimage\"},\"thumbnailUrl\":\"https:\\\/\\\/www.bbmnoticias.com\\\/labravaradiofm\\\/wp-content\\\/uploads\\\/sites\\\/5\\\/2021\\\/12\\\/joyeria-oro-montealban.jpg\",\"datePublished\":\"2021-12-02T18:56:27+00:00\",\"dateModified\":\"2021-12-02T18:56:28+00:00\",\"author\":{\"@id\":\"https:\\\/\\\/www.bbmnoticias.com\\\/labravaradiofm\\\/#\\\/schema\\\/person\\\/c316b6f6c03640cce5d9482ba5a8e5c2\"},\"breadcrumb\":{\"@id\":\"https:\\\/\\\/www.bbmnoticias.com\\\/labravaradiofm\\\/2021\\\/12\\\/02\\\/asaltan-joyeria-oro-de-monte-alban-frente-a-santo-domingo\\\/#breadcrumb\"},\"inLanguage\":\"es\",\"potentialAction\":[{\"@type\":\"ReadAction\",\"target\":[\"https:\\\/\\\/www.bbmnoticias.com\\\/labravaradiofm\\\/2021\\\/12\\\/02\\\/asaltan-joyeria-oro-de-monte-alban-frente-a-santo-domingo\\\/\"]}]},{\"@type\":\"ImageObject\",\"inLanguage\":\"es\",\"@id\":\"https:\\\/\\\/www.bbmnoticias.com\\\/labravaradiofm\\\/2021\\\/12\\\/02\\\/asaltan-joyeria-oro-de-monte-alban-frente-a-santo-domingo\\\/#primaryimage\",\"url\":\"https:\\\/\\\/www.bbmnoticias.com\\\/labravaradiofm\\\/wp-content\\\/uploads\\\/sites\\\/5\\\/2021\\\/12\\\/joyeria-oro-montealban.jpg\",\"contentUrl\":\"https:\\\/\\\/www.bbmnoticias.com\\\/labravaradiofm\\\/wp-content\\\/uploads\\\/sites\\\/5\\\/2021\\\/12\\\/joyeria-oro-montealban.jpg\",\"width\":1024,\"height\":576},{\"@type\":\"BreadcrumbList\",\"@id\":\"https:\\\/\\\/www.bbmnoticias.com\\\/labravaradiofm\\\/2021\\\/12\\\/02\\\/asaltan-joyeria-oro-de-monte-alban-frente-a-santo-domingo\\\/#breadcrumb\",\"itemListElement\":[{\"@type\":\"ListItem\",\"position\":1,\"name\":\"Inicio\",\"item\":\"https:\\\/\\\/www.bbmnoticias.com\\\/labravaradiofm\\\/\"},{\"@type\":\"ListItem\",\"position\":2,\"name\":\"Asaltan joyer\u00eda Oro de Monte Alb\u00e1n, frente a Santo Domingo\"}]},{\"@type\":\"WebSite\",\"@id\":\"https:\\\/\\\/www.bbmnoticias.com\\\/labravaradiofm\\\/#website\",\"url\":\"https:\\\/\\\/www.bbmnoticias.com\\\/labravaradiofm\\\/\",\"name\":\"LA BRAVA RADIO\",\"description\":\"Empresa productora de medios, Radiodifusi\u00f3n, Noticias, tendencias y todo lo que necesitas saber de la pol\u00edtica mexicana e internacional; entretenimiento, espect\u00e1culos, salud y mucho m\u00e1s.\",\"potentialAction\":[{\"@type\":\"SearchAction\",\"target\":{\"@type\":\"EntryPoint\",\"urlTemplate\":\"https:\\\/\\\/www.bbmnoticias.com\\\/labravaradiofm\\\/?s={search_term_string}\"},\"query-input\":{\"@type\":\"PropertyValueSpecification\",\"valueRequired\":true,\"valueName\":\"search_term_string\"}}],\"inLanguage\":\"es\"},{\"@type\":\"Person\",\"@id\":\"https:\\\/\\\/www.bbmnoticias.com\\\/labravaradiofm\\\/#\\\/schema\\\/person\\\/c316b6f6c03640cce5d9482ba5a8e5c2\",\"name\":\"Quadratin\",\"image\":{\"@type\":\"ImageObject\",\"inLanguage\":\"es\",\"@id\":\"https:\\\/\\\/secure.gravatar.com\\\/avatar\\\/34008d7d72488432d6a74f81e839efc9f754b118786ca32cf39d9d5508a68f63?s=96&d=mm&r=g\",\"url\":\"https:\\\/\\\/secure.gravatar.com\\\/avatar\\\/34008d7d72488432d6a74f81e839efc9f754b118786ca32cf39d9d5508a68f63?s=96&d=mm&r=g\",\"contentUrl\":\"https:\\\/\\\/secure.gravatar.com\\\/avatar\\\/34008d7d72488432d6a74f81e839efc9f754b118786ca32cf39d9d5508a68f63?s=96&d=mm&r=g\",\"caption\":\"Quadratin\"},\"url\":\"https:\\\/\\\/www.bbmnoticias.com\\\/labravaradiofm\\\/author\\\/quadratin\\\/\"}]}<\/script>\n<!-- \/ Yoast SEO plugin. -->","yoast_head_json":{"title":"Asaltan joyer\u00eda Oro de Monte Alb\u00e1n, frente a Santo Domingo - LA BRAVA RADIO","robots":{"index":"index","follow":"follow","max-snippet":"max-snippet:-1","max-image-preview":"max-image-preview:large","max-video-preview":"max-video-preview:-1"},"canonical":"https:\/\/www.bbmnoticias.com\/labravaradiofm\/2021\/12\/02\/asaltan-joyeria-oro-de-monte-alban-frente-a-santo-domingo\/","og_locale":"es_MX","og_type":"article","og_title":"Asaltan joyer\u00eda Oro de Monte Alb\u00e1n, frente a Santo Domingo - LA BRAVA RADIO","og_description":"OAXACA, Oax., 2 de diciembre de 2021. \u2013 La joyer\u00eda Oro de Monte Alb\u00e1n, una de las m\u00e1s antiguas de la ciudad de Oaxaca, fue asaltada este jueves. La joyer\u00eda est\u00e1 ubicada frente al templo de Santo Domingo, en el andador tur\u00edstico de la ciudad de Oaxaca. La calle de Macedonio Alcal\u00e1 es una de [&hellip;]","og_url":"https:\/\/www.bbmnoticias.com\/labravaradiofm\/2021\/12\/02\/asaltan-joyeria-oro-de-monte-alban-frente-a-santo-domingo\/","og_site_name":"LA BRAVA RADIO","article_published_time":"2021-12-02T18:56:27+00:00","article_modified_time":"2021-12-02T18:56:28+00:00","og_image":[{"width":1024,"height":576,"url":"https:\/\/www.bbmnoticias.com\/labravaradiofm\/wp-content\/uploads\/sites\/5\/2021\/12\/joyeria-oro-montealban.jpg","type":"image\/jpeg"}],"author":"Quadratin","twitter_card":"summary_large_image","twitter_misc":{"Escrito por":"Quadratin","Tiempo de lectura":"1 minuto"},"schema":{"@context":"https:\/\/schema.org","@graph":[{"@type":"Article","@id":"https:\/\/www.bbmnoticias.com\/labravaradiofm\/2021\/12\/02\/asaltan-joyeria-oro-de-monte-alban-frente-a-santo-domingo\/#article","isPartOf":{"@id":"https:\/\/www.bbmnoticias.com\/labravaradiofm\/2021\/12\/02\/asaltan-joyeria-oro-de-monte-alban-frente-a-santo-domingo\/"},"author":{"name":"Quadratin","@id":"https:\/\/www.bbmnoticias.com\/labravaradiofm\/#\/schema\/person\/c316b6f6c03640cce5d9482ba5a8e5c2"},"headline":"Asaltan joyer\u00eda Oro de Monte Alb\u00e1n, frente a Santo Domingo","datePublished":"2021-12-02T18:56:27+00:00","dateModified":"2021-12-02T18:56:28+00:00","mainEntityOfPage":{"@id":"https:\/\/www.bbmnoticias.com\/labravaradiofm\/2021\/12\/02\/asaltan-joyeria-oro-de-monte-alban-frente-a-santo-domingo\/"},"wordCount":211,"image":{"@id":"https:\/\/www.bbmnoticias.com\/labravaradiofm\/2021\/12\/02\/asaltan-joyeria-oro-de-monte-alban-frente-a-santo-domingo\/#primaryimage"},"thumbnailUrl":"https:\/\/www.bbmnoticias.com\/labravaradiofm\/wp-content\/uploads\/sites\/5\/2021\/12\/joyeria-oro-montealban.jpg","articleSection":["POLICIACA"],"inLanguage":"es"},{"@type":"WebPage","@id":"https:\/\/www.bbmnoticias.com\/labravaradiofm\/2021\/12\/02\/asaltan-joyeria-oro-de-monte-alban-frente-a-santo-domingo\/","url":"https:\/\/www.bbmnoticias.com\/labravaradiofm\/2021\/12\/02\/asaltan-joyeria-oro-de-monte-alban-frente-a-santo-domingo\/","name":"Asaltan joyer\u00eda Oro de Monte Alb\u00e1n, frente a Santo Domingo - LA BRAVA RADIO","isPartOf":{"@id":"https:\/\/www.bbmnoticias.com\/labravaradiofm\/#website"},"primaryImageOfPage":{"@id":"https:\/\/www.bbmnoticias.com\/labravaradiofm\/2021\/12\/02\/asaltan-joyeria-oro-de-monte-alban-frente-a-santo-domingo\/#primaryimage"},"image":{"@id":"https:\/\/www.bbmnoticias.com\/labravaradiofm\/2021\/12\/02\/asaltan-joyeria-oro-de-monte-alban-frente-a-santo-domingo\/#primaryimage"},"thumbnailUrl":"https:\/\/www.bbmnoticias.com\/labravaradiofm\/wp-content\/uploads\/sites\/5\/2021\/12\/joyeria-oro-montealban.jpg","datePublished":"2021-12-02T18:56:27+00:00","dateModified":"2021-12-02T18:56:28+00:00","author":{"@id":"https:\/\/www.bbmnoticias.com\/labravaradiofm\/#\/schema\/person\/c316b6f6c03640cce5d9482ba5a8e5c2"},"breadcrumb":{"@id":"https:\/\/www.bbmnoticias.com\/labravaradiofm\/2021\/12\/02\/asaltan-joyeria-oro-de-monte-alban-frente-a-santo-domingo\/#breadcrumb"},"inLanguage":"es","potentialAction":[{"@type":"ReadAction","target":["https:\/\/www.bbmnoticias.com\/labravaradiofm\/2021\/12\/02\/asaltan-joyeria-oro-de-monte-alban-frente-a-santo-domingo\/"]}]},{"@type":"ImageObject","inLanguage":"es","@id":"https:\/\/www.bbmnoticias.com\/labravaradiofm\/2021\/12\/02\/asaltan-joyeria-oro-de-monte-alban-frente-a-santo-domingo\/#primaryimage","url":"https:\/\/www.bbmnoticias.com\/labravaradiofm\/wp-content\/uploads\/sites\/5\/2021\/12\/joyeria-oro-montealban.jpg","contentUrl":"https:\/\/www.bbmnoticias.com\/labravaradiofm\/wp-content\/uploads\/sites\/5\/2021\/12\/joyeria-oro-montealban.jpg","width":1024,"height":576},{"@type":"BreadcrumbList","@id":"https:\/\/www.bbmnoticias.com\/labravaradiofm\/2021\/12\/02\/asaltan-joyeria-oro-de-monte-alban-frente-a-santo-domingo\/#breadcrumb","itemListElement":[{"@type":"ListItem","position":1,"name":"Inicio","item":"https:\/\/www.bbmnoticias.com\/labravaradiofm\/"},{"@type":"ListItem","position":2,"name":"Asaltan joyer\u00eda Oro de Monte Alb\u00e1n, frente a Santo Domingo"}]},{"@type":"WebSite","@id":"https:\/\/www.bbmnoticias.com\/labravaradiofm\/#website","url":"https:\/\/www.bbmnoticias.com\/labravaradiofm\/","name":"LA BRAVA RADIO","description":"Empresa productora de medios, Radiodifusi\u00f3n, Noticias, tendencias y todo lo que necesitas saber de la pol\u00edtica mexicana e internacional; entretenimiento, espect\u00e1culos, salud y mucho m\u00e1s.","potentialAction":[{"@type":"SearchAction","target":{"@type":"EntryPoint","urlTemplate":"https:\/\/www.bbmnoticias.com\/labravaradiofm\/?s={search_term_string}"},"query-input":{"@type":"PropertyValueSpecification","valueRequired":true,"valueName":"search_term_string"}}],"inLanguage":"es"},{"@type":"Person","@id":"https:\/\/www.bbmnoticias.com\/labravaradiofm\/#\/schema\/person\/c316b6f6c03640cce5d9482ba5a8e5c2","name":"Quadratin","image":{"@type":"ImageObject","inLanguage":"es","@id":"https:\/\/secure.gravatar.com\/avatar\/34008d7d72488432d6a74f81e839efc9f754b118786ca32cf39d9d5508a68f63?s=96&d=mm&r=g","url":"https:\/\/secure.gravatar.com\/avatar\/34008d7d72488432d6a74f81e839efc9f754b118786ca32cf39d9d5508a68f63?s=96&d=mm&r=g","contentUrl":"https:\/\/secure.gravatar.com\/avatar\/34008d7d72488432d6a74f81e839efc9f754b118786ca32cf39d9d5508a68f63?s=96&d=mm&r=g","caption":"Quadratin"},"url":"https:\/\/www.bbmnoticias.com\/labravaradiofm\/author\/quadratin\/"}]}},"_links":{"self":[{"href":"https:\/\/www.bbmnoticias.com\/labravaradiofm\/wp-json\/wp\/v2\/posts\/6551","targetHints":{"allow":["GET"]}}],"collection":[{"href":"https:\/\/www.bbmnoticias.com\/labravaradiofm\/wp-json\/wp\/v2\/posts"}],"about":[{"href":"https:\/\/www.bbmnoticias.com\/labravaradiofm\/wp-json\/wp\/v2\/types\/post"}],"author":[{"embeddable":true,"href":"https:\/\/www.bbmnoticias.com\/labravaradiofm\/wp-json\/wp\/v2\/users\/5"}],"replies":[{"embeddable":true,"href":"https:\/\/www.bbmnoticias.com\/labravaradiofm\/wp-json\/wp\/v2\/comments?post=6551"}],"version-history":[{"count":0,"href":"https:\/\/www.bbmnoticias.com\/labravaradiofm\/wp-json\/wp\/v2\/posts\/6551\/revisions"}],"wp:featuredmedia":[{"embeddable":true,"href":"https:\/\/www.bbmnoticias.com\/labravaradiofm\/wp-json\/wp\/v2\/media\/6552"}],"wp:attachment":[{"href":"https:\/\/www.bbmnoticias.com\/labravaradiofm\/wp-json\/wp\/v2\/media?parent=6551"}],"wp:term":[{"taxonomy":"category","embeddable":true,"href":"https:\/\/www.bbmnoticias.com\/labravaradiofm\/wp-json\/wp\/v2\/categories?post=6551"},{"taxonomy":"post_tag","embeddable":true,"href":"https:\/\/www.bbmnoticias.com\/labravaradiofm\/wp-json\/wp\/v2\/tags?post=6551"}],"curies":[{"name":"wp","href":"https:\/\/api.w.org\/{rel}","templated":true}]}}