{"id":6548,"date":"2021-12-02T11:53:17","date_gmt":"2021-12-02T17:53:17","guid":{"rendered":"https:\/\/www.bbmnoticias.com\/labravaradiofm\/?p=6548"},"modified":"2021-12-02T11:53:18","modified_gmt":"2021-12-02T17:53:18","slug":"implementa-imss-mejoras-en-la-atencion-a-pacientes-pediatricos-oncologicos-en-unidades-medicas","status":"publish","type":"post","link":"https:\/\/www.bbmnoticias.com\/labravaradiofm\/2021\/12\/02\/implementa-imss-mejoras-en-la-atencion-a-pacientes-pediatricos-oncologicos-en-unidades-medicas\/","title":{"rendered":"Implementa IMSS mejoras en la atenci\u00f3n a pacientes pedi\u00e1tricos oncol\u00f3gicos en unidades m\u00e9dicas"},"content":{"rendered":"<div style=\"margin-top: 0px; margin-bottom: 0px;\" class=\"sharethis-inline-share-buttons\" ><\/div>\n<p>El Instituto Mexicano del Seguro Social (IMSS) fortalece los mecanismos de atenci\u00f3n a pacientes pedi\u00e1tricos oncol\u00f3gicos a nivel nacional y en las unidades m\u00e9dicas se realizan visitas para homologar los criterios de servicio a los derechohabientes, supervisar el trabajo del personal de salud y el nivel de capacitaci\u00f3n con que cuentan.<\/p>\n\n\n\n<p>Durante la sexag\u00e9sima cuarta reuni\u00f3n entre autoridades del IMSS y padres de menores con c\u00e1ncer, se inform\u00f3 acerca de la visita realizada al Hospital General de Zona (HGZ) No. 3 de Aguascalientes, en donde se destacaron las gestiones para favorecer la salud de los pacientes.<\/p>\n\n\n\n<p>En sesi\u00f3n virtual, Fabiana Maribel Zepeda Arias, Coordinadora T\u00e9cnica de Enfermer\u00eda, explic\u00f3 que durante la gesti\u00f3n en esta unidad m\u00e9dica se acord\u00f3 un manejo de L\u00edneas vasculares en donde se tiene asignado una Enfermera General para el cuidado espec\u00edfico de los cat\u00e9teres de los menores, quien dar\u00e1 vigilancia y control de la funcionalidad y curaci\u00f3n segura.<\/p>\n\n\n\n<p>Abund\u00f3 que se fortalecer\u00e1 la capacitaci\u00f3n al personal de Enfermer\u00eda para que puedan tener el entrenamiento en el manejo de los cat\u00e9teres y conservar la integridad del ap\u00f3sito, as\u00ed como la implementaci\u00f3n de un plan de capacitaci\u00f3n interno con el personal m\u00e9dico y de enfermer\u00eda asignado a la atenci\u00f3n del paciente Onco-Hematol\u00f3gico Pedi\u00e1trico.<\/p>\n\n\n\n<p>Zepeda Arias subray\u00f3 que se implementar\u00e1 el programa \u201cT\u00fa eres magia\u201d, el cual ha sido impulsado en otros centros oncol\u00f3gicos del IMSS con resultados favorables en la motivaci\u00f3n de los pacientes pedi\u00e1tricos con su familia para \u201ccrearles este sentido de que en realidad ellos s\u00ed son una magia\u201d.<\/p>\n\n\n\n<p>A su vez&nbsp; el doctor Jos\u00e9 de Jes\u00fas Ch\u00e1vez Mart\u00ednez, jefe de Servicios de Prestaciones M\u00e9dicas de Aguascalientes expuso que se hacen mejoras en la atenci\u00f3n mediante la realizaci\u00f3n de entrevistas a familiares del paciente Onco-Hematol\u00f3gico Pedi\u00e1trico, a fin de escucharlos y reiterar el compromiso del servicio a su salud.<\/p>\n\n\n\n<p>Ch\u00e1vez Mart\u00ednez coment\u00f3 que se trabaja en un plan para capacitar al personal m\u00e9dico y de enfermer\u00eda en la atenci\u00f3n de urgencia, en la implementaci\u00f3n de la llamada \u201cHora Dorada\u201d, de la Escala de Valoraci\u00f3n de Alerta Temprana (EVAT) con los m\u00e9dicos especialistas (Urgenci\u00f3logos Pediatras) y el \u00c1rea de Reanimaci\u00f3n funcional y estancia breve en Urgencias.<\/p>\n\n\n\n<p>Tambi\u00e9n se destacaron los avances en cuanto a la atenci\u00f3n con diagn\u00f3stico de c\u00e1ncer dentro de las unidades m\u00e9dicas del IMSS en el Hospital General Regional (HGR) No. 20 Tijuana, Baja California; Hospital de Pediatr\u00eda del Centro M\u00e9dico Nacional (CMN) Siglo XXI; Hospital General CMN La Raza; Hospital de Especialidades de Puebla; y del HGZ No. 1 San Luis Potos\u00ed.<\/p>\n\n\n\n<p>Algunas de las mejoras en estos hospitales del Seguro Social destacan la capacitaci\u00f3n de personal m\u00e9dico y de enfermer\u00eda, implementaci\u00f3n de la atenci\u00f3n de la \u201cHora Dorada\u201d, visitas de supervisi\u00f3n, motivar a la donaci\u00f3n de sangre altruista a trav\u00e9s de redes sociales del Instituto, identificar \u00e1reas de oportunidad, entre otros.<\/p>\n\n\n\n<p>Por otra parte, Isaac Mej\u00eda Montes de Oca, jefe de la Divisi\u00f3n de Servicios Digitales y de Informaci\u00f3n para el Cuidado Digital de la Salud, inform\u00f3 que dentro del aplicativo del Banco de Sangre se implement\u00f3 un ajuste en la agenda para d\u00edas festivos y se mejor\u00f3 el cat\u00e1logo de unidades, la cual puede verificarse est\u00e1s actualizaciones al hacer la solicitud en la p\u00e1gina web <a href=\"https:\/\/bancodesangre.imss.gob.mx\/\" target=\"_blank\" rel=\"noreferrer noopener\">https:\/\/bancodesangre.imss.gob.mx<\/a><\/p>\n\n\n\n<p>Coment\u00f3 que ya se trabaja en la configuraci\u00f3n de los nuevos establecimientos donde se desplegar\u00e1 el Sistema de Banco de Sangre, los cuales son Baja California, Yucat\u00e1n, Morelos, Hidalgo, Jalisco, Ciudad de M\u00e9xico Sur y Estado de M\u00e9xico Oriente.<\/p>\n\n\n\n<p>En seguimiento al registro de pacientes oncol\u00f3gicos, expuso que en la \u00faltima semana se registraron 158 personas a la plataforma para llegar a un total de 6 mil 724, lo que representa un 42 por ciento pedi\u00e1tricos y 58 adultos, mismos que reciben atenci\u00f3n en 55 hospitales del IMSS, de las cuales 15 son UMAE y 40 de Segundo Nivel.<\/p>\n\n\n\n<p>Dentro de esta 64\u00b0 reuni\u00f3n entre autoridades del IMSS y padres de pacientes pedi\u00e1tricos oncol\u00f3gicos, se acord\u00f3 fortalecer la campa\u00f1a para donaci\u00f3n de sangre, revisar el proceso de donaci\u00f3n en el HGR No. 270 de Reynosa, Tamaulipas; realizar video conferencia para dar atenci\u00f3n y seguimiento a las \u00e1reas de oportunidad detectadas en la visita al HGZ No. 3 de Aguascalientes.<\/p>\n\n\n\n<p>En la siguiente sesi\u00f3n se presentar\u00e1n las mejoras realizadas en el \u00e1rea de atenci\u00f3n de pacientes pedi\u00e1tricos oncol\u00f3gicos en el Hospital de Especialidades Puebla, as\u00ed como los avances registrados en el CMN Siglo XXI, CMN La Raza, HGZ No. 1 de San Luis Potos\u00ed, HGR No. 20 de Tijuana, y HGZ No. 3 de Aguascalientes; reuni\u00f3n con personal del Hospital de Especialidades M\u00e9rida con personal de oficinas centrales y las madres y padres de menores con c\u00e1ncer.<\/p>\n\n\n\n<p>Asistieron por parte del IMSS la doctora C\u00e9lida Duque Molina, directora de Prestaciones M\u00e9dicas; Borsalino Gonz\u00e1lez Andrade, director de Administraci\u00f3n; doctora Beatriz Maldonado Almaraz, coordinadora de UMAE;doctor Carlos Quezada S\u00e1nchez, jefe de Oficina de Control; doctor Enrique L\u00f3pez Aguilar, coordinador de Atenci\u00f3n Oncol\u00f3gica; Mtra. Fabiana Zepeda Arias, Coordinadora T\u00e9cnica de Programas de Enfermer\u00eda y Jorge de Anda Garc\u00eda, titular de la Coordinaci\u00f3n de Control de Abasto.<\/p>\n\n\n\n<p>Adem\u00e1s de Karina del Roc\u00edo Sarmiento Castellanos, coordinadora T\u00e9cnica de Planeaci\u00f3n del Abasto; Jos\u00e9 Luis Velasco Ruiz, titular de la Divisi\u00f3n de Supervisi\u00f3n y Control de Abasto;Iaso Ponce de Le\u00f3n Gonz\u00e1lez, de la Divisi\u00f3n de Seguimiento con la Sociedad Civil; y Shadai S\u00e1nchez Osorio, coordinador de Contabilidad y Tr\u00e1mite de Erogaciones.<\/p>\n\n\n\n<p>Tambi\u00e9n Mauricio Jos\u00e9 Gonz\u00e1lez Almeida, encargado del Despacho de la Divisi\u00f3n de Tr\u00e1mite de Erogaciones; doctora Roc\u00edo C\u00e1rdenas Navarrete, directora del Hospital de Pediatr\u00eda CMN Siglo XXI;doctor Guillermo Careaga Reyna, director del Hospital General CMN La Raza; as\u00ed como autoridades del OOAD de Baja California, Aguascalientes y San Luis Potos\u00ed, del Hospital General de Zona con Medicina Familiar (HGZ\/MF) No. 1 de San Luis Potos\u00ed, y de los Hospitales de Especialidades y Pediatr\u00eda de Puebla.&nbsp;<\/p>\n\n\n\n<p>Por parte de las madres y los padres de pacientes pedi\u00e1tricos oncol\u00f3gicos estuvieron las se\u00f1oras Dulce, Mar\u00eda, Abigail,Adriana, Alejandra, Alma, Ana Cecilia, Ana Gabriela, Ana Isabel, Ana Maril\u00fa, Anabelle,Araceli,Berenice, Blanca, Daniela, Edith, Elena, Elizabeth, Erika, Gissel, Heide, Hilda, Irasema, Jessica Elizabeth, Jessica Lozano, Josefina, Judith, Julia, Kate, Lilia, Laura, Lidia, Lucero, Mar\u00eda Brenda, Mar\u00eda Elena, Mar\u00eda Fernanda, Mar\u00eda Luisa, Marisela, Marlen, Martha, M\u00f3nica del Rosario, M\u00f3nica Elvira, M\u00f3nica Gardu\u00f1o, Pamela, Rebeca, Roc\u00edo, Sonia, Tania, Vianey, Yolanda Garc\u00eda y Yolanda Mart\u00ednez; y los se\u00f1oresMario, Christian,El\u00edas, Nicol\u00e1s y Rafael.<\/p>\n","protected":false},"excerpt":{"rendered":"<p>El Instituto Mexicano del Seguro Social (IMSS) fortalece los mecanismos de atenci\u00f3n a pacientes pedi\u00e1tricos oncol\u00f3gicos a nivel nacional y en las unidades m\u00e9dicas se realizan visitas para homologar los criterios de servicio a los derechohabientes, supervisar el trabajo del personal de salud y el nivel de capacitaci\u00f3n con que cuentan. Durante la sexag\u00e9sima cuarta [&hellip;]<\/p>\n","protected":false},"author":2,"featured_media":6549,"comment_status":"closed","ping_status":"closed","sticky":false,"template":"","format":"standard","meta":{"footnotes":""},"categories":[19],"tags":[],"class_list":{"0":"post-6548","1":"post","2":"type-post","3":"status-publish","4":"format-standard","5":"has-post-thumbnail","7":"category-nacional"},"yoast_head":"<!-- This site is optimized with the Yoast SEO plugin v27.4 - https:\/\/yoast.com\/product\/yoast-seo-wordpress\/ -->\n<title>Implementa IMSS mejoras en la atenci\u00f3n a pacientes pedi\u00e1tricos oncol\u00f3gicos en unidades m\u00e9dicas - LA BRAVA RADIO<\/title>\n<meta name=\"robots\" content=\"index, follow, max-snippet:-1, max-image-preview:large, max-video-preview:-1\" \/>\n<link rel=\"canonical\" href=\"https:\/\/www.bbmnoticias.com\/labravaradiofm\/2021\/12\/02\/implementa-imss-mejoras-en-la-atencion-a-pacientes-pediatricos-oncologicos-en-unidades-medicas\/\" \/>\n<meta property=\"og:locale\" content=\"es_MX\" \/>\n<meta property=\"og:type\" content=\"article\" \/>\n<meta property=\"og:title\" content=\"Implementa IMSS mejoras en la atenci\u00f3n a pacientes pedi\u00e1tricos oncol\u00f3gicos en unidades m\u00e9dicas - LA BRAVA RADIO\" \/>\n<meta property=\"og:description\" content=\"El Instituto Mexicano del Seguro Social (IMSS) fortalece los mecanismos de atenci\u00f3n a pacientes pedi\u00e1tricos oncol\u00f3gicos a nivel nacional y en las unidades m\u00e9dicas se realizan visitas para homologar los criterios de servicio a los derechohabientes, supervisar el trabajo del personal de salud y el nivel de capacitaci\u00f3n con que cuentan. Durante la sexag\u00e9sima cuarta [&hellip;]\" \/>\n<meta property=\"og:url\" content=\"https:\/\/www.bbmnoticias.com\/labravaradiofm\/2021\/12\/02\/implementa-imss-mejoras-en-la-atencion-a-pacientes-pediatricos-oncologicos-en-unidades-medicas\/\" \/>\n<meta property=\"og:site_name\" content=\"LA BRAVA RADIO\" \/>\n<meta property=\"article:published_time\" content=\"2021-12-02T17:53:17+00:00\" \/>\n<meta property=\"article:modified_time\" content=\"2021-12-02T17:53:18+00:00\" \/>\n<meta property=\"og:image\" content=\"https:\/\/www.bbmnoticias.com\/labravaradiofm\/wp-content\/uploads\/sites\/5\/2021\/12\/imss-oncologicos.jpg\" \/>\n\t<meta property=\"og:image:width\" content=\"1280\" \/>\n\t<meta property=\"og:image:height\" content=\"853\" \/>\n\t<meta property=\"og:image:type\" content=\"image\/jpeg\" \/>\n<meta name=\"author\" content=\"Staff\" \/>\n<meta name=\"twitter:card\" content=\"summary_large_image\" \/>\n<meta name=\"twitter:label1\" content=\"Escrito por\" \/>\n\t<meta name=\"twitter:data1\" content=\"Staff\" \/>\n\t<meta name=\"twitter:label2\" content=\"Tiempo de lectura\" \/>\n\t<meta name=\"twitter:data2\" content=\"5 minutos\" \/>\n<script type=\"application\/ld+json\" class=\"yoast-schema-graph\">{\"@context\":\"https:\\\/\\\/schema.org\",\"@graph\":[{\"@type\":\"Article\",\"@id\":\"https:\\\/\\\/www.bbmnoticias.com\\\/labravaradiofm\\\/2021\\\/12\\\/02\\\/implementa-imss-mejoras-en-la-atencion-a-pacientes-pediatricos-oncologicos-en-unidades-medicas\\\/#article\",\"isPartOf\":{\"@id\":\"https:\\\/\\\/www.bbmnoticias.com\\\/labravaradiofm\\\/2021\\\/12\\\/02\\\/implementa-imss-mejoras-en-la-atencion-a-pacientes-pediatricos-oncologicos-en-unidades-medicas\\\/\"},\"author\":{\"name\":\"Staff\",\"@id\":\"https:\\\/\\\/www.bbmnoticias.com\\\/labravaradiofm\\\/#\\\/schema\\\/person\\\/68a9e9036ef3c5b55aeb2b71dc8bab45\"},\"headline\":\"Implementa IMSS mejoras en la atenci\u00f3n a pacientes pedi\u00e1tricos oncol\u00f3gicos en unidades m\u00e9dicas\",\"datePublished\":\"2021-12-02T17:53:17+00:00\",\"dateModified\":\"2021-12-02T17:53:18+00:00\",\"mainEntityOfPage\":{\"@id\":\"https:\\\/\\\/www.bbmnoticias.com\\\/labravaradiofm\\\/2021\\\/12\\\/02\\\/implementa-imss-mejoras-en-la-atencion-a-pacientes-pediatricos-oncologicos-en-unidades-medicas\\\/\"},\"wordCount\":1205,\"image\":{\"@id\":\"https:\\\/\\\/www.bbmnoticias.com\\\/labravaradiofm\\\/2021\\\/12\\\/02\\\/implementa-imss-mejoras-en-la-atencion-a-pacientes-pediatricos-oncologicos-en-unidades-medicas\\\/#primaryimage\"},\"thumbnailUrl\":\"https:\\\/\\\/www.bbmnoticias.com\\\/labravaradiofm\\\/wp-content\\\/uploads\\\/sites\\\/5\\\/2021\\\/12\\\/imss-oncologicos.jpg\",\"articleSection\":[\"NACIONAL\"],\"inLanguage\":\"es\"},{\"@type\":\"WebPage\",\"@id\":\"https:\\\/\\\/www.bbmnoticias.com\\\/labravaradiofm\\\/2021\\\/12\\\/02\\\/implementa-imss-mejoras-en-la-atencion-a-pacientes-pediatricos-oncologicos-en-unidades-medicas\\\/\",\"url\":\"https:\\\/\\\/www.bbmnoticias.com\\\/labravaradiofm\\\/2021\\\/12\\\/02\\\/implementa-imss-mejoras-en-la-atencion-a-pacientes-pediatricos-oncologicos-en-unidades-medicas\\\/\",\"name\":\"Implementa IMSS mejoras en la atenci\u00f3n a pacientes pedi\u00e1tricos oncol\u00f3gicos en unidades m\u00e9dicas - LA BRAVA RADIO\",\"isPartOf\":{\"@id\":\"https:\\\/\\\/www.bbmnoticias.com\\\/labravaradiofm\\\/#website\"},\"primaryImageOfPage\":{\"@id\":\"https:\\\/\\\/www.bbmnoticias.com\\\/labravaradiofm\\\/2021\\\/12\\\/02\\\/implementa-imss-mejoras-en-la-atencion-a-pacientes-pediatricos-oncologicos-en-unidades-medicas\\\/#primaryimage\"},\"image\":{\"@id\":\"https:\\\/\\\/www.bbmnoticias.com\\\/labravaradiofm\\\/2021\\\/12\\\/02\\\/implementa-imss-mejoras-en-la-atencion-a-pacientes-pediatricos-oncologicos-en-unidades-medicas\\\/#primaryimage\"},\"thumbnailUrl\":\"https:\\\/\\\/www.bbmnoticias.com\\\/labravaradiofm\\\/wp-content\\\/uploads\\\/sites\\\/5\\\/2021\\\/12\\\/imss-oncologicos.jpg\",\"datePublished\":\"2021-12-02T17:53:17+00:00\",\"dateModified\":\"2021-12-02T17:53:18+00:00\",\"author\":{\"@id\":\"https:\\\/\\\/www.bbmnoticias.com\\\/labravaradiofm\\\/#\\\/schema\\\/person\\\/68a9e9036ef3c5b55aeb2b71dc8bab45\"},\"breadcrumb\":{\"@id\":\"https:\\\/\\\/www.bbmnoticias.com\\\/labravaradiofm\\\/2021\\\/12\\\/02\\\/implementa-imss-mejoras-en-la-atencion-a-pacientes-pediatricos-oncologicos-en-unidades-medicas\\\/#breadcrumb\"},\"inLanguage\":\"es\",\"potentialAction\":[{\"@type\":\"ReadAction\",\"target\":[\"https:\\\/\\\/www.bbmnoticias.com\\\/labravaradiofm\\\/2021\\\/12\\\/02\\\/implementa-imss-mejoras-en-la-atencion-a-pacientes-pediatricos-oncologicos-en-unidades-medicas\\\/\"]}]},{\"@type\":\"ImageObject\",\"inLanguage\":\"es\",\"@id\":\"https:\\\/\\\/www.bbmnoticias.com\\\/labravaradiofm\\\/2021\\\/12\\\/02\\\/implementa-imss-mejoras-en-la-atencion-a-pacientes-pediatricos-oncologicos-en-unidades-medicas\\\/#primaryimage\",\"url\":\"https:\\\/\\\/www.bbmnoticias.com\\\/labravaradiofm\\\/wp-content\\\/uploads\\\/sites\\\/5\\\/2021\\\/12\\\/imss-oncologicos.jpg\",\"contentUrl\":\"https:\\\/\\\/www.bbmnoticias.com\\\/labravaradiofm\\\/wp-content\\\/uploads\\\/sites\\\/5\\\/2021\\\/12\\\/imss-oncologicos.jpg\",\"width\":1280,\"height\":853},{\"@type\":\"BreadcrumbList\",\"@id\":\"https:\\\/\\\/www.bbmnoticias.com\\\/labravaradiofm\\\/2021\\\/12\\\/02\\\/implementa-imss-mejoras-en-la-atencion-a-pacientes-pediatricos-oncologicos-en-unidades-medicas\\\/#breadcrumb\",\"itemListElement\":[{\"@type\":\"ListItem\",\"position\":1,\"name\":\"Inicio\",\"item\":\"https:\\\/\\\/www.bbmnoticias.com\\\/labravaradiofm\\\/\"},{\"@type\":\"ListItem\",\"position\":2,\"name\":\"Implementa IMSS mejoras en la atenci\u00f3n a pacientes pedi\u00e1tricos oncol\u00f3gicos en unidades m\u00e9dicas\"}]},{\"@type\":\"WebSite\",\"@id\":\"https:\\\/\\\/www.bbmnoticias.com\\\/labravaradiofm\\\/#website\",\"url\":\"https:\\\/\\\/www.bbmnoticias.com\\\/labravaradiofm\\\/\",\"name\":\"LA BRAVA RADIO\",\"description\":\"Empresa productora de medios, Radiodifusi\u00f3n, Noticias, tendencias y todo lo que necesitas saber de la pol\u00edtica mexicana e internacional; entretenimiento, espect\u00e1culos, salud y mucho m\u00e1s.\",\"potentialAction\":[{\"@type\":\"SearchAction\",\"target\":{\"@type\":\"EntryPoint\",\"urlTemplate\":\"https:\\\/\\\/www.bbmnoticias.com\\\/labravaradiofm\\\/?s={search_term_string}\"},\"query-input\":{\"@type\":\"PropertyValueSpecification\",\"valueRequired\":true,\"valueName\":\"search_term_string\"}}],\"inLanguage\":\"es\"},{\"@type\":\"Person\",\"@id\":\"https:\\\/\\\/www.bbmnoticias.com\\\/labravaradiofm\\\/#\\\/schema\\\/person\\\/68a9e9036ef3c5b55aeb2b71dc8bab45\",\"name\":\"Staff\",\"image\":{\"@type\":\"ImageObject\",\"inLanguage\":\"es\",\"@id\":\"https:\\\/\\\/secure.gravatar.com\\\/avatar\\\/fdd21ad66fd8b98c407f9dee5b5e588cfe7f0d8579ec20fa6527cd59bab7f0f0?s=96&d=mm&r=g\",\"url\":\"https:\\\/\\\/secure.gravatar.com\\\/avatar\\\/fdd21ad66fd8b98c407f9dee5b5e588cfe7f0d8579ec20fa6527cd59bab7f0f0?s=96&d=mm&r=g\",\"contentUrl\":\"https:\\\/\\\/secure.gravatar.com\\\/avatar\\\/fdd21ad66fd8b98c407f9dee5b5e588cfe7f0d8579ec20fa6527cd59bab7f0f0?s=96&d=mm&r=g\",\"caption\":\"Staff\"},\"url\":\"https:\\\/\\\/www.bbmnoticias.com\\\/labravaradiofm\\\/author\\\/redaccion\\\/\"}]}<\/script>\n<!-- \/ Yoast SEO plugin. -->","yoast_head_json":{"title":"Implementa IMSS mejoras en la atenci\u00f3n a pacientes pedi\u00e1tricos oncol\u00f3gicos en unidades m\u00e9dicas - LA BRAVA RADIO","robots":{"index":"index","follow":"follow","max-snippet":"max-snippet:-1","max-image-preview":"max-image-preview:large","max-video-preview":"max-video-preview:-1"},"canonical":"https:\/\/www.bbmnoticias.com\/labravaradiofm\/2021\/12\/02\/implementa-imss-mejoras-en-la-atencion-a-pacientes-pediatricos-oncologicos-en-unidades-medicas\/","og_locale":"es_MX","og_type":"article","og_title":"Implementa IMSS mejoras en la atenci\u00f3n a pacientes pedi\u00e1tricos oncol\u00f3gicos en unidades m\u00e9dicas - LA BRAVA RADIO","og_description":"El Instituto Mexicano del Seguro Social (IMSS) fortalece los mecanismos de atenci\u00f3n a pacientes pedi\u00e1tricos oncol\u00f3gicos a nivel nacional y en las unidades m\u00e9dicas se realizan visitas para homologar los criterios de servicio a los derechohabientes, supervisar el trabajo del personal de salud y el nivel de capacitaci\u00f3n con que cuentan. Durante la sexag\u00e9sima cuarta [&hellip;]","og_url":"https:\/\/www.bbmnoticias.com\/labravaradiofm\/2021\/12\/02\/implementa-imss-mejoras-en-la-atencion-a-pacientes-pediatricos-oncologicos-en-unidades-medicas\/","og_site_name":"LA BRAVA RADIO","article_published_time":"2021-12-02T17:53:17+00:00","article_modified_time":"2021-12-02T17:53:18+00:00","og_image":[{"width":1280,"height":853,"url":"https:\/\/www.bbmnoticias.com\/labravaradiofm\/wp-content\/uploads\/sites\/5\/2021\/12\/imss-oncologicos.jpg","type":"image\/jpeg"}],"author":"Staff","twitter_card":"summary_large_image","twitter_misc":{"Escrito por":"Staff","Tiempo de lectura":"5 minutos"},"schema":{"@context":"https:\/\/schema.org","@graph":[{"@type":"Article","@id":"https:\/\/www.bbmnoticias.com\/labravaradiofm\/2021\/12\/02\/implementa-imss-mejoras-en-la-atencion-a-pacientes-pediatricos-oncologicos-en-unidades-medicas\/#article","isPartOf":{"@id":"https:\/\/www.bbmnoticias.com\/labravaradiofm\/2021\/12\/02\/implementa-imss-mejoras-en-la-atencion-a-pacientes-pediatricos-oncologicos-en-unidades-medicas\/"},"author":{"name":"Staff","@id":"https:\/\/www.bbmnoticias.com\/labravaradiofm\/#\/schema\/person\/68a9e9036ef3c5b55aeb2b71dc8bab45"},"headline":"Implementa IMSS mejoras en la atenci\u00f3n a pacientes pedi\u00e1tricos oncol\u00f3gicos en unidades m\u00e9dicas","datePublished":"2021-12-02T17:53:17+00:00","dateModified":"2021-12-02T17:53:18+00:00","mainEntityOfPage":{"@id":"https:\/\/www.bbmnoticias.com\/labravaradiofm\/2021\/12\/02\/implementa-imss-mejoras-en-la-atencion-a-pacientes-pediatricos-oncologicos-en-unidades-medicas\/"},"wordCount":1205,"image":{"@id":"https:\/\/www.bbmnoticias.com\/labravaradiofm\/2021\/12\/02\/implementa-imss-mejoras-en-la-atencion-a-pacientes-pediatricos-oncologicos-en-unidades-medicas\/#primaryimage"},"thumbnailUrl":"https:\/\/www.bbmnoticias.com\/labravaradiofm\/wp-content\/uploads\/sites\/5\/2021\/12\/imss-oncologicos.jpg","articleSection":["NACIONAL"],"inLanguage":"es"},{"@type":"WebPage","@id":"https:\/\/www.bbmnoticias.com\/labravaradiofm\/2021\/12\/02\/implementa-imss-mejoras-en-la-atencion-a-pacientes-pediatricos-oncologicos-en-unidades-medicas\/","url":"https:\/\/www.bbmnoticias.com\/labravaradiofm\/2021\/12\/02\/implementa-imss-mejoras-en-la-atencion-a-pacientes-pediatricos-oncologicos-en-unidades-medicas\/","name":"Implementa IMSS mejoras en la atenci\u00f3n a pacientes pedi\u00e1tricos oncol\u00f3gicos en unidades m\u00e9dicas - LA BRAVA RADIO","isPartOf":{"@id":"https:\/\/www.bbmnoticias.com\/labravaradiofm\/#website"},"primaryImageOfPage":{"@id":"https:\/\/www.bbmnoticias.com\/labravaradiofm\/2021\/12\/02\/implementa-imss-mejoras-en-la-atencion-a-pacientes-pediatricos-oncologicos-en-unidades-medicas\/#primaryimage"},"image":{"@id":"https:\/\/www.bbmnoticias.com\/labravaradiofm\/2021\/12\/02\/implementa-imss-mejoras-en-la-atencion-a-pacientes-pediatricos-oncologicos-en-unidades-medicas\/#primaryimage"},"thumbnailUrl":"https:\/\/www.bbmnoticias.com\/labravaradiofm\/wp-content\/uploads\/sites\/5\/2021\/12\/imss-oncologicos.jpg","datePublished":"2021-12-02T17:53:17+00:00","dateModified":"2021-12-02T17:53:18+00:00","author":{"@id":"https:\/\/www.bbmnoticias.com\/labravaradiofm\/#\/schema\/person\/68a9e9036ef3c5b55aeb2b71dc8bab45"},"breadcrumb":{"@id":"https:\/\/www.bbmnoticias.com\/labravaradiofm\/2021\/12\/02\/implementa-imss-mejoras-en-la-atencion-a-pacientes-pediatricos-oncologicos-en-unidades-medicas\/#breadcrumb"},"inLanguage":"es","potentialAction":[{"@type":"ReadAction","target":["https:\/\/www.bbmnoticias.com\/labravaradiofm\/2021\/12\/02\/implementa-imss-mejoras-en-la-atencion-a-pacientes-pediatricos-oncologicos-en-unidades-medicas\/"]}]},{"@type":"ImageObject","inLanguage":"es","@id":"https:\/\/www.bbmnoticias.com\/labravaradiofm\/2021\/12\/02\/implementa-imss-mejoras-en-la-atencion-a-pacientes-pediatricos-oncologicos-en-unidades-medicas\/#primaryimage","url":"https:\/\/www.bbmnoticias.com\/labravaradiofm\/wp-content\/uploads\/sites\/5\/2021\/12\/imss-oncologicos.jpg","contentUrl":"https:\/\/www.bbmnoticias.com\/labravaradiofm\/wp-content\/uploads\/sites\/5\/2021\/12\/imss-oncologicos.jpg","width":1280,"height":853},{"@type":"BreadcrumbList","@id":"https:\/\/www.bbmnoticias.com\/labravaradiofm\/2021\/12\/02\/implementa-imss-mejoras-en-la-atencion-a-pacientes-pediatricos-oncologicos-en-unidades-medicas\/#breadcrumb","itemListElement":[{"@type":"ListItem","position":1,"name":"Inicio","item":"https:\/\/www.bbmnoticias.com\/labravaradiofm\/"},{"@type":"ListItem","position":2,"name":"Implementa IMSS mejoras en la atenci\u00f3n a pacientes pedi\u00e1tricos oncol\u00f3gicos en unidades m\u00e9dicas"}]},{"@type":"WebSite","@id":"https:\/\/www.bbmnoticias.com\/labravaradiofm\/#website","url":"https:\/\/www.bbmnoticias.com\/labravaradiofm\/","name":"LA BRAVA RADIO","description":"Empresa productora de medios, Radiodifusi\u00f3n, Noticias, tendencias y todo lo que necesitas saber de la pol\u00edtica mexicana e internacional; entretenimiento, espect\u00e1culos, salud y mucho m\u00e1s.","potentialAction":[{"@type":"SearchAction","target":{"@type":"EntryPoint","urlTemplate":"https:\/\/www.bbmnoticias.com\/labravaradiofm\/?s={search_term_string}"},"query-input":{"@type":"PropertyValueSpecification","valueRequired":true,"valueName":"search_term_string"}}],"inLanguage":"es"},{"@type":"Person","@id":"https:\/\/www.bbmnoticias.com\/labravaradiofm\/#\/schema\/person\/68a9e9036ef3c5b55aeb2b71dc8bab45","name":"Staff","image":{"@type":"ImageObject","inLanguage":"es","@id":"https:\/\/secure.gravatar.com\/avatar\/fdd21ad66fd8b98c407f9dee5b5e588cfe7f0d8579ec20fa6527cd59bab7f0f0?s=96&d=mm&r=g","url":"https:\/\/secure.gravatar.com\/avatar\/fdd21ad66fd8b98c407f9dee5b5e588cfe7f0d8579ec20fa6527cd59bab7f0f0?s=96&d=mm&r=g","contentUrl":"https:\/\/secure.gravatar.com\/avatar\/fdd21ad66fd8b98c407f9dee5b5e588cfe7f0d8579ec20fa6527cd59bab7f0f0?s=96&d=mm&r=g","caption":"Staff"},"url":"https:\/\/www.bbmnoticias.com\/labravaradiofm\/author\/redaccion\/"}]}},"_links":{"self":[{"href":"https:\/\/www.bbmnoticias.com\/labravaradiofm\/wp-json\/wp\/v2\/posts\/6548","targetHints":{"allow":["GET"]}}],"collection":[{"href":"https:\/\/www.bbmnoticias.com\/labravaradiofm\/wp-json\/wp\/v2\/posts"}],"about":[{"href":"https:\/\/www.bbmnoticias.com\/labravaradiofm\/wp-json\/wp\/v2\/types\/post"}],"author":[{"embeddable":true,"href":"https:\/\/www.bbmnoticias.com\/labravaradiofm\/wp-json\/wp\/v2\/users\/2"}],"replies":[{"embeddable":true,"href":"https:\/\/www.bbmnoticias.com\/labravaradiofm\/wp-json\/wp\/v2\/comments?post=6548"}],"version-history":[{"count":0,"href":"https:\/\/www.bbmnoticias.com\/labravaradiofm\/wp-json\/wp\/v2\/posts\/6548\/revisions"}],"wp:featuredmedia":[{"embeddable":true,"href":"https:\/\/www.bbmnoticias.com\/labravaradiofm\/wp-json\/wp\/v2\/media\/6549"}],"wp:attachment":[{"href":"https:\/\/www.bbmnoticias.com\/labravaradiofm\/wp-json\/wp\/v2\/media?parent=6548"}],"wp:term":[{"taxonomy":"category","embeddable":true,"href":"https:\/\/www.bbmnoticias.com\/labravaradiofm\/wp-json\/wp\/v2\/categories?post=6548"},{"taxonomy":"post_tag","embeddable":true,"href":"https:\/\/www.bbmnoticias.com\/labravaradiofm\/wp-json\/wp\/v2\/tags?post=6548"}],"curies":[{"name":"wp","href":"https:\/\/api.w.org\/{rel}","templated":true}]}}