{"id":6542,"date":"2021-12-02T11:07:13","date_gmt":"2021-12-02T17:07:13","guid":{"rendered":"https:\/\/www.bbmnoticias.com\/labravaradiofm\/?p=6542"},"modified":"2021-12-02T11:07:53","modified_gmt":"2021-12-02T17:07:53","slug":"la-ensenanza-del-derecho-debe-ser-con-perspectiva-de-genero","status":"publish","type":"post","link":"https:\/\/www.bbmnoticias.com\/labravaradiofm\/2021\/12\/02\/la-ensenanza-del-derecho-debe-ser-con-perspectiva-de-genero\/","title":{"rendered":"La ense\u00f1anza del Derecho debe ser con perspectiva de g\u00e9nero"},"content":{"rendered":"<div style=\"margin-top: 0px; margin-bottom: 0px;\" class=\"sharethis-inline-share-buttons\" ><\/div>\n<p><strong>Oaxaca de Ju\u00e1rez, Oax.-<\/strong> Con el objetivo de reflexionar sobre la importancia de que las instituciones transversalicen en la formaci\u00f3n jur\u00eddica el enfoque de g\u00e9nero, la Secretar\u00eda de las Mujeres de Oaxaca (SMO) realiz\u00f3 la Mesa de An\u00e1lisis \u201cLa ense\u00f1anza del Derecho con perspectiva de g\u00e9nero, presupuesto para el acceso a la justicia de las mujeres, un reto para las instituciones de educaci\u00f3n superior\u201d.<\/p>\n\n\n\n<p>Como parte de las acciones de la campa\u00f1a internacional \u201c16 D\u00edas de Activismo\u201d las especialistas en materia jur\u00eddica definieron la perspectiva de g\u00e9nero como la herramienta imprescindible para comprender el sistema de justicia al que se enfrentan las mujeres, siendo \u00e9ste un obst\u00e1culo para el ejercicio de sus derechos humanos, dada su construcci\u00f3n patriarcal.<\/p>\n\n\n\n<p>Reconocidas estudiosas del Derecho, catedr\u00e1ticas, investigadoras y litigantes, Mar\u00eda Cristina Escamilla Loaeza, M\u00f3nica Miguel Bautista, Rachel Ram\u00edrez Vargas, Fabiola Mart\u00ednez Ram\u00edrez y Elizabeth Ben\u00edtez Crist\u00f3bal, argumentaron en torno a tres planteamientos.<\/p>\n\n\n\n<p>Uno, desde los espacios universitarios qu\u00e9 acciones se han realizado para incorporar la perspectiva de g\u00e9nero y cu\u00e1les son sus alcances; dos, qu\u00e9 cambios se han registrado con la incorporaci\u00f3n de la perspectiva de g\u00e9nero en materia de derecho y, tres, cu\u00e1les son los retos en la formaci\u00f3n en g\u00e9nero en la ense\u00f1anza del derecho.<\/p>\n\n\n\n<p>Asimismo, se\u00f1alaron que las investigaciones deben hacerse desde la perspectiva de g\u00e9nero, por ello en las fiscal\u00edas y en poderes judiciales debe haber expertas en derechos humanos de las mujeres, de lo contrario, dicen, genera que la sociedad est\u00e9 poco satisfecha con los resultados de acuerdos y sentencias.<\/p>\n\n\n\n<p>En tanto coincidieron tambi\u00e9n en que todas las disciplinas deben considerar la perspectiva de g\u00e9nero y que la ense\u00f1anza no se tiene que circunscribir al derecho con enfoque de derechos humanos, sino que debe ser transversal como lo determina desde abril de este a\u00f1o, dijeron, la reforma a la Ley General de Educaci\u00f3n Superior<\/p>\n\n\n\n<p>En cuanto a retos, se\u00f1alaron que sigue pendiente la inclusi\u00f3n de la interseccionalidad derivada de la teor\u00eda de g\u00e9nero y toda la deconstrucci\u00f3n de la plantilla docente en las instituciones de educaci\u00f3n superior, se pronunciaron por visibilizar las violencias m\u00e1s all\u00e1 de las materias y planes de estudio. Asimismo, reconocieron el acierto de crear estos espacios de reflexi\u00f3n.<\/p>\n\n\n\n<iframe loading=\"lazy\" src=\"https:\/\/www.facebook.com\/plugins\/video.php?height=314&#038;href=https%3A%2F%2Fwww.facebook.com%2FSMOGobOax%2Fvideos%2F2780108702295287%2F&#038;show_text=false&#038;width=560&#038;t=0\" width=\"560\" height=\"314\" style=\"border:none;overflow:hidden\" scrolling=\"no\" frameborder=\"0\" allowfullscreen=\"true\" allow=\"autoplay; clipboard-write; encrypted-media; picture-in-picture; web-share\" allowFullScreen=\"true\"><\/iframe>\n","protected":false},"excerpt":{"rendered":"<p>Oaxaca de Ju\u00e1rez, Oax.- Con el objetivo de reflexionar sobre la importancia de que las instituciones transversalicen en la formaci\u00f3n jur\u00eddica el enfoque de g\u00e9nero, la Secretar\u00eda de las Mujeres de Oaxaca (SMO) realiz\u00f3 la Mesa de An\u00e1lisis \u201cLa ense\u00f1anza del Derecho con perspectiva de g\u00e9nero, presupuesto para el acceso a la justicia de las [&hellip;]<\/p>\n","protected":false},"author":2,"featured_media":6543,"comment_status":"closed","ping_status":"closed","sticky":false,"template":"","format":"standard","meta":{"footnotes":""},"categories":[2],"tags":[],"class_list":{"0":"post-6542","1":"post","2":"type-post","3":"status-publish","4":"format-standard","5":"has-post-thumbnail","7":"category-oaxaca"},"yoast_head":"<!-- This site is optimized with the Yoast SEO plugin v27.4 - https:\/\/yoast.com\/product\/yoast-seo-wordpress\/ -->\n<title>La ense\u00f1anza del Derecho debe ser con perspectiva de g\u00e9nero - LA BRAVA RADIO<\/title>\n<meta name=\"robots\" content=\"index, follow, max-snippet:-1, max-image-preview:large, max-video-preview:-1\" \/>\n<link rel=\"canonical\" href=\"https:\/\/www.bbmnoticias.com\/labravaradiofm\/2021\/12\/02\/la-ensenanza-del-derecho-debe-ser-con-perspectiva-de-genero\/\" \/>\n<meta property=\"og:locale\" content=\"es_MX\" \/>\n<meta property=\"og:type\" content=\"article\" \/>\n<meta property=\"og:title\" content=\"La ense\u00f1anza del Derecho debe ser con perspectiva de g\u00e9nero - LA BRAVA RADIO\" \/>\n<meta property=\"og:description\" content=\"Oaxaca de Ju\u00e1rez, Oax.- Con el objetivo de reflexionar sobre la importancia de que las instituciones transversalicen en la formaci\u00f3n jur\u00eddica el enfoque de g\u00e9nero, la Secretar\u00eda de las Mujeres de Oaxaca (SMO) realiz\u00f3 la Mesa de An\u00e1lisis \u201cLa ense\u00f1anza del Derecho con perspectiva de g\u00e9nero, presupuesto para el acceso a la justicia de las [&hellip;]\" \/>\n<meta property=\"og:url\" content=\"https:\/\/www.bbmnoticias.com\/labravaradiofm\/2021\/12\/02\/la-ensenanza-del-derecho-debe-ser-con-perspectiva-de-genero\/\" \/>\n<meta property=\"og:site_name\" content=\"LA BRAVA RADIO\" \/>\n<meta property=\"article:published_time\" content=\"2021-12-02T17:07:13+00:00\" \/>\n<meta property=\"article:modified_time\" content=\"2021-12-02T17:07:53+00:00\" \/>\n<meta property=\"og:image\" content=\"https:\/\/www.bbmnoticias.com\/labravaradiofm\/wp-content\/uploads\/sites\/5\/2021\/12\/smo-oaxaca.jpg\" \/>\n\t<meta property=\"og:image:width\" content=\"1280\" \/>\n\t<meta property=\"og:image:height\" content=\"802\" \/>\n\t<meta property=\"og:image:type\" content=\"image\/jpeg\" \/>\n<meta name=\"author\" content=\"Staff\" \/>\n<meta name=\"twitter:card\" content=\"summary_large_image\" \/>\n<meta name=\"twitter:label1\" content=\"Escrito por\" \/>\n\t<meta name=\"twitter:data1\" content=\"Staff\" \/>\n\t<meta name=\"twitter:label2\" content=\"Tiempo de lectura\" \/>\n\t<meta name=\"twitter:data2\" content=\"2 minutos\" \/>\n<script type=\"application\/ld+json\" class=\"yoast-schema-graph\">{\"@context\":\"https:\\\/\\\/schema.org\",\"@graph\":[{\"@type\":\"Article\",\"@id\":\"https:\\\/\\\/www.bbmnoticias.com\\\/labravaradiofm\\\/2021\\\/12\\\/02\\\/la-ensenanza-del-derecho-debe-ser-con-perspectiva-de-genero\\\/#article\",\"isPartOf\":{\"@id\":\"https:\\\/\\\/www.bbmnoticias.com\\\/labravaradiofm\\\/2021\\\/12\\\/02\\\/la-ensenanza-del-derecho-debe-ser-con-perspectiva-de-genero\\\/\"},\"author\":{\"name\":\"Staff\",\"@id\":\"https:\\\/\\\/www.bbmnoticias.com\\\/labravaradiofm\\\/#\\\/schema\\\/person\\\/68a9e9036ef3c5b55aeb2b71dc8bab45\"},\"headline\":\"La ense\u00f1anza del Derecho debe ser con perspectiva de g\u00e9nero\",\"datePublished\":\"2021-12-02T17:07:13+00:00\",\"dateModified\":\"2021-12-02T17:07:53+00:00\",\"mainEntityOfPage\":{\"@id\":\"https:\\\/\\\/www.bbmnoticias.com\\\/labravaradiofm\\\/2021\\\/12\\\/02\\\/la-ensenanza-del-derecho-debe-ser-con-perspectiva-de-genero\\\/\"},\"wordCount\":423,\"image\":{\"@id\":\"https:\\\/\\\/www.bbmnoticias.com\\\/labravaradiofm\\\/2021\\\/12\\\/02\\\/la-ensenanza-del-derecho-debe-ser-con-perspectiva-de-genero\\\/#primaryimage\"},\"thumbnailUrl\":\"https:\\\/\\\/www.bbmnoticias.com\\\/labravaradiofm\\\/wp-content\\\/uploads\\\/sites\\\/5\\\/2021\\\/12\\\/smo-oaxaca.jpg\",\"articleSection\":[\"LOCAL\"],\"inLanguage\":\"es\"},{\"@type\":\"WebPage\",\"@id\":\"https:\\\/\\\/www.bbmnoticias.com\\\/labravaradiofm\\\/2021\\\/12\\\/02\\\/la-ensenanza-del-derecho-debe-ser-con-perspectiva-de-genero\\\/\",\"url\":\"https:\\\/\\\/www.bbmnoticias.com\\\/labravaradiofm\\\/2021\\\/12\\\/02\\\/la-ensenanza-del-derecho-debe-ser-con-perspectiva-de-genero\\\/\",\"name\":\"La ense\u00f1anza del Derecho debe ser con perspectiva de g\u00e9nero - LA BRAVA RADIO\",\"isPartOf\":{\"@id\":\"https:\\\/\\\/www.bbmnoticias.com\\\/labravaradiofm\\\/#website\"},\"primaryImageOfPage\":{\"@id\":\"https:\\\/\\\/www.bbmnoticias.com\\\/labravaradiofm\\\/2021\\\/12\\\/02\\\/la-ensenanza-del-derecho-debe-ser-con-perspectiva-de-genero\\\/#primaryimage\"},\"image\":{\"@id\":\"https:\\\/\\\/www.bbmnoticias.com\\\/labravaradiofm\\\/2021\\\/12\\\/02\\\/la-ensenanza-del-derecho-debe-ser-con-perspectiva-de-genero\\\/#primaryimage\"},\"thumbnailUrl\":\"https:\\\/\\\/www.bbmnoticias.com\\\/labravaradiofm\\\/wp-content\\\/uploads\\\/sites\\\/5\\\/2021\\\/12\\\/smo-oaxaca.jpg\",\"datePublished\":\"2021-12-02T17:07:13+00:00\",\"dateModified\":\"2021-12-02T17:07:53+00:00\",\"author\":{\"@id\":\"https:\\\/\\\/www.bbmnoticias.com\\\/labravaradiofm\\\/#\\\/schema\\\/person\\\/68a9e9036ef3c5b55aeb2b71dc8bab45\"},\"breadcrumb\":{\"@id\":\"https:\\\/\\\/www.bbmnoticias.com\\\/labravaradiofm\\\/2021\\\/12\\\/02\\\/la-ensenanza-del-derecho-debe-ser-con-perspectiva-de-genero\\\/#breadcrumb\"},\"inLanguage\":\"es\",\"potentialAction\":[{\"@type\":\"ReadAction\",\"target\":[\"https:\\\/\\\/www.bbmnoticias.com\\\/labravaradiofm\\\/2021\\\/12\\\/02\\\/la-ensenanza-del-derecho-debe-ser-con-perspectiva-de-genero\\\/\"]}]},{\"@type\":\"ImageObject\",\"inLanguage\":\"es\",\"@id\":\"https:\\\/\\\/www.bbmnoticias.com\\\/labravaradiofm\\\/2021\\\/12\\\/02\\\/la-ensenanza-del-derecho-debe-ser-con-perspectiva-de-genero\\\/#primaryimage\",\"url\":\"https:\\\/\\\/www.bbmnoticias.com\\\/labravaradiofm\\\/wp-content\\\/uploads\\\/sites\\\/5\\\/2021\\\/12\\\/smo-oaxaca.jpg\",\"contentUrl\":\"https:\\\/\\\/www.bbmnoticias.com\\\/labravaradiofm\\\/wp-content\\\/uploads\\\/sites\\\/5\\\/2021\\\/12\\\/smo-oaxaca.jpg\",\"width\":1280,\"height\":802},{\"@type\":\"BreadcrumbList\",\"@id\":\"https:\\\/\\\/www.bbmnoticias.com\\\/labravaradiofm\\\/2021\\\/12\\\/02\\\/la-ensenanza-del-derecho-debe-ser-con-perspectiva-de-genero\\\/#breadcrumb\",\"itemListElement\":[{\"@type\":\"ListItem\",\"position\":1,\"name\":\"Inicio\",\"item\":\"https:\\\/\\\/www.bbmnoticias.com\\\/labravaradiofm\\\/\"},{\"@type\":\"ListItem\",\"position\":2,\"name\":\"La ense\u00f1anza del Derecho debe ser con perspectiva de g\u00e9nero\"}]},{\"@type\":\"WebSite\",\"@id\":\"https:\\\/\\\/www.bbmnoticias.com\\\/labravaradiofm\\\/#website\",\"url\":\"https:\\\/\\\/www.bbmnoticias.com\\\/labravaradiofm\\\/\",\"name\":\"LA BRAVA RADIO\",\"description\":\"Empresa productora de medios, Radiodifusi\u00f3n, Noticias, tendencias y todo lo que necesitas saber de la pol\u00edtica mexicana e internacional; entretenimiento, espect\u00e1culos, salud y mucho m\u00e1s.\",\"potentialAction\":[{\"@type\":\"SearchAction\",\"target\":{\"@type\":\"EntryPoint\",\"urlTemplate\":\"https:\\\/\\\/www.bbmnoticias.com\\\/labravaradiofm\\\/?s={search_term_string}\"},\"query-input\":{\"@type\":\"PropertyValueSpecification\",\"valueRequired\":true,\"valueName\":\"search_term_string\"}}],\"inLanguage\":\"es\"},{\"@type\":\"Person\",\"@id\":\"https:\\\/\\\/www.bbmnoticias.com\\\/labravaradiofm\\\/#\\\/schema\\\/person\\\/68a9e9036ef3c5b55aeb2b71dc8bab45\",\"name\":\"Staff\",\"image\":{\"@type\":\"ImageObject\",\"inLanguage\":\"es\",\"@id\":\"https:\\\/\\\/secure.gravatar.com\\\/avatar\\\/fdd21ad66fd8b98c407f9dee5b5e588cfe7f0d8579ec20fa6527cd59bab7f0f0?s=96&d=mm&r=g\",\"url\":\"https:\\\/\\\/secure.gravatar.com\\\/avatar\\\/fdd21ad66fd8b98c407f9dee5b5e588cfe7f0d8579ec20fa6527cd59bab7f0f0?s=96&d=mm&r=g\",\"contentUrl\":\"https:\\\/\\\/secure.gravatar.com\\\/avatar\\\/fdd21ad66fd8b98c407f9dee5b5e588cfe7f0d8579ec20fa6527cd59bab7f0f0?s=96&d=mm&r=g\",\"caption\":\"Staff\"},\"url\":\"https:\\\/\\\/www.bbmnoticias.com\\\/labravaradiofm\\\/author\\\/redaccion\\\/\"}]}<\/script>\n<!-- \/ Yoast SEO plugin. -->","yoast_head_json":{"title":"La ense\u00f1anza del Derecho debe ser con perspectiva de g\u00e9nero - LA BRAVA RADIO","robots":{"index":"index","follow":"follow","max-snippet":"max-snippet:-1","max-image-preview":"max-image-preview:large","max-video-preview":"max-video-preview:-1"},"canonical":"https:\/\/www.bbmnoticias.com\/labravaradiofm\/2021\/12\/02\/la-ensenanza-del-derecho-debe-ser-con-perspectiva-de-genero\/","og_locale":"es_MX","og_type":"article","og_title":"La ense\u00f1anza del Derecho debe ser con perspectiva de g\u00e9nero - LA BRAVA RADIO","og_description":"Oaxaca de Ju\u00e1rez, Oax.- Con el objetivo de reflexionar sobre la importancia de que las instituciones transversalicen en la formaci\u00f3n jur\u00eddica el enfoque de g\u00e9nero, la Secretar\u00eda de las Mujeres de Oaxaca (SMO) realiz\u00f3 la Mesa de An\u00e1lisis \u201cLa ense\u00f1anza del Derecho con perspectiva de g\u00e9nero, presupuesto para el acceso a la justicia de las [&hellip;]","og_url":"https:\/\/www.bbmnoticias.com\/labravaradiofm\/2021\/12\/02\/la-ensenanza-del-derecho-debe-ser-con-perspectiva-de-genero\/","og_site_name":"LA BRAVA RADIO","article_published_time":"2021-12-02T17:07:13+00:00","article_modified_time":"2021-12-02T17:07:53+00:00","og_image":[{"width":1280,"height":802,"url":"https:\/\/www.bbmnoticias.com\/labravaradiofm\/wp-content\/uploads\/sites\/5\/2021\/12\/smo-oaxaca.jpg","type":"image\/jpeg"}],"author":"Staff","twitter_card":"summary_large_image","twitter_misc":{"Escrito por":"Staff","Tiempo de lectura":"2 minutos"},"schema":{"@context":"https:\/\/schema.org","@graph":[{"@type":"Article","@id":"https:\/\/www.bbmnoticias.com\/labravaradiofm\/2021\/12\/02\/la-ensenanza-del-derecho-debe-ser-con-perspectiva-de-genero\/#article","isPartOf":{"@id":"https:\/\/www.bbmnoticias.com\/labravaradiofm\/2021\/12\/02\/la-ensenanza-del-derecho-debe-ser-con-perspectiva-de-genero\/"},"author":{"name":"Staff","@id":"https:\/\/www.bbmnoticias.com\/labravaradiofm\/#\/schema\/person\/68a9e9036ef3c5b55aeb2b71dc8bab45"},"headline":"La ense\u00f1anza del Derecho debe ser con perspectiva de g\u00e9nero","datePublished":"2021-12-02T17:07:13+00:00","dateModified":"2021-12-02T17:07:53+00:00","mainEntityOfPage":{"@id":"https:\/\/www.bbmnoticias.com\/labravaradiofm\/2021\/12\/02\/la-ensenanza-del-derecho-debe-ser-con-perspectiva-de-genero\/"},"wordCount":423,"image":{"@id":"https:\/\/www.bbmnoticias.com\/labravaradiofm\/2021\/12\/02\/la-ensenanza-del-derecho-debe-ser-con-perspectiva-de-genero\/#primaryimage"},"thumbnailUrl":"https:\/\/www.bbmnoticias.com\/labravaradiofm\/wp-content\/uploads\/sites\/5\/2021\/12\/smo-oaxaca.jpg","articleSection":["LOCAL"],"inLanguage":"es"},{"@type":"WebPage","@id":"https:\/\/www.bbmnoticias.com\/labravaradiofm\/2021\/12\/02\/la-ensenanza-del-derecho-debe-ser-con-perspectiva-de-genero\/","url":"https:\/\/www.bbmnoticias.com\/labravaradiofm\/2021\/12\/02\/la-ensenanza-del-derecho-debe-ser-con-perspectiva-de-genero\/","name":"La ense\u00f1anza del Derecho debe ser con perspectiva de g\u00e9nero - LA BRAVA RADIO","isPartOf":{"@id":"https:\/\/www.bbmnoticias.com\/labravaradiofm\/#website"},"primaryImageOfPage":{"@id":"https:\/\/www.bbmnoticias.com\/labravaradiofm\/2021\/12\/02\/la-ensenanza-del-derecho-debe-ser-con-perspectiva-de-genero\/#primaryimage"},"image":{"@id":"https:\/\/www.bbmnoticias.com\/labravaradiofm\/2021\/12\/02\/la-ensenanza-del-derecho-debe-ser-con-perspectiva-de-genero\/#primaryimage"},"thumbnailUrl":"https:\/\/www.bbmnoticias.com\/labravaradiofm\/wp-content\/uploads\/sites\/5\/2021\/12\/smo-oaxaca.jpg","datePublished":"2021-12-02T17:07:13+00:00","dateModified":"2021-12-02T17:07:53+00:00","author":{"@id":"https:\/\/www.bbmnoticias.com\/labravaradiofm\/#\/schema\/person\/68a9e9036ef3c5b55aeb2b71dc8bab45"},"breadcrumb":{"@id":"https:\/\/www.bbmnoticias.com\/labravaradiofm\/2021\/12\/02\/la-ensenanza-del-derecho-debe-ser-con-perspectiva-de-genero\/#breadcrumb"},"inLanguage":"es","potentialAction":[{"@type":"ReadAction","target":["https:\/\/www.bbmnoticias.com\/labravaradiofm\/2021\/12\/02\/la-ensenanza-del-derecho-debe-ser-con-perspectiva-de-genero\/"]}]},{"@type":"ImageObject","inLanguage":"es","@id":"https:\/\/www.bbmnoticias.com\/labravaradiofm\/2021\/12\/02\/la-ensenanza-del-derecho-debe-ser-con-perspectiva-de-genero\/#primaryimage","url":"https:\/\/www.bbmnoticias.com\/labravaradiofm\/wp-content\/uploads\/sites\/5\/2021\/12\/smo-oaxaca.jpg","contentUrl":"https:\/\/www.bbmnoticias.com\/labravaradiofm\/wp-content\/uploads\/sites\/5\/2021\/12\/smo-oaxaca.jpg","width":1280,"height":802},{"@type":"BreadcrumbList","@id":"https:\/\/www.bbmnoticias.com\/labravaradiofm\/2021\/12\/02\/la-ensenanza-del-derecho-debe-ser-con-perspectiva-de-genero\/#breadcrumb","itemListElement":[{"@type":"ListItem","position":1,"name":"Inicio","item":"https:\/\/www.bbmnoticias.com\/labravaradiofm\/"},{"@type":"ListItem","position":2,"name":"La ense\u00f1anza del Derecho debe ser con perspectiva de g\u00e9nero"}]},{"@type":"WebSite","@id":"https:\/\/www.bbmnoticias.com\/labravaradiofm\/#website","url":"https:\/\/www.bbmnoticias.com\/labravaradiofm\/","name":"LA BRAVA RADIO","description":"Empresa productora de medios, Radiodifusi\u00f3n, Noticias, tendencias y todo lo que necesitas saber de la pol\u00edtica mexicana e internacional; entretenimiento, espect\u00e1culos, salud y mucho m\u00e1s.","potentialAction":[{"@type":"SearchAction","target":{"@type":"EntryPoint","urlTemplate":"https:\/\/www.bbmnoticias.com\/labravaradiofm\/?s={search_term_string}"},"query-input":{"@type":"PropertyValueSpecification","valueRequired":true,"valueName":"search_term_string"}}],"inLanguage":"es"},{"@type":"Person","@id":"https:\/\/www.bbmnoticias.com\/labravaradiofm\/#\/schema\/person\/68a9e9036ef3c5b55aeb2b71dc8bab45","name":"Staff","image":{"@type":"ImageObject","inLanguage":"es","@id":"https:\/\/secure.gravatar.com\/avatar\/fdd21ad66fd8b98c407f9dee5b5e588cfe7f0d8579ec20fa6527cd59bab7f0f0?s=96&d=mm&r=g","url":"https:\/\/secure.gravatar.com\/avatar\/fdd21ad66fd8b98c407f9dee5b5e588cfe7f0d8579ec20fa6527cd59bab7f0f0?s=96&d=mm&r=g","contentUrl":"https:\/\/secure.gravatar.com\/avatar\/fdd21ad66fd8b98c407f9dee5b5e588cfe7f0d8579ec20fa6527cd59bab7f0f0?s=96&d=mm&r=g","caption":"Staff"},"url":"https:\/\/www.bbmnoticias.com\/labravaradiofm\/author\/redaccion\/"}]}},"_links":{"self":[{"href":"https:\/\/www.bbmnoticias.com\/labravaradiofm\/wp-json\/wp\/v2\/posts\/6542","targetHints":{"allow":["GET"]}}],"collection":[{"href":"https:\/\/www.bbmnoticias.com\/labravaradiofm\/wp-json\/wp\/v2\/posts"}],"about":[{"href":"https:\/\/www.bbmnoticias.com\/labravaradiofm\/wp-json\/wp\/v2\/types\/post"}],"author":[{"embeddable":true,"href":"https:\/\/www.bbmnoticias.com\/labravaradiofm\/wp-json\/wp\/v2\/users\/2"}],"replies":[{"embeddable":true,"href":"https:\/\/www.bbmnoticias.com\/labravaradiofm\/wp-json\/wp\/v2\/comments?post=6542"}],"version-history":[{"count":0,"href":"https:\/\/www.bbmnoticias.com\/labravaradiofm\/wp-json\/wp\/v2\/posts\/6542\/revisions"}],"wp:featuredmedia":[{"embeddable":true,"href":"https:\/\/www.bbmnoticias.com\/labravaradiofm\/wp-json\/wp\/v2\/media\/6543"}],"wp:attachment":[{"href":"https:\/\/www.bbmnoticias.com\/labravaradiofm\/wp-json\/wp\/v2\/media?parent=6542"}],"wp:term":[{"taxonomy":"category","embeddable":true,"href":"https:\/\/www.bbmnoticias.com\/labravaradiofm\/wp-json\/wp\/v2\/categories?post=6542"},{"taxonomy":"post_tag","embeddable":true,"href":"https:\/\/www.bbmnoticias.com\/labravaradiofm\/wp-json\/wp\/v2\/tags?post=6542"}],"curies":[{"name":"wp","href":"https:\/\/api.w.org\/{rel}","templated":true}]}}