{"id":6527,"date":"2021-12-02T09:18:52","date_gmt":"2021-12-02T15:18:52","guid":{"rendered":"https:\/\/www.bbmnoticias.com\/labravaradiofm\/?p=6527"},"modified":"2021-12-02T09:18:53","modified_gmt":"2021-12-02T15:18:53","slug":"capturados-3-de-los-9-fugados-de-penal-de-tula-confirma-lopez-obrador","status":"publish","type":"post","link":"https:\/\/www.bbmnoticias.com\/labravaradiofm\/2021\/12\/02\/capturados-3-de-los-9-fugados-de-penal-de-tula-confirma-lopez-obrador\/","title":{"rendered":"Capturados, 3 de los 9 fugados de penal de Tula, confirma L\u00f3pez Obrador"},"content":{"rendered":"<div style=\"margin-top: 0px; margin-bottom: 0px;\" class=\"sharethis-inline-share-buttons\" ><\/div>\n<p>De los <strong>nueve reos que se fugaron ayer del penal de Tula, Hidalgo<\/strong>, gracias al apoyo de un comando, ya han sido capturados tres, asegur\u00f3 el presidente Andr\u00e9s Manuel L\u00f3pez Obrador.<\/p>\n\n\n\n<p>El mandatario inform\u00f3 que en su reuni\u00f3n con el gabinete de seguridad se dio a conocer la reaprehensi\u00f3n de las tres personas que estaban recluidas en dicho Centro de Reinserci\u00f3n Social; adem\u00e1s asegur\u00f3 que se tiene identificados a todos los participantes.<\/p>\n\n\n\n<figure class=\"wp-block-pullquote\"><blockquote><p>Se lleva a cabo la investigaci\u00f3n y ya se detuvieron a 3 de los 9 fugados, se inform\u00f3 hoy en el gabinete de seguridad, y se tiene completamente a quienes participaron en esto y todos tienen antecedentes penales\u201d, dijo.<\/p><\/blockquote><\/figure>\n\n\n\n<p>Ayer, autoridades dieron a conocer que en la comunidad de Nantzha fue <strong>captura un hombre identificado como Rom\u00e1n \u201cN\u201d<\/strong>, de 35 a\u00f1os de edad, quien fue uno de los nueve reos que huyeron del penal.<\/p>\n\n\n\n<p>De acuerdo con la ficha penitenciaria del sujeto, este ten\u00eda domicilio en L\u00e1zaro C\u00e1rdenas, Michoac\u00e1n. Se encuentra recluido por el delito de secuestro agravado. Fue ingresado al Cereso de Tula el 4 de agosto del a\u00f1o en curso.<\/p>\n\n\n\n<p><strong>EL COMANDO Y LA FUGA<\/strong><\/p>\n\n\n\n<p>Durante la madrugada del mi\u00e9rcoles, nueve presos escaparon del Cereso de Tula, Hidalgo, debido a la irrupci\u00f3n de un grupo de civiles armados, el cual, previamente, hizo detonar autos bomba.<\/p>\n\n\n\n<p>Entre los presos evadidos <strong>se identific\u00f3 a un sujeto como <em>El Michoacano<\/em><\/strong><em>, <\/em>l\u00edder del grupo Pueblos Unidos, relacionado con el tr\u00e1fico de hidrocarburo.<\/p>\n\n\n\n<p>Ayer, en conferencia, el Procurador General de Justicia de Hidalgo, Alejandro Habib Nicolas, inform\u00f3 que las nueve personas que se dieron a la fuga se encontraban procesadas por los delitos de homicidio y secuestro.<\/p>\n","protected":false},"excerpt":{"rendered":"<p>De los nueve reos que se fugaron ayer del penal de Tula, Hidalgo, gracias al apoyo de un comando, ya han sido capturados tres, asegur\u00f3 el presidente Andr\u00e9s Manuel L\u00f3pez Obrador. El mandatario inform\u00f3 que en su reuni\u00f3n con el gabinete de seguridad se dio a conocer la reaprehensi\u00f3n de las tres personas que estaban [&hellip;]<\/p>\n","protected":false},"author":8,"featured_media":6528,"comment_status":"closed","ping_status":"closed","sticky":false,"template":"","format":"standard","meta":{"footnotes":""},"categories":[19],"tags":[],"class_list":{"0":"post-6527","1":"post","2":"type-post","3":"status-publish","4":"format-standard","5":"has-post-thumbnail","7":"category-nacional"},"yoast_head":"<!-- This site is optimized with the Yoast SEO plugin v27.4 - https:\/\/yoast.com\/product\/yoast-seo-wordpress\/ -->\n<title>Capturados, 3 de los 9 fugados de penal de Tula, confirma L\u00f3pez Obrador - LA BRAVA RADIO<\/title>\n<meta name=\"robots\" content=\"index, follow, max-snippet:-1, max-image-preview:large, max-video-preview:-1\" \/>\n<link rel=\"canonical\" href=\"https:\/\/www.bbmnoticias.com\/labravaradiofm\/2021\/12\/02\/capturados-3-de-los-9-fugados-de-penal-de-tula-confirma-lopez-obrador\/\" \/>\n<meta property=\"og:locale\" content=\"es_MX\" \/>\n<meta property=\"og:type\" content=\"article\" \/>\n<meta property=\"og:title\" content=\"Capturados, 3 de los 9 fugados de penal de Tula, confirma L\u00f3pez Obrador - LA BRAVA RADIO\" \/>\n<meta property=\"og:description\" content=\"De los nueve reos que se fugaron ayer del penal de Tula, Hidalgo, gracias al apoyo de un comando, ya han sido capturados tres, asegur\u00f3 el presidente Andr\u00e9s Manuel L\u00f3pez Obrador. El mandatario inform\u00f3 que en su reuni\u00f3n con el gabinete de seguridad se dio a conocer la reaprehensi\u00f3n de las tres personas que estaban [&hellip;]\" \/>\n<meta property=\"og:url\" content=\"https:\/\/www.bbmnoticias.com\/labravaradiofm\/2021\/12\/02\/capturados-3-de-los-9-fugados-de-penal-de-tula-confirma-lopez-obrador\/\" \/>\n<meta property=\"og:site_name\" content=\"LA BRAVA RADIO\" \/>\n<meta property=\"article:published_time\" content=\"2021-12-02T15:18:52+00:00\" \/>\n<meta property=\"article:modified_time\" content=\"2021-12-02T15:18:53+00:00\" \/>\n<meta property=\"og:image\" content=\"https:\/\/www.bbmnoticias.com\/labravaradiofm\/wp-content\/uploads\/sites\/5\/2021\/12\/tula-hidalgo.jpg\" \/>\n\t<meta property=\"og:image:width\" content=\"800\" \/>\n\t<meta property=\"og:image:height\" content=\"600\" \/>\n\t<meta property=\"og:image:type\" content=\"image\/jpeg\" \/>\n<meta name=\"author\" content=\"Exc\u00e9lsior\" \/>\n<meta name=\"twitter:card\" content=\"summary_large_image\" \/>\n<meta name=\"twitter:label1\" content=\"Escrito por\" \/>\n\t<meta name=\"twitter:data1\" content=\"Exc\u00e9lsior\" \/>\n\t<meta name=\"twitter:label2\" content=\"Tiempo de lectura\" \/>\n\t<meta name=\"twitter:data2\" content=\"2 minutos\" \/>\n<script type=\"application\/ld+json\" class=\"yoast-schema-graph\">{\"@context\":\"https:\\\/\\\/schema.org\",\"@graph\":[{\"@type\":\"Article\",\"@id\":\"https:\\\/\\\/www.bbmnoticias.com\\\/labravaradiofm\\\/2021\\\/12\\\/02\\\/capturados-3-de-los-9-fugados-de-penal-de-tula-confirma-lopez-obrador\\\/#article\",\"isPartOf\":{\"@id\":\"https:\\\/\\\/www.bbmnoticias.com\\\/labravaradiofm\\\/2021\\\/12\\\/02\\\/capturados-3-de-los-9-fugados-de-penal-de-tula-confirma-lopez-obrador\\\/\"},\"author\":{\"name\":\"Exc\u00e9lsior\",\"@id\":\"https:\\\/\\\/www.bbmnoticias.com\\\/labravaradiofm\\\/#\\\/schema\\\/person\\\/56f4677efb93d47930db8f58aa971b20\"},\"headline\":\"Capturados, 3 de los 9 fugados de penal de Tula, confirma L\u00f3pez Obrador\",\"datePublished\":\"2021-12-02T15:18:52+00:00\",\"dateModified\":\"2021-12-02T15:18:53+00:00\",\"mainEntityOfPage\":{\"@id\":\"https:\\\/\\\/www.bbmnoticias.com\\\/labravaradiofm\\\/2021\\\/12\\\/02\\\/capturados-3-de-los-9-fugados-de-penal-de-tula-confirma-lopez-obrador\\\/\"},\"wordCount\":302,\"image\":{\"@id\":\"https:\\\/\\\/www.bbmnoticias.com\\\/labravaradiofm\\\/2021\\\/12\\\/02\\\/capturados-3-de-los-9-fugados-de-penal-de-tula-confirma-lopez-obrador\\\/#primaryimage\"},\"thumbnailUrl\":\"https:\\\/\\\/www.bbmnoticias.com\\\/labravaradiofm\\\/wp-content\\\/uploads\\\/sites\\\/5\\\/2021\\\/12\\\/tula-hidalgo.jpg\",\"articleSection\":[\"NACIONAL\"],\"inLanguage\":\"es\"},{\"@type\":\"WebPage\",\"@id\":\"https:\\\/\\\/www.bbmnoticias.com\\\/labravaradiofm\\\/2021\\\/12\\\/02\\\/capturados-3-de-los-9-fugados-de-penal-de-tula-confirma-lopez-obrador\\\/\",\"url\":\"https:\\\/\\\/www.bbmnoticias.com\\\/labravaradiofm\\\/2021\\\/12\\\/02\\\/capturados-3-de-los-9-fugados-de-penal-de-tula-confirma-lopez-obrador\\\/\",\"name\":\"Capturados, 3 de los 9 fugados de penal de Tula, confirma L\u00f3pez Obrador - LA BRAVA RADIO\",\"isPartOf\":{\"@id\":\"https:\\\/\\\/www.bbmnoticias.com\\\/labravaradiofm\\\/#website\"},\"primaryImageOfPage\":{\"@id\":\"https:\\\/\\\/www.bbmnoticias.com\\\/labravaradiofm\\\/2021\\\/12\\\/02\\\/capturados-3-de-los-9-fugados-de-penal-de-tula-confirma-lopez-obrador\\\/#primaryimage\"},\"image\":{\"@id\":\"https:\\\/\\\/www.bbmnoticias.com\\\/labravaradiofm\\\/2021\\\/12\\\/02\\\/capturados-3-de-los-9-fugados-de-penal-de-tula-confirma-lopez-obrador\\\/#primaryimage\"},\"thumbnailUrl\":\"https:\\\/\\\/www.bbmnoticias.com\\\/labravaradiofm\\\/wp-content\\\/uploads\\\/sites\\\/5\\\/2021\\\/12\\\/tula-hidalgo.jpg\",\"datePublished\":\"2021-12-02T15:18:52+00:00\",\"dateModified\":\"2021-12-02T15:18:53+00:00\",\"author\":{\"@id\":\"https:\\\/\\\/www.bbmnoticias.com\\\/labravaradiofm\\\/#\\\/schema\\\/person\\\/56f4677efb93d47930db8f58aa971b20\"},\"breadcrumb\":{\"@id\":\"https:\\\/\\\/www.bbmnoticias.com\\\/labravaradiofm\\\/2021\\\/12\\\/02\\\/capturados-3-de-los-9-fugados-de-penal-de-tula-confirma-lopez-obrador\\\/#breadcrumb\"},\"inLanguage\":\"es\",\"potentialAction\":[{\"@type\":\"ReadAction\",\"target\":[\"https:\\\/\\\/www.bbmnoticias.com\\\/labravaradiofm\\\/2021\\\/12\\\/02\\\/capturados-3-de-los-9-fugados-de-penal-de-tula-confirma-lopez-obrador\\\/\"]}]},{\"@type\":\"ImageObject\",\"inLanguage\":\"es\",\"@id\":\"https:\\\/\\\/www.bbmnoticias.com\\\/labravaradiofm\\\/2021\\\/12\\\/02\\\/capturados-3-de-los-9-fugados-de-penal-de-tula-confirma-lopez-obrador\\\/#primaryimage\",\"url\":\"https:\\\/\\\/www.bbmnoticias.com\\\/labravaradiofm\\\/wp-content\\\/uploads\\\/sites\\\/5\\\/2021\\\/12\\\/tula-hidalgo.jpg\",\"contentUrl\":\"https:\\\/\\\/www.bbmnoticias.com\\\/labravaradiofm\\\/wp-content\\\/uploads\\\/sites\\\/5\\\/2021\\\/12\\\/tula-hidalgo.jpg\",\"width\":800,\"height\":600},{\"@type\":\"BreadcrumbList\",\"@id\":\"https:\\\/\\\/www.bbmnoticias.com\\\/labravaradiofm\\\/2021\\\/12\\\/02\\\/capturados-3-de-los-9-fugados-de-penal-de-tula-confirma-lopez-obrador\\\/#breadcrumb\",\"itemListElement\":[{\"@type\":\"ListItem\",\"position\":1,\"name\":\"Inicio\",\"item\":\"https:\\\/\\\/www.bbmnoticias.com\\\/labravaradiofm\\\/\"},{\"@type\":\"ListItem\",\"position\":2,\"name\":\"Capturados, 3 de los 9 fugados de penal de Tula, confirma L\u00f3pez Obrador\"}]},{\"@type\":\"WebSite\",\"@id\":\"https:\\\/\\\/www.bbmnoticias.com\\\/labravaradiofm\\\/#website\",\"url\":\"https:\\\/\\\/www.bbmnoticias.com\\\/labravaradiofm\\\/\",\"name\":\"LA BRAVA RADIO\",\"description\":\"Empresa productora de medios, Radiodifusi\u00f3n, Noticias, tendencias y todo lo que necesitas saber de la pol\u00edtica mexicana e internacional; entretenimiento, espect\u00e1culos, salud y mucho m\u00e1s.\",\"potentialAction\":[{\"@type\":\"SearchAction\",\"target\":{\"@type\":\"EntryPoint\",\"urlTemplate\":\"https:\\\/\\\/www.bbmnoticias.com\\\/labravaradiofm\\\/?s={search_term_string}\"},\"query-input\":{\"@type\":\"PropertyValueSpecification\",\"valueRequired\":true,\"valueName\":\"search_term_string\"}}],\"inLanguage\":\"es\"},{\"@type\":\"Person\",\"@id\":\"https:\\\/\\\/www.bbmnoticias.com\\\/labravaradiofm\\\/#\\\/schema\\\/person\\\/56f4677efb93d47930db8f58aa971b20\",\"name\":\"Exc\u00e9lsior\",\"image\":{\"@type\":\"ImageObject\",\"inLanguage\":\"es\",\"@id\":\"https:\\\/\\\/secure.gravatar.com\\\/avatar\\\/497265c4dbe1cd0e2f3f1b19aba0f5779c7f95d09e139a5b83c1ecd47b4e780d?s=96&d=mm&r=g\",\"url\":\"https:\\\/\\\/secure.gravatar.com\\\/avatar\\\/497265c4dbe1cd0e2f3f1b19aba0f5779c7f95d09e139a5b83c1ecd47b4e780d?s=96&d=mm&r=g\",\"contentUrl\":\"https:\\\/\\\/secure.gravatar.com\\\/avatar\\\/497265c4dbe1cd0e2f3f1b19aba0f5779c7f95d09e139a5b83c1ecd47b4e780d?s=96&d=mm&r=g\",\"caption\":\"Exc\u00e9lsior\"},\"url\":\"https:\\\/\\\/www.bbmnoticias.com\\\/labravaradiofm\\\/author\\\/excelsior\\\/\"}]}<\/script>\n<!-- \/ Yoast SEO plugin. -->","yoast_head_json":{"title":"Capturados, 3 de los 9 fugados de penal de Tula, confirma L\u00f3pez Obrador - LA BRAVA RADIO","robots":{"index":"index","follow":"follow","max-snippet":"max-snippet:-1","max-image-preview":"max-image-preview:large","max-video-preview":"max-video-preview:-1"},"canonical":"https:\/\/www.bbmnoticias.com\/labravaradiofm\/2021\/12\/02\/capturados-3-de-los-9-fugados-de-penal-de-tula-confirma-lopez-obrador\/","og_locale":"es_MX","og_type":"article","og_title":"Capturados, 3 de los 9 fugados de penal de Tula, confirma L\u00f3pez Obrador - LA BRAVA RADIO","og_description":"De los nueve reos que se fugaron ayer del penal de Tula, Hidalgo, gracias al apoyo de un comando, ya han sido capturados tres, asegur\u00f3 el presidente Andr\u00e9s Manuel L\u00f3pez Obrador. El mandatario inform\u00f3 que en su reuni\u00f3n con el gabinete de seguridad se dio a conocer la reaprehensi\u00f3n de las tres personas que estaban [&hellip;]","og_url":"https:\/\/www.bbmnoticias.com\/labravaradiofm\/2021\/12\/02\/capturados-3-de-los-9-fugados-de-penal-de-tula-confirma-lopez-obrador\/","og_site_name":"LA BRAVA RADIO","article_published_time":"2021-12-02T15:18:52+00:00","article_modified_time":"2021-12-02T15:18:53+00:00","og_image":[{"width":800,"height":600,"url":"https:\/\/www.bbmnoticias.com\/labravaradiofm\/wp-content\/uploads\/sites\/5\/2021\/12\/tula-hidalgo.jpg","type":"image\/jpeg"}],"author":"Exc\u00e9lsior","twitter_card":"summary_large_image","twitter_misc":{"Escrito por":"Exc\u00e9lsior","Tiempo de lectura":"2 minutos"},"schema":{"@context":"https:\/\/schema.org","@graph":[{"@type":"Article","@id":"https:\/\/www.bbmnoticias.com\/labravaradiofm\/2021\/12\/02\/capturados-3-de-los-9-fugados-de-penal-de-tula-confirma-lopez-obrador\/#article","isPartOf":{"@id":"https:\/\/www.bbmnoticias.com\/labravaradiofm\/2021\/12\/02\/capturados-3-de-los-9-fugados-de-penal-de-tula-confirma-lopez-obrador\/"},"author":{"name":"Exc\u00e9lsior","@id":"https:\/\/www.bbmnoticias.com\/labravaradiofm\/#\/schema\/person\/56f4677efb93d47930db8f58aa971b20"},"headline":"Capturados, 3 de los 9 fugados de penal de Tula, confirma L\u00f3pez Obrador","datePublished":"2021-12-02T15:18:52+00:00","dateModified":"2021-12-02T15:18:53+00:00","mainEntityOfPage":{"@id":"https:\/\/www.bbmnoticias.com\/labravaradiofm\/2021\/12\/02\/capturados-3-de-los-9-fugados-de-penal-de-tula-confirma-lopez-obrador\/"},"wordCount":302,"image":{"@id":"https:\/\/www.bbmnoticias.com\/labravaradiofm\/2021\/12\/02\/capturados-3-de-los-9-fugados-de-penal-de-tula-confirma-lopez-obrador\/#primaryimage"},"thumbnailUrl":"https:\/\/www.bbmnoticias.com\/labravaradiofm\/wp-content\/uploads\/sites\/5\/2021\/12\/tula-hidalgo.jpg","articleSection":["NACIONAL"],"inLanguage":"es"},{"@type":"WebPage","@id":"https:\/\/www.bbmnoticias.com\/labravaradiofm\/2021\/12\/02\/capturados-3-de-los-9-fugados-de-penal-de-tula-confirma-lopez-obrador\/","url":"https:\/\/www.bbmnoticias.com\/labravaradiofm\/2021\/12\/02\/capturados-3-de-los-9-fugados-de-penal-de-tula-confirma-lopez-obrador\/","name":"Capturados, 3 de los 9 fugados de penal de Tula, confirma L\u00f3pez Obrador - LA BRAVA RADIO","isPartOf":{"@id":"https:\/\/www.bbmnoticias.com\/labravaradiofm\/#website"},"primaryImageOfPage":{"@id":"https:\/\/www.bbmnoticias.com\/labravaradiofm\/2021\/12\/02\/capturados-3-de-los-9-fugados-de-penal-de-tula-confirma-lopez-obrador\/#primaryimage"},"image":{"@id":"https:\/\/www.bbmnoticias.com\/labravaradiofm\/2021\/12\/02\/capturados-3-de-los-9-fugados-de-penal-de-tula-confirma-lopez-obrador\/#primaryimage"},"thumbnailUrl":"https:\/\/www.bbmnoticias.com\/labravaradiofm\/wp-content\/uploads\/sites\/5\/2021\/12\/tula-hidalgo.jpg","datePublished":"2021-12-02T15:18:52+00:00","dateModified":"2021-12-02T15:18:53+00:00","author":{"@id":"https:\/\/www.bbmnoticias.com\/labravaradiofm\/#\/schema\/person\/56f4677efb93d47930db8f58aa971b20"},"breadcrumb":{"@id":"https:\/\/www.bbmnoticias.com\/labravaradiofm\/2021\/12\/02\/capturados-3-de-los-9-fugados-de-penal-de-tula-confirma-lopez-obrador\/#breadcrumb"},"inLanguage":"es","potentialAction":[{"@type":"ReadAction","target":["https:\/\/www.bbmnoticias.com\/labravaradiofm\/2021\/12\/02\/capturados-3-de-los-9-fugados-de-penal-de-tula-confirma-lopez-obrador\/"]}]},{"@type":"ImageObject","inLanguage":"es","@id":"https:\/\/www.bbmnoticias.com\/labravaradiofm\/2021\/12\/02\/capturados-3-de-los-9-fugados-de-penal-de-tula-confirma-lopez-obrador\/#primaryimage","url":"https:\/\/www.bbmnoticias.com\/labravaradiofm\/wp-content\/uploads\/sites\/5\/2021\/12\/tula-hidalgo.jpg","contentUrl":"https:\/\/www.bbmnoticias.com\/labravaradiofm\/wp-content\/uploads\/sites\/5\/2021\/12\/tula-hidalgo.jpg","width":800,"height":600},{"@type":"BreadcrumbList","@id":"https:\/\/www.bbmnoticias.com\/labravaradiofm\/2021\/12\/02\/capturados-3-de-los-9-fugados-de-penal-de-tula-confirma-lopez-obrador\/#breadcrumb","itemListElement":[{"@type":"ListItem","position":1,"name":"Inicio","item":"https:\/\/www.bbmnoticias.com\/labravaradiofm\/"},{"@type":"ListItem","position":2,"name":"Capturados, 3 de los 9 fugados de penal de Tula, confirma L\u00f3pez Obrador"}]},{"@type":"WebSite","@id":"https:\/\/www.bbmnoticias.com\/labravaradiofm\/#website","url":"https:\/\/www.bbmnoticias.com\/labravaradiofm\/","name":"LA BRAVA RADIO","description":"Empresa productora de medios, Radiodifusi\u00f3n, Noticias, tendencias y todo lo que necesitas saber de la pol\u00edtica mexicana e internacional; entretenimiento, espect\u00e1culos, salud y mucho m\u00e1s.","potentialAction":[{"@type":"SearchAction","target":{"@type":"EntryPoint","urlTemplate":"https:\/\/www.bbmnoticias.com\/labravaradiofm\/?s={search_term_string}"},"query-input":{"@type":"PropertyValueSpecification","valueRequired":true,"valueName":"search_term_string"}}],"inLanguage":"es"},{"@type":"Person","@id":"https:\/\/www.bbmnoticias.com\/labravaradiofm\/#\/schema\/person\/56f4677efb93d47930db8f58aa971b20","name":"Exc\u00e9lsior","image":{"@type":"ImageObject","inLanguage":"es","@id":"https:\/\/secure.gravatar.com\/avatar\/497265c4dbe1cd0e2f3f1b19aba0f5779c7f95d09e139a5b83c1ecd47b4e780d?s=96&d=mm&r=g","url":"https:\/\/secure.gravatar.com\/avatar\/497265c4dbe1cd0e2f3f1b19aba0f5779c7f95d09e139a5b83c1ecd47b4e780d?s=96&d=mm&r=g","contentUrl":"https:\/\/secure.gravatar.com\/avatar\/497265c4dbe1cd0e2f3f1b19aba0f5779c7f95d09e139a5b83c1ecd47b4e780d?s=96&d=mm&r=g","caption":"Exc\u00e9lsior"},"url":"https:\/\/www.bbmnoticias.com\/labravaradiofm\/author\/excelsior\/"}]}},"_links":{"self":[{"href":"https:\/\/www.bbmnoticias.com\/labravaradiofm\/wp-json\/wp\/v2\/posts\/6527","targetHints":{"allow":["GET"]}}],"collection":[{"href":"https:\/\/www.bbmnoticias.com\/labravaradiofm\/wp-json\/wp\/v2\/posts"}],"about":[{"href":"https:\/\/www.bbmnoticias.com\/labravaradiofm\/wp-json\/wp\/v2\/types\/post"}],"author":[{"embeddable":true,"href":"https:\/\/www.bbmnoticias.com\/labravaradiofm\/wp-json\/wp\/v2\/users\/8"}],"replies":[{"embeddable":true,"href":"https:\/\/www.bbmnoticias.com\/labravaradiofm\/wp-json\/wp\/v2\/comments?post=6527"}],"version-history":[{"count":0,"href":"https:\/\/www.bbmnoticias.com\/labravaradiofm\/wp-json\/wp\/v2\/posts\/6527\/revisions"}],"wp:featuredmedia":[{"embeddable":true,"href":"https:\/\/www.bbmnoticias.com\/labravaradiofm\/wp-json\/wp\/v2\/media\/6528"}],"wp:attachment":[{"href":"https:\/\/www.bbmnoticias.com\/labravaradiofm\/wp-json\/wp\/v2\/media?parent=6527"}],"wp:term":[{"taxonomy":"category","embeddable":true,"href":"https:\/\/www.bbmnoticias.com\/labravaradiofm\/wp-json\/wp\/v2\/categories?post=6527"},{"taxonomy":"post_tag","embeddable":true,"href":"https:\/\/www.bbmnoticias.com\/labravaradiofm\/wp-json\/wp\/v2\/tags?post=6527"}],"curies":[{"name":"wp","href":"https:\/\/api.w.org\/{rel}","templated":true}]}}