{"id":6519,"date":"2021-12-02T08:38:25","date_gmt":"2021-12-02T14:38:25","guid":{"rendered":"https:\/\/www.bbmnoticias.com\/labravaradiofm\/?p=6519"},"modified":"2021-12-02T08:38:27","modified_gmt":"2021-12-02T14:38:27","slug":"sudafrica-y-botsuana-tienen-el-62-de-los-casos-por-omicron-en-europa-provocara-mas-de-la-mitad","status":"publish","type":"post","link":"https:\/\/www.bbmnoticias.com\/labravaradiofm\/2021\/12\/02\/sudafrica-y-botsuana-tienen-el-62-de-los-casos-por-omicron-en-europa-provocara-mas-de-la-mitad\/","title":{"rendered":"Sud\u00e1frica y Botsuana tienen el 62% de los casos por \u00d3micron; en Europa provocar\u00e1 m\u00e1s de la mitad"},"content":{"rendered":"<div style=\"margin-top: 0px; margin-bottom: 0px;\" class=\"sharethis-inline-share-buttons\" ><\/div>\n<p>La Organizaci\u00f3n Mundial de la Salud (OMS), inform\u00f3 que el 62% de los casos de la variante<strong>\u00d3micron<\/strong> en el mundo se encuentran en<strong> Sud\u00e1frica <\/strong>y <strong>Botsuana<\/strong>.<\/p>\n\n\n\n<p>Hasta el momento se han reportado 172 y 19 casos de Covid-19 de esta nueva variante en Sud\u00e1frica y Botsuana respectivamente.<\/p>\n\n\n\n<p>Adem\u00e1s, 4 pa\u00edses de \u00c1frica han confirmado tener contagios; sin embargo, los pa\u00edses del continente est\u00e1n \u201credoblando medidas\u201d para detectar y controlar la pandemia, asegur\u00f3 la OMS.<\/p>\n\n\n\n<h2 class=\"wp-block-heading\"><strong>M\u00e1s de 20 pa\u00edses tienen casos de \u00d3micron<\/strong><\/h2>\n\n\n\n<p>La OMS tambi\u00e9n advirti\u00f3 que m\u00e1s de 20 pa\u00edses ya han registrado casos por la variante <strong>\u00d3micron<\/strong>, por lo que llam\u00f3 a incrementar las medidas de detecci\u00f3n.<\/p>\n\n\n\n<p>Asimismo, pidi\u00f3 que todos los pa\u00edses \u201cajusten\u201d la respuesta a la detecci\u00f3n y control de Covid-19 para evitar que la nueva variante se siga extendiendo.<\/p>\n\n\n\n<figure class=\"wp-block-pullquote\"><blockquote><p>\u201cLa detecci\u00f3n y la notificaci\u00f3n oportuna de la nueva variante por Botsuana y Sud\u00e1frica ha hecho que el mundo gane tiempo. Tenemos una oportunidad, pero debemos actuar con rapidez y aumentar las medidas de detecci\u00f3n y prevenci\u00f3n\u201d OMS<\/p><\/blockquote><\/figure>\n\n\n\n<p>Adem\u00e1s, record\u00f3 que la nueva variante del Covid-19 tiene 32 mutaciones que, de acuerdo con la evidencia preliminar, sugiere un alto riesgo de reinfecci\u00f3n.<\/p>\n\n\n\n<p>Actualmente los cient\u00edficos e investigadores est\u00e1n buscando comprender<\/p>\n\n\n\n<ul class=\"wp-block-list\"><li>La transmisibilidad<\/li><li>La gravedad<\/li><li>El impacto en relaci\u00f3n con vacunas, diagn\u00f3stico y tratamientos<\/li><\/ul>\n\n\n\n<h2 class=\"wp-block-heading\"><strong>\u00d3micron causar\u00e1 m\u00e1s de la mitad de los casos Covid-19 en Europa<\/strong><\/h2>\n\n\n\n<p>Por otra parte, el Centro Europeo para la Prevenci\u00f3n y el Control de las Enfermedades (ECDC, por sus siglas en ingl\u00e9s) asegur\u00f3 que m\u00e1s de la mitad de los casos C\u00f3vid-19 en el continente ser\u00e1n de <strong>\u00d3micron<\/strong> en los pr\u00f3ximos meses.<\/p>\n\n\n\n<p>A trav\u00e9s de un comunicado, el ECDC inform\u00f3 que los c\u00e1lculos matem\u00e1ticos afirman la nueva variante ser\u00e1 la responsable de la mitad de los casos en <strong>Europa<\/strong>.<\/p>\n\n\n\n<p>La agencia sanitara europea record\u00f3 que existen muchas preguntas sin resolver sobre la variante de \u00d3micron, lo que ha provocado p\u00e1nico en el mundo.<\/p>\n\n\n\n<p>Sin embargo, no se han confirmado muertes hasta el momento relacionadas con la nueva variante de Covid-19.<\/p>\n","protected":false},"excerpt":{"rendered":"<p>La Organizaci\u00f3n Mundial de la Salud (OMS), inform\u00f3 que el 62% de los casos de la variante\u00d3micron en el mundo se encuentran en Sud\u00e1frica y Botsuana. Hasta el momento se han reportado 172 y 19 casos de Covid-19 de esta nueva variante en Sud\u00e1frica y Botsuana respectivamente. Adem\u00e1s, 4 pa\u00edses de \u00c1frica han confirmado tener [&hellip;]<\/p>\n","protected":false},"author":12,"featured_media":6520,"comment_status":"closed","ping_status":"closed","sticky":false,"template":"","format":"standard","meta":{"footnotes":""},"categories":[1],"tags":[],"class_list":{"0":"post-6519","1":"post","2":"type-post","3":"status-publish","4":"format-standard","5":"has-post-thumbnail","7":"category-sin-categoria"},"yoast_head":"<!-- This site is optimized with the Yoast SEO plugin v27.4 - https:\/\/yoast.com\/product\/yoast-seo-wordpress\/ -->\n<title>Sud\u00e1frica y Botsuana tienen el 62% de los casos por \u00d3micron; en Europa provocar\u00e1 m\u00e1s de la mitad - LA BRAVA RADIO<\/title>\n<meta name=\"robots\" content=\"index, follow, max-snippet:-1, max-image-preview:large, max-video-preview:-1\" \/>\n<link rel=\"canonical\" href=\"https:\/\/www.bbmnoticias.com\/labravaradiofm\/2021\/12\/02\/sudafrica-y-botsuana-tienen-el-62-de-los-casos-por-omicron-en-europa-provocara-mas-de-la-mitad\/\" \/>\n<meta property=\"og:locale\" content=\"es_MX\" \/>\n<meta property=\"og:type\" content=\"article\" \/>\n<meta property=\"og:title\" content=\"Sud\u00e1frica y Botsuana tienen el 62% de los casos por \u00d3micron; en Europa provocar\u00e1 m\u00e1s de la mitad - LA BRAVA RADIO\" \/>\n<meta property=\"og:description\" content=\"La Organizaci\u00f3n Mundial de la Salud (OMS), inform\u00f3 que el 62% de los casos de la variante\u00d3micron en el mundo se encuentran en Sud\u00e1frica y Botsuana. Hasta el momento se han reportado 172 y 19 casos de Covid-19 de esta nueva variante en Sud\u00e1frica y Botsuana respectivamente. Adem\u00e1s, 4 pa\u00edses de \u00c1frica han confirmado tener [&hellip;]\" \/>\n<meta property=\"og:url\" content=\"https:\/\/www.bbmnoticias.com\/labravaradiofm\/2021\/12\/02\/sudafrica-y-botsuana-tienen-el-62-de-los-casos-por-omicron-en-europa-provocara-mas-de-la-mitad\/\" \/>\n<meta property=\"og:site_name\" content=\"LA BRAVA RADIO\" \/>\n<meta property=\"article:published_time\" content=\"2021-12-02T14:38:25+00:00\" \/>\n<meta property=\"article:modified_time\" content=\"2021-12-02T14:38:27+00:00\" \/>\n<meta property=\"og:image\" content=\"https:\/\/www.bbmnoticias.com\/labravaradiofm\/wp-content\/uploads\/sites\/5\/2021\/12\/sudafrica-omicron.jpg\" \/>\n\t<meta property=\"og:image:width\" content=\"640\" \/>\n\t<meta property=\"og:image:height\" content=\"360\" \/>\n\t<meta property=\"og:image:type\" content=\"image\/jpeg\" \/>\n<meta name=\"author\" content=\"SDPnoticias\" \/>\n<meta name=\"twitter:card\" content=\"summary_large_image\" \/>\n<meta name=\"twitter:label1\" content=\"Escrito por\" \/>\n\t<meta name=\"twitter:data1\" content=\"SDPnoticias\" \/>\n\t<meta name=\"twitter:label2\" content=\"Tiempo de lectura\" \/>\n\t<meta name=\"twitter:data2\" content=\"2 minutos\" \/>\n<script type=\"application\/ld+json\" class=\"yoast-schema-graph\">{\"@context\":\"https:\\\/\\\/schema.org\",\"@graph\":[{\"@type\":\"Article\",\"@id\":\"https:\\\/\\\/www.bbmnoticias.com\\\/labravaradiofm\\\/2021\\\/12\\\/02\\\/sudafrica-y-botsuana-tienen-el-62-de-los-casos-por-omicron-en-europa-provocara-mas-de-la-mitad\\\/#article\",\"isPartOf\":{\"@id\":\"https:\\\/\\\/www.bbmnoticias.com\\\/labravaradiofm\\\/2021\\\/12\\\/02\\\/sudafrica-y-botsuana-tienen-el-62-de-los-casos-por-omicron-en-europa-provocara-mas-de-la-mitad\\\/\"},\"author\":{\"name\":\"SDPnoticias\",\"@id\":\"https:\\\/\\\/www.bbmnoticias.com\\\/labravaradiofm\\\/#\\\/schema\\\/person\\\/baf240d77a345f5fbc3dc146f9161af9\"},\"headline\":\"Sud\u00e1frica y Botsuana tienen el 62% de los casos por \u00d3micron; en Europa provocar\u00e1 m\u00e1s de la mitad\",\"datePublished\":\"2021-12-02T14:38:25+00:00\",\"dateModified\":\"2021-12-02T14:38:27+00:00\",\"mainEntityOfPage\":{\"@id\":\"https:\\\/\\\/www.bbmnoticias.com\\\/labravaradiofm\\\/2021\\\/12\\\/02\\\/sudafrica-y-botsuana-tienen-el-62-de-los-casos-por-omicron-en-europa-provocara-mas-de-la-mitad\\\/\"},\"wordCount\":388,\"image\":{\"@id\":\"https:\\\/\\\/www.bbmnoticias.com\\\/labravaradiofm\\\/2021\\\/12\\\/02\\\/sudafrica-y-botsuana-tienen-el-62-de-los-casos-por-omicron-en-europa-provocara-mas-de-la-mitad\\\/#primaryimage\"},\"thumbnailUrl\":\"https:\\\/\\\/www.bbmnoticias.com\\\/labravaradiofm\\\/wp-content\\\/uploads\\\/sites\\\/5\\\/2021\\\/12\\\/sudafrica-omicron.jpg\",\"inLanguage\":\"es\"},{\"@type\":\"WebPage\",\"@id\":\"https:\\\/\\\/www.bbmnoticias.com\\\/labravaradiofm\\\/2021\\\/12\\\/02\\\/sudafrica-y-botsuana-tienen-el-62-de-los-casos-por-omicron-en-europa-provocara-mas-de-la-mitad\\\/\",\"url\":\"https:\\\/\\\/www.bbmnoticias.com\\\/labravaradiofm\\\/2021\\\/12\\\/02\\\/sudafrica-y-botsuana-tienen-el-62-de-los-casos-por-omicron-en-europa-provocara-mas-de-la-mitad\\\/\",\"name\":\"Sud\u00e1frica y Botsuana tienen el 62% de los casos por \u00d3micron; en Europa provocar\u00e1 m\u00e1s de la mitad - LA BRAVA RADIO\",\"isPartOf\":{\"@id\":\"https:\\\/\\\/www.bbmnoticias.com\\\/labravaradiofm\\\/#website\"},\"primaryImageOfPage\":{\"@id\":\"https:\\\/\\\/www.bbmnoticias.com\\\/labravaradiofm\\\/2021\\\/12\\\/02\\\/sudafrica-y-botsuana-tienen-el-62-de-los-casos-por-omicron-en-europa-provocara-mas-de-la-mitad\\\/#primaryimage\"},\"image\":{\"@id\":\"https:\\\/\\\/www.bbmnoticias.com\\\/labravaradiofm\\\/2021\\\/12\\\/02\\\/sudafrica-y-botsuana-tienen-el-62-de-los-casos-por-omicron-en-europa-provocara-mas-de-la-mitad\\\/#primaryimage\"},\"thumbnailUrl\":\"https:\\\/\\\/www.bbmnoticias.com\\\/labravaradiofm\\\/wp-content\\\/uploads\\\/sites\\\/5\\\/2021\\\/12\\\/sudafrica-omicron.jpg\",\"datePublished\":\"2021-12-02T14:38:25+00:00\",\"dateModified\":\"2021-12-02T14:38:27+00:00\",\"author\":{\"@id\":\"https:\\\/\\\/www.bbmnoticias.com\\\/labravaradiofm\\\/#\\\/schema\\\/person\\\/baf240d77a345f5fbc3dc146f9161af9\"},\"breadcrumb\":{\"@id\":\"https:\\\/\\\/www.bbmnoticias.com\\\/labravaradiofm\\\/2021\\\/12\\\/02\\\/sudafrica-y-botsuana-tienen-el-62-de-los-casos-por-omicron-en-europa-provocara-mas-de-la-mitad\\\/#breadcrumb\"},\"inLanguage\":\"es\",\"potentialAction\":[{\"@type\":\"ReadAction\",\"target\":[\"https:\\\/\\\/www.bbmnoticias.com\\\/labravaradiofm\\\/2021\\\/12\\\/02\\\/sudafrica-y-botsuana-tienen-el-62-de-los-casos-por-omicron-en-europa-provocara-mas-de-la-mitad\\\/\"]}]},{\"@type\":\"ImageObject\",\"inLanguage\":\"es\",\"@id\":\"https:\\\/\\\/www.bbmnoticias.com\\\/labravaradiofm\\\/2021\\\/12\\\/02\\\/sudafrica-y-botsuana-tienen-el-62-de-los-casos-por-omicron-en-europa-provocara-mas-de-la-mitad\\\/#primaryimage\",\"url\":\"https:\\\/\\\/www.bbmnoticias.com\\\/labravaradiofm\\\/wp-content\\\/uploads\\\/sites\\\/5\\\/2021\\\/12\\\/sudafrica-omicron.jpg\",\"contentUrl\":\"https:\\\/\\\/www.bbmnoticias.com\\\/labravaradiofm\\\/wp-content\\\/uploads\\\/sites\\\/5\\\/2021\\\/12\\\/sudafrica-omicron.jpg\",\"width\":640,\"height\":360},{\"@type\":\"BreadcrumbList\",\"@id\":\"https:\\\/\\\/www.bbmnoticias.com\\\/labravaradiofm\\\/2021\\\/12\\\/02\\\/sudafrica-y-botsuana-tienen-el-62-de-los-casos-por-omicron-en-europa-provocara-mas-de-la-mitad\\\/#breadcrumb\",\"itemListElement\":[{\"@type\":\"ListItem\",\"position\":1,\"name\":\"Inicio\",\"item\":\"https:\\\/\\\/www.bbmnoticias.com\\\/labravaradiofm\\\/\"},{\"@type\":\"ListItem\",\"position\":2,\"name\":\"Sud\u00e1frica y Botsuana tienen el 62% de los casos por \u00d3micron; en Europa provocar\u00e1 m\u00e1s de la mitad\"}]},{\"@type\":\"WebSite\",\"@id\":\"https:\\\/\\\/www.bbmnoticias.com\\\/labravaradiofm\\\/#website\",\"url\":\"https:\\\/\\\/www.bbmnoticias.com\\\/labravaradiofm\\\/\",\"name\":\"LA BRAVA RADIO\",\"description\":\"Empresa productora de medios, Radiodifusi\u00f3n, Noticias, tendencias y todo lo que necesitas saber de la pol\u00edtica mexicana e internacional; entretenimiento, espect\u00e1culos, salud y mucho m\u00e1s.\",\"potentialAction\":[{\"@type\":\"SearchAction\",\"target\":{\"@type\":\"EntryPoint\",\"urlTemplate\":\"https:\\\/\\\/www.bbmnoticias.com\\\/labravaradiofm\\\/?s={search_term_string}\"},\"query-input\":{\"@type\":\"PropertyValueSpecification\",\"valueRequired\":true,\"valueName\":\"search_term_string\"}}],\"inLanguage\":\"es\"},{\"@type\":\"Person\",\"@id\":\"https:\\\/\\\/www.bbmnoticias.com\\\/labravaradiofm\\\/#\\\/schema\\\/person\\\/baf240d77a345f5fbc3dc146f9161af9\",\"name\":\"SDPnoticias\",\"image\":{\"@type\":\"ImageObject\",\"inLanguage\":\"es\",\"@id\":\"https:\\\/\\\/secure.gravatar.com\\\/avatar\\\/015ede9175a06d999d8b2b09e108b48c9e008e4ee44a647956086b51bbce326c?s=96&d=mm&r=g\",\"url\":\"https:\\\/\\\/secure.gravatar.com\\\/avatar\\\/015ede9175a06d999d8b2b09e108b48c9e008e4ee44a647956086b51bbce326c?s=96&d=mm&r=g\",\"contentUrl\":\"https:\\\/\\\/secure.gravatar.com\\\/avatar\\\/015ede9175a06d999d8b2b09e108b48c9e008e4ee44a647956086b51bbce326c?s=96&d=mm&r=g\",\"caption\":\"SDPnoticias\"},\"url\":\"https:\\\/\\\/www.bbmnoticias.com\\\/labravaradiofm\\\/author\\\/sdpnoticias\\\/\"}]}<\/script>\n<!-- \/ Yoast SEO plugin. -->","yoast_head_json":{"title":"Sud\u00e1frica y Botsuana tienen el 62% de los casos por \u00d3micron; en Europa provocar\u00e1 m\u00e1s de la mitad - LA BRAVA RADIO","robots":{"index":"index","follow":"follow","max-snippet":"max-snippet:-1","max-image-preview":"max-image-preview:large","max-video-preview":"max-video-preview:-1"},"canonical":"https:\/\/www.bbmnoticias.com\/labravaradiofm\/2021\/12\/02\/sudafrica-y-botsuana-tienen-el-62-de-los-casos-por-omicron-en-europa-provocara-mas-de-la-mitad\/","og_locale":"es_MX","og_type":"article","og_title":"Sud\u00e1frica y Botsuana tienen el 62% de los casos por \u00d3micron; en Europa provocar\u00e1 m\u00e1s de la mitad - LA BRAVA RADIO","og_description":"La Organizaci\u00f3n Mundial de la Salud (OMS), inform\u00f3 que el 62% de los casos de la variante\u00d3micron en el mundo se encuentran en Sud\u00e1frica y Botsuana. Hasta el momento se han reportado 172 y 19 casos de Covid-19 de esta nueva variante en Sud\u00e1frica y Botsuana respectivamente. Adem\u00e1s, 4 pa\u00edses de \u00c1frica han confirmado tener [&hellip;]","og_url":"https:\/\/www.bbmnoticias.com\/labravaradiofm\/2021\/12\/02\/sudafrica-y-botsuana-tienen-el-62-de-los-casos-por-omicron-en-europa-provocara-mas-de-la-mitad\/","og_site_name":"LA BRAVA RADIO","article_published_time":"2021-12-02T14:38:25+00:00","article_modified_time":"2021-12-02T14:38:27+00:00","og_image":[{"width":640,"height":360,"url":"https:\/\/www.bbmnoticias.com\/labravaradiofm\/wp-content\/uploads\/sites\/5\/2021\/12\/sudafrica-omicron.jpg","type":"image\/jpeg"}],"author":"SDPnoticias","twitter_card":"summary_large_image","twitter_misc":{"Escrito por":"SDPnoticias","Tiempo de lectura":"2 minutos"},"schema":{"@context":"https:\/\/schema.org","@graph":[{"@type":"Article","@id":"https:\/\/www.bbmnoticias.com\/labravaradiofm\/2021\/12\/02\/sudafrica-y-botsuana-tienen-el-62-de-los-casos-por-omicron-en-europa-provocara-mas-de-la-mitad\/#article","isPartOf":{"@id":"https:\/\/www.bbmnoticias.com\/labravaradiofm\/2021\/12\/02\/sudafrica-y-botsuana-tienen-el-62-de-los-casos-por-omicron-en-europa-provocara-mas-de-la-mitad\/"},"author":{"name":"SDPnoticias","@id":"https:\/\/www.bbmnoticias.com\/labravaradiofm\/#\/schema\/person\/baf240d77a345f5fbc3dc146f9161af9"},"headline":"Sud\u00e1frica y Botsuana tienen el 62% de los casos por \u00d3micron; en Europa provocar\u00e1 m\u00e1s de la mitad","datePublished":"2021-12-02T14:38:25+00:00","dateModified":"2021-12-02T14:38:27+00:00","mainEntityOfPage":{"@id":"https:\/\/www.bbmnoticias.com\/labravaradiofm\/2021\/12\/02\/sudafrica-y-botsuana-tienen-el-62-de-los-casos-por-omicron-en-europa-provocara-mas-de-la-mitad\/"},"wordCount":388,"image":{"@id":"https:\/\/www.bbmnoticias.com\/labravaradiofm\/2021\/12\/02\/sudafrica-y-botsuana-tienen-el-62-de-los-casos-por-omicron-en-europa-provocara-mas-de-la-mitad\/#primaryimage"},"thumbnailUrl":"https:\/\/www.bbmnoticias.com\/labravaradiofm\/wp-content\/uploads\/sites\/5\/2021\/12\/sudafrica-omicron.jpg","inLanguage":"es"},{"@type":"WebPage","@id":"https:\/\/www.bbmnoticias.com\/labravaradiofm\/2021\/12\/02\/sudafrica-y-botsuana-tienen-el-62-de-los-casos-por-omicron-en-europa-provocara-mas-de-la-mitad\/","url":"https:\/\/www.bbmnoticias.com\/labravaradiofm\/2021\/12\/02\/sudafrica-y-botsuana-tienen-el-62-de-los-casos-por-omicron-en-europa-provocara-mas-de-la-mitad\/","name":"Sud\u00e1frica y Botsuana tienen el 62% de los casos por \u00d3micron; en Europa provocar\u00e1 m\u00e1s de la mitad - LA BRAVA RADIO","isPartOf":{"@id":"https:\/\/www.bbmnoticias.com\/labravaradiofm\/#website"},"primaryImageOfPage":{"@id":"https:\/\/www.bbmnoticias.com\/labravaradiofm\/2021\/12\/02\/sudafrica-y-botsuana-tienen-el-62-de-los-casos-por-omicron-en-europa-provocara-mas-de-la-mitad\/#primaryimage"},"image":{"@id":"https:\/\/www.bbmnoticias.com\/labravaradiofm\/2021\/12\/02\/sudafrica-y-botsuana-tienen-el-62-de-los-casos-por-omicron-en-europa-provocara-mas-de-la-mitad\/#primaryimage"},"thumbnailUrl":"https:\/\/www.bbmnoticias.com\/labravaradiofm\/wp-content\/uploads\/sites\/5\/2021\/12\/sudafrica-omicron.jpg","datePublished":"2021-12-02T14:38:25+00:00","dateModified":"2021-12-02T14:38:27+00:00","author":{"@id":"https:\/\/www.bbmnoticias.com\/labravaradiofm\/#\/schema\/person\/baf240d77a345f5fbc3dc146f9161af9"},"breadcrumb":{"@id":"https:\/\/www.bbmnoticias.com\/labravaradiofm\/2021\/12\/02\/sudafrica-y-botsuana-tienen-el-62-de-los-casos-por-omicron-en-europa-provocara-mas-de-la-mitad\/#breadcrumb"},"inLanguage":"es","potentialAction":[{"@type":"ReadAction","target":["https:\/\/www.bbmnoticias.com\/labravaradiofm\/2021\/12\/02\/sudafrica-y-botsuana-tienen-el-62-de-los-casos-por-omicron-en-europa-provocara-mas-de-la-mitad\/"]}]},{"@type":"ImageObject","inLanguage":"es","@id":"https:\/\/www.bbmnoticias.com\/labravaradiofm\/2021\/12\/02\/sudafrica-y-botsuana-tienen-el-62-de-los-casos-por-omicron-en-europa-provocara-mas-de-la-mitad\/#primaryimage","url":"https:\/\/www.bbmnoticias.com\/labravaradiofm\/wp-content\/uploads\/sites\/5\/2021\/12\/sudafrica-omicron.jpg","contentUrl":"https:\/\/www.bbmnoticias.com\/labravaradiofm\/wp-content\/uploads\/sites\/5\/2021\/12\/sudafrica-omicron.jpg","width":640,"height":360},{"@type":"BreadcrumbList","@id":"https:\/\/www.bbmnoticias.com\/labravaradiofm\/2021\/12\/02\/sudafrica-y-botsuana-tienen-el-62-de-los-casos-por-omicron-en-europa-provocara-mas-de-la-mitad\/#breadcrumb","itemListElement":[{"@type":"ListItem","position":1,"name":"Inicio","item":"https:\/\/www.bbmnoticias.com\/labravaradiofm\/"},{"@type":"ListItem","position":2,"name":"Sud\u00e1frica y Botsuana tienen el 62% de los casos por \u00d3micron; en Europa provocar\u00e1 m\u00e1s de la mitad"}]},{"@type":"WebSite","@id":"https:\/\/www.bbmnoticias.com\/labravaradiofm\/#website","url":"https:\/\/www.bbmnoticias.com\/labravaradiofm\/","name":"LA BRAVA RADIO","description":"Empresa productora de medios, Radiodifusi\u00f3n, Noticias, tendencias y todo lo que necesitas saber de la pol\u00edtica mexicana e internacional; entretenimiento, espect\u00e1culos, salud y mucho m\u00e1s.","potentialAction":[{"@type":"SearchAction","target":{"@type":"EntryPoint","urlTemplate":"https:\/\/www.bbmnoticias.com\/labravaradiofm\/?s={search_term_string}"},"query-input":{"@type":"PropertyValueSpecification","valueRequired":true,"valueName":"search_term_string"}}],"inLanguage":"es"},{"@type":"Person","@id":"https:\/\/www.bbmnoticias.com\/labravaradiofm\/#\/schema\/person\/baf240d77a345f5fbc3dc146f9161af9","name":"SDPnoticias","image":{"@type":"ImageObject","inLanguage":"es","@id":"https:\/\/secure.gravatar.com\/avatar\/015ede9175a06d999d8b2b09e108b48c9e008e4ee44a647956086b51bbce326c?s=96&d=mm&r=g","url":"https:\/\/secure.gravatar.com\/avatar\/015ede9175a06d999d8b2b09e108b48c9e008e4ee44a647956086b51bbce326c?s=96&d=mm&r=g","contentUrl":"https:\/\/secure.gravatar.com\/avatar\/015ede9175a06d999d8b2b09e108b48c9e008e4ee44a647956086b51bbce326c?s=96&d=mm&r=g","caption":"SDPnoticias"},"url":"https:\/\/www.bbmnoticias.com\/labravaradiofm\/author\/sdpnoticias\/"}]}},"_links":{"self":[{"href":"https:\/\/www.bbmnoticias.com\/labravaradiofm\/wp-json\/wp\/v2\/posts\/6519","targetHints":{"allow":["GET"]}}],"collection":[{"href":"https:\/\/www.bbmnoticias.com\/labravaradiofm\/wp-json\/wp\/v2\/posts"}],"about":[{"href":"https:\/\/www.bbmnoticias.com\/labravaradiofm\/wp-json\/wp\/v2\/types\/post"}],"author":[{"embeddable":true,"href":"https:\/\/www.bbmnoticias.com\/labravaradiofm\/wp-json\/wp\/v2\/users\/12"}],"replies":[{"embeddable":true,"href":"https:\/\/www.bbmnoticias.com\/labravaradiofm\/wp-json\/wp\/v2\/comments?post=6519"}],"version-history":[{"count":0,"href":"https:\/\/www.bbmnoticias.com\/labravaradiofm\/wp-json\/wp\/v2\/posts\/6519\/revisions"}],"wp:featuredmedia":[{"embeddable":true,"href":"https:\/\/www.bbmnoticias.com\/labravaradiofm\/wp-json\/wp\/v2\/media\/6520"}],"wp:attachment":[{"href":"https:\/\/www.bbmnoticias.com\/labravaradiofm\/wp-json\/wp\/v2\/media?parent=6519"}],"wp:term":[{"taxonomy":"category","embeddable":true,"href":"https:\/\/www.bbmnoticias.com\/labravaradiofm\/wp-json\/wp\/v2\/categories?post=6519"},{"taxonomy":"post_tag","embeddable":true,"href":"https:\/\/www.bbmnoticias.com\/labravaradiofm\/wp-json\/wp\/v2\/tags?post=6519"}],"curies":[{"name":"wp","href":"https:\/\/api.w.org\/{rel}","templated":true}]}}