{"id":6516,"date":"2021-12-02T08:25:12","date_gmt":"2021-12-02T14:25:12","guid":{"rendered":"https:\/\/www.bbmnoticias.com\/labravaradiofm\/?p=6516"},"modified":"2021-12-02T09:14:33","modified_gmt":"2021-12-02T15:14:33","slug":"impulsaremos-el-crecimiento-economico-de-mexico-luis-antonio-ramirez-pineda","status":"publish","type":"post","link":"https:\/\/www.bbmnoticias.com\/labravaradiofm\/2021\/12\/02\/impulsaremos-el-crecimiento-economico-de-mexico-luis-antonio-ramirez-pineda\/","title":{"rendered":"Cambios en el gabinete ampliado, Luis Antonio Ram\u00edrez nuevo director de Nafin"},"content":{"rendered":"<div style=\"margin-top: 0px; margin-bottom: 0px;\" class=\"sharethis-inline-share-buttons\" ><\/div>\n<p><strong>Oaxaca, Oax.- <\/strong>Ayer por la noche, por instrucciones del presidente Andr\u00e9s Manuel L\u00f3pez Obrador, el secretario de Gobernaci\u00f3n, Ad\u00e1n Augusto L\u00f3pez, anunci\u00f3 a los nuevos titulares del ISSSTE, Birmex y Nafin.<\/p>\n\n\n\n<p>El oaxaque\u00f1o Luis Antonio Ram\u00edrez Pineda, a partir de este momento, encabezar\u00e1 el equipo de Nacional Financiera (Nafin) y del Banco Nacional de Comercio Exterior (Bancomext), adscritos a la Secretar\u00eda de Hacienda y Cr\u00e9dito P\u00fablico (SHCP).<\/p>\n\n\n\n<p>Hasta ayer Ram\u00edrez Pineda se hab\u00eda desempe\u00f1ado como Director General del ISSSTE y aspiraba a la gubernatura del estado de Oaxaca por Morena.<\/p>\n\n\n\n<p>En entrevista, el ahora director de Nafin y Bancomext, agradeci\u00f3 la confianza del presidente Andr\u00e9s Manuel L\u00f3pez Obrador para este nuevo encargo y dijo sentirse \u201chonrado por esta gran oportunidad de impulsar el crecimiento econ\u00f3mico de nuestro pa\u00eds a trav\u00e9s de la banca de desarrollo.\u201d<\/p>\n\n\n\n<p>Ram\u00edrez Pineda expres\u00f3 su compromiso institucional y profesional ante este nuevo reto, en el cual asegura, har\u00e1 cumplir los principios de la cuarta transformaci\u00f3n en pro del proyecto de naci\u00f3n del Presidente.<\/p>\n","protected":false},"excerpt":{"rendered":"<p>Oaxaca, Oax.- Ayer por la noche, por instrucciones del presidente Andr\u00e9s Manuel L\u00f3pez Obrador, el secretario de Gobernaci\u00f3n, Ad\u00e1n Augusto L\u00f3pez, anunci\u00f3 a los nuevos titulares del ISSSTE, Birmex y Nafin. El oaxaque\u00f1o Luis Antonio Ram\u00edrez Pineda, a partir de este momento, encabezar\u00e1 el equipo de Nacional Financiera (Nafin) y del Banco Nacional de Comercio [&hellip;]<\/p>\n","protected":false},"author":2,"featured_media":6517,"comment_status":"closed","ping_status":"closed","sticky":false,"template":"","format":"standard","meta":{"footnotes":""},"categories":[2],"tags":[],"class_list":{"0":"post-6516","1":"post","2":"type-post","3":"status-publish","4":"format-standard","5":"has-post-thumbnail","7":"category-oaxaca"},"yoast_head":"<!-- This site is optimized with the Yoast SEO plugin v27.4 - https:\/\/yoast.com\/product\/yoast-seo-wordpress\/ -->\n<title>Cambios en el gabinete ampliado, Luis Antonio Ram\u00edrez nuevo director de Nafin - LA BRAVA RADIO<\/title>\n<meta name=\"robots\" content=\"index, follow, max-snippet:-1, max-image-preview:large, max-video-preview:-1\" \/>\n<link rel=\"canonical\" href=\"https:\/\/www.bbmnoticias.com\/labravaradiofm\/2021\/12\/02\/impulsaremos-el-crecimiento-economico-de-mexico-luis-antonio-ramirez-pineda\/\" \/>\n<meta property=\"og:locale\" content=\"es_MX\" \/>\n<meta property=\"og:type\" content=\"article\" \/>\n<meta property=\"og:title\" content=\"Cambios en el gabinete ampliado, Luis Antonio Ram\u00edrez nuevo director de Nafin - LA BRAVA RADIO\" \/>\n<meta property=\"og:description\" content=\"Oaxaca, Oax.- Ayer por la noche, por instrucciones del presidente Andr\u00e9s Manuel L\u00f3pez Obrador, el secretario de Gobernaci\u00f3n, Ad\u00e1n Augusto L\u00f3pez, anunci\u00f3 a los nuevos titulares del ISSSTE, Birmex y Nafin. El oaxaque\u00f1o Luis Antonio Ram\u00edrez Pineda, a partir de este momento, encabezar\u00e1 el equipo de Nacional Financiera (Nafin) y del Banco Nacional de Comercio [&hellip;]\" \/>\n<meta property=\"og:url\" content=\"https:\/\/www.bbmnoticias.com\/labravaradiofm\/2021\/12\/02\/impulsaremos-el-crecimiento-economico-de-mexico-luis-antonio-ramirez-pineda\/\" \/>\n<meta property=\"og:site_name\" content=\"LA BRAVA RADIO\" \/>\n<meta property=\"article:published_time\" content=\"2021-12-02T14:25:12+00:00\" \/>\n<meta property=\"article:modified_time\" content=\"2021-12-02T15:14:33+00:00\" \/>\n<meta property=\"og:image\" content=\"https:\/\/www.bbmnoticias.com\/labravaradiofm\/wp-content\/uploads\/sites\/5\/2021\/12\/luis-antonio-ramirez02122021.jpeg\" \/>\n\t<meta property=\"og:image:width\" content=\"1280\" \/>\n\t<meta property=\"og:image:height\" content=\"874\" \/>\n\t<meta property=\"og:image:type\" content=\"image\/jpeg\" \/>\n<meta name=\"author\" content=\"Staff\" \/>\n<meta name=\"twitter:card\" content=\"summary_large_image\" \/>\n<meta name=\"twitter:label1\" content=\"Escrito por\" \/>\n\t<meta name=\"twitter:data1\" content=\"Staff\" \/>\n\t<meta name=\"twitter:label2\" content=\"Tiempo de lectura\" \/>\n\t<meta name=\"twitter:data2\" content=\"1 minuto\" \/>\n<script type=\"application\/ld+json\" class=\"yoast-schema-graph\">{\"@context\":\"https:\\\/\\\/schema.org\",\"@graph\":[{\"@type\":\"Article\",\"@id\":\"https:\\\/\\\/www.bbmnoticias.com\\\/labravaradiofm\\\/2021\\\/12\\\/02\\\/impulsaremos-el-crecimiento-economico-de-mexico-luis-antonio-ramirez-pineda\\\/#article\",\"isPartOf\":{\"@id\":\"https:\\\/\\\/www.bbmnoticias.com\\\/labravaradiofm\\\/2021\\\/12\\\/02\\\/impulsaremos-el-crecimiento-economico-de-mexico-luis-antonio-ramirez-pineda\\\/\"},\"author\":{\"name\":\"Staff\",\"@id\":\"https:\\\/\\\/www.bbmnoticias.com\\\/labravaradiofm\\\/#\\\/schema\\\/person\\\/68a9e9036ef3c5b55aeb2b71dc8bab45\"},\"headline\":\"Cambios en el gabinete ampliado, Luis Antonio Ram\u00edrez nuevo director de Nafin\",\"datePublished\":\"2021-12-02T14:25:12+00:00\",\"dateModified\":\"2021-12-02T15:14:33+00:00\",\"mainEntityOfPage\":{\"@id\":\"https:\\\/\\\/www.bbmnoticias.com\\\/labravaradiofm\\\/2021\\\/12\\\/02\\\/impulsaremos-el-crecimiento-economico-de-mexico-luis-antonio-ramirez-pineda\\\/\"},\"wordCount\":202,\"image\":{\"@id\":\"https:\\\/\\\/www.bbmnoticias.com\\\/labravaradiofm\\\/2021\\\/12\\\/02\\\/impulsaremos-el-crecimiento-economico-de-mexico-luis-antonio-ramirez-pineda\\\/#primaryimage\"},\"thumbnailUrl\":\"https:\\\/\\\/www.bbmnoticias.com\\\/labravaradiofm\\\/wp-content\\\/uploads\\\/sites\\\/5\\\/2021\\\/12\\\/luis-antonio-ramirez02122021.jpeg\",\"articleSection\":[\"LOCAL\"],\"inLanguage\":\"es\"},{\"@type\":\"WebPage\",\"@id\":\"https:\\\/\\\/www.bbmnoticias.com\\\/labravaradiofm\\\/2021\\\/12\\\/02\\\/impulsaremos-el-crecimiento-economico-de-mexico-luis-antonio-ramirez-pineda\\\/\",\"url\":\"https:\\\/\\\/www.bbmnoticias.com\\\/labravaradiofm\\\/2021\\\/12\\\/02\\\/impulsaremos-el-crecimiento-economico-de-mexico-luis-antonio-ramirez-pineda\\\/\",\"name\":\"Cambios en el gabinete ampliado, Luis Antonio Ram\u00edrez nuevo director de Nafin - LA BRAVA RADIO\",\"isPartOf\":{\"@id\":\"https:\\\/\\\/www.bbmnoticias.com\\\/labravaradiofm\\\/#website\"},\"primaryImageOfPage\":{\"@id\":\"https:\\\/\\\/www.bbmnoticias.com\\\/labravaradiofm\\\/2021\\\/12\\\/02\\\/impulsaremos-el-crecimiento-economico-de-mexico-luis-antonio-ramirez-pineda\\\/#primaryimage\"},\"image\":{\"@id\":\"https:\\\/\\\/www.bbmnoticias.com\\\/labravaradiofm\\\/2021\\\/12\\\/02\\\/impulsaremos-el-crecimiento-economico-de-mexico-luis-antonio-ramirez-pineda\\\/#primaryimage\"},\"thumbnailUrl\":\"https:\\\/\\\/www.bbmnoticias.com\\\/labravaradiofm\\\/wp-content\\\/uploads\\\/sites\\\/5\\\/2021\\\/12\\\/luis-antonio-ramirez02122021.jpeg\",\"datePublished\":\"2021-12-02T14:25:12+00:00\",\"dateModified\":\"2021-12-02T15:14:33+00:00\",\"author\":{\"@id\":\"https:\\\/\\\/www.bbmnoticias.com\\\/labravaradiofm\\\/#\\\/schema\\\/person\\\/68a9e9036ef3c5b55aeb2b71dc8bab45\"},\"breadcrumb\":{\"@id\":\"https:\\\/\\\/www.bbmnoticias.com\\\/labravaradiofm\\\/2021\\\/12\\\/02\\\/impulsaremos-el-crecimiento-economico-de-mexico-luis-antonio-ramirez-pineda\\\/#breadcrumb\"},\"inLanguage\":\"es\",\"potentialAction\":[{\"@type\":\"ReadAction\",\"target\":[\"https:\\\/\\\/www.bbmnoticias.com\\\/labravaradiofm\\\/2021\\\/12\\\/02\\\/impulsaremos-el-crecimiento-economico-de-mexico-luis-antonio-ramirez-pineda\\\/\"]}]},{\"@type\":\"ImageObject\",\"inLanguage\":\"es\",\"@id\":\"https:\\\/\\\/www.bbmnoticias.com\\\/labravaradiofm\\\/2021\\\/12\\\/02\\\/impulsaremos-el-crecimiento-economico-de-mexico-luis-antonio-ramirez-pineda\\\/#primaryimage\",\"url\":\"https:\\\/\\\/www.bbmnoticias.com\\\/labravaradiofm\\\/wp-content\\\/uploads\\\/sites\\\/5\\\/2021\\\/12\\\/luis-antonio-ramirez02122021.jpeg\",\"contentUrl\":\"https:\\\/\\\/www.bbmnoticias.com\\\/labravaradiofm\\\/wp-content\\\/uploads\\\/sites\\\/5\\\/2021\\\/12\\\/luis-antonio-ramirez02122021.jpeg\",\"width\":1280,\"height\":874},{\"@type\":\"BreadcrumbList\",\"@id\":\"https:\\\/\\\/www.bbmnoticias.com\\\/labravaradiofm\\\/2021\\\/12\\\/02\\\/impulsaremos-el-crecimiento-economico-de-mexico-luis-antonio-ramirez-pineda\\\/#breadcrumb\",\"itemListElement\":[{\"@type\":\"ListItem\",\"position\":1,\"name\":\"Inicio\",\"item\":\"https:\\\/\\\/www.bbmnoticias.com\\\/labravaradiofm\\\/\"},{\"@type\":\"ListItem\",\"position\":2,\"name\":\"Cambios en el gabinete ampliado, Luis Antonio Ram\u00edrez nuevo director de Nafin\"}]},{\"@type\":\"WebSite\",\"@id\":\"https:\\\/\\\/www.bbmnoticias.com\\\/labravaradiofm\\\/#website\",\"url\":\"https:\\\/\\\/www.bbmnoticias.com\\\/labravaradiofm\\\/\",\"name\":\"LA BRAVA RADIO\",\"description\":\"Empresa productora de medios, Radiodifusi\u00f3n, Noticias, tendencias y todo lo que necesitas saber de la pol\u00edtica mexicana e internacional; entretenimiento, espect\u00e1culos, salud y mucho m\u00e1s.\",\"potentialAction\":[{\"@type\":\"SearchAction\",\"target\":{\"@type\":\"EntryPoint\",\"urlTemplate\":\"https:\\\/\\\/www.bbmnoticias.com\\\/labravaradiofm\\\/?s={search_term_string}\"},\"query-input\":{\"@type\":\"PropertyValueSpecification\",\"valueRequired\":true,\"valueName\":\"search_term_string\"}}],\"inLanguage\":\"es\"},{\"@type\":\"Person\",\"@id\":\"https:\\\/\\\/www.bbmnoticias.com\\\/labravaradiofm\\\/#\\\/schema\\\/person\\\/68a9e9036ef3c5b55aeb2b71dc8bab45\",\"name\":\"Staff\",\"image\":{\"@type\":\"ImageObject\",\"inLanguage\":\"es\",\"@id\":\"https:\\\/\\\/secure.gravatar.com\\\/avatar\\\/fdd21ad66fd8b98c407f9dee5b5e588cfe7f0d8579ec20fa6527cd59bab7f0f0?s=96&d=mm&r=g\",\"url\":\"https:\\\/\\\/secure.gravatar.com\\\/avatar\\\/fdd21ad66fd8b98c407f9dee5b5e588cfe7f0d8579ec20fa6527cd59bab7f0f0?s=96&d=mm&r=g\",\"contentUrl\":\"https:\\\/\\\/secure.gravatar.com\\\/avatar\\\/fdd21ad66fd8b98c407f9dee5b5e588cfe7f0d8579ec20fa6527cd59bab7f0f0?s=96&d=mm&r=g\",\"caption\":\"Staff\"},\"url\":\"https:\\\/\\\/www.bbmnoticias.com\\\/labravaradiofm\\\/author\\\/redaccion\\\/\"}]}<\/script>\n<!-- \/ Yoast SEO plugin. -->","yoast_head_json":{"title":"Cambios en el gabinete ampliado, Luis Antonio Ram\u00edrez nuevo director de Nafin - LA BRAVA RADIO","robots":{"index":"index","follow":"follow","max-snippet":"max-snippet:-1","max-image-preview":"max-image-preview:large","max-video-preview":"max-video-preview:-1"},"canonical":"https:\/\/www.bbmnoticias.com\/labravaradiofm\/2021\/12\/02\/impulsaremos-el-crecimiento-economico-de-mexico-luis-antonio-ramirez-pineda\/","og_locale":"es_MX","og_type":"article","og_title":"Cambios en el gabinete ampliado, Luis Antonio Ram\u00edrez nuevo director de Nafin - LA BRAVA RADIO","og_description":"Oaxaca, Oax.- Ayer por la noche, por instrucciones del presidente Andr\u00e9s Manuel L\u00f3pez Obrador, el secretario de Gobernaci\u00f3n, Ad\u00e1n Augusto L\u00f3pez, anunci\u00f3 a los nuevos titulares del ISSSTE, Birmex y Nafin. El oaxaque\u00f1o Luis Antonio Ram\u00edrez Pineda, a partir de este momento, encabezar\u00e1 el equipo de Nacional Financiera (Nafin) y del Banco Nacional de Comercio [&hellip;]","og_url":"https:\/\/www.bbmnoticias.com\/labravaradiofm\/2021\/12\/02\/impulsaremos-el-crecimiento-economico-de-mexico-luis-antonio-ramirez-pineda\/","og_site_name":"LA BRAVA RADIO","article_published_time":"2021-12-02T14:25:12+00:00","article_modified_time":"2021-12-02T15:14:33+00:00","og_image":[{"width":1280,"height":874,"url":"https:\/\/www.bbmnoticias.com\/labravaradiofm\/wp-content\/uploads\/sites\/5\/2021\/12\/luis-antonio-ramirez02122021.jpeg","type":"image\/jpeg"}],"author":"Staff","twitter_card":"summary_large_image","twitter_misc":{"Escrito por":"Staff","Tiempo de lectura":"1 minuto"},"schema":{"@context":"https:\/\/schema.org","@graph":[{"@type":"Article","@id":"https:\/\/www.bbmnoticias.com\/labravaradiofm\/2021\/12\/02\/impulsaremos-el-crecimiento-economico-de-mexico-luis-antonio-ramirez-pineda\/#article","isPartOf":{"@id":"https:\/\/www.bbmnoticias.com\/labravaradiofm\/2021\/12\/02\/impulsaremos-el-crecimiento-economico-de-mexico-luis-antonio-ramirez-pineda\/"},"author":{"name":"Staff","@id":"https:\/\/www.bbmnoticias.com\/labravaradiofm\/#\/schema\/person\/68a9e9036ef3c5b55aeb2b71dc8bab45"},"headline":"Cambios en el gabinete ampliado, Luis Antonio Ram\u00edrez nuevo director de Nafin","datePublished":"2021-12-02T14:25:12+00:00","dateModified":"2021-12-02T15:14:33+00:00","mainEntityOfPage":{"@id":"https:\/\/www.bbmnoticias.com\/labravaradiofm\/2021\/12\/02\/impulsaremos-el-crecimiento-economico-de-mexico-luis-antonio-ramirez-pineda\/"},"wordCount":202,"image":{"@id":"https:\/\/www.bbmnoticias.com\/labravaradiofm\/2021\/12\/02\/impulsaremos-el-crecimiento-economico-de-mexico-luis-antonio-ramirez-pineda\/#primaryimage"},"thumbnailUrl":"https:\/\/www.bbmnoticias.com\/labravaradiofm\/wp-content\/uploads\/sites\/5\/2021\/12\/luis-antonio-ramirez02122021.jpeg","articleSection":["LOCAL"],"inLanguage":"es"},{"@type":"WebPage","@id":"https:\/\/www.bbmnoticias.com\/labravaradiofm\/2021\/12\/02\/impulsaremos-el-crecimiento-economico-de-mexico-luis-antonio-ramirez-pineda\/","url":"https:\/\/www.bbmnoticias.com\/labravaradiofm\/2021\/12\/02\/impulsaremos-el-crecimiento-economico-de-mexico-luis-antonio-ramirez-pineda\/","name":"Cambios en el gabinete ampliado, Luis Antonio Ram\u00edrez nuevo director de Nafin - LA BRAVA RADIO","isPartOf":{"@id":"https:\/\/www.bbmnoticias.com\/labravaradiofm\/#website"},"primaryImageOfPage":{"@id":"https:\/\/www.bbmnoticias.com\/labravaradiofm\/2021\/12\/02\/impulsaremos-el-crecimiento-economico-de-mexico-luis-antonio-ramirez-pineda\/#primaryimage"},"image":{"@id":"https:\/\/www.bbmnoticias.com\/labravaradiofm\/2021\/12\/02\/impulsaremos-el-crecimiento-economico-de-mexico-luis-antonio-ramirez-pineda\/#primaryimage"},"thumbnailUrl":"https:\/\/www.bbmnoticias.com\/labravaradiofm\/wp-content\/uploads\/sites\/5\/2021\/12\/luis-antonio-ramirez02122021.jpeg","datePublished":"2021-12-02T14:25:12+00:00","dateModified":"2021-12-02T15:14:33+00:00","author":{"@id":"https:\/\/www.bbmnoticias.com\/labravaradiofm\/#\/schema\/person\/68a9e9036ef3c5b55aeb2b71dc8bab45"},"breadcrumb":{"@id":"https:\/\/www.bbmnoticias.com\/labravaradiofm\/2021\/12\/02\/impulsaremos-el-crecimiento-economico-de-mexico-luis-antonio-ramirez-pineda\/#breadcrumb"},"inLanguage":"es","potentialAction":[{"@type":"ReadAction","target":["https:\/\/www.bbmnoticias.com\/labravaradiofm\/2021\/12\/02\/impulsaremos-el-crecimiento-economico-de-mexico-luis-antonio-ramirez-pineda\/"]}]},{"@type":"ImageObject","inLanguage":"es","@id":"https:\/\/www.bbmnoticias.com\/labravaradiofm\/2021\/12\/02\/impulsaremos-el-crecimiento-economico-de-mexico-luis-antonio-ramirez-pineda\/#primaryimage","url":"https:\/\/www.bbmnoticias.com\/labravaradiofm\/wp-content\/uploads\/sites\/5\/2021\/12\/luis-antonio-ramirez02122021.jpeg","contentUrl":"https:\/\/www.bbmnoticias.com\/labravaradiofm\/wp-content\/uploads\/sites\/5\/2021\/12\/luis-antonio-ramirez02122021.jpeg","width":1280,"height":874},{"@type":"BreadcrumbList","@id":"https:\/\/www.bbmnoticias.com\/labravaradiofm\/2021\/12\/02\/impulsaremos-el-crecimiento-economico-de-mexico-luis-antonio-ramirez-pineda\/#breadcrumb","itemListElement":[{"@type":"ListItem","position":1,"name":"Inicio","item":"https:\/\/www.bbmnoticias.com\/labravaradiofm\/"},{"@type":"ListItem","position":2,"name":"Cambios en el gabinete ampliado, Luis Antonio Ram\u00edrez nuevo director de Nafin"}]},{"@type":"WebSite","@id":"https:\/\/www.bbmnoticias.com\/labravaradiofm\/#website","url":"https:\/\/www.bbmnoticias.com\/labravaradiofm\/","name":"LA BRAVA RADIO","description":"Empresa productora de medios, Radiodifusi\u00f3n, Noticias, tendencias y todo lo que necesitas saber de la pol\u00edtica mexicana e internacional; entretenimiento, espect\u00e1culos, salud y mucho m\u00e1s.","potentialAction":[{"@type":"SearchAction","target":{"@type":"EntryPoint","urlTemplate":"https:\/\/www.bbmnoticias.com\/labravaradiofm\/?s={search_term_string}"},"query-input":{"@type":"PropertyValueSpecification","valueRequired":true,"valueName":"search_term_string"}}],"inLanguage":"es"},{"@type":"Person","@id":"https:\/\/www.bbmnoticias.com\/labravaradiofm\/#\/schema\/person\/68a9e9036ef3c5b55aeb2b71dc8bab45","name":"Staff","image":{"@type":"ImageObject","inLanguage":"es","@id":"https:\/\/secure.gravatar.com\/avatar\/fdd21ad66fd8b98c407f9dee5b5e588cfe7f0d8579ec20fa6527cd59bab7f0f0?s=96&d=mm&r=g","url":"https:\/\/secure.gravatar.com\/avatar\/fdd21ad66fd8b98c407f9dee5b5e588cfe7f0d8579ec20fa6527cd59bab7f0f0?s=96&d=mm&r=g","contentUrl":"https:\/\/secure.gravatar.com\/avatar\/fdd21ad66fd8b98c407f9dee5b5e588cfe7f0d8579ec20fa6527cd59bab7f0f0?s=96&d=mm&r=g","caption":"Staff"},"url":"https:\/\/www.bbmnoticias.com\/labravaradiofm\/author\/redaccion\/"}]}},"_links":{"self":[{"href":"https:\/\/www.bbmnoticias.com\/labravaradiofm\/wp-json\/wp\/v2\/posts\/6516","targetHints":{"allow":["GET"]}}],"collection":[{"href":"https:\/\/www.bbmnoticias.com\/labravaradiofm\/wp-json\/wp\/v2\/posts"}],"about":[{"href":"https:\/\/www.bbmnoticias.com\/labravaradiofm\/wp-json\/wp\/v2\/types\/post"}],"author":[{"embeddable":true,"href":"https:\/\/www.bbmnoticias.com\/labravaradiofm\/wp-json\/wp\/v2\/users\/2"}],"replies":[{"embeddable":true,"href":"https:\/\/www.bbmnoticias.com\/labravaradiofm\/wp-json\/wp\/v2\/comments?post=6516"}],"version-history":[{"count":0,"href":"https:\/\/www.bbmnoticias.com\/labravaradiofm\/wp-json\/wp\/v2\/posts\/6516\/revisions"}],"wp:featuredmedia":[{"embeddable":true,"href":"https:\/\/www.bbmnoticias.com\/labravaradiofm\/wp-json\/wp\/v2\/media\/6517"}],"wp:attachment":[{"href":"https:\/\/www.bbmnoticias.com\/labravaradiofm\/wp-json\/wp\/v2\/media?parent=6516"}],"wp:term":[{"taxonomy":"category","embeddable":true,"href":"https:\/\/www.bbmnoticias.com\/labravaradiofm\/wp-json\/wp\/v2\/categories?post=6516"},{"taxonomy":"post_tag","embeddable":true,"href":"https:\/\/www.bbmnoticias.com\/labravaradiofm\/wp-json\/wp\/v2\/tags?post=6516"}],"curies":[{"name":"wp","href":"https:\/\/api.w.org\/{rel}","templated":true}]}}