{"id":6513,"date":"2021-12-01T21:39:41","date_gmt":"2021-12-02T03:39:41","guid":{"rendered":"https:\/\/www.bbmnoticias.com\/labravaradiofm\/?p=6513"},"modified":"2021-12-01T21:39:51","modified_gmt":"2021-12-02T03:39:51","slug":"por-falta-de-luz-y-medicos-en-salina-cruz-murio-el-nino-ricardo","status":"publish","type":"post","link":"https:\/\/www.bbmnoticias.com\/labravaradiofm\/2021\/12\/01\/por-falta-de-luz-y-medicos-en-salina-cruz-murio-el-nino-ricardo\/","title":{"rendered":"Por falta de luz y m\u00e9dicos en Salina Cruz muri\u00f3 el ni\u00f1o Ricardo"},"content":{"rendered":"<div style=\"margin-top: 0px; margin-bottom: 0px;\" class=\"sharethis-inline-share-buttons\" ><\/div>\n<p>OAXACA, Oax.- El ni\u00f1o Ricardo Vargas Z\u00e1rate perdi\u00f3 la batalla contra el c\u00e1ncer y falleci\u00f3 este lunes en Oaxaca.<\/p>\n\n\n\n<p>Miles de personas lo recuerdan por un video que se hizo viral en redes sociales en el mes de septiembre pasado pidiendo al presidente de M\u00e9xico, Andr\u00e9s Manuel L\u00f3pez Obrador, que frenara el despido de m\u00e9dicos especialistas del Hospital de la Ni\u00f1ez Oaxaque\u00f1a y que surtieran las quimios y medicamentos oncol\u00f3gicos que requieren los pacientes de este lugar.<\/p>\n\n\n\n<p>Sin embargo, la organizaci\u00f3n Con causa inform\u00f3 que Ricardo perdi\u00f3 la vida debido a que padeci\u00f3 una repentina complicaci\u00f3n ante su padecimiento de c\u00e1ncer en la sangre.<\/p>\n\n\n\n<p>Lo llevaron de urgencia al Hospital Regional de Salina Cruz donde por falta del servicio de energ\u00eda el\u00e9ctrica, m\u00e9dicos especialistas y medicamentos oncol\u00f3gicos no pudieron atenderlo.<\/p>\n\n\n\n<figure class=\"wp-block-embed is-type-rich is-provider-twitter wp-block-embed-twitter\"><div class=\"wp-block-embed__wrapper\">\n<blockquote class=\"twitter-tweet\" data-width=\"550\" data-dnt=\"true\"><p lang=\"es\" dir=\"ltr\"><a href=\"https:\/\/twitter.com\/hashtag\/septiembrenegro?src=hash&amp;ref_src=twsrc%5Etfw\">#septiembrenegro<\/a> Hoy nos encontramos con una gran incertidumbre, respecto a nuestro hospital, pedimos al Gobernador <a href=\"https:\/\/twitter.com\/alejandromurat?ref_src=twsrc%5Etfw\">@alejandromurat<\/a> cumpla su palabra con nuestros ni\u00f1os y al <a href=\"https:\/\/twitter.com\/INSABI_mx?ref_src=twsrc%5Etfw\">@INSABI_mx<\/a> que tome acci\u00f3n y responsabilidad. <a href=\"https:\/\/twitter.com\/hashtag\/15DeSeptiembre?src=hash&amp;ref_src=twsrc%5Etfw\">#15DeSeptiembre<\/a> <a href=\"https:\/\/t.co\/20Qyi3fOCx\">pic.twitter.com\/20Qyi3fOCx<\/a><\/p>&mdash; Con\ud83c\udf97Causa (@ConCausaMX) <a href=\"https:\/\/twitter.com\/ConCausaMX\/status\/1438280513731670017?ref_src=twsrc%5Etfw\">September 15, 2021<\/a><\/blockquote><script async src=\"https:\/\/platform.twitter.com\/widgets.js\" charset=\"utf-8\"><\/script>\n<\/div><\/figure>\n\n\n\n<p>La madre de Ricardo, Elizabeth, opt\u00f3 por trasladarlo en un veh\u00edculo particular al Hospital de la Ni\u00f1ez Oaxaque\u00f1a, en un recorrido desesperado desde la regi\u00f3n del Istmo de Tehuantepec al Valle Central de m\u00e1s de 280 kil\u00f3metros.<\/p>\n\n\n\n<p>A pesar de que una ambulancia los alcanz\u00f3 a medio camino, los esfuerzos de m\u00e9dicos no pudieron salvarle la vida.<\/p>\n\n\n\n<p>Ante este hecho, la asociaci\u00f3n Con causa denunci\u00f3 que los medicamentos oncol\u00f3gicos prometidos por el gobierno federal al Hospital de la Ni\u00f1ez Oaxaque\u00f1a no han llegado y estas son las fatales consecuencias.<\/p>\n","protected":false},"excerpt":{"rendered":"<p>OAXACA, Oax.- El ni\u00f1o Ricardo Vargas Z\u00e1rate perdi\u00f3 la batalla contra el c\u00e1ncer y falleci\u00f3 este lunes en Oaxaca. Miles de personas lo recuerdan por un video que se hizo viral en redes sociales en el mes de septiembre pasado pidiendo al presidente de M\u00e9xico, Andr\u00e9s Manuel L\u00f3pez Obrador, que frenara el despido de m\u00e9dicos [&hellip;]<\/p>\n","protected":false},"author":5,"featured_media":6514,"comment_status":"closed","ping_status":"closed","sticky":false,"template":"","format":"standard","meta":{"footnotes":""},"categories":[2],"tags":[],"class_list":{"0":"post-6513","1":"post","2":"type-post","3":"status-publish","4":"format-standard","5":"has-post-thumbnail","7":"category-oaxaca"},"yoast_head":"<!-- This site is optimized with the Yoast SEO plugin v27.4 - https:\/\/yoast.com\/product\/yoast-seo-wordpress\/ -->\n<title>Por falta de luz y m\u00e9dicos en Salina Cruz muri\u00f3 el ni\u00f1o Ricardo - LA BRAVA RADIO<\/title>\n<meta name=\"robots\" content=\"index, follow, max-snippet:-1, max-image-preview:large, max-video-preview:-1\" \/>\n<link rel=\"canonical\" href=\"https:\/\/www.bbmnoticias.com\/labravaradiofm\/2021\/12\/01\/por-falta-de-luz-y-medicos-en-salina-cruz-murio-el-nino-ricardo\/\" \/>\n<meta property=\"og:locale\" content=\"es_MX\" \/>\n<meta property=\"og:type\" content=\"article\" \/>\n<meta property=\"og:title\" content=\"Por falta de luz y m\u00e9dicos en Salina Cruz muri\u00f3 el ni\u00f1o Ricardo - LA BRAVA RADIO\" \/>\n<meta property=\"og:description\" content=\"OAXACA, Oax.- El ni\u00f1o Ricardo Vargas Z\u00e1rate perdi\u00f3 la batalla contra el c\u00e1ncer y falleci\u00f3 este lunes en Oaxaca. Miles de personas lo recuerdan por un video que se hizo viral en redes sociales en el mes de septiembre pasado pidiendo al presidente de M\u00e9xico, Andr\u00e9s Manuel L\u00f3pez Obrador, que frenara el despido de m\u00e9dicos [&hellip;]\" \/>\n<meta property=\"og:url\" content=\"https:\/\/www.bbmnoticias.com\/labravaradiofm\/2021\/12\/01\/por-falta-de-luz-y-medicos-en-salina-cruz-murio-el-nino-ricardo\/\" \/>\n<meta property=\"og:site_name\" content=\"LA BRAVA RADIO\" \/>\n<meta property=\"article:published_time\" content=\"2021-12-02T03:39:41+00:00\" \/>\n<meta property=\"article:modified_time\" content=\"2021-12-02T03:39:51+00:00\" \/>\n<meta property=\"og:image\" content=\"https:\/\/www.bbmnoticias.com\/labravaradiofm\/wp-content\/uploads\/sites\/5\/2021\/12\/ricardo01122021.jpg\" \/>\n\t<meta property=\"og:image:width\" content=\"1160\" \/>\n\t<meta property=\"og:image:height\" content=\"700\" \/>\n\t<meta property=\"og:image:type\" content=\"image\/jpeg\" \/>\n<meta name=\"author\" content=\"Quadratin\" \/>\n<meta name=\"twitter:card\" content=\"summary_large_image\" \/>\n<meta name=\"twitter:label1\" content=\"Escrito por\" \/>\n\t<meta name=\"twitter:data1\" content=\"Quadratin\" \/>\n\t<meta name=\"twitter:label2\" content=\"Tiempo de lectura\" \/>\n\t<meta name=\"twitter:data2\" content=\"1 minuto\" \/>\n<script type=\"application\/ld+json\" class=\"yoast-schema-graph\">{\"@context\":\"https:\\\/\\\/schema.org\",\"@graph\":[{\"@type\":\"Article\",\"@id\":\"https:\\\/\\\/www.bbmnoticias.com\\\/labravaradiofm\\\/2021\\\/12\\\/01\\\/por-falta-de-luz-y-medicos-en-salina-cruz-murio-el-nino-ricardo\\\/#article\",\"isPartOf\":{\"@id\":\"https:\\\/\\\/www.bbmnoticias.com\\\/labravaradiofm\\\/2021\\\/12\\\/01\\\/por-falta-de-luz-y-medicos-en-salina-cruz-murio-el-nino-ricardo\\\/\"},\"author\":{\"name\":\"Quadratin\",\"@id\":\"https:\\\/\\\/www.bbmnoticias.com\\\/labravaradiofm\\\/#\\\/schema\\\/person\\\/c316b6f6c03640cce5d9482ba5a8e5c2\"},\"headline\":\"Por falta de luz y m\u00e9dicos en Salina Cruz muri\u00f3 el ni\u00f1o Ricardo\",\"datePublished\":\"2021-12-02T03:39:41+00:00\",\"dateModified\":\"2021-12-02T03:39:51+00:00\",\"mainEntityOfPage\":{\"@id\":\"https:\\\/\\\/www.bbmnoticias.com\\\/labravaradiofm\\\/2021\\\/12\\\/01\\\/por-falta-de-luz-y-medicos-en-salina-cruz-murio-el-nino-ricardo\\\/\"},\"wordCount\":267,\"image\":{\"@id\":\"https:\\\/\\\/www.bbmnoticias.com\\\/labravaradiofm\\\/2021\\\/12\\\/01\\\/por-falta-de-luz-y-medicos-en-salina-cruz-murio-el-nino-ricardo\\\/#primaryimage\"},\"thumbnailUrl\":\"https:\\\/\\\/www.bbmnoticias.com\\\/labravaradiofm\\\/wp-content\\\/uploads\\\/sites\\\/5\\\/2021\\\/12\\\/ricardo01122021.jpg\",\"articleSection\":[\"LOCAL\"],\"inLanguage\":\"es\"},{\"@type\":\"WebPage\",\"@id\":\"https:\\\/\\\/www.bbmnoticias.com\\\/labravaradiofm\\\/2021\\\/12\\\/01\\\/por-falta-de-luz-y-medicos-en-salina-cruz-murio-el-nino-ricardo\\\/\",\"url\":\"https:\\\/\\\/www.bbmnoticias.com\\\/labravaradiofm\\\/2021\\\/12\\\/01\\\/por-falta-de-luz-y-medicos-en-salina-cruz-murio-el-nino-ricardo\\\/\",\"name\":\"Por falta de luz y m\u00e9dicos en Salina Cruz muri\u00f3 el ni\u00f1o Ricardo - LA BRAVA RADIO\",\"isPartOf\":{\"@id\":\"https:\\\/\\\/www.bbmnoticias.com\\\/labravaradiofm\\\/#website\"},\"primaryImageOfPage\":{\"@id\":\"https:\\\/\\\/www.bbmnoticias.com\\\/labravaradiofm\\\/2021\\\/12\\\/01\\\/por-falta-de-luz-y-medicos-en-salina-cruz-murio-el-nino-ricardo\\\/#primaryimage\"},\"image\":{\"@id\":\"https:\\\/\\\/www.bbmnoticias.com\\\/labravaradiofm\\\/2021\\\/12\\\/01\\\/por-falta-de-luz-y-medicos-en-salina-cruz-murio-el-nino-ricardo\\\/#primaryimage\"},\"thumbnailUrl\":\"https:\\\/\\\/www.bbmnoticias.com\\\/labravaradiofm\\\/wp-content\\\/uploads\\\/sites\\\/5\\\/2021\\\/12\\\/ricardo01122021.jpg\",\"datePublished\":\"2021-12-02T03:39:41+00:00\",\"dateModified\":\"2021-12-02T03:39:51+00:00\",\"author\":{\"@id\":\"https:\\\/\\\/www.bbmnoticias.com\\\/labravaradiofm\\\/#\\\/schema\\\/person\\\/c316b6f6c03640cce5d9482ba5a8e5c2\"},\"breadcrumb\":{\"@id\":\"https:\\\/\\\/www.bbmnoticias.com\\\/labravaradiofm\\\/2021\\\/12\\\/01\\\/por-falta-de-luz-y-medicos-en-salina-cruz-murio-el-nino-ricardo\\\/#breadcrumb\"},\"inLanguage\":\"es\",\"potentialAction\":[{\"@type\":\"ReadAction\",\"target\":[\"https:\\\/\\\/www.bbmnoticias.com\\\/labravaradiofm\\\/2021\\\/12\\\/01\\\/por-falta-de-luz-y-medicos-en-salina-cruz-murio-el-nino-ricardo\\\/\"]}]},{\"@type\":\"ImageObject\",\"inLanguage\":\"es\",\"@id\":\"https:\\\/\\\/www.bbmnoticias.com\\\/labravaradiofm\\\/2021\\\/12\\\/01\\\/por-falta-de-luz-y-medicos-en-salina-cruz-murio-el-nino-ricardo\\\/#primaryimage\",\"url\":\"https:\\\/\\\/www.bbmnoticias.com\\\/labravaradiofm\\\/wp-content\\\/uploads\\\/sites\\\/5\\\/2021\\\/12\\\/ricardo01122021.jpg\",\"contentUrl\":\"https:\\\/\\\/www.bbmnoticias.com\\\/labravaradiofm\\\/wp-content\\\/uploads\\\/sites\\\/5\\\/2021\\\/12\\\/ricardo01122021.jpg\",\"width\":1160,\"height\":700},{\"@type\":\"BreadcrumbList\",\"@id\":\"https:\\\/\\\/www.bbmnoticias.com\\\/labravaradiofm\\\/2021\\\/12\\\/01\\\/por-falta-de-luz-y-medicos-en-salina-cruz-murio-el-nino-ricardo\\\/#breadcrumb\",\"itemListElement\":[{\"@type\":\"ListItem\",\"position\":1,\"name\":\"Inicio\",\"item\":\"https:\\\/\\\/www.bbmnoticias.com\\\/labravaradiofm\\\/\"},{\"@type\":\"ListItem\",\"position\":2,\"name\":\"Por falta de luz y m\u00e9dicos en Salina Cruz muri\u00f3 el ni\u00f1o Ricardo\"}]},{\"@type\":\"WebSite\",\"@id\":\"https:\\\/\\\/www.bbmnoticias.com\\\/labravaradiofm\\\/#website\",\"url\":\"https:\\\/\\\/www.bbmnoticias.com\\\/labravaradiofm\\\/\",\"name\":\"LA BRAVA RADIO\",\"description\":\"Empresa productora de medios, Radiodifusi\u00f3n, Noticias, tendencias y todo lo que necesitas saber de la pol\u00edtica mexicana e internacional; entretenimiento, espect\u00e1culos, salud y mucho m\u00e1s.\",\"potentialAction\":[{\"@type\":\"SearchAction\",\"target\":{\"@type\":\"EntryPoint\",\"urlTemplate\":\"https:\\\/\\\/www.bbmnoticias.com\\\/labravaradiofm\\\/?s={search_term_string}\"},\"query-input\":{\"@type\":\"PropertyValueSpecification\",\"valueRequired\":true,\"valueName\":\"search_term_string\"}}],\"inLanguage\":\"es\"},{\"@type\":\"Person\",\"@id\":\"https:\\\/\\\/www.bbmnoticias.com\\\/labravaradiofm\\\/#\\\/schema\\\/person\\\/c316b6f6c03640cce5d9482ba5a8e5c2\",\"name\":\"Quadratin\",\"image\":{\"@type\":\"ImageObject\",\"inLanguage\":\"es\",\"@id\":\"https:\\\/\\\/secure.gravatar.com\\\/avatar\\\/34008d7d72488432d6a74f81e839efc9f754b118786ca32cf39d9d5508a68f63?s=96&d=mm&r=g\",\"url\":\"https:\\\/\\\/secure.gravatar.com\\\/avatar\\\/34008d7d72488432d6a74f81e839efc9f754b118786ca32cf39d9d5508a68f63?s=96&d=mm&r=g\",\"contentUrl\":\"https:\\\/\\\/secure.gravatar.com\\\/avatar\\\/34008d7d72488432d6a74f81e839efc9f754b118786ca32cf39d9d5508a68f63?s=96&d=mm&r=g\",\"caption\":\"Quadratin\"},\"url\":\"https:\\\/\\\/www.bbmnoticias.com\\\/labravaradiofm\\\/author\\\/quadratin\\\/\"}]}<\/script>\n<!-- \/ Yoast SEO plugin. -->","yoast_head_json":{"title":"Por falta de luz y m\u00e9dicos en Salina Cruz muri\u00f3 el ni\u00f1o Ricardo - LA BRAVA RADIO","robots":{"index":"index","follow":"follow","max-snippet":"max-snippet:-1","max-image-preview":"max-image-preview:large","max-video-preview":"max-video-preview:-1"},"canonical":"https:\/\/www.bbmnoticias.com\/labravaradiofm\/2021\/12\/01\/por-falta-de-luz-y-medicos-en-salina-cruz-murio-el-nino-ricardo\/","og_locale":"es_MX","og_type":"article","og_title":"Por falta de luz y m\u00e9dicos en Salina Cruz muri\u00f3 el ni\u00f1o Ricardo - LA BRAVA RADIO","og_description":"OAXACA, Oax.- El ni\u00f1o Ricardo Vargas Z\u00e1rate perdi\u00f3 la batalla contra el c\u00e1ncer y falleci\u00f3 este lunes en Oaxaca. Miles de personas lo recuerdan por un video que se hizo viral en redes sociales en el mes de septiembre pasado pidiendo al presidente de M\u00e9xico, Andr\u00e9s Manuel L\u00f3pez Obrador, que frenara el despido de m\u00e9dicos [&hellip;]","og_url":"https:\/\/www.bbmnoticias.com\/labravaradiofm\/2021\/12\/01\/por-falta-de-luz-y-medicos-en-salina-cruz-murio-el-nino-ricardo\/","og_site_name":"LA BRAVA RADIO","article_published_time":"2021-12-02T03:39:41+00:00","article_modified_time":"2021-12-02T03:39:51+00:00","og_image":[{"width":1160,"height":700,"url":"https:\/\/www.bbmnoticias.com\/labravaradiofm\/wp-content\/uploads\/sites\/5\/2021\/12\/ricardo01122021.jpg","type":"image\/jpeg"}],"author":"Quadratin","twitter_card":"summary_large_image","twitter_misc":{"Escrito por":"Quadratin","Tiempo de lectura":"1 minuto"},"schema":{"@context":"https:\/\/schema.org","@graph":[{"@type":"Article","@id":"https:\/\/www.bbmnoticias.com\/labravaradiofm\/2021\/12\/01\/por-falta-de-luz-y-medicos-en-salina-cruz-murio-el-nino-ricardo\/#article","isPartOf":{"@id":"https:\/\/www.bbmnoticias.com\/labravaradiofm\/2021\/12\/01\/por-falta-de-luz-y-medicos-en-salina-cruz-murio-el-nino-ricardo\/"},"author":{"name":"Quadratin","@id":"https:\/\/www.bbmnoticias.com\/labravaradiofm\/#\/schema\/person\/c316b6f6c03640cce5d9482ba5a8e5c2"},"headline":"Por falta de luz y m\u00e9dicos en Salina Cruz muri\u00f3 el ni\u00f1o Ricardo","datePublished":"2021-12-02T03:39:41+00:00","dateModified":"2021-12-02T03:39:51+00:00","mainEntityOfPage":{"@id":"https:\/\/www.bbmnoticias.com\/labravaradiofm\/2021\/12\/01\/por-falta-de-luz-y-medicos-en-salina-cruz-murio-el-nino-ricardo\/"},"wordCount":267,"image":{"@id":"https:\/\/www.bbmnoticias.com\/labravaradiofm\/2021\/12\/01\/por-falta-de-luz-y-medicos-en-salina-cruz-murio-el-nino-ricardo\/#primaryimage"},"thumbnailUrl":"https:\/\/www.bbmnoticias.com\/labravaradiofm\/wp-content\/uploads\/sites\/5\/2021\/12\/ricardo01122021.jpg","articleSection":["LOCAL"],"inLanguage":"es"},{"@type":"WebPage","@id":"https:\/\/www.bbmnoticias.com\/labravaradiofm\/2021\/12\/01\/por-falta-de-luz-y-medicos-en-salina-cruz-murio-el-nino-ricardo\/","url":"https:\/\/www.bbmnoticias.com\/labravaradiofm\/2021\/12\/01\/por-falta-de-luz-y-medicos-en-salina-cruz-murio-el-nino-ricardo\/","name":"Por falta de luz y m\u00e9dicos en Salina Cruz muri\u00f3 el ni\u00f1o Ricardo - LA BRAVA RADIO","isPartOf":{"@id":"https:\/\/www.bbmnoticias.com\/labravaradiofm\/#website"},"primaryImageOfPage":{"@id":"https:\/\/www.bbmnoticias.com\/labravaradiofm\/2021\/12\/01\/por-falta-de-luz-y-medicos-en-salina-cruz-murio-el-nino-ricardo\/#primaryimage"},"image":{"@id":"https:\/\/www.bbmnoticias.com\/labravaradiofm\/2021\/12\/01\/por-falta-de-luz-y-medicos-en-salina-cruz-murio-el-nino-ricardo\/#primaryimage"},"thumbnailUrl":"https:\/\/www.bbmnoticias.com\/labravaradiofm\/wp-content\/uploads\/sites\/5\/2021\/12\/ricardo01122021.jpg","datePublished":"2021-12-02T03:39:41+00:00","dateModified":"2021-12-02T03:39:51+00:00","author":{"@id":"https:\/\/www.bbmnoticias.com\/labravaradiofm\/#\/schema\/person\/c316b6f6c03640cce5d9482ba5a8e5c2"},"breadcrumb":{"@id":"https:\/\/www.bbmnoticias.com\/labravaradiofm\/2021\/12\/01\/por-falta-de-luz-y-medicos-en-salina-cruz-murio-el-nino-ricardo\/#breadcrumb"},"inLanguage":"es","potentialAction":[{"@type":"ReadAction","target":["https:\/\/www.bbmnoticias.com\/labravaradiofm\/2021\/12\/01\/por-falta-de-luz-y-medicos-en-salina-cruz-murio-el-nino-ricardo\/"]}]},{"@type":"ImageObject","inLanguage":"es","@id":"https:\/\/www.bbmnoticias.com\/labravaradiofm\/2021\/12\/01\/por-falta-de-luz-y-medicos-en-salina-cruz-murio-el-nino-ricardo\/#primaryimage","url":"https:\/\/www.bbmnoticias.com\/labravaradiofm\/wp-content\/uploads\/sites\/5\/2021\/12\/ricardo01122021.jpg","contentUrl":"https:\/\/www.bbmnoticias.com\/labravaradiofm\/wp-content\/uploads\/sites\/5\/2021\/12\/ricardo01122021.jpg","width":1160,"height":700},{"@type":"BreadcrumbList","@id":"https:\/\/www.bbmnoticias.com\/labravaradiofm\/2021\/12\/01\/por-falta-de-luz-y-medicos-en-salina-cruz-murio-el-nino-ricardo\/#breadcrumb","itemListElement":[{"@type":"ListItem","position":1,"name":"Inicio","item":"https:\/\/www.bbmnoticias.com\/labravaradiofm\/"},{"@type":"ListItem","position":2,"name":"Por falta de luz y m\u00e9dicos en Salina Cruz muri\u00f3 el ni\u00f1o Ricardo"}]},{"@type":"WebSite","@id":"https:\/\/www.bbmnoticias.com\/labravaradiofm\/#website","url":"https:\/\/www.bbmnoticias.com\/labravaradiofm\/","name":"LA BRAVA RADIO","description":"Empresa productora de medios, Radiodifusi\u00f3n, Noticias, tendencias y todo lo que necesitas saber de la pol\u00edtica mexicana e internacional; entretenimiento, espect\u00e1culos, salud y mucho m\u00e1s.","potentialAction":[{"@type":"SearchAction","target":{"@type":"EntryPoint","urlTemplate":"https:\/\/www.bbmnoticias.com\/labravaradiofm\/?s={search_term_string}"},"query-input":{"@type":"PropertyValueSpecification","valueRequired":true,"valueName":"search_term_string"}}],"inLanguage":"es"},{"@type":"Person","@id":"https:\/\/www.bbmnoticias.com\/labravaradiofm\/#\/schema\/person\/c316b6f6c03640cce5d9482ba5a8e5c2","name":"Quadratin","image":{"@type":"ImageObject","inLanguage":"es","@id":"https:\/\/secure.gravatar.com\/avatar\/34008d7d72488432d6a74f81e839efc9f754b118786ca32cf39d9d5508a68f63?s=96&d=mm&r=g","url":"https:\/\/secure.gravatar.com\/avatar\/34008d7d72488432d6a74f81e839efc9f754b118786ca32cf39d9d5508a68f63?s=96&d=mm&r=g","contentUrl":"https:\/\/secure.gravatar.com\/avatar\/34008d7d72488432d6a74f81e839efc9f754b118786ca32cf39d9d5508a68f63?s=96&d=mm&r=g","caption":"Quadratin"},"url":"https:\/\/www.bbmnoticias.com\/labravaradiofm\/author\/quadratin\/"}]}},"_links":{"self":[{"href":"https:\/\/www.bbmnoticias.com\/labravaradiofm\/wp-json\/wp\/v2\/posts\/6513","targetHints":{"allow":["GET"]}}],"collection":[{"href":"https:\/\/www.bbmnoticias.com\/labravaradiofm\/wp-json\/wp\/v2\/posts"}],"about":[{"href":"https:\/\/www.bbmnoticias.com\/labravaradiofm\/wp-json\/wp\/v2\/types\/post"}],"author":[{"embeddable":true,"href":"https:\/\/www.bbmnoticias.com\/labravaradiofm\/wp-json\/wp\/v2\/users\/5"}],"replies":[{"embeddable":true,"href":"https:\/\/www.bbmnoticias.com\/labravaradiofm\/wp-json\/wp\/v2\/comments?post=6513"}],"version-history":[{"count":0,"href":"https:\/\/www.bbmnoticias.com\/labravaradiofm\/wp-json\/wp\/v2\/posts\/6513\/revisions"}],"wp:featuredmedia":[{"embeddable":true,"href":"https:\/\/www.bbmnoticias.com\/labravaradiofm\/wp-json\/wp\/v2\/media\/6514"}],"wp:attachment":[{"href":"https:\/\/www.bbmnoticias.com\/labravaradiofm\/wp-json\/wp\/v2\/media?parent=6513"}],"wp:term":[{"taxonomy":"category","embeddable":true,"href":"https:\/\/www.bbmnoticias.com\/labravaradiofm\/wp-json\/wp\/v2\/categories?post=6513"},{"taxonomy":"post_tag","embeddable":true,"href":"https:\/\/www.bbmnoticias.com\/labravaradiofm\/wp-json\/wp\/v2\/tags?post=6513"}],"curies":[{"name":"wp","href":"https:\/\/api.w.org\/{rel}","templated":true}]}}