{"id":6509,"date":"2021-12-01T21:33:18","date_gmt":"2021-12-02T03:33:18","guid":{"rendered":"https:\/\/www.bbmnoticias.com\/labravaradiofm\/?p=6509"},"modified":"2021-12-01T21:33:19","modified_gmt":"2021-12-02T03:33:19","slug":"pernoctaran-colonos-de-tehuantepec-en-carretera-panamericana-mantendran-bloqueo-a-oaxaca","status":"publish","type":"post","link":"https:\/\/www.bbmnoticias.com\/labravaradiofm\/2021\/12\/01\/pernoctaran-colonos-de-tehuantepec-en-carretera-panamericana-mantendran-bloqueo-a-oaxaca\/","title":{"rendered":"Pernoctar\u00e1n colonos de Tehuantepec en carretera Panamericana; mantendr\u00e1n bloqueo a Oaxaca"},"content":{"rendered":"<div style=\"margin-top: 0px; margin-bottom: 0px;\" class=\"sharethis-inline-share-buttons\" ><\/div>\n<p>Tehuantepec, Oaxaca. La falta de atenci\u00f3n a sus demandas oblig\u00f3 a vecinos del Barrio Santa Cruz Tagolaba, a tomar la decisi\u00f3n de pernoctar sobre la carretera Panamericana impidiendo la comunicaci\u00f3n entre municipios del Istmo con la capital del Estado.<\/p>\n\n\n\n<p>A las 9 de la noche se cumplieron 13 horas de que los colonos se mantienen en esta carretera, buscando que el Gobierno del Estado libere el recurso para el inicio de la segunda etapa de la rehabilitaci\u00f3n de drenaje sanitario del arroyo Basaguya.<\/p>\n\n\n\n<p>Cabe mencionar que esta obra se ejecutar\u00e1 de manera compartida entre el Gobierno Municipal de Tehuantepec y el Gobierno del Estado, sin embargo, la Coordinaci\u00f3n General del Comit\u00e9 Estatal de Planeaci\u00f3n para el Desarrollo de Oaxaca COPLADE, no ha liberado el recurso.<\/p>\n\n\n\n<p><\/p>\n\n\n\n<figure class=\"wp-block-image size-large\"><img loading=\"lazy\" decoding=\"async\" width=\"1600\" height=\"1200\" src=\"https:\/\/www.bbmnoticias.com\/labravaradiofm\/wp-content\/uploads\/sites\/5\/2021\/12\/bloqueo01122021-2.jpg\" alt=\"\" class=\"wp-image-6511\" srcset=\"https:\/\/www.bbmnoticias.com\/labravaradiofm\/wp-content\/uploads\/sites\/5\/2021\/12\/bloqueo01122021-2.jpg 1600w, https:\/\/www.bbmnoticias.com\/labravaradiofm\/wp-content\/uploads\/sites\/5\/2021\/12\/bloqueo01122021-2-300x225.jpg 300w, https:\/\/www.bbmnoticias.com\/labravaradiofm\/wp-content\/uploads\/sites\/5\/2021\/12\/bloqueo01122021-2-1024x768.jpg 1024w, https:\/\/www.bbmnoticias.com\/labravaradiofm\/wp-content\/uploads\/sites\/5\/2021\/12\/bloqueo01122021-2-768x576.jpg 768w, https:\/\/www.bbmnoticias.com\/labravaradiofm\/wp-content\/uploads\/sites\/5\/2021\/12\/bloqueo01122021-2-1536x1152.jpg 1536w, https:\/\/www.bbmnoticias.com\/labravaradiofm\/wp-content\/uploads\/sites\/5\/2021\/12\/bloqueo01122021-2-560x420.jpg 560w, https:\/\/www.bbmnoticias.com\/labravaradiofm\/wp-content\/uploads\/sites\/5\/2021\/12\/bloqueo01122021-2-80x60.jpg 80w, https:\/\/www.bbmnoticias.com\/labravaradiofm\/wp-content\/uploads\/sites\/5\/2021\/12\/bloqueo01122021-2-100x75.jpg 100w, https:\/\/www.bbmnoticias.com\/labravaradiofm\/wp-content\/uploads\/sites\/5\/2021\/12\/bloqueo01122021-2-180x135.jpg 180w, https:\/\/www.bbmnoticias.com\/labravaradiofm\/wp-content\/uploads\/sites\/5\/2021\/12\/bloqueo01122021-2-238x178.jpg 238w, https:\/\/www.bbmnoticias.com\/labravaradiofm\/wp-content\/uploads\/sites\/5\/2021\/12\/bloqueo01122021-2-640x480.jpg 640w, https:\/\/www.bbmnoticias.com\/labravaradiofm\/wp-content\/uploads\/sites\/5\/2021\/12\/bloqueo01122021-2-681x511.jpg 681w\" sizes=\"auto, (max-width: 1600px) 100vw, 1600px\" \/><\/figure>\n\n\n\n<p>Para mantenerse toda la noche en la carretera, los colonos hicieron fogatas con neum\u00e1ticos que les permita ayudar con iluminaci\u00f3n y aguantar las condiciones climatol\u00f3gicas de fr\u00edo que se podr\u00eda sentir a alturas horas de la noche.<\/p>\n\n\n\n<p>Por la tarde, funcionarios de la Secretar\u00eda General de Gobierno Segego, tuvo un acercamiento sin ninguna opci\u00f3n de respuesta a lo que los colonos exigen.<\/p>\n\n\n\n<p>Es por ello que, los vecinos del barrio de Santa Cruz Tagolaba decidieron que el bloqueo se quedara toda la noche.<\/p>\n","protected":false},"excerpt":{"rendered":"<p>Tehuantepec, Oaxaca. La falta de atenci\u00f3n a sus demandas oblig\u00f3 a vecinos del Barrio Santa Cruz Tagolaba, a tomar la decisi\u00f3n de pernoctar sobre la carretera Panamericana impidiendo la comunicaci\u00f3n entre municipios del Istmo con la capital del Estado. A las 9 de la noche se cumplieron 13 horas de que los colonos se mantienen [&hellip;]<\/p>\n","protected":false},"author":3,"featured_media":6510,"comment_status":"closed","ping_status":"closed","sticky":false,"template":"","format":"standard","meta":{"footnotes":""},"categories":[1],"tags":[],"class_list":{"0":"post-6509","1":"post","2":"type-post","3":"status-publish","4":"format-standard","5":"has-post-thumbnail","7":"category-sin-categoria"},"yoast_head":"<!-- This site is optimized with the Yoast SEO plugin v27.4 - https:\/\/yoast.com\/product\/yoast-seo-wordpress\/ -->\n<title>Pernoctar\u00e1n colonos de Tehuantepec en carretera Panamericana; mantendr\u00e1n bloqueo a Oaxaca - LA BRAVA RADIO<\/title>\n<meta name=\"robots\" content=\"index, follow, max-snippet:-1, max-image-preview:large, max-video-preview:-1\" \/>\n<link rel=\"canonical\" href=\"https:\/\/www.bbmnoticias.com\/labravaradiofm\/2021\/12\/01\/pernoctaran-colonos-de-tehuantepec-en-carretera-panamericana-mantendran-bloqueo-a-oaxaca\/\" \/>\n<meta property=\"og:locale\" content=\"es_MX\" \/>\n<meta property=\"og:type\" content=\"article\" \/>\n<meta property=\"og:title\" content=\"Pernoctar\u00e1n colonos de Tehuantepec en carretera Panamericana; mantendr\u00e1n bloqueo a Oaxaca - LA BRAVA RADIO\" \/>\n<meta property=\"og:description\" content=\"Tehuantepec, Oaxaca. La falta de atenci\u00f3n a sus demandas oblig\u00f3 a vecinos del Barrio Santa Cruz Tagolaba, a tomar la decisi\u00f3n de pernoctar sobre la carretera Panamericana impidiendo la comunicaci\u00f3n entre municipios del Istmo con la capital del Estado. A las 9 de la noche se cumplieron 13 horas de que los colonos se mantienen [&hellip;]\" \/>\n<meta property=\"og:url\" content=\"https:\/\/www.bbmnoticias.com\/labravaradiofm\/2021\/12\/01\/pernoctaran-colonos-de-tehuantepec-en-carretera-panamericana-mantendran-bloqueo-a-oaxaca\/\" \/>\n<meta property=\"og:site_name\" content=\"LA BRAVA RADIO\" \/>\n<meta property=\"article:author\" content=\"https:\/\/www.facebook.com\/EdwinMeneses30\" \/>\n<meta property=\"article:published_time\" content=\"2021-12-02T03:33:18+00:00\" \/>\n<meta property=\"article:modified_time\" content=\"2021-12-02T03:33:19+00:00\" \/>\n<meta property=\"og:image\" content=\"https:\/\/www.bbmnoticias.com\/labravaradiofm\/wp-content\/uploads\/sites\/5\/2021\/12\/bloqueo01122021-1.jpg\" \/>\n\t<meta property=\"og:image:width\" content=\"1600\" \/>\n\t<meta property=\"og:image:height\" content=\"1200\" \/>\n\t<meta property=\"og:image:type\" content=\"image\/jpeg\" \/>\n<meta name=\"author\" content=\"Edwin MENESES\" \/>\n<meta name=\"twitter:card\" content=\"summary_large_image\" \/>\n<meta name=\"twitter:creator\" content=\"@https:\/\/twitter.com\/edwin_meneses81\" \/>\n<meta name=\"twitter:label1\" content=\"Escrito por\" \/>\n\t<meta name=\"twitter:data1\" content=\"Edwin MENESES\" \/>\n\t<meta name=\"twitter:label2\" content=\"Tiempo de lectura\" \/>\n\t<meta name=\"twitter:data2\" content=\"2 minutos\" \/>\n<script type=\"application\/ld+json\" class=\"yoast-schema-graph\">{\"@context\":\"https:\\\/\\\/schema.org\",\"@graph\":[{\"@type\":\"Article\",\"@id\":\"https:\\\/\\\/www.bbmnoticias.com\\\/labravaradiofm\\\/2021\\\/12\\\/01\\\/pernoctaran-colonos-de-tehuantepec-en-carretera-panamericana-mantendran-bloqueo-a-oaxaca\\\/#article\",\"isPartOf\":{\"@id\":\"https:\\\/\\\/www.bbmnoticias.com\\\/labravaradiofm\\\/2021\\\/12\\\/01\\\/pernoctaran-colonos-de-tehuantepec-en-carretera-panamericana-mantendran-bloqueo-a-oaxaca\\\/\"},\"author\":{\"name\":\"Edwin MENESES\",\"@id\":\"https:\\\/\\\/www.bbmnoticias.com\\\/labravaradiofm\\\/#\\\/schema\\\/person\\\/9b02a4c779df75b578b6413d0d44d6b6\"},\"headline\":\"Pernoctar\u00e1n colonos de Tehuantepec en carretera Panamericana; mantendr\u00e1n bloqueo a Oaxaca\",\"datePublished\":\"2021-12-02T03:33:18+00:00\",\"dateModified\":\"2021-12-02T03:33:19+00:00\",\"mainEntityOfPage\":{\"@id\":\"https:\\\/\\\/www.bbmnoticias.com\\\/labravaradiofm\\\/2021\\\/12\\\/01\\\/pernoctaran-colonos-de-tehuantepec-en-carretera-panamericana-mantendran-bloqueo-a-oaxaca\\\/\"},\"wordCount\":232,\"image\":{\"@id\":\"https:\\\/\\\/www.bbmnoticias.com\\\/labravaradiofm\\\/2021\\\/12\\\/01\\\/pernoctaran-colonos-de-tehuantepec-en-carretera-panamericana-mantendran-bloqueo-a-oaxaca\\\/#primaryimage\"},\"thumbnailUrl\":\"https:\\\/\\\/www.bbmnoticias.com\\\/labravaradiofm\\\/wp-content\\\/uploads\\\/sites\\\/5\\\/2021\\\/12\\\/bloqueo01122021-1.jpg\",\"inLanguage\":\"es\"},{\"@type\":\"WebPage\",\"@id\":\"https:\\\/\\\/www.bbmnoticias.com\\\/labravaradiofm\\\/2021\\\/12\\\/01\\\/pernoctaran-colonos-de-tehuantepec-en-carretera-panamericana-mantendran-bloqueo-a-oaxaca\\\/\",\"url\":\"https:\\\/\\\/www.bbmnoticias.com\\\/labravaradiofm\\\/2021\\\/12\\\/01\\\/pernoctaran-colonos-de-tehuantepec-en-carretera-panamericana-mantendran-bloqueo-a-oaxaca\\\/\",\"name\":\"Pernoctar\u00e1n colonos de Tehuantepec en carretera Panamericana; mantendr\u00e1n bloqueo a Oaxaca - LA BRAVA RADIO\",\"isPartOf\":{\"@id\":\"https:\\\/\\\/www.bbmnoticias.com\\\/labravaradiofm\\\/#website\"},\"primaryImageOfPage\":{\"@id\":\"https:\\\/\\\/www.bbmnoticias.com\\\/labravaradiofm\\\/2021\\\/12\\\/01\\\/pernoctaran-colonos-de-tehuantepec-en-carretera-panamericana-mantendran-bloqueo-a-oaxaca\\\/#primaryimage\"},\"image\":{\"@id\":\"https:\\\/\\\/www.bbmnoticias.com\\\/labravaradiofm\\\/2021\\\/12\\\/01\\\/pernoctaran-colonos-de-tehuantepec-en-carretera-panamericana-mantendran-bloqueo-a-oaxaca\\\/#primaryimage\"},\"thumbnailUrl\":\"https:\\\/\\\/www.bbmnoticias.com\\\/labravaradiofm\\\/wp-content\\\/uploads\\\/sites\\\/5\\\/2021\\\/12\\\/bloqueo01122021-1.jpg\",\"datePublished\":\"2021-12-02T03:33:18+00:00\",\"dateModified\":\"2021-12-02T03:33:19+00:00\",\"author\":{\"@id\":\"https:\\\/\\\/www.bbmnoticias.com\\\/labravaradiofm\\\/#\\\/schema\\\/person\\\/9b02a4c779df75b578b6413d0d44d6b6\"},\"breadcrumb\":{\"@id\":\"https:\\\/\\\/www.bbmnoticias.com\\\/labravaradiofm\\\/2021\\\/12\\\/01\\\/pernoctaran-colonos-de-tehuantepec-en-carretera-panamericana-mantendran-bloqueo-a-oaxaca\\\/#breadcrumb\"},\"inLanguage\":\"es\",\"potentialAction\":[{\"@type\":\"ReadAction\",\"target\":[\"https:\\\/\\\/www.bbmnoticias.com\\\/labravaradiofm\\\/2021\\\/12\\\/01\\\/pernoctaran-colonos-de-tehuantepec-en-carretera-panamericana-mantendran-bloqueo-a-oaxaca\\\/\"]}]},{\"@type\":\"ImageObject\",\"inLanguage\":\"es\",\"@id\":\"https:\\\/\\\/www.bbmnoticias.com\\\/labravaradiofm\\\/2021\\\/12\\\/01\\\/pernoctaran-colonos-de-tehuantepec-en-carretera-panamericana-mantendran-bloqueo-a-oaxaca\\\/#primaryimage\",\"url\":\"https:\\\/\\\/www.bbmnoticias.com\\\/labravaradiofm\\\/wp-content\\\/uploads\\\/sites\\\/5\\\/2021\\\/12\\\/bloqueo01122021-1.jpg\",\"contentUrl\":\"https:\\\/\\\/www.bbmnoticias.com\\\/labravaradiofm\\\/wp-content\\\/uploads\\\/sites\\\/5\\\/2021\\\/12\\\/bloqueo01122021-1.jpg\",\"width\":1600,\"height\":1200},{\"@type\":\"BreadcrumbList\",\"@id\":\"https:\\\/\\\/www.bbmnoticias.com\\\/labravaradiofm\\\/2021\\\/12\\\/01\\\/pernoctaran-colonos-de-tehuantepec-en-carretera-panamericana-mantendran-bloqueo-a-oaxaca\\\/#breadcrumb\",\"itemListElement\":[{\"@type\":\"ListItem\",\"position\":1,\"name\":\"Inicio\",\"item\":\"https:\\\/\\\/www.bbmnoticias.com\\\/labravaradiofm\\\/\"},{\"@type\":\"ListItem\",\"position\":2,\"name\":\"Pernoctar\u00e1n colonos de Tehuantepec en carretera Panamericana; mantendr\u00e1n bloqueo a Oaxaca\"}]},{\"@type\":\"WebSite\",\"@id\":\"https:\\\/\\\/www.bbmnoticias.com\\\/labravaradiofm\\\/#website\",\"url\":\"https:\\\/\\\/www.bbmnoticias.com\\\/labravaradiofm\\\/\",\"name\":\"LA BRAVA RADIO\",\"description\":\"Empresa productora de medios, Radiodifusi\u00f3n, Noticias, tendencias y todo lo que necesitas saber de la pol\u00edtica mexicana e internacional; entretenimiento, espect\u00e1culos, salud y mucho m\u00e1s.\",\"potentialAction\":[{\"@type\":\"SearchAction\",\"target\":{\"@type\":\"EntryPoint\",\"urlTemplate\":\"https:\\\/\\\/www.bbmnoticias.com\\\/labravaradiofm\\\/?s={search_term_string}\"},\"query-input\":{\"@type\":\"PropertyValueSpecification\",\"valueRequired\":true,\"valueName\":\"search_term_string\"}}],\"inLanguage\":\"es\"},{\"@type\":\"Person\",\"@id\":\"https:\\\/\\\/www.bbmnoticias.com\\\/labravaradiofm\\\/#\\\/schema\\\/person\\\/9b02a4c779df75b578b6413d0d44d6b6\",\"name\":\"Edwin MENESES\",\"image\":{\"@type\":\"ImageObject\",\"inLanguage\":\"es\",\"@id\":\"https:\\\/\\\/secure.gravatar.com\\\/avatar\\\/202a15439445248653d719ff745fa195bcc0553404b070fe317543754f253c4f?s=96&d=mm&r=g\",\"url\":\"https:\\\/\\\/secure.gravatar.com\\\/avatar\\\/202a15439445248653d719ff745fa195bcc0553404b070fe317543754f253c4f?s=96&d=mm&r=g\",\"contentUrl\":\"https:\\\/\\\/secure.gravatar.com\\\/avatar\\\/202a15439445248653d719ff745fa195bcc0553404b070fe317543754f253c4f?s=96&d=mm&r=g\",\"caption\":\"Edwin MENESES\"},\"sameAs\":[\"https:\\\/\\\/www.bbmnoticias.com\",\"https:\\\/\\\/www.facebook.com\\\/EdwinMeneses30\",\"https:\\\/\\\/x.com\\\/https:\\\/\\\/twitter.com\\\/edwin_meneses81\"],\"url\":\"https:\\\/\\\/www.bbmnoticias.com\\\/labravaradiofm\\\/author\\\/edwin\\\/\"}]}<\/script>\n<!-- \/ Yoast SEO plugin. -->","yoast_head_json":{"title":"Pernoctar\u00e1n colonos de Tehuantepec en carretera Panamericana; mantendr\u00e1n bloqueo a Oaxaca - LA BRAVA RADIO","robots":{"index":"index","follow":"follow","max-snippet":"max-snippet:-1","max-image-preview":"max-image-preview:large","max-video-preview":"max-video-preview:-1"},"canonical":"https:\/\/www.bbmnoticias.com\/labravaradiofm\/2021\/12\/01\/pernoctaran-colonos-de-tehuantepec-en-carretera-panamericana-mantendran-bloqueo-a-oaxaca\/","og_locale":"es_MX","og_type":"article","og_title":"Pernoctar\u00e1n colonos de Tehuantepec en carretera Panamericana; mantendr\u00e1n bloqueo a Oaxaca - LA BRAVA RADIO","og_description":"Tehuantepec, Oaxaca. La falta de atenci\u00f3n a sus demandas oblig\u00f3 a vecinos del Barrio Santa Cruz Tagolaba, a tomar la decisi\u00f3n de pernoctar sobre la carretera Panamericana impidiendo la comunicaci\u00f3n entre municipios del Istmo con la capital del Estado. A las 9 de la noche se cumplieron 13 horas de que los colonos se mantienen [&hellip;]","og_url":"https:\/\/www.bbmnoticias.com\/labravaradiofm\/2021\/12\/01\/pernoctaran-colonos-de-tehuantepec-en-carretera-panamericana-mantendran-bloqueo-a-oaxaca\/","og_site_name":"LA BRAVA RADIO","article_author":"https:\/\/www.facebook.com\/EdwinMeneses30","article_published_time":"2021-12-02T03:33:18+00:00","article_modified_time":"2021-12-02T03:33:19+00:00","og_image":[{"width":1600,"height":1200,"url":"https:\/\/www.bbmnoticias.com\/labravaradiofm\/wp-content\/uploads\/sites\/5\/2021\/12\/bloqueo01122021-1.jpg","type":"image\/jpeg"}],"author":"Edwin MENESES","twitter_card":"summary_large_image","twitter_creator":"@https:\/\/twitter.com\/edwin_meneses81","twitter_misc":{"Escrito por":"Edwin MENESES","Tiempo de lectura":"2 minutos"},"schema":{"@context":"https:\/\/schema.org","@graph":[{"@type":"Article","@id":"https:\/\/www.bbmnoticias.com\/labravaradiofm\/2021\/12\/01\/pernoctaran-colonos-de-tehuantepec-en-carretera-panamericana-mantendran-bloqueo-a-oaxaca\/#article","isPartOf":{"@id":"https:\/\/www.bbmnoticias.com\/labravaradiofm\/2021\/12\/01\/pernoctaran-colonos-de-tehuantepec-en-carretera-panamericana-mantendran-bloqueo-a-oaxaca\/"},"author":{"name":"Edwin MENESES","@id":"https:\/\/www.bbmnoticias.com\/labravaradiofm\/#\/schema\/person\/9b02a4c779df75b578b6413d0d44d6b6"},"headline":"Pernoctar\u00e1n colonos de Tehuantepec en carretera Panamericana; mantendr\u00e1n bloqueo a Oaxaca","datePublished":"2021-12-02T03:33:18+00:00","dateModified":"2021-12-02T03:33:19+00:00","mainEntityOfPage":{"@id":"https:\/\/www.bbmnoticias.com\/labravaradiofm\/2021\/12\/01\/pernoctaran-colonos-de-tehuantepec-en-carretera-panamericana-mantendran-bloqueo-a-oaxaca\/"},"wordCount":232,"image":{"@id":"https:\/\/www.bbmnoticias.com\/labravaradiofm\/2021\/12\/01\/pernoctaran-colonos-de-tehuantepec-en-carretera-panamericana-mantendran-bloqueo-a-oaxaca\/#primaryimage"},"thumbnailUrl":"https:\/\/www.bbmnoticias.com\/labravaradiofm\/wp-content\/uploads\/sites\/5\/2021\/12\/bloqueo01122021-1.jpg","inLanguage":"es"},{"@type":"WebPage","@id":"https:\/\/www.bbmnoticias.com\/labravaradiofm\/2021\/12\/01\/pernoctaran-colonos-de-tehuantepec-en-carretera-panamericana-mantendran-bloqueo-a-oaxaca\/","url":"https:\/\/www.bbmnoticias.com\/labravaradiofm\/2021\/12\/01\/pernoctaran-colonos-de-tehuantepec-en-carretera-panamericana-mantendran-bloqueo-a-oaxaca\/","name":"Pernoctar\u00e1n colonos de Tehuantepec en carretera Panamericana; mantendr\u00e1n bloqueo a Oaxaca - LA BRAVA RADIO","isPartOf":{"@id":"https:\/\/www.bbmnoticias.com\/labravaradiofm\/#website"},"primaryImageOfPage":{"@id":"https:\/\/www.bbmnoticias.com\/labravaradiofm\/2021\/12\/01\/pernoctaran-colonos-de-tehuantepec-en-carretera-panamericana-mantendran-bloqueo-a-oaxaca\/#primaryimage"},"image":{"@id":"https:\/\/www.bbmnoticias.com\/labravaradiofm\/2021\/12\/01\/pernoctaran-colonos-de-tehuantepec-en-carretera-panamericana-mantendran-bloqueo-a-oaxaca\/#primaryimage"},"thumbnailUrl":"https:\/\/www.bbmnoticias.com\/labravaradiofm\/wp-content\/uploads\/sites\/5\/2021\/12\/bloqueo01122021-1.jpg","datePublished":"2021-12-02T03:33:18+00:00","dateModified":"2021-12-02T03:33:19+00:00","author":{"@id":"https:\/\/www.bbmnoticias.com\/labravaradiofm\/#\/schema\/person\/9b02a4c779df75b578b6413d0d44d6b6"},"breadcrumb":{"@id":"https:\/\/www.bbmnoticias.com\/labravaradiofm\/2021\/12\/01\/pernoctaran-colonos-de-tehuantepec-en-carretera-panamericana-mantendran-bloqueo-a-oaxaca\/#breadcrumb"},"inLanguage":"es","potentialAction":[{"@type":"ReadAction","target":["https:\/\/www.bbmnoticias.com\/labravaradiofm\/2021\/12\/01\/pernoctaran-colonos-de-tehuantepec-en-carretera-panamericana-mantendran-bloqueo-a-oaxaca\/"]}]},{"@type":"ImageObject","inLanguage":"es","@id":"https:\/\/www.bbmnoticias.com\/labravaradiofm\/2021\/12\/01\/pernoctaran-colonos-de-tehuantepec-en-carretera-panamericana-mantendran-bloqueo-a-oaxaca\/#primaryimage","url":"https:\/\/www.bbmnoticias.com\/labravaradiofm\/wp-content\/uploads\/sites\/5\/2021\/12\/bloqueo01122021-1.jpg","contentUrl":"https:\/\/www.bbmnoticias.com\/labravaradiofm\/wp-content\/uploads\/sites\/5\/2021\/12\/bloqueo01122021-1.jpg","width":1600,"height":1200},{"@type":"BreadcrumbList","@id":"https:\/\/www.bbmnoticias.com\/labravaradiofm\/2021\/12\/01\/pernoctaran-colonos-de-tehuantepec-en-carretera-panamericana-mantendran-bloqueo-a-oaxaca\/#breadcrumb","itemListElement":[{"@type":"ListItem","position":1,"name":"Inicio","item":"https:\/\/www.bbmnoticias.com\/labravaradiofm\/"},{"@type":"ListItem","position":2,"name":"Pernoctar\u00e1n colonos de Tehuantepec en carretera Panamericana; mantendr\u00e1n bloqueo a Oaxaca"}]},{"@type":"WebSite","@id":"https:\/\/www.bbmnoticias.com\/labravaradiofm\/#website","url":"https:\/\/www.bbmnoticias.com\/labravaradiofm\/","name":"LA BRAVA RADIO","description":"Empresa productora de medios, Radiodifusi\u00f3n, Noticias, tendencias y todo lo que necesitas saber de la pol\u00edtica mexicana e internacional; entretenimiento, espect\u00e1culos, salud y mucho m\u00e1s.","potentialAction":[{"@type":"SearchAction","target":{"@type":"EntryPoint","urlTemplate":"https:\/\/www.bbmnoticias.com\/labravaradiofm\/?s={search_term_string}"},"query-input":{"@type":"PropertyValueSpecification","valueRequired":true,"valueName":"search_term_string"}}],"inLanguage":"es"},{"@type":"Person","@id":"https:\/\/www.bbmnoticias.com\/labravaradiofm\/#\/schema\/person\/9b02a4c779df75b578b6413d0d44d6b6","name":"Edwin MENESES","image":{"@type":"ImageObject","inLanguage":"es","@id":"https:\/\/secure.gravatar.com\/avatar\/202a15439445248653d719ff745fa195bcc0553404b070fe317543754f253c4f?s=96&d=mm&r=g","url":"https:\/\/secure.gravatar.com\/avatar\/202a15439445248653d719ff745fa195bcc0553404b070fe317543754f253c4f?s=96&d=mm&r=g","contentUrl":"https:\/\/secure.gravatar.com\/avatar\/202a15439445248653d719ff745fa195bcc0553404b070fe317543754f253c4f?s=96&d=mm&r=g","caption":"Edwin MENESES"},"sameAs":["https:\/\/www.bbmnoticias.com","https:\/\/www.facebook.com\/EdwinMeneses30","https:\/\/x.com\/https:\/\/twitter.com\/edwin_meneses81"],"url":"https:\/\/www.bbmnoticias.com\/labravaradiofm\/author\/edwin\/"}]}},"_links":{"self":[{"href":"https:\/\/www.bbmnoticias.com\/labravaradiofm\/wp-json\/wp\/v2\/posts\/6509","targetHints":{"allow":["GET"]}}],"collection":[{"href":"https:\/\/www.bbmnoticias.com\/labravaradiofm\/wp-json\/wp\/v2\/posts"}],"about":[{"href":"https:\/\/www.bbmnoticias.com\/labravaradiofm\/wp-json\/wp\/v2\/types\/post"}],"author":[{"embeddable":true,"href":"https:\/\/www.bbmnoticias.com\/labravaradiofm\/wp-json\/wp\/v2\/users\/3"}],"replies":[{"embeddable":true,"href":"https:\/\/www.bbmnoticias.com\/labravaradiofm\/wp-json\/wp\/v2\/comments?post=6509"}],"version-history":[{"count":0,"href":"https:\/\/www.bbmnoticias.com\/labravaradiofm\/wp-json\/wp\/v2\/posts\/6509\/revisions"}],"wp:featuredmedia":[{"embeddable":true,"href":"https:\/\/www.bbmnoticias.com\/labravaradiofm\/wp-json\/wp\/v2\/media\/6510"}],"wp:attachment":[{"href":"https:\/\/www.bbmnoticias.com\/labravaradiofm\/wp-json\/wp\/v2\/media?parent=6509"}],"wp:term":[{"taxonomy":"category","embeddable":true,"href":"https:\/\/www.bbmnoticias.com\/labravaradiofm\/wp-json\/wp\/v2\/categories?post=6509"},{"taxonomy":"post_tag","embeddable":true,"href":"https:\/\/www.bbmnoticias.com\/labravaradiofm\/wp-json\/wp\/v2\/tags?post=6509"}],"curies":[{"name":"wp","href":"https:\/\/api.w.org\/{rel}","templated":true}]}}