{"id":64904,"date":"2025-08-12T18:13:20","date_gmt":"2025-08-13T00:13:20","guid":{"rendered":"https:\/\/www.bbmnoticias.com\/labravaradiofm\/2025\/08\/12\/presenta-sso-a-pasantes-de-servicio-social-ante-autoridades-municipales-en-valles-centrales\/"},"modified":"2025-08-12T18:13:26","modified_gmt":"2025-08-13T00:13:26","slug":"presenta-sso-a-pasantes-de-servicio-social-ante-autoridades-municipales-en-valles-centrales","status":"publish","type":"post","link":"https:\/\/www.bbmnoticias.com\/labravaradiofm\/2025\/08\/12\/presenta-sso-a-pasantes-de-servicio-social-ante-autoridades-municipales-en-valles-centrales\/","title":{"rendered":"Presenta SSO a pasantes de servicio social ante autoridades municipales en Valles Centrales"},"content":{"rendered":"<div style=\"margin-top: 0px; margin-bottom: 0px;\" class=\"sharethis-inline-share-buttons\" ><\/div>\n<p>Oaxaca de Ju\u00e1rez, Oax., 12 de agosto de 2025.-Servicios de Salud de Oaxaca (SSO) a trav\u00e9s de la Jurisdicci\u00f3n Sanitaria 1 Valles Centrales, present\u00f3 a 542 pasantes de las carreras de medicina, enfermer\u00eda, odontolog\u00eda, psicolog\u00eda, nutrici\u00f3n, terapia f\u00edsica y ocupacional, quienes se integran al fortalecimiento de la red m\u00e9dica de IMSS-Bienestar en las localidades de la regi\u00f3n.<\/p>\n\n\n\n<p>En representaci\u00f3n del jefe jurisdiccional, Ramiro L\u00f3pez Lucero; el coordinador de Ense\u00f1anza y Capacitaci\u00f3n, \u00c1ngel Quintero Mart\u00ednez, dio la bienvenida a esta nueva generaci\u00f3n, subrayando la importancia de mantener una comunicaci\u00f3n efectiva entre pasantes, comunidades y gobiernos municipales para garantizar servicios de salud oportunos y de calidad.<\/p>\n\n\n\n<p>Durante el acto, se reconoci\u00f3 a 29 enfermeras y enfermeros por obtener calificaci\u00f3n perfecta en su evaluaci\u00f3n inicial, exhort\u00e1ndoles a actualizar permanentemente sus conocimientos te\u00f3ricos y pr\u00e1cticos. Asimismo, se presentaron los 10 equipos zonales de supervisi\u00f3n, integrados por un Supervisor M\u00e9dico, de Enfermer\u00eda y de Acci\u00f3n Social, quienes acompa\u00f1ar\u00e1n y respaldar\u00e1n el trabajo de campo.<\/p>\n\n\n\n<p>Quintero Mart\u00ednez destac\u00f3 que el servicio social es m\u00e1s que una pr\u00e1ctica profesional: \u201cEs una oportunidad para aplicar habilidades, aprender de la experiencia diaria y, sobre todo, dejar una huella positiva en la vida de las comunidades. Es un compromiso con la salud y el bienestar p\u00fablico\u201d, afirm\u00f3.<\/p>\n\n\n\n<p>El funcionario llam\u00f3 a las y los pasantes a mantener un trato digno con la poblaci\u00f3n, coordinarse de forma \u00f3ptima con sus equipos de supervisi\u00f3n, notificar de manera oportuna cualquier situaci\u00f3n y cumplir con la permanencia en sus unidades de salud, recordando que su presencia es clave para la continuidad y eficiencia de la atenci\u00f3n m\u00e9dica.<\/p>\n\n\n\n<p>Finalmente, reiter\u00f3 que el compromiso y profesionalismo de esta nueva generaci\u00f3n ser\u00e1 pilar para fortalecer los servicios de salud en Valles Centrales, reflejando el trabajo conjunto entre autoridades, personal m\u00e9dico y comunidad en favor de un Oaxaca m\u00e1s saludable.<\/p>\n","protected":false},"excerpt":{"rendered":"<p>Oaxaca de Ju\u00e1rez, Oax., 12 de agosto de 2025.-Servicios de Salud de Oaxaca (SSO) a trav\u00e9s de la Jurisdicci\u00f3n Sanitaria 1 Valles Centrales, present\u00f3 a 542 pasantes de las carreras de medicina, enfermer\u00eda, odontolog\u00eda, psicolog\u00eda, nutrici\u00f3n, terapia f\u00edsica y ocupacional, quienes se integran al fortalecimiento de la red m\u00e9dica de IMSS-Bienestar en las localidades de [&hellip;]<\/p>\n","protected":false},"author":2,"featured_media":64906,"comment_status":"closed","ping_status":"","sticky":false,"template":"","format":"standard","meta":{"footnotes":""},"categories":[2],"tags":[],"class_list":{"0":"post-64904","1":"post","2":"type-post","3":"status-publish","4":"format-standard","5":"has-post-thumbnail","7":"category-oaxaca"},"yoast_head":"<!-- This site is optimized with the Yoast SEO plugin v27.4 - https:\/\/yoast.com\/product\/yoast-seo-wordpress\/ -->\n<title>Presenta SSO a pasantes de servicio social ante autoridades municipales en Valles Centrales - LA BRAVA RADIO<\/title>\n<meta name=\"robots\" content=\"index, follow, max-snippet:-1, max-image-preview:large, max-video-preview:-1\" \/>\n<link rel=\"canonical\" href=\"https:\/\/www.bbmnoticias.com\/blog\/2025\/08\/12\/presenta-sso-a-pasantes-de-servicio-social-ante-autoridades-municipales-en-valles-centrales\/\" \/>\n<meta property=\"og:locale\" content=\"es_MX\" \/>\n<meta property=\"og:type\" content=\"article\" \/>\n<meta property=\"og:title\" content=\"Presenta SSO a pasantes de servicio social ante autoridades municipales en Valles Centrales - LA BRAVA RADIO\" \/>\n<meta property=\"og:description\" content=\"Oaxaca de Ju\u00e1rez, Oax., 12 de agosto de 2025.-Servicios de Salud de Oaxaca (SSO) a trav\u00e9s de la Jurisdicci\u00f3n Sanitaria 1 Valles Centrales, present\u00f3 a 542 pasantes de las carreras de medicina, enfermer\u00eda, odontolog\u00eda, psicolog\u00eda, nutrici\u00f3n, terapia f\u00edsica y ocupacional, quienes se integran al fortalecimiento de la red m\u00e9dica de IMSS-Bienestar en las localidades de [&hellip;]\" \/>\n<meta property=\"og:url\" content=\"https:\/\/www.bbmnoticias.com\/blog\/2025\/08\/12\/presenta-sso-a-pasantes-de-servicio-social-ante-autoridades-municipales-en-valles-centrales\/\" \/>\n<meta property=\"og:site_name\" content=\"LA BRAVA RADIO\" \/>\n<meta property=\"article:published_time\" content=\"2025-08-13T00:13:20+00:00\" \/>\n<meta property=\"article:modified_time\" content=\"2025-08-13T00:13:26+00:00\" \/>\n<meta property=\"og:image\" content=\"https:\/\/www.bbmnoticias.com\/labravaradiofm\/wp-content\/uploads\/sites\/5\/2025\/08\/Presenta-SSO-a-pasantes-de-servicio-social-ante-2.jpeg\" \/>\n\t<meta property=\"og:image:width\" content=\"1280\" \/>\n\t<meta property=\"og:image:height\" content=\"720\" \/>\n\t<meta property=\"og:image:type\" content=\"image\/jpeg\" \/>\n<meta name=\"author\" content=\"Staff\" \/>\n<meta name=\"twitter:card\" content=\"summary_large_image\" \/>\n<meta name=\"twitter:label1\" content=\"Escrito por\" \/>\n\t<meta name=\"twitter:data1\" content=\"Staff\" \/>\n\t<meta name=\"twitter:label2\" content=\"Tiempo de lectura\" \/>\n\t<meta name=\"twitter:data2\" content=\"2 minutos\" \/>\n<script type=\"application\/ld+json\" class=\"yoast-schema-graph\">{\"@context\":\"https:\\\/\\\/schema.org\",\"@graph\":[{\"@type\":\"Article\",\"@id\":\"https:\\\/\\\/www.bbmnoticias.com\\\/blog\\\/2025\\\/08\\\/12\\\/presenta-sso-a-pasantes-de-servicio-social-ante-autoridades-municipales-en-valles-centrales\\\/#article\",\"isPartOf\":{\"@id\":\"https:\\\/\\\/www.bbmnoticias.com\\\/labravaradiofm\\\/2025\\\/08\\\/12\\\/presenta-sso-a-pasantes-de-servicio-social-ante-autoridades-municipales-en-valles-centrales\\\/\"},\"author\":{\"name\":\"Staff\",\"@id\":\"https:\\\/\\\/www.bbmnoticias.com\\\/labravaradiofm\\\/#\\\/schema\\\/person\\\/68a9e9036ef3c5b55aeb2b71dc8bab45\"},\"headline\":\"Presenta SSO a pasantes de servicio social ante autoridades municipales en Valles Centrales\",\"datePublished\":\"2025-08-13T00:13:20+00:00\",\"dateModified\":\"2025-08-13T00:13:26+00:00\",\"mainEntityOfPage\":{\"@id\":\"https:\\\/\\\/www.bbmnoticias.com\\\/labravaradiofm\\\/2025\\\/08\\\/12\\\/presenta-sso-a-pasantes-de-servicio-social-ante-autoridades-municipales-en-valles-centrales\\\/\"},\"wordCount\":351,\"image\":{\"@id\":\"https:\\\/\\\/www.bbmnoticias.com\\\/blog\\\/2025\\\/08\\\/12\\\/presenta-sso-a-pasantes-de-servicio-social-ante-autoridades-municipales-en-valles-centrales\\\/#primaryimage\"},\"thumbnailUrl\":\"https:\\\/\\\/www.bbmnoticias.com\\\/labravaradiofm\\\/wp-content\\\/uploads\\\/sites\\\/5\\\/2025\\\/08\\\/Presenta-SSO-a-pasantes-de-servicio-social-ante-2.jpeg\",\"articleSection\":[\"LOCAL\"],\"inLanguage\":\"es\"},{\"@type\":\"WebPage\",\"@id\":\"https:\\\/\\\/www.bbmnoticias.com\\\/labravaradiofm\\\/2025\\\/08\\\/12\\\/presenta-sso-a-pasantes-de-servicio-social-ante-autoridades-municipales-en-valles-centrales\\\/\",\"url\":\"https:\\\/\\\/www.bbmnoticias.com\\\/blog\\\/2025\\\/08\\\/12\\\/presenta-sso-a-pasantes-de-servicio-social-ante-autoridades-municipales-en-valles-centrales\\\/\",\"name\":\"Presenta SSO a pasantes de servicio social ante autoridades municipales en Valles Centrales - LA BRAVA RADIO\",\"isPartOf\":{\"@id\":\"https:\\\/\\\/www.bbmnoticias.com\\\/labravaradiofm\\\/#website\"},\"primaryImageOfPage\":{\"@id\":\"https:\\\/\\\/www.bbmnoticias.com\\\/blog\\\/2025\\\/08\\\/12\\\/presenta-sso-a-pasantes-de-servicio-social-ante-autoridades-municipales-en-valles-centrales\\\/#primaryimage\"},\"image\":{\"@id\":\"https:\\\/\\\/www.bbmnoticias.com\\\/blog\\\/2025\\\/08\\\/12\\\/presenta-sso-a-pasantes-de-servicio-social-ante-autoridades-municipales-en-valles-centrales\\\/#primaryimage\"},\"thumbnailUrl\":\"https:\\\/\\\/www.bbmnoticias.com\\\/labravaradiofm\\\/wp-content\\\/uploads\\\/sites\\\/5\\\/2025\\\/08\\\/Presenta-SSO-a-pasantes-de-servicio-social-ante-2.jpeg\",\"datePublished\":\"2025-08-13T00:13:20+00:00\",\"dateModified\":\"2025-08-13T00:13:26+00:00\",\"author\":{\"@id\":\"https:\\\/\\\/www.bbmnoticias.com\\\/labravaradiofm\\\/#\\\/schema\\\/person\\\/68a9e9036ef3c5b55aeb2b71dc8bab45\"},\"breadcrumb\":{\"@id\":\"https:\\\/\\\/www.bbmnoticias.com\\\/blog\\\/2025\\\/08\\\/12\\\/presenta-sso-a-pasantes-de-servicio-social-ante-autoridades-municipales-en-valles-centrales\\\/#breadcrumb\"},\"inLanguage\":\"es\",\"potentialAction\":[{\"@type\":\"ReadAction\",\"target\":[\"https:\\\/\\\/www.bbmnoticias.com\\\/blog\\\/2025\\\/08\\\/12\\\/presenta-sso-a-pasantes-de-servicio-social-ante-autoridades-municipales-en-valles-centrales\\\/\"]}]},{\"@type\":\"ImageObject\",\"inLanguage\":\"es\",\"@id\":\"https:\\\/\\\/www.bbmnoticias.com\\\/blog\\\/2025\\\/08\\\/12\\\/presenta-sso-a-pasantes-de-servicio-social-ante-autoridades-municipales-en-valles-centrales\\\/#primaryimage\",\"url\":\"https:\\\/\\\/www.bbmnoticias.com\\\/labravaradiofm\\\/wp-content\\\/uploads\\\/sites\\\/5\\\/2025\\\/08\\\/Presenta-SSO-a-pasantes-de-servicio-social-ante-2.jpeg\",\"contentUrl\":\"https:\\\/\\\/www.bbmnoticias.com\\\/labravaradiofm\\\/wp-content\\\/uploads\\\/sites\\\/5\\\/2025\\\/08\\\/Presenta-SSO-a-pasantes-de-servicio-social-ante-2.jpeg\",\"width\":1280,\"height\":720},{\"@type\":\"BreadcrumbList\",\"@id\":\"https:\\\/\\\/www.bbmnoticias.com\\\/blog\\\/2025\\\/08\\\/12\\\/presenta-sso-a-pasantes-de-servicio-social-ante-autoridades-municipales-en-valles-centrales\\\/#breadcrumb\",\"itemListElement\":[{\"@type\":\"ListItem\",\"position\":1,\"name\":\"Inicio\",\"item\":\"https:\\\/\\\/www.bbmnoticias.com\\\/labravaradiofm\\\/\"},{\"@type\":\"ListItem\",\"position\":2,\"name\":\"Presenta SSO a pasantes de servicio social ante autoridades municipales en Valles Centrales\"}]},{\"@type\":\"WebSite\",\"@id\":\"https:\\\/\\\/www.bbmnoticias.com\\\/labravaradiofm\\\/#website\",\"url\":\"https:\\\/\\\/www.bbmnoticias.com\\\/labravaradiofm\\\/\",\"name\":\"LA BRAVA RADIO\",\"description\":\"Empresa productora de medios, Radiodifusi\u00f3n, Noticias, tendencias y todo lo que necesitas saber de la pol\u00edtica mexicana e internacional; entretenimiento, espect\u00e1culos, salud y mucho m\u00e1s.\",\"potentialAction\":[{\"@type\":\"SearchAction\",\"target\":{\"@type\":\"EntryPoint\",\"urlTemplate\":\"https:\\\/\\\/www.bbmnoticias.com\\\/labravaradiofm\\\/?s={search_term_string}\"},\"query-input\":{\"@type\":\"PropertyValueSpecification\",\"valueRequired\":true,\"valueName\":\"search_term_string\"}}],\"inLanguage\":\"es\"},{\"@type\":\"Person\",\"@id\":\"https:\\\/\\\/www.bbmnoticias.com\\\/labravaradiofm\\\/#\\\/schema\\\/person\\\/68a9e9036ef3c5b55aeb2b71dc8bab45\",\"name\":\"Staff\",\"image\":{\"@type\":\"ImageObject\",\"inLanguage\":\"es\",\"@id\":\"https:\\\/\\\/secure.gravatar.com\\\/avatar\\\/fdd21ad66fd8b98c407f9dee5b5e588cfe7f0d8579ec20fa6527cd59bab7f0f0?s=96&d=mm&r=g\",\"url\":\"https:\\\/\\\/secure.gravatar.com\\\/avatar\\\/fdd21ad66fd8b98c407f9dee5b5e588cfe7f0d8579ec20fa6527cd59bab7f0f0?s=96&d=mm&r=g\",\"contentUrl\":\"https:\\\/\\\/secure.gravatar.com\\\/avatar\\\/fdd21ad66fd8b98c407f9dee5b5e588cfe7f0d8579ec20fa6527cd59bab7f0f0?s=96&d=mm&r=g\",\"caption\":\"Staff\"},\"url\":\"https:\\\/\\\/www.bbmnoticias.com\\\/labravaradiofm\\\/author\\\/redaccion\\\/\"}]}<\/script>\n<!-- \/ Yoast SEO plugin. -->","yoast_head_json":{"title":"Presenta SSO a pasantes de servicio social ante autoridades municipales en Valles Centrales - LA BRAVA RADIO","robots":{"index":"index","follow":"follow","max-snippet":"max-snippet:-1","max-image-preview":"max-image-preview:large","max-video-preview":"max-video-preview:-1"},"canonical":"https:\/\/www.bbmnoticias.com\/blog\/2025\/08\/12\/presenta-sso-a-pasantes-de-servicio-social-ante-autoridades-municipales-en-valles-centrales\/","og_locale":"es_MX","og_type":"article","og_title":"Presenta SSO a pasantes de servicio social ante autoridades municipales en Valles Centrales - LA BRAVA RADIO","og_description":"Oaxaca de Ju\u00e1rez, Oax., 12 de agosto de 2025.-Servicios de Salud de Oaxaca (SSO) a trav\u00e9s de la Jurisdicci\u00f3n Sanitaria 1 Valles Centrales, present\u00f3 a 542 pasantes de las carreras de medicina, enfermer\u00eda, odontolog\u00eda, psicolog\u00eda, nutrici\u00f3n, terapia f\u00edsica y ocupacional, quienes se integran al fortalecimiento de la red m\u00e9dica de IMSS-Bienestar en las localidades de [&hellip;]","og_url":"https:\/\/www.bbmnoticias.com\/blog\/2025\/08\/12\/presenta-sso-a-pasantes-de-servicio-social-ante-autoridades-municipales-en-valles-centrales\/","og_site_name":"LA BRAVA RADIO","article_published_time":"2025-08-13T00:13:20+00:00","article_modified_time":"2025-08-13T00:13:26+00:00","og_image":[{"width":1280,"height":720,"url":"https:\/\/www.bbmnoticias.com\/labravaradiofm\/wp-content\/uploads\/sites\/5\/2025\/08\/Presenta-SSO-a-pasantes-de-servicio-social-ante-2.jpeg","type":"image\/jpeg"}],"author":"Staff","twitter_card":"summary_large_image","twitter_misc":{"Escrito por":"Staff","Tiempo de lectura":"2 minutos"},"schema":{"@context":"https:\/\/schema.org","@graph":[{"@type":"Article","@id":"https:\/\/www.bbmnoticias.com\/blog\/2025\/08\/12\/presenta-sso-a-pasantes-de-servicio-social-ante-autoridades-municipales-en-valles-centrales\/#article","isPartOf":{"@id":"https:\/\/www.bbmnoticias.com\/labravaradiofm\/2025\/08\/12\/presenta-sso-a-pasantes-de-servicio-social-ante-autoridades-municipales-en-valles-centrales\/"},"author":{"name":"Staff","@id":"https:\/\/www.bbmnoticias.com\/labravaradiofm\/#\/schema\/person\/68a9e9036ef3c5b55aeb2b71dc8bab45"},"headline":"Presenta SSO a pasantes de servicio social ante autoridades municipales en Valles Centrales","datePublished":"2025-08-13T00:13:20+00:00","dateModified":"2025-08-13T00:13:26+00:00","mainEntityOfPage":{"@id":"https:\/\/www.bbmnoticias.com\/labravaradiofm\/2025\/08\/12\/presenta-sso-a-pasantes-de-servicio-social-ante-autoridades-municipales-en-valles-centrales\/"},"wordCount":351,"image":{"@id":"https:\/\/www.bbmnoticias.com\/blog\/2025\/08\/12\/presenta-sso-a-pasantes-de-servicio-social-ante-autoridades-municipales-en-valles-centrales\/#primaryimage"},"thumbnailUrl":"https:\/\/www.bbmnoticias.com\/labravaradiofm\/wp-content\/uploads\/sites\/5\/2025\/08\/Presenta-SSO-a-pasantes-de-servicio-social-ante-2.jpeg","articleSection":["LOCAL"],"inLanguage":"es"},{"@type":"WebPage","@id":"https:\/\/www.bbmnoticias.com\/labravaradiofm\/2025\/08\/12\/presenta-sso-a-pasantes-de-servicio-social-ante-autoridades-municipales-en-valles-centrales\/","url":"https:\/\/www.bbmnoticias.com\/blog\/2025\/08\/12\/presenta-sso-a-pasantes-de-servicio-social-ante-autoridades-municipales-en-valles-centrales\/","name":"Presenta SSO a pasantes de servicio social ante autoridades municipales en Valles Centrales - LA BRAVA RADIO","isPartOf":{"@id":"https:\/\/www.bbmnoticias.com\/labravaradiofm\/#website"},"primaryImageOfPage":{"@id":"https:\/\/www.bbmnoticias.com\/blog\/2025\/08\/12\/presenta-sso-a-pasantes-de-servicio-social-ante-autoridades-municipales-en-valles-centrales\/#primaryimage"},"image":{"@id":"https:\/\/www.bbmnoticias.com\/blog\/2025\/08\/12\/presenta-sso-a-pasantes-de-servicio-social-ante-autoridades-municipales-en-valles-centrales\/#primaryimage"},"thumbnailUrl":"https:\/\/www.bbmnoticias.com\/labravaradiofm\/wp-content\/uploads\/sites\/5\/2025\/08\/Presenta-SSO-a-pasantes-de-servicio-social-ante-2.jpeg","datePublished":"2025-08-13T00:13:20+00:00","dateModified":"2025-08-13T00:13:26+00:00","author":{"@id":"https:\/\/www.bbmnoticias.com\/labravaradiofm\/#\/schema\/person\/68a9e9036ef3c5b55aeb2b71dc8bab45"},"breadcrumb":{"@id":"https:\/\/www.bbmnoticias.com\/blog\/2025\/08\/12\/presenta-sso-a-pasantes-de-servicio-social-ante-autoridades-municipales-en-valles-centrales\/#breadcrumb"},"inLanguage":"es","potentialAction":[{"@type":"ReadAction","target":["https:\/\/www.bbmnoticias.com\/blog\/2025\/08\/12\/presenta-sso-a-pasantes-de-servicio-social-ante-autoridades-municipales-en-valles-centrales\/"]}]},{"@type":"ImageObject","inLanguage":"es","@id":"https:\/\/www.bbmnoticias.com\/blog\/2025\/08\/12\/presenta-sso-a-pasantes-de-servicio-social-ante-autoridades-municipales-en-valles-centrales\/#primaryimage","url":"https:\/\/www.bbmnoticias.com\/labravaradiofm\/wp-content\/uploads\/sites\/5\/2025\/08\/Presenta-SSO-a-pasantes-de-servicio-social-ante-2.jpeg","contentUrl":"https:\/\/www.bbmnoticias.com\/labravaradiofm\/wp-content\/uploads\/sites\/5\/2025\/08\/Presenta-SSO-a-pasantes-de-servicio-social-ante-2.jpeg","width":1280,"height":720},{"@type":"BreadcrumbList","@id":"https:\/\/www.bbmnoticias.com\/blog\/2025\/08\/12\/presenta-sso-a-pasantes-de-servicio-social-ante-autoridades-municipales-en-valles-centrales\/#breadcrumb","itemListElement":[{"@type":"ListItem","position":1,"name":"Inicio","item":"https:\/\/www.bbmnoticias.com\/labravaradiofm\/"},{"@type":"ListItem","position":2,"name":"Presenta SSO a pasantes de servicio social ante autoridades municipales en Valles Centrales"}]},{"@type":"WebSite","@id":"https:\/\/www.bbmnoticias.com\/labravaradiofm\/#website","url":"https:\/\/www.bbmnoticias.com\/labravaradiofm\/","name":"LA BRAVA RADIO","description":"Empresa productora de medios, Radiodifusi\u00f3n, Noticias, tendencias y todo lo que necesitas saber de la pol\u00edtica mexicana e internacional; entretenimiento, espect\u00e1culos, salud y mucho m\u00e1s.","potentialAction":[{"@type":"SearchAction","target":{"@type":"EntryPoint","urlTemplate":"https:\/\/www.bbmnoticias.com\/labravaradiofm\/?s={search_term_string}"},"query-input":{"@type":"PropertyValueSpecification","valueRequired":true,"valueName":"search_term_string"}}],"inLanguage":"es"},{"@type":"Person","@id":"https:\/\/www.bbmnoticias.com\/labravaradiofm\/#\/schema\/person\/68a9e9036ef3c5b55aeb2b71dc8bab45","name":"Staff","image":{"@type":"ImageObject","inLanguage":"es","@id":"https:\/\/secure.gravatar.com\/avatar\/fdd21ad66fd8b98c407f9dee5b5e588cfe7f0d8579ec20fa6527cd59bab7f0f0?s=96&d=mm&r=g","url":"https:\/\/secure.gravatar.com\/avatar\/fdd21ad66fd8b98c407f9dee5b5e588cfe7f0d8579ec20fa6527cd59bab7f0f0?s=96&d=mm&r=g","contentUrl":"https:\/\/secure.gravatar.com\/avatar\/fdd21ad66fd8b98c407f9dee5b5e588cfe7f0d8579ec20fa6527cd59bab7f0f0?s=96&d=mm&r=g","caption":"Staff"},"url":"https:\/\/www.bbmnoticias.com\/labravaradiofm\/author\/redaccion\/"}]}},"_links":{"self":[{"href":"https:\/\/www.bbmnoticias.com\/labravaradiofm\/wp-json\/wp\/v2\/posts\/64904","targetHints":{"allow":["GET"]}}],"collection":[{"href":"https:\/\/www.bbmnoticias.com\/labravaradiofm\/wp-json\/wp\/v2\/posts"}],"about":[{"href":"https:\/\/www.bbmnoticias.com\/labravaradiofm\/wp-json\/wp\/v2\/types\/post"}],"author":[{"embeddable":true,"href":"https:\/\/www.bbmnoticias.com\/labravaradiofm\/wp-json\/wp\/v2\/users\/2"}],"replies":[{"embeddable":true,"href":"https:\/\/www.bbmnoticias.com\/labravaradiofm\/wp-json\/wp\/v2\/comments?post=64904"}],"version-history":[{"count":0,"href":"https:\/\/www.bbmnoticias.com\/labravaradiofm\/wp-json\/wp\/v2\/posts\/64904\/revisions"}],"wp:featuredmedia":[{"embeddable":true,"href":"https:\/\/www.bbmnoticias.com\/labravaradiofm\/wp-json\/wp\/v2\/media\/64906"}],"wp:attachment":[{"href":"https:\/\/www.bbmnoticias.com\/labravaradiofm\/wp-json\/wp\/v2\/media?parent=64904"}],"wp:term":[{"taxonomy":"category","embeddable":true,"href":"https:\/\/www.bbmnoticias.com\/labravaradiofm\/wp-json\/wp\/v2\/categories?post=64904"},{"taxonomy":"post_tag","embeddable":true,"href":"https:\/\/www.bbmnoticias.com\/labravaradiofm\/wp-json\/wp\/v2\/tags?post=64904"}],"curies":[{"name":"wp","href":"https:\/\/api.w.org\/{rel}","templated":true}]}}